{"id":3871,"date":"2021-02-28T14:50:02","date_gmt":"2021-02-28T13:50:02","guid":{"rendered":"https:\/\/www.umweltperspektiven.ch\/?p=3871"},"modified":"2022-02-09T11:05:31","modified_gmt":"2022-02-09T10:05:31","slug":"aelteste-kva-der-schweiz-hat-ausgedient","status":"publish","type":"post","link":"https:\/\/www.organisator.ch\/fr\/sustainability\/2021-02-28\/aelteste-kva-der-schweiz-hat-ausgedient\/","title":{"rendered":"La plus ancienne UIOM de Suisse a fait son temps"},"content":{"rendered":"<figure id=\"attachment_3872\" aria-describedby=\"caption-attachment-3872\" style=\"width: 680px\" class=\"wp-caption aligncenter\"><img loading=\"lazy\" decoding=\"async\" class=\"size-medium wp-image-3872\" src=\"\/\/www.umweltperspektiven.ch\/wp-content\/uploads\/2021\/02\/Josefstrasse-neu.jpeg\" alt=\"\" width=\"680\" height=\"453\" \/><figcaption id=\"caption-attachment-3872\" class=\"wp-caption-text\">Environ 120 000 tonnes de d\u00e9chets \u00e9taient recycl\u00e9es chaque ann\u00e9e dans l'usine de la Josefstrasse.<br \/>Photo : ERZ<\/figcaption><\/figure>\n<p>L'usine d'incin\u00e9ration des ordures m\u00e9nag\u00e8res (UIOM) de la Josefstrasse a atteint la fin de sa dur\u00e9e de vie et son autorisation d'exploitation arrive \u00e0 \u00e9ch\u00e9ance. Elle sera donc utilis\u00e9e pour la derni\u00e8re fois fin mars 2021 pour l'incin\u00e9ration des d\u00e9chets, puis d\u00e9saffect\u00e9e et partiellement d\u00e9molie. A partir de cette date, l'approvisionnement en \u00e9nergie de la zone de chauffage urbain de Zurich-Ouest sera assur\u00e9 par la nouvelle centrale \u00e9nerg\u00e9tique Josefstrasse. Deux chaudi\u00e8res \u00e0 gaz y sont actuellement install\u00e9es et mises en service. Jusqu'\u00e0 fin 2021, la centrale \u00e9nerg\u00e9tique fonctionnera exclusivement \u00e0 l'\u00e9nergie fossile. A partir de 2022, l'eau chaude pour le r\u00e9seau de chauffage \u00e0 distance de Zurich-Ouest sera fournie par l'usine de Hagenholz via la nouvelle conduite de liaison d'environ 6 km de long. L'\u00e9nergie fossile sera utilis\u00e9e \u00e0 partir de janvier 2022 principalement pour la couverture des pics ainsi que comme niveau de repli. En cas de p\u00e9nurie de gaz, les chaudi\u00e8res pourront \u00e9galement \u00eatre converties au mazout. La ville de Zurich souhaite toutefois continuer \u00e0 utiliser le moins possible d'\u00e9nergies fossiles pour la production de chauffage urbain pendant les p\u00e9riodes de pointe et travaille sur des \u00e9tudes en ce sens.<\/p>\n<p><strong>Une premi\u00e8re en Suisse lors de l'ouverture en 1904<\/strong><\/p>\n<p>L'usine de la Josefstrasse est situ\u00e9e au c\u0153ur du Kreis 5, un quartier dens\u00e9ment construit, et fournit de l'\u00e9nergie \u00e0 environ 80% des immeubles de la zone de chauffage urbain de Zurich-Ouest, dont la Prime Tower et l'Europaallee. Cependant, lorsque l'incin\u00e9ration des ordures m\u00e9nag\u00e8res a commenc\u00e9 \u00e0 la Josefstrasse en 1904, l'usine \u00e9tait encore entour\u00e9e de prairies et de champs. L'usine de la Josefstrasse \u00e9tait la premi\u00e8re UIOM de Suisse. Pendant longtemps encore, il \u00e9tait courant d'\u00e9liminer les d\u00e9chets dans des d\u00e9charges. Environ deux d\u00e9cennies apr\u00e8s sa mise en service, en 1928, la ville de Zurich a commenc\u00e9 \u00e0 utiliser la chaleur r\u00e9siduelle de l'usine Josefstrasse comme source d'\u00e9nergie et \u00e0 la fournir aux m\u00e9nages ainsi qu'aux entreprises du centre-ville.<\/p>\n<p><strong>Assurer l'approvisionnement en chauffage urbain de Zurich-Ouest<\/strong><\/p>\n<p>Depuis 2011, l'UIOM Josefstrasse n'\u00e9tait plus prise en compte dans la planification cantonale des d\u00e9chets en raison de surcapacit\u00e9s. Afin de continuer \u00e0 approvisionner la zone de chauffage \u00e0 distance de l'ouest de Zurich, l'installation a n\u00e9anmoins \u00e9t\u00e9 maintenue. Au cours des dix derni\u00e8res ann\u00e9es, l'UIOM Josefstrasse a \u00e9t\u00e9 exploit\u00e9e par Fernw\u00e4rme Z\u00fcrich AG, une entreprise commune de la ville de Zurich et du fournisseur d'\u00e9nergie allemand EnBW Energie Baden-W\u00fcrttemberg AG. Les d\u00e9chets recycl\u00e9s provenaient principalement du sud de l'Allemagne. Le site\u00a0<a href=\"\/\/www.stadt-zuerich.ch\/portal\/de\/index\/politik_u_recht\/abstimmungen_u_wahlen\/archiv_abstimmungen\/vergangene_termine\/180923.html\">Projet d'extension du chauffage urbain<\/a>En 2018, les \u00e9lecteurs ont approuv\u00e9 \u00e0 83% le projet de loi sur l'\u00e9nergie, qui comprenait \u00e9galement la construction de la centrale \u00e9nerg\u00e9tique, le d\u00e9mant\u00e8lement de l'UIOM Josefstrasse et les premi\u00e8res \u00e9tapes de l'extension de l'approvisionnement en chauffage urbain.<\/p>\n<p><strong>Les espaces lib\u00e9r\u00e9s sont r\u00e9utilis\u00e9s<\/strong><strong>\u00a0<\/strong><\/p>\n<p>Les sites de l'actuelle usine Josefstrasse et de la blanchisserie centrale voisine, d\u00e9j\u00e0 d\u00e9saffect\u00e9e, forment ensemble le Josef-Areal, une surface totale de 20 000 m2. La centrale \u00e9nerg\u00e9tique occupera 4000 m2. Sous la direction de l'Office de l'urbanisme, un concept de d\u00e9veloppement est actuellement en cours d'\u00e9laboration pour la construction et l'utilisation du reste de la surface disponible. L'imposante chemin\u00e9e de l'usine, haute d'environ 90 m\u00e8tres, sera toujours n\u00e9cessaire \u00e0 la centrale \u00e9nerg\u00e9tique et ne sera donc pas d\u00e9molie. De ce fait, la chemin\u00e9e qui y est attach\u00e9e sera \u00e9galement conserv\u00e9e.\u00a0<a href=\"\/\/www.stadt-zuerich.ch\/ted\/de\/index\/gsz\/beratung-und-wissen\/tier-und-mensch\/falkenkamera.html\">Nid de faucon<\/a>\u00a0qui abrite souvent des rapaces nicheurs et qui est tr\u00e8s populaire aupr\u00e8s de la population.<\/p>\n<p><em>Source : Ville de Zurich, d\u00e9partement des travaux publics et de l'\u00e9limination des d\u00e9chets<\/em><\/p>\n<p>&nbsp;<\/p>\n<figure id=\"attachment_3873\" aria-describedby=\"caption-attachment-3873\" style=\"width: 680px\" class=\"wp-caption aligncenter\"><img loading=\"lazy\" decoding=\"async\" class=\"size-medium wp-image-3873\" src=\"\/\/www.umweltperspektiven.ch\/wp-content\/uploads\/2021\/02\/Josefstrasse.jpeg\" alt=\"\" width=\"680\" height=\"501\" \/><figcaption id=\"caption-attachment-3873\" class=\"wp-caption-text\">Lorsque l'usine Josefstrasse a \u00e9t\u00e9 construite en 1904 derri\u00e8re le viaduc d'Aussersihler, elle se trouvait encore \u00e0 la p\u00e9riph\u00e9rie de Zurich.<br \/>\u00a9 Biblioth\u00e8que nationale suisse \/ Wikimedia Commons<\/figcaption><\/figure>","protected":false},"excerpt":{"rendered":"<p>Die Kehrichtverwertungsanlage (KVA) Josefstrasse hat das Ende ihrer Lebensdauer erreicht, und ihre Betriebsbewilligung l\u00e4uft aus. Sie wird deshalb Ende M\u00e4rz 2021 letztmals f\u00fcr die Abfallverbrennung genutzt, anschliessend stillgelegt und teilweise abgerissen. Die Energieversorgung des Fernw\u00e4rmegebiets Z\u00fcrich-West wird ab diesem Zeitpunkt \u00fcber die neue Energiezentrale Josefstrasse sichergestellt. Dort werden gegenw\u00e4rtig zwei Gaskessel installiert und in Betrieb [&hellip;]<\/p>\n","protected":false},"author":6,"featured_media":9767,"comment_status":"closed","ping_status":"closed","sticky":false,"template":"","format":"standard","meta":{"_acf_changed":false,"_yoast_wpseo_focuskw":"Werk Josefstrasse","_yoast_wpseo_metadesc":"Nach \u00fcber hundert Jahren Betrieb ist Schluss: Im Werk Josefstrasse in der Stadt Z\u00fcrich wird Ende M\u00e4rz die letzte Tonne Kehricht verbrannt.","articlekey":"","footnotes":""},"categories":[580],"tags":[1165,1580,2555],"class_list":["post-3871","post","type-post","status-publish","format-standard","has-post-thumbnail","hentry","category-sustainability","tag-fernwaerme","tag-kva","tag-werk-josefstrasse"],"acf":[],"yoast_head":"<!-- This site is optimized with the Yoast SEO plugin v27.5 - https:\/\/yoast.com\/product\/yoast-seo-wordpress\/ -->\n<title>\u00c4lteste KVA der Schweiz hat ausgedient - Organisator<\/title>\n<meta name=\"description\" content=\"Nach \u00fcber hundert Jahren Betrieb ist Schluss: Im Werk Josefstrasse in der Stadt Z\u00fcrich wird Ende M\u00e4rz die letzte Tonne Kehricht verbrannt.\" \/>\n<meta name=\"robots\" content=\"index, follow, max-snippet:-1, max-image-preview:large, max-video-preview:-1\" \/>\n<link rel=\"canonical\" href=\"https:\/\/www.organisator.ch\/fr\/sustainability\/2021-02-28\/aelteste-kva-der-schweiz-hat-ausgedient\/\" \/>\n<meta property=\"og:locale\" content=\"fr_FR\" \/>\n<meta property=\"og:type\" content=\"article\" \/>\n<meta property=\"og:title\" content=\"\u00c4lteste KVA der Schweiz hat ausgedient - Organisator\" \/>\n<meta property=\"og:description\" content=\"Nach \u00fcber hundert Jahren Betrieb ist Schluss: Im Werk Josefstrasse in der Stadt Z\u00fcrich wird Ende M\u00e4rz die letzte Tonne Kehricht verbrannt.\" \/>\n<meta property=\"og:url\" content=\"https:\/\/www.organisator.ch\/fr\/sustainability\/2021-02-28\/aelteste-kva-der-schweiz-hat-ausgedient\/\" \/>\n<meta property=\"og:site_name\" content=\"Organisator\" \/>\n<meta property=\"article:publisher\" content=\"https:\/\/www.facebook.com\/OrganisatorFachmagazin\" \/>\n<meta property=\"article:published_time\" content=\"2021-02-28T13:50:02+00:00\" \/>\n<meta property=\"article:modified_time\" content=\"2022-02-09T10:05:31+00:00\" \/>\n<meta property=\"og:image\" content=\"https:\/\/www.organisator.ch\/wp-content\/uploads\/2021\/02\/Josefstrasse-neu.jpeg\" \/>\n\t<meta property=\"og:image:width\" content=\"1280\" \/>\n\t<meta property=\"og:image:height\" content=\"853\" \/>\n\t<meta property=\"og:image:type\" content=\"image\/jpeg\" \/>\n<meta name=\"author\" content=\"roger.straessle\" \/>\n<meta name=\"twitter:card\" content=\"summary_large_image\" \/>\n<script type=\"application\/ld+json\" class=\"yoast-schema-graph\">{\"@context\":\"https:\\\/\\\/schema.org\",\"@graph\":[{\"@type\":\"Article\",\"@id\":\"https:\\\/\\\/www.organisator.ch\\\/sustainability\\\/2021-02-28\\\/aelteste-kva-der-schweiz-hat-ausgedient\\\/#article\",\"isPartOf\":{\"@id\":\"https:\\\/\\\/www.organisator.ch\\\/sustainability\\\/2021-02-28\\\/aelteste-kva-der-schweiz-hat-ausgedient\\\/\"},\"author\":{\"name\":\"roger.straessle\",\"@id\":\"https:\\\/\\\/www.organisator.ch\\\/#\\\/schema\\\/person\\\/a800b8c54e208b160517a7dcc323161d\"},\"headline\":\"\u00c4lteste KVA der Schweiz hat ausgedient\",\"datePublished\":\"2021-02-28T13:50:02+00:00\",\"dateModified\":\"2022-02-09T10:05:31+00:00\",\"mainEntityOfPage\":{\"@id\":\"https:\\\/\\\/www.organisator.ch\\\/sustainability\\\/2021-02-28\\\/aelteste-kva-der-schweiz-hat-ausgedient\\\/\"},\"wordCount\":563,\"publisher\":{\"@id\":\"https:\\\/\\\/www.organisator.ch\\\/#organization\"},\"image\":{\"@id\":\"https:\\\/\\\/www.organisator.ch\\\/sustainability\\\/2021-02-28\\\/aelteste-kva-der-schweiz-hat-ausgedient\\\/#primaryimage\"},\"thumbnailUrl\":\"https:\\\/\\\/www.organisator.ch\\\/wp-content\\\/uploads\\\/2021\\\/02\\\/Josefstrasse-neu.jpeg\",\"keywords\":[\"Fernw\u00e4rme\",\"KVA\",\"Werk Josefstrasse\"],\"articleSection\":[\"SUSTAINABILITY\"],\"inLanguage\":\"fr-FR\"},{\"@type\":\"WebPage\",\"@id\":\"https:\\\/\\\/www.organisator.ch\\\/sustainability\\\/2021-02-28\\\/aelteste-kva-der-schweiz-hat-ausgedient\\\/\",\"url\":\"https:\\\/\\\/www.organisator.ch\\\/sustainability\\\/2021-02-28\\\/aelteste-kva-der-schweiz-hat-ausgedient\\\/\",\"name\":\"\u00c4lteste KVA der Schweiz hat ausgedient - Organisator\",\"isPartOf\":{\"@id\":\"https:\\\/\\\/www.organisator.ch\\\/#website\"},\"primaryImageOfPage\":{\"@id\":\"https:\\\/\\\/www.organisator.ch\\\/sustainability\\\/2021-02-28\\\/aelteste-kva-der-schweiz-hat-ausgedient\\\/#primaryimage\"},\"image\":{\"@id\":\"https:\\\/\\\/www.organisator.ch\\\/sustainability\\\/2021-02-28\\\/aelteste-kva-der-schweiz-hat-ausgedient\\\/#primaryimage\"},\"thumbnailUrl\":\"https:\\\/\\\/www.organisator.ch\\\/wp-content\\\/uploads\\\/2021\\\/02\\\/Josefstrasse-neu.jpeg\",\"datePublished\":\"2021-02-28T13:50:02+00:00\",\"dateModified\":\"2022-02-09T10:05:31+00:00\",\"description\":\"Nach \u00fcber hundert Jahren Betrieb ist Schluss: Im Werk Josefstrasse in der Stadt Z\u00fcrich wird Ende M\u00e4rz die letzte Tonne Kehricht verbrannt.\",\"breadcrumb\":{\"@id\":\"https:\\\/\\\/www.organisator.ch\\\/sustainability\\\/2021-02-28\\\/aelteste-kva-der-schweiz-hat-ausgedient\\\/#breadcrumb\"},\"inLanguage\":\"fr-FR\",\"potentialAction\":[{\"@type\":\"ReadAction\",\"target\":[\"https:\\\/\\\/www.organisator.ch\\\/sustainability\\\/2021-02-28\\\/aelteste-kva-der-schweiz-hat-ausgedient\\\/\"]}]},{\"@type\":\"ImageObject\",\"inLanguage\":\"fr-FR\",\"@id\":\"https:\\\/\\\/www.organisator.ch\\\/sustainability\\\/2021-02-28\\\/aelteste-kva-der-schweiz-hat-ausgedient\\\/#primaryimage\",\"url\":\"https:\\\/\\\/www.organisator.ch\\\/wp-content\\\/uploads\\\/2021\\\/02\\\/Josefstrasse-neu.jpeg\",\"contentUrl\":\"https:\\\/\\\/www.organisator.ch\\\/wp-content\\\/uploads\\\/2021\\\/02\\\/Josefstrasse-neu.jpeg\",\"width\":1280,\"height\":853,\"caption\":\"Rund 120'000 Tonnen Abfall wurden im Werk Josefstrasse pro Jahr verwertet. Foto: ERZ\"},{\"@type\":\"BreadcrumbList\",\"@id\":\"https:\\\/\\\/www.organisator.ch\\\/sustainability\\\/2021-02-28\\\/aelteste-kva-der-schweiz-hat-ausgedient\\\/#breadcrumb\",\"itemListElement\":[{\"@type\":\"ListItem\",\"position\":1,\"name\":\"Home\",\"item\":\"https:\\\/\\\/www.organisator.ch\\\/\"},{\"@type\":\"ListItem\",\"position\":2,\"name\":\"\u00c4lteste KVA der Schweiz hat ausgedient\"}]},{\"@type\":\"WebSite\",\"@id\":\"https:\\\/\\\/www.organisator.ch\\\/#website\",\"url\":\"https:\\\/\\\/www.organisator.ch\\\/\",\"name\":\"Organisator\",\"description\":\"Kompetent. Praxisnah. Der ORGANISATOR bereitet in 10 Ausgaben pro Jahr die wesentlichen Themen f\u00fcr F\u00fchrungskr\u00e4fte von KMU auf.\",\"publisher\":{\"@id\":\"https:\\\/\\\/www.organisator.ch\\\/#organization\"},\"potentialAction\":[{\"@type\":\"SearchAction\",\"target\":{\"@type\":\"EntryPoint\",\"urlTemplate\":\"https:\\\/\\\/www.organisator.ch\\\/?s={search_term_string}\"},\"query-input\":{\"@type\":\"PropertyValueSpecification\",\"valueRequired\":true,\"valueName\":\"search_term_string\"}}],\"inLanguage\":\"fr-FR\"},{\"@type\":\"Organization\",\"@id\":\"https:\\\/\\\/www.organisator.ch\\\/#organization\",\"name\":\"Organisator\",\"url\":\"https:\\\/\\\/www.organisator.ch\\\/\",\"logo\":{\"@type\":\"ImageObject\",\"inLanguage\":\"fr-FR\",\"@id\":\"https:\\\/\\\/www.organisator.ch\\\/#\\\/schema\\\/logo\\\/image\\\/\",\"url\":\"https:\\\/\\\/www.organisator.ch\\\/wp-content\\\/uploads\\\/2022\\\/01\\\/Logo_Organisator_Website.png\",\"contentUrl\":\"https:\\\/\\\/www.organisator.ch\\\/wp-content\\\/uploads\\\/2022\\\/01\\\/Logo_Organisator_Website.png\",\"width\":800,\"height\":77,\"caption\":\"Organisator\"},\"image\":{\"@id\":\"https:\\\/\\\/www.organisator.ch\\\/#\\\/schema\\\/logo\\\/image\\\/\"},\"sameAs\":[\"https:\\\/\\\/www.facebook.com\\\/OrganisatorFachmagazin\",\"https:\\\/\\\/www.linkedin.com\\\/showcase\\\/organisator-das-magazin-fr-kmu\",\"https:\\\/\\\/www.xing.com\\\/news\\\/pages\\\/organisator-ch-695\",\"https:\\\/\\\/www.youtube.com\\\/channel\\\/UCGP2Sq0iWaZwT3BdIAQFYpw\"]},{\"@type\":\"Person\",\"@id\":\"https:\\\/\\\/www.organisator.ch\\\/#\\\/schema\\\/person\\\/a800b8c54e208b160517a7dcc323161d\",\"name\":\"roger.straessle\",\"image\":{\"@type\":\"ImageObject\",\"inLanguage\":\"fr-FR\",\"@id\":\"https:\\\/\\\/secure.gravatar.com\\\/avatar\\\/?s=96&d=mm&r=g\",\"url\":\"https:\\\/\\\/secure.gravatar.com\\\/avatar\\\/?s=96&d=mm&r=g\",\"contentUrl\":\"https:\\\/\\\/secure.gravatar.com\\\/avatar\\\/?s=96&d=mm&r=g\",\"caption\":\"roger.straessle\"},\"url\":\"https:\\\/\\\/www.organisator.ch\\\/fr\\\/author\\\/roger-straessle\\\/\"}]}<\/script>\n<!-- \/ Yoast SEO plugin. -->","yoast_head_json":{"title":"La plus ancienne UIOM de Suisse a fait son temps - Organisateur","description":"Apr\u00e8s plus de cent ans d'exploitation, c'est la fin : La derni\u00e8re tonne d'ordures m\u00e9nag\u00e8res sera incin\u00e9r\u00e9e fin mars dans l'usine de la Josefstrasse, en ville de Zurich.","robots":{"index":"index","follow":"follow","max-snippet":"max-snippet:-1","max-image-preview":"max-image-preview:large","max-video-preview":"max-video-preview:-1"},"canonical":"https:\/\/www.organisator.ch\/fr\/sustainability\/2021-02-28\/aelteste-kva-der-schweiz-hat-ausgedient\/","og_locale":"fr_FR","og_type":"article","og_title":"\u00c4lteste KVA der Schweiz hat ausgedient - Organisator","og_description":"Nach \u00fcber hundert Jahren Betrieb ist Schluss: Im Werk Josefstrasse in der Stadt Z\u00fcrich wird Ende M\u00e4rz die letzte Tonne Kehricht verbrannt.","og_url":"https:\/\/www.organisator.ch\/fr\/sustainability\/2021-02-28\/aelteste-kva-der-schweiz-hat-ausgedient\/","og_site_name":"Organisator","article_publisher":"https:\/\/www.facebook.com\/OrganisatorFachmagazin","article_published_time":"2021-02-28T13:50:02+00:00","article_modified_time":"2022-02-09T10:05:31+00:00","og_image":[{"width":1280,"height":853,"url":"https:\/\/www.organisator.ch\/wp-content\/uploads\/2021\/02\/Josefstrasse-neu.jpeg","type":"image\/jpeg"}],"author":"roger.straessle","twitter_card":"summary_large_image","schema":{"@context":"https:\/\/schema.org","@graph":[{"@type":"Article","@id":"https:\/\/www.organisator.ch\/sustainability\/2021-02-28\/aelteste-kva-der-schweiz-hat-ausgedient\/#article","isPartOf":{"@id":"https:\/\/www.organisator.ch\/sustainability\/2021-02-28\/aelteste-kva-der-schweiz-hat-ausgedient\/"},"author":{"name":"roger.straessle","@id":"https:\/\/www.organisator.ch\/#\/schema\/person\/a800b8c54e208b160517a7dcc323161d"},"headline":"\u00c4lteste KVA der Schweiz hat ausgedient","datePublished":"2021-02-28T13:50:02+00:00","dateModified":"2022-02-09T10:05:31+00:00","mainEntityOfPage":{"@id":"https:\/\/www.organisator.ch\/sustainability\/2021-02-28\/aelteste-kva-der-schweiz-hat-ausgedient\/"},"wordCount":563,"publisher":{"@id":"https:\/\/www.organisator.ch\/#organization"},"image":{"@id":"https:\/\/www.organisator.ch\/sustainability\/2021-02-28\/aelteste-kva-der-schweiz-hat-ausgedient\/#primaryimage"},"thumbnailUrl":"https:\/\/www.organisator.ch\/wp-content\/uploads\/2021\/02\/Josefstrasse-neu.jpeg","keywords":["Fernw\u00e4rme","KVA","Werk Josefstrasse"],"articleSection":["SUSTAINABILITY"],"inLanguage":"fr-FR"},{"@type":"WebPage","@id":"https:\/\/www.organisator.ch\/sustainability\/2021-02-28\/aelteste-kva-der-schweiz-hat-ausgedient\/","url":"https:\/\/www.organisator.ch\/sustainability\/2021-02-28\/aelteste-kva-der-schweiz-hat-ausgedient\/","name":"La plus ancienne UIOM de Suisse a fait son temps - Organisateur","isPartOf":{"@id":"https:\/\/www.organisator.ch\/#website"},"primaryImageOfPage":{"@id":"https:\/\/www.organisator.ch\/sustainability\/2021-02-28\/aelteste-kva-der-schweiz-hat-ausgedient\/#primaryimage"},"image":{"@id":"https:\/\/www.organisator.ch\/sustainability\/2021-02-28\/aelteste-kva-der-schweiz-hat-ausgedient\/#primaryimage"},"thumbnailUrl":"https:\/\/www.organisator.ch\/wp-content\/uploads\/2021\/02\/Josefstrasse-neu.jpeg","datePublished":"2021-02-28T13:50:02+00:00","dateModified":"2022-02-09T10:05:31+00:00","description":"Apr\u00e8s plus de cent ans d'exploitation, c'est la fin : La derni\u00e8re tonne d'ordures m\u00e9nag\u00e8res sera incin\u00e9r\u00e9e fin mars dans l'usine de la Josefstrasse, en ville de Zurich.","breadcrumb":{"@id":"https:\/\/www.organisator.ch\/sustainability\/2021-02-28\/aelteste-kva-der-schweiz-hat-ausgedient\/#breadcrumb"},"inLanguage":"fr-FR","potentialAction":[{"@type":"ReadAction","target":["https:\/\/www.organisator.ch\/sustainability\/2021-02-28\/aelteste-kva-der-schweiz-hat-ausgedient\/"]}]},{"@type":"ImageObject","inLanguage":"fr-FR","@id":"https:\/\/www.organisator.ch\/sustainability\/2021-02-28\/aelteste-kva-der-schweiz-hat-ausgedient\/#primaryimage","url":"https:\/\/www.organisator.ch\/wp-content\/uploads\/2021\/02\/Josefstrasse-neu.jpeg","contentUrl":"https:\/\/www.organisator.ch\/wp-content\/uploads\/2021\/02\/Josefstrasse-neu.jpeg","width":1280,"height":853,"caption":"Rund 120'000 Tonnen Abfall wurden im Werk Josefstrasse pro Jahr verwertet. Foto: ERZ"},{"@type":"BreadcrumbList","@id":"https:\/\/www.organisator.ch\/sustainability\/2021-02-28\/aelteste-kva-der-schweiz-hat-ausgedient\/#breadcrumb","itemListElement":[{"@type":"ListItem","position":1,"name":"Home","item":"https:\/\/www.organisator.ch\/"},{"@type":"ListItem","position":2,"name":"\u00c4lteste KVA der Schweiz hat ausgedient"}]},{"@type":"WebSite","@id":"https:\/\/www.organisator.ch\/#website","url":"https:\/\/www.organisator.ch\/","name":"Organisateur","description":"Comp\u00e9tence et comp\u00e9tence. Proches de la pratique. L'ORGANISATEUR pr\u00e9pare 10 num\u00e9ros par an sur les th\u00e8mes essentiels pour les dirigeants de PME.","publisher":{"@id":"https:\/\/www.organisator.ch\/#organization"},"potentialAction":[{"@type":"SearchAction","target":{"@type":"EntryPoint","urlTemplate":"https:\/\/www.organisator.ch\/?s={search_term_string}"},"query-input":{"@type":"PropertyValueSpecification","valueRequired":true,"valueName":"search_term_string"}}],"inLanguage":"fr-FR"},{"@type":"Organization","@id":"https:\/\/www.organisator.ch\/#organization","name":"Organisateur","url":"https:\/\/www.organisator.ch\/","logo":{"@type":"ImageObject","inLanguage":"fr-FR","@id":"https:\/\/www.organisator.ch\/#\/schema\/logo\/image\/","url":"https:\/\/www.organisator.ch\/wp-content\/uploads\/2022\/01\/Logo_Organisator_Website.png","contentUrl":"https:\/\/www.organisator.ch\/wp-content\/uploads\/2022\/01\/Logo_Organisator_Website.png","width":800,"height":77,"caption":"Organisator"},"image":{"@id":"https:\/\/www.organisator.ch\/#\/schema\/logo\/image\/"},"sameAs":["https:\/\/www.facebook.com\/OrganisatorFachmagazin","https:\/\/www.linkedin.com\/showcase\/organisator-das-magazin-fr-kmu","https:\/\/www.xing.com\/news\/pages\/organisator-ch-695","https:\/\/www.youtube.com\/channel\/UCGP2Sq0iWaZwT3BdIAQFYpw"]},{"@type":"Person","@id":"https:\/\/www.organisator.ch\/#\/schema\/person\/a800b8c54e208b160517a7dcc323161d","name":"roger.straessle","image":{"@type":"ImageObject","inLanguage":"fr-FR","@id":"https:\/\/secure.gravatar.com\/avatar\/?s=96&d=mm&r=g","url":"https:\/\/secure.gravatar.com\/avatar\/?s=96&d=mm&r=g","contentUrl":"https:\/\/secure.gravatar.com\/avatar\/?s=96&d=mm&r=g","caption":"roger.straessle"},"url":"https:\/\/www.organisator.ch\/fr\/author\/roger-straessle\/"}]}},"_links":{"self":[{"href":"https:\/\/www.organisator.ch\/fr\/wp-json\/wp\/v2\/posts\/3871","targetHints":{"allow":["GET"]}}],"collection":[{"href":"https:\/\/www.organisator.ch\/fr\/wp-json\/wp\/v2\/posts"}],"about":[{"href":"https:\/\/www.organisator.ch\/fr\/wp-json\/wp\/v2\/types\/post"}],"author":[{"embeddable":true,"href":"https:\/\/www.organisator.ch\/fr\/wp-json\/wp\/v2\/users\/6"}],"replies":[{"embeddable":true,"href":"https:\/\/www.organisator.ch\/fr\/wp-json\/wp\/v2\/comments?post=3871"}],"version-history":[{"count":1,"href":"https:\/\/www.organisator.ch\/fr\/wp-json\/wp\/v2\/posts\/3871\/revisions"}],"predecessor-version":[{"id":10374,"href":"https:\/\/www.organisator.ch\/fr\/wp-json\/wp\/v2\/posts\/3871\/revisions\/10374"}],"wp:featuredmedia":[{"embeddable":true,"href":"https:\/\/www.organisator.ch\/fr\/wp-json\/wp\/v2\/media\/9767"}],"wp:attachment":[{"href":"https:\/\/www.organisator.ch\/fr\/wp-json\/wp\/v2\/media?parent=3871"}],"wp:term":[{"taxonomy":"category","embeddable":true,"href":"https:\/\/www.organisator.ch\/fr\/wp-json\/wp\/v2\/categories?post=3871"},{"taxonomy":"post_tag","embeddable":true,"href":"https:\/\/www.organisator.ch\/fr\/wp-json\/wp\/v2\/tags?post=3871"}],"curies":[{"name":"wp","href":"https:\/\/api.w.org\/{rel}","templated":true}]}}