{"id":3872,"date":"2018-06-27T17:10:54","date_gmt":"2018-06-27T15:10:54","guid":{"rendered":"https:\/\/www.organisator.ch\/?p=3872"},"modified":"2018-06-27T17:10:54","modified_gmt":"2018-06-27T15:10:54","slug":"tagung-intellectual-property-2018","status":"publish","type":"post","link":"https:\/\/www.organisator.ch\/fr\/management\/finanzen_recht\/2018-06-27\/tagung-intellectual-property-2018\/","title":{"rendered":"Congr\u00e8s : Propri\u00e9t\u00e9 intellectuelle 2018"},"content":{"rendered":"<p>\u00c0 l'heure de la num\u00e9risation et de la mondialisation, la propri\u00e9t\u00e9 intellectuelle est un sujet important (pour la survie) de nombreuses entreprises. Mais comment les entreprises prot\u00e8gent-elles leur propri\u00e9t\u00e9 intellectuelle pour une exploitation \u00e0 long terme ? Une gestion efficace de la PI cr\u00e9e les conditions n\u00e9cessaires \u00e0 cet effet.<\/p>\n<p>Lors du congr\u00e8s Intellectual Property 2018 qui se tiendra le 29 ao\u00fbt 2018 \u00e0 l'h\u00f4tel Radisson Blu \u00e0 Zurich, des avocats exp\u00e9riment\u00e9s vous montreront comment garantir vos droits et des responsables PI renomm\u00e9s d'entreprises industrielles performantes vous montreront \u00e0 quoi peut ressembler aujourd'hui un travail PI efficace, durable et \u00e9conomique. Mathis Berger, LL.M. Profitez du m\u00e9lange de conf\u00e9rences sp\u00e9cialis\u00e9es passionnantes et d'exemples de bonnes pratiques et \u00e9changez vos points de vue avec des experts et d'autres participants dans une atmosph\u00e8re d\u00e9tendue.<\/p>\n<p>Le congr\u00e8s s'adresse aux membres de la direction, aux sp\u00e9cialistes et aux cadres de la gestion des produits, des d\u00e9partements R&amp;D, du marketing, des brevets et des services juridiques, des soci\u00e9t\u00e9s de conseil, des avocats ainsi que de l'administration et des associations.<\/p>\n<p><em>Vous trouverez des informations d\u00e9taill\u00e9es sur le programme et l'inscription sous <a href=\"www.ip-tagung.ch\">www.ip-tagung.ch<\/a>.<\/em><\/p>\n<p>&nbsp;<\/p>","protected":false},"excerpt":{"rendered":"<p>Intellectual Property ist in Zeiten von Digitalisierung und Globalisierung f\u00fcr viele Unternehmen ein (\u00fcberlebens-)wichtiges Thema. Aber wie sch\u00fctzen Unternehmen ihr geistiges Eigentum f\u00fcr eine langfristige Verwertung? Ein wirkungsvolles IP-Management schafft hierf\u00fcr die Voraussetzung. An der Tagung Intellectual Property 2018 am 29. August 2018 im Radisson Blu Hotel in Z\u00fcrich zeigen versierte Anw\u00e4lte, wie Sie Ihre [&hellip;]<\/p>\n","protected":false},"author":4,"featured_media":3873,"comment_status":"open","ping_status":"open","sticky":false,"template":"","format":"standard","meta":{"_acf_changed":false,"_yoast_wpseo_focuskw":"Intellectual Property","_yoast_wpseo_metadesc":"Erfindungen und Marken sch\u00fctzen, verteidigen und verwalten - Fachtagung am 29. August 2018 in Z\u00fcrich.","articlekey":"","footnotes":""},"categories":[24],"tags":[202,229,375,502],"class_list":["post-3872","post","type-post","status-publish","format-standard","has-post-thumbnail","hentry","category-finanzen_recht","tag-finanzenrecht","tag-geistiges-eigentum","tag-patentschutz","tag-veranstaltungen"],"acf":[],"yoast_head":"<!-- This site is optimized with the Yoast SEO plugin v27.4 - https:\/\/yoast.com\/product\/yoast-seo-wordpress\/ -->\n<title>Tagung: Intellectual Property 2018 - Organisator<\/title>\n<meta name=\"description\" content=\"Erfindungen und Marken sch\u00fctzen, verteidigen und verwalten - Fachtagung am 29. August 2018 in Z\u00fcrich.\" \/>\n<meta name=\"robots\" content=\"index, follow, max-snippet:-1, max-image-preview:large, max-video-preview:-1\" \/>\n<link rel=\"canonical\" href=\"https:\/\/www.organisator.ch\/fr\/gestion-2\/finanzen_recht\/2018-06-27\/tagung-intellectual-property-2018\/\" \/>\n<meta property=\"og:locale\" content=\"fr_FR\" \/>\n<meta property=\"og:type\" content=\"article\" \/>\n<meta property=\"og:title\" content=\"Tagung: Intellectual Property 2018\" \/>\n<meta property=\"og:description\" content=\"Erfindungen und Marken sch\u00fctzen, verteidigen und verwalten - Fachtagung am 29. August 2018 in Z\u00fcrich.\" \/>\n<meta property=\"og:url\" content=\"https:\/\/www.organisator.ch\/fr\/gestion-2\/finanzen_recht\/2018-06-27\/tagung-intellectual-property-2018\/\" \/>\n<meta property=\"og:site_name\" content=\"Organisator\" \/>\n<meta property=\"article:publisher\" content=\"https:\/\/www.facebook.com\/OrganisatorFachmagazin\" \/>\n<meta property=\"article:published_time\" content=\"2018-06-27T15:10:54+00:00\" \/>\n<meta property=\"og:image\" content=\"https:\/\/www.organisator.ch\/wp-content\/uploads\/2018\/06\/IP-Tagung18_KMU_Banner_280x200px_180611.png\" \/>\n\t<meta property=\"og:image:width\" content=\"280\" \/>\n\t<meta property=\"og:image:height\" content=\"200\" \/>\n\t<meta property=\"og:image:type\" content=\"image\/png\" \/>\n<meta name=\"author\" content=\"thomas.berner\" \/>\n<meta name=\"twitter:card\" content=\"summary_large_image\" \/>\n<meta name=\"twitter:title\" content=\"Tagung: Intellectual Property 2018 #IntellectualProperty2018\" \/>\n<meta name=\"twitter:description\" content=\"Erfindungen und Marken sch\u00fctzen, verteidigen und verwalten - Fachtagung am 29. August 2018 in Z\u00fcrich.\" \/>\n<meta name=\"twitter:image\" content=\"https:\/\/www.organisator.ch\/wp-content\/uploads\/2018\/06\/IP-Tagung18_KMU_Banner_280x200px_180611.png\" \/>\n<script type=\"application\/ld+json\" class=\"yoast-schema-graph\">{\"@context\":\"https:\\\/\\\/schema.org\",\"@graph\":[{\"@type\":\"Article\",\"@id\":\"https:\\\/\\\/www.organisator.ch\\\/management\\\/finanzen_recht\\\/2018-06-27\\\/tagung-intellectual-property-2018\\\/#article\",\"isPartOf\":{\"@id\":\"https:\\\/\\\/www.organisator.ch\\\/management\\\/finanzen_recht\\\/2018-06-27\\\/tagung-intellectual-property-2018\\\/\"},\"author\":{\"name\":\"thomas.berner\",\"@id\":\"https:\\\/\\\/www.organisator.ch\\\/#\\\/schema\\\/person\\\/6f650f90b2842cd4c0cc334b4e36f67e\"},\"headline\":\"Tagung: Intellectual Property 2018\",\"datePublished\":\"2018-06-27T15:10:54+00:00\",\"mainEntityOfPage\":{\"@id\":\"https:\\\/\\\/www.organisator.ch\\\/management\\\/finanzen_recht\\\/2018-06-27\\\/tagung-intellectual-property-2018\\\/\"},\"wordCount\":160,\"commentCount\":0,\"publisher\":{\"@id\":\"https:\\\/\\\/www.organisator.ch\\\/#organization\"},\"image\":{\"@id\":\"https:\\\/\\\/www.organisator.ch\\\/management\\\/finanzen_recht\\\/2018-06-27\\\/tagung-intellectual-property-2018\\\/#primaryimage\"},\"thumbnailUrl\":\"https:\\\/\\\/www.organisator.ch\\\/wp-content\\\/uploads\\\/2018\\\/06\\\/IP-Tagung18_KMU_Banner_280x200px_180611.png\",\"keywords\":[\"Finanzen\\\/Recht\",\"Geistiges Eigentum\",\"Patentschutz\",\"Veranstaltungen\"],\"articleSection\":[\"FINANZEN\\\/RECHT\"],\"inLanguage\":\"fr-FR\"},{\"@type\":\"WebPage\",\"@id\":\"https:\\\/\\\/www.organisator.ch\\\/management\\\/finanzen_recht\\\/2018-06-27\\\/tagung-intellectual-property-2018\\\/\",\"url\":\"https:\\\/\\\/www.organisator.ch\\\/management\\\/finanzen_recht\\\/2018-06-27\\\/tagung-intellectual-property-2018\\\/\",\"name\":\"Tagung: Intellectual Property 2018 - Organisator\",\"isPartOf\":{\"@id\":\"https:\\\/\\\/www.organisator.ch\\\/#website\"},\"primaryImageOfPage\":{\"@id\":\"https:\\\/\\\/www.organisator.ch\\\/management\\\/finanzen_recht\\\/2018-06-27\\\/tagung-intellectual-property-2018\\\/#primaryimage\"},\"image\":{\"@id\":\"https:\\\/\\\/www.organisator.ch\\\/management\\\/finanzen_recht\\\/2018-06-27\\\/tagung-intellectual-property-2018\\\/#primaryimage\"},\"thumbnailUrl\":\"https:\\\/\\\/www.organisator.ch\\\/wp-content\\\/uploads\\\/2018\\\/06\\\/IP-Tagung18_KMU_Banner_280x200px_180611.png\",\"datePublished\":\"2018-06-27T15:10:54+00:00\",\"description\":\"Erfindungen und Marken sch\u00fctzen, verteidigen und verwalten - Fachtagung am 29. August 2018 in Z\u00fcrich.\",\"breadcrumb\":{\"@id\":\"https:\\\/\\\/www.organisator.ch\\\/management\\\/finanzen_recht\\\/2018-06-27\\\/tagung-intellectual-property-2018\\\/#breadcrumb\"},\"inLanguage\":\"fr-FR\",\"potentialAction\":[{\"@type\":\"ReadAction\",\"target\":[\"https:\\\/\\\/www.organisator.ch\\\/management\\\/finanzen_recht\\\/2018-06-27\\\/tagung-intellectual-property-2018\\\/\"]}]},{\"@type\":\"ImageObject\",\"inLanguage\":\"fr-FR\",\"@id\":\"https:\\\/\\\/www.organisator.ch\\\/management\\\/finanzen_recht\\\/2018-06-27\\\/tagung-intellectual-property-2018\\\/#primaryimage\",\"url\":\"https:\\\/\\\/www.organisator.ch\\\/wp-content\\\/uploads\\\/2018\\\/06\\\/IP-Tagung18_KMU_Banner_280x200px_180611.png\",\"contentUrl\":\"https:\\\/\\\/www.organisator.ch\\\/wp-content\\\/uploads\\\/2018\\\/06\\\/IP-Tagung18_KMU_Banner_280x200px_180611.png\",\"width\":280,\"height\":200},{\"@type\":\"BreadcrumbList\",\"@id\":\"https:\\\/\\\/www.organisator.ch\\\/management\\\/finanzen_recht\\\/2018-06-27\\\/tagung-intellectual-property-2018\\\/#breadcrumb\",\"itemListElement\":[{\"@type\":\"ListItem\",\"position\":1,\"name\":\"Home\",\"item\":\"https:\\\/\\\/www.organisator.ch\\\/\"},{\"@type\":\"ListItem\",\"position\":2,\"name\":\"Tagung: Intellectual Property 2018\"}]},{\"@type\":\"WebSite\",\"@id\":\"https:\\\/\\\/www.organisator.ch\\\/#website\",\"url\":\"https:\\\/\\\/www.organisator.ch\\\/\",\"name\":\"Organisator\",\"description\":\"Kompetent. Praxisnah. Der ORGANISATOR bereitet in 10 Ausgaben pro Jahr die wesentlichen Themen f\u00fcr F\u00fchrungskr\u00e4fte von KMU auf.\",\"publisher\":{\"@id\":\"https:\\\/\\\/www.organisator.ch\\\/#organization\"},\"potentialAction\":[{\"@type\":\"SearchAction\",\"target\":{\"@type\":\"EntryPoint\",\"urlTemplate\":\"https:\\\/\\\/www.organisator.ch\\\/?s={search_term_string}\"},\"query-input\":{\"@type\":\"PropertyValueSpecification\",\"valueRequired\":true,\"valueName\":\"search_term_string\"}}],\"inLanguage\":\"fr-FR\"},{\"@type\":\"Organization\",\"@id\":\"https:\\\/\\\/www.organisator.ch\\\/#organization\",\"name\":\"Organisator\",\"url\":\"https:\\\/\\\/www.organisator.ch\\\/\",\"logo\":{\"@type\":\"ImageObject\",\"inLanguage\":\"fr-FR\",\"@id\":\"https:\\\/\\\/www.organisator.ch\\\/#\\\/schema\\\/logo\\\/image\\\/\",\"url\":\"https:\\\/\\\/www.organisator.ch\\\/wp-content\\\/uploads\\\/2022\\\/01\\\/Logo_Organisator_Website.png\",\"contentUrl\":\"https:\\\/\\\/www.organisator.ch\\\/wp-content\\\/uploads\\\/2022\\\/01\\\/Logo_Organisator_Website.png\",\"width\":800,\"height\":77,\"caption\":\"Organisator\"},\"image\":{\"@id\":\"https:\\\/\\\/www.organisator.ch\\\/#\\\/schema\\\/logo\\\/image\\\/\"},\"sameAs\":[\"https:\\\/\\\/www.facebook.com\\\/OrganisatorFachmagazin\",\"https:\\\/\\\/www.linkedin.com\\\/showcase\\\/organisator-das-magazin-fr-kmu\",\"https:\\\/\\\/www.xing.com\\\/news\\\/pages\\\/organisator-ch-695\",\"https:\\\/\\\/www.youtube.com\\\/channel\\\/UCGP2Sq0iWaZwT3BdIAQFYpw\"]},{\"@type\":\"Person\",\"@id\":\"https:\\\/\\\/www.organisator.ch\\\/#\\\/schema\\\/person\\\/6f650f90b2842cd4c0cc334b4e36f67e\",\"name\":\"thomas.berner\",\"image\":{\"@type\":\"ImageObject\",\"inLanguage\":\"fr-FR\",\"@id\":\"https:\\\/\\\/secure.gravatar.com\\\/avatar\\\/ac5001d2a36cb6c6cd3e50789007ffca834b477b74a2144564522e944eabff61?s=96&d=mm&r=g\",\"url\":\"https:\\\/\\\/secure.gravatar.com\\\/avatar\\\/ac5001d2a36cb6c6cd3e50789007ffca834b477b74a2144564522e944eabff61?s=96&d=mm&r=g\",\"contentUrl\":\"https:\\\/\\\/secure.gravatar.com\\\/avatar\\\/ac5001d2a36cb6c6cd3e50789007ffca834b477b74a2144564522e944eabff61?s=96&d=mm&r=g\",\"caption\":\"thomas.berner\"},\"url\":\"https:\\\/\\\/www.organisator.ch\\\/fr\\\/author\\\/thomas-berner\\\/\"}]}<\/script>\n<!-- \/ Yoast SEO plugin. -->","yoast_head_json":{"title":"Congr\u00e8s de la propri\u00e9t\u00e9 intellectuelle : Intellectual Property 2018 - Organisateur","description":"Prot\u00e9ger, d\u00e9fendre et g\u00e9rer les inventions et les marques - colloque le 29 ao\u00fbt 2018 \u00e0 Zurich.","robots":{"index":"index","follow":"follow","max-snippet":"max-snippet:-1","max-image-preview":"max-image-preview:large","max-video-preview":"max-video-preview:-1"},"canonical":"https:\/\/www.organisator.ch\/fr\/gestion-2\/finanzen_recht\/2018-06-27\/tagung-intellectual-property-2018\/","og_locale":"fr_FR","og_type":"article","og_title":"Tagung: Intellectual Property 2018","og_description":"Erfindungen und Marken sch\u00fctzen, verteidigen und verwalten - Fachtagung am 29. August 2018 in Z\u00fcrich.","og_url":"https:\/\/www.organisator.ch\/fr\/gestion-2\/finanzen_recht\/2018-06-27\/tagung-intellectual-property-2018\/","og_site_name":"Organisator","article_publisher":"https:\/\/www.facebook.com\/OrganisatorFachmagazin","article_published_time":"2018-06-27T15:10:54+00:00","og_image":[{"width":280,"height":200,"url":"https:\/\/www.organisator.ch\/wp-content\/uploads\/2018\/06\/IP-Tagung18_KMU_Banner_280x200px_180611.png","type":"image\/png"}],"author":"thomas.berner","twitter_card":"summary_large_image","twitter_title":"Tagung: Intellectual Property 2018 #IntellectualProperty2018","twitter_description":"Erfindungen und Marken sch\u00fctzen, verteidigen und verwalten - Fachtagung am 29. August 2018 in Z\u00fcrich.","twitter_image":"https:\/\/www.organisator.ch\/wp-content\/uploads\/2018\/06\/IP-Tagung18_KMU_Banner_280x200px_180611.png","schema":{"@context":"https:\/\/schema.org","@graph":[{"@type":"Article","@id":"https:\/\/www.organisator.ch\/management\/finanzen_recht\/2018-06-27\/tagung-intellectual-property-2018\/#article","isPartOf":{"@id":"https:\/\/www.organisator.ch\/management\/finanzen_recht\/2018-06-27\/tagung-intellectual-property-2018\/"},"author":{"name":"thomas.berner","@id":"https:\/\/www.organisator.ch\/#\/schema\/person\/6f650f90b2842cd4c0cc334b4e36f67e"},"headline":"Tagung: Intellectual Property 2018","datePublished":"2018-06-27T15:10:54+00:00","mainEntityOfPage":{"@id":"https:\/\/www.organisator.ch\/management\/finanzen_recht\/2018-06-27\/tagung-intellectual-property-2018\/"},"wordCount":160,"commentCount":0,"publisher":{"@id":"https:\/\/www.organisator.ch\/#organization"},"image":{"@id":"https:\/\/www.organisator.ch\/management\/finanzen_recht\/2018-06-27\/tagung-intellectual-property-2018\/#primaryimage"},"thumbnailUrl":"https:\/\/www.organisator.ch\/wp-content\/uploads\/2018\/06\/IP-Tagung18_KMU_Banner_280x200px_180611.png","keywords":["Finanzen\/Recht","Geistiges Eigentum","Patentschutz","Veranstaltungen"],"articleSection":["FINANZEN\/RECHT"],"inLanguage":"fr-FR"},{"@type":"WebPage","@id":"https:\/\/www.organisator.ch\/management\/finanzen_recht\/2018-06-27\/tagung-intellectual-property-2018\/","url":"https:\/\/www.organisator.ch\/management\/finanzen_recht\/2018-06-27\/tagung-intellectual-property-2018\/","name":"Congr\u00e8s de la propri\u00e9t\u00e9 intellectuelle : Intellectual Property 2018 - Organisateur","isPartOf":{"@id":"https:\/\/www.organisator.ch\/#website"},"primaryImageOfPage":{"@id":"https:\/\/www.organisator.ch\/management\/finanzen_recht\/2018-06-27\/tagung-intellectual-property-2018\/#primaryimage"},"image":{"@id":"https:\/\/www.organisator.ch\/management\/finanzen_recht\/2018-06-27\/tagung-intellectual-property-2018\/#primaryimage"},"thumbnailUrl":"https:\/\/www.organisator.ch\/wp-content\/uploads\/2018\/06\/IP-Tagung18_KMU_Banner_280x200px_180611.png","datePublished":"2018-06-27T15:10:54+00:00","description":"Prot\u00e9ger, d\u00e9fendre et g\u00e9rer les inventions et les marques - colloque le 29 ao\u00fbt 2018 \u00e0 Zurich.","breadcrumb":{"@id":"https:\/\/www.organisator.ch\/management\/finanzen_recht\/2018-06-27\/tagung-intellectual-property-2018\/#breadcrumb"},"inLanguage":"fr-FR","potentialAction":[{"@type":"ReadAction","target":["https:\/\/www.organisator.ch\/management\/finanzen_recht\/2018-06-27\/tagung-intellectual-property-2018\/"]}]},{"@type":"ImageObject","inLanguage":"fr-FR","@id":"https:\/\/www.organisator.ch\/management\/finanzen_recht\/2018-06-27\/tagung-intellectual-property-2018\/#primaryimage","url":"https:\/\/www.organisator.ch\/wp-content\/uploads\/2018\/06\/IP-Tagung18_KMU_Banner_280x200px_180611.png","contentUrl":"https:\/\/www.organisator.ch\/wp-content\/uploads\/2018\/06\/IP-Tagung18_KMU_Banner_280x200px_180611.png","width":280,"height":200},{"@type":"BreadcrumbList","@id":"https:\/\/www.organisator.ch\/management\/finanzen_recht\/2018-06-27\/tagung-intellectual-property-2018\/#breadcrumb","itemListElement":[{"@type":"ListItem","position":1,"name":"Home","item":"https:\/\/www.organisator.ch\/"},{"@type":"ListItem","position":2,"name":"Tagung: Intellectual Property 2018"}]},{"@type":"WebSite","@id":"https:\/\/www.organisator.ch\/#website","url":"https:\/\/www.organisator.ch\/","name":"Organisateur","description":"Comp\u00e9tence et comp\u00e9tence. Proches de la pratique. L'ORGANISATEUR pr\u00e9pare 10 num\u00e9ros par an sur les th\u00e8mes essentiels pour les dirigeants de PME.","publisher":{"@id":"https:\/\/www.organisator.ch\/#organization"},"potentialAction":[{"@type":"SearchAction","target":{"@type":"EntryPoint","urlTemplate":"https:\/\/www.organisator.ch\/?s={search_term_string}"},"query-input":{"@type":"PropertyValueSpecification","valueRequired":true,"valueName":"search_term_string"}}],"inLanguage":"fr-FR"},{"@type":"Organization","@id":"https:\/\/www.organisator.ch\/#organization","name":"Organisateur","url":"https:\/\/www.organisator.ch\/","logo":{"@type":"ImageObject","inLanguage":"fr-FR","@id":"https:\/\/www.organisator.ch\/#\/schema\/logo\/image\/","url":"https:\/\/www.organisator.ch\/wp-content\/uploads\/2022\/01\/Logo_Organisator_Website.png","contentUrl":"https:\/\/www.organisator.ch\/wp-content\/uploads\/2022\/01\/Logo_Organisator_Website.png","width":800,"height":77,"caption":"Organisator"},"image":{"@id":"https:\/\/www.organisator.ch\/#\/schema\/logo\/image\/"},"sameAs":["https:\/\/www.facebook.com\/OrganisatorFachmagazin","https:\/\/www.linkedin.com\/showcase\/organisator-das-magazin-fr-kmu","https:\/\/www.xing.com\/news\/pages\/organisator-ch-695","https:\/\/www.youtube.com\/channel\/UCGP2Sq0iWaZwT3BdIAQFYpw"]},{"@type":"Person","@id":"https:\/\/www.organisator.ch\/#\/schema\/person\/6f650f90b2842cd4c0cc334b4e36f67e","name":"thomas.berner","image":{"@type":"ImageObject","inLanguage":"fr-FR","@id":"https:\/\/secure.gravatar.com\/avatar\/ac5001d2a36cb6c6cd3e50789007ffca834b477b74a2144564522e944eabff61?s=96&d=mm&r=g","url":"https:\/\/secure.gravatar.com\/avatar\/ac5001d2a36cb6c6cd3e50789007ffca834b477b74a2144564522e944eabff61?s=96&d=mm&r=g","contentUrl":"https:\/\/secure.gravatar.com\/avatar\/ac5001d2a36cb6c6cd3e50789007ffca834b477b74a2144564522e944eabff61?s=96&d=mm&r=g","caption":"thomas.berner"},"url":"https:\/\/www.organisator.ch\/fr\/author\/thomas-berner\/"}]}},"_links":{"self":[{"href":"https:\/\/www.organisator.ch\/fr\/wp-json\/wp\/v2\/posts\/3872","targetHints":{"allow":["GET"]}}],"collection":[{"href":"https:\/\/www.organisator.ch\/fr\/wp-json\/wp\/v2\/posts"}],"about":[{"href":"https:\/\/www.organisator.ch\/fr\/wp-json\/wp\/v2\/types\/post"}],"author":[{"embeddable":true,"href":"https:\/\/www.organisator.ch\/fr\/wp-json\/wp\/v2\/users\/4"}],"replies":[{"embeddable":true,"href":"https:\/\/www.organisator.ch\/fr\/wp-json\/wp\/v2\/comments?post=3872"}],"version-history":[{"count":0,"href":"https:\/\/www.organisator.ch\/fr\/wp-json\/wp\/v2\/posts\/3872\/revisions"}],"wp:featuredmedia":[{"embeddable":true,"href":"https:\/\/www.organisator.ch\/fr\/wp-json\/wp\/v2\/media\/3873"}],"wp:attachment":[{"href":"https:\/\/www.organisator.ch\/fr\/wp-json\/wp\/v2\/media?parent=3872"}],"wp:term":[{"taxonomy":"category","embeddable":true,"href":"https:\/\/www.organisator.ch\/fr\/wp-json\/wp\/v2\/categories?post=3872"},{"taxonomy":"post_tag","embeddable":true,"href":"https:\/\/www.organisator.ch\/fr\/wp-json\/wp\/v2\/tags?post=3872"}],"curies":[{"name":"wp","href":"https:\/\/api.w.org\/{rel}","templated":true}]}}