{"id":38748,"date":"2025-06-10T08:35:32","date_gmt":"2025-06-10T06:35:32","guid":{"rendered":"https:\/\/www.markt-kom.com\/?p=235793"},"modified":"2025-06-10T08:31:16","modified_gmt":"2025-06-10T06:31:16","slug":"rheintal-com-feiert-zehn-jahre-regionales-standortmarketing","status":"publish","type":"post","link":"https:\/\/www.organisator.ch\/fr\/marketing\/2025-06-10\/rheintal-com-feiert-zehn-jahre-regionales-standortmarketing\/","title":{"rendered":"Rheintal.com f\u00eate ses dix ans de marketing territorial"},"content":{"rendered":"<p><a href=\"https:\/\/www.markt-kom.com\/wp-content\/uploads\/2025\/06\/Rheintal.com-10-Jahre.jpg\"><img class=\"aligncenter size-full wp-image-235794\" src=\"https:\/\/www.markt-kom.com\/wp-content\/uploads\/2025\/06\/Rheintal.com-10-Jahre.jpg\" sizes=\"(max-width: 1200px) 100vw, 1200px\" srcset=\"https:\/\/www.markt-kom.com\/wp-content\/uploads\/2025\/06\/Rheintal.com-10-Jahre.jpg 1200w, https:\/\/www.markt-kom.com\/wp-content\/uploads\/2025\/06\/Rheintal.com-10-Jahre-600x319.jpg 600w, https:\/\/www.markt-kom.com\/wp-content\/uploads\/2025\/06\/Rheintal.com-10-Jahre-1024x544.jpg 1024w, https:\/\/www.markt-kom.com\/wp-content\/uploads\/2025\/06\/Rheintal.com-10-Jahre-768x408.jpg 768w, https:\/\/www.markt-kom.com\/wp-content\/uploads\/2025\/06\/Rheintal.com-10-Jahre-18x10.jpg 18w, https:\/\/www.markt-kom.com\/wp-content\/uploads\/2025\/06\/Rheintal.com-10-Jahre-329x175.jpg 329w, https:\/\/www.markt-kom.com\/wp-content\/uploads\/2025\/06\/Rheintal.com-10-Jahre-658x350.jpg 658w, https:\/\/www.markt-kom.com\/wp-content\/uploads\/2025\/06\/Rheintal.com-10-Jahre-1000x532.jpg 1000w\" alt=\"\" width=\"1200\" height=\"638\" \/><\/a><\/p>\r\n<p>Mit einem Jubil\u00e4umsauftritt an der Rhema und verschiedenen Kommunikationsmassnahmen hat die Standortmarke <a href=\"https:\/\/rheintal.com\/\" rel=\"noopener\">Rheintal.com<\/a> ihr zehnj\u00e4hriges Bestehen begangen. Die Plattform wurde 2015 vom Verein St.Galler Rheintal lanciert und verfolgt das Ziel, die Region \u00fcber Gemeindegrenzen hinweg sichtbar zu machen \u2013 sowohl f\u00fcr Fachkr\u00e4fte, R\u00fcckkehrwillige und Unternehmen als auch f\u00fcr die lokale Bev\u00f6lkerung und G\u00e4ste.<\/p>\r\n<p>Rheintal.com versteht sich als Instrument f\u00fcr regionales Standortmarketing. Die Marke portr\u00e4tiert Menschen, Unternehmen und Orte im Rheintal und pr\u00e4sentiert die Region als zusammenh\u00e4ngende Einheit. Inhaltlich setzt sie auf N\u00e4he und Authentizit\u00e4t, etwa mit Beitr\u00e4gen zu Lebensqualit\u00e4t, wirtschaftlichen Perspektiven und regionaler Verbundenheit.<\/p>\r\n<h3>\u00d6ffentlichkeitsstarke Projekte<\/h3>\r\n<p>Zu den erfolgreichen Projekten z\u00e4hlt der Imagefilm \u00abWa macht \u00fcsers Rhintal so grossartig?\u00bb, der in Zusammenarbeit mit dem Widnauer K\u00fcnstler Nico Arn entstanden ist. Das Video erreichte Angaben zufolge innerhalb von zwei Monaten 2,8 Millionen Aufrufe. Auch die Social-Media-Initiative \u00abRhinfluencer:innen\u00bb, bei der Personen aus der Region als Botschafter:innen auftraten, erzielte hohe Reichweite.<\/p>\r\n<p>Am Stand von Rheintal.com an der diesj\u00e4hrigen Rhema erhielten Besucher:innen Informationsmaterial sowie eine bedruckte Tasche mit einem Nachtmotiv des Rheintals. Zudem wurde vor Ort ein Video mit Stimmen aus der Bev\u00f6lkerung produziert, das pers\u00f6nliche Perspektiven auf das Leben in der Region einf\u00e4ngt.<\/p>\r\n<div class=\"wp-video\" style=\"width: 640px;\"><!-- [if lt IE 9]><script>document.createElement('video');<\/script><![endif]--> <video id=\"video-235793-1\" class=\"wp-video-shortcode\" preload=\"metadata\" controls=\"controls\" width=\"640\" height=\"360\"><source type=\"video\/mp4\" src=\"https:\/\/rheintal.com\/wp-content\/uploads\/Rhema_Interviews_v3_mitUT.mp4?_=1\" \/><a href=\"https:\/\/rheintal.com\/wp-content\/uploads\/Rhema_Interviews_v3_mitUT.mp4\">https:\/\/rheintal.com\/wp-content\/uploads\/Rhema_Interviews_v3_mitUT.mp4<\/a><\/video><\/div>\r\n<h3>Ruedi Mattle \u00fcbernimmt<\/h3>\r\n<p>Zum Jubil\u00e4um kam es auch zu einem Wechsel an der Spitze des Vereins: Der langj\u00e4hrige Pr\u00e4sident Reto Friedauer \u00fcbergab sein Amt an Ruedi Mattle, bislang Vizepr\u00e4sident. Die Gesch\u00e4ftsleitung liegt bei Sabina Saggioro. Sie betont: \u00abMit Rheintal.com machen wir sichtbar, was unsere Region als Lebens- und Wirtschaftsstandort auszeichnet. Die Marke bringt Menschen, Gemeinden und Unternehmen zusammen \u2013 und zeigt, dass das Rheintal mehr ist als ein geografischer Begriff: Es ist ein gemeinsames Versprechen.\u00bb<\/p>","protected":false},"excerpt":{"rendered":"<p>La marque de localisation Rheintal.com est active depuis dix ans et regroupe les int\u00e9r\u00eats des communes et de l'\u00e9conomie de la vall\u00e9e du Rhin saint-galloise. A l'occasion de son anniversaire, l'association de soutien a pr\u00e9sent\u00e9 des projets actuels et a mis en place un changement de personnel \u00e0 sa t\u00eate.<\/p>","protected":false},"author":8,"featured_media":0,"comment_status":"closed","ping_status":"closed","sticky":false,"template":"","format":"standard","meta":{"_acf_changed":false,"_yoast_wpseo_focuskw":"Rheintal.com","_yoast_wpseo_metadesc":"Die Standortmarke Rheintal.com ist seit zehn Jahren aktiv und b\u00fcndelt die Interessen von Gemeinden und Wirtschaft im St. Galler Rheintal.","articlekey":"","footnotes":""},"categories":[29],"tags":[4343,5373],"class_list":["post-38748","post","type-post","status-publish","format-standard","hentry","category-marketing","tag-markom","tag-rheintal-com"],"acf":[],"yoast_head":"<!-- This site is optimized with the Yoast SEO plugin v27.5 - https:\/\/yoast.com\/product\/yoast-seo-wordpress\/ -->\n<title>Rheintal.com feiert zehn Jahre regionales Standortmarketing - Organisator<\/title>\n<meta name=\"description\" content=\"Die Standortmarke Rheintal.com ist seit zehn Jahren aktiv und b\u00fcndelt die Interessen von Gemeinden und Wirtschaft im St. Galler Rheintal.\" \/>\n<meta name=\"robots\" content=\"index, follow, max-snippet:-1, max-image-preview:large, max-video-preview:-1\" \/>\n<link rel=\"canonical\" href=\"https:\/\/www.organisator.ch\/fr\/marketing\/2025-06-10\/rheintal-com-feiert-zehn-jahre-regionales-standortmarketing\/\" \/>\n<meta property=\"og:locale\" content=\"fr_FR\" \/>\n<meta property=\"og:type\" content=\"article\" \/>\n<meta property=\"og:title\" content=\"Rheintal.com feiert zehn Jahre regionales Standortmarketing - Organisator\" \/>\n<meta property=\"og:description\" content=\"Die Standortmarke Rheintal.com ist seit zehn Jahren aktiv und b\u00fcndelt die Interessen von Gemeinden und Wirtschaft im St. Galler Rheintal.\" \/>\n<meta property=\"og:url\" content=\"https:\/\/www.organisator.ch\/fr\/marketing\/2025-06-10\/rheintal-com-feiert-zehn-jahre-regionales-standortmarketing\/\" \/>\n<meta property=\"og:site_name\" content=\"Organisator\" \/>\n<meta property=\"article:publisher\" content=\"https:\/\/www.facebook.com\/OrganisatorFachmagazin\" \/>\n<meta property=\"article:published_time\" content=\"2025-06-10T06:35:32+00:00\" \/>\n<meta name=\"author\" content=\"galledia\" \/>\n<meta name=\"twitter:card\" content=\"summary_large_image\" \/>\n<meta name=\"twitter:creator\" content=\"@admin\" \/>\n<script type=\"application\/ld+json\" class=\"yoast-schema-graph\">{\"@context\":\"https:\\\/\\\/schema.org\",\"@graph\":[{\"@type\":\"Article\",\"@id\":\"https:\\\/\\\/www.organisator.ch\\\/marketing\\\/2025-06-10\\\/rheintal-com-feiert-zehn-jahre-regionales-standortmarketing\\\/#article\",\"isPartOf\":{\"@id\":\"https:\\\/\\\/www.organisator.ch\\\/marketing\\\/2025-06-10\\\/rheintal-com-feiert-zehn-jahre-regionales-standortmarketing\\\/\"},\"author\":{\"name\":\"galledia\",\"@id\":\"https:\\\/\\\/www.organisator.ch\\\/#\\\/schema\\\/person\\\/4e51799071cd2dd1232ac003643ef5f0\"},\"headline\":\"Rheintal.com feiert zehn Jahre regionales Standortmarketing\",\"datePublished\":\"2025-06-10T06:35:32+00:00\",\"mainEntityOfPage\":{\"@id\":\"https:\\\/\\\/www.organisator.ch\\\/marketing\\\/2025-06-10\\\/rheintal-com-feiert-zehn-jahre-regionales-standortmarketing\\\/\"},\"wordCount\":313,\"publisher\":{\"@id\":\"https:\\\/\\\/www.organisator.ch\\\/#organization\"},\"image\":{\"@id\":\"https:\\\/\\\/www.organisator.ch\\\/marketing\\\/2025-06-10\\\/rheintal-com-feiert-zehn-jahre-regionales-standortmarketing\\\/#primaryimage\"},\"thumbnailUrl\":\"https:\\\/\\\/www.markt-kom.com\\\/wp-content\\\/uploads\\\/2025\\\/06\\\/Rheintal.com-10-Jahre.jpg\",\"keywords\":[\"MarKom\",\"Rheintal.com\"],\"articleSection\":[\"MARKETING\"],\"inLanguage\":\"fr-FR\"},{\"@type\":\"WebPage\",\"@id\":\"https:\\\/\\\/www.organisator.ch\\\/marketing\\\/2025-06-10\\\/rheintal-com-feiert-zehn-jahre-regionales-standortmarketing\\\/\",\"url\":\"https:\\\/\\\/www.organisator.ch\\\/marketing\\\/2025-06-10\\\/rheintal-com-feiert-zehn-jahre-regionales-standortmarketing\\\/\",\"name\":\"Rheintal.com feiert zehn Jahre regionales Standortmarketing - Organisator\",\"isPartOf\":{\"@id\":\"https:\\\/\\\/www.organisator.ch\\\/#website\"},\"primaryImageOfPage\":{\"@id\":\"https:\\\/\\\/www.organisator.ch\\\/marketing\\\/2025-06-10\\\/rheintal-com-feiert-zehn-jahre-regionales-standortmarketing\\\/#primaryimage\"},\"image\":{\"@id\":\"https:\\\/\\\/www.organisator.ch\\\/marketing\\\/2025-06-10\\\/rheintal-com-feiert-zehn-jahre-regionales-standortmarketing\\\/#primaryimage\"},\"thumbnailUrl\":\"https:\\\/\\\/www.markt-kom.com\\\/wp-content\\\/uploads\\\/2025\\\/06\\\/Rheintal.com-10-Jahre.jpg\",\"datePublished\":\"2025-06-10T06:35:32+00:00\",\"description\":\"Die Standortmarke Rheintal.com ist seit zehn Jahren aktiv und b\u00fcndelt die Interessen von Gemeinden und Wirtschaft im St. Galler Rheintal.\",\"breadcrumb\":{\"@id\":\"https:\\\/\\\/www.organisator.ch\\\/marketing\\\/2025-06-10\\\/rheintal-com-feiert-zehn-jahre-regionales-standortmarketing\\\/#breadcrumb\"},\"inLanguage\":\"fr-FR\",\"potentialAction\":[{\"@type\":\"ReadAction\",\"target\":[\"https:\\\/\\\/www.organisator.ch\\\/marketing\\\/2025-06-10\\\/rheintal-com-feiert-zehn-jahre-regionales-standortmarketing\\\/\"]}]},{\"@type\":\"ImageObject\",\"inLanguage\":\"fr-FR\",\"@id\":\"https:\\\/\\\/www.organisator.ch\\\/marketing\\\/2025-06-10\\\/rheintal-com-feiert-zehn-jahre-regionales-standortmarketing\\\/#primaryimage\",\"url\":\"https:\\\/\\\/www.markt-kom.com\\\/wp-content\\\/uploads\\\/2025\\\/06\\\/Rheintal.com-10-Jahre.jpg\",\"contentUrl\":\"https:\\\/\\\/www.markt-kom.com\\\/wp-content\\\/uploads\\\/2025\\\/06\\\/Rheintal.com-10-Jahre.jpg\"},{\"@type\":\"BreadcrumbList\",\"@id\":\"https:\\\/\\\/www.organisator.ch\\\/marketing\\\/2025-06-10\\\/rheintal-com-feiert-zehn-jahre-regionales-standortmarketing\\\/#breadcrumb\",\"itemListElement\":[{\"@type\":\"ListItem\",\"position\":1,\"name\":\"Home\",\"item\":\"https:\\\/\\\/www.organisator.ch\\\/\"},{\"@type\":\"ListItem\",\"position\":2,\"name\":\"Rheintal.com feiert zehn Jahre regionales Standortmarketing\"}]},{\"@type\":\"WebSite\",\"@id\":\"https:\\\/\\\/www.organisator.ch\\\/#website\",\"url\":\"https:\\\/\\\/www.organisator.ch\\\/\",\"name\":\"Organisator\",\"description\":\"Kompetent. Praxisnah. Der ORGANISATOR bereitet in 10 Ausgaben pro Jahr die wesentlichen Themen f\u00fcr F\u00fchrungskr\u00e4fte von KMU auf.\",\"publisher\":{\"@id\":\"https:\\\/\\\/www.organisator.ch\\\/#organization\"},\"potentialAction\":[{\"@type\":\"SearchAction\",\"target\":{\"@type\":\"EntryPoint\",\"urlTemplate\":\"https:\\\/\\\/www.organisator.ch\\\/?s={search_term_string}\"},\"query-input\":{\"@type\":\"PropertyValueSpecification\",\"valueRequired\":true,\"valueName\":\"search_term_string\"}}],\"inLanguage\":\"fr-FR\"},{\"@type\":\"Organization\",\"@id\":\"https:\\\/\\\/www.organisator.ch\\\/#organization\",\"name\":\"Organisator\",\"url\":\"https:\\\/\\\/www.organisator.ch\\\/\",\"logo\":{\"@type\":\"ImageObject\",\"inLanguage\":\"fr-FR\",\"@id\":\"https:\\\/\\\/www.organisator.ch\\\/#\\\/schema\\\/logo\\\/image\\\/\",\"url\":\"https:\\\/\\\/www.organisator.ch\\\/wp-content\\\/uploads\\\/2022\\\/01\\\/Logo_Organisator_Website.png\",\"contentUrl\":\"https:\\\/\\\/www.organisator.ch\\\/wp-content\\\/uploads\\\/2022\\\/01\\\/Logo_Organisator_Website.png\",\"width\":800,\"height\":77,\"caption\":\"Organisator\"},\"image\":{\"@id\":\"https:\\\/\\\/www.organisator.ch\\\/#\\\/schema\\\/logo\\\/image\\\/\"},\"sameAs\":[\"https:\\\/\\\/www.facebook.com\\\/OrganisatorFachmagazin\",\"https:\\\/\\\/www.linkedin.com\\\/showcase\\\/organisator-das-magazin-fr-kmu\",\"https:\\\/\\\/www.xing.com\\\/news\\\/pages\\\/organisator-ch-695\",\"https:\\\/\\\/www.youtube.com\\\/channel\\\/UCGP2Sq0iWaZwT3BdIAQFYpw\"]},{\"@type\":\"Person\",\"@id\":\"https:\\\/\\\/www.organisator.ch\\\/#\\\/schema\\\/person\\\/4e51799071cd2dd1232ac003643ef5f0\",\"name\":\"galledia\",\"image\":{\"@type\":\"ImageObject\",\"inLanguage\":\"fr-FR\",\"@id\":\"https:\\\/\\\/secure.gravatar.com\\\/avatar\\\/78a7f90c01fc2bfc875782a0d4922b37cde2cf184ce347b91316d23cd7f69a36?s=96&d=mm&r=g\",\"url\":\"https:\\\/\\\/secure.gravatar.com\\\/avatar\\\/78a7f90c01fc2bfc875782a0d4922b37cde2cf184ce347b91316d23cd7f69a36?s=96&d=mm&r=g\",\"contentUrl\":\"https:\\\/\\\/secure.gravatar.com\\\/avatar\\\/78a7f90c01fc2bfc875782a0d4922b37cde2cf184ce347b91316d23cd7f69a36?s=96&d=mm&r=g\",\"caption\":\"galledia\"},\"sameAs\":[\"https:\\\/\\\/x.com\\\/admin\"],\"url\":\"https:\\\/\\\/www.organisator.ch\\\/fr\\\/author\\\/galledia\\\/\"}]}<\/script>\n<!-- \/ Yoast SEO plugin. -->","yoast_head_json":{"title":"Rheintal.com f\u00eate ses dix ans de marketing r\u00e9gional - Organisateur","description":"La marque de localisation Rheintal.com est active depuis dix ans et regroupe les int\u00e9r\u00eats des communes et de l'\u00e9conomie de la vall\u00e9e du Rhin saint-galloise.","robots":{"index":"index","follow":"follow","max-snippet":"max-snippet:-1","max-image-preview":"max-image-preview:large","max-video-preview":"max-video-preview:-1"},"canonical":"https:\/\/www.organisator.ch\/fr\/marketing\/2025-06-10\/rheintal-com-feiert-zehn-jahre-regionales-standortmarketing\/","og_locale":"fr_FR","og_type":"article","og_title":"Rheintal.com feiert zehn Jahre regionales Standortmarketing - Organisator","og_description":"Die Standortmarke Rheintal.com ist seit zehn Jahren aktiv und b\u00fcndelt die Interessen von Gemeinden und Wirtschaft im St. Galler Rheintal.","og_url":"https:\/\/www.organisator.ch\/fr\/marketing\/2025-06-10\/rheintal-com-feiert-zehn-jahre-regionales-standortmarketing\/","og_site_name":"Organisator","article_publisher":"https:\/\/www.facebook.com\/OrganisatorFachmagazin","article_published_time":"2025-06-10T06:35:32+00:00","author":"galledia","twitter_card":"summary_large_image","twitter_creator":"@admin","schema":{"@context":"https:\/\/schema.org","@graph":[{"@type":"Article","@id":"https:\/\/www.organisator.ch\/marketing\/2025-06-10\/rheintal-com-feiert-zehn-jahre-regionales-standortmarketing\/#article","isPartOf":{"@id":"https:\/\/www.organisator.ch\/marketing\/2025-06-10\/rheintal-com-feiert-zehn-jahre-regionales-standortmarketing\/"},"author":{"name":"galledia","@id":"https:\/\/www.organisator.ch\/#\/schema\/person\/4e51799071cd2dd1232ac003643ef5f0"},"headline":"Rheintal.com feiert zehn Jahre regionales Standortmarketing","datePublished":"2025-06-10T06:35:32+00:00","mainEntityOfPage":{"@id":"https:\/\/www.organisator.ch\/marketing\/2025-06-10\/rheintal-com-feiert-zehn-jahre-regionales-standortmarketing\/"},"wordCount":313,"publisher":{"@id":"https:\/\/www.organisator.ch\/#organization"},"image":{"@id":"https:\/\/www.organisator.ch\/marketing\/2025-06-10\/rheintal-com-feiert-zehn-jahre-regionales-standortmarketing\/#primaryimage"},"thumbnailUrl":"https:\/\/www.markt-kom.com\/wp-content\/uploads\/2025\/06\/Rheintal.com-10-Jahre.jpg","keywords":["MarKom","Rheintal.com"],"articleSection":["MARKETING"],"inLanguage":"fr-FR"},{"@type":"WebPage","@id":"https:\/\/www.organisator.ch\/marketing\/2025-06-10\/rheintal-com-feiert-zehn-jahre-regionales-standortmarketing\/","url":"https:\/\/www.organisator.ch\/marketing\/2025-06-10\/rheintal-com-feiert-zehn-jahre-regionales-standortmarketing\/","name":"Rheintal.com f\u00eate ses dix ans de marketing r\u00e9gional - Organisateur","isPartOf":{"@id":"https:\/\/www.organisator.ch\/#website"},"primaryImageOfPage":{"@id":"https:\/\/www.organisator.ch\/marketing\/2025-06-10\/rheintal-com-feiert-zehn-jahre-regionales-standortmarketing\/#primaryimage"},"image":{"@id":"https:\/\/www.organisator.ch\/marketing\/2025-06-10\/rheintal-com-feiert-zehn-jahre-regionales-standortmarketing\/#primaryimage"},"thumbnailUrl":"https:\/\/www.markt-kom.com\/wp-content\/uploads\/2025\/06\/Rheintal.com-10-Jahre.jpg","datePublished":"2025-06-10T06:35:32+00:00","description":"La marque de localisation Rheintal.com est active depuis dix ans et regroupe les int\u00e9r\u00eats des communes et de l'\u00e9conomie de la vall\u00e9e du Rhin saint-galloise.","breadcrumb":{"@id":"https:\/\/www.organisator.ch\/marketing\/2025-06-10\/rheintal-com-feiert-zehn-jahre-regionales-standortmarketing\/#breadcrumb"},"inLanguage":"fr-FR","potentialAction":[{"@type":"ReadAction","target":["https:\/\/www.organisator.ch\/marketing\/2025-06-10\/rheintal-com-feiert-zehn-jahre-regionales-standortmarketing\/"]}]},{"@type":"ImageObject","inLanguage":"fr-FR","@id":"https:\/\/www.organisator.ch\/marketing\/2025-06-10\/rheintal-com-feiert-zehn-jahre-regionales-standortmarketing\/#primaryimage","url":"https:\/\/www.markt-kom.com\/wp-content\/uploads\/2025\/06\/Rheintal.com-10-Jahre.jpg","contentUrl":"https:\/\/www.markt-kom.com\/wp-content\/uploads\/2025\/06\/Rheintal.com-10-Jahre.jpg"},{"@type":"BreadcrumbList","@id":"https:\/\/www.organisator.ch\/marketing\/2025-06-10\/rheintal-com-feiert-zehn-jahre-regionales-standortmarketing\/#breadcrumb","itemListElement":[{"@type":"ListItem","position":1,"name":"Home","item":"https:\/\/www.organisator.ch\/"},{"@type":"ListItem","position":2,"name":"Rheintal.com feiert zehn Jahre regionales Standortmarketing"}]},{"@type":"WebSite","@id":"https:\/\/www.organisator.ch\/#website","url":"https:\/\/www.organisator.ch\/","name":"Organisateur","description":"Comp\u00e9tence et comp\u00e9tence. Proches de la pratique. L'ORGANISATEUR pr\u00e9pare 10 num\u00e9ros par an sur les th\u00e8mes essentiels pour les dirigeants de PME.","publisher":{"@id":"https:\/\/www.organisator.ch\/#organization"},"potentialAction":[{"@type":"SearchAction","target":{"@type":"EntryPoint","urlTemplate":"https:\/\/www.organisator.ch\/?s={search_term_string}"},"query-input":{"@type":"PropertyValueSpecification","valueRequired":true,"valueName":"search_term_string"}}],"inLanguage":"fr-FR"},{"@type":"Organization","@id":"https:\/\/www.organisator.ch\/#organization","name":"Organisateur","url":"https:\/\/www.organisator.ch\/","logo":{"@type":"ImageObject","inLanguage":"fr-FR","@id":"https:\/\/www.organisator.ch\/#\/schema\/logo\/image\/","url":"https:\/\/www.organisator.ch\/wp-content\/uploads\/2022\/01\/Logo_Organisator_Website.png","contentUrl":"https:\/\/www.organisator.ch\/wp-content\/uploads\/2022\/01\/Logo_Organisator_Website.png","width":800,"height":77,"caption":"Organisator"},"image":{"@id":"https:\/\/www.organisator.ch\/#\/schema\/logo\/image\/"},"sameAs":["https:\/\/www.facebook.com\/OrganisatorFachmagazin","https:\/\/www.linkedin.com\/showcase\/organisator-das-magazin-fr-kmu","https:\/\/www.xing.com\/news\/pages\/organisator-ch-695","https:\/\/www.youtube.com\/channel\/UCGP2Sq0iWaZwT3BdIAQFYpw"]},{"@type":"Person","@id":"https:\/\/www.organisator.ch\/#\/schema\/person\/4e51799071cd2dd1232ac003643ef5f0","name":"galledia","image":{"@type":"ImageObject","inLanguage":"fr-FR","@id":"https:\/\/secure.gravatar.com\/avatar\/78a7f90c01fc2bfc875782a0d4922b37cde2cf184ce347b91316d23cd7f69a36?s=96&d=mm&r=g","url":"https:\/\/secure.gravatar.com\/avatar\/78a7f90c01fc2bfc875782a0d4922b37cde2cf184ce347b91316d23cd7f69a36?s=96&d=mm&r=g","contentUrl":"https:\/\/secure.gravatar.com\/avatar\/78a7f90c01fc2bfc875782a0d4922b37cde2cf184ce347b91316d23cd7f69a36?s=96&d=mm&r=g","caption":"galledia"},"sameAs":["https:\/\/x.com\/admin"],"url":"https:\/\/www.organisator.ch\/fr\/author\/galledia\/"}]}},"_links":{"self":[{"href":"https:\/\/www.organisator.ch\/fr\/wp-json\/wp\/v2\/posts\/38748","targetHints":{"allow":["GET"]}}],"collection":[{"href":"https:\/\/www.organisator.ch\/fr\/wp-json\/wp\/v2\/posts"}],"about":[{"href":"https:\/\/www.organisator.ch\/fr\/wp-json\/wp\/v2\/types\/post"}],"author":[{"embeddable":true,"href":"https:\/\/www.organisator.ch\/fr\/wp-json\/wp\/v2\/users\/8"}],"replies":[{"embeddable":true,"href":"https:\/\/www.organisator.ch\/fr\/wp-json\/wp\/v2\/comments?post=38748"}],"version-history":[{"count":4,"href":"https:\/\/www.organisator.ch\/fr\/wp-json\/wp\/v2\/posts\/38748\/revisions"}],"predecessor-version":[{"id":38772,"href":"https:\/\/www.organisator.ch\/fr\/wp-json\/wp\/v2\/posts\/38748\/revisions\/38772"}],"wp:attachment":[{"href":"https:\/\/www.organisator.ch\/fr\/wp-json\/wp\/v2\/media?parent=38748"}],"wp:term":[{"taxonomy":"category","embeddable":true,"href":"https:\/\/www.organisator.ch\/fr\/wp-json\/wp\/v2\/categories?post=38748"},{"taxonomy":"post_tag","embeddable":true,"href":"https:\/\/www.organisator.ch\/fr\/wp-json\/wp\/v2\/tags?post=38748"}],"curies":[{"name":"wp","href":"https:\/\/api.w.org\/{rel}","templated":true}]}}