{"id":38785,"date":"2025-06-10T14:07:23","date_gmt":"2025-06-10T12:07:23","guid":{"rendered":"https:\/\/www.markt-kom.com\/?p=235817"},"modified":"2025-06-11T09:57:23","modified_gmt":"2025-06-11T07:57:23","slug":"yellow-staerkt-kestenholz-fuer-die-zukunft","status":"publish","type":"post","link":"https:\/\/www.organisator.ch\/fr\/marketing\/2025-06-10\/yellow-staerkt-kestenholz-fuer-die-zukunft\/","title":{"rendered":"Yellow renforce Kestenholz pour l'avenir"},"content":{"rendered":"<p><img class=\"alignnone size-full wp-image-235819\" src=\"https:\/\/www.markt-kom.com\/wp-content\/uploads\/2025\/06\/Yellow_MM_Kestenholz_Branding_3.jpg\" sizes=\"(max-width: 1200px) 100vw, 1200px\" srcset=\"https:\/\/www.markt-kom.com\/wp-content\/uploads\/2025\/06\/Yellow_MM_Kestenholz_Branding_3.jpg 1200w, https:\/\/www.markt-kom.com\/wp-content\/uploads\/2025\/06\/Yellow_MM_Kestenholz_Branding_3-600x425.jpg 600w, https:\/\/www.markt-kom.com\/wp-content\/uploads\/2025\/06\/Yellow_MM_Kestenholz_Branding_3-1024x724.jpg 1024w, https:\/\/www.markt-kom.com\/wp-content\/uploads\/2025\/06\/Yellow_MM_Kestenholz_Branding_3-768x543.jpg 768w, https:\/\/www.markt-kom.com\/wp-content\/uploads\/2025\/06\/Yellow_MM_Kestenholz_Branding_3-18x12.jpg 18w, https:\/\/www.markt-kom.com\/wp-content\/uploads\/2025\/06\/Yellow_MM_Kestenholz_Branding_3-247x175.jpg 247w, https:\/\/www.markt-kom.com\/wp-content\/uploads\/2025\/06\/Yellow_MM_Kestenholz_Branding_3-495x350.jpg 495w, https:\/\/www.markt-kom.com\/wp-content\/uploads\/2025\/06\/Yellow_MM_Kestenholz_Branding_3-1000x708.jpg 1000w\" alt=\"\" width=\"1200\" height=\"849\" \/><\/p>\r\n<p>Le Groupe Kestenholz, dont le si\u00e8ge principal est \u00e0 Pratteln, est sp\u00e9cialis\u00e9 dans les Mercedes-Benz et a quadrupl\u00e9 sa taille au cours des vingt derni\u00e8res ann\u00e9es. L'expansion s'est faite majoritairement en Allemagne, ce qui a amen\u00e9 la famille propri\u00e9taire \u00e0 repenser fondamentalement la signification de la marque. Une analyse effectu\u00e9e par Yellow a r\u00e9v\u00e9l\u00e9 que \"Kestenholz\" pouvait contribuer de mani\u00e8re significative \u00e0 la diff\u00e9renciation, sp\u00e9cialement en Allemagne, un pays tr\u00e8s concurrentiel. Le point de d\u00e9part du renouvellement de la marque \u00e9tait ainsi pos\u00e9.<\/p>\r\n<p>En partant de l'origine et de l'histoire de l'entreprise, les sp\u00e9cialistes de la marque b\u00e2loise ont affin\u00e9 les valeurs ainsi que le positionnement en collaboration avec la famille propri\u00e9taire et la direction et ont identifi\u00e9 les caract\u00e9ristiques de diff\u00e9renciation. Dans un deuxi\u00e8me temps, ils ont retravaill\u00e9 la Corporate Identity et le design.<\/p>\r\n<p>Les r\u00e9sultats sont document\u00e9s dans un manuel de marque complet qui sert de guide aux responsables marketing dans les diff\u00e9rentes r\u00e9gions de distribution. De plus, l'\u00e9quipe cr\u00e9ative a con\u00e7u un brand booklet compact pour les collaborateurs, qui leur sert de guide pour vivre activement la marque dans leur travail quotidien.<\/p>\r\n<p><a href=\"https:\/\/www.markt-kom.com\/de\/markom\/yellow-staerkt-kestenholz-fuer-die-zukunft\/attachment\/yellow_mm_kestenholz_branding_1\/\"><img class=\"attachment-full size-full\" src=\"https:\/\/www.markt-kom.com\/wp-content\/uploads\/2025\/06\/Yellow_MM_Kestenholz_Branding_1.jpg\" sizes=\"(max-width: 1200px) 100vw, 1200px\" srcset=\"https:\/\/www.markt-kom.com\/wp-content\/uploads\/2025\/06\/Yellow_MM_Kestenholz_Branding_1.jpg 1200w, https:\/\/www.markt-kom.com\/wp-content\/uploads\/2025\/06\/Yellow_MM_Kestenholz_Branding_1-600x425.jpg 600w, https:\/\/www.markt-kom.com\/wp-content\/uploads\/2025\/06\/Yellow_MM_Kestenholz_Branding_1-1024x724.jpg 1024w, https:\/\/www.markt-kom.com\/wp-content\/uploads\/2025\/06\/Yellow_MM_Kestenholz_Branding_1-768x543.jpg 768w, https:\/\/www.markt-kom.com\/wp-content\/uploads\/2025\/06\/Yellow_MM_Kestenholz_Branding_1-18x12.jpg 18w, https:\/\/www.markt-kom.com\/wp-content\/uploads\/2025\/06\/Yellow_MM_Kestenholz_Branding_1-247x175.jpg 247w, https:\/\/www.markt-kom.com\/wp-content\/uploads\/2025\/06\/Yellow_MM_Kestenholz_Branding_1-495x350.jpg 495w, https:\/\/www.markt-kom.com\/wp-content\/uploads\/2025\/06\/Yellow_MM_Kestenholz_Branding_1-1000x708.jpg 1000w\" alt=\"\" width=\"1200\" height=\"849\" \/><\/a> <a href=\"https:\/\/www.markt-kom.com\/de\/markom\/yellow-staerkt-kestenholz-fuer-die-zukunft\/attachment\/yellow_mm_kestenholz_branding_4\/\"><img class=\"attachment-full size-full\" src=\"https:\/\/www.markt-kom.com\/wp-content\/uploads\/2025\/06\/Yellow_MM_Kestenholz_Branding_4.jpg\" sizes=\"(max-width: 1200px) 100vw, 1200px\" srcset=\"https:\/\/www.markt-kom.com\/wp-content\/uploads\/2025\/06\/Yellow_MM_Kestenholz_Branding_4.jpg 1200w, https:\/\/www.markt-kom.com\/wp-content\/uploads\/2025\/06\/Yellow_MM_Kestenholz_Branding_4-600x425.jpg 600w, https:\/\/www.markt-kom.com\/wp-content\/uploads\/2025\/06\/Yellow_MM_Kestenholz_Branding_4-1024x724.jpg 1024w, https:\/\/www.markt-kom.com\/wp-content\/uploads\/2025\/06\/Yellow_MM_Kestenholz_Branding_4-768x543.jpg 768w, https:\/\/www.markt-kom.com\/wp-content\/uploads\/2025\/06\/Yellow_MM_Kestenholz_Branding_4-18x12.jpg 18w, https:\/\/www.markt-kom.com\/wp-content\/uploads\/2025\/06\/Yellow_MM_Kestenholz_Branding_4-247x175.jpg 247w, https:\/\/www.markt-kom.com\/wp-content\/uploads\/2025\/06\/Yellow_MM_Kestenholz_Branding_4-495x350.jpg 495w, https:\/\/www.markt-kom.com\/wp-content\/uploads\/2025\/06\/Yellow_MM_Kestenholz_Branding_4-1000x708.jpg 1000w\" alt=\"\" width=\"1200\" height=\"849\" \/><\/a><\/p>\r\n<p>Dans le cadre d'un camp de marque, Yellow a en outre sensibilis\u00e9 les membres de l'encadrement, au cours duquel le nouveau Corporate Movie a \u00e9galement \u00e9t\u00e9 pr\u00e9sent\u00e9 en avant-premi\u00e8re. Le d\u00e9partement cr\u00e9atif de Yellow accompagne d\u00e9sormais le d\u00e9ploiement du nouveau Corporate Design et soutient en permanence les \u00e9quipes de marketing dans le d\u00e9veloppement de mesures de communication qui renforcent la compr\u00e9hension interne et la perception externe de la marque.<\/p>\r\n<hr \/>\r\n<p><strong>Responsable au sein du Groupe Kestenholz<\/strong>\u00a0Thomas Kestenholz (CEO), Jan Kriwanek (Marketing), <strong>Agence <\/strong>Jaune, <strong>Partenaire Corporate Movie<\/strong>\u00a0Grunerfilms<\/p>","protected":false},"excerpt":{"rendered":"<p>Yellow a d\u00e9velopp\u00e9 diff\u00e9rents sc\u00e9narios pour Kestenholz et a r\u00e9orient\u00e9 la marque. L'agence accompagne d\u00e9sormais l'entreprise dans la mise en \u0153uvre de sa nouvelle strat\u00e9gie de marque.<\/p>","protected":false},"author":8,"featured_media":0,"comment_status":"closed","ping_status":"closed","sticky":false,"template":"","format":"standard","meta":{"_acf_changed":false,"_yoast_wpseo_focuskw":"Kestenholz","_yoast_wpseo_metadesc":"Yellow entwickelte f\u00fcr Kestenholz verschiedene Szenarien und richtete die Marke neu aus.","articlekey":"","footnotes":""},"categories":[29],"tags":[5376,4343,2729],"class_list":["post-38785","post","type-post","status-publish","format-standard","hentry","category-marketing","tag-kerstenholz","tag-markom","tag-yellow"],"acf":[],"yoast_head":"<!-- This site is optimized with the Yoast SEO plugin v27.5 - https:\/\/yoast.com\/product\/yoast-seo-wordpress\/ -->\n<title>Yellow st\u00e4rkt Kestenholz f\u00fcr die Zukunft - Organisator<\/title>\n<meta name=\"description\" content=\"Yellow entwickelte f\u00fcr Kestenholz verschiedene Szenarien und richtete die Marke neu aus.\" \/>\n<meta name=\"robots\" content=\"index, follow, max-snippet:-1, max-image-preview:large, max-video-preview:-1\" \/>\n<link rel=\"canonical\" href=\"https:\/\/www.organisator.ch\/fr\/marketing\/2025-06-10\/yellow-staerkt-kestenholz-fuer-die-zukunft\/\" \/>\n<meta property=\"og:locale\" content=\"fr_FR\" \/>\n<meta property=\"og:type\" content=\"article\" \/>\n<meta property=\"og:title\" content=\"Yellow st\u00e4rkt Kestenholz f\u00fcr die Zukunft - Organisator\" \/>\n<meta property=\"og:description\" content=\"Yellow entwickelte f\u00fcr Kestenholz verschiedene Szenarien und richtete die Marke neu aus.\" \/>\n<meta property=\"og:url\" content=\"https:\/\/www.organisator.ch\/fr\/marketing\/2025-06-10\/yellow-staerkt-kestenholz-fuer-die-zukunft\/\" \/>\n<meta property=\"og:site_name\" content=\"Organisator\" \/>\n<meta property=\"article:publisher\" content=\"https:\/\/www.facebook.com\/OrganisatorFachmagazin\" \/>\n<meta property=\"article:published_time\" content=\"2025-06-10T12:07:23+00:00\" \/>\n<meta property=\"article:modified_time\" content=\"2025-06-11T07:57:23+00:00\" \/>\n<meta name=\"author\" content=\"galledia\" \/>\n<meta name=\"twitter:card\" content=\"summary_large_image\" \/>\n<meta name=\"twitter:creator\" content=\"@admin\" \/>\n<script type=\"application\/ld+json\" class=\"yoast-schema-graph\">{\"@context\":\"https:\\\/\\\/schema.org\",\"@graph\":[{\"@type\":\"Article\",\"@id\":\"https:\\\/\\\/www.organisator.ch\\\/marketing\\\/2025-06-10\\\/yellow-staerkt-kestenholz-fuer-die-zukunft\\\/#article\",\"isPartOf\":{\"@id\":\"https:\\\/\\\/www.organisator.ch\\\/marketing\\\/2025-06-10\\\/yellow-staerkt-kestenholz-fuer-die-zukunft\\\/\"},\"author\":{\"name\":\"galledia\",\"@id\":\"https:\\\/\\\/www.organisator.ch\\\/#\\\/schema\\\/person\\\/4e51799071cd2dd1232ac003643ef5f0\"},\"headline\":\"Yellow st\u00e4rkt Kestenholz f\u00fcr die Zukunft\",\"datePublished\":\"2025-06-10T12:07:23+00:00\",\"dateModified\":\"2025-06-11T07:57:23+00:00\",\"mainEntityOfPage\":{\"@id\":\"https:\\\/\\\/www.organisator.ch\\\/marketing\\\/2025-06-10\\\/yellow-staerkt-kestenholz-fuer-die-zukunft\\\/\"},\"wordCount\":237,\"publisher\":{\"@id\":\"https:\\\/\\\/www.organisator.ch\\\/#organization\"},\"image\":{\"@id\":\"https:\\\/\\\/www.organisator.ch\\\/marketing\\\/2025-06-10\\\/yellow-staerkt-kestenholz-fuer-die-zukunft\\\/#primaryimage\"},\"thumbnailUrl\":\"https:\\\/\\\/www.markt-kom.com\\\/wp-content\\\/uploads\\\/2025\\\/06\\\/Yellow_MM_Kestenholz_Branding_3.jpg\",\"keywords\":[\"Kerstenholz\",\"MarKom\",\"Yellow\"],\"articleSection\":[\"MARKETING\"],\"inLanguage\":\"fr-FR\"},{\"@type\":\"WebPage\",\"@id\":\"https:\\\/\\\/www.organisator.ch\\\/marketing\\\/2025-06-10\\\/yellow-staerkt-kestenholz-fuer-die-zukunft\\\/\",\"url\":\"https:\\\/\\\/www.organisator.ch\\\/marketing\\\/2025-06-10\\\/yellow-staerkt-kestenholz-fuer-die-zukunft\\\/\",\"name\":\"Yellow st\u00e4rkt Kestenholz f\u00fcr die Zukunft - Organisator\",\"isPartOf\":{\"@id\":\"https:\\\/\\\/www.organisator.ch\\\/#website\"},\"primaryImageOfPage\":{\"@id\":\"https:\\\/\\\/www.organisator.ch\\\/marketing\\\/2025-06-10\\\/yellow-staerkt-kestenholz-fuer-die-zukunft\\\/#primaryimage\"},\"image\":{\"@id\":\"https:\\\/\\\/www.organisator.ch\\\/marketing\\\/2025-06-10\\\/yellow-staerkt-kestenholz-fuer-die-zukunft\\\/#primaryimage\"},\"thumbnailUrl\":\"https:\\\/\\\/www.markt-kom.com\\\/wp-content\\\/uploads\\\/2025\\\/06\\\/Yellow_MM_Kestenholz_Branding_3.jpg\",\"datePublished\":\"2025-06-10T12:07:23+00:00\",\"dateModified\":\"2025-06-11T07:57:23+00:00\",\"description\":\"Yellow entwickelte f\u00fcr Kestenholz verschiedene Szenarien und richtete die Marke neu aus.\",\"breadcrumb\":{\"@id\":\"https:\\\/\\\/www.organisator.ch\\\/marketing\\\/2025-06-10\\\/yellow-staerkt-kestenholz-fuer-die-zukunft\\\/#breadcrumb\"},\"inLanguage\":\"fr-FR\",\"potentialAction\":[{\"@type\":\"ReadAction\",\"target\":[\"https:\\\/\\\/www.organisator.ch\\\/marketing\\\/2025-06-10\\\/yellow-staerkt-kestenholz-fuer-die-zukunft\\\/\"]}]},{\"@type\":\"ImageObject\",\"inLanguage\":\"fr-FR\",\"@id\":\"https:\\\/\\\/www.organisator.ch\\\/marketing\\\/2025-06-10\\\/yellow-staerkt-kestenholz-fuer-die-zukunft\\\/#primaryimage\",\"url\":\"https:\\\/\\\/www.markt-kom.com\\\/wp-content\\\/uploads\\\/2025\\\/06\\\/Yellow_MM_Kestenholz_Branding_3.jpg\",\"contentUrl\":\"https:\\\/\\\/www.markt-kom.com\\\/wp-content\\\/uploads\\\/2025\\\/06\\\/Yellow_MM_Kestenholz_Branding_3.jpg\"},{\"@type\":\"BreadcrumbList\",\"@id\":\"https:\\\/\\\/www.organisator.ch\\\/marketing\\\/2025-06-10\\\/yellow-staerkt-kestenholz-fuer-die-zukunft\\\/#breadcrumb\",\"itemListElement\":[{\"@type\":\"ListItem\",\"position\":1,\"name\":\"Home\",\"item\":\"https:\\\/\\\/www.organisator.ch\\\/\"},{\"@type\":\"ListItem\",\"position\":2,\"name\":\"Yellow st\u00e4rkt Kestenholz f\u00fcr die Zukunft\"}]},{\"@type\":\"WebSite\",\"@id\":\"https:\\\/\\\/www.organisator.ch\\\/#website\",\"url\":\"https:\\\/\\\/www.organisator.ch\\\/\",\"name\":\"Organisator\",\"description\":\"Kompetent. Praxisnah. Der ORGANISATOR bereitet in 10 Ausgaben pro Jahr die wesentlichen Themen f\u00fcr F\u00fchrungskr\u00e4fte von KMU auf.\",\"publisher\":{\"@id\":\"https:\\\/\\\/www.organisator.ch\\\/#organization\"},\"potentialAction\":[{\"@type\":\"SearchAction\",\"target\":{\"@type\":\"EntryPoint\",\"urlTemplate\":\"https:\\\/\\\/www.organisator.ch\\\/?s={search_term_string}\"},\"query-input\":{\"@type\":\"PropertyValueSpecification\",\"valueRequired\":true,\"valueName\":\"search_term_string\"}}],\"inLanguage\":\"fr-FR\"},{\"@type\":\"Organization\",\"@id\":\"https:\\\/\\\/www.organisator.ch\\\/#organization\",\"name\":\"Organisator\",\"url\":\"https:\\\/\\\/www.organisator.ch\\\/\",\"logo\":{\"@type\":\"ImageObject\",\"inLanguage\":\"fr-FR\",\"@id\":\"https:\\\/\\\/www.organisator.ch\\\/#\\\/schema\\\/logo\\\/image\\\/\",\"url\":\"https:\\\/\\\/www.organisator.ch\\\/wp-content\\\/uploads\\\/2022\\\/01\\\/Logo_Organisator_Website.png\",\"contentUrl\":\"https:\\\/\\\/www.organisator.ch\\\/wp-content\\\/uploads\\\/2022\\\/01\\\/Logo_Organisator_Website.png\",\"width\":800,\"height\":77,\"caption\":\"Organisator\"},\"image\":{\"@id\":\"https:\\\/\\\/www.organisator.ch\\\/#\\\/schema\\\/logo\\\/image\\\/\"},\"sameAs\":[\"https:\\\/\\\/www.facebook.com\\\/OrganisatorFachmagazin\",\"https:\\\/\\\/www.linkedin.com\\\/showcase\\\/organisator-das-magazin-fr-kmu\",\"https:\\\/\\\/www.xing.com\\\/news\\\/pages\\\/organisator-ch-695\",\"https:\\\/\\\/www.youtube.com\\\/channel\\\/UCGP2Sq0iWaZwT3BdIAQFYpw\"]},{\"@type\":\"Person\",\"@id\":\"https:\\\/\\\/www.organisator.ch\\\/#\\\/schema\\\/person\\\/4e51799071cd2dd1232ac003643ef5f0\",\"name\":\"galledia\",\"image\":{\"@type\":\"ImageObject\",\"inLanguage\":\"fr-FR\",\"@id\":\"https:\\\/\\\/secure.gravatar.com\\\/avatar\\\/78a7f90c01fc2bfc875782a0d4922b37cde2cf184ce347b91316d23cd7f69a36?s=96&d=mm&r=g\",\"url\":\"https:\\\/\\\/secure.gravatar.com\\\/avatar\\\/78a7f90c01fc2bfc875782a0d4922b37cde2cf184ce347b91316d23cd7f69a36?s=96&d=mm&r=g\",\"contentUrl\":\"https:\\\/\\\/secure.gravatar.com\\\/avatar\\\/78a7f90c01fc2bfc875782a0d4922b37cde2cf184ce347b91316d23cd7f69a36?s=96&d=mm&r=g\",\"caption\":\"galledia\"},\"sameAs\":[\"https:\\\/\\\/x.com\\\/admin\"],\"url\":\"https:\\\/\\\/www.organisator.ch\\\/fr\\\/author\\\/galledia\\\/\"}]}<\/script>\n<!-- \/ Yoast SEO plugin. -->","yoast_head_json":{"title":"Yellow renforce Kestenholz pour l'avenir - Organisateur","description":"Yellow a d\u00e9velopp\u00e9 diff\u00e9rents sc\u00e9narios pour Kestenholz et a r\u00e9orient\u00e9 la marque.","robots":{"index":"index","follow":"follow","max-snippet":"max-snippet:-1","max-image-preview":"max-image-preview:large","max-video-preview":"max-video-preview:-1"},"canonical":"https:\/\/www.organisator.ch\/fr\/marketing\/2025-06-10\/yellow-staerkt-kestenholz-fuer-die-zukunft\/","og_locale":"fr_FR","og_type":"article","og_title":"Yellow st\u00e4rkt Kestenholz f\u00fcr die Zukunft - Organisator","og_description":"Yellow entwickelte f\u00fcr Kestenholz verschiedene Szenarien und richtete die Marke neu aus.","og_url":"https:\/\/www.organisator.ch\/fr\/marketing\/2025-06-10\/yellow-staerkt-kestenholz-fuer-die-zukunft\/","og_site_name":"Organisator","article_publisher":"https:\/\/www.facebook.com\/OrganisatorFachmagazin","article_published_time":"2025-06-10T12:07:23+00:00","article_modified_time":"2025-06-11T07:57:23+00:00","author":"galledia","twitter_card":"summary_large_image","twitter_creator":"@admin","schema":{"@context":"https:\/\/schema.org","@graph":[{"@type":"Article","@id":"https:\/\/www.organisator.ch\/marketing\/2025-06-10\/yellow-staerkt-kestenholz-fuer-die-zukunft\/#article","isPartOf":{"@id":"https:\/\/www.organisator.ch\/marketing\/2025-06-10\/yellow-staerkt-kestenholz-fuer-die-zukunft\/"},"author":{"name":"galledia","@id":"https:\/\/www.organisator.ch\/#\/schema\/person\/4e51799071cd2dd1232ac003643ef5f0"},"headline":"Yellow st\u00e4rkt Kestenholz f\u00fcr die Zukunft","datePublished":"2025-06-10T12:07:23+00:00","dateModified":"2025-06-11T07:57:23+00:00","mainEntityOfPage":{"@id":"https:\/\/www.organisator.ch\/marketing\/2025-06-10\/yellow-staerkt-kestenholz-fuer-die-zukunft\/"},"wordCount":237,"publisher":{"@id":"https:\/\/www.organisator.ch\/#organization"},"image":{"@id":"https:\/\/www.organisator.ch\/marketing\/2025-06-10\/yellow-staerkt-kestenholz-fuer-die-zukunft\/#primaryimage"},"thumbnailUrl":"https:\/\/www.markt-kom.com\/wp-content\/uploads\/2025\/06\/Yellow_MM_Kestenholz_Branding_3.jpg","keywords":["Kerstenholz","MarKom","Yellow"],"articleSection":["MARKETING"],"inLanguage":"fr-FR"},{"@type":"WebPage","@id":"https:\/\/www.organisator.ch\/marketing\/2025-06-10\/yellow-staerkt-kestenholz-fuer-die-zukunft\/","url":"https:\/\/www.organisator.ch\/marketing\/2025-06-10\/yellow-staerkt-kestenholz-fuer-die-zukunft\/","name":"Yellow renforce Kestenholz pour l'avenir - Organisateur","isPartOf":{"@id":"https:\/\/www.organisator.ch\/#website"},"primaryImageOfPage":{"@id":"https:\/\/www.organisator.ch\/marketing\/2025-06-10\/yellow-staerkt-kestenholz-fuer-die-zukunft\/#primaryimage"},"image":{"@id":"https:\/\/www.organisator.ch\/marketing\/2025-06-10\/yellow-staerkt-kestenholz-fuer-die-zukunft\/#primaryimage"},"thumbnailUrl":"https:\/\/www.markt-kom.com\/wp-content\/uploads\/2025\/06\/Yellow_MM_Kestenholz_Branding_3.jpg","datePublished":"2025-06-10T12:07:23+00:00","dateModified":"2025-06-11T07:57:23+00:00","description":"Yellow a d\u00e9velopp\u00e9 diff\u00e9rents sc\u00e9narios pour Kestenholz et a r\u00e9orient\u00e9 la marque.","breadcrumb":{"@id":"https:\/\/www.organisator.ch\/marketing\/2025-06-10\/yellow-staerkt-kestenholz-fuer-die-zukunft\/#breadcrumb"},"inLanguage":"fr-FR","potentialAction":[{"@type":"ReadAction","target":["https:\/\/www.organisator.ch\/marketing\/2025-06-10\/yellow-staerkt-kestenholz-fuer-die-zukunft\/"]}]},{"@type":"ImageObject","inLanguage":"fr-FR","@id":"https:\/\/www.organisator.ch\/marketing\/2025-06-10\/yellow-staerkt-kestenholz-fuer-die-zukunft\/#primaryimage","url":"https:\/\/www.markt-kom.com\/wp-content\/uploads\/2025\/06\/Yellow_MM_Kestenholz_Branding_3.jpg","contentUrl":"https:\/\/www.markt-kom.com\/wp-content\/uploads\/2025\/06\/Yellow_MM_Kestenholz_Branding_3.jpg"},{"@type":"BreadcrumbList","@id":"https:\/\/www.organisator.ch\/marketing\/2025-06-10\/yellow-staerkt-kestenholz-fuer-die-zukunft\/#breadcrumb","itemListElement":[{"@type":"ListItem","position":1,"name":"Home","item":"https:\/\/www.organisator.ch\/"},{"@type":"ListItem","position":2,"name":"Yellow st\u00e4rkt Kestenholz f\u00fcr die Zukunft"}]},{"@type":"WebSite","@id":"https:\/\/www.organisator.ch\/#website","url":"https:\/\/www.organisator.ch\/","name":"Organisateur","description":"Comp\u00e9tence et comp\u00e9tence. Proches de la pratique. L'ORGANISATEUR pr\u00e9pare 10 num\u00e9ros par an sur les th\u00e8mes essentiels pour les dirigeants de PME.","publisher":{"@id":"https:\/\/www.organisator.ch\/#organization"},"potentialAction":[{"@type":"SearchAction","target":{"@type":"EntryPoint","urlTemplate":"https:\/\/www.organisator.ch\/?s={search_term_string}"},"query-input":{"@type":"PropertyValueSpecification","valueRequired":true,"valueName":"search_term_string"}}],"inLanguage":"fr-FR"},{"@type":"Organization","@id":"https:\/\/www.organisator.ch\/#organization","name":"Organisateur","url":"https:\/\/www.organisator.ch\/","logo":{"@type":"ImageObject","inLanguage":"fr-FR","@id":"https:\/\/www.organisator.ch\/#\/schema\/logo\/image\/","url":"https:\/\/www.organisator.ch\/wp-content\/uploads\/2022\/01\/Logo_Organisator_Website.png","contentUrl":"https:\/\/www.organisator.ch\/wp-content\/uploads\/2022\/01\/Logo_Organisator_Website.png","width":800,"height":77,"caption":"Organisator"},"image":{"@id":"https:\/\/www.organisator.ch\/#\/schema\/logo\/image\/"},"sameAs":["https:\/\/www.facebook.com\/OrganisatorFachmagazin","https:\/\/www.linkedin.com\/showcase\/organisator-das-magazin-fr-kmu","https:\/\/www.xing.com\/news\/pages\/organisator-ch-695","https:\/\/www.youtube.com\/channel\/UCGP2Sq0iWaZwT3BdIAQFYpw"]},{"@type":"Person","@id":"https:\/\/www.organisator.ch\/#\/schema\/person\/4e51799071cd2dd1232ac003643ef5f0","name":"galledia","image":{"@type":"ImageObject","inLanguage":"fr-FR","@id":"https:\/\/secure.gravatar.com\/avatar\/78a7f90c01fc2bfc875782a0d4922b37cde2cf184ce347b91316d23cd7f69a36?s=96&d=mm&r=g","url":"https:\/\/secure.gravatar.com\/avatar\/78a7f90c01fc2bfc875782a0d4922b37cde2cf184ce347b91316d23cd7f69a36?s=96&d=mm&r=g","contentUrl":"https:\/\/secure.gravatar.com\/avatar\/78a7f90c01fc2bfc875782a0d4922b37cde2cf184ce347b91316d23cd7f69a36?s=96&d=mm&r=g","caption":"galledia"},"sameAs":["https:\/\/x.com\/admin"],"url":"https:\/\/www.organisator.ch\/fr\/author\/galledia\/"}]}},"_links":{"self":[{"href":"https:\/\/www.organisator.ch\/fr\/wp-json\/wp\/v2\/posts\/38785","targetHints":{"allow":["GET"]}}],"collection":[{"href":"https:\/\/www.organisator.ch\/fr\/wp-json\/wp\/v2\/posts"}],"about":[{"href":"https:\/\/www.organisator.ch\/fr\/wp-json\/wp\/v2\/types\/post"}],"author":[{"embeddable":true,"href":"https:\/\/www.organisator.ch\/fr\/wp-json\/wp\/v2\/users\/8"}],"replies":[{"embeddable":true,"href":"https:\/\/www.organisator.ch\/fr\/wp-json\/wp\/v2\/comments?post=38785"}],"version-history":[{"count":5,"href":"https:\/\/www.organisator.ch\/fr\/wp-json\/wp\/v2\/posts\/38785\/revisions"}],"predecessor-version":[{"id":38814,"href":"https:\/\/www.organisator.ch\/fr\/wp-json\/wp\/v2\/posts\/38785\/revisions\/38814"}],"wp:attachment":[{"href":"https:\/\/www.organisator.ch\/fr\/wp-json\/wp\/v2\/media?parent=38785"}],"wp:term":[{"taxonomy":"category","embeddable":true,"href":"https:\/\/www.organisator.ch\/fr\/wp-json\/wp\/v2\/categories?post=38785"},{"taxonomy":"post_tag","embeddable":true,"href":"https:\/\/www.organisator.ch\/fr\/wp-json\/wp\/v2\/tags?post=38785"}],"curies":[{"name":"wp","href":"https:\/\/api.w.org\/{rel}","templated":true}]}}