{"id":3879,"date":"2018-06-28T16:34:34","date_gmt":"2018-06-28T14:34:34","guid":{"rendered":"https:\/\/www.organisator.ch\/?p=3879"},"modified":"2018-06-28T16:34:34","modified_gmt":"2018-06-28T14:34:34","slug":"erfolgs-impuls-vergessen-sie-change-management","status":"publish","type":"post","link":"https:\/\/www.organisator.ch\/fr\/management\/2018-06-28\/erfolgs-impuls-vergessen-sie-change-management\/","title":{"rendered":"Impulsion du succ\u00e8s : oubliez la gestion du changement !"},"content":{"rendered":"<figure id=\"attachment_3881\" aria-describedby=\"caption-attachment-3881\" style=\"width: 640px\" class=\"wp-caption alignnone\"><img loading=\"lazy\" decoding=\"async\" class=\"size-full wp-image-3881\" src=\"https:\/\/www.organisator.ch\/wp-content\/uploads\/2018\/06\/Vergessen-Sie-Change-Management_Organisator.jpg\" alt=\"\" width=\"640\" height=\"433\" srcset=\"https:\/\/www.organisator.ch\/wp-content\/uploads\/2018\/06\/Vergessen-Sie-Change-Management_Organisator.jpg 640w, https:\/\/www.organisator.ch\/wp-content\/uploads\/2018\/06\/Vergessen-Sie-Change-Management_Organisator-16x12.jpg 16w, https:\/\/www.organisator.ch\/wp-content\/uploads\/2018\/06\/Vergessen-Sie-Change-Management_Organisator-259x175.jpg 259w, https:\/\/www.organisator.ch\/wp-content\/uploads\/2018\/06\/Vergessen-Sie-Change-Management_Organisator-517x350.jpg 517w, https:\/\/www.organisator.ch\/wp-content\/uploads\/2018\/06\/Vergessen-Sie-Change-Management_Organisator-300x203.jpg 300w\" sizes=\"auto, (max-width: 640px) 100vw, 640px\" \/><figcaption id=\"caption-attachment-3881\" class=\"wp-caption-text\">Le changement ne se g\u00e8re pas, il se construit. (Image : MH - Fotolia.com)<\/figcaption><\/figure>\n<p>Souvent, les mots que vous donnez aux th\u00e8mes sont importants. Exemples : que faire ? Parlez-vous au subjonctif ou \u00e0 l'indicatif ? Dites-vous \"nous <em>seront<\/em>\" ou \" nous <em>veulent<\/em>\" ? Choisissez des superlatifs (par exemple : \"le d\u00e9lai de livraison le plus court\") ou parlez de mani\u00e8re vague (\"un d\u00e9lai de livraison court\") ?<\/p>\n<p>Le fait est que, dans la soci\u00e9t\u00e9 et dans le monde des affaires, il arrive que des termes s'installent et sugg\u00e8rent une signification qui n'a pas de sens lorsqu'on y regarde de plus pr\u00e8s. Pour moi, la \"planification strat\u00e9gique\" fait partie de cette cat\u00e9gorie. En effet, soit on d\u00e9veloppe une strat\u00e9gie en partant d'une vision forte, soit on planifie en partant de l'\u00e9tat actuel. Dans de nombreuses entreprises, le r\u00e9sultat de la confusion est une strat\u00e9gie faible qui n'est rien d'autre que la continuation du pass\u00e9.<\/p>\n<h2>Ce que signifie vraiment \"gestion du changement\"...<\/h2>\n<p>Je traite r\u00e9guli\u00e8rement de l'importance du langage en tant qu'\u00e9l\u00e9ment important de la gestion. Aujourd'hui, je m'int\u00e9resse plus particuli\u00e8rement au terme trompeur de \"gestion du changement\". Quel est le probl\u00e8me avec ce terme ?<\/p>\n<p>Si l'on \"g\u00e8re\" le changement, cela signifie que l'on est r\u00e9actif. Le management n'est pas un travail de conception, mais de pilotage. On pilote et on optimise ce qui se passe de toute fa\u00e7on. C'est sans aucun doute une fonction importante dans les entreprises. Mais pas pour le changement !<\/p>\n<p>Il faut initier, concevoir et conduire le changement. Cela n'a rien \u00e0 voir avec la gestion, mais avec le leadership.<\/p>\n<h2>Initier le changement<\/h2>\n<p>Donc, si vous voulez vraiment le changement (ce dont on peut d'ailleurs douter pour la plupart des projets de changement), voici ce que vous devez faire :<\/p>\n<ol>\n<li><strong>Vision<\/strong>. Conduisez le changement plut\u00f4t que de le \"g\u00e9rer\". D\u00e9terminez une vision audacieuse et concevez les \u00e9tapes n\u00e9cessaires pour l'atteindre. C'est souvent le probl\u00e8me : je vois souvent des \"projets de changement\" avec une vision peu claire, c'est-\u00e0-dire o\u00f9 veut-on \u00eatre exactement apr\u00e8s le \"changement\" ? Que veut-on avoir atteint ? Sans une vision forte du changement, vous ne devriez pas vous lancer dans un projet de changement.<\/li>\n<li><strong>Mindset<\/strong>. Travaillez sur l'\u00e9tat d'esprit des personnes qui doivent concevoir le changement avec vous. Un \u00e9tat d'esprit inadapt\u00e9 est, selon moi, la raison la plus fr\u00e9quente de l'\u00e9chec des programmes de changement. Les gens doivent \u00eatre capables d'identifier clairement les raisons \u00e9motionnelles du changement et de s'engager \u00e0 le faire. Ce n'est souvent pas une t\u00e2che facile. Mais si l'on oublie de le faire, le changement s'enlise souvent avant d'avoir vraiment commenc\u00e9.<\/li>\n<li><strong>Courage<\/strong>. Prenez des risques. Oui, c'est vrai, vous n'obtiendrez jamais de v\u00e9ritable changement significatif sans risques ni \u00e9checs. Pour cela, il ne faut pas une \"gestion des risques\", mais un leadership qui permette de surmonter les \u00e9checs.<\/li>\n<\/ol>\n<p>Pensez-y lors du prochain changement et <em>cr\u00e9ent<\/em> vous le changement plut\u00f4t que de le <em>g\u00e9rer<\/em>. C'est l'une des diff\u00e9rences entre les entreprises exceptionnelles et les entreprises moyennes.<\/p>\n<p><em>Vers l'auteur :<br \/>\n<\/em><em>Volkmar V\u00f6lzke est un maximisateur de succ\u00e8s. Auteur de livres. Conseiller et consultant. Coach de formation. Orateur. <a href=\"http:\/\/www.volkmarvoelzke.ch\/\">www.volkmarvoelzke.ch<\/a><\/em><\/p>","protected":false},"excerpt":{"rendered":"<p>Oft ist es wichtig, welche Worte Sie Themen geben. Beispiele: Reden Sie im Konjunktiv oder Indikativ? Sagen Sie \u201cwir werden\u201d oder \u201cwir wollen\u201d? W\u00e4hlen Sie Superlative (z.B: \u201cdie k\u00fcrzeste Lieferzeit\u201d) oder reden Sie unbestimmt (\u201ceine kurze Lieferzeit\u201d)? Der Punkt ist der, dass sich in der Gesellschaft und im Business bisweilen Begriffe einschleifen, die eine Bedeutung [&hellip;]<\/p>\n","protected":false},"author":4,"featured_media":3881,"comment_status":"open","ping_status":"open","sticky":false,"template":"","format":"standard","meta":{"_acf_changed":false,"_yoast_wpseo_focuskw":"Change Management","_yoast_wpseo_metadesc":"L\u00e4sst sich Change einfach \"managen\" oder geh\u00f6rt mehr dazu? Lesen Sie einen neuen Erfolgs-Impuls unseres Gast-Kolumnisten Volkmar V\u00f6lzke.","articlekey":"","footnotes":""},"categories":[28],"tags":[112,306,335],"class_list":["post-3879","post","type-post","status-publish","format-standard","has-post-thumbnail","hentry","category-management","tag-change-management","tag-kolumne","tag-management-und-unternehmensfuehrung"],"acf":[],"yoast_head":"<!-- This site is optimized with the Yoast SEO plugin v27.5 - https:\/\/yoast.com\/product\/yoast-seo-wordpress\/ -->\n<title>Erfolgs-Impuls: Vergessen Sie Change Management! - Organisator<\/title>\n<meta name=\"description\" content=\"L\u00e4sst sich Change einfach &quot;managen&quot; oder geh\u00f6rt mehr dazu? Lesen Sie einen neuen Erfolgs-Impuls unseres Gast-Kolumnisten Volkmar V\u00f6lzke.\" \/>\n<meta name=\"robots\" content=\"index, follow, max-snippet:-1, max-image-preview:large, max-video-preview:-1\" \/>\n<link rel=\"canonical\" href=\"https:\/\/www.organisator.ch\/fr\/gestion-2\/2018-06-28\/erfolgs-impuls-vergessen-sie-change-management\/\" \/>\n<meta property=\"og:locale\" content=\"fr_FR\" \/>\n<meta property=\"og:type\" content=\"article\" \/>\n<meta property=\"og:title\" content=\"Vergessen Sie Change Management!\" \/>\n<meta property=\"og:description\" content=\"L\u00e4sst sich Change einfach &quot;managen&quot; oder geh\u00f6rt mehr dazu? Lesen Sie einen neuen Erfolgs-Impuls unseres Gast-Kolumnisten Volkmar V\u00f6lzke.\" \/>\n<meta property=\"og:url\" content=\"https:\/\/www.organisator.ch\/fr\/gestion-2\/2018-06-28\/erfolgs-impuls-vergessen-sie-change-management\/\" \/>\n<meta property=\"og:site_name\" content=\"Organisator\" \/>\n<meta property=\"article:publisher\" content=\"https:\/\/www.facebook.com\/OrganisatorFachmagazin\" \/>\n<meta property=\"article:published_time\" content=\"2018-06-28T14:34:34+00:00\" \/>\n<meta property=\"og:image\" content=\"https:\/\/www.organisator.ch\/wp-content\/uploads\/2018\/06\/Vergessen-Sie-Change-Management_Organisator.jpg\" \/>\n\t<meta property=\"og:image:width\" content=\"640\" \/>\n\t<meta property=\"og:image:height\" content=\"433\" \/>\n\t<meta property=\"og:image:type\" content=\"image\/jpeg\" \/>\n<meta name=\"author\" content=\"thomas.berner\" \/>\n<meta name=\"twitter:card\" content=\"summary_large_image\" \/>\n<meta name=\"twitter:title\" content=\"Vergessen Sie Change Management! #ChangeManagement\" \/>\n<meta name=\"twitter:description\" content=\"L\u00e4sst sich Change einfach &quot;managen&quot; oder geh\u00f6rt mehr dazu? Lesen Sie einen neuen #Erfolgs-Impuls unseres Gast-Kolumnisten Volkmar V\u00f6lzke.\" \/>\n<meta name=\"twitter:image\" content=\"https:\/\/www.organisator.ch\/wp-content\/uploads\/2018\/06\/Vergessen-Sie-Change-Management_Organisator.jpg\" \/>\n<script type=\"application\/ld+json\" class=\"yoast-schema-graph\">{\"@context\":\"https:\\\/\\\/schema.org\",\"@graph\":[{\"@type\":\"Article\",\"@id\":\"https:\\\/\\\/www.organisator.ch\\\/management\\\/2018-06-28\\\/erfolgs-impuls-vergessen-sie-change-management\\\/#article\",\"isPartOf\":{\"@id\":\"https:\\\/\\\/www.organisator.ch\\\/management\\\/2018-06-28\\\/erfolgs-impuls-vergessen-sie-change-management\\\/\"},\"author\":{\"name\":\"thomas.berner\",\"@id\":\"https:\\\/\\\/www.organisator.ch\\\/#\\\/schema\\\/person\\\/6f650f90b2842cd4c0cc334b4e36f67e\"},\"headline\":\"Erfolgs-Impuls: Vergessen Sie Change Management!\",\"datePublished\":\"2018-06-28T14:34:34+00:00\",\"mainEntityOfPage\":{\"@id\":\"https:\\\/\\\/www.organisator.ch\\\/management\\\/2018-06-28\\\/erfolgs-impuls-vergessen-sie-change-management\\\/\"},\"wordCount\":475,\"commentCount\":0,\"publisher\":{\"@id\":\"https:\\\/\\\/www.organisator.ch\\\/#organization\"},\"image\":{\"@id\":\"https:\\\/\\\/www.organisator.ch\\\/management\\\/2018-06-28\\\/erfolgs-impuls-vergessen-sie-change-management\\\/#primaryimage\"},\"thumbnailUrl\":\"https:\\\/\\\/www.organisator.ch\\\/wp-content\\\/uploads\\\/2018\\\/06\\\/Vergessen-Sie-Change-Management_Organisator.jpg\",\"keywords\":[\"Change Management\",\"Kolumne\",\"Management und Unternehmensf\u00fchrung\"],\"articleSection\":[\"MANAGEMENT\"],\"inLanguage\":\"fr-FR\"},{\"@type\":\"WebPage\",\"@id\":\"https:\\\/\\\/www.organisator.ch\\\/management\\\/2018-06-28\\\/erfolgs-impuls-vergessen-sie-change-management\\\/\",\"url\":\"https:\\\/\\\/www.organisator.ch\\\/management\\\/2018-06-28\\\/erfolgs-impuls-vergessen-sie-change-management\\\/\",\"name\":\"Erfolgs-Impuls: Vergessen Sie Change Management! - Organisator\",\"isPartOf\":{\"@id\":\"https:\\\/\\\/www.organisator.ch\\\/#website\"},\"primaryImageOfPage\":{\"@id\":\"https:\\\/\\\/www.organisator.ch\\\/management\\\/2018-06-28\\\/erfolgs-impuls-vergessen-sie-change-management\\\/#primaryimage\"},\"image\":{\"@id\":\"https:\\\/\\\/www.organisator.ch\\\/management\\\/2018-06-28\\\/erfolgs-impuls-vergessen-sie-change-management\\\/#primaryimage\"},\"thumbnailUrl\":\"https:\\\/\\\/www.organisator.ch\\\/wp-content\\\/uploads\\\/2018\\\/06\\\/Vergessen-Sie-Change-Management_Organisator.jpg\",\"datePublished\":\"2018-06-28T14:34:34+00:00\",\"description\":\"L\u00e4sst sich Change einfach \\\"managen\\\" oder geh\u00f6rt mehr dazu? Lesen Sie einen neuen Erfolgs-Impuls unseres Gast-Kolumnisten Volkmar V\u00f6lzke.\",\"breadcrumb\":{\"@id\":\"https:\\\/\\\/www.organisator.ch\\\/management\\\/2018-06-28\\\/erfolgs-impuls-vergessen-sie-change-management\\\/#breadcrumb\"},\"inLanguage\":\"fr-FR\",\"potentialAction\":[{\"@type\":\"ReadAction\",\"target\":[\"https:\\\/\\\/www.organisator.ch\\\/management\\\/2018-06-28\\\/erfolgs-impuls-vergessen-sie-change-management\\\/\"]}]},{\"@type\":\"ImageObject\",\"inLanguage\":\"fr-FR\",\"@id\":\"https:\\\/\\\/www.organisator.ch\\\/management\\\/2018-06-28\\\/erfolgs-impuls-vergessen-sie-change-management\\\/#primaryimage\",\"url\":\"https:\\\/\\\/www.organisator.ch\\\/wp-content\\\/uploads\\\/2018\\\/06\\\/Vergessen-Sie-Change-Management_Organisator.jpg\",\"contentUrl\":\"https:\\\/\\\/www.organisator.ch\\\/wp-content\\\/uploads\\\/2018\\\/06\\\/Vergessen-Sie-Change-Management_Organisator.jpg\",\"width\":640,\"height\":433,\"caption\":\"Change muss man nicht managen sondern gestalten. (Bild: MH - Fotolia.com)\"},{\"@type\":\"BreadcrumbList\",\"@id\":\"https:\\\/\\\/www.organisator.ch\\\/management\\\/2018-06-28\\\/erfolgs-impuls-vergessen-sie-change-management\\\/#breadcrumb\",\"itemListElement\":[{\"@type\":\"ListItem\",\"position\":1,\"name\":\"Home\",\"item\":\"https:\\\/\\\/www.organisator.ch\\\/\"},{\"@type\":\"ListItem\",\"position\":2,\"name\":\"Erfolgs-Impuls: Vergessen Sie Change Management!\"}]},{\"@type\":\"WebSite\",\"@id\":\"https:\\\/\\\/www.organisator.ch\\\/#website\",\"url\":\"https:\\\/\\\/www.organisator.ch\\\/\",\"name\":\"Organisator\",\"description\":\"Kompetent. Praxisnah. Der ORGANISATOR bereitet in 10 Ausgaben pro Jahr die wesentlichen Themen f\u00fcr F\u00fchrungskr\u00e4fte von KMU auf.\",\"publisher\":{\"@id\":\"https:\\\/\\\/www.organisator.ch\\\/#organization\"},\"potentialAction\":[{\"@type\":\"SearchAction\",\"target\":{\"@type\":\"EntryPoint\",\"urlTemplate\":\"https:\\\/\\\/www.organisator.ch\\\/?s={search_term_string}\"},\"query-input\":{\"@type\":\"PropertyValueSpecification\",\"valueRequired\":true,\"valueName\":\"search_term_string\"}}],\"inLanguage\":\"fr-FR\"},{\"@type\":\"Organization\",\"@id\":\"https:\\\/\\\/www.organisator.ch\\\/#organization\",\"name\":\"Organisator\",\"url\":\"https:\\\/\\\/www.organisator.ch\\\/\",\"logo\":{\"@type\":\"ImageObject\",\"inLanguage\":\"fr-FR\",\"@id\":\"https:\\\/\\\/www.organisator.ch\\\/#\\\/schema\\\/logo\\\/image\\\/\",\"url\":\"https:\\\/\\\/www.organisator.ch\\\/wp-content\\\/uploads\\\/2022\\\/01\\\/Logo_Organisator_Website.png\",\"contentUrl\":\"https:\\\/\\\/www.organisator.ch\\\/wp-content\\\/uploads\\\/2022\\\/01\\\/Logo_Organisator_Website.png\",\"width\":800,\"height\":77,\"caption\":\"Organisator\"},\"image\":{\"@id\":\"https:\\\/\\\/www.organisator.ch\\\/#\\\/schema\\\/logo\\\/image\\\/\"},\"sameAs\":[\"https:\\\/\\\/www.facebook.com\\\/OrganisatorFachmagazin\",\"https:\\\/\\\/www.linkedin.com\\\/showcase\\\/organisator-das-magazin-fr-kmu\",\"https:\\\/\\\/www.xing.com\\\/news\\\/pages\\\/organisator-ch-695\",\"https:\\\/\\\/www.youtube.com\\\/channel\\\/UCGP2Sq0iWaZwT3BdIAQFYpw\"]},{\"@type\":\"Person\",\"@id\":\"https:\\\/\\\/www.organisator.ch\\\/#\\\/schema\\\/person\\\/6f650f90b2842cd4c0cc334b4e36f67e\",\"name\":\"thomas.berner\",\"image\":{\"@type\":\"ImageObject\",\"inLanguage\":\"fr-FR\",\"@id\":\"https:\\\/\\\/secure.gravatar.com\\\/avatar\\\/ac5001d2a36cb6c6cd3e50789007ffca834b477b74a2144564522e944eabff61?s=96&d=mm&r=g\",\"url\":\"https:\\\/\\\/secure.gravatar.com\\\/avatar\\\/ac5001d2a36cb6c6cd3e50789007ffca834b477b74a2144564522e944eabff61?s=96&d=mm&r=g\",\"contentUrl\":\"https:\\\/\\\/secure.gravatar.com\\\/avatar\\\/ac5001d2a36cb6c6cd3e50789007ffca834b477b74a2144564522e944eabff61?s=96&d=mm&r=g\",\"caption\":\"thomas.berner\"},\"url\":\"https:\\\/\\\/www.organisator.ch\\\/fr\\\/author\\\/thomas-berner\\\/\"}]}<\/script>\n<!-- \/ Yoast SEO plugin. -->","yoast_head_json":{"title":"Impulsion du succ\u00e8s : oubliez la gestion du changement ! - Organisateur","description":"Le changement peut-il \u00eatre simplement \"g\u00e9r\u00e9\" ou faut-il davantage ? Lisez une nouvelle impulsion pour le succ\u00e8s de notre chroniqueur invit\u00e9 Volkmar V\u00f6lzke.","robots":{"index":"index","follow":"follow","max-snippet":"max-snippet:-1","max-image-preview":"max-image-preview:large","max-video-preview":"max-video-preview:-1"},"canonical":"https:\/\/www.organisator.ch\/fr\/gestion-2\/2018-06-28\/erfolgs-impuls-vergessen-sie-change-management\/","og_locale":"fr_FR","og_type":"article","og_title":"Vergessen Sie Change Management!","og_description":"L\u00e4sst sich Change einfach \"managen\" oder geh\u00f6rt mehr dazu? Lesen Sie einen neuen Erfolgs-Impuls unseres Gast-Kolumnisten Volkmar V\u00f6lzke.","og_url":"https:\/\/www.organisator.ch\/fr\/gestion-2\/2018-06-28\/erfolgs-impuls-vergessen-sie-change-management\/","og_site_name":"Organisator","article_publisher":"https:\/\/www.facebook.com\/OrganisatorFachmagazin","article_published_time":"2018-06-28T14:34:34+00:00","og_image":[{"width":640,"height":433,"url":"https:\/\/www.organisator.ch\/wp-content\/uploads\/2018\/06\/Vergessen-Sie-Change-Management_Organisator.jpg","type":"image\/jpeg"}],"author":"thomas.berner","twitter_card":"summary_large_image","twitter_title":"Vergessen Sie Change Management! #ChangeManagement","twitter_description":"L\u00e4sst sich Change einfach \"managen\" oder geh\u00f6rt mehr dazu? Lesen Sie einen neuen #Erfolgs-Impuls unseres Gast-Kolumnisten Volkmar V\u00f6lzke.","twitter_image":"https:\/\/www.organisator.ch\/wp-content\/uploads\/2018\/06\/Vergessen-Sie-Change-Management_Organisator.jpg","schema":{"@context":"https:\/\/schema.org","@graph":[{"@type":"Article","@id":"https:\/\/www.organisator.ch\/management\/2018-06-28\/erfolgs-impuls-vergessen-sie-change-management\/#article","isPartOf":{"@id":"https:\/\/www.organisator.ch\/management\/2018-06-28\/erfolgs-impuls-vergessen-sie-change-management\/"},"author":{"name":"thomas.berner","@id":"https:\/\/www.organisator.ch\/#\/schema\/person\/6f650f90b2842cd4c0cc334b4e36f67e"},"headline":"Erfolgs-Impuls: Vergessen Sie Change Management!","datePublished":"2018-06-28T14:34:34+00:00","mainEntityOfPage":{"@id":"https:\/\/www.organisator.ch\/management\/2018-06-28\/erfolgs-impuls-vergessen-sie-change-management\/"},"wordCount":475,"commentCount":0,"publisher":{"@id":"https:\/\/www.organisator.ch\/#organization"},"image":{"@id":"https:\/\/www.organisator.ch\/management\/2018-06-28\/erfolgs-impuls-vergessen-sie-change-management\/#primaryimage"},"thumbnailUrl":"https:\/\/www.organisator.ch\/wp-content\/uploads\/2018\/06\/Vergessen-Sie-Change-Management_Organisator.jpg","keywords":["Change Management","Kolumne","Management und Unternehmensf\u00fchrung"],"articleSection":["MANAGEMENT"],"inLanguage":"fr-FR"},{"@type":"WebPage","@id":"https:\/\/www.organisator.ch\/management\/2018-06-28\/erfolgs-impuls-vergessen-sie-change-management\/","url":"https:\/\/www.organisator.ch\/management\/2018-06-28\/erfolgs-impuls-vergessen-sie-change-management\/","name":"Impulsion du succ\u00e8s : oubliez la gestion du changement ! - Organisateur","isPartOf":{"@id":"https:\/\/www.organisator.ch\/#website"},"primaryImageOfPage":{"@id":"https:\/\/www.organisator.ch\/management\/2018-06-28\/erfolgs-impuls-vergessen-sie-change-management\/#primaryimage"},"image":{"@id":"https:\/\/www.organisator.ch\/management\/2018-06-28\/erfolgs-impuls-vergessen-sie-change-management\/#primaryimage"},"thumbnailUrl":"https:\/\/www.organisator.ch\/wp-content\/uploads\/2018\/06\/Vergessen-Sie-Change-Management_Organisator.jpg","datePublished":"2018-06-28T14:34:34+00:00","description":"Le changement peut-il \u00eatre simplement \"g\u00e9r\u00e9\" ou faut-il davantage ? Lisez une nouvelle impulsion pour le succ\u00e8s de notre chroniqueur invit\u00e9 Volkmar V\u00f6lzke.","breadcrumb":{"@id":"https:\/\/www.organisator.ch\/management\/2018-06-28\/erfolgs-impuls-vergessen-sie-change-management\/#breadcrumb"},"inLanguage":"fr-FR","potentialAction":[{"@type":"ReadAction","target":["https:\/\/www.organisator.ch\/management\/2018-06-28\/erfolgs-impuls-vergessen-sie-change-management\/"]}]},{"@type":"ImageObject","inLanguage":"fr-FR","@id":"https:\/\/www.organisator.ch\/management\/2018-06-28\/erfolgs-impuls-vergessen-sie-change-management\/#primaryimage","url":"https:\/\/www.organisator.ch\/wp-content\/uploads\/2018\/06\/Vergessen-Sie-Change-Management_Organisator.jpg","contentUrl":"https:\/\/www.organisator.ch\/wp-content\/uploads\/2018\/06\/Vergessen-Sie-Change-Management_Organisator.jpg","width":640,"height":433,"caption":"Change muss man nicht managen sondern gestalten. (Bild: MH - Fotolia.com)"},{"@type":"BreadcrumbList","@id":"https:\/\/www.organisator.ch\/management\/2018-06-28\/erfolgs-impuls-vergessen-sie-change-management\/#breadcrumb","itemListElement":[{"@type":"ListItem","position":1,"name":"Home","item":"https:\/\/www.organisator.ch\/"},{"@type":"ListItem","position":2,"name":"Erfolgs-Impuls: Vergessen Sie Change Management!"}]},{"@type":"WebSite","@id":"https:\/\/www.organisator.ch\/#website","url":"https:\/\/www.organisator.ch\/","name":"Organisateur","description":"Comp\u00e9tence et comp\u00e9tence. Proches de la pratique. L'ORGANISATEUR pr\u00e9pare 10 num\u00e9ros par an sur les th\u00e8mes essentiels pour les dirigeants de PME.","publisher":{"@id":"https:\/\/www.organisator.ch\/#organization"},"potentialAction":[{"@type":"SearchAction","target":{"@type":"EntryPoint","urlTemplate":"https:\/\/www.organisator.ch\/?s={search_term_string}"},"query-input":{"@type":"PropertyValueSpecification","valueRequired":true,"valueName":"search_term_string"}}],"inLanguage":"fr-FR"},{"@type":"Organization","@id":"https:\/\/www.organisator.ch\/#organization","name":"Organisateur","url":"https:\/\/www.organisator.ch\/","logo":{"@type":"ImageObject","inLanguage":"fr-FR","@id":"https:\/\/www.organisator.ch\/#\/schema\/logo\/image\/","url":"https:\/\/www.organisator.ch\/wp-content\/uploads\/2022\/01\/Logo_Organisator_Website.png","contentUrl":"https:\/\/www.organisator.ch\/wp-content\/uploads\/2022\/01\/Logo_Organisator_Website.png","width":800,"height":77,"caption":"Organisator"},"image":{"@id":"https:\/\/www.organisator.ch\/#\/schema\/logo\/image\/"},"sameAs":["https:\/\/www.facebook.com\/OrganisatorFachmagazin","https:\/\/www.linkedin.com\/showcase\/organisator-das-magazin-fr-kmu","https:\/\/www.xing.com\/news\/pages\/organisator-ch-695","https:\/\/www.youtube.com\/channel\/UCGP2Sq0iWaZwT3BdIAQFYpw"]},{"@type":"Person","@id":"https:\/\/www.organisator.ch\/#\/schema\/person\/6f650f90b2842cd4c0cc334b4e36f67e","name":"thomas.berner","image":{"@type":"ImageObject","inLanguage":"fr-FR","@id":"https:\/\/secure.gravatar.com\/avatar\/ac5001d2a36cb6c6cd3e50789007ffca834b477b74a2144564522e944eabff61?s=96&d=mm&r=g","url":"https:\/\/secure.gravatar.com\/avatar\/ac5001d2a36cb6c6cd3e50789007ffca834b477b74a2144564522e944eabff61?s=96&d=mm&r=g","contentUrl":"https:\/\/secure.gravatar.com\/avatar\/ac5001d2a36cb6c6cd3e50789007ffca834b477b74a2144564522e944eabff61?s=96&d=mm&r=g","caption":"thomas.berner"},"url":"https:\/\/www.organisator.ch\/fr\/author\/thomas-berner\/"}]}},"_links":{"self":[{"href":"https:\/\/www.organisator.ch\/fr\/wp-json\/wp\/v2\/posts\/3879","targetHints":{"allow":["GET"]}}],"collection":[{"href":"https:\/\/www.organisator.ch\/fr\/wp-json\/wp\/v2\/posts"}],"about":[{"href":"https:\/\/www.organisator.ch\/fr\/wp-json\/wp\/v2\/types\/post"}],"author":[{"embeddable":true,"href":"https:\/\/www.organisator.ch\/fr\/wp-json\/wp\/v2\/users\/4"}],"replies":[{"embeddable":true,"href":"https:\/\/www.organisator.ch\/fr\/wp-json\/wp\/v2\/comments?post=3879"}],"version-history":[{"count":0,"href":"https:\/\/www.organisator.ch\/fr\/wp-json\/wp\/v2\/posts\/3879\/revisions"}],"wp:featuredmedia":[{"embeddable":true,"href":"https:\/\/www.organisator.ch\/fr\/wp-json\/wp\/v2\/media\/3881"}],"wp:attachment":[{"href":"https:\/\/www.organisator.ch\/fr\/wp-json\/wp\/v2\/media?parent=3879"}],"wp:term":[{"taxonomy":"category","embeddable":true,"href":"https:\/\/www.organisator.ch\/fr\/wp-json\/wp\/v2\/categories?post=3879"},{"taxonomy":"post_tag","embeddable":true,"href":"https:\/\/www.organisator.ch\/fr\/wp-json\/wp\/v2\/tags?post=3879"}],"curies":[{"name":"wp","href":"https:\/\/api.w.org\/{rel}","templated":true}]}}