{"id":38790,"date":"2025-06-10T16:07:52","date_gmt":"2025-06-10T14:07:52","guid":{"rendered":"https:\/\/www.organisator.ch\/?p=38790"},"modified":"2025-06-10T16:07:52","modified_gmt":"2025-06-10T14:07:52","slug":"it-dienstleister-tn-regelt-nachfolge","status":"publish","type":"post","link":"https:\/\/www.organisator.ch\/fr\/management\/2025-06-10\/it-dienstleister-tn-regelt-nachfolge\/","title":{"rendered":"Le prestataire de services informatiques T&amp;N r\u00e8gle sa succession"},"content":{"rendered":"<figure id=\"attachment_38791\" aria-describedby=\"caption-attachment-38791\" style=\"width: 680px\" class=\"wp-caption alignnone\"><img loading=\"lazy\" decoding=\"async\" class=\"wp-image-38791 size-full\" src=\"https:\/\/www.organisator.ch\/wp-content\/uploads\/2025\/06\/IT-Dienstleister-TN-regelt-Nachfolge_Organisator.jpg\" alt=\"\" width=\"680\" height=\"453\" srcset=\"https:\/\/www.organisator.ch\/wp-content\/uploads\/2025\/06\/IT-Dienstleister-TN-regelt-Nachfolge_Organisator.jpg 680w, https:\/\/www.organisator.ch\/wp-content\/uploads\/2025\/06\/IT-Dienstleister-TN-regelt-Nachfolge_Organisator-18x12.jpg 18w, https:\/\/www.organisator.ch\/wp-content\/uploads\/2025\/06\/IT-Dienstleister-TN-regelt-Nachfolge_Organisator-375x250.jpg 375w, https:\/\/www.organisator.ch\/wp-content\/uploads\/2025\/06\/IT-Dienstleister-TN-regelt-Nachfolge_Organisator-525x350.jpg 525w\" sizes=\"auto, (max-width: 680px) 100vw, 680px\" \/><figcaption id=\"caption-attachment-38791\" class=\"wp-caption-text\">Dirk Walla, CEO WTG (\u00e0 gauche), Hermann Graf, CEO T&amp;N (\u00e0 droite). (Image : T&amp;N Telekom &amp; Netzwerk GmbH)<\/figcaption><\/figure>\n<p>Depuis pr\u00e8s de 30 ans, le groupe T&amp;N est une constante importante dans le paysage des TIC en Suisse et en Autriche. Fond\u00e9e en octobre 1996, une vision ambitieuse a donn\u00e9 naissance \u00e0 une entreprise comptant environ 180 collaborateurs r\u00e9partis sur 12 sites. Aujourd'hui, l'entreprise est un partenaire appr\u00e9ci\u00e9 pour les services ICT, la s\u00e9curit\u00e9 informatique, le cloud computing et de nombreuses autres solutions.<\/p>\n<h3><b>Une \u00e9tape importante<\/b><\/h3>\n<p>Apr\u00e8s une pr\u00e9paration minutieuse, les fondateurs de l'entreprise, Brigitte et Hermann Graf, ont d\u00e9cid\u00e9 de r\u00e9gler la succession du groupe T&amp;N et d'assurer ainsi le d\u00e9veloppement \u00e0 long terme de l'entreprise. Dans ce contexte, le 27 mai 2025, la soci\u00e9t\u00e9 WTG Holding GmbH, dont le si\u00e8ge est \u00e0 Berlin, a repris 100 % des actions de T&amp;N Holding et donc toutes les entreprises li\u00e9es en Suisse et en Autriche. WTG est - comme T&amp;N - une entreprise familiale avec une histoire impressionnante de 112 ans et est pr\u00e9sente avec 12 sites en Allemagne, avec un d\u00e9veloppement de logiciels en Pologne et avec un petit site en Suisse.<\/p>\n<h3><b>Synergies et nouvelles perspectives<\/b><\/h3>\n<p>WTG et le groupe T&amp;N sont parfaitement compatibles, selon un communiqu\u00e9 de presse publi\u00e9 \u00e0 cette occasion. \"L\u00e0 o\u00f9 les forces se recoupent, des synergies puissantes se cr\u00e9ent et de nouvelles opportunit\u00e9s et perspectives s'ouvrent dans les domaines que seule l'une des deux entreprises couvrait jusqu'\u00e0 pr\u00e9sent\", fait savoir T&amp;N.<\/p>\n<p>Le groupe d'entreprises couvrira les pays Suisse et Autriche au sein du groupe WTG et conservera son autonomie. Pour les clients, cette \u00e9tape signifie qu'ils profiteront \u00e0 l'avenir des nouvelles synergies. L'offre sera d\u00e9velopp\u00e9e de mani\u00e8re cibl\u00e9e et le r\u00e9seau agrandi permettra \u00e9galement des \u00e9volutions positives. En m\u00eame temps, on peut compter sur la qualit\u00e9 habituelle de T&amp;N, promet l'entreprise.<\/p>\n<h3><b>Changement et constance<\/b><\/h3>\n<p>L'entreprise aborde l'avenir non seulement avec le m\u00eame nom, mais aussi avec une \u00e9quipe solide derri\u00e8re elle. Les contrats de travail, les t\u00e2ches, les sites et les responsabilit\u00e9s resteront inchang\u00e9s. La direction de T&amp;N est \u00e9galement maintenue pour le moment, ce qui doit garantir la continuit\u00e9 et la fiabilit\u00e9. Ainsi, le fondateur de l'entreprise, Hermann Graf, restera CEO et membre du conseil d'administration jusqu'au 31 mars 2026. Il continuera ensuite \u00e0 si\u00e9ger au conseil d'administration et \u00e0 conseiller les nouveaux propri\u00e9taires. Une personne qualifi\u00e9e est recherch\u00e9e pour lui succ\u00e9der en tant que CEO.<\/p>\n<h3><b>Grandir ensemble<\/b><\/h3>\n<p>\"Pour nous, il \u00e9tait essentiel de trouver une solution qui g\u00e9n\u00e8re des synergies et un potentiel d'innovation - une double \u00e9nergie pour un avenir prometteur\", explique Hermann Graf \u00e0 propos de cette d\u00e9cision. \"Nous comptons sur l'engagement et les comp\u00e9tences de nos collaborateurs, car chacun et chacune contribue \u00e0 notre succ\u00e8s commun\". Cette \u00e9tape de d\u00e9veloppement permet au groupe T&amp;N de renforcer encore sa position sur le march\u00e9, souligne Hermann Graf. \"Avec WTG, nous avons trouv\u00e9 un partenaire qui partage nos valeurs et avec lequel nous pouvons grandir ensemble. Nous nous r\u00e9jouissons de continuer \u00e0 \u00e9crire ensemble l'histoire du succ\u00e8s de T&amp;N - avec de nouveaux chapitres et des perspectives passionnantes\".<\/p>\n<p><em>Source et informations compl\u00e9mentaires : <a href=\"http:\/\/www.tn-ict.com\">T&amp;N<\/a><\/em><\/p>","protected":false},"excerpt":{"rendered":"<p>Apr\u00e8s 30 ans, le groupe T&amp;N franchit une \u00e9tape importante de son d\u00e9veloppement : le prestataire suisse de services informatiques et de t\u00e9l\u00e9communications r\u00e8gle la succession des fondateurs de l'entreprise Brigitte et Hermann Graf et fait d\u00e9sormais partie de WTG Holding GmbH.<\/p>","protected":false},"author":4,"featured_media":38791,"comment_status":"closed","ping_status":"closed","sticky":false,"template":"","format":"standard","meta":{"_acf_changed":false,"_yoast_wpseo_focuskw":"T&N","_yoast_wpseo_metadesc":"Der IT-Dienstleister f\u00fcr Informatik und Telekommunikation T&N regelt die Nachfolge der Unternehmensgr\u00fcnder Brigitte und Hermann Graf.","articlekey":"","footnotes":""},"categories":[28],"tags":[207,286,335,492],"class_list":["post-38790","post","type-post","status-publish","format-standard","has-post-thumbnail","hentry","category-management","tag-firmennachfolge","tag-it","tag-management-und-unternehmensfuehrung","tag-unternehmen"],"acf":[],"yoast_head":"<!-- This site is optimized with the Yoast SEO plugin v27.5 - https:\/\/yoast.com\/product\/yoast-seo-wordpress\/ -->\n<title>IT-Dienstleister T&amp;N regelt Nachfolge - Organisator<\/title>\n<meta name=\"description\" content=\"Der IT-Dienstleister f\u00fcr Informatik und Telekommunikation T&amp;N regelt die Nachfolge der Unternehmensgr\u00fcnder Brigitte und Hermann Graf.\" \/>\n<meta name=\"robots\" content=\"index, follow, max-snippet:-1, max-image-preview:large, max-video-preview:-1\" \/>\n<link rel=\"canonical\" href=\"https:\/\/www.organisator.ch\/fr\/gestion-2\/2025-06-10\/it-dienstleister-tn-regelt-nachfolge\/\" \/>\n<meta property=\"og:locale\" content=\"fr_FR\" \/>\n<meta property=\"og:type\" content=\"article\" \/>\n<meta property=\"og:title\" content=\"IT-Dienstleister T&amp;N regelt Nachfolge\" \/>\n<meta property=\"og:description\" content=\"Der IT-Dienstleister f\u00fcr Informatik und Telekommunikation T&amp;N regelt die Nachfolge der Unternehmensgr\u00fcnder Brigitte und Hermann Graf.\" \/>\n<meta property=\"og:url\" content=\"https:\/\/www.organisator.ch\/fr\/gestion-2\/2025-06-10\/it-dienstleister-tn-regelt-nachfolge\/\" \/>\n<meta property=\"og:site_name\" content=\"Organisator\" \/>\n<meta property=\"article:publisher\" content=\"https:\/\/www.facebook.com\/OrganisatorFachmagazin\" \/>\n<meta property=\"article:published_time\" content=\"2025-06-10T14:07:52+00:00\" \/>\n<meta property=\"og:image\" content=\"https:\/\/www.organisator.ch\/wp-content\/uploads\/2025\/06\/IT-Dienstleister-TN-regelt-Nachfolge_Organisator.jpg\" \/>\n\t<meta property=\"og:image:width\" content=\"680\" \/>\n\t<meta property=\"og:image:height\" content=\"453\" \/>\n\t<meta property=\"og:image:type\" content=\"image\/jpeg\" \/>\n<meta name=\"author\" content=\"thomas.berner\" \/>\n<meta name=\"twitter:card\" content=\"summary_large_image\" \/>\n<meta name=\"twitter:title\" content=\"#IT-Dienstleister #T&amp;N regelt Nachfolge\" \/>\n<meta name=\"twitter:description\" content=\"Der #IT-Dienstleister f\u00fcr Informatik und Telekommunikation #T&amp;N regelt die Nachfolge der Unternehmensgr\u00fcnder Brigitte und Hermann Graf.\" \/>\n<meta name=\"twitter:image\" content=\"https:\/\/www.organisator.ch\/wp-content\/uploads\/2025\/06\/IT-Dienstleister-TN-regelt-Nachfolge_Organisator.jpg\" \/>\n<script type=\"application\/ld+json\" class=\"yoast-schema-graph\">{\"@context\":\"https:\\\/\\\/schema.org\",\"@graph\":[{\"@type\":\"Article\",\"@id\":\"https:\\\/\\\/www.organisator.ch\\\/management\\\/2025-06-10\\\/it-dienstleister-tn-regelt-nachfolge\\\/#article\",\"isPartOf\":{\"@id\":\"https:\\\/\\\/www.organisator.ch\\\/management\\\/2025-06-10\\\/it-dienstleister-tn-regelt-nachfolge\\\/\"},\"author\":{\"name\":\"thomas.berner\",\"@id\":\"https:\\\/\\\/www.organisator.ch\\\/#\\\/schema\\\/person\\\/6f650f90b2842cd4c0cc334b4e36f67e\"},\"headline\":\"IT-Dienstleister T&#038;N regelt Nachfolge\",\"datePublished\":\"2025-06-10T14:07:52+00:00\",\"mainEntityOfPage\":{\"@id\":\"https:\\\/\\\/www.organisator.ch\\\/management\\\/2025-06-10\\\/it-dienstleister-tn-regelt-nachfolge\\\/\"},\"wordCount\":542,\"publisher\":{\"@id\":\"https:\\\/\\\/www.organisator.ch\\\/#organization\"},\"image\":{\"@id\":\"https:\\\/\\\/www.organisator.ch\\\/management\\\/2025-06-10\\\/it-dienstleister-tn-regelt-nachfolge\\\/#primaryimage\"},\"thumbnailUrl\":\"https:\\\/\\\/www.organisator.ch\\\/wp-content\\\/uploads\\\/2025\\\/06\\\/IT-Dienstleister-TN-regelt-Nachfolge_Organisator.jpg\",\"keywords\":[\"Firmennachfolge\",\"IT\",\"Management und Unternehmensf\u00fchrung\",\"Unternehmen\"],\"articleSection\":[\"MANAGEMENT\"],\"inLanguage\":\"fr-FR\"},{\"@type\":\"WebPage\",\"@id\":\"https:\\\/\\\/www.organisator.ch\\\/management\\\/2025-06-10\\\/it-dienstleister-tn-regelt-nachfolge\\\/\",\"url\":\"https:\\\/\\\/www.organisator.ch\\\/management\\\/2025-06-10\\\/it-dienstleister-tn-regelt-nachfolge\\\/\",\"name\":\"IT-Dienstleister T&N regelt Nachfolge - Organisator\",\"isPartOf\":{\"@id\":\"https:\\\/\\\/www.organisator.ch\\\/#website\"},\"primaryImageOfPage\":{\"@id\":\"https:\\\/\\\/www.organisator.ch\\\/management\\\/2025-06-10\\\/it-dienstleister-tn-regelt-nachfolge\\\/#primaryimage\"},\"image\":{\"@id\":\"https:\\\/\\\/www.organisator.ch\\\/management\\\/2025-06-10\\\/it-dienstleister-tn-regelt-nachfolge\\\/#primaryimage\"},\"thumbnailUrl\":\"https:\\\/\\\/www.organisator.ch\\\/wp-content\\\/uploads\\\/2025\\\/06\\\/IT-Dienstleister-TN-regelt-Nachfolge_Organisator.jpg\",\"datePublished\":\"2025-06-10T14:07:52+00:00\",\"description\":\"Der IT-Dienstleister f\u00fcr Informatik und Telekommunikation T&N regelt die Nachfolge der Unternehmensgr\u00fcnder Brigitte und Hermann Graf.\",\"breadcrumb\":{\"@id\":\"https:\\\/\\\/www.organisator.ch\\\/management\\\/2025-06-10\\\/it-dienstleister-tn-regelt-nachfolge\\\/#breadcrumb\"},\"inLanguage\":\"fr-FR\",\"potentialAction\":[{\"@type\":\"ReadAction\",\"target\":[\"https:\\\/\\\/www.organisator.ch\\\/management\\\/2025-06-10\\\/it-dienstleister-tn-regelt-nachfolge\\\/\"]}]},{\"@type\":\"ImageObject\",\"inLanguage\":\"fr-FR\",\"@id\":\"https:\\\/\\\/www.organisator.ch\\\/management\\\/2025-06-10\\\/it-dienstleister-tn-regelt-nachfolge\\\/#primaryimage\",\"url\":\"https:\\\/\\\/www.organisator.ch\\\/wp-content\\\/uploads\\\/2025\\\/06\\\/IT-Dienstleister-TN-regelt-Nachfolge_Organisator.jpg\",\"contentUrl\":\"https:\\\/\\\/www.organisator.ch\\\/wp-content\\\/uploads\\\/2025\\\/06\\\/IT-Dienstleister-TN-regelt-Nachfolge_Organisator.jpg\",\"width\":680,\"height\":453,\"caption\":\"Dirk Walla, CEO WTG (links), Hermann Graf, CEO T&amp;N (rechts) \\\/ Weiterer Text \u00fcber ots und www.presseportal.ch\\\/de\\\/nr\\\/100061850 \\\/ Die Verwendung dieses Bildes f\u00fcr redaktionelle Zwecke ist unter Beachtung aller mitgeteilten Nutzungsbedingungen zul\u00e4ssig und dann auch honorarfrei. Ver\u00f6ffentlichung ausschlie\u00dflich mit Bildrechte-Hinweis.\"},{\"@type\":\"BreadcrumbList\",\"@id\":\"https:\\\/\\\/www.organisator.ch\\\/management\\\/2025-06-10\\\/it-dienstleister-tn-regelt-nachfolge\\\/#breadcrumb\",\"itemListElement\":[{\"@type\":\"ListItem\",\"position\":1,\"name\":\"Home\",\"item\":\"https:\\\/\\\/www.organisator.ch\\\/\"},{\"@type\":\"ListItem\",\"position\":2,\"name\":\"IT-Dienstleister T&#038;N regelt Nachfolge\"}]},{\"@type\":\"WebSite\",\"@id\":\"https:\\\/\\\/www.organisator.ch\\\/#website\",\"url\":\"https:\\\/\\\/www.organisator.ch\\\/\",\"name\":\"Organisator\",\"description\":\"Kompetent. Praxisnah. Der ORGANISATOR bereitet in 10 Ausgaben pro Jahr die wesentlichen Themen f\u00fcr F\u00fchrungskr\u00e4fte von KMU auf.\",\"publisher\":{\"@id\":\"https:\\\/\\\/www.organisator.ch\\\/#organization\"},\"potentialAction\":[{\"@type\":\"SearchAction\",\"target\":{\"@type\":\"EntryPoint\",\"urlTemplate\":\"https:\\\/\\\/www.organisator.ch\\\/?s={search_term_string}\"},\"query-input\":{\"@type\":\"PropertyValueSpecification\",\"valueRequired\":true,\"valueName\":\"search_term_string\"}}],\"inLanguage\":\"fr-FR\"},{\"@type\":\"Organization\",\"@id\":\"https:\\\/\\\/www.organisator.ch\\\/#organization\",\"name\":\"Organisator\",\"url\":\"https:\\\/\\\/www.organisator.ch\\\/\",\"logo\":{\"@type\":\"ImageObject\",\"inLanguage\":\"fr-FR\",\"@id\":\"https:\\\/\\\/www.organisator.ch\\\/#\\\/schema\\\/logo\\\/image\\\/\",\"url\":\"https:\\\/\\\/www.organisator.ch\\\/wp-content\\\/uploads\\\/2022\\\/01\\\/Logo_Organisator_Website.png\",\"contentUrl\":\"https:\\\/\\\/www.organisator.ch\\\/wp-content\\\/uploads\\\/2022\\\/01\\\/Logo_Organisator_Website.png\",\"width\":800,\"height\":77,\"caption\":\"Organisator\"},\"image\":{\"@id\":\"https:\\\/\\\/www.organisator.ch\\\/#\\\/schema\\\/logo\\\/image\\\/\"},\"sameAs\":[\"https:\\\/\\\/www.facebook.com\\\/OrganisatorFachmagazin\",\"https:\\\/\\\/www.linkedin.com\\\/showcase\\\/organisator-das-magazin-fr-kmu\",\"https:\\\/\\\/www.xing.com\\\/news\\\/pages\\\/organisator-ch-695\",\"https:\\\/\\\/www.youtube.com\\\/channel\\\/UCGP2Sq0iWaZwT3BdIAQFYpw\"]},{\"@type\":\"Person\",\"@id\":\"https:\\\/\\\/www.organisator.ch\\\/#\\\/schema\\\/person\\\/6f650f90b2842cd4c0cc334b4e36f67e\",\"name\":\"thomas.berner\",\"image\":{\"@type\":\"ImageObject\",\"inLanguage\":\"fr-FR\",\"@id\":\"https:\\\/\\\/secure.gravatar.com\\\/avatar\\\/ac5001d2a36cb6c6cd3e50789007ffca834b477b74a2144564522e944eabff61?s=96&d=mm&r=g\",\"url\":\"https:\\\/\\\/secure.gravatar.com\\\/avatar\\\/ac5001d2a36cb6c6cd3e50789007ffca834b477b74a2144564522e944eabff61?s=96&d=mm&r=g\",\"contentUrl\":\"https:\\\/\\\/secure.gravatar.com\\\/avatar\\\/ac5001d2a36cb6c6cd3e50789007ffca834b477b74a2144564522e944eabff61?s=96&d=mm&r=g\",\"caption\":\"thomas.berner\"},\"url\":\"https:\\\/\\\/www.organisator.ch\\\/fr\\\/author\\\/thomas-berner\\\/\"}]}<\/script>\n<!-- \/ Yoast SEO plugin. -->","yoast_head_json":{"title":"Le prestataire de services informatiques T&amp;N r\u00e8gle sa succession - Organisateur","description":"Le prestataire de services informatiques et de t\u00e9l\u00e9communications T&amp;N r\u00e8gle la succession des fondateurs de l'entreprise, Brigitte et Hermann Graf.","robots":{"index":"index","follow":"follow","max-snippet":"max-snippet:-1","max-image-preview":"max-image-preview:large","max-video-preview":"max-video-preview:-1"},"canonical":"https:\/\/www.organisator.ch\/fr\/gestion-2\/2025-06-10\/it-dienstleister-tn-regelt-nachfolge\/","og_locale":"fr_FR","og_type":"article","og_title":"IT-Dienstleister T&N regelt Nachfolge","og_description":"Der IT-Dienstleister f\u00fcr Informatik und Telekommunikation T&N regelt die Nachfolge der Unternehmensgr\u00fcnder Brigitte und Hermann Graf.","og_url":"https:\/\/www.organisator.ch\/fr\/gestion-2\/2025-06-10\/it-dienstleister-tn-regelt-nachfolge\/","og_site_name":"Organisator","article_publisher":"https:\/\/www.facebook.com\/OrganisatorFachmagazin","article_published_time":"2025-06-10T14:07:52+00:00","og_image":[{"width":680,"height":453,"url":"https:\/\/www.organisator.ch\/wp-content\/uploads\/2025\/06\/IT-Dienstleister-TN-regelt-Nachfolge_Organisator.jpg","type":"image\/jpeg"}],"author":"thomas.berner","twitter_card":"summary_large_image","twitter_title":"#IT-Dienstleister #T&N regelt Nachfolge","twitter_description":"Der #IT-Dienstleister f\u00fcr Informatik und Telekommunikation #T&N regelt die Nachfolge der Unternehmensgr\u00fcnder Brigitte und Hermann Graf.","twitter_image":"https:\/\/www.organisator.ch\/wp-content\/uploads\/2025\/06\/IT-Dienstleister-TN-regelt-Nachfolge_Organisator.jpg","schema":{"@context":"https:\/\/schema.org","@graph":[{"@type":"Article","@id":"https:\/\/www.organisator.ch\/management\/2025-06-10\/it-dienstleister-tn-regelt-nachfolge\/#article","isPartOf":{"@id":"https:\/\/www.organisator.ch\/management\/2025-06-10\/it-dienstleister-tn-regelt-nachfolge\/"},"author":{"name":"thomas.berner","@id":"https:\/\/www.organisator.ch\/#\/schema\/person\/6f650f90b2842cd4c0cc334b4e36f67e"},"headline":"IT-Dienstleister T&#038;N regelt Nachfolge","datePublished":"2025-06-10T14:07:52+00:00","mainEntityOfPage":{"@id":"https:\/\/www.organisator.ch\/management\/2025-06-10\/it-dienstleister-tn-regelt-nachfolge\/"},"wordCount":542,"publisher":{"@id":"https:\/\/www.organisator.ch\/#organization"},"image":{"@id":"https:\/\/www.organisator.ch\/management\/2025-06-10\/it-dienstleister-tn-regelt-nachfolge\/#primaryimage"},"thumbnailUrl":"https:\/\/www.organisator.ch\/wp-content\/uploads\/2025\/06\/IT-Dienstleister-TN-regelt-Nachfolge_Organisator.jpg","keywords":["Firmennachfolge","IT","Management und Unternehmensf\u00fchrung","Unternehmen"],"articleSection":["MANAGEMENT"],"inLanguage":"fr-FR"},{"@type":"WebPage","@id":"https:\/\/www.organisator.ch\/management\/2025-06-10\/it-dienstleister-tn-regelt-nachfolge\/","url":"https:\/\/www.organisator.ch\/management\/2025-06-10\/it-dienstleister-tn-regelt-nachfolge\/","name":"Le prestataire de services informatiques T&amp;N r\u00e8gle sa succession - Organisateur","isPartOf":{"@id":"https:\/\/www.organisator.ch\/#website"},"primaryImageOfPage":{"@id":"https:\/\/www.organisator.ch\/management\/2025-06-10\/it-dienstleister-tn-regelt-nachfolge\/#primaryimage"},"image":{"@id":"https:\/\/www.organisator.ch\/management\/2025-06-10\/it-dienstleister-tn-regelt-nachfolge\/#primaryimage"},"thumbnailUrl":"https:\/\/www.organisator.ch\/wp-content\/uploads\/2025\/06\/IT-Dienstleister-TN-regelt-Nachfolge_Organisator.jpg","datePublished":"2025-06-10T14:07:52+00:00","description":"Le prestataire de services informatiques et de t\u00e9l\u00e9communications T&amp;N r\u00e8gle la succession des fondateurs de l'entreprise, Brigitte et Hermann Graf.","breadcrumb":{"@id":"https:\/\/www.organisator.ch\/management\/2025-06-10\/it-dienstleister-tn-regelt-nachfolge\/#breadcrumb"},"inLanguage":"fr-FR","potentialAction":[{"@type":"ReadAction","target":["https:\/\/www.organisator.ch\/management\/2025-06-10\/it-dienstleister-tn-regelt-nachfolge\/"]}]},{"@type":"ImageObject","inLanguage":"fr-FR","@id":"https:\/\/www.organisator.ch\/management\/2025-06-10\/it-dienstleister-tn-regelt-nachfolge\/#primaryimage","url":"https:\/\/www.organisator.ch\/wp-content\/uploads\/2025\/06\/IT-Dienstleister-TN-regelt-Nachfolge_Organisator.jpg","contentUrl":"https:\/\/www.organisator.ch\/wp-content\/uploads\/2025\/06\/IT-Dienstleister-TN-regelt-Nachfolge_Organisator.jpg","width":680,"height":453,"caption":"Dirk Walla, CEO WTG (links), Hermann Graf, CEO T&amp;N (rechts) \/ Weiterer Text \u00fcber ots und www.presseportal.ch\/de\/nr\/100061850 \/ Die Verwendung dieses Bildes f\u00fcr redaktionelle Zwecke ist unter Beachtung aller mitgeteilten Nutzungsbedingungen zul\u00e4ssig und dann auch honorarfrei. Ver\u00f6ffentlichung ausschlie\u00dflich mit Bildrechte-Hinweis."},{"@type":"BreadcrumbList","@id":"https:\/\/www.organisator.ch\/management\/2025-06-10\/it-dienstleister-tn-regelt-nachfolge\/#breadcrumb","itemListElement":[{"@type":"ListItem","position":1,"name":"Home","item":"https:\/\/www.organisator.ch\/"},{"@type":"ListItem","position":2,"name":"IT-Dienstleister T&#038;N regelt Nachfolge"}]},{"@type":"WebSite","@id":"https:\/\/www.organisator.ch\/#website","url":"https:\/\/www.organisator.ch\/","name":"Organisateur","description":"Comp\u00e9tence et comp\u00e9tence. Proches de la pratique. L'ORGANISATEUR pr\u00e9pare 10 num\u00e9ros par an sur les th\u00e8mes essentiels pour les dirigeants de PME.","publisher":{"@id":"https:\/\/www.organisator.ch\/#organization"},"potentialAction":[{"@type":"SearchAction","target":{"@type":"EntryPoint","urlTemplate":"https:\/\/www.organisator.ch\/?s={search_term_string}"},"query-input":{"@type":"PropertyValueSpecification","valueRequired":true,"valueName":"search_term_string"}}],"inLanguage":"fr-FR"},{"@type":"Organization","@id":"https:\/\/www.organisator.ch\/#organization","name":"Organisateur","url":"https:\/\/www.organisator.ch\/","logo":{"@type":"ImageObject","inLanguage":"fr-FR","@id":"https:\/\/www.organisator.ch\/#\/schema\/logo\/image\/","url":"https:\/\/www.organisator.ch\/wp-content\/uploads\/2022\/01\/Logo_Organisator_Website.png","contentUrl":"https:\/\/www.organisator.ch\/wp-content\/uploads\/2022\/01\/Logo_Organisator_Website.png","width":800,"height":77,"caption":"Organisator"},"image":{"@id":"https:\/\/www.organisator.ch\/#\/schema\/logo\/image\/"},"sameAs":["https:\/\/www.facebook.com\/OrganisatorFachmagazin","https:\/\/www.linkedin.com\/showcase\/organisator-das-magazin-fr-kmu","https:\/\/www.xing.com\/news\/pages\/organisator-ch-695","https:\/\/www.youtube.com\/channel\/UCGP2Sq0iWaZwT3BdIAQFYpw"]},{"@type":"Person","@id":"https:\/\/www.organisator.ch\/#\/schema\/person\/6f650f90b2842cd4c0cc334b4e36f67e","name":"thomas.berner","image":{"@type":"ImageObject","inLanguage":"fr-FR","@id":"https:\/\/secure.gravatar.com\/avatar\/ac5001d2a36cb6c6cd3e50789007ffca834b477b74a2144564522e944eabff61?s=96&d=mm&r=g","url":"https:\/\/secure.gravatar.com\/avatar\/ac5001d2a36cb6c6cd3e50789007ffca834b477b74a2144564522e944eabff61?s=96&d=mm&r=g","contentUrl":"https:\/\/secure.gravatar.com\/avatar\/ac5001d2a36cb6c6cd3e50789007ffca834b477b74a2144564522e944eabff61?s=96&d=mm&r=g","caption":"thomas.berner"},"url":"https:\/\/www.organisator.ch\/fr\/author\/thomas-berner\/"}]}},"_links":{"self":[{"href":"https:\/\/www.organisator.ch\/fr\/wp-json\/wp\/v2\/posts\/38790","targetHints":{"allow":["GET"]}}],"collection":[{"href":"https:\/\/www.organisator.ch\/fr\/wp-json\/wp\/v2\/posts"}],"about":[{"href":"https:\/\/www.organisator.ch\/fr\/wp-json\/wp\/v2\/types\/post"}],"author":[{"embeddable":true,"href":"https:\/\/www.organisator.ch\/fr\/wp-json\/wp\/v2\/users\/4"}],"replies":[{"embeddable":true,"href":"https:\/\/www.organisator.ch\/fr\/wp-json\/wp\/v2\/comments?post=38790"}],"version-history":[{"count":4,"href":"https:\/\/www.organisator.ch\/fr\/wp-json\/wp\/v2\/posts\/38790\/revisions"}],"predecessor-version":[{"id":38829,"href":"https:\/\/www.organisator.ch\/fr\/wp-json\/wp\/v2\/posts\/38790\/revisions\/38829"}],"wp:featuredmedia":[{"embeddable":true,"href":"https:\/\/www.organisator.ch\/fr\/wp-json\/wp\/v2\/media\/38791"}],"wp:attachment":[{"href":"https:\/\/www.organisator.ch\/fr\/wp-json\/wp\/v2\/media?parent=38790"}],"wp:term":[{"taxonomy":"category","embeddable":true,"href":"https:\/\/www.organisator.ch\/fr\/wp-json\/wp\/v2\/categories?post=38790"},{"taxonomy":"post_tag","embeddable":true,"href":"https:\/\/www.organisator.ch\/fr\/wp-json\/wp\/v2\/tags?post=38790"}],"curies":[{"name":"wp","href":"https:\/\/api.w.org\/{rel}","templated":true}]}}