{"id":388,"date":"2016-07-04T16:25:57","date_gmt":"2016-07-04T14:25:57","guid":{"rendered":"https:\/\/dev.umweltperspektiven.ch\/?p=388"},"modified":"2016-07-04T16:25:57","modified_gmt":"2016-07-04T14:25:57","slug":"strengere-effizienzkriterien-fuer-neuwagen","status":"publish","type":"post","link":"https:\/\/www.organisator.ch\/fr\/allgemein\/2016-07-04\/strengere-effizienzkriterien-fuer-neuwagen\/","title":{"rendered":"Des crit\u00e8res d'efficacit\u00e9 plus stricts pour les voitures neuves"},"content":{"rendered":"<figure id=\"attachment_389\" aria-describedby=\"caption-attachment-389\" style=\"width: 680px\" class=\"wp-caption alignnone\"><a href=\"\/\/dev.umweltperspektiven.ch\/wp-content\/uploads\/2016\/12\/Strengere-Effizienzkriterien-f\u00fcr-Neuwagen-umweltperspektiven.jpg\"><img loading=\"lazy\" decoding=\"async\" class=\"size-medium wp-image-389\" src=\"\/\/dev.umweltperspektiven.ch\/wp-content\/uploads\/2016\/12\/Strengere-Effizienzkriterien-f\u00fcr-Neuwagen-umweltperspektiven.jpg\" alt=\"Label \u00e9nerg\u00e9tique pour les voitures neuves : les crit\u00e8res d&#039;efficacit\u00e9 sont renforc\u00e9s\" width=\"680\" height=\"522\" \/><\/a><figcaption id=\"caption-attachment-389\" class=\"wp-caption-text\">Label \u00e9nerg\u00e9tique pour les voitures neuves : les crit\u00e8res d'efficacit\u00e9 sont renforc\u00e9s<\/figcaption><\/figure>\n<p>www.news.admin.ch - Des crit\u00e8res d'efficacit\u00e9 plus stricts pour les voitures neuves \u00e0 partir du 1er janvier 2017<\/p>\n<p>Depuis mars 2003, l'\u00e9tiquette-\u00e9nergie pour les voitures de tourisme doit \u00eatre appos\u00e9e de mani\u00e8re bien visible sur chaque voiture neuve propos\u00e9e \u00e0 la vente. L'\u00e9tiquette-\u00e9nergie r\u00e9partit les voitures particuli\u00e8res en sept cat\u00e9gories d'efficacit\u00e9 de A \u00e0 G : A correspond \u00e0 un v\u00e9hicule efficace sur le plan \u00e9nerg\u00e9tique, G \u00e0 un v\u00e9hicule relativement inefficace. L'\u00e9tiquette contient en outre d'autres indications, comme la consommation de carburant ou les \u00e9missions de CO2, et permet ainsi d'acheter une voiture en tenant compte de l'\u00e9nergie et de l'environnement.<\/p>\n<p>L'\u00e9tiquette-\u00e9nergie est adapt\u00e9e chaque ann\u00e9e par le DETEC (date de r\u00e9f\u00e9rence : 31 mai) \u00e0 l'\u00e9tat le plus r\u00e9cent de la technique, faute de quoi la proportion de v\u00e9hicules appartenant \u00e0 la meilleure cat\u00e9gorie d'efficacit\u00e9 A ne cesserait d'augmenter. Les facteurs utilis\u00e9s pour calculer les \u00e9quivalents essence et les \u00e9quivalents \u00e9nergie primaire-essence sont \u00e9galement v\u00e9rifi\u00e9s \u00e0 cette occasion et adapt\u00e9s aux nouvelles connaissances scientifiques et techniques ainsi qu'aux d\u00e9veloppements internationaux. Les nouvelles limites des cat\u00e9gories d'efficacit\u00e9 sont fix\u00e9es dans l'ordonnance du DETEC sur les donn\u00e9es figurant sur l'\u00e9tiquette-\u00e9nergie des voitures de tourisme neuves (OEE-VT). Elles sont applicables \u00e0 partir du 1er janvier 2017. Par ailleurs, les facteurs d'\u00e9missions de CO2 provenant de la production de carburant ont \u00e9t\u00e9 nouvellement int\u00e9gr\u00e9s dans l'ordonnance. Jusqu'\u00e0 pr\u00e9sent, seules les \u00e9missions de CO2 dues \u00e0 la production d'\u00e9lectricit\u00e9 figuraient sur l'\u00e9tiquette.<\/p>\n<p>L'\u00e9tiquette-\u00e9nergie doit \u00e9galement indiquer la valeur moyenne des \u00e9missions de CO2 de toutes les voitures neuves mises en circulation au cours de la p\u00e9riode pr\u00e9c\u00e9dente (1er juin - 31 mai). Jusqu'\u00e0 pr\u00e9sent, cette moyenne \u00e9tait de 139 grammes de CO2 par kilom\u00e8tre. Gr\u00e2ce \u00e0 l'am\u00e9lioration des moteurs, la consommation de carburant et les \u00e9missions de CO2 des voitures neuves ne cessent toutefois de diminuer, si bien que la moyenne des \u00e9missions de CO2 pour les mod\u00e8les de voitures neuves en Suisse est d\u00e9sormais de 134 g\/km.<\/p>","protected":false},"excerpt":{"rendered":"<p>www.news.admin.ch &#8211; Strengere Effizienzkriterien f\u00fcr Neuwagen ab 1. Januar 2017 Seit M\u00e4rz 2003 muss die Energieetikette f\u00fcr Personenwagen gut sichtbar bei jedem zum Verkauf angebotenen Neuwagen angebracht sein. Die Energieetikette unterteilt die Personenwagen in sieben Effizienzkategorien von A bis G: A steht f\u00fcr ein energieeffizientes, G f\u00fcr ein vergleichsweise ineffizientes Fahrzeug. Daneben enth\u00e4lt die Etikette [&hellip;]<\/p>\n","protected":false},"author":1,"featured_media":9386,"comment_status":"open","ping_status":"open","sticky":false,"template":"","format":"standard","meta":{"_acf_changed":false,"_yoast_wpseo_focuskw":"Neuwagen","_yoast_wpseo_metadesc":"Ab 1. Januar 2017 gelten versch\u00e4rfte Effizienzkategorien f\u00fcr die Energieetiketten von Personenwagen.","articlekey":"","footnotes":""},"categories":[1],"tags":[928,1066,1155,354,2454],"class_list":["post-388","post","type-post","status-publish","format-standard","has-post-thumbnail","hentry","category-allgemein","tag-co2","tag-energieeffizienz","tag-fahrzeuge","tag-mobilitaet","tag-verkehr"],"acf":[],"yoast_head":"<!-- This site is optimized with the Yoast SEO plugin v27.4 - https:\/\/yoast.com\/product\/yoast-seo-wordpress\/ -->\n<title>Strengere Effizienzkriterien f\u00fcr Neuwagen - Organisator<\/title>\n<meta name=\"description\" content=\"Ab 1. Januar 2017 gelten versch\u00e4rfte Effizienzkategorien f\u00fcr die Energieetiketten von Personenwagen.\" \/>\n<meta name=\"robots\" content=\"index, follow, max-snippet:-1, max-image-preview:large, max-video-preview:-1\" \/>\n<link rel=\"canonical\" href=\"https:\/\/www.organisator.ch\/fr\/general\/2016-07-04\/strengere-effizienzkriterien-fuer-neuwagen\/\" \/>\n<meta property=\"og:locale\" content=\"fr_FR\" \/>\n<meta property=\"og:type\" content=\"article\" \/>\n<meta property=\"og:title\" content=\"Strengere Effizienzkriterien f\u00fcr Neuwagen - Organisator\" \/>\n<meta property=\"og:description\" content=\"Ab 1. Januar 2017 gelten versch\u00e4rfte Effizienzkategorien f\u00fcr die Energieetiketten von Personenwagen.\" \/>\n<meta property=\"og:url\" content=\"https:\/\/www.organisator.ch\/fr\/general\/2016-07-04\/strengere-effizienzkriterien-fuer-neuwagen\/\" \/>\n<meta property=\"og:site_name\" content=\"Organisator\" \/>\n<meta property=\"article:publisher\" content=\"https:\/\/www.facebook.com\/OrganisatorFachmagazin\" \/>\n<meta property=\"article:published_time\" content=\"2016-07-04T14:25:57+00:00\" \/>\n<meta property=\"og:image\" content=\"https:\/\/www.organisator.ch\/wp-content\/uploads\/2016\/12\/Strengere-Effizienzkriterien-fuer-Neuwagen-umweltperspektiven.jpg\" \/>\n\t<meta property=\"og:image:width\" content=\"999\" \/>\n\t<meta property=\"og:image:height\" content=\"767\" \/>\n\t<meta property=\"og:image:type\" content=\"image\/jpeg\" \/>\n<meta name=\"author\" content=\"admin\" \/>\n<meta name=\"twitter:card\" content=\"summary_large_image\" \/>\n<script type=\"application\/ld+json\" class=\"yoast-schema-graph\">{\"@context\":\"https:\\\/\\\/schema.org\",\"@graph\":[{\"@type\":\"Article\",\"@id\":\"https:\\\/\\\/www.organisator.ch\\\/en\\\/general\\\/2016-07-04\\\/strengere-effizienzkriterien-fuer-neuwagen\\\/#article\",\"isPartOf\":{\"@id\":\"https:\\\/\\\/www.organisator.ch\\\/en\\\/general\\\/2016-07-04\\\/strengere-effizienzkriterien-fuer-neuwagen\\\/\"},\"author\":{\"name\":\"admin\",\"@id\":\"https:\\\/\\\/www.organisator.ch\\\/#\\\/schema\\\/person\\\/aa2bace6c5c5aad60102004a50c4eb1c\"},\"headline\":\"Strengere Effizienzkriterien f\u00fcr Neuwagen\",\"datePublished\":\"2016-07-04T14:25:57+00:00\",\"mainEntityOfPage\":{\"@id\":\"https:\\\/\\\/www.organisator.ch\\\/en\\\/general\\\/2016-07-04\\\/strengere-effizienzkriterien-fuer-neuwagen\\\/\"},\"wordCount\":283,\"commentCount\":0,\"publisher\":{\"@id\":\"https:\\\/\\\/www.organisator.ch\\\/#organization\"},\"image\":{\"@id\":\"https:\\\/\\\/www.organisator.ch\\\/en\\\/general\\\/2016-07-04\\\/strengere-effizienzkriterien-fuer-neuwagen\\\/#primaryimage\"},\"thumbnailUrl\":\"https:\\\/\\\/www.organisator.ch\\\/wp-content\\\/uploads\\\/2016\\\/12\\\/Strengere-Effizienzkriterien-fuer-Neuwagen-umweltperspektiven.jpg\",\"keywords\":[\"CO2\",\"Energieeffizienz\",\"Fahrzeuge\",\"Mobilit\u00e4t\",\"Verkehr\"],\"articleSection\":[\"Allgemein\"],\"inLanguage\":\"fr-FR\"},{\"@type\":\"WebPage\",\"@id\":\"https:\\\/\\\/www.organisator.ch\\\/en\\\/general\\\/2016-07-04\\\/strengere-effizienzkriterien-fuer-neuwagen\\\/\",\"url\":\"https:\\\/\\\/www.organisator.ch\\\/en\\\/general\\\/2016-07-04\\\/strengere-effizienzkriterien-fuer-neuwagen\\\/\",\"name\":\"Strengere Effizienzkriterien f\u00fcr Neuwagen - Organisator\",\"isPartOf\":{\"@id\":\"https:\\\/\\\/www.organisator.ch\\\/#website\"},\"primaryImageOfPage\":{\"@id\":\"https:\\\/\\\/www.organisator.ch\\\/en\\\/general\\\/2016-07-04\\\/strengere-effizienzkriterien-fuer-neuwagen\\\/#primaryimage\"},\"image\":{\"@id\":\"https:\\\/\\\/www.organisator.ch\\\/en\\\/general\\\/2016-07-04\\\/strengere-effizienzkriterien-fuer-neuwagen\\\/#primaryimage\"},\"thumbnailUrl\":\"https:\\\/\\\/www.organisator.ch\\\/wp-content\\\/uploads\\\/2016\\\/12\\\/Strengere-Effizienzkriterien-fuer-Neuwagen-umweltperspektiven.jpg\",\"datePublished\":\"2016-07-04T14:25:57+00:00\",\"description\":\"Ab 1. Januar 2017 gelten versch\u00e4rfte Effizienzkategorien f\u00fcr die Energieetiketten von Personenwagen.\",\"breadcrumb\":{\"@id\":\"https:\\\/\\\/www.organisator.ch\\\/en\\\/general\\\/2016-07-04\\\/strengere-effizienzkriterien-fuer-neuwagen\\\/#breadcrumb\"},\"inLanguage\":\"fr-FR\",\"potentialAction\":[{\"@type\":\"ReadAction\",\"target\":[\"https:\\\/\\\/www.organisator.ch\\\/en\\\/general\\\/2016-07-04\\\/strengere-effizienzkriterien-fuer-neuwagen\\\/\"]}]},{\"@type\":\"ImageObject\",\"inLanguage\":\"fr-FR\",\"@id\":\"https:\\\/\\\/www.organisator.ch\\\/en\\\/general\\\/2016-07-04\\\/strengere-effizienzkriterien-fuer-neuwagen\\\/#primaryimage\",\"url\":\"https:\\\/\\\/www.organisator.ch\\\/wp-content\\\/uploads\\\/2016\\\/12\\\/Strengere-Effizienzkriterien-fuer-Neuwagen-umweltperspektiven.jpg\",\"contentUrl\":\"https:\\\/\\\/www.organisator.ch\\\/wp-content\\\/uploads\\\/2016\\\/12\\\/Strengere-Effizienzkriterien-fuer-Neuwagen-umweltperspektiven.jpg\",\"width\":999,\"height\":767,\"caption\":\"Energielabel f\u00fcr Neuwagen: Die Effizienzkriterien werden versch\u00e4rft\"},{\"@type\":\"BreadcrumbList\",\"@id\":\"https:\\\/\\\/www.organisator.ch\\\/en\\\/general\\\/2016-07-04\\\/strengere-effizienzkriterien-fuer-neuwagen\\\/#breadcrumb\",\"itemListElement\":[{\"@type\":\"ListItem\",\"position\":1,\"name\":\"Home\",\"item\":\"https:\\\/\\\/www.organisator.ch\\\/\"},{\"@type\":\"ListItem\",\"position\":2,\"name\":\"Strengere Effizienzkriterien f\u00fcr Neuwagen\"}]},{\"@type\":\"WebSite\",\"@id\":\"https:\\\/\\\/www.organisator.ch\\\/#website\",\"url\":\"https:\\\/\\\/www.organisator.ch\\\/\",\"name\":\"Organisator\",\"description\":\"Kompetent. Praxisnah. Der ORGANISATOR bereitet in 10 Ausgaben pro Jahr die wesentlichen Themen f\u00fcr F\u00fchrungskr\u00e4fte von KMU auf.\",\"publisher\":{\"@id\":\"https:\\\/\\\/www.organisator.ch\\\/#organization\"},\"potentialAction\":[{\"@type\":\"SearchAction\",\"target\":{\"@type\":\"EntryPoint\",\"urlTemplate\":\"https:\\\/\\\/www.organisator.ch\\\/?s={search_term_string}\"},\"query-input\":{\"@type\":\"PropertyValueSpecification\",\"valueRequired\":true,\"valueName\":\"search_term_string\"}}],\"inLanguage\":\"fr-FR\"},{\"@type\":\"Organization\",\"@id\":\"https:\\\/\\\/www.organisator.ch\\\/#organization\",\"name\":\"Organisator\",\"url\":\"https:\\\/\\\/www.organisator.ch\\\/\",\"logo\":{\"@type\":\"ImageObject\",\"inLanguage\":\"fr-FR\",\"@id\":\"https:\\\/\\\/www.organisator.ch\\\/#\\\/schema\\\/logo\\\/image\\\/\",\"url\":\"https:\\\/\\\/www.organisator.ch\\\/wp-content\\\/uploads\\\/2022\\\/01\\\/Logo_Organisator_Website.png\",\"contentUrl\":\"https:\\\/\\\/www.organisator.ch\\\/wp-content\\\/uploads\\\/2022\\\/01\\\/Logo_Organisator_Website.png\",\"width\":800,\"height\":77,\"caption\":\"Organisator\"},\"image\":{\"@id\":\"https:\\\/\\\/www.organisator.ch\\\/#\\\/schema\\\/logo\\\/image\\\/\"},\"sameAs\":[\"https:\\\/\\\/www.facebook.com\\\/OrganisatorFachmagazin\",\"https:\\\/\\\/www.linkedin.com\\\/showcase\\\/organisator-das-magazin-fr-kmu\",\"https:\\\/\\\/www.xing.com\\\/news\\\/pages\\\/organisator-ch-695\",\"https:\\\/\\\/www.youtube.com\\\/channel\\\/UCGP2Sq0iWaZwT3BdIAQFYpw\"]},{\"@type\":\"Person\",\"@id\":\"https:\\\/\\\/www.organisator.ch\\\/#\\\/schema\\\/person\\\/aa2bace6c5c5aad60102004a50c4eb1c\",\"name\":\"admin\",\"image\":{\"@type\":\"ImageObject\",\"inLanguage\":\"fr-FR\",\"@id\":\"https:\\\/\\\/secure.gravatar.com\\\/avatar\\\/ae2f4d718e6c49043e314ce431e7e645d646302a24a5ef5a8bc8e3f5a032e319?s=96&d=mm&r=g\",\"url\":\"https:\\\/\\\/secure.gravatar.com\\\/avatar\\\/ae2f4d718e6c49043e314ce431e7e645d646302a24a5ef5a8bc8e3f5a032e319?s=96&d=mm&r=g\",\"contentUrl\":\"https:\\\/\\\/secure.gravatar.com\\\/avatar\\\/ae2f4d718e6c49043e314ce431e7e645d646302a24a5ef5a8bc8e3f5a032e319?s=96&d=mm&r=g\",\"caption\":\"admin\"},\"sameAs\":[\"https:\\\/\\\/www.organisator.ch\"],\"url\":\"https:\\\/\\\/www.organisator.ch\\\/fr\\\/author\\\/admin\\\/\"}]}<\/script>\n<!-- \/ Yoast SEO plugin. -->","yoast_head_json":{"title":"Crit\u00e8res d'efficacit\u00e9 plus stricts pour les voitures neuves - Organisateur","description":"A partir du 1er janvier 2017, des cat\u00e9gories d'efficacit\u00e9 plus strictes s'appliqueront aux \u00e9tiquettes \u00e9nerg\u00e9tiques des voitures particuli\u00e8res.","robots":{"index":"index","follow":"follow","max-snippet":"max-snippet:-1","max-image-preview":"max-image-preview:large","max-video-preview":"max-video-preview:-1"},"canonical":"https:\/\/www.organisator.ch\/fr\/general\/2016-07-04\/strengere-effizienzkriterien-fuer-neuwagen\/","og_locale":"fr_FR","og_type":"article","og_title":"Strengere Effizienzkriterien f\u00fcr Neuwagen - Organisator","og_description":"Ab 1. Januar 2017 gelten versch\u00e4rfte Effizienzkategorien f\u00fcr die Energieetiketten von Personenwagen.","og_url":"https:\/\/www.organisator.ch\/fr\/general\/2016-07-04\/strengere-effizienzkriterien-fuer-neuwagen\/","og_site_name":"Organisator","article_publisher":"https:\/\/www.facebook.com\/OrganisatorFachmagazin","article_published_time":"2016-07-04T14:25:57+00:00","og_image":[{"width":999,"height":767,"url":"https:\/\/www.organisator.ch\/wp-content\/uploads\/2016\/12\/Strengere-Effizienzkriterien-fuer-Neuwagen-umweltperspektiven.jpg","type":"image\/jpeg"}],"author":"admin","twitter_card":"summary_large_image","schema":{"@context":"https:\/\/schema.org","@graph":[{"@type":"Article","@id":"https:\/\/www.organisator.ch\/en\/general\/2016-07-04\/strengere-effizienzkriterien-fuer-neuwagen\/#article","isPartOf":{"@id":"https:\/\/www.organisator.ch\/en\/general\/2016-07-04\/strengere-effizienzkriterien-fuer-neuwagen\/"},"author":{"name":"admin","@id":"https:\/\/www.organisator.ch\/#\/schema\/person\/aa2bace6c5c5aad60102004a50c4eb1c"},"headline":"Strengere Effizienzkriterien f\u00fcr Neuwagen","datePublished":"2016-07-04T14:25:57+00:00","mainEntityOfPage":{"@id":"https:\/\/www.organisator.ch\/en\/general\/2016-07-04\/strengere-effizienzkriterien-fuer-neuwagen\/"},"wordCount":283,"commentCount":0,"publisher":{"@id":"https:\/\/www.organisator.ch\/#organization"},"image":{"@id":"https:\/\/www.organisator.ch\/en\/general\/2016-07-04\/strengere-effizienzkriterien-fuer-neuwagen\/#primaryimage"},"thumbnailUrl":"https:\/\/www.organisator.ch\/wp-content\/uploads\/2016\/12\/Strengere-Effizienzkriterien-fuer-Neuwagen-umweltperspektiven.jpg","keywords":["CO2","Energieeffizienz","Fahrzeuge","Mobilit\u00e4t","Verkehr"],"articleSection":["Allgemein"],"inLanguage":"fr-FR"},{"@type":"WebPage","@id":"https:\/\/www.organisator.ch\/en\/general\/2016-07-04\/strengere-effizienzkriterien-fuer-neuwagen\/","url":"https:\/\/www.organisator.ch\/en\/general\/2016-07-04\/strengere-effizienzkriterien-fuer-neuwagen\/","name":"Crit\u00e8res d'efficacit\u00e9 plus stricts pour les voitures neuves - Organisateur","isPartOf":{"@id":"https:\/\/www.organisator.ch\/#website"},"primaryImageOfPage":{"@id":"https:\/\/www.organisator.ch\/en\/general\/2016-07-04\/strengere-effizienzkriterien-fuer-neuwagen\/#primaryimage"},"image":{"@id":"https:\/\/www.organisator.ch\/en\/general\/2016-07-04\/strengere-effizienzkriterien-fuer-neuwagen\/#primaryimage"},"thumbnailUrl":"https:\/\/www.organisator.ch\/wp-content\/uploads\/2016\/12\/Strengere-Effizienzkriterien-fuer-Neuwagen-umweltperspektiven.jpg","datePublished":"2016-07-04T14:25:57+00:00","description":"A partir du 1er janvier 2017, des cat\u00e9gories d'efficacit\u00e9 plus strictes s'appliqueront aux \u00e9tiquettes \u00e9nerg\u00e9tiques des voitures particuli\u00e8res.","breadcrumb":{"@id":"https:\/\/www.organisator.ch\/en\/general\/2016-07-04\/strengere-effizienzkriterien-fuer-neuwagen\/#breadcrumb"},"inLanguage":"fr-FR","potentialAction":[{"@type":"ReadAction","target":["https:\/\/www.organisator.ch\/en\/general\/2016-07-04\/strengere-effizienzkriterien-fuer-neuwagen\/"]}]},{"@type":"ImageObject","inLanguage":"fr-FR","@id":"https:\/\/www.organisator.ch\/en\/general\/2016-07-04\/strengere-effizienzkriterien-fuer-neuwagen\/#primaryimage","url":"https:\/\/www.organisator.ch\/wp-content\/uploads\/2016\/12\/Strengere-Effizienzkriterien-fuer-Neuwagen-umweltperspektiven.jpg","contentUrl":"https:\/\/www.organisator.ch\/wp-content\/uploads\/2016\/12\/Strengere-Effizienzkriterien-fuer-Neuwagen-umweltperspektiven.jpg","width":999,"height":767,"caption":"Energielabel f\u00fcr Neuwagen: Die Effizienzkriterien werden versch\u00e4rft"},{"@type":"BreadcrumbList","@id":"https:\/\/www.organisator.ch\/en\/general\/2016-07-04\/strengere-effizienzkriterien-fuer-neuwagen\/#breadcrumb","itemListElement":[{"@type":"ListItem","position":1,"name":"Home","item":"https:\/\/www.organisator.ch\/"},{"@type":"ListItem","position":2,"name":"Strengere Effizienzkriterien f\u00fcr Neuwagen"}]},{"@type":"WebSite","@id":"https:\/\/www.organisator.ch\/#website","url":"https:\/\/www.organisator.ch\/","name":"Organisateur","description":"Comp\u00e9tence et comp\u00e9tence. Proches de la pratique. L'ORGANISATEUR pr\u00e9pare 10 num\u00e9ros par an sur les th\u00e8mes essentiels pour les dirigeants de PME.","publisher":{"@id":"https:\/\/www.organisator.ch\/#organization"},"potentialAction":[{"@type":"SearchAction","target":{"@type":"EntryPoint","urlTemplate":"https:\/\/www.organisator.ch\/?s={search_term_string}"},"query-input":{"@type":"PropertyValueSpecification","valueRequired":true,"valueName":"search_term_string"}}],"inLanguage":"fr-FR"},{"@type":"Organization","@id":"https:\/\/www.organisator.ch\/#organization","name":"Organisateur","url":"https:\/\/www.organisator.ch\/","logo":{"@type":"ImageObject","inLanguage":"fr-FR","@id":"https:\/\/www.organisator.ch\/#\/schema\/logo\/image\/","url":"https:\/\/www.organisator.ch\/wp-content\/uploads\/2022\/01\/Logo_Organisator_Website.png","contentUrl":"https:\/\/www.organisator.ch\/wp-content\/uploads\/2022\/01\/Logo_Organisator_Website.png","width":800,"height":77,"caption":"Organisator"},"image":{"@id":"https:\/\/www.organisator.ch\/#\/schema\/logo\/image\/"},"sameAs":["https:\/\/www.facebook.com\/OrganisatorFachmagazin","https:\/\/www.linkedin.com\/showcase\/organisator-das-magazin-fr-kmu","https:\/\/www.xing.com\/news\/pages\/organisator-ch-695","https:\/\/www.youtube.com\/channel\/UCGP2Sq0iWaZwT3BdIAQFYpw"]},{"@type":"Person","@id":"https:\/\/www.organisator.ch\/#\/schema\/person\/aa2bace6c5c5aad60102004a50c4eb1c","name":"admin","image":{"@type":"ImageObject","inLanguage":"fr-FR","@id":"https:\/\/secure.gravatar.com\/avatar\/ae2f4d718e6c49043e314ce431e7e645d646302a24a5ef5a8bc8e3f5a032e319?s=96&d=mm&r=g","url":"https:\/\/secure.gravatar.com\/avatar\/ae2f4d718e6c49043e314ce431e7e645d646302a24a5ef5a8bc8e3f5a032e319?s=96&d=mm&r=g","contentUrl":"https:\/\/secure.gravatar.com\/avatar\/ae2f4d718e6c49043e314ce431e7e645d646302a24a5ef5a8bc8e3f5a032e319?s=96&d=mm&r=g","caption":"admin"},"sameAs":["https:\/\/www.organisator.ch"],"url":"https:\/\/www.organisator.ch\/fr\/author\/admin\/"}]}},"_links":{"self":[{"href":"https:\/\/www.organisator.ch\/fr\/wp-json\/wp\/v2\/posts\/388","targetHints":{"allow":["GET"]}}],"collection":[{"href":"https:\/\/www.organisator.ch\/fr\/wp-json\/wp\/v2\/posts"}],"about":[{"href":"https:\/\/www.organisator.ch\/fr\/wp-json\/wp\/v2\/types\/post"}],"author":[{"embeddable":true,"href":"https:\/\/www.organisator.ch\/fr\/wp-json\/wp\/v2\/users\/1"}],"replies":[{"embeddable":true,"href":"https:\/\/www.organisator.ch\/fr\/wp-json\/wp\/v2\/comments?post=388"}],"version-history":[{"count":0,"href":"https:\/\/www.organisator.ch\/fr\/wp-json\/wp\/v2\/posts\/388\/revisions"}],"wp:featuredmedia":[{"embeddable":true,"href":"https:\/\/www.organisator.ch\/fr\/wp-json\/wp\/v2\/media\/9386"}],"wp:attachment":[{"href":"https:\/\/www.organisator.ch\/fr\/wp-json\/wp\/v2\/media?parent=388"}],"wp:term":[{"taxonomy":"category","embeddable":true,"href":"https:\/\/www.organisator.ch\/fr\/wp-json\/wp\/v2\/categories?post=388"},{"taxonomy":"post_tag","embeddable":true,"href":"https:\/\/www.organisator.ch\/fr\/wp-json\/wp\/v2\/tags?post=388"}],"curies":[{"name":"wp","href":"https:\/\/api.w.org\/{rel}","templated":true}]}}