{"id":38844,"date":"2025-06-11T21:34:09","date_gmt":"2025-06-11T19:34:09","guid":{"rendered":"https:\/\/www.markt-kom.com\/?p=235864"},"modified":"2025-06-12T07:46:40","modified_gmt":"2025-06-12T05:46:40","slug":"zweifel-ist-promarca-brand-of-the-year-2025","status":"publish","type":"post","link":"https:\/\/www.organisator.ch\/fr\/marketing\/2025-06-11\/zweifel-ist-promarca-brand-of-the-year-2025\/","title":{"rendered":"Zweifel est la marque Promarca de l'ann\u00e9e 2025"},"content":{"rendered":"<figure id=\"attachment_235872\" class=\"wp-caption alignnone\" style=\"width: 1200px;\" aria-describedby=\"caption-attachment-235872\"><img class=\"wp-image-235872 size-full\" src=\"https:\/\/www.markt-kom.com\/wp-content\/uploads\/2025\/06\/SAE_1464.jpg\" sizes=\"(max-width: 1200px) 100vw, 1200px\" srcset=\"https:\/\/www.markt-kom.com\/wp-content\/uploads\/2025\/06\/SAE_1464.jpg 1200w, https:\/\/www.markt-kom.com\/wp-content\/uploads\/2025\/06\/SAE_1464-600x400.jpg 600w, https:\/\/www.markt-kom.com\/wp-content\/uploads\/2025\/06\/SAE_1464-1024x683.jpg 1024w, https:\/\/www.markt-kom.com\/wp-content\/uploads\/2025\/06\/SAE_1464-768x512.jpg 768w, https:\/\/www.markt-kom.com\/wp-content\/uploads\/2025\/06\/SAE_1464-18x12.jpg 18w, https:\/\/www.markt-kom.com\/wp-content\/uploads\/2025\/06\/SAE_1464-263x175.jpg 263w, https:\/\/www.markt-kom.com\/wp-content\/uploads\/2025\/06\/SAE_1464-525x350.jpg 525w, https:\/\/www.markt-kom.com\/wp-content\/uploads\/2025\/06\/SAE_1464-1000x667.jpg 1000w\" alt=\"\" width=\"1200\" height=\"800\" \/>\r\n<figcaption id=\"caption-attachment-235872\" class=\"wp-caption-text\">1\u00e8re place : Philip Honegger, Christoph Zweifel (CEO) &amp; Sascha Meier<\/figcaption>\r\n<\/figure>\r\n<p>La journ\u00e9e de la marque s'est d\u00e9roul\u00e9e mercredi \u00e0 Laufen, sur le site de production de Ricola. Plus de 250 invit\u00e9s et membres de l'association Promarca ont \u00e9t\u00e9 parfaitement pris en charge par Ricola, et plusieurs visites guid\u00e9es ont montr\u00e9 comment les 13 herbes contenues dans chaque bonbon Ricola sont soigneusement conserv\u00e9es. Les invit\u00e9s ont pu admirer le site de production et renifler les herbes s\u00e9ch\u00e9es. Apr\u00e8s un flying lunch dans un cadre champ\u00eatre magnifique, l'\u00e9v\u00e9nement Promarca, la journ\u00e9e de la marque, a commenc\u00e9.<\/p>\r\n<p>La pr\u00e9sidente Monique Bourquin a donn\u00e9 un aper\u00e7u d\u00e9taill\u00e9 de la situation politique et sociale du secteur et a soulign\u00e9 l'importance de l'association en tant qu'appui solide pour les membres. L'animateur a ensuite men\u00e9 une interview avec Barbara Castegnaro, directrice de l'association Promarca depuis janvier. Avec comp\u00e9tence et clairvoyance, elle a d\u00e9crit l'agenda qu'elle a en t\u00eate pour sa fonction et a apport\u00e9 soutien et confiance \u00e0 la branche.<\/p>\r\n<p>Le Promarca Brand Award a ensuite \u00e9t\u00e9 d\u00e9cern\u00e9.<\/p>\r\n<p>Le gagnant de cette ann\u00e9e : Zweifel Chips &amp; Snacks, une entreprise familiale suisse riche en traditions, d\u00e9j\u00e0 r\u00e9compens\u00e9e en 2018.<\/p>\r\n<p><img class=\"alignnone size-full wp-image-235872\" src=\"https:\/\/www.markt-kom.com\/wp-content\/uploads\/2025\/06\/SAE_1464.jpg\" sizes=\"(max-width: 1200px) 100vw, 1200px\" srcset=\"https:\/\/www.markt-kom.com\/wp-content\/uploads\/2025\/06\/SAE_1464.jpg 1200w, https:\/\/www.markt-kom.com\/wp-content\/uploads\/2025\/06\/SAE_1464-600x400.jpg 600w, https:\/\/www.markt-kom.com\/wp-content\/uploads\/2025\/06\/SAE_1464-1024x683.jpg 1024w, https:\/\/www.markt-kom.com\/wp-content\/uploads\/2025\/06\/SAE_1464-768x512.jpg 768w, https:\/\/www.markt-kom.com\/wp-content\/uploads\/2025\/06\/SAE_1464-18x12.jpg 18w, https:\/\/www.markt-kom.com\/wp-content\/uploads\/2025\/06\/SAE_1464-263x175.jpg 263w, https:\/\/www.markt-kom.com\/wp-content\/uploads\/2025\/06\/SAE_1464-525x350.jpg 525w, https:\/\/www.markt-kom.com\/wp-content\/uploads\/2025\/06\/SAE_1464-1000x667.jpg 1000w\" alt=\"\" width=\"1200\" height=\"800\" \/><\/p>\r\n<p>\"Le prix Promarca Brand of the Year est un immense honneur pour nous et le r\u00e9sultat d'un fantastique travail d'\u00e9quipe. Pour nous, c'est plus qu'un titre - c'est une preuve de confiance qui nous incite \u00e0 continuer \u00e0 donner le meilleur de nous-m\u00eames jour apr\u00e8s jour\", d\u00e9clare Christoph Zweifel, CEO de Zweifel Chips &amp; Snacks.<\/p>\r\n<h3><strong>\u00a0<\/strong><strong>Enqu\u00eate repr\u00e9sentative aupr\u00e8s des consommateurs avec plus de 6'000 participants<\/strong><\/h3>\r\n<p>Cette distinction se base sur une \u00e9tude ind\u00e9pendante men\u00e9e par Havas Switzerland aupr\u00e8s de 6 251 consommateurs de Suisse romande et al\u00e9manique. L'\u00e9valuation a port\u00e9 sur 396 marques, dont celles des membres de Promarca. Le dynamisme per\u00e7u ainsi que la confiance de la population dans la marque ont \u00e9t\u00e9 d\u00e9cisifs. Jonas Eliassen, CEO de Havas Switzerland, ajoute<\/p>\r\n<p>\"Zweifel remporte pour la deuxi\u00e8me fois le prestigieux Promarca Brand of the Year Award. Cette \u00e9volution exceptionnelle est le r\u00e9sultat d'une strat\u00e9gie de marque et d'innovation coh\u00e9rente : Avec un portefeuille de produits en constante \u00e9volution, des solutions d'emballage durables, une proximit\u00e9 tangible avec les clients et une image de marque moderne et sympathique, Zweifel prouve comment tradition et progr\u00e8s peuvent \u00eatre combin\u00e9s avec succ\u00e8s\".<\/p>\r\n<h3><strong>Zweifel allie tradition, force d'innovation et ancrage local<\/strong><\/h3>\r\n<p>Zweifel est une marque familiale riche en traditions, profond\u00e9ment enracin\u00e9e en Suisse, qui mise sur la proximit\u00e9 avec ses clients, notamment gr\u00e2ce \u00e0 son r\u00e9seau communautaire \"FriendZ\". La marque poursuit une strat\u00e9gie d'innovation claire, par exemple en diversifiant son offre de snacks avec des marques comme Zweifel VAYA ou Berger. En \u00e9largissant son assortiment et en ouvrant une nouvelle usine \u00e0 Spreitenbach (ZH), l'entreprise r\u00e9affirme son engagement en faveur de la qualit\u00e9 et de l'emploi durable en Suisse.<\/p>\r\n<figure id=\"attachment_235871\" class=\"wp-caption alignnone\" style=\"width: 1200px;\" aria-describedby=\"caption-attachment-235871\"><img class=\"wp-image-235871 size-full\" src=\"https:\/\/www.markt-kom.com\/wp-content\/uploads\/2025\/06\/SAE_1414.jpg\" sizes=\"(max-width: 1200px) 100vw, 1200px\" srcset=\"https:\/\/www.markt-kom.com\/wp-content\/uploads\/2025\/06\/SAE_1414.jpg 1200w, https:\/\/www.markt-kom.com\/wp-content\/uploads\/2025\/06\/SAE_1414-600x400.jpg 600w, https:\/\/www.markt-kom.com\/wp-content\/uploads\/2025\/06\/SAE_1414-1024x683.jpg 1024w, https:\/\/www.markt-kom.com\/wp-content\/uploads\/2025\/06\/SAE_1414-768x512.jpg 768w, https:\/\/www.markt-kom.com\/wp-content\/uploads\/2025\/06\/SAE_1414-18x12.jpg 18w, https:\/\/www.markt-kom.com\/wp-content\/uploads\/2025\/06\/SAE_1414-263x175.jpg 263w, https:\/\/www.markt-kom.com\/wp-content\/uploads\/2025\/06\/SAE_1414-525x350.jpg 525w, https:\/\/www.markt-kom.com\/wp-content\/uploads\/2025\/06\/SAE_1414-1000x667.jpg 1000w\" alt=\"\" width=\"1200\" height=\"800\" \/>\r\n<figcaption id=\"caption-attachment-235871\" class=\"wp-caption-text\">2e place : Thomas P. Meier (CEO), Daniela Ruoss<\/figcaption>\r\n<\/figure>\r\n<h3><strong>Ricola et Kambly sur le podium<\/strong><\/h3>\r\n<p>La deuxi\u00e8me place est occup\u00e9e par Ricola. Symbole de la suissitude, la marque s\u00e9duit les consommateurs par ses ingr\u00e9dients naturels, son mode de production durable, son identit\u00e9 de marque claire et son image Ricola unique.<\/p>\r\n<figure id=\"attachment_235873\" class=\"wp-caption alignnone\" style=\"width: 1200px;\" aria-describedby=\"caption-attachment-235873\"><img class=\"wp-image-235873 size-full\" src=\"https:\/\/www.markt-kom.com\/wp-content\/uploads\/2025\/06\/SAE_1466.jpg\" sizes=\"(max-width: 1200px) 100vw, 1200px\" srcset=\"https:\/\/www.markt-kom.com\/wp-content\/uploads\/2025\/06\/SAE_1466.jpg 1200w, https:\/\/www.markt-kom.com\/wp-content\/uploads\/2025\/06\/SAE_1466-600x400.jpg 600w, https:\/\/www.markt-kom.com\/wp-content\/uploads\/2025\/06\/SAE_1466-1024x683.jpg 1024w, https:\/\/www.markt-kom.com\/wp-content\/uploads\/2025\/06\/SAE_1466-768x512.jpg 768w, https:\/\/www.markt-kom.com\/wp-content\/uploads\/2025\/06\/SAE_1466-18x12.jpg 18w, https:\/\/www.markt-kom.com\/wp-content\/uploads\/2025\/06\/SAE_1466-263x175.jpg 263w, https:\/\/www.markt-kom.com\/wp-content\/uploads\/2025\/06\/SAE_1466-525x350.jpg 525w, https:\/\/www.markt-kom.com\/wp-content\/uploads\/2025\/06\/SAE_1466-1000x667.jpg 1000w\" alt=\"\" width=\"1200\" height=\"800\" \/>\r\n<figcaption id=\"caption-attachment-235873\" class=\"wp-caption-text\">3e place : Tanja Sch\u00fctz, Dania Kambly (pr\u00e9sidente de l'association Verwaltunsgrat), Stefan Stoll<\/figcaption>\r\n<\/figure>\r\n<p>La troisi\u00e8me place est occup\u00e9e par Kambly. La marque de biscuits riche en tradition enthousiasme par sa qualit\u00e9 artisanale, son innovation douce, ses exp\u00e9riences de marque et sa capacit\u00e9 \u00e0 cr\u00e9er une exp\u00e9rience de d\u00e9gustation \u00e9motionnelle avec chaque produit.<\/p>\r\n<h3><strong>Les membres de Promarca restent le moteur de l'innovation en Suisse<\/strong><\/h3>\r\n<p>Promarca se r\u00e9jouit d'honorer chaque ann\u00e9e les performances exceptionnelles des marques. La force d'innovation des entreprises membres reste constamment \u00e9lev\u00e9e : en 2024, les membres de Promarca ont lanc\u00e9 8'750 nouveaux produits sur le march\u00e9 suisse - une preuve impressionnante de leur r\u00f4le de pr\u00e9curseurs \u00e9conomiques et technologiques. L'ann\u00e9e derni\u00e8re, les entreprises membres ont r\u00e9alis\u00e9 un chiffre d'affaires total de plus de 14,2 milliards de francs suisses, exportations comprises.<\/p>\r\n<p><img class=\"alignnone size-full wp-image-235874\" src=\"https:\/\/www.markt-kom.com\/wp-content\/uploads\/2025\/06\/Brand_2025_DE.jpeg\" sizes=\"(max-width: 1200px) 100vw, 1200px\" srcset=\"https:\/\/www.markt-kom.com\/wp-content\/uploads\/2025\/06\/Brand_2025_DE.jpeg 1200w, https:\/\/www.markt-kom.com\/wp-content\/uploads\/2025\/06\/Brand_2025_DE-600x338.jpeg 600w, https:\/\/www.markt-kom.com\/wp-content\/uploads\/2025\/06\/Brand_2025_DE-1024x576.jpeg 1024w, https:\/\/www.markt-kom.com\/wp-content\/uploads\/2025\/06\/Brand_2025_DE-768x432.jpeg 768w, https:\/\/www.markt-kom.com\/wp-content\/uploads\/2025\/06\/Brand_2025_DE-18x10.jpeg 18w, https:\/\/www.markt-kom.com\/wp-content\/uploads\/2025\/06\/Brand_2025_DE-311x175.jpeg 311w, https:\/\/www.markt-kom.com\/wp-content\/uploads\/2025\/06\/Brand_2025_DE-622x350.jpeg 622w, https:\/\/www.markt-kom.com\/wp-content\/uploads\/2025\/06\/Brand_2025_DE-1000x563.jpeg 1000w\" alt=\"\" width=\"1200\" height=\"675\" \/><\/p>\r\n<p>&nbsp;<\/p>\r\n<hr \/>\r\n<p><em>Promarca, l'Union suisse de l'article de marque, est depuis 1929 la voix engag\u00e9e des marques en Suisse. Promarca compte aujourd'hui 102 entreprises nationales et internationales de renom parmi ses membres. L'association s'engage pour la repr\u00e9sentation des valeurs de la marque et pour de bonnes conditions cadres des entreprises de marque en Suisse. L'ann\u00e9e derni\u00e8re, les entreprises membres ont r\u00e9alis\u00e9 un chiffre d'affaires total de plus de 14,2 milliards de francs suisses, exportations comprises. Les unit\u00e9s de ces entreprises \u00e9tablies en Suisse cr\u00e9ent 18'811 emplois et investissent chaque ann\u00e9e des millions \u00e0 plusieurs chiffres dans le pays. L'industrie de l'article de marque apporte ainsi une contribution importante \u00e0 la comp\u00e9titivit\u00e9 et \u00e0 la stabilit\u00e9 de l'\u00e9conomie suisse.<\/em><\/p>","protected":false},"excerpt":{"rendered":"<p>Lors de la Journ\u00e9e de la marque 2025, le prestigieux Promarca Brand of the Year a \u00e9t\u00e9 d\u00e9cern\u00e9 pour la 11e fois. Depuis 2015, l'Union suisse de l'article de marque Promarca r\u00e9compense ainsi la marque la plus dynamique ou la plus digne de confiance parmi ses membres.<\/p>","protected":false},"author":8,"featured_media":0,"comment_status":"closed","ping_status":"closed","sticky":false,"template":"","format":"standard","meta":{"_acf_changed":false,"_yoast_wpseo_focuskw":"Promarca","_yoast_wpseo_metadesc":"Am Tag der Marke 2025 wurde zum 11. Mal der renommierte Promarca Brand of the Year verliehen. Zweifel als beliebteste Marke ausgezeichnet.","articlekey":"","footnotes":""},"categories":[29],"tags":[5384,5385,4343,4867,3562,492,3621],"class_list":["post-38844","post","type-post","status-publish","format-standard","hentry","category-marketing","tag-brand-of-the-year","tag-kambly","tag-markom","tag-promarca","tag-ricola","tag-unternehmen","tag-zweifel"],"acf":[],"yoast_head":"<!-- This site is optimized with the Yoast SEO plugin v27.5 - https:\/\/yoast.com\/product\/yoast-seo-wordpress\/ -->\n<title>Zweifel ist Promarca Brand of the Year 2025 - Organisator<\/title>\n<meta name=\"description\" content=\"Am Tag der Marke 2025 wurde zum 11. Mal der renommierte Promarca Brand of the Year verliehen. Zweifel als beliebteste Marke ausgezeichnet.\" \/>\n<meta name=\"robots\" content=\"index, follow, max-snippet:-1, max-image-preview:large, max-video-preview:-1\" \/>\n<link rel=\"canonical\" href=\"https:\/\/www.organisator.ch\/fr\/marketing\/2025-06-11\/zweifel-ist-promarca-brand-of-the-year-2025\/\" \/>\n<meta property=\"og:locale\" content=\"fr_FR\" \/>\n<meta property=\"og:type\" content=\"article\" \/>\n<meta property=\"og:title\" content=\"Zweifel ist Promarca Brand of the Year 2025 - Organisator\" \/>\n<meta property=\"og:description\" content=\"Am Tag der Marke 2025 wurde zum 11. Mal der renommierte Promarca Brand of the Year verliehen. Zweifel als beliebteste Marke ausgezeichnet.\" \/>\n<meta property=\"og:url\" content=\"https:\/\/www.organisator.ch\/fr\/marketing\/2025-06-11\/zweifel-ist-promarca-brand-of-the-year-2025\/\" \/>\n<meta property=\"og:site_name\" content=\"Organisator\" \/>\n<meta property=\"article:publisher\" content=\"https:\/\/www.facebook.com\/OrganisatorFachmagazin\" \/>\n<meta property=\"article:published_time\" content=\"2025-06-11T19:34:09+00:00\" \/>\n<meta property=\"article:modified_time\" content=\"2025-06-12T05:46:40+00:00\" \/>\n<meta name=\"author\" content=\"galledia\" \/>\n<meta name=\"twitter:card\" content=\"summary_large_image\" \/>\n<meta name=\"twitter:creator\" content=\"@admin\" \/>\n<script type=\"application\/ld+json\" class=\"yoast-schema-graph\">{\"@context\":\"https:\\\/\\\/schema.org\",\"@graph\":[{\"@type\":\"Article\",\"@id\":\"https:\\\/\\\/www.organisator.ch\\\/marketing\\\/2025-06-11\\\/zweifel-ist-promarca-brand-of-the-year-2025\\\/#article\",\"isPartOf\":{\"@id\":\"https:\\\/\\\/www.organisator.ch\\\/marketing\\\/2025-06-11\\\/zweifel-ist-promarca-brand-of-the-year-2025\\\/\"},\"author\":{\"name\":\"galledia\",\"@id\":\"https:\\\/\\\/www.organisator.ch\\\/#\\\/schema\\\/person\\\/4e51799071cd2dd1232ac003643ef5f0\"},\"headline\":\"Zweifel ist Promarca Brand of the Year 2025\",\"datePublished\":\"2025-06-11T19:34:09+00:00\",\"dateModified\":\"2025-06-12T05:46:40+00:00\",\"mainEntityOfPage\":{\"@id\":\"https:\\\/\\\/www.organisator.ch\\\/marketing\\\/2025-06-11\\\/zweifel-ist-promarca-brand-of-the-year-2025\\\/\"},\"wordCount\":683,\"publisher\":{\"@id\":\"https:\\\/\\\/www.organisator.ch\\\/#organization\"},\"image\":{\"@id\":\"https:\\\/\\\/www.organisator.ch\\\/marketing\\\/2025-06-11\\\/zweifel-ist-promarca-brand-of-the-year-2025\\\/#primaryimage\"},\"thumbnailUrl\":\"https:\\\/\\\/www.markt-kom.com\\\/wp-content\\\/uploads\\\/2025\\\/06\\\/SAE_1464.jpg\",\"keywords\":[\"Brand of the Year\",\"Kambly\",\"MarKom\",\"Promarca\",\"Ricola\",\"Unternehmen\",\"Zweifel\"],\"articleSection\":[\"MARKETING\"],\"inLanguage\":\"fr-FR\"},{\"@type\":\"WebPage\",\"@id\":\"https:\\\/\\\/www.organisator.ch\\\/marketing\\\/2025-06-11\\\/zweifel-ist-promarca-brand-of-the-year-2025\\\/\",\"url\":\"https:\\\/\\\/www.organisator.ch\\\/marketing\\\/2025-06-11\\\/zweifel-ist-promarca-brand-of-the-year-2025\\\/\",\"name\":\"Zweifel ist Promarca Brand of the Year 2025 - Organisator\",\"isPartOf\":{\"@id\":\"https:\\\/\\\/www.organisator.ch\\\/#website\"},\"primaryImageOfPage\":{\"@id\":\"https:\\\/\\\/www.organisator.ch\\\/marketing\\\/2025-06-11\\\/zweifel-ist-promarca-brand-of-the-year-2025\\\/#primaryimage\"},\"image\":{\"@id\":\"https:\\\/\\\/www.organisator.ch\\\/marketing\\\/2025-06-11\\\/zweifel-ist-promarca-brand-of-the-year-2025\\\/#primaryimage\"},\"thumbnailUrl\":\"https:\\\/\\\/www.markt-kom.com\\\/wp-content\\\/uploads\\\/2025\\\/06\\\/SAE_1464.jpg\",\"datePublished\":\"2025-06-11T19:34:09+00:00\",\"dateModified\":\"2025-06-12T05:46:40+00:00\",\"description\":\"Am Tag der Marke 2025 wurde zum 11. Mal der renommierte Promarca Brand of the Year verliehen. Zweifel als beliebteste Marke ausgezeichnet.\",\"breadcrumb\":{\"@id\":\"https:\\\/\\\/www.organisator.ch\\\/marketing\\\/2025-06-11\\\/zweifel-ist-promarca-brand-of-the-year-2025\\\/#breadcrumb\"},\"inLanguage\":\"fr-FR\",\"potentialAction\":[{\"@type\":\"ReadAction\",\"target\":[\"https:\\\/\\\/www.organisator.ch\\\/marketing\\\/2025-06-11\\\/zweifel-ist-promarca-brand-of-the-year-2025\\\/\"]}]},{\"@type\":\"ImageObject\",\"inLanguage\":\"fr-FR\",\"@id\":\"https:\\\/\\\/www.organisator.ch\\\/marketing\\\/2025-06-11\\\/zweifel-ist-promarca-brand-of-the-year-2025\\\/#primaryimage\",\"url\":\"https:\\\/\\\/www.markt-kom.com\\\/wp-content\\\/uploads\\\/2025\\\/06\\\/SAE_1464.jpg\",\"contentUrl\":\"https:\\\/\\\/www.markt-kom.com\\\/wp-content\\\/uploads\\\/2025\\\/06\\\/SAE_1464.jpg\"},{\"@type\":\"BreadcrumbList\",\"@id\":\"https:\\\/\\\/www.organisator.ch\\\/marketing\\\/2025-06-11\\\/zweifel-ist-promarca-brand-of-the-year-2025\\\/#breadcrumb\",\"itemListElement\":[{\"@type\":\"ListItem\",\"position\":1,\"name\":\"Home\",\"item\":\"https:\\\/\\\/www.organisator.ch\\\/\"},{\"@type\":\"ListItem\",\"position\":2,\"name\":\"Zweifel ist Promarca Brand of the Year 2025\"}]},{\"@type\":\"WebSite\",\"@id\":\"https:\\\/\\\/www.organisator.ch\\\/#website\",\"url\":\"https:\\\/\\\/www.organisator.ch\\\/\",\"name\":\"Organisator\",\"description\":\"Kompetent. Praxisnah. Der ORGANISATOR bereitet in 10 Ausgaben pro Jahr die wesentlichen Themen f\u00fcr F\u00fchrungskr\u00e4fte von KMU auf.\",\"publisher\":{\"@id\":\"https:\\\/\\\/www.organisator.ch\\\/#organization\"},\"potentialAction\":[{\"@type\":\"SearchAction\",\"target\":{\"@type\":\"EntryPoint\",\"urlTemplate\":\"https:\\\/\\\/www.organisator.ch\\\/?s={search_term_string}\"},\"query-input\":{\"@type\":\"PropertyValueSpecification\",\"valueRequired\":true,\"valueName\":\"search_term_string\"}}],\"inLanguage\":\"fr-FR\"},{\"@type\":\"Organization\",\"@id\":\"https:\\\/\\\/www.organisator.ch\\\/#organization\",\"name\":\"Organisator\",\"url\":\"https:\\\/\\\/www.organisator.ch\\\/\",\"logo\":{\"@type\":\"ImageObject\",\"inLanguage\":\"fr-FR\",\"@id\":\"https:\\\/\\\/www.organisator.ch\\\/#\\\/schema\\\/logo\\\/image\\\/\",\"url\":\"https:\\\/\\\/www.organisator.ch\\\/wp-content\\\/uploads\\\/2022\\\/01\\\/Logo_Organisator_Website.png\",\"contentUrl\":\"https:\\\/\\\/www.organisator.ch\\\/wp-content\\\/uploads\\\/2022\\\/01\\\/Logo_Organisator_Website.png\",\"width\":800,\"height\":77,\"caption\":\"Organisator\"},\"image\":{\"@id\":\"https:\\\/\\\/www.organisator.ch\\\/#\\\/schema\\\/logo\\\/image\\\/\"},\"sameAs\":[\"https:\\\/\\\/www.facebook.com\\\/OrganisatorFachmagazin\",\"https:\\\/\\\/www.linkedin.com\\\/showcase\\\/organisator-das-magazin-fr-kmu\",\"https:\\\/\\\/www.xing.com\\\/news\\\/pages\\\/organisator-ch-695\",\"https:\\\/\\\/www.youtube.com\\\/channel\\\/UCGP2Sq0iWaZwT3BdIAQFYpw\"]},{\"@type\":\"Person\",\"@id\":\"https:\\\/\\\/www.organisator.ch\\\/#\\\/schema\\\/person\\\/4e51799071cd2dd1232ac003643ef5f0\",\"name\":\"galledia\",\"image\":{\"@type\":\"ImageObject\",\"inLanguage\":\"fr-FR\",\"@id\":\"https:\\\/\\\/secure.gravatar.com\\\/avatar\\\/78a7f90c01fc2bfc875782a0d4922b37cde2cf184ce347b91316d23cd7f69a36?s=96&d=mm&r=g\",\"url\":\"https:\\\/\\\/secure.gravatar.com\\\/avatar\\\/78a7f90c01fc2bfc875782a0d4922b37cde2cf184ce347b91316d23cd7f69a36?s=96&d=mm&r=g\",\"contentUrl\":\"https:\\\/\\\/secure.gravatar.com\\\/avatar\\\/78a7f90c01fc2bfc875782a0d4922b37cde2cf184ce347b91316d23cd7f69a36?s=96&d=mm&r=g\",\"caption\":\"galledia\"},\"sameAs\":[\"https:\\\/\\\/x.com\\\/admin\"],\"url\":\"https:\\\/\\\/www.organisator.ch\\\/fr\\\/author\\\/galledia\\\/\"}]}<\/script>\n<!-- \/ Yoast SEO plugin. -->","yoast_head_json":{"title":"Zweifel est la Marque de l'ann\u00e9e 2025 de Promarca - Organisateur","description":"Lors de la Journ\u00e9e de la marque 2025, le prestigieux Promarca Brand of the Year a \u00e9t\u00e9 d\u00e9cern\u00e9 pour la 11e fois. Zweifel a \u00e9t\u00e9 r\u00e9compens\u00e9e en tant que marque la plus populaire.","robots":{"index":"index","follow":"follow","max-snippet":"max-snippet:-1","max-image-preview":"max-image-preview:large","max-video-preview":"max-video-preview:-1"},"canonical":"https:\/\/www.organisator.ch\/fr\/marketing\/2025-06-11\/zweifel-ist-promarca-brand-of-the-year-2025\/","og_locale":"fr_FR","og_type":"article","og_title":"Zweifel ist Promarca Brand of the Year 2025 - Organisator","og_description":"Am Tag der Marke 2025 wurde zum 11. Mal der renommierte Promarca Brand of the Year verliehen. Zweifel als beliebteste Marke ausgezeichnet.","og_url":"https:\/\/www.organisator.ch\/fr\/marketing\/2025-06-11\/zweifel-ist-promarca-brand-of-the-year-2025\/","og_site_name":"Organisator","article_publisher":"https:\/\/www.facebook.com\/OrganisatorFachmagazin","article_published_time":"2025-06-11T19:34:09+00:00","article_modified_time":"2025-06-12T05:46:40+00:00","author":"galledia","twitter_card":"summary_large_image","twitter_creator":"@admin","schema":{"@context":"https:\/\/schema.org","@graph":[{"@type":"Article","@id":"https:\/\/www.organisator.ch\/marketing\/2025-06-11\/zweifel-ist-promarca-brand-of-the-year-2025\/#article","isPartOf":{"@id":"https:\/\/www.organisator.ch\/marketing\/2025-06-11\/zweifel-ist-promarca-brand-of-the-year-2025\/"},"author":{"name":"galledia","@id":"https:\/\/www.organisator.ch\/#\/schema\/person\/4e51799071cd2dd1232ac003643ef5f0"},"headline":"Zweifel ist Promarca Brand of the Year 2025","datePublished":"2025-06-11T19:34:09+00:00","dateModified":"2025-06-12T05:46:40+00:00","mainEntityOfPage":{"@id":"https:\/\/www.organisator.ch\/marketing\/2025-06-11\/zweifel-ist-promarca-brand-of-the-year-2025\/"},"wordCount":683,"publisher":{"@id":"https:\/\/www.organisator.ch\/#organization"},"image":{"@id":"https:\/\/www.organisator.ch\/marketing\/2025-06-11\/zweifel-ist-promarca-brand-of-the-year-2025\/#primaryimage"},"thumbnailUrl":"https:\/\/www.markt-kom.com\/wp-content\/uploads\/2025\/06\/SAE_1464.jpg","keywords":["Brand of the Year","Kambly","MarKom","Promarca","Ricola","Unternehmen","Zweifel"],"articleSection":["MARKETING"],"inLanguage":"fr-FR"},{"@type":"WebPage","@id":"https:\/\/www.organisator.ch\/marketing\/2025-06-11\/zweifel-ist-promarca-brand-of-the-year-2025\/","url":"https:\/\/www.organisator.ch\/marketing\/2025-06-11\/zweifel-ist-promarca-brand-of-the-year-2025\/","name":"Zweifel est la Marque de l'ann\u00e9e 2025 de Promarca - Organisateur","isPartOf":{"@id":"https:\/\/www.organisator.ch\/#website"},"primaryImageOfPage":{"@id":"https:\/\/www.organisator.ch\/marketing\/2025-06-11\/zweifel-ist-promarca-brand-of-the-year-2025\/#primaryimage"},"image":{"@id":"https:\/\/www.organisator.ch\/marketing\/2025-06-11\/zweifel-ist-promarca-brand-of-the-year-2025\/#primaryimage"},"thumbnailUrl":"https:\/\/www.markt-kom.com\/wp-content\/uploads\/2025\/06\/SAE_1464.jpg","datePublished":"2025-06-11T19:34:09+00:00","dateModified":"2025-06-12T05:46:40+00:00","description":"Lors de la Journ\u00e9e de la marque 2025, le prestigieux Promarca Brand of the Year a \u00e9t\u00e9 d\u00e9cern\u00e9 pour la 11e fois. Zweifel a \u00e9t\u00e9 r\u00e9compens\u00e9e en tant que marque la plus populaire.","breadcrumb":{"@id":"https:\/\/www.organisator.ch\/marketing\/2025-06-11\/zweifel-ist-promarca-brand-of-the-year-2025\/#breadcrumb"},"inLanguage":"fr-FR","potentialAction":[{"@type":"ReadAction","target":["https:\/\/www.organisator.ch\/marketing\/2025-06-11\/zweifel-ist-promarca-brand-of-the-year-2025\/"]}]},{"@type":"ImageObject","inLanguage":"fr-FR","@id":"https:\/\/www.organisator.ch\/marketing\/2025-06-11\/zweifel-ist-promarca-brand-of-the-year-2025\/#primaryimage","url":"https:\/\/www.markt-kom.com\/wp-content\/uploads\/2025\/06\/SAE_1464.jpg","contentUrl":"https:\/\/www.markt-kom.com\/wp-content\/uploads\/2025\/06\/SAE_1464.jpg"},{"@type":"BreadcrumbList","@id":"https:\/\/www.organisator.ch\/marketing\/2025-06-11\/zweifel-ist-promarca-brand-of-the-year-2025\/#breadcrumb","itemListElement":[{"@type":"ListItem","position":1,"name":"Home","item":"https:\/\/www.organisator.ch\/"},{"@type":"ListItem","position":2,"name":"Zweifel ist Promarca Brand of the Year 2025"}]},{"@type":"WebSite","@id":"https:\/\/www.organisator.ch\/#website","url":"https:\/\/www.organisator.ch\/","name":"Organisateur","description":"Comp\u00e9tence et comp\u00e9tence. Proches de la pratique. L'ORGANISATEUR pr\u00e9pare 10 num\u00e9ros par an sur les th\u00e8mes essentiels pour les dirigeants de PME.","publisher":{"@id":"https:\/\/www.organisator.ch\/#organization"},"potentialAction":[{"@type":"SearchAction","target":{"@type":"EntryPoint","urlTemplate":"https:\/\/www.organisator.ch\/?s={search_term_string}"},"query-input":{"@type":"PropertyValueSpecification","valueRequired":true,"valueName":"search_term_string"}}],"inLanguage":"fr-FR"},{"@type":"Organization","@id":"https:\/\/www.organisator.ch\/#organization","name":"Organisateur","url":"https:\/\/www.organisator.ch\/","logo":{"@type":"ImageObject","inLanguage":"fr-FR","@id":"https:\/\/www.organisator.ch\/#\/schema\/logo\/image\/","url":"https:\/\/www.organisator.ch\/wp-content\/uploads\/2022\/01\/Logo_Organisator_Website.png","contentUrl":"https:\/\/www.organisator.ch\/wp-content\/uploads\/2022\/01\/Logo_Organisator_Website.png","width":800,"height":77,"caption":"Organisator"},"image":{"@id":"https:\/\/www.organisator.ch\/#\/schema\/logo\/image\/"},"sameAs":["https:\/\/www.facebook.com\/OrganisatorFachmagazin","https:\/\/www.linkedin.com\/showcase\/organisator-das-magazin-fr-kmu","https:\/\/www.xing.com\/news\/pages\/organisator-ch-695","https:\/\/www.youtube.com\/channel\/UCGP2Sq0iWaZwT3BdIAQFYpw"]},{"@type":"Person","@id":"https:\/\/www.organisator.ch\/#\/schema\/person\/4e51799071cd2dd1232ac003643ef5f0","name":"galledia","image":{"@type":"ImageObject","inLanguage":"fr-FR","@id":"https:\/\/secure.gravatar.com\/avatar\/78a7f90c01fc2bfc875782a0d4922b37cde2cf184ce347b91316d23cd7f69a36?s=96&d=mm&r=g","url":"https:\/\/secure.gravatar.com\/avatar\/78a7f90c01fc2bfc875782a0d4922b37cde2cf184ce347b91316d23cd7f69a36?s=96&d=mm&r=g","contentUrl":"https:\/\/secure.gravatar.com\/avatar\/78a7f90c01fc2bfc875782a0d4922b37cde2cf184ce347b91316d23cd7f69a36?s=96&d=mm&r=g","caption":"galledia"},"sameAs":["https:\/\/x.com\/admin"],"url":"https:\/\/www.organisator.ch\/fr\/author\/galledia\/"}]}},"_links":{"self":[{"href":"https:\/\/www.organisator.ch\/fr\/wp-json\/wp\/v2\/posts\/38844","targetHints":{"allow":["GET"]}}],"collection":[{"href":"https:\/\/www.organisator.ch\/fr\/wp-json\/wp\/v2\/posts"}],"about":[{"href":"https:\/\/www.organisator.ch\/fr\/wp-json\/wp\/v2\/types\/post"}],"author":[{"embeddable":true,"href":"https:\/\/www.organisator.ch\/fr\/wp-json\/wp\/v2\/users\/8"}],"replies":[{"embeddable":true,"href":"https:\/\/www.organisator.ch\/fr\/wp-json\/wp\/v2\/comments?post=38844"}],"version-history":[{"count":4,"href":"https:\/\/www.organisator.ch\/fr\/wp-json\/wp\/v2\/posts\/38844\/revisions"}],"predecessor-version":[{"id":38852,"href":"https:\/\/www.organisator.ch\/fr\/wp-json\/wp\/v2\/posts\/38844\/revisions\/38852"}],"wp:attachment":[{"href":"https:\/\/www.organisator.ch\/fr\/wp-json\/wp\/v2\/media?parent=38844"}],"wp:term":[{"taxonomy":"category","embeddable":true,"href":"https:\/\/www.organisator.ch\/fr\/wp-json\/wp\/v2\/categories?post=38844"},{"taxonomy":"post_tag","embeddable":true,"href":"https:\/\/www.organisator.ch\/fr\/wp-json\/wp\/v2\/tags?post=38844"}],"curies":[{"name":"wp","href":"https:\/\/api.w.org\/{rel}","templated":true}]}}