{"id":38866,"date":"2025-06-12T13:46:39","date_gmt":"2025-06-12T11:46:39","guid":{"rendered":"https:\/\/www.markt-kom.com\/?p=235942"},"modified":"2025-06-12T17:52:53","modified_gmt":"2025-06-12T15:52:53","slug":"apgsga-neue-gruppenweite-klimaziele-und-ecoentreprise-zertifizierung","status":"publish","type":"post","link":"https:\/\/www.organisator.ch\/fr\/sustainability\/2025-06-12\/apgsga-neue-gruppenweite-klimaziele-und-ecoentreprise-zertifizierung\/","title":{"rendered":"SGA|SGA : Nouveaux objectifs climatiques \u00e0 l'\u00e9chelle du groupe et certification EcoEntreprise"},"content":{"rendered":"<p><img class=\"alignnone size-full wp-image-209998\" src=\"https:\/\/www.markt-kom.com\/wp-content\/uploads\/2024\/02\/apg-sga.jpg\" sizes=\"(max-width: 996px) 100vw, 996px\" srcset=\"https:\/\/www.markt-kom.com\/wp-content\/uploads\/2024\/02\/apg-sga.jpg 996w, https:\/\/www.markt-kom.com\/wp-content\/uploads\/2024\/02\/apg-sga-600x337.jpg 600w, https:\/\/www.markt-kom.com\/wp-content\/uploads\/2024\/02\/apg-sga-768x432.jpg 768w, https:\/\/www.markt-kom.com\/wp-content\/uploads\/2024\/02\/apg-sga-18x10.jpg 18w, https:\/\/www.markt-kom.com\/wp-content\/uploads\/2024\/02\/apg-sga-311x175.jpg 311w, https:\/\/www.markt-kom.com\/wp-content\/uploads\/2024\/02\/apg-sga-623x350.jpg 623w\" alt=\"\" width=\"996\" height=\"560\" \/>En 2024, les nouveaux objectifs climatiques \u00e0 l'\u00e9chelle du groupe ont \u00e9t\u00e9 valid\u00e9s par la Science Based Targets initiative (SBTi) avec une feuille de route nette z\u00e9ro jusqu'en 2045. Par rapport \u00e0 l'ann\u00e9e pr\u00e9c\u00e9dente, les \u00e9missions de gaz \u00e0 effet de serre ont pu \u00eatre r\u00e9duites de 5% dans les scopes 1 et 2, gr\u00e2ce notamment \u00e0 l'augmentation de la part de biogaz et \u00e0 de nouvelles mesures d'optimisation de la consommation de carburant. \"La validation de nos objectifs climatiques par la SBTi \u00e9tait la prochaine \u00e9tape logique de notre gestion environnementale ambitieuse. \u00c0 long terme, la SGA|SGA s'engage \u00e0 r\u00e9duire consid\u00e9rablement ses \u00e9missions de gaz \u00e0 effet de serre d'ici 2045. Nous avons pr\u00e9vu une s\u00e9rie d'autres mesures qui nous soutiendront sur cette voie de r\u00e9duction\", explique Andres Trautmann, responsable du d\u00e9veloppement durable de la SGA|SGA.<\/p>\r\n<p>La durabilit\u00e9 et la responsabilit\u00e9 sociale sont solidement ancr\u00e9es dans la strat\u00e9gie de l'entreprise. La preuve en est que la gestion de la durabilit\u00e9 de la SGA|SGA a re\u00e7u en 2024 le certificat \"EcoEntreprise D\u00e9veloppement durable - Responsabilit\u00e9 sociale\". Ce certificat est bas\u00e9 sur la norme ISO 26000 et est d\u00e9livr\u00e9 apr\u00e8s un audit ind\u00e9pendant. La structure organisationnelle de la RSE a \u00e9t\u00e9 r\u00e9vis\u00e9e de mani\u00e8re cibl\u00e9e en amont afin d'am\u00e9liorer l'int\u00e9gration globale de la strat\u00e9gie de durabilit\u00e9 dans les activit\u00e9s op\u00e9rationnelles.<\/p>\r\n<p>Une \u00e9tape centrale a \u00e9t\u00e9 la cr\u00e9ation du \"CSR Board\", afin d'impliquer de mani\u00e8re cons\u00e9quente tous les secteurs de l'entreprise et d'unifier la strat\u00e9gie avec les affaires courantes. En outre, APG|SGA s'engage en faveur de la diversit\u00e9, de l'\u00e9galit\u00e9 salariale et de conditions de travail \u00e9quitables tout au long de la cha\u00eene d'approvisionnement. En compl\u00e9ment, l'entreprise soutient de nombreuses initiatives culturelles et sociales par le biais du sponsoring d'affiches.<\/p>\r\n<p><a href=\"http:\/\/www.apgsga.ch\/taten-statt-worte\">22. rapport de durabilit\u00e9 2024 avec mesures et objectifs<\/a><\/p>\r\n<p><a href=\"http:\/\/www.apgsga.ch\/de\/ueber-uns\/verantwortung-nachhaltigkeit\">Niveaux d'impact de la strat\u00e9gie RSE<\/a><\/p>\r\n<hr \/>\r\n<p><em>APG|SGA, Soci\u00e9t\u00e9 G\u00e9n\u00e9rale d'Affichage SA, est la premi\u00e8re entreprise de publicit\u00e9 ext\u00e9rieure de Suisse. Sp\u00e9cialis\u00e9e dans les solutions publicitaires num\u00e9riques et analogiques ainsi que dans les formes de publicit\u00e9 sp\u00e9ciales aux endroits tr\u00e8s fr\u00e9quent\u00e9s dans la rue, les gares, les points de vente, les points d'int\u00e9r\u00eat, \u00e0 la montagne ainsi que dans et aux abords des moyens de transport et des a\u00e9roports, elle couvre tous les domaines de la publicit\u00e9 ext\u00e9rieure. Compl\u00e9t\u00e9e par la publicit\u00e9 mobile et des possibilit\u00e9s d'interaction, APG|SGA est synonyme de qualit\u00e9 et de tradition combin\u00e9es \u00e0 l'innovation et veut enthousiasmer les gens avec les meilleures solutions de communication dans l'espace public. Plus de 500 collaborateurs veillent \u00e0 laisser une impression durable en contact avec les clients, les autorit\u00e9s et le secteur publicitaire. Ils entretiennent avec beaucoup de soin, de technique <\/em><em>Nous assurons avec la plus grande pr\u00e9cision le succ\u00e8s des diffusions publicitaires et des affichages dans toute la Suisse.<\/em><\/p>","protected":false},"excerpt":{"rendered":"<p>APG|SGA Rapport sur la durabilit\u00e9 2024 offre un aper\u00e7u des progr\u00e8s de l'entreprise dans la mise en \u0153uvre des mesures de durabilit\u00e9 et des objectifs de la strat\u00e9gie de responsabilit\u00e9 sociale de l'entreprise (RSE).<\/p>","protected":false},"author":8,"featured_media":0,"comment_status":"closed","ping_status":"closed","sticky":false,"template":"","format":"standard","meta":{"_acf_changed":false,"_yoast_wpseo_focuskw":"APG|SGA","_yoast_wpseo_metadesc":"Das APG|SGA Nachhaltigkeits-Reporting 2024 bietet einen \u00dcberblick \u00fcber die Fortschritte des Unternehmens im Bereich CSR.","articlekey":"","footnotes":""},"categories":[580],"tags":[4644,4345,133,1787],"class_list":["post-38866","post","type-post","status-publish","format-standard","hentry","category-sustainability","tag-apgsga","tag-business","tag-corporate-social-responsibility","tag-nachhaltigkeit"],"acf":[],"yoast_head":"<!-- This site is optimized with the Yoast SEO plugin v27.4 - https:\/\/yoast.com\/product\/yoast-seo-wordpress\/ -->\n<title>APG|SGA: Neue gruppenweite Klimaziele und EcoEntreprise-Zertifizierung - Organisator<\/title>\n<meta name=\"description\" content=\"Das APG|SGA Nachhaltigkeits-Reporting 2024 bietet einen \u00dcberblick \u00fcber die Fortschritte des Unternehmens im Bereich CSR.\" \/>\n<meta name=\"robots\" content=\"index, follow, max-snippet:-1, max-image-preview:large, max-video-preview:-1\" \/>\n<link rel=\"canonical\" href=\"https:\/\/www.organisator.ch\/fr\/sustainability\/2025-06-12\/apgsga-neue-gruppenweite-klimaziele-und-ecoentreprise-zertifizierung\/\" \/>\n<meta property=\"og:locale\" content=\"fr_FR\" \/>\n<meta property=\"og:type\" content=\"article\" \/>\n<meta property=\"og:title\" content=\"APG|SGA: Neue gruppenweite Klimaziele und EcoEntreprise-Zertifizierung - Organisator\" \/>\n<meta property=\"og:description\" content=\"Das APG|SGA Nachhaltigkeits-Reporting 2024 bietet einen \u00dcberblick \u00fcber die Fortschritte des Unternehmens im Bereich CSR.\" \/>\n<meta property=\"og:url\" content=\"https:\/\/www.organisator.ch\/fr\/sustainability\/2025-06-12\/apgsga-neue-gruppenweite-klimaziele-und-ecoentreprise-zertifizierung\/\" \/>\n<meta property=\"og:site_name\" content=\"Organisator\" \/>\n<meta property=\"article:publisher\" content=\"https:\/\/www.facebook.com\/OrganisatorFachmagazin\" \/>\n<meta property=\"article:published_time\" content=\"2025-06-12T11:46:39+00:00\" \/>\n<meta property=\"article:modified_time\" content=\"2025-06-12T15:52:53+00:00\" \/>\n<meta name=\"author\" content=\"galledia\" \/>\n<meta name=\"twitter:card\" content=\"summary_large_image\" \/>\n<meta name=\"twitter:creator\" content=\"@admin\" \/>\n<script type=\"application\/ld+json\" class=\"yoast-schema-graph\">{\"@context\":\"https:\\\/\\\/schema.org\",\"@graph\":[{\"@type\":\"Article\",\"@id\":\"https:\\\/\\\/www.organisator.ch\\\/sustainability\\\/2025-06-12\\\/apgsga-neue-gruppenweite-klimaziele-und-ecoentreprise-zertifizierung\\\/#article\",\"isPartOf\":{\"@id\":\"https:\\\/\\\/www.organisator.ch\\\/sustainability\\\/2025-06-12\\\/apgsga-neue-gruppenweite-klimaziele-und-ecoentreprise-zertifizierung\\\/\"},\"author\":{\"name\":\"galledia\",\"@id\":\"https:\\\/\\\/www.organisator.ch\\\/#\\\/schema\\\/person\\\/4e51799071cd2dd1232ac003643ef5f0\"},\"headline\":\"APG|SGA: Neue gruppenweite Klimaziele und EcoEntreprise-Zertifizierung\",\"datePublished\":\"2025-06-12T11:46:39+00:00\",\"dateModified\":\"2025-06-12T15:52:53+00:00\",\"mainEntityOfPage\":{\"@id\":\"https:\\\/\\\/www.organisator.ch\\\/sustainability\\\/2025-06-12\\\/apgsga-neue-gruppenweite-klimaziele-und-ecoentreprise-zertifizierung\\\/\"},\"wordCount\":384,\"publisher\":{\"@id\":\"https:\\\/\\\/www.organisator.ch\\\/#organization\"},\"image\":{\"@id\":\"https:\\\/\\\/www.organisator.ch\\\/sustainability\\\/2025-06-12\\\/apgsga-neue-gruppenweite-klimaziele-und-ecoentreprise-zertifizierung\\\/#primaryimage\"},\"thumbnailUrl\":\"https:\\\/\\\/www.markt-kom.com\\\/wp-content\\\/uploads\\\/2024\\\/02\\\/apg-sga.jpg\",\"keywords\":[\"APG|SGA\",\"Business\",\"Corporate Social Responsibility\",\"Nachhaltigkeit\"],\"articleSection\":[\"SUSTAINABILITY\"],\"inLanguage\":\"fr-FR\"},{\"@type\":\"WebPage\",\"@id\":\"https:\\\/\\\/www.organisator.ch\\\/sustainability\\\/2025-06-12\\\/apgsga-neue-gruppenweite-klimaziele-und-ecoentreprise-zertifizierung\\\/\",\"url\":\"https:\\\/\\\/www.organisator.ch\\\/sustainability\\\/2025-06-12\\\/apgsga-neue-gruppenweite-klimaziele-und-ecoentreprise-zertifizierung\\\/\",\"name\":\"APG|SGA: Neue gruppenweite Klimaziele und EcoEntreprise-Zertifizierung - Organisator\",\"isPartOf\":{\"@id\":\"https:\\\/\\\/www.organisator.ch\\\/#website\"},\"primaryImageOfPage\":{\"@id\":\"https:\\\/\\\/www.organisator.ch\\\/sustainability\\\/2025-06-12\\\/apgsga-neue-gruppenweite-klimaziele-und-ecoentreprise-zertifizierung\\\/#primaryimage\"},\"image\":{\"@id\":\"https:\\\/\\\/www.organisator.ch\\\/sustainability\\\/2025-06-12\\\/apgsga-neue-gruppenweite-klimaziele-und-ecoentreprise-zertifizierung\\\/#primaryimage\"},\"thumbnailUrl\":\"https:\\\/\\\/www.markt-kom.com\\\/wp-content\\\/uploads\\\/2024\\\/02\\\/apg-sga.jpg\",\"datePublished\":\"2025-06-12T11:46:39+00:00\",\"dateModified\":\"2025-06-12T15:52:53+00:00\",\"description\":\"Das APG|SGA Nachhaltigkeits-Reporting 2024 bietet einen \u00dcberblick \u00fcber die Fortschritte des Unternehmens im Bereich CSR.\",\"breadcrumb\":{\"@id\":\"https:\\\/\\\/www.organisator.ch\\\/sustainability\\\/2025-06-12\\\/apgsga-neue-gruppenweite-klimaziele-und-ecoentreprise-zertifizierung\\\/#breadcrumb\"},\"inLanguage\":\"fr-FR\",\"potentialAction\":[{\"@type\":\"ReadAction\",\"target\":[\"https:\\\/\\\/www.organisator.ch\\\/sustainability\\\/2025-06-12\\\/apgsga-neue-gruppenweite-klimaziele-und-ecoentreprise-zertifizierung\\\/\"]}]},{\"@type\":\"ImageObject\",\"inLanguage\":\"fr-FR\",\"@id\":\"https:\\\/\\\/www.organisator.ch\\\/sustainability\\\/2025-06-12\\\/apgsga-neue-gruppenweite-klimaziele-und-ecoentreprise-zertifizierung\\\/#primaryimage\",\"url\":\"https:\\\/\\\/www.markt-kom.com\\\/wp-content\\\/uploads\\\/2024\\\/02\\\/apg-sga.jpg\",\"contentUrl\":\"https:\\\/\\\/www.markt-kom.com\\\/wp-content\\\/uploads\\\/2024\\\/02\\\/apg-sga.jpg\"},{\"@type\":\"BreadcrumbList\",\"@id\":\"https:\\\/\\\/www.organisator.ch\\\/sustainability\\\/2025-06-12\\\/apgsga-neue-gruppenweite-klimaziele-und-ecoentreprise-zertifizierung\\\/#breadcrumb\",\"itemListElement\":[{\"@type\":\"ListItem\",\"position\":1,\"name\":\"Home\",\"item\":\"https:\\\/\\\/www.organisator.ch\\\/\"},{\"@type\":\"ListItem\",\"position\":2,\"name\":\"APG|SGA: Neue gruppenweite Klimaziele und EcoEntreprise-Zertifizierung\"}]},{\"@type\":\"WebSite\",\"@id\":\"https:\\\/\\\/www.organisator.ch\\\/#website\",\"url\":\"https:\\\/\\\/www.organisator.ch\\\/\",\"name\":\"Organisator\",\"description\":\"Kompetent. Praxisnah. Der ORGANISATOR bereitet in 10 Ausgaben pro Jahr die wesentlichen Themen f\u00fcr F\u00fchrungskr\u00e4fte von KMU auf.\",\"publisher\":{\"@id\":\"https:\\\/\\\/www.organisator.ch\\\/#organization\"},\"potentialAction\":[{\"@type\":\"SearchAction\",\"target\":{\"@type\":\"EntryPoint\",\"urlTemplate\":\"https:\\\/\\\/www.organisator.ch\\\/?s={search_term_string}\"},\"query-input\":{\"@type\":\"PropertyValueSpecification\",\"valueRequired\":true,\"valueName\":\"search_term_string\"}}],\"inLanguage\":\"fr-FR\"},{\"@type\":\"Organization\",\"@id\":\"https:\\\/\\\/www.organisator.ch\\\/#organization\",\"name\":\"Organisator\",\"url\":\"https:\\\/\\\/www.organisator.ch\\\/\",\"logo\":{\"@type\":\"ImageObject\",\"inLanguage\":\"fr-FR\",\"@id\":\"https:\\\/\\\/www.organisator.ch\\\/#\\\/schema\\\/logo\\\/image\\\/\",\"url\":\"https:\\\/\\\/www.organisator.ch\\\/wp-content\\\/uploads\\\/2022\\\/01\\\/Logo_Organisator_Website.png\",\"contentUrl\":\"https:\\\/\\\/www.organisator.ch\\\/wp-content\\\/uploads\\\/2022\\\/01\\\/Logo_Organisator_Website.png\",\"width\":800,\"height\":77,\"caption\":\"Organisator\"},\"image\":{\"@id\":\"https:\\\/\\\/www.organisator.ch\\\/#\\\/schema\\\/logo\\\/image\\\/\"},\"sameAs\":[\"https:\\\/\\\/www.facebook.com\\\/OrganisatorFachmagazin\",\"https:\\\/\\\/www.linkedin.com\\\/showcase\\\/organisator-das-magazin-fr-kmu\",\"https:\\\/\\\/www.xing.com\\\/news\\\/pages\\\/organisator-ch-695\",\"https:\\\/\\\/www.youtube.com\\\/channel\\\/UCGP2Sq0iWaZwT3BdIAQFYpw\"]},{\"@type\":\"Person\",\"@id\":\"https:\\\/\\\/www.organisator.ch\\\/#\\\/schema\\\/person\\\/4e51799071cd2dd1232ac003643ef5f0\",\"name\":\"galledia\",\"image\":{\"@type\":\"ImageObject\",\"inLanguage\":\"fr-FR\",\"@id\":\"https:\\\/\\\/secure.gravatar.com\\\/avatar\\\/78a7f90c01fc2bfc875782a0d4922b37cde2cf184ce347b91316d23cd7f69a36?s=96&d=mm&r=g\",\"url\":\"https:\\\/\\\/secure.gravatar.com\\\/avatar\\\/78a7f90c01fc2bfc875782a0d4922b37cde2cf184ce347b91316d23cd7f69a36?s=96&d=mm&r=g\",\"contentUrl\":\"https:\\\/\\\/secure.gravatar.com\\\/avatar\\\/78a7f90c01fc2bfc875782a0d4922b37cde2cf184ce347b91316d23cd7f69a36?s=96&d=mm&r=g\",\"caption\":\"galledia\"},\"sameAs\":[\"https:\\\/\\\/x.com\\\/admin\"],\"url\":\"https:\\\/\\\/www.organisator.ch\\\/fr\\\/author\\\/galledia\\\/\"}]}<\/script>\n<!-- \/ Yoast SEO plugin. -->","yoast_head_json":{"title":"SGA|SGA : Nouveaux objectifs climatiques \u00e0 l'\u00e9chelle du groupe et certification EcoEntreprise - Organisateur","description":"Le rapport de durabilit\u00e9 2024 de SGA|SGA offre un aper\u00e7u des progr\u00e8s r\u00e9alis\u00e9s par l'entreprise dans le domaine de la RSE.","robots":{"index":"index","follow":"follow","max-snippet":"max-snippet:-1","max-image-preview":"max-image-preview:large","max-video-preview":"max-video-preview:-1"},"canonical":"https:\/\/www.organisator.ch\/fr\/sustainability\/2025-06-12\/apgsga-neue-gruppenweite-klimaziele-und-ecoentreprise-zertifizierung\/","og_locale":"fr_FR","og_type":"article","og_title":"APG|SGA: Neue gruppenweite Klimaziele und EcoEntreprise-Zertifizierung - Organisator","og_description":"Das APG|SGA Nachhaltigkeits-Reporting 2024 bietet einen \u00dcberblick \u00fcber die Fortschritte des Unternehmens im Bereich CSR.","og_url":"https:\/\/www.organisator.ch\/fr\/sustainability\/2025-06-12\/apgsga-neue-gruppenweite-klimaziele-und-ecoentreprise-zertifizierung\/","og_site_name":"Organisator","article_publisher":"https:\/\/www.facebook.com\/OrganisatorFachmagazin","article_published_time":"2025-06-12T11:46:39+00:00","article_modified_time":"2025-06-12T15:52:53+00:00","author":"galledia","twitter_card":"summary_large_image","twitter_creator":"@admin","schema":{"@context":"https:\/\/schema.org","@graph":[{"@type":"Article","@id":"https:\/\/www.organisator.ch\/sustainability\/2025-06-12\/apgsga-neue-gruppenweite-klimaziele-und-ecoentreprise-zertifizierung\/#article","isPartOf":{"@id":"https:\/\/www.organisator.ch\/sustainability\/2025-06-12\/apgsga-neue-gruppenweite-klimaziele-und-ecoentreprise-zertifizierung\/"},"author":{"name":"galledia","@id":"https:\/\/www.organisator.ch\/#\/schema\/person\/4e51799071cd2dd1232ac003643ef5f0"},"headline":"APG|SGA: Neue gruppenweite Klimaziele und EcoEntreprise-Zertifizierung","datePublished":"2025-06-12T11:46:39+00:00","dateModified":"2025-06-12T15:52:53+00:00","mainEntityOfPage":{"@id":"https:\/\/www.organisator.ch\/sustainability\/2025-06-12\/apgsga-neue-gruppenweite-klimaziele-und-ecoentreprise-zertifizierung\/"},"wordCount":384,"publisher":{"@id":"https:\/\/www.organisator.ch\/#organization"},"image":{"@id":"https:\/\/www.organisator.ch\/sustainability\/2025-06-12\/apgsga-neue-gruppenweite-klimaziele-und-ecoentreprise-zertifizierung\/#primaryimage"},"thumbnailUrl":"https:\/\/www.markt-kom.com\/wp-content\/uploads\/2024\/02\/apg-sga.jpg","keywords":["APG|SGA","Business","Corporate Social Responsibility","Nachhaltigkeit"],"articleSection":["SUSTAINABILITY"],"inLanguage":"fr-FR"},{"@type":"WebPage","@id":"https:\/\/www.organisator.ch\/sustainability\/2025-06-12\/apgsga-neue-gruppenweite-klimaziele-und-ecoentreprise-zertifizierung\/","url":"https:\/\/www.organisator.ch\/sustainability\/2025-06-12\/apgsga-neue-gruppenweite-klimaziele-und-ecoentreprise-zertifizierung\/","name":"SGA|SGA : Nouveaux objectifs climatiques \u00e0 l'\u00e9chelle du groupe et certification EcoEntreprise - Organisateur","isPartOf":{"@id":"https:\/\/www.organisator.ch\/#website"},"primaryImageOfPage":{"@id":"https:\/\/www.organisator.ch\/sustainability\/2025-06-12\/apgsga-neue-gruppenweite-klimaziele-und-ecoentreprise-zertifizierung\/#primaryimage"},"image":{"@id":"https:\/\/www.organisator.ch\/sustainability\/2025-06-12\/apgsga-neue-gruppenweite-klimaziele-und-ecoentreprise-zertifizierung\/#primaryimage"},"thumbnailUrl":"https:\/\/www.markt-kom.com\/wp-content\/uploads\/2024\/02\/apg-sga.jpg","datePublished":"2025-06-12T11:46:39+00:00","dateModified":"2025-06-12T15:52:53+00:00","description":"Le rapport de durabilit\u00e9 2024 de SGA|SGA offre un aper\u00e7u des progr\u00e8s r\u00e9alis\u00e9s par l'entreprise dans le domaine de la RSE.","breadcrumb":{"@id":"https:\/\/www.organisator.ch\/sustainability\/2025-06-12\/apgsga-neue-gruppenweite-klimaziele-und-ecoentreprise-zertifizierung\/#breadcrumb"},"inLanguage":"fr-FR","potentialAction":[{"@type":"ReadAction","target":["https:\/\/www.organisator.ch\/sustainability\/2025-06-12\/apgsga-neue-gruppenweite-klimaziele-und-ecoentreprise-zertifizierung\/"]}]},{"@type":"ImageObject","inLanguage":"fr-FR","@id":"https:\/\/www.organisator.ch\/sustainability\/2025-06-12\/apgsga-neue-gruppenweite-klimaziele-und-ecoentreprise-zertifizierung\/#primaryimage","url":"https:\/\/www.markt-kom.com\/wp-content\/uploads\/2024\/02\/apg-sga.jpg","contentUrl":"https:\/\/www.markt-kom.com\/wp-content\/uploads\/2024\/02\/apg-sga.jpg"},{"@type":"BreadcrumbList","@id":"https:\/\/www.organisator.ch\/sustainability\/2025-06-12\/apgsga-neue-gruppenweite-klimaziele-und-ecoentreprise-zertifizierung\/#breadcrumb","itemListElement":[{"@type":"ListItem","position":1,"name":"Home","item":"https:\/\/www.organisator.ch\/"},{"@type":"ListItem","position":2,"name":"APG|SGA: Neue gruppenweite Klimaziele und EcoEntreprise-Zertifizierung"}]},{"@type":"WebSite","@id":"https:\/\/www.organisator.ch\/#website","url":"https:\/\/www.organisator.ch\/","name":"Organisateur","description":"Comp\u00e9tence et comp\u00e9tence. Proches de la pratique. L'ORGANISATEUR pr\u00e9pare 10 num\u00e9ros par an sur les th\u00e8mes essentiels pour les dirigeants de PME.","publisher":{"@id":"https:\/\/www.organisator.ch\/#organization"},"potentialAction":[{"@type":"SearchAction","target":{"@type":"EntryPoint","urlTemplate":"https:\/\/www.organisator.ch\/?s={search_term_string}"},"query-input":{"@type":"PropertyValueSpecification","valueRequired":true,"valueName":"search_term_string"}}],"inLanguage":"fr-FR"},{"@type":"Organization","@id":"https:\/\/www.organisator.ch\/#organization","name":"Organisateur","url":"https:\/\/www.organisator.ch\/","logo":{"@type":"ImageObject","inLanguage":"fr-FR","@id":"https:\/\/www.organisator.ch\/#\/schema\/logo\/image\/","url":"https:\/\/www.organisator.ch\/wp-content\/uploads\/2022\/01\/Logo_Organisator_Website.png","contentUrl":"https:\/\/www.organisator.ch\/wp-content\/uploads\/2022\/01\/Logo_Organisator_Website.png","width":800,"height":77,"caption":"Organisator"},"image":{"@id":"https:\/\/www.organisator.ch\/#\/schema\/logo\/image\/"},"sameAs":["https:\/\/www.facebook.com\/OrganisatorFachmagazin","https:\/\/www.linkedin.com\/showcase\/organisator-das-magazin-fr-kmu","https:\/\/www.xing.com\/news\/pages\/organisator-ch-695","https:\/\/www.youtube.com\/channel\/UCGP2Sq0iWaZwT3BdIAQFYpw"]},{"@type":"Person","@id":"https:\/\/www.organisator.ch\/#\/schema\/person\/4e51799071cd2dd1232ac003643ef5f0","name":"galledia","image":{"@type":"ImageObject","inLanguage":"fr-FR","@id":"https:\/\/secure.gravatar.com\/avatar\/78a7f90c01fc2bfc875782a0d4922b37cde2cf184ce347b91316d23cd7f69a36?s=96&d=mm&r=g","url":"https:\/\/secure.gravatar.com\/avatar\/78a7f90c01fc2bfc875782a0d4922b37cde2cf184ce347b91316d23cd7f69a36?s=96&d=mm&r=g","contentUrl":"https:\/\/secure.gravatar.com\/avatar\/78a7f90c01fc2bfc875782a0d4922b37cde2cf184ce347b91316d23cd7f69a36?s=96&d=mm&r=g","caption":"galledia"},"sameAs":["https:\/\/x.com\/admin"],"url":"https:\/\/www.organisator.ch\/fr\/author\/galledia\/"}]}},"_links":{"self":[{"href":"https:\/\/www.organisator.ch\/fr\/wp-json\/wp\/v2\/posts\/38866","targetHints":{"allow":["GET"]}}],"collection":[{"href":"https:\/\/www.organisator.ch\/fr\/wp-json\/wp\/v2\/posts"}],"about":[{"href":"https:\/\/www.organisator.ch\/fr\/wp-json\/wp\/v2\/types\/post"}],"author":[{"embeddable":true,"href":"https:\/\/www.organisator.ch\/fr\/wp-json\/wp\/v2\/users\/8"}],"replies":[{"embeddable":true,"href":"https:\/\/www.organisator.ch\/fr\/wp-json\/wp\/v2\/comments?post=38866"}],"version-history":[{"count":5,"href":"https:\/\/www.organisator.ch\/fr\/wp-json\/wp\/v2\/posts\/38866\/revisions"}],"predecessor-version":[{"id":38880,"href":"https:\/\/www.organisator.ch\/fr\/wp-json\/wp\/v2\/posts\/38866\/revisions\/38880"}],"wp:attachment":[{"href":"https:\/\/www.organisator.ch\/fr\/wp-json\/wp\/v2\/media?parent=38866"}],"wp:term":[{"taxonomy":"category","embeddable":true,"href":"https:\/\/www.organisator.ch\/fr\/wp-json\/wp\/v2\/categories?post=38866"},{"taxonomy":"post_tag","embeddable":true,"href":"https:\/\/www.organisator.ch\/fr\/wp-json\/wp\/v2\/tags?post=38866"}],"curies":[{"name":"wp","href":"https:\/\/api.w.org\/{rel}","templated":true}]}}