{"id":3891,"date":"2018-07-03T17:02:29","date_gmt":"2018-07-03T15:02:29","guid":{"rendered":"https:\/\/www.organisator.ch\/?p=3891"},"modified":"2018-07-03T17:02:29","modified_gmt":"2018-07-03T15:02:29","slug":"die-klimastiftung-schweiz-feiert-10-jahr-jubilaeum","status":"publish","type":"post","link":"https:\/\/www.organisator.ch\/fr\/allgemein\/2018-07-03\/die-klimastiftung-schweiz-feiert-10-jahr-jubilaeum\/","title":{"rendered":"La Fondation Suisse pour le Climat f\u00eate son 10e anniversaire"},"content":{"rendered":"<figure id=\"attachment_3892\" aria-describedby=\"caption-attachment-3892\" style=\"width: 640px\" class=\"wp-caption alignnone\"><img loading=\"lazy\" decoding=\"async\" class=\"size-full wp-image-3892\" src=\"https:\/\/www.organisator.ch\/wp-content\/uploads\/2018\/07\/Zehn-Jahre-fuer-Klimaschutz-und-KMU_Organisator.jpg\" alt=\"\" width=\"640\" height=\"480\" srcset=\"https:\/\/www.organisator.ch\/wp-content\/uploads\/2018\/07\/Zehn-Jahre-fuer-Klimaschutz-und-KMU_Organisator.jpg 640w, https:\/\/www.organisator.ch\/wp-content\/uploads\/2018\/07\/Zehn-Jahre-fuer-Klimaschutz-und-KMU_Organisator-16x12.jpg 16w, https:\/\/www.organisator.ch\/wp-content\/uploads\/2018\/07\/Zehn-Jahre-fuer-Klimaschutz-und-KMU_Organisator-233x175.jpg 233w, https:\/\/www.organisator.ch\/wp-content\/uploads\/2018\/07\/Zehn-Jahre-fuer-Klimaschutz-und-KMU_Organisator-467x350.jpg 467w, https:\/\/www.organisator.ch\/wp-content\/uploads\/2018\/07\/Zehn-Jahre-fuer-Klimaschutz-und-KMU_Organisator-300x225.jpg 300w\" sizes=\"auto, (max-width: 640px) 100vw, 640px\" \/><figcaption id=\"caption-attachment-3892\" class=\"wp-caption-text\">Le bureau de la Fondation Suisse pour le Climat traite la plupart des demandes dans un d\u00e9lai d'un mois. Les innovations et les projets d'\u00e9conomie d'\u00e9nergie qui ne r\u00e9pondent pas aux crit\u00e8res standard sont d\u00e9cid\u00e9s par le conseil de fondation lors de sa r\u00e9union semestrielle. (Image : Fondation Suisse pour le Climat)<\/figcaption><\/figure>\n<p>\"Prot\u00e9ger le climat. Renforcer les PME\". C'est selon cette devise que la Fondation Suisse pour le Climat soutient depuis dix ans les petites et moyennes entreprises (PME) qui apportent leur contribution \u00e0 la protection du climat. Cela peut passer par des \u00e9conomies d'\u00e9nergie dans leur propre entreprise ou par le d\u00e9veloppement de produits respectueux du climat. Jusqu'\u00e0 pr\u00e9sent, 1'400 PME de Suisse et de la Principaut\u00e9 du Liechtenstein ont pu profiter d'un total de 18 millions de francs de subventions.<\/p>\n<h2><strong>De l'\u00e9conomie pour l'\u00e9conomie<\/strong><\/h2>\n<p>La Fondation Suisse pour le Climat a \u00e9t\u00e9 cr\u00e9\u00e9e le 4 juillet 2008 par des entreprises de services telles que des banques, des assurances et des soci\u00e9t\u00e9s de conseil. L'\u00e9l\u00e9ment d\u00e9clencheur a \u00e9t\u00e9 la loi sur le CO<sub>2<\/sub>-La loi f\u00e9d\u00e9rale sur l'\u00e9nergie est entr\u00e9e en vigueur en janvier 2008. Cette loi impose une taxe sur les combustibles. Une partie de cette taxe est revers\u00e9e par la Conf\u00e9d\u00e9ration \u00e0 l'\u00e9conomie. Les prestataires de services profitent de ce remboursement, car ils \u00e9mettent peu de CO<sub>2<\/sub>-2sont \u00e9galement en jeu. Plusieurs entreprises de services ont donc d\u00e9cid\u00e9 de faire don volontairement de l'exc\u00e9dent des remboursements. Pour ce faire, elles ont cr\u00e9\u00e9 ensemble la Fondation Suisse pour le Climat. Entre-temps, le nombre d'entreprises partenaires est pass\u00e9 de 11 \u00e0 27.<\/p>\n<h2><strong>Soutien dans tous les secteurs<\/strong><\/h2>\n<p>La Fondation Suisse pour le Climat soutient les PME de tous les secteurs. Les am\u00e9liorations apport\u00e9es aux b\u00e2timents, aux machines, aux syst\u00e8mes de chauffage et de refroidissement repr\u00e9sentent une grande partie des mesures soutenues dans le domaine de l'efficacit\u00e9 \u00e9nerg\u00e9tique. En collaboration avec l'Agence de l'\u00e9nergie pour l'\u00e9conomie (AEnEC) et l'Agence Cleantech Suisse (act), la fondation soutient \u00e9galement les PME qui concluent avec la Conf\u00e9d\u00e9ration une convention d'objectifs volontaire en mati\u00e8re d'\u00e9conomie d'\u00e9nergie. Le d\u00e9veloppement de produits respectueux du climat est \u00e9galement encourag\u00e9. Les contributions d'encouragement sont des dons non remboursables et sont vers\u00e9es une fois que des \u00e9tapes pr\u00e9alablement d\u00e9finies ont \u00e9t\u00e9 atteintes.<\/p>\n<p><em><a href=\"http:\/\/www.klimastiftung.ch\">Plus d'informations<\/a><\/em><\/p>","protected":false},"excerpt":{"rendered":"<p>\u00abKlima sch\u00fctzen. KMU st\u00e4rken.\u00bb Nach diesem Motto unterst\u00fctzt die Klimastiftung Schweiz seit zehn Jahren kleine und mittlere Unternehmen (KMU), die einen Beitrag f\u00fcr den Klimaschutz leisten. Dies kann \u00fcber Energiesparen im eigenen Betrieb oder \u00fcber die Entwicklung klimafreundlicher Produkte geschehen. 1&#8217;400 KMU in der Schweiz und im F\u00fcrstentum Liechtenstein konnten bisher von insgesamt 18 Millionen [&hellip;]<\/p>\n","protected":false},"author":4,"featured_media":3892,"comment_status":"open","ping_status":"open","sticky":false,"template":"","format":"standard","meta":{"_acf_changed":false,"_yoast_wpseo_focuskw":"Klimastiftung","_yoast_wpseo_metadesc":"Die Klimastiftung Schweiz hat seit ihrer Gr\u00fcndung 2008 \u00fcber 1'400 KMU bei ihren Aktivit\u00e4ten f\u00fcr Energieeffizienz und Klimaschutz unterst\u00fctzt.","articlekey":"","footnotes":""},"categories":[1],"tags":[300,488,496],"class_list":["post-3891","post","type-post","status-publish","format-standard","has-post-thumbnail","hentry","category-allgemein","tag-klimaschutz","tag-umweltmanagement","tag-unternehmensfuehrung"],"acf":[],"yoast_head":"<!-- This site is optimized with the Yoast SEO plugin v27.4 - https:\/\/yoast.com\/product\/yoast-seo-wordpress\/ -->\n<title>Die Klimastiftung Schweiz feiert 10-Jahr-Jubil\u00e4um - Organisator<\/title>\n<meta name=\"description\" content=\"Die Klimastiftung Schweiz hat seit ihrer Gr\u00fcndung 2008 \u00fcber 1&#039;400 KMU bei ihren Aktivit\u00e4ten f\u00fcr Energieeffizienz und Klimaschutz unterst\u00fctzt.\" \/>\n<meta name=\"robots\" content=\"index, follow, max-snippet:-1, max-image-preview:large, max-video-preview:-1\" \/>\n<link rel=\"canonical\" href=\"https:\/\/www.organisator.ch\/fr\/general\/2018-07-03\/die-klimastiftung-schweiz-feiert-10-jahr-jubilaeum\/\" \/>\n<meta property=\"og:locale\" content=\"fr_FR\" \/>\n<meta property=\"og:type\" content=\"article\" \/>\n<meta property=\"og:title\" content=\"Die Klimastiftung Schweiz feiert 10-Jahr-Jubil\u00e4um\" \/>\n<meta property=\"og:description\" content=\"Die #Klimastiftung Schweiz hat seit ihrer Gr\u00fcndung 2008 \u00fcber 1&#039;400 KMU bei ihren Aktivit\u00e4ten f\u00fcr #Energieeffizienz und #Klimaschutz unterst\u00fctzt.\" \/>\n<meta property=\"og:url\" content=\"https:\/\/www.organisator.ch\/fr\/general\/2018-07-03\/die-klimastiftung-schweiz-feiert-10-jahr-jubilaeum\/\" \/>\n<meta property=\"og:site_name\" content=\"Organisator\" \/>\n<meta property=\"article:publisher\" content=\"https:\/\/www.facebook.com\/OrganisatorFachmagazin\" \/>\n<meta property=\"article:published_time\" content=\"2018-07-03T15:02:29+00:00\" \/>\n<meta property=\"og:image\" content=\"https:\/\/www.organisator.ch\/wp-content\/uploads\/2018\/07\/Zehn-Jahre-fuer-Klimaschutz-und-KMU_Organisator.jpg\" \/>\n\t<meta property=\"og:image:width\" content=\"640\" \/>\n\t<meta property=\"og:image:height\" content=\"480\" \/>\n\t<meta property=\"og:image:type\" content=\"image\/jpeg\" \/>\n<meta name=\"author\" content=\"thomas.berner\" \/>\n<meta name=\"twitter:card\" content=\"summary_large_image\" \/>\n<meta name=\"twitter:title\" content=\"Die #Klimastiftung Schweiz feiert 10-Jahr-Jubil\u00e4um\" \/>\n<meta name=\"twitter:description\" content=\"Die #Klimastiftung Schweiz hat seit ihrer Gr\u00fcndung 2008 \u00fcber 1&#039;400 KMU bei ihren Aktivit\u00e4ten f\u00fcr #Energieeffizienz und #Klimaschutz unterst\u00fctzt.\" \/>\n<meta name=\"twitter:image\" content=\"https:\/\/www.organisator.ch\/wp-content\/uploads\/2018\/07\/Zehn-Jahre-f\u00fcr-Klimaschutz-und-KMU_Organisator.jpg\" \/>\n<script type=\"application\/ld+json\" class=\"yoast-schema-graph\">{\"@context\":\"https:\\\/\\\/schema.org\",\"@graph\":[{\"@type\":\"Article\",\"@id\":\"https:\\\/\\\/www.organisator.ch\\\/en\\\/general\\\/2018-07-03\\\/die-klimastiftung-schweiz-feiert-10-jahr-jubilaeum\\\/#article\",\"isPartOf\":{\"@id\":\"https:\\\/\\\/www.organisator.ch\\\/en\\\/general\\\/2018-07-03\\\/die-klimastiftung-schweiz-feiert-10-jahr-jubilaeum\\\/\"},\"author\":{\"name\":\"thomas.berner\",\"@id\":\"https:\\\/\\\/www.organisator.ch\\\/#\\\/schema\\\/person\\\/6f650f90b2842cd4c0cc334b4e36f67e\"},\"headline\":\"Die Klimastiftung Schweiz feiert 10-Jahr-Jubil\u00e4um\",\"datePublished\":\"2018-07-03T15:02:29+00:00\",\"mainEntityOfPage\":{\"@id\":\"https:\\\/\\\/www.organisator.ch\\\/en\\\/general\\\/2018-07-03\\\/die-klimastiftung-schweiz-feiert-10-jahr-jubilaeum\\\/\"},\"wordCount\":308,\"commentCount\":0,\"publisher\":{\"@id\":\"https:\\\/\\\/www.organisator.ch\\\/#organization\"},\"image\":{\"@id\":\"https:\\\/\\\/www.organisator.ch\\\/en\\\/general\\\/2018-07-03\\\/die-klimastiftung-schweiz-feiert-10-jahr-jubilaeum\\\/#primaryimage\"},\"thumbnailUrl\":\"https:\\\/\\\/www.organisator.ch\\\/wp-content\\\/uploads\\\/2018\\\/07\\\/Zehn-Jahre-fuer-Klimaschutz-und-KMU_Organisator.jpg\",\"keywords\":[\"Klimaschutz\",\"Umweltmanagement\",\"Unternehmensf\u00fchrung\"],\"articleSection\":[\"Allgemein\"],\"inLanguage\":\"fr-FR\"},{\"@type\":\"WebPage\",\"@id\":\"https:\\\/\\\/www.organisator.ch\\\/en\\\/general\\\/2018-07-03\\\/die-klimastiftung-schweiz-feiert-10-jahr-jubilaeum\\\/\",\"url\":\"https:\\\/\\\/www.organisator.ch\\\/en\\\/general\\\/2018-07-03\\\/die-klimastiftung-schweiz-feiert-10-jahr-jubilaeum\\\/\",\"name\":\"Die Klimastiftung Schweiz feiert 10-Jahr-Jubil\u00e4um - Organisator\",\"isPartOf\":{\"@id\":\"https:\\\/\\\/www.organisator.ch\\\/#website\"},\"primaryImageOfPage\":{\"@id\":\"https:\\\/\\\/www.organisator.ch\\\/en\\\/general\\\/2018-07-03\\\/die-klimastiftung-schweiz-feiert-10-jahr-jubilaeum\\\/#primaryimage\"},\"image\":{\"@id\":\"https:\\\/\\\/www.organisator.ch\\\/en\\\/general\\\/2018-07-03\\\/die-klimastiftung-schweiz-feiert-10-jahr-jubilaeum\\\/#primaryimage\"},\"thumbnailUrl\":\"https:\\\/\\\/www.organisator.ch\\\/wp-content\\\/uploads\\\/2018\\\/07\\\/Zehn-Jahre-fuer-Klimaschutz-und-KMU_Organisator.jpg\",\"datePublished\":\"2018-07-03T15:02:29+00:00\",\"description\":\"Die Klimastiftung Schweiz hat seit ihrer Gr\u00fcndung 2008 \u00fcber 1'400 KMU bei ihren Aktivit\u00e4ten f\u00fcr Energieeffizienz und Klimaschutz unterst\u00fctzt.\",\"breadcrumb\":{\"@id\":\"https:\\\/\\\/www.organisator.ch\\\/en\\\/general\\\/2018-07-03\\\/die-klimastiftung-schweiz-feiert-10-jahr-jubilaeum\\\/#breadcrumb\"},\"inLanguage\":\"fr-FR\",\"potentialAction\":[{\"@type\":\"ReadAction\",\"target\":[\"https:\\\/\\\/www.organisator.ch\\\/en\\\/general\\\/2018-07-03\\\/die-klimastiftung-schweiz-feiert-10-jahr-jubilaeum\\\/\"]}]},{\"@type\":\"ImageObject\",\"inLanguage\":\"fr-FR\",\"@id\":\"https:\\\/\\\/www.organisator.ch\\\/en\\\/general\\\/2018-07-03\\\/die-klimastiftung-schweiz-feiert-10-jahr-jubilaeum\\\/#primaryimage\",\"url\":\"https:\\\/\\\/www.organisator.ch\\\/wp-content\\\/uploads\\\/2018\\\/07\\\/Zehn-Jahre-fuer-Klimaschutz-und-KMU_Organisator.jpg\",\"contentUrl\":\"https:\\\/\\\/www.organisator.ch\\\/wp-content\\\/uploads\\\/2018\\\/07\\\/Zehn-Jahre-fuer-Klimaschutz-und-KMU_Organisator.jpg\",\"width\":640,\"height\":480,\"caption\":\"Die Gesch\u00e4ftsstelle der Klimastiftung Schweiz bearbeitet die meisten Antr\u00e4ge innert Monatsfrist. \u00dcber Innovationen und Energiespar-Projekte, die nicht den Standardkriterien entsprechen, entscheidet der Stiftungsrat in seiner halbj\u00e4hrlichen Sitzung. (Bild: Klimastiftung Schweiz)\"},{\"@type\":\"BreadcrumbList\",\"@id\":\"https:\\\/\\\/www.organisator.ch\\\/en\\\/general\\\/2018-07-03\\\/die-klimastiftung-schweiz-feiert-10-jahr-jubilaeum\\\/#breadcrumb\",\"itemListElement\":[{\"@type\":\"ListItem\",\"position\":1,\"name\":\"Home\",\"item\":\"https:\\\/\\\/www.organisator.ch\\\/\"},{\"@type\":\"ListItem\",\"position\":2,\"name\":\"Die Klimastiftung Schweiz feiert 10-Jahr-Jubil\u00e4um\"}]},{\"@type\":\"WebSite\",\"@id\":\"https:\\\/\\\/www.organisator.ch\\\/#website\",\"url\":\"https:\\\/\\\/www.organisator.ch\\\/\",\"name\":\"Organisator\",\"description\":\"Kompetent. Praxisnah. Der ORGANISATOR bereitet in 10 Ausgaben pro Jahr die wesentlichen Themen f\u00fcr F\u00fchrungskr\u00e4fte von KMU auf.\",\"publisher\":{\"@id\":\"https:\\\/\\\/www.organisator.ch\\\/#organization\"},\"potentialAction\":[{\"@type\":\"SearchAction\",\"target\":{\"@type\":\"EntryPoint\",\"urlTemplate\":\"https:\\\/\\\/www.organisator.ch\\\/?s={search_term_string}\"},\"query-input\":{\"@type\":\"PropertyValueSpecification\",\"valueRequired\":true,\"valueName\":\"search_term_string\"}}],\"inLanguage\":\"fr-FR\"},{\"@type\":\"Organization\",\"@id\":\"https:\\\/\\\/www.organisator.ch\\\/#organization\",\"name\":\"Organisator\",\"url\":\"https:\\\/\\\/www.organisator.ch\\\/\",\"logo\":{\"@type\":\"ImageObject\",\"inLanguage\":\"fr-FR\",\"@id\":\"https:\\\/\\\/www.organisator.ch\\\/#\\\/schema\\\/logo\\\/image\\\/\",\"url\":\"https:\\\/\\\/www.organisator.ch\\\/wp-content\\\/uploads\\\/2022\\\/01\\\/Logo_Organisator_Website.png\",\"contentUrl\":\"https:\\\/\\\/www.organisator.ch\\\/wp-content\\\/uploads\\\/2022\\\/01\\\/Logo_Organisator_Website.png\",\"width\":800,\"height\":77,\"caption\":\"Organisator\"},\"image\":{\"@id\":\"https:\\\/\\\/www.organisator.ch\\\/#\\\/schema\\\/logo\\\/image\\\/\"},\"sameAs\":[\"https:\\\/\\\/www.facebook.com\\\/OrganisatorFachmagazin\",\"https:\\\/\\\/www.linkedin.com\\\/showcase\\\/organisator-das-magazin-fr-kmu\",\"https:\\\/\\\/www.xing.com\\\/news\\\/pages\\\/organisator-ch-695\",\"https:\\\/\\\/www.youtube.com\\\/channel\\\/UCGP2Sq0iWaZwT3BdIAQFYpw\"]},{\"@type\":\"Person\",\"@id\":\"https:\\\/\\\/www.organisator.ch\\\/#\\\/schema\\\/person\\\/6f650f90b2842cd4c0cc334b4e36f67e\",\"name\":\"thomas.berner\",\"image\":{\"@type\":\"ImageObject\",\"inLanguage\":\"fr-FR\",\"@id\":\"https:\\\/\\\/secure.gravatar.com\\\/avatar\\\/ac5001d2a36cb6c6cd3e50789007ffca834b477b74a2144564522e944eabff61?s=96&d=mm&r=g\",\"url\":\"https:\\\/\\\/secure.gravatar.com\\\/avatar\\\/ac5001d2a36cb6c6cd3e50789007ffca834b477b74a2144564522e944eabff61?s=96&d=mm&r=g\",\"contentUrl\":\"https:\\\/\\\/secure.gravatar.com\\\/avatar\\\/ac5001d2a36cb6c6cd3e50789007ffca834b477b74a2144564522e944eabff61?s=96&d=mm&r=g\",\"caption\":\"thomas.berner\"},\"url\":\"https:\\\/\\\/www.organisator.ch\\\/fr\\\/author\\\/thomas-berner\\\/\"}]}<\/script>\n<!-- \/ Yoast SEO plugin. -->","yoast_head_json":{"title":"La Fondation Suisse pour le Climat f\u00eate ses 10 ans - Organisateur","description":"Depuis sa cr\u00e9ation en 2008, la Fondation Suisse pour le Climat a soutenu plus de 1'400 PME dans leurs activit\u00e9s en faveur de l'efficacit\u00e9 \u00e9nerg\u00e9tique et de la protection du climat.","robots":{"index":"index","follow":"follow","max-snippet":"max-snippet:-1","max-image-preview":"max-image-preview:large","max-video-preview":"max-video-preview:-1"},"canonical":"https:\/\/www.organisator.ch\/fr\/general\/2018-07-03\/die-klimastiftung-schweiz-feiert-10-jahr-jubilaeum\/","og_locale":"fr_FR","og_type":"article","og_title":"Die Klimastiftung Schweiz feiert 10-Jahr-Jubil\u00e4um","og_description":"Die #Klimastiftung Schweiz hat seit ihrer Gr\u00fcndung 2008 \u00fcber 1'400 KMU bei ihren Aktivit\u00e4ten f\u00fcr #Energieeffizienz und #Klimaschutz unterst\u00fctzt.","og_url":"https:\/\/www.organisator.ch\/fr\/general\/2018-07-03\/die-klimastiftung-schweiz-feiert-10-jahr-jubilaeum\/","og_site_name":"Organisator","article_publisher":"https:\/\/www.facebook.com\/OrganisatorFachmagazin","article_published_time":"2018-07-03T15:02:29+00:00","og_image":[{"width":640,"height":480,"url":"https:\/\/www.organisator.ch\/wp-content\/uploads\/2018\/07\/Zehn-Jahre-fuer-Klimaschutz-und-KMU_Organisator.jpg","type":"image\/jpeg"}],"author":"thomas.berner","twitter_card":"summary_large_image","twitter_title":"Die #Klimastiftung Schweiz feiert 10-Jahr-Jubil\u00e4um","twitter_description":"Die #Klimastiftung Schweiz hat seit ihrer Gr\u00fcndung 2008 \u00fcber 1'400 KMU bei ihren Aktivit\u00e4ten f\u00fcr #Energieeffizienz und #Klimaschutz unterst\u00fctzt.","twitter_image":"https:\/\/www.organisator.ch\/wp-content\/uploads\/2018\/07\/Zehn-Jahre-f\u00fcr-Klimaschutz-und-KMU_Organisator.jpg","schema":{"@context":"https:\/\/schema.org","@graph":[{"@type":"Article","@id":"https:\/\/www.organisator.ch\/en\/general\/2018-07-03\/die-klimastiftung-schweiz-feiert-10-jahr-jubilaeum\/#article","isPartOf":{"@id":"https:\/\/www.organisator.ch\/en\/general\/2018-07-03\/die-klimastiftung-schweiz-feiert-10-jahr-jubilaeum\/"},"author":{"name":"thomas.berner","@id":"https:\/\/www.organisator.ch\/#\/schema\/person\/6f650f90b2842cd4c0cc334b4e36f67e"},"headline":"Die Klimastiftung Schweiz feiert 10-Jahr-Jubil\u00e4um","datePublished":"2018-07-03T15:02:29+00:00","mainEntityOfPage":{"@id":"https:\/\/www.organisator.ch\/en\/general\/2018-07-03\/die-klimastiftung-schweiz-feiert-10-jahr-jubilaeum\/"},"wordCount":308,"commentCount":0,"publisher":{"@id":"https:\/\/www.organisator.ch\/#organization"},"image":{"@id":"https:\/\/www.organisator.ch\/en\/general\/2018-07-03\/die-klimastiftung-schweiz-feiert-10-jahr-jubilaeum\/#primaryimage"},"thumbnailUrl":"https:\/\/www.organisator.ch\/wp-content\/uploads\/2018\/07\/Zehn-Jahre-fuer-Klimaschutz-und-KMU_Organisator.jpg","keywords":["Klimaschutz","Umweltmanagement","Unternehmensf\u00fchrung"],"articleSection":["Allgemein"],"inLanguage":"fr-FR"},{"@type":"WebPage","@id":"https:\/\/www.organisator.ch\/en\/general\/2018-07-03\/die-klimastiftung-schweiz-feiert-10-jahr-jubilaeum\/","url":"https:\/\/www.organisator.ch\/en\/general\/2018-07-03\/die-klimastiftung-schweiz-feiert-10-jahr-jubilaeum\/","name":"La Fondation Suisse pour le Climat f\u00eate ses 10 ans - Organisateur","isPartOf":{"@id":"https:\/\/www.organisator.ch\/#website"},"primaryImageOfPage":{"@id":"https:\/\/www.organisator.ch\/en\/general\/2018-07-03\/die-klimastiftung-schweiz-feiert-10-jahr-jubilaeum\/#primaryimage"},"image":{"@id":"https:\/\/www.organisator.ch\/en\/general\/2018-07-03\/die-klimastiftung-schweiz-feiert-10-jahr-jubilaeum\/#primaryimage"},"thumbnailUrl":"https:\/\/www.organisator.ch\/wp-content\/uploads\/2018\/07\/Zehn-Jahre-fuer-Klimaschutz-und-KMU_Organisator.jpg","datePublished":"2018-07-03T15:02:29+00:00","description":"Depuis sa cr\u00e9ation en 2008, la Fondation Suisse pour le Climat a soutenu plus de 1'400 PME dans leurs activit\u00e9s en faveur de l'efficacit\u00e9 \u00e9nerg\u00e9tique et de la protection du climat.","breadcrumb":{"@id":"https:\/\/www.organisator.ch\/en\/general\/2018-07-03\/die-klimastiftung-schweiz-feiert-10-jahr-jubilaeum\/#breadcrumb"},"inLanguage":"fr-FR","potentialAction":[{"@type":"ReadAction","target":["https:\/\/www.organisator.ch\/en\/general\/2018-07-03\/die-klimastiftung-schweiz-feiert-10-jahr-jubilaeum\/"]}]},{"@type":"ImageObject","inLanguage":"fr-FR","@id":"https:\/\/www.organisator.ch\/en\/general\/2018-07-03\/die-klimastiftung-schweiz-feiert-10-jahr-jubilaeum\/#primaryimage","url":"https:\/\/www.organisator.ch\/wp-content\/uploads\/2018\/07\/Zehn-Jahre-fuer-Klimaschutz-und-KMU_Organisator.jpg","contentUrl":"https:\/\/www.organisator.ch\/wp-content\/uploads\/2018\/07\/Zehn-Jahre-fuer-Klimaschutz-und-KMU_Organisator.jpg","width":640,"height":480,"caption":"Die Gesch\u00e4ftsstelle der Klimastiftung Schweiz bearbeitet die meisten Antr\u00e4ge innert Monatsfrist. \u00dcber Innovationen und Energiespar-Projekte, die nicht den Standardkriterien entsprechen, entscheidet der Stiftungsrat in seiner halbj\u00e4hrlichen Sitzung. (Bild: Klimastiftung Schweiz)"},{"@type":"BreadcrumbList","@id":"https:\/\/www.organisator.ch\/en\/general\/2018-07-03\/die-klimastiftung-schweiz-feiert-10-jahr-jubilaeum\/#breadcrumb","itemListElement":[{"@type":"ListItem","position":1,"name":"Home","item":"https:\/\/www.organisator.ch\/"},{"@type":"ListItem","position":2,"name":"Die Klimastiftung Schweiz feiert 10-Jahr-Jubil\u00e4um"}]},{"@type":"WebSite","@id":"https:\/\/www.organisator.ch\/#website","url":"https:\/\/www.organisator.ch\/","name":"Organisateur","description":"Comp\u00e9tence et comp\u00e9tence. Proches de la pratique. L'ORGANISATEUR pr\u00e9pare 10 num\u00e9ros par an sur les th\u00e8mes essentiels pour les dirigeants de PME.","publisher":{"@id":"https:\/\/www.organisator.ch\/#organization"},"potentialAction":[{"@type":"SearchAction","target":{"@type":"EntryPoint","urlTemplate":"https:\/\/www.organisator.ch\/?s={search_term_string}"},"query-input":{"@type":"PropertyValueSpecification","valueRequired":true,"valueName":"search_term_string"}}],"inLanguage":"fr-FR"},{"@type":"Organization","@id":"https:\/\/www.organisator.ch\/#organization","name":"Organisateur","url":"https:\/\/www.organisator.ch\/","logo":{"@type":"ImageObject","inLanguage":"fr-FR","@id":"https:\/\/www.organisator.ch\/#\/schema\/logo\/image\/","url":"https:\/\/www.organisator.ch\/wp-content\/uploads\/2022\/01\/Logo_Organisator_Website.png","contentUrl":"https:\/\/www.organisator.ch\/wp-content\/uploads\/2022\/01\/Logo_Organisator_Website.png","width":800,"height":77,"caption":"Organisator"},"image":{"@id":"https:\/\/www.organisator.ch\/#\/schema\/logo\/image\/"},"sameAs":["https:\/\/www.facebook.com\/OrganisatorFachmagazin","https:\/\/www.linkedin.com\/showcase\/organisator-das-magazin-fr-kmu","https:\/\/www.xing.com\/news\/pages\/organisator-ch-695","https:\/\/www.youtube.com\/channel\/UCGP2Sq0iWaZwT3BdIAQFYpw"]},{"@type":"Person","@id":"https:\/\/www.organisator.ch\/#\/schema\/person\/6f650f90b2842cd4c0cc334b4e36f67e","name":"thomas.berner","image":{"@type":"ImageObject","inLanguage":"fr-FR","@id":"https:\/\/secure.gravatar.com\/avatar\/ac5001d2a36cb6c6cd3e50789007ffca834b477b74a2144564522e944eabff61?s=96&d=mm&r=g","url":"https:\/\/secure.gravatar.com\/avatar\/ac5001d2a36cb6c6cd3e50789007ffca834b477b74a2144564522e944eabff61?s=96&d=mm&r=g","contentUrl":"https:\/\/secure.gravatar.com\/avatar\/ac5001d2a36cb6c6cd3e50789007ffca834b477b74a2144564522e944eabff61?s=96&d=mm&r=g","caption":"thomas.berner"},"url":"https:\/\/www.organisator.ch\/fr\/author\/thomas-berner\/"}]}},"_links":{"self":[{"href":"https:\/\/www.organisator.ch\/fr\/wp-json\/wp\/v2\/posts\/3891","targetHints":{"allow":["GET"]}}],"collection":[{"href":"https:\/\/www.organisator.ch\/fr\/wp-json\/wp\/v2\/posts"}],"about":[{"href":"https:\/\/www.organisator.ch\/fr\/wp-json\/wp\/v2\/types\/post"}],"author":[{"embeddable":true,"href":"https:\/\/www.organisator.ch\/fr\/wp-json\/wp\/v2\/users\/4"}],"replies":[{"embeddable":true,"href":"https:\/\/www.organisator.ch\/fr\/wp-json\/wp\/v2\/comments?post=3891"}],"version-history":[{"count":0,"href":"https:\/\/www.organisator.ch\/fr\/wp-json\/wp\/v2\/posts\/3891\/revisions"}],"wp:featuredmedia":[{"embeddable":true,"href":"https:\/\/www.organisator.ch\/fr\/wp-json\/wp\/v2\/media\/3892"}],"wp:attachment":[{"href":"https:\/\/www.organisator.ch\/fr\/wp-json\/wp\/v2\/media?parent=3891"}],"wp:term":[{"taxonomy":"category","embeddable":true,"href":"https:\/\/www.organisator.ch\/fr\/wp-json\/wp\/v2\/categories?post=3891"},{"taxonomy":"post_tag","embeddable":true,"href":"https:\/\/www.organisator.ch\/fr\/wp-json\/wp\/v2\/tags?post=3891"}],"curies":[{"name":"wp","href":"https:\/\/api.w.org\/{rel}","templated":true}]}}