{"id":38922,"date":"2025-06-17T11:05:32","date_gmt":"2025-06-17T09:05:32","guid":{"rendered":"https:\/\/www.organisator.ch\/?p=38922"},"modified":"2025-06-16T11:34:11","modified_gmt":"2025-06-16T09:34:11","slug":"app-steuert-erreichbarkeit-waehrend-ferien","status":"publish","type":"post","link":"https:\/\/www.organisator.ch\/fr\/human-resources\/2025-06-17\/app-steuert-erreichbarkeit-waehrend-ferien\/","title":{"rendered":"L'application contr\u00f4le la joignabilit\u00e9 pendant les vacances"},"content":{"rendered":"<figure id=\"attachment_38924\" aria-describedby=\"caption-attachment-38924\" style=\"width: 680px\" class=\"wp-caption alignnone\"><img loading=\"lazy\" decoding=\"async\" class=\"size-full wp-image-38924\" src=\"https:\/\/www.organisator.ch\/wp-content\/uploads\/2025\/06\/App-steuert-Erreichbarkeit-waehrend-Ferie-1_Organisator.jpg\" alt=\"\" width=\"680\" height=\"453\" srcset=\"https:\/\/www.organisator.ch\/wp-content\/uploads\/2025\/06\/App-steuert-Erreichbarkeit-waehrend-Ferie-1_Organisator.jpg 680w, https:\/\/www.organisator.ch\/wp-content\/uploads\/2025\/06\/App-steuert-Erreichbarkeit-waehrend-Ferie-1_Organisator-18x12.jpg 18w, https:\/\/www.organisator.ch\/wp-content\/uploads\/2025\/06\/App-steuert-Erreichbarkeit-waehrend-Ferie-1_Organisator-375x250.jpg 375w, https:\/\/www.organisator.ch\/wp-content\/uploads\/2025\/06\/App-steuert-Erreichbarkeit-waehrend-Ferie-1_Organisator-525x350.jpg 525w\" sizes=\"auto, (max-width: 680px) 100vw, 680px\" \/><figcaption id=\"caption-attachment-38924\" class=\"wp-caption-text\">Arbeiten in der Freizeit oder w\u00e4hrend des Urlaubs? Viele tun es, aber nicht immer ist die dauernde Erreichbarkeit ein Segen. (Bild: Pexels.com)<\/figcaption><\/figure>\n<p>Der Trend zu hybriden Arbeitsmodellen in der Schweiz, in denen Arbeitnehmende sowohl im Homeoffice oder vor Ort im B\u00fcro arbeiten k\u00f6nnen, hat die Kommunikation digitalisiert und viele Abl\u00e4ufe vereinfacht. Anrufe, E-Mails und Besprechungen k\u00f6nnen sowohl im B\u00fcro als auch von unterwegs oder zu Hause aus bearbeitet werden. Doch die Modernisierung der Technologien f\u00fchrt zu einer st\u00e4ndigen Erreichbarkeit der Arbeitnehmenden. Dem Dachverband der Arbeitnehmenden Travail.Suisse zufolge, gibt fast ein Drittel der Erwerbst\u00e4tigen in der Schweiz an, h\u00e4ufig in der Freizeit zu arbeiten. Nur 34 Prozent sagen, dass sie nie in der Freizeit arbeiten.<a href=\"#_ftn1\" name=\"_ftnref1\">[1]<\/a> Die Folge? Um die 40 Prozent der Besch\u00e4ftigten in der Schweiz sind ersch\u00f6pft, unter anderem, weil sie nicht zur Ruhe kommen k\u00f6nnen.<a href=\"#_ftn2\" name=\"_ftnref2\">[2]<\/a> \u00abWenn die Grenzen zwischen Berufs- und Privatleben verschwimmen, entsteht eine zunehmende Belastung\u00bb, stellt Christian Stredicke, CEO von Vodia klar. Sein Unternehmen entwickelt Kommunikationsl\u00f6sungen f\u00fcr verschiedene Branchen. Darunter auch eine App, mit der sich Arbeitszeiten festlegen lassen, in denen Mitarbeitende erreichbar sind und somit auch Grenzen setzen k\u00f6nnen, wenn die Arbeitszeit vorbei ist. \u00a0\u00abDie st\u00e4ndige Erreichbarkeit setzt nicht nur Mitarbeitende unter Druck, sie birgt ein Sicherheitsrisiko, wenn berufliche Korrespondenz \u00fcber private Ger\u00e4te l\u00e4uft\u00bb, warnt Stredicke. Mit einer App-L\u00f6sung im Browser oder auf dem Smartphone bleiben Unternehmensdaten auf dem Server und gelangen nicht auf private Endger\u00e4te. Der Experte erkl\u00e4rt, wie der Einsatz einer intelligenten Telefonanlage und einer App f\u00fcr mehr Zufriedenheit bei den Mitarbeitenden sorgen kann.<\/p>\n<h3><strong>Arbeitszeit durch eine App begrenzen <\/strong><\/h3>\n<p>Moderne Kommunikationskan\u00e4le und eine wachsende Zahl digitaler Tools f\u00fchren in vielen Unternehmen zu einer un\u00fcbersichtlichen Erreichbarkeit. Mitarbeitende sind auf mehreren Wegen kontaktierbar \u2013 und nicht immer ist klar, wie und wann sie erreichbar sein sollten. \u00abEs braucht eine zentrale Kommunikationsl\u00f6sung, die Struktur schafft und die Erreichbarkeit gezielt steuert\u00bb, sagt Christian Stredicke. Ein System, das etwa per App, VoIP-Telefon oder Mobilfunk genutzt wird, kann Mitarbeiter:innen helfen, die Zeiten festzulegen, in denen sie erreichbar sind. \u00abEin wichtiger Aspekt im Kontext von Arbeitsbelastung und digitaler Ersch\u00f6pfung\u00bb, betont Stredicke. Die Steuerung erfolgt flexibel, sodass sich auch Urlaube oder Feierabendzeiten unkompliziert ber\u00fccksichtigen lassen. Bei browserbasierter Nutzung werden Anrufe nur durchgestellt, wenn das Fenster aktiv ge\u00f6ffnet ist, so l\u00e4sst sich unbeabsichtigte Erreichbarkeit vermeiden. \u00dcber sogenannte Zeitsteuerungen k\u00f6nnen zudem feste Arbeitszeiten definiert werden, sowohl f\u00fcr einzelne Nebenstellen als auch f\u00fcr ganze Organisationen. Feiertage lassen sich als Ausnahmen hinterlegen. F\u00fcr bestimmte Rollen k\u00f6nnen gezielt Ausnahmen eingerichtet werden, etwa wenn Assistenzen auch ausserhalb der regul\u00e4ren Zeiten Zugang zu leitenden Personen ben\u00f6tigen, ohne deren direkte Kontaktdaten weiterzugeben. Der Experte berichtet: \u00abWer einmal seine private Handynummer weitergegeben hat, wird oft auch ausserhalb der Arbeitszeiten oder sogar nach einem Stellenwechsel kontaktiert \u2013 das l\u00e4sst sich technisch vermeiden, wenn Kommunikation zentral gesteuert wird.\u00bb<\/p>\n<figure id=\"attachment_38925\" aria-describedby=\"caption-attachment-38925\" style=\"width: 680px\" class=\"wp-caption alignnone\"><img loading=\"lazy\" decoding=\"async\" class=\"size-full wp-image-38925\" src=\"https:\/\/www.organisator.ch\/wp-content\/uploads\/2025\/06\/App-steuert-Erreichbarkeit-waehrend-Ferien-2_Organisator.jpg\" alt=\"\" width=\"680\" height=\"594\" srcset=\"https:\/\/www.organisator.ch\/wp-content\/uploads\/2025\/06\/App-steuert-Erreichbarkeit-waehrend-Ferien-2_Organisator.jpg 680w, https:\/\/www.organisator.ch\/wp-content\/uploads\/2025\/06\/App-steuert-Erreichbarkeit-waehrend-Ferien-2_Organisator-14x12.jpg 14w, https:\/\/www.organisator.ch\/wp-content\/uploads\/2025\/06\/App-steuert-Erreichbarkeit-waehrend-Ferien-2_Organisator-343x300.jpg 343w, https:\/\/www.organisator.ch\/wp-content\/uploads\/2025\/06\/App-steuert-Erreichbarkeit-waehrend-Ferien-2_Organisator-401x350.jpg 401w\" sizes=\"auto, (max-width: 680px) 100vw, 680px\" \/><figcaption id=\"caption-attachment-38925\" class=\"wp-caption-text\">Dr. Christian Stredicke, CEO von Vodia, erkl\u00e4rt, wie Unternehmen mit intelligenten Tools nicht nur digitaler Ersch\u00f6pfung vorbeugen, sondern auch die Sicherheit und Zufriedenheit ihrer Teams steigern k\u00f6nnen. (Bild: Vodia)<\/figcaption><\/figure>\n<h3><strong>Nutzung privater Telefone als Datenschutzrisiko? <\/strong><\/h3>\n<p>Die Nutzung privater Mobiltelefone im beruflichen Kontext birgt nicht nur Risiken f\u00fcr Mitarbeitende, sondern auch f\u00fcr Unternehmen. \u00abWerden private Ger\u00e4te f\u00fcr die Kundenkommunikation genutzt, wird es f\u00fcr Firmen schwer, ihre Daten zu sch\u00fctzen\u00bb, erkl\u00e4rt Stredicke. \u00abVor allem, wenn der Kontakt \u00fcber private Kan\u00e4le erfolgt und die Kundenbeziehung an die Person und nicht das Unternehmen gebunden ist, k\u00f6nnen Probleme entstehen\u00bb, warnt der Experte. Um eine Kundenabwanderung oder ungesch\u00fctzte Firmendaten zu vermeiden, sollten Unternehmen Systeme verwenden, die keine Daten auf Ger\u00e4ten, sondern auf dem firmeninternen Server speichern. Eine von Vodia entwickelte App, die zusammen mit den VoIP-Telefonen genutzt wird, erm\u00f6glicht es ausserdem, die gesch\u00e4ftliche Telefonnummer \u00fcber verschiedene Ger\u00e4te zu steuern. So k\u00f6nnen auch SMS versendet und keine Daten \u00fcber externe Plattformen preisgegeben werden. Technisch sollten auch noch weitere Datenschutzanforderungen erf\u00fcllt sein: \u00abVerbindungen sollten standardm\u00e4ssig verschl\u00fcsselt und im Dateisystem gesch\u00fctzt gespeichert sein\u00bb, erkl\u00e4rt Stredicke. In der Praxis zeigt sich, dass das Bed\u00fcrfnis nach kontrollierter Erreichbarkeit w\u00e4chst: \u00abGerade zu Beginn der Homeoffice-Phase waren es Lehrer, die bewusst die Browser-App nutzten, um nicht rund um die Uhr erreichbar zu sein\u00bb, berichtet der Experte. Inzwischen wachse aber das Verst\u00e4ndnis daf\u00fcr, dass auch mobile Anwendungen datenschutzkonform eingesetzt werden k\u00f6nnen, vor allem, wenn sie in klar strukturierte Unternehmensrichtlinien eingebettet sind.<\/p>\n<h3><strong>Kurze Anrufe statt langer Meetings <\/strong><\/h3>\n<p>Neben der Frage der Erreichbarkeit gewinnt auch die Art der Kommunikation zunehmend an Bedeutung. W\u00e4hrend Videokonferenzen zu Beginn der Homeoffice-Phase als zentrales Werkzeug galten, zeigt sich inzwischen eine gewisse \u00dcberlastung. \u00abDie R\u00fcckmeldung, die wir erhalten, ist eindeutig: Die Vielzahl geplanter Videomeetings f\u00fchrt zu Erm\u00fcdung und Frustration\u00bb, berichtet Christian Stredicke und f\u00e4hrt fort: \u00abDadurch geht f\u00fcr viele auch die Zeit f\u00fcr konzentriertes Arbeiten verloren.\u00bb Stattdessen seien kurze, spontane Telefonate oft deutlich effizienter, berichtet der Experte. Insbesondere dann, wenn Kolleginnen und Kollegen auch mobil erreichbar sind, lassen sich Abstimmungen schnell kl\u00e4ren, ohne dass alle Beteiligten gleichzeitig in einem virtuellen Raum pr\u00e4sent sein m\u00fcssen. Abschliessend fasst Stredicke zusammen: \u00abModerne Telefonanlagen mit App-Anbindung k\u00f6nnen solche direkten Kommunikationswege unterst\u00fctzen und gleichzeitig helfen, der digitalen Erreichbarkeit Grenzen zu setzen.\u00bb<\/p>\n<p><a href=\"#_ftnref1\" name=\"_ftn1\">[1]<\/a> <a href=\"https:\/\/www.travailsuisse.ch\/de\/media\/2059\/download?attachment\">https:\/\/www.travailsuisse.ch\/de\/media\/2059\/download?attachment<\/a> S. 27<\/p>\n<p><a href=\"#_ftnref2\" name=\"_ftn2\">[2]<\/a> Ebd. S. 10 &amp; 27<\/p>\n<p>&nbsp;<\/p>\n<p><em>Quelle und weitere Informationen: <a href=\"https:\/\/web.vodia.com\/de\">Vodia<\/a><\/em><\/p>\n","protected":false},"excerpt":{"rendered":"<p>Le travail hybride a cr\u00e9\u00e9 de nouveaux moyens de communication num\u00e9riques, mais il a \u00e9galement renforc\u00e9 la disponibilit\u00e9 permanente. Pr\u00e8s d'un tiers des employ\u00e9s en Suisse d\u00e9clarent travailler fr\u00e9quemment pendant leur temps libre. Les entreprises sont confront\u00e9es au d\u00e9fi de r\u00e9glementer clairement la communication et de fixer des limites. Les technologies num\u00e9riques peuvent aider \u00e0 g\u00e9rer la joignabilit\u00e9 de mani\u00e8re cibl\u00e9e, par exemple par le biais d'applications et de r\u00e9glementations des plages horaires. La protection des donn\u00e9es est \u00e9galement un sujet de pr\u00e9occupation.<\/p>","protected":false},"author":4,"featured_media":38924,"comment_status":"closed","ping_status":"closed","sticky":false,"template":"","format":"standard","meta":{"_acf_changed":false,"_yoast_wpseo_focuskw":"Erreichbarkeit","_yoast_wpseo_metadesc":"Hybrides Arbeiten hat neue, digitale Kommunikationswege geschaffen, aber dadurch auch die st\u00e4ndige Erreichbarkeit verst\u00e4rkt \u2013 mit Folgen.","articlekey":"","footnotes":""},"categories":[579],"tags":[254,286,393,479],"class_list":["post-38922","post","type-post","status-publish","format-standard","has-post-thumbnail","hentry","category-human-resources","tag-hrm","tag-it","tag-produkte","tag-telekommunikation"],"acf":[],"yoast_head":"<!-- This site is optimized with the Yoast SEO plugin v27.5 - https:\/\/yoast.com\/product\/yoast-seo-wordpress\/ -->\n<title>App steuert Erreichbarkeit w\u00e4hrend Ferien - Organisator<\/title>\n<meta name=\"description\" content=\"Hybrides Arbeiten hat neue, digitale Kommunikationswege geschaffen, aber dadurch auch die st\u00e4ndige Erreichbarkeit verst\u00e4rkt \u2013 mit Folgen.\" \/>\n<meta name=\"robots\" content=\"index, follow, max-snippet:-1, max-image-preview:large, max-video-preview:-1\" \/>\n<link rel=\"canonical\" href=\"https:\/\/www.organisator.ch\/fr\/ressources-humaines\/2025-06-17\/app-steuert-erreichbarkeit-waehrend-ferien\/\" \/>\n<meta property=\"og:locale\" content=\"fr_FR\" \/>\n<meta property=\"og:type\" content=\"article\" \/>\n<meta property=\"og:title\" content=\"App steuert Erreichbarkeit w\u00e4hrend Ferien\" \/>\n<meta property=\"og:description\" content=\"Hybrides Arbeiten hat neue, digitale Kommunikationswege geschaffen, aber dadurch auch die st\u00e4ndige Erreichbarkeit verst\u00e4rkt \u2013 mit Folgen.\" \/>\n<meta property=\"og:url\" content=\"https:\/\/www.organisator.ch\/fr\/ressources-humaines\/2025-06-17\/app-steuert-erreichbarkeit-waehrend-ferien\/\" \/>\n<meta property=\"og:site_name\" content=\"Organisator\" \/>\n<meta property=\"article:publisher\" content=\"https:\/\/www.facebook.com\/OrganisatorFachmagazin\" \/>\n<meta property=\"article:published_time\" content=\"2025-06-17T09:05:32+00:00\" \/>\n<meta property=\"og:image\" content=\"https:\/\/www.organisator.ch\/wp-content\/uploads\/2025\/06\/App-steuert-Erreichbarkeit-waehrend-Ferie-1_Organisator.jpg\" \/>\n\t<meta property=\"og:image:width\" content=\"680\" \/>\n\t<meta property=\"og:image:height\" content=\"453\" \/>\n\t<meta property=\"og:image:type\" content=\"image\/jpeg\" \/>\n<meta name=\"author\" content=\"thomas.berner\" \/>\n<meta name=\"twitter:card\" content=\"summary_large_image\" \/>\n<meta name=\"twitter:title\" content=\"#App steuert #Erreichbarkeit w\u00e4hrend Ferien\" \/>\n<meta name=\"twitter:description\" content=\"Hybrides Arbeiten hat neue, digitale #Kommunikationswege geschaffen, aber dadurch auch die st\u00e4ndige #Erreichbarkeit verst\u00e4rkt \u2013 mit Folgen.\" \/>\n<meta name=\"twitter:image\" content=\"https:\/\/www.organisator.ch\/wp-content\/uploads\/2025\/06\/App-steuert-Erreichbarkeit-waehrend-Ferie-1_Organisator.jpg\" \/>\n<script type=\"application\/ld+json\" class=\"yoast-schema-graph\">{\"@context\":\"https:\\\/\\\/schema.org\",\"@graph\":[{\"@type\":\"Article\",\"@id\":\"https:\\\/\\\/www.organisator.ch\\\/human-resources\\\/2025-06-17\\\/app-steuert-erreichbarkeit-waehrend-ferien\\\/#article\",\"isPartOf\":{\"@id\":\"https:\\\/\\\/www.organisator.ch\\\/human-resources\\\/2025-06-17\\\/app-steuert-erreichbarkeit-waehrend-ferien\\\/\"},\"author\":{\"name\":\"thomas.berner\",\"@id\":\"https:\\\/\\\/www.organisator.ch\\\/#\\\/schema\\\/person\\\/6f650f90b2842cd4c0cc334b4e36f67e\"},\"headline\":\"App steuert Erreichbarkeit w\u00e4hrend Ferien\",\"datePublished\":\"2025-06-17T09:05:32+00:00\",\"mainEntityOfPage\":{\"@id\":\"https:\\\/\\\/www.organisator.ch\\\/human-resources\\\/2025-06-17\\\/app-steuert-erreichbarkeit-waehrend-ferien\\\/\"},\"wordCount\":935,\"publisher\":{\"@id\":\"https:\\\/\\\/www.organisator.ch\\\/#organization\"},\"image\":{\"@id\":\"https:\\\/\\\/www.organisator.ch\\\/human-resources\\\/2025-06-17\\\/app-steuert-erreichbarkeit-waehrend-ferien\\\/#primaryimage\"},\"thumbnailUrl\":\"https:\\\/\\\/www.organisator.ch\\\/wp-content\\\/uploads\\\/2025\\\/06\\\/App-steuert-Erreichbarkeit-waehrend-Ferie-1_Organisator.jpg\",\"keywords\":[\"HRM\",\"IT\",\"Produkte\",\"Telekommunikation\"],\"articleSection\":[\"HUMAN RESOURCES\"],\"inLanguage\":\"fr-FR\"},{\"@type\":\"WebPage\",\"@id\":\"https:\\\/\\\/www.organisator.ch\\\/human-resources\\\/2025-06-17\\\/app-steuert-erreichbarkeit-waehrend-ferien\\\/\",\"url\":\"https:\\\/\\\/www.organisator.ch\\\/human-resources\\\/2025-06-17\\\/app-steuert-erreichbarkeit-waehrend-ferien\\\/\",\"name\":\"App steuert Erreichbarkeit w\u00e4hrend Ferien - Organisator\",\"isPartOf\":{\"@id\":\"https:\\\/\\\/www.organisator.ch\\\/#website\"},\"primaryImageOfPage\":{\"@id\":\"https:\\\/\\\/www.organisator.ch\\\/human-resources\\\/2025-06-17\\\/app-steuert-erreichbarkeit-waehrend-ferien\\\/#primaryimage\"},\"image\":{\"@id\":\"https:\\\/\\\/www.organisator.ch\\\/human-resources\\\/2025-06-17\\\/app-steuert-erreichbarkeit-waehrend-ferien\\\/#primaryimage\"},\"thumbnailUrl\":\"https:\\\/\\\/www.organisator.ch\\\/wp-content\\\/uploads\\\/2025\\\/06\\\/App-steuert-Erreichbarkeit-waehrend-Ferie-1_Organisator.jpg\",\"datePublished\":\"2025-06-17T09:05:32+00:00\",\"description\":\"Hybrides Arbeiten hat neue, digitale Kommunikationswege geschaffen, aber dadurch auch die st\u00e4ndige Erreichbarkeit verst\u00e4rkt \u2013 mit Folgen.\",\"breadcrumb\":{\"@id\":\"https:\\\/\\\/www.organisator.ch\\\/human-resources\\\/2025-06-17\\\/app-steuert-erreichbarkeit-waehrend-ferien\\\/#breadcrumb\"},\"inLanguage\":\"fr-FR\",\"potentialAction\":[{\"@type\":\"ReadAction\",\"target\":[\"https:\\\/\\\/www.organisator.ch\\\/human-resources\\\/2025-06-17\\\/app-steuert-erreichbarkeit-waehrend-ferien\\\/\"]}]},{\"@type\":\"ImageObject\",\"inLanguage\":\"fr-FR\",\"@id\":\"https:\\\/\\\/www.organisator.ch\\\/human-resources\\\/2025-06-17\\\/app-steuert-erreichbarkeit-waehrend-ferien\\\/#primaryimage\",\"url\":\"https:\\\/\\\/www.organisator.ch\\\/wp-content\\\/uploads\\\/2025\\\/06\\\/App-steuert-Erreichbarkeit-waehrend-Ferie-1_Organisator.jpg\",\"contentUrl\":\"https:\\\/\\\/www.organisator.ch\\\/wp-content\\\/uploads\\\/2025\\\/06\\\/App-steuert-Erreichbarkeit-waehrend-Ferie-1_Organisator.jpg\",\"width\":680,\"height\":453,\"caption\":\"Arbeiten in der Freizeit oder w\u00e4hrend des Urlaubs? Viele tun es, aber nicht immer ist die dauernde Erreichbarkeit ein Segen. (Bild: Pexels.com)\"},{\"@type\":\"BreadcrumbList\",\"@id\":\"https:\\\/\\\/www.organisator.ch\\\/human-resources\\\/2025-06-17\\\/app-steuert-erreichbarkeit-waehrend-ferien\\\/#breadcrumb\",\"itemListElement\":[{\"@type\":\"ListItem\",\"position\":1,\"name\":\"Home\",\"item\":\"https:\\\/\\\/www.organisator.ch\\\/\"},{\"@type\":\"ListItem\",\"position\":2,\"name\":\"App steuert Erreichbarkeit w\u00e4hrend Ferien\"}]},{\"@type\":\"WebSite\",\"@id\":\"https:\\\/\\\/www.organisator.ch\\\/#website\",\"url\":\"https:\\\/\\\/www.organisator.ch\\\/\",\"name\":\"Organisator\",\"description\":\"Kompetent. Praxisnah. Der ORGANISATOR bereitet in 10 Ausgaben pro Jahr die wesentlichen Themen f\u00fcr F\u00fchrungskr\u00e4fte von KMU auf.\",\"publisher\":{\"@id\":\"https:\\\/\\\/www.organisator.ch\\\/#organization\"},\"potentialAction\":[{\"@type\":\"SearchAction\",\"target\":{\"@type\":\"EntryPoint\",\"urlTemplate\":\"https:\\\/\\\/www.organisator.ch\\\/?s={search_term_string}\"},\"query-input\":{\"@type\":\"PropertyValueSpecification\",\"valueRequired\":true,\"valueName\":\"search_term_string\"}}],\"inLanguage\":\"fr-FR\"},{\"@type\":\"Organization\",\"@id\":\"https:\\\/\\\/www.organisator.ch\\\/#organization\",\"name\":\"Organisator\",\"url\":\"https:\\\/\\\/www.organisator.ch\\\/\",\"logo\":{\"@type\":\"ImageObject\",\"inLanguage\":\"fr-FR\",\"@id\":\"https:\\\/\\\/www.organisator.ch\\\/#\\\/schema\\\/logo\\\/image\\\/\",\"url\":\"https:\\\/\\\/www.organisator.ch\\\/wp-content\\\/uploads\\\/2022\\\/01\\\/Logo_Organisator_Website.png\",\"contentUrl\":\"https:\\\/\\\/www.organisator.ch\\\/wp-content\\\/uploads\\\/2022\\\/01\\\/Logo_Organisator_Website.png\",\"width\":800,\"height\":77,\"caption\":\"Organisator\"},\"image\":{\"@id\":\"https:\\\/\\\/www.organisator.ch\\\/#\\\/schema\\\/logo\\\/image\\\/\"},\"sameAs\":[\"https:\\\/\\\/www.facebook.com\\\/OrganisatorFachmagazin\",\"https:\\\/\\\/www.linkedin.com\\\/showcase\\\/organisator-das-magazin-fr-kmu\",\"https:\\\/\\\/www.xing.com\\\/news\\\/pages\\\/organisator-ch-695\",\"https:\\\/\\\/www.youtube.com\\\/channel\\\/UCGP2Sq0iWaZwT3BdIAQFYpw\"]},{\"@type\":\"Person\",\"@id\":\"https:\\\/\\\/www.organisator.ch\\\/#\\\/schema\\\/person\\\/6f650f90b2842cd4c0cc334b4e36f67e\",\"name\":\"thomas.berner\",\"image\":{\"@type\":\"ImageObject\",\"inLanguage\":\"fr-FR\",\"@id\":\"https:\\\/\\\/secure.gravatar.com\\\/avatar\\\/ac5001d2a36cb6c6cd3e50789007ffca834b477b74a2144564522e944eabff61?s=96&d=mm&r=g\",\"url\":\"https:\\\/\\\/secure.gravatar.com\\\/avatar\\\/ac5001d2a36cb6c6cd3e50789007ffca834b477b74a2144564522e944eabff61?s=96&d=mm&r=g\",\"contentUrl\":\"https:\\\/\\\/secure.gravatar.com\\\/avatar\\\/ac5001d2a36cb6c6cd3e50789007ffca834b477b74a2144564522e944eabff61?s=96&d=mm&r=g\",\"caption\":\"thomas.berner\"},\"url\":\"https:\\\/\\\/www.organisator.ch\\\/fr\\\/author\\\/thomas-berner\\\/\"}]}<\/script>\n<!-- \/ Yoast SEO plugin. -->","yoast_head_json":{"title":"L'application contr\u00f4le la joignabilit\u00e9 pendant les vacances - Organisateur","description":"Le travail hybride a cr\u00e9\u00e9 de nouvelles voies de communication num\u00e9riques, mais il a \u00e9galement renforc\u00e9 la disponibilit\u00e9 permanente, avec des cons\u00e9quences.","robots":{"index":"index","follow":"follow","max-snippet":"max-snippet:-1","max-image-preview":"max-image-preview:large","max-video-preview":"max-video-preview:-1"},"canonical":"https:\/\/www.organisator.ch\/fr\/ressources-humaines\/2025-06-17\/app-steuert-erreichbarkeit-waehrend-ferien\/","og_locale":"fr_FR","og_type":"article","og_title":"App steuert Erreichbarkeit w\u00e4hrend Ferien","og_description":"Hybrides Arbeiten hat neue, digitale Kommunikationswege geschaffen, aber dadurch auch die st\u00e4ndige Erreichbarkeit verst\u00e4rkt \u2013 mit Folgen.","og_url":"https:\/\/www.organisator.ch\/fr\/ressources-humaines\/2025-06-17\/app-steuert-erreichbarkeit-waehrend-ferien\/","og_site_name":"Organisator","article_publisher":"https:\/\/www.facebook.com\/OrganisatorFachmagazin","article_published_time":"2025-06-17T09:05:32+00:00","og_image":[{"width":680,"height":453,"url":"https:\/\/www.organisator.ch\/wp-content\/uploads\/2025\/06\/App-steuert-Erreichbarkeit-waehrend-Ferie-1_Organisator.jpg","type":"image\/jpeg"}],"author":"thomas.berner","twitter_card":"summary_large_image","twitter_title":"#App steuert #Erreichbarkeit w\u00e4hrend Ferien","twitter_description":"Hybrides Arbeiten hat neue, digitale #Kommunikationswege geschaffen, aber dadurch auch die st\u00e4ndige #Erreichbarkeit verst\u00e4rkt \u2013 mit Folgen.","twitter_image":"https:\/\/www.organisator.ch\/wp-content\/uploads\/2025\/06\/App-steuert-Erreichbarkeit-waehrend-Ferie-1_Organisator.jpg","schema":{"@context":"https:\/\/schema.org","@graph":[{"@type":"Article","@id":"https:\/\/www.organisator.ch\/human-resources\/2025-06-17\/app-steuert-erreichbarkeit-waehrend-ferien\/#article","isPartOf":{"@id":"https:\/\/www.organisator.ch\/human-resources\/2025-06-17\/app-steuert-erreichbarkeit-waehrend-ferien\/"},"author":{"name":"thomas.berner","@id":"https:\/\/www.organisator.ch\/#\/schema\/person\/6f650f90b2842cd4c0cc334b4e36f67e"},"headline":"App steuert Erreichbarkeit w\u00e4hrend Ferien","datePublished":"2025-06-17T09:05:32+00:00","mainEntityOfPage":{"@id":"https:\/\/www.organisator.ch\/human-resources\/2025-06-17\/app-steuert-erreichbarkeit-waehrend-ferien\/"},"wordCount":935,"publisher":{"@id":"https:\/\/www.organisator.ch\/#organization"},"image":{"@id":"https:\/\/www.organisator.ch\/human-resources\/2025-06-17\/app-steuert-erreichbarkeit-waehrend-ferien\/#primaryimage"},"thumbnailUrl":"https:\/\/www.organisator.ch\/wp-content\/uploads\/2025\/06\/App-steuert-Erreichbarkeit-waehrend-Ferie-1_Organisator.jpg","keywords":["HRM","IT","Produkte","Telekommunikation"],"articleSection":["HUMAN RESOURCES"],"inLanguage":"fr-FR"},{"@type":"WebPage","@id":"https:\/\/www.organisator.ch\/human-resources\/2025-06-17\/app-steuert-erreichbarkeit-waehrend-ferien\/","url":"https:\/\/www.organisator.ch\/human-resources\/2025-06-17\/app-steuert-erreichbarkeit-waehrend-ferien\/","name":"L'application contr\u00f4le la joignabilit\u00e9 pendant les vacances - Organisateur","isPartOf":{"@id":"https:\/\/www.organisator.ch\/#website"},"primaryImageOfPage":{"@id":"https:\/\/www.organisator.ch\/human-resources\/2025-06-17\/app-steuert-erreichbarkeit-waehrend-ferien\/#primaryimage"},"image":{"@id":"https:\/\/www.organisator.ch\/human-resources\/2025-06-17\/app-steuert-erreichbarkeit-waehrend-ferien\/#primaryimage"},"thumbnailUrl":"https:\/\/www.organisator.ch\/wp-content\/uploads\/2025\/06\/App-steuert-Erreichbarkeit-waehrend-Ferie-1_Organisator.jpg","datePublished":"2025-06-17T09:05:32+00:00","description":"Le travail hybride a cr\u00e9\u00e9 de nouvelles voies de communication num\u00e9riques, mais il a \u00e9galement renforc\u00e9 la disponibilit\u00e9 permanente, avec des cons\u00e9quences.","breadcrumb":{"@id":"https:\/\/www.organisator.ch\/human-resources\/2025-06-17\/app-steuert-erreichbarkeit-waehrend-ferien\/#breadcrumb"},"inLanguage":"fr-FR","potentialAction":[{"@type":"ReadAction","target":["https:\/\/www.organisator.ch\/human-resources\/2025-06-17\/app-steuert-erreichbarkeit-waehrend-ferien\/"]}]},{"@type":"ImageObject","inLanguage":"fr-FR","@id":"https:\/\/www.organisator.ch\/human-resources\/2025-06-17\/app-steuert-erreichbarkeit-waehrend-ferien\/#primaryimage","url":"https:\/\/www.organisator.ch\/wp-content\/uploads\/2025\/06\/App-steuert-Erreichbarkeit-waehrend-Ferie-1_Organisator.jpg","contentUrl":"https:\/\/www.organisator.ch\/wp-content\/uploads\/2025\/06\/App-steuert-Erreichbarkeit-waehrend-Ferie-1_Organisator.jpg","width":680,"height":453,"caption":"Arbeiten in der Freizeit oder w\u00e4hrend des Urlaubs? Viele tun es, aber nicht immer ist die dauernde Erreichbarkeit ein Segen. (Bild: Pexels.com)"},{"@type":"BreadcrumbList","@id":"https:\/\/www.organisator.ch\/human-resources\/2025-06-17\/app-steuert-erreichbarkeit-waehrend-ferien\/#breadcrumb","itemListElement":[{"@type":"ListItem","position":1,"name":"Home","item":"https:\/\/www.organisator.ch\/"},{"@type":"ListItem","position":2,"name":"App steuert Erreichbarkeit w\u00e4hrend Ferien"}]},{"@type":"WebSite","@id":"https:\/\/www.organisator.ch\/#website","url":"https:\/\/www.organisator.ch\/","name":"Organisateur","description":"Comp\u00e9tence et comp\u00e9tence. Proches de la pratique. L'ORGANISATEUR pr\u00e9pare 10 num\u00e9ros par an sur les th\u00e8mes essentiels pour les dirigeants de PME.","publisher":{"@id":"https:\/\/www.organisator.ch\/#organization"},"potentialAction":[{"@type":"SearchAction","target":{"@type":"EntryPoint","urlTemplate":"https:\/\/www.organisator.ch\/?s={search_term_string}"},"query-input":{"@type":"PropertyValueSpecification","valueRequired":true,"valueName":"search_term_string"}}],"inLanguage":"fr-FR"},{"@type":"Organization","@id":"https:\/\/www.organisator.ch\/#organization","name":"Organisateur","url":"https:\/\/www.organisator.ch\/","logo":{"@type":"ImageObject","inLanguage":"fr-FR","@id":"https:\/\/www.organisator.ch\/#\/schema\/logo\/image\/","url":"https:\/\/www.organisator.ch\/wp-content\/uploads\/2022\/01\/Logo_Organisator_Website.png","contentUrl":"https:\/\/www.organisator.ch\/wp-content\/uploads\/2022\/01\/Logo_Organisator_Website.png","width":800,"height":77,"caption":"Organisator"},"image":{"@id":"https:\/\/www.organisator.ch\/#\/schema\/logo\/image\/"},"sameAs":["https:\/\/www.facebook.com\/OrganisatorFachmagazin","https:\/\/www.linkedin.com\/showcase\/organisator-das-magazin-fr-kmu","https:\/\/www.xing.com\/news\/pages\/organisator-ch-695","https:\/\/www.youtube.com\/channel\/UCGP2Sq0iWaZwT3BdIAQFYpw"]},{"@type":"Person","@id":"https:\/\/www.organisator.ch\/#\/schema\/person\/6f650f90b2842cd4c0cc334b4e36f67e","name":"thomas.berner","image":{"@type":"ImageObject","inLanguage":"fr-FR","@id":"https:\/\/secure.gravatar.com\/avatar\/ac5001d2a36cb6c6cd3e50789007ffca834b477b74a2144564522e944eabff61?s=96&d=mm&r=g","url":"https:\/\/secure.gravatar.com\/avatar\/ac5001d2a36cb6c6cd3e50789007ffca834b477b74a2144564522e944eabff61?s=96&d=mm&r=g","contentUrl":"https:\/\/secure.gravatar.com\/avatar\/ac5001d2a36cb6c6cd3e50789007ffca834b477b74a2144564522e944eabff61?s=96&d=mm&r=g","caption":"thomas.berner"},"url":"https:\/\/www.organisator.ch\/fr\/author\/thomas-berner\/"}]}},"_links":{"self":[{"href":"https:\/\/www.organisator.ch\/fr\/wp-json\/wp\/v2\/posts\/38922","targetHints":{"allow":["GET"]}}],"collection":[{"href":"https:\/\/www.organisator.ch\/fr\/wp-json\/wp\/v2\/posts"}],"about":[{"href":"https:\/\/www.organisator.ch\/fr\/wp-json\/wp\/v2\/types\/post"}],"author":[{"embeddable":true,"href":"https:\/\/www.organisator.ch\/fr\/wp-json\/wp\/v2\/users\/4"}],"replies":[{"embeddable":true,"href":"https:\/\/www.organisator.ch\/fr\/wp-json\/wp\/v2\/comments?post=38922"}],"version-history":[{"count":5,"href":"https:\/\/www.organisator.ch\/fr\/wp-json\/wp\/v2\/posts\/38922\/revisions"}],"predecessor-version":[{"id":39101,"href":"https:\/\/www.organisator.ch\/fr\/wp-json\/wp\/v2\/posts\/38922\/revisions\/39101"}],"wp:featuredmedia":[{"embeddable":true,"href":"https:\/\/www.organisator.ch\/fr\/wp-json\/wp\/v2\/media\/38924"}],"wp:attachment":[{"href":"https:\/\/www.organisator.ch\/fr\/wp-json\/wp\/v2\/media?parent=38922"}],"wp:term":[{"taxonomy":"category","embeddable":true,"href":"https:\/\/www.organisator.ch\/fr\/wp-json\/wp\/v2\/categories?post=38922"},{"taxonomy":"post_tag","embeddable":true,"href":"https:\/\/www.organisator.ch\/fr\/wp-json\/wp\/v2\/tags?post=38922"}],"curies":[{"name":"wp","href":"https:\/\/api.w.org\/{rel}","templated":true}]}}