{"id":38949,"date":"2025-06-17T08:31:32","date_gmt":"2025-06-17T06:31:32","guid":{"rendered":"https:\/\/www.organisator.ch\/?p=38949"},"modified":"2025-06-17T08:31:32","modified_gmt":"2025-06-17T06:31:32","slug":"elektro-gebhardt-ag-uebernahme-durch-die-builtech-group","status":"publish","type":"post","link":"https:\/\/www.organisator.ch\/fr\/management\/2025-06-17\/elektro-gebhardt-ag-uebernahme-durch-die-builtech-group\/","title":{"rendered":"Elektro Gebhardt AG : Reprise par le groupe Builtech"},"content":{"rendered":"<figure id=\"attachment_38952\" aria-describedby=\"caption-attachment-38952\" style=\"width: 680px\" class=\"wp-caption alignnone\"><img loading=\"lazy\" decoding=\"async\" class=\"wp-image-38952 size-full\" src=\"https:\/\/www.organisator.ch\/wp-content\/uploads\/2025\/06\/Elektro-Gebhardt-AG-Uebernahme-durch-die-Builtech-Group_Organisator.jpg\" alt=\"\" width=\"680\" height=\"414\" srcset=\"https:\/\/www.organisator.ch\/wp-content\/uploads\/2025\/06\/Elektro-Gebhardt-AG-Uebernahme-durch-die-Builtech-Group_Organisator.jpg 680w, https:\/\/www.organisator.ch\/wp-content\/uploads\/2025\/06\/Elektro-Gebhardt-AG-Uebernahme-durch-die-Builtech-Group_Organisator-18x12.jpg 18w, https:\/\/www.organisator.ch\/wp-content\/uploads\/2025\/06\/Elektro-Gebhardt-AG-Uebernahme-durch-die-Builtech-Group_Organisator-375x228.jpg 375w, https:\/\/www.organisator.ch\/wp-content\/uploads\/2025\/06\/Elektro-Gebhardt-AG-Uebernahme-durch-die-Builtech-Group_Organisator-575x350.jpg 575w\" sizes=\"auto, (max-width: 680px) 100vw, 680px\" \/><figcaption id=\"caption-attachment-38952\" class=\"wp-caption-text\">Nouvelle acquisition en Suisse par Builtech ; de gauche \u00e0 droite : Maurice Freiherr von Dalwigk (CEO Builtech Group), Luqman Zafar (directeur de Gebhardt AG), Olga Zafar, Lennart Neuhaus (M&amp;A Associate \/ Buy and Build Senior Manager). (Image : zVg)<\/figcaption><\/figure>\n<p>Apr\u00e8s la reprise de la <a href=\"https:\/\/www.organisator.ch\/de\/management\/2025-06-12\/die-elektronws-ag-basel-wird-von-der-builtech-group-uebernommen\/\">elektroNWS AG en mai 2025<\/a> le groupe Builtech peut d\u00e9sormais annoncer une nouvelle acquisition dans la r\u00e9gion de B\u00e2le. Elektro Gebhardt AG fait d\u00e9sormais \u00e9galement partie du groupe d'entreprises, qui renforce ainsi sa pr\u00e9sence en Suisse. L'entreprise apporte de vastes comp\u00e9tences en \u00e9lectrotechnique et en domotique et enrichit ainsi le profil de prestations du groupe en Suisse, comme l'indique un communiqu\u00e9 de presse publi\u00e9 \u00e0 ce sujet.<\/p>\n<h3>Diversification des comp\u00e9tences TGA en Suisse<\/h3>\n<p>En reprenant la soci\u00e9t\u00e9 Elektro Gebhardt AG, bas\u00e9e \u00e0 B\u00e2le-Ville et riche en traditions, le Builtech Group garantit la p\u00e9rennit\u00e9 d'un fournisseur \u00e9tabli dans le domaine des installations \u00e9lectriques, avec plus de 70 ans d'exp\u00e9rience sur le march\u00e9. Dans la foul\u00e9e, l'ancienne soci\u00e9t\u00e9 s\u0153ur enovo AG est int\u00e9gr\u00e9e \u00e0 Elektro Gebhardt AG. La soci\u00e9t\u00e9 enovo AG est sp\u00e9cialis\u00e9e dans l'automatisation des b\u00e2timents et compl\u00e9tera la gamme de prestations par des comp\u00e9tences centrales pour l'avenir. \"Elektro Gebhardt AG est une entreprise \u00e9conomiquement forte. Elle se compl\u00e8te parfaitement avec la soci\u00e9t\u00e9 elektroNWS AG de B\u00e2le, r\u00e9cemment acquise, qui est \u00e9galement active dans le domaine de l'\u00e9lectrotechnique. Notre croissance sur ce march\u00e9 important se poursuit\", d\u00e9clare Maurice Freiherr von Dalwigk, CEO du Builtech Group. \"Ce site \u00e9conomiquement important rev\u00eat pour nous une importance strat\u00e9gique. Cette acquisition nous permet de renforcer notre position ici\",<br \/>\npoursuit von Dalwigk.<\/p>\n<h3>Une croissance d\u00e9centralis\u00e9e avec des partenaires solides<\/h3>\n<p>L'objectif strat\u00e9gique du Builtech Group est de d\u00e9velopper en permanence ses comp\u00e9tences techniques et sa pr\u00e9sence r\u00e9gionale. Cela se fait par l'acquisition d'entreprises locales fortes. L'identit\u00e9 des entreprises est ainsi pr\u00e9serv\u00e9e et elles profitent en m\u00eame temps de synergies \u00e0 l'\u00e9chelle du groupe. \"Nous investissons de mani\u00e8re cibl\u00e9e dans des entreprises g\u00e9r\u00e9es de mani\u00e8re entrepreneuriale et ancr\u00e9es dans la r\u00e9gion. Nous offrons \u00e0 ces entreprises des perspectives d'avenir - sur le plan \u00e9conomique, personnel et technologique\", affirme von Dalwigk.<\/p>\n<h3>Elektro Gebhardt AG : qualit\u00e9 et continuit\u00e9 depuis 1955<\/h3>\n<p>Elektro Gebhardt AG est l'une des rares entreprises \u00e9lectriques \u00e9tablies de longue date \u00e0 B\u00e2le-Ville. Actuellement, l'entreprise emploie 20 personnes en collaboration avec enovo AG. De la planification du projet \u00e0 la r\u00e9alisation, l'entreprise propose un large portefeuille de services - des installations \u00e0 courant faible, de l'automatisation des b\u00e2timents et du smart building au c\u00e2blage informatique en passant par les syst\u00e8mes d'\u00e9clairage ainsi que les \u00e9nergies renouvelables (installations photovolta\u00efques \/ PVA), l'alimentation \u00e9lectrique de secours et les installations de commutation. L'accent est mis sur les r\u00e9novations de b\u00e2timents commerciaux et r\u00e9sidentiels, les transformations et les nouvelles constructions. Parmi les clients, on compte autant de donneurs d'ordre publics que de ma\u00eetres d'ouvrage priv\u00e9s.<\/p>\n<h3>Direction par l'ancienne direction<\/h3>\n<p>L'ancien directeur g\u00e9n\u00e9ral Luqman Zafar continuera \u00e0 diriger l'entreprise et \u00e0 accompagner activement son int\u00e9gration dans le Builtech Group. \"Nous nous r\u00e9jouissons de poursuivre le d\u00e9veloppement de Gebhardt avec une nouvelle force. Faire partie du Builtech Group nous ouvre de nouvelles opportunit\u00e9s de croissance sur un march\u00e9 hautement concurrentiel et notamment la possibilit\u00e9 de continuer \u00e0 d\u00e9velopper nos comp\u00e9tences en mati\u00e8re d'automatisation des b\u00e2timents\".<\/p>\n<p><em>Source : <a href=\"http:\/\/www.builtech.de\">Groupe Builtech<\/a><\/em><\/p>","protected":false},"excerpt":{"rendered":"<p>Le Builtech Group annonce une nouvelle acquisition en peu de temps dans l'agglom\u00e9ration b\u00e2loise : apr\u00e8s elektroNWS AG, le groupe d'entreprises reprend \u00e9galement la soci\u00e9t\u00e9 Elektro Gebhardt AG, riche en traditions.<\/p>","protected":false},"author":4,"featured_media":38952,"comment_status":"closed","ping_status":"closed","sticky":false,"template":"","format":"standard","meta":{"_acf_changed":false,"_yoast_wpseo_focuskw":"Elektro Gebhardt","_yoast_wpseo_metadesc":"Nach der elektroNWS AG \u00fcbernimmt die Builtech Group nun auch die traditionsreiche Elektro Gebhardt AG in Basel.","articlekey":"","footnotes":""},"categories":[28],"tags":[35,2678,335,2860,492],"class_list":["post-38949","post","type-post","status-publish","format-standard","has-post-thumbnail","hentry","category-management","tag-akquisition","tag-elektrounternehmen","tag-management-und-unternehmensfuehrung","tag-nordwestschweiz","tag-unternehmen"],"acf":[],"yoast_head":"<!-- This site is optimized with the Yoast SEO plugin v27.5 - https:\/\/yoast.com\/product\/yoast-seo-wordpress\/ -->\n<title>Elektro Gebhardt AG: \u00dcbernahme durch die Builtech Group - Organisator<\/title>\n<meta name=\"description\" content=\"Nach der elektroNWS AG \u00fcbernimmt die Builtech Group nun auch die traditionsreiche Elektro Gebhardt AG in Basel.\" \/>\n<meta name=\"robots\" content=\"index, follow, max-snippet:-1, max-image-preview:large, max-video-preview:-1\" \/>\n<link rel=\"canonical\" href=\"https:\/\/www.organisator.ch\/fr\/gestion-2\/2025-06-17\/elektro-gebhardt-ag-uebernahme-durch-die-builtech-group\/\" \/>\n<meta property=\"og:locale\" content=\"fr_FR\" \/>\n<meta property=\"og:type\" content=\"article\" \/>\n<meta property=\"og:title\" content=\"Elektro Gebhardt AG: \u00dcbernahme durch die Builtech Group\" \/>\n<meta property=\"og:description\" content=\"Nach der elektroNWS AG \u00fcbernimmt die Builtech Group nun auch die traditionsreiche Elektro Gebhardt AG in Basel.\" \/>\n<meta property=\"og:url\" content=\"https:\/\/www.organisator.ch\/fr\/gestion-2\/2025-06-17\/elektro-gebhardt-ag-uebernahme-durch-die-builtech-group\/\" \/>\n<meta property=\"og:site_name\" content=\"Organisator\" \/>\n<meta property=\"article:publisher\" content=\"https:\/\/www.facebook.com\/OrganisatorFachmagazin\" \/>\n<meta property=\"article:published_time\" content=\"2025-06-17T06:31:32+00:00\" \/>\n<meta property=\"og:image\" content=\"https:\/\/www.organisator.ch\/wp-content\/uploads\/2025\/06\/Elektro-Gebhardt-AG-Uebernahme-durch-die-Builtech-Group_Organisator.jpg\" \/>\n\t<meta property=\"og:image:width\" content=\"680\" \/>\n\t<meta property=\"og:image:height\" content=\"414\" \/>\n\t<meta property=\"og:image:type\" content=\"image\/jpeg\" \/>\n<meta name=\"author\" content=\"thomas.berner\" \/>\n<meta name=\"twitter:card\" content=\"summary_large_image\" \/>\n<meta name=\"twitter:title\" content=\"Elektro #Gebhardt AG: \u00dcbernahme durch die #Builtech Group\" \/>\n<meta name=\"twitter:description\" content=\"Nach der #elektroNWS AG \u00fcbernimmt die #Builtech Group nun auch die traditionsreiche Elektro #Gebhardt AG in Basel.\" \/>\n<meta name=\"twitter:image\" content=\"https:\/\/www.organisator.ch\/wp-content\/uploads\/2025\/06\/Elektro-Gebhardt-AG-Uebernahme-durch-die-Builtech-Group_Organisator.jpg\" \/>\n<script type=\"application\/ld+json\" class=\"yoast-schema-graph\">{\"@context\":\"https:\\\/\\\/schema.org\",\"@graph\":[{\"@type\":\"Article\",\"@id\":\"https:\\\/\\\/www.organisator.ch\\\/management\\\/2025-06-17\\\/elektro-gebhardt-ag-uebernahme-durch-die-builtech-group\\\/#article\",\"isPartOf\":{\"@id\":\"https:\\\/\\\/www.organisator.ch\\\/management\\\/2025-06-17\\\/elektro-gebhardt-ag-uebernahme-durch-die-builtech-group\\\/\"},\"author\":{\"name\":\"thomas.berner\",\"@id\":\"https:\\\/\\\/www.organisator.ch\\\/#\\\/schema\\\/person\\\/6f650f90b2842cd4c0cc334b4e36f67e\"},\"headline\":\"Elektro Gebhardt AG: \u00dcbernahme durch die Builtech Group\",\"datePublished\":\"2025-06-17T06:31:32+00:00\",\"mainEntityOfPage\":{\"@id\":\"https:\\\/\\\/www.organisator.ch\\\/management\\\/2025-06-17\\\/elektro-gebhardt-ag-uebernahme-durch-die-builtech-group\\\/\"},\"wordCount\":505,\"publisher\":{\"@id\":\"https:\\\/\\\/www.organisator.ch\\\/#organization\"},\"image\":{\"@id\":\"https:\\\/\\\/www.organisator.ch\\\/management\\\/2025-06-17\\\/elektro-gebhardt-ag-uebernahme-durch-die-builtech-group\\\/#primaryimage\"},\"thumbnailUrl\":\"https:\\\/\\\/www.organisator.ch\\\/wp-content\\\/uploads\\\/2025\\\/06\\\/Elektro-Gebhardt-AG-Uebernahme-durch-die-Builtech-Group_Organisator.jpg\",\"keywords\":[\"Akquisition\",\"Elektrounternehmen\",\"Management und Unternehmensf\u00fchrung\",\"Nordwestschweiz\",\"Unternehmen\"],\"articleSection\":[\"MANAGEMENT\"],\"inLanguage\":\"fr-FR\"},{\"@type\":\"WebPage\",\"@id\":\"https:\\\/\\\/www.organisator.ch\\\/management\\\/2025-06-17\\\/elektro-gebhardt-ag-uebernahme-durch-die-builtech-group\\\/\",\"url\":\"https:\\\/\\\/www.organisator.ch\\\/management\\\/2025-06-17\\\/elektro-gebhardt-ag-uebernahme-durch-die-builtech-group\\\/\",\"name\":\"Elektro Gebhardt AG: \u00dcbernahme durch die Builtech Group - Organisator\",\"isPartOf\":{\"@id\":\"https:\\\/\\\/www.organisator.ch\\\/#website\"},\"primaryImageOfPage\":{\"@id\":\"https:\\\/\\\/www.organisator.ch\\\/management\\\/2025-06-17\\\/elektro-gebhardt-ag-uebernahme-durch-die-builtech-group\\\/#primaryimage\"},\"image\":{\"@id\":\"https:\\\/\\\/www.organisator.ch\\\/management\\\/2025-06-17\\\/elektro-gebhardt-ag-uebernahme-durch-die-builtech-group\\\/#primaryimage\"},\"thumbnailUrl\":\"https:\\\/\\\/www.organisator.ch\\\/wp-content\\\/uploads\\\/2025\\\/06\\\/Elektro-Gebhardt-AG-Uebernahme-durch-die-Builtech-Group_Organisator.jpg\",\"datePublished\":\"2025-06-17T06:31:32+00:00\",\"description\":\"Nach der elektroNWS AG \u00fcbernimmt die Builtech Group nun auch die traditionsreiche Elektro Gebhardt AG in Basel.\",\"breadcrumb\":{\"@id\":\"https:\\\/\\\/www.organisator.ch\\\/management\\\/2025-06-17\\\/elektro-gebhardt-ag-uebernahme-durch-die-builtech-group\\\/#breadcrumb\"},\"inLanguage\":\"fr-FR\",\"potentialAction\":[{\"@type\":\"ReadAction\",\"target\":[\"https:\\\/\\\/www.organisator.ch\\\/management\\\/2025-06-17\\\/elektro-gebhardt-ag-uebernahme-durch-die-builtech-group\\\/\"]}]},{\"@type\":\"ImageObject\",\"inLanguage\":\"fr-FR\",\"@id\":\"https:\\\/\\\/www.organisator.ch\\\/management\\\/2025-06-17\\\/elektro-gebhardt-ag-uebernahme-durch-die-builtech-group\\\/#primaryimage\",\"url\":\"https:\\\/\\\/www.organisator.ch\\\/wp-content\\\/uploads\\\/2025\\\/06\\\/Elektro-Gebhardt-AG-Uebernahme-durch-die-Builtech-Group_Organisator.jpg\",\"contentUrl\":\"https:\\\/\\\/www.organisator.ch\\\/wp-content\\\/uploads\\\/2025\\\/06\\\/Elektro-Gebhardt-AG-Uebernahme-durch-die-Builtech-Group_Organisator.jpg\",\"width\":680,\"height\":414,\"caption\":\"von links nach rechts: Maurice Freiherr von Dalwigk (CEO Builtech Group), Luqman Zafar (Gesch\u00e4ftsf\u00fchrer Gebhardt AG), Olga Zafar, Lennart Neuhaus (M&A Associate \\\/ Buy and Build Senior Manager)\"},{\"@type\":\"BreadcrumbList\",\"@id\":\"https:\\\/\\\/www.organisator.ch\\\/management\\\/2025-06-17\\\/elektro-gebhardt-ag-uebernahme-durch-die-builtech-group\\\/#breadcrumb\",\"itemListElement\":[{\"@type\":\"ListItem\",\"position\":1,\"name\":\"Home\",\"item\":\"https:\\\/\\\/www.organisator.ch\\\/\"},{\"@type\":\"ListItem\",\"position\":2,\"name\":\"Elektro Gebhardt AG: \u00dcbernahme durch die Builtech Group\"}]},{\"@type\":\"WebSite\",\"@id\":\"https:\\\/\\\/www.organisator.ch\\\/#website\",\"url\":\"https:\\\/\\\/www.organisator.ch\\\/\",\"name\":\"Organisator\",\"description\":\"Kompetent. Praxisnah. Der ORGANISATOR bereitet in 10 Ausgaben pro Jahr die wesentlichen Themen f\u00fcr F\u00fchrungskr\u00e4fte von KMU auf.\",\"publisher\":{\"@id\":\"https:\\\/\\\/www.organisator.ch\\\/#organization\"},\"potentialAction\":[{\"@type\":\"SearchAction\",\"target\":{\"@type\":\"EntryPoint\",\"urlTemplate\":\"https:\\\/\\\/www.organisator.ch\\\/?s={search_term_string}\"},\"query-input\":{\"@type\":\"PropertyValueSpecification\",\"valueRequired\":true,\"valueName\":\"search_term_string\"}}],\"inLanguage\":\"fr-FR\"},{\"@type\":\"Organization\",\"@id\":\"https:\\\/\\\/www.organisator.ch\\\/#organization\",\"name\":\"Organisator\",\"url\":\"https:\\\/\\\/www.organisator.ch\\\/\",\"logo\":{\"@type\":\"ImageObject\",\"inLanguage\":\"fr-FR\",\"@id\":\"https:\\\/\\\/www.organisator.ch\\\/#\\\/schema\\\/logo\\\/image\\\/\",\"url\":\"https:\\\/\\\/www.organisator.ch\\\/wp-content\\\/uploads\\\/2022\\\/01\\\/Logo_Organisator_Website.png\",\"contentUrl\":\"https:\\\/\\\/www.organisator.ch\\\/wp-content\\\/uploads\\\/2022\\\/01\\\/Logo_Organisator_Website.png\",\"width\":800,\"height\":77,\"caption\":\"Organisator\"},\"image\":{\"@id\":\"https:\\\/\\\/www.organisator.ch\\\/#\\\/schema\\\/logo\\\/image\\\/\"},\"sameAs\":[\"https:\\\/\\\/www.facebook.com\\\/OrganisatorFachmagazin\",\"https:\\\/\\\/www.linkedin.com\\\/showcase\\\/organisator-das-magazin-fr-kmu\",\"https:\\\/\\\/www.xing.com\\\/news\\\/pages\\\/organisator-ch-695\",\"https:\\\/\\\/www.youtube.com\\\/channel\\\/UCGP2Sq0iWaZwT3BdIAQFYpw\"]},{\"@type\":\"Person\",\"@id\":\"https:\\\/\\\/www.organisator.ch\\\/#\\\/schema\\\/person\\\/6f650f90b2842cd4c0cc334b4e36f67e\",\"name\":\"thomas.berner\",\"image\":{\"@type\":\"ImageObject\",\"inLanguage\":\"fr-FR\",\"@id\":\"https:\\\/\\\/secure.gravatar.com\\\/avatar\\\/ac5001d2a36cb6c6cd3e50789007ffca834b477b74a2144564522e944eabff61?s=96&d=mm&r=g\",\"url\":\"https:\\\/\\\/secure.gravatar.com\\\/avatar\\\/ac5001d2a36cb6c6cd3e50789007ffca834b477b74a2144564522e944eabff61?s=96&d=mm&r=g\",\"contentUrl\":\"https:\\\/\\\/secure.gravatar.com\\\/avatar\\\/ac5001d2a36cb6c6cd3e50789007ffca834b477b74a2144564522e944eabff61?s=96&d=mm&r=g\",\"caption\":\"thomas.berner\"},\"url\":\"https:\\\/\\\/www.organisator.ch\\\/fr\\\/author\\\/thomas-berner\\\/\"}]}<\/script>\n<!-- \/ Yoast SEO plugin. -->","yoast_head_json":{"title":"Elektro Gebhardt AG : Reprise par le groupe Builtech - Organisateur","description":"Apr\u00e8s la soci\u00e9t\u00e9 elektroNWS AG, le Builtech Group reprend \u00e9galement la soci\u00e9t\u00e9 Elektro Gebhardt AG \u00e0 B\u00e2le, riche en traditions.","robots":{"index":"index","follow":"follow","max-snippet":"max-snippet:-1","max-image-preview":"max-image-preview:large","max-video-preview":"max-video-preview:-1"},"canonical":"https:\/\/www.organisator.ch\/fr\/gestion-2\/2025-06-17\/elektro-gebhardt-ag-uebernahme-durch-die-builtech-group\/","og_locale":"fr_FR","og_type":"article","og_title":"Elektro Gebhardt AG: \u00dcbernahme durch die Builtech Group","og_description":"Nach der elektroNWS AG \u00fcbernimmt die Builtech Group nun auch die traditionsreiche Elektro Gebhardt AG in Basel.","og_url":"https:\/\/www.organisator.ch\/fr\/gestion-2\/2025-06-17\/elektro-gebhardt-ag-uebernahme-durch-die-builtech-group\/","og_site_name":"Organisator","article_publisher":"https:\/\/www.facebook.com\/OrganisatorFachmagazin","article_published_time":"2025-06-17T06:31:32+00:00","og_image":[{"width":680,"height":414,"url":"https:\/\/www.organisator.ch\/wp-content\/uploads\/2025\/06\/Elektro-Gebhardt-AG-Uebernahme-durch-die-Builtech-Group_Organisator.jpg","type":"image\/jpeg"}],"author":"thomas.berner","twitter_card":"summary_large_image","twitter_title":"Elektro #Gebhardt AG: \u00dcbernahme durch die #Builtech Group","twitter_description":"Nach der #elektroNWS AG \u00fcbernimmt die #Builtech Group nun auch die traditionsreiche Elektro #Gebhardt AG in Basel.","twitter_image":"https:\/\/www.organisator.ch\/wp-content\/uploads\/2025\/06\/Elektro-Gebhardt-AG-Uebernahme-durch-die-Builtech-Group_Organisator.jpg","schema":{"@context":"https:\/\/schema.org","@graph":[{"@type":"Article","@id":"https:\/\/www.organisator.ch\/management\/2025-06-17\/elektro-gebhardt-ag-uebernahme-durch-die-builtech-group\/#article","isPartOf":{"@id":"https:\/\/www.organisator.ch\/management\/2025-06-17\/elektro-gebhardt-ag-uebernahme-durch-die-builtech-group\/"},"author":{"name":"thomas.berner","@id":"https:\/\/www.organisator.ch\/#\/schema\/person\/6f650f90b2842cd4c0cc334b4e36f67e"},"headline":"Elektro Gebhardt AG: \u00dcbernahme durch die Builtech Group","datePublished":"2025-06-17T06:31:32+00:00","mainEntityOfPage":{"@id":"https:\/\/www.organisator.ch\/management\/2025-06-17\/elektro-gebhardt-ag-uebernahme-durch-die-builtech-group\/"},"wordCount":505,"publisher":{"@id":"https:\/\/www.organisator.ch\/#organization"},"image":{"@id":"https:\/\/www.organisator.ch\/management\/2025-06-17\/elektro-gebhardt-ag-uebernahme-durch-die-builtech-group\/#primaryimage"},"thumbnailUrl":"https:\/\/www.organisator.ch\/wp-content\/uploads\/2025\/06\/Elektro-Gebhardt-AG-Uebernahme-durch-die-Builtech-Group_Organisator.jpg","keywords":["Akquisition","Elektrounternehmen","Management und Unternehmensf\u00fchrung","Nordwestschweiz","Unternehmen"],"articleSection":["MANAGEMENT"],"inLanguage":"fr-FR"},{"@type":"WebPage","@id":"https:\/\/www.organisator.ch\/management\/2025-06-17\/elektro-gebhardt-ag-uebernahme-durch-die-builtech-group\/","url":"https:\/\/www.organisator.ch\/management\/2025-06-17\/elektro-gebhardt-ag-uebernahme-durch-die-builtech-group\/","name":"Elektro Gebhardt AG : Reprise par le groupe Builtech - Organisateur","isPartOf":{"@id":"https:\/\/www.organisator.ch\/#website"},"primaryImageOfPage":{"@id":"https:\/\/www.organisator.ch\/management\/2025-06-17\/elektro-gebhardt-ag-uebernahme-durch-die-builtech-group\/#primaryimage"},"image":{"@id":"https:\/\/www.organisator.ch\/management\/2025-06-17\/elektro-gebhardt-ag-uebernahme-durch-die-builtech-group\/#primaryimage"},"thumbnailUrl":"https:\/\/www.organisator.ch\/wp-content\/uploads\/2025\/06\/Elektro-Gebhardt-AG-Uebernahme-durch-die-Builtech-Group_Organisator.jpg","datePublished":"2025-06-17T06:31:32+00:00","description":"Apr\u00e8s la soci\u00e9t\u00e9 elektroNWS AG, le Builtech Group reprend \u00e9galement la soci\u00e9t\u00e9 Elektro Gebhardt AG \u00e0 B\u00e2le, riche en traditions.","breadcrumb":{"@id":"https:\/\/www.organisator.ch\/management\/2025-06-17\/elektro-gebhardt-ag-uebernahme-durch-die-builtech-group\/#breadcrumb"},"inLanguage":"fr-FR","potentialAction":[{"@type":"ReadAction","target":["https:\/\/www.organisator.ch\/management\/2025-06-17\/elektro-gebhardt-ag-uebernahme-durch-die-builtech-group\/"]}]},{"@type":"ImageObject","inLanguage":"fr-FR","@id":"https:\/\/www.organisator.ch\/management\/2025-06-17\/elektro-gebhardt-ag-uebernahme-durch-die-builtech-group\/#primaryimage","url":"https:\/\/www.organisator.ch\/wp-content\/uploads\/2025\/06\/Elektro-Gebhardt-AG-Uebernahme-durch-die-Builtech-Group_Organisator.jpg","contentUrl":"https:\/\/www.organisator.ch\/wp-content\/uploads\/2025\/06\/Elektro-Gebhardt-AG-Uebernahme-durch-die-Builtech-Group_Organisator.jpg","width":680,"height":414,"caption":"von links nach rechts: Maurice Freiherr von Dalwigk (CEO Builtech Group), Luqman Zafar (Gesch\u00e4ftsf\u00fchrer Gebhardt AG), Olga Zafar, Lennart Neuhaus (M&A Associate \/ Buy and Build Senior Manager)"},{"@type":"BreadcrumbList","@id":"https:\/\/www.organisator.ch\/management\/2025-06-17\/elektro-gebhardt-ag-uebernahme-durch-die-builtech-group\/#breadcrumb","itemListElement":[{"@type":"ListItem","position":1,"name":"Home","item":"https:\/\/www.organisator.ch\/"},{"@type":"ListItem","position":2,"name":"Elektro Gebhardt AG: \u00dcbernahme durch die Builtech Group"}]},{"@type":"WebSite","@id":"https:\/\/www.organisator.ch\/#website","url":"https:\/\/www.organisator.ch\/","name":"Organisateur","description":"Comp\u00e9tence et comp\u00e9tence. Proches de la pratique. L'ORGANISATEUR pr\u00e9pare 10 num\u00e9ros par an sur les th\u00e8mes essentiels pour les dirigeants de PME.","publisher":{"@id":"https:\/\/www.organisator.ch\/#organization"},"potentialAction":[{"@type":"SearchAction","target":{"@type":"EntryPoint","urlTemplate":"https:\/\/www.organisator.ch\/?s={search_term_string}"},"query-input":{"@type":"PropertyValueSpecification","valueRequired":true,"valueName":"search_term_string"}}],"inLanguage":"fr-FR"},{"@type":"Organization","@id":"https:\/\/www.organisator.ch\/#organization","name":"Organisateur","url":"https:\/\/www.organisator.ch\/","logo":{"@type":"ImageObject","inLanguage":"fr-FR","@id":"https:\/\/www.organisator.ch\/#\/schema\/logo\/image\/","url":"https:\/\/www.organisator.ch\/wp-content\/uploads\/2022\/01\/Logo_Organisator_Website.png","contentUrl":"https:\/\/www.organisator.ch\/wp-content\/uploads\/2022\/01\/Logo_Organisator_Website.png","width":800,"height":77,"caption":"Organisator"},"image":{"@id":"https:\/\/www.organisator.ch\/#\/schema\/logo\/image\/"},"sameAs":["https:\/\/www.facebook.com\/OrganisatorFachmagazin","https:\/\/www.linkedin.com\/showcase\/organisator-das-magazin-fr-kmu","https:\/\/www.xing.com\/news\/pages\/organisator-ch-695","https:\/\/www.youtube.com\/channel\/UCGP2Sq0iWaZwT3BdIAQFYpw"]},{"@type":"Person","@id":"https:\/\/www.organisator.ch\/#\/schema\/person\/6f650f90b2842cd4c0cc334b4e36f67e","name":"thomas.berner","image":{"@type":"ImageObject","inLanguage":"fr-FR","@id":"https:\/\/secure.gravatar.com\/avatar\/ac5001d2a36cb6c6cd3e50789007ffca834b477b74a2144564522e944eabff61?s=96&d=mm&r=g","url":"https:\/\/secure.gravatar.com\/avatar\/ac5001d2a36cb6c6cd3e50789007ffca834b477b74a2144564522e944eabff61?s=96&d=mm&r=g","contentUrl":"https:\/\/secure.gravatar.com\/avatar\/ac5001d2a36cb6c6cd3e50789007ffca834b477b74a2144564522e944eabff61?s=96&d=mm&r=g","caption":"thomas.berner"},"url":"https:\/\/www.organisator.ch\/fr\/author\/thomas-berner\/"}]}},"_links":{"self":[{"href":"https:\/\/www.organisator.ch\/fr\/wp-json\/wp\/v2\/posts\/38949","targetHints":{"allow":["GET"]}}],"collection":[{"href":"https:\/\/www.organisator.ch\/fr\/wp-json\/wp\/v2\/posts"}],"about":[{"href":"https:\/\/www.organisator.ch\/fr\/wp-json\/wp\/v2\/types\/post"}],"author":[{"embeddable":true,"href":"https:\/\/www.organisator.ch\/fr\/wp-json\/wp\/v2\/users\/4"}],"replies":[{"embeddable":true,"href":"https:\/\/www.organisator.ch\/fr\/wp-json\/wp\/v2\/comments?post=38949"}],"version-history":[{"count":4,"href":"https:\/\/www.organisator.ch\/fr\/wp-json\/wp\/v2\/posts\/38949\/revisions"}],"predecessor-version":[{"id":39027,"href":"https:\/\/www.organisator.ch\/fr\/wp-json\/wp\/v2\/posts\/38949\/revisions\/39027"}],"wp:featuredmedia":[{"embeddable":true,"href":"https:\/\/www.organisator.ch\/fr\/wp-json\/wp\/v2\/media\/38952"}],"wp:attachment":[{"href":"https:\/\/www.organisator.ch\/fr\/wp-json\/wp\/v2\/media?parent=38949"}],"wp:term":[{"taxonomy":"category","embeddable":true,"href":"https:\/\/www.organisator.ch\/fr\/wp-json\/wp\/v2\/categories?post=38949"},{"taxonomy":"post_tag","embeddable":true,"href":"https:\/\/www.organisator.ch\/fr\/wp-json\/wp\/v2\/tags?post=38949"}],"curies":[{"name":"wp","href":"https:\/\/api.w.org\/{rel}","templated":true}]}}