{"id":3895,"date":"2018-07-04T09:19:32","date_gmt":"2018-07-04T07:19:32","guid":{"rendered":"https:\/\/www.organisator.ch\/?p=3895"},"modified":"2018-07-04T09:19:32","modified_gmt":"2018-07-04T07:19:32","slug":"netstream-schenkt-sich-zum-20-jahr-jubilaeum-einen-neuen-markenauftritt","status":"publish","type":"post","link":"https:\/\/www.organisator.ch\/fr\/management\/it\/2018-07-04\/netstream-schenkt-sich-zum-20-jahr-jubilaeum-einen-neuen-markenauftritt\/","title":{"rendered":"Netstream s'offre une nouvelle image de marque pour son 20e anniversaire"},"content":{"rendered":"<figure id=\"attachment_3896\" aria-describedby=\"caption-attachment-3896\" style=\"width: 640px\" class=\"wp-caption alignnone\"><img loading=\"lazy\" decoding=\"async\" class=\"size-full wp-image-3896\" src=\"https:\/\/www.organisator.ch\/wp-content\/uploads\/2018\/07\/Netstream-schenkt-sich-zum-20-Jahr-Jubilaeum-einen-neuen-Markenauftritt_Organisator.jpg\" alt=\"\" width=\"640\" height=\"427\" srcset=\"https:\/\/www.organisator.ch\/wp-content\/uploads\/2018\/07\/Netstream-schenkt-sich-zum-20-Jahr-Jubilaeum-einen-neuen-Markenauftritt_Organisator.jpg 640w, https:\/\/www.organisator.ch\/wp-content\/uploads\/2018\/07\/Netstream-schenkt-sich-zum-20-Jahr-Jubilaeum-einen-neuen-Markenauftritt_Organisator-16x12.jpg 16w, https:\/\/www.organisator.ch\/wp-content\/uploads\/2018\/07\/Netstream-schenkt-sich-zum-20-Jahr-Jubilaeum-einen-neuen-Markenauftritt_Organisator-262x175.jpg 262w, https:\/\/www.organisator.ch\/wp-content\/uploads\/2018\/07\/Netstream-schenkt-sich-zum-20-Jahr-Jubilaeum-einen-neuen-Markenauftritt_Organisator-525x350.jpg 525w, https:\/\/www.organisator.ch\/wp-content\/uploads\/2018\/07\/Netstream-schenkt-sich-zum-20-Jahr-Jubilaeum-einen-neuen-Markenauftritt_Organisator-300x200.jpg 300w\" sizes=\"auto, (max-width: 640px) 100vw, 640px\" \/><figcaption id=\"caption-attachment-3896\" class=\"wp-caption-text\">Les fondateurs de Netstream (de gauche \u00e0 droite) : Reto Kasser, Alexis Caceda et Dominik Breitenmoser (Photo : zVg \/ Netstream)<\/figcaption><\/figure>\n<p>C'est en 1998 qu'Alexis Caceda a lanc\u00e9 l'entreprise Netstream avec ses amis Reto Kasser et Dominik Breitenmoser. Depuis, l'entreprise s'est \u00e9tablie comme l'un des fournisseurs les plus performants de solutions Internet, de t\u00e9l\u00e9phonie, d'h\u00e9bergement et de t\u00e9l\u00e9vision dans l'environnement suisse des clients commerciaux. Les solutions cloud lanc\u00e9es d\u00e9but 2018 ont \u00e9galement connu de bons r\u00e9sultats jusqu'\u00e0 pr\u00e9sent. Aujourd'hui, l'entreprise emploie environ 90 collaborateurs et exploite son propre centre de donn\u00e9es en Suisse. Plus de 30 000 clients profitent de ses prestations et services dans les domaines du cloud, de la connectivit\u00e9, de l'h\u00e9bergement, du streaming, de la voix et du wholesale. Selon ses propres dires, Netstream mise sur la continuit\u00e9 : tant dans ses relations avec les clients que dans la gestion de l'entreprise. Les trois membres fondateurs sont toujours actifs dans l'entreprise. Ils partagent la m\u00eame passion pour les projets informatiques et de t\u00e9l\u00e9communication, ainsi que le m\u00eame plaisir \u00e0 travailler avec leurs collaborateurs et leurs clients, selon le communiqu\u00e9.<\/p>\n<h2><strong>Des produits innovants avec une valeur ajout\u00e9e pour les clients<\/strong><\/h2>\n<p>\"Le march\u00e9 des TIC est soumis \u00e0 un processus de d\u00e9veloppement continu. L'objectif de Netstream n'est pas seulement de suivre ce processus, mais aussi de toujours avoir une longueur d'avance et d'enthousiasmer nos clients avec des produits novateurs\", explique Alexis Caceda, CEO de Netstream AG. Pour garantir cela, la valeur ajout\u00e9e pour les clients est au centre de la conception de tous les produits. Cette intention doit \u00e9galement se refl\u00e9ter \u00e0 l'avenir dans l'univers de marque de Netstream. \u00c0 cet effet, l'entreprise se pr\u00e9sentera \u00e0 partir de septembre 2018, entre autres, avec un nouveau logo et un nouveau site Internet.<\/p>\n<h2><strong>Un anniversaire qui marque une \u00e9tape importante<\/strong><\/h2>\n<p>Outre la nouvelle image de marque, d'autres nouveaut\u00e9s innovantes seront pr\u00e9sent\u00e9es au public \u00e0 l'automne. Ainsi, l'entreprise travaille actuellement sur une nouvelle solution dans le domaine de la t\u00e9l\u00e9vision. L'entreprise entend ainsi poursuivre une histoire \u00e0 succ\u00e8s, puisque c'est Netstream qui a lanc\u00e9 en 2004 la premi\u00e8re offre de t\u00e9l\u00e9vision par Internet sur le march\u00e9 suisse avec \"ADSL.TV\". \"Le lancement d'ADSL.TV a marqu\u00e9 le d\u00e9but de la diffusion de programmes de t\u00e9l\u00e9vision sur Internet en Suisse\", se souvient Caceda. Depuis, l'offre s'est d\u00e9velopp\u00e9e de mani\u00e8re fulgurante et est aujourd'hui incontournable. Au contraire, les clients b\u00e9n\u00e9ficient constamment de nouveaux services. Caceda promet : \"L'automne 2018 marquera une \u00e9tape importante : pour nos clients tout comme pour Netstream en tant qu'entreprise\". Cette promesse sera confirm\u00e9e par un show de marque le 5 septembre \u00e0 l'Air Force Center de D\u00fcbendorf.<\/p>\n<p><a href=\"http:\/\/www.netstream.ch\"><em>Plus d'informations<\/em><\/a><\/p>\n<p>&nbsp;<\/p>","protected":false},"excerpt":{"rendered":"<p>Es war im Jahr 1998,\u00a0als Alexis Caceda gemeinsam mit seinen Freunden Reto Kasser und Dominik Breitenmoser das Unternehmen Netstream ins Leben gerufen hat. Seitdem hat sich der Betrieb als einer der erfolgreichsten Anbieter f\u00fcr Internet-, Telefonie-, Hosting- und TV-L\u00f6sungen im Schweizer Gesch\u00e4ftskundenumfeld etabliert. Auch mit den Anfangs 2018 eingef\u00fchrten Cloud-L\u00f6sungen konnte man bisher gute Erfolge [&hellip;]<\/p>\n","protected":false},"author":4,"featured_media":3896,"comment_status":"open","ping_status":"open","sticky":false,"template":"","format":"standard","meta":{"_acf_changed":false,"_yoast_wpseo_focuskw":"Netstream","_yoast_wpseo_metadesc":"Zum 20-j\u00e4hrigen Jubil\u00e4um verleiht sich das IT- und Telekommunikationsunternehmen Netstream ein neues Aussehen. Dieses wird im September vorgestellt.","articlekey":"","footnotes":""},"categories":[27],"tags":[286,292,492],"class_list":["post-3895","post","type-post","status-publish","format-standard","has-post-thumbnail","hentry","category-it","tag-it","tag-jubilaeum","tag-unternehmen"],"acf":[],"yoast_head":"<!-- This site is optimized with the Yoast SEO plugin v27.5 - https:\/\/yoast.com\/product\/yoast-seo-wordpress\/ -->\n<title>Netstream schenkt sich zum 20-Jahr-Jubil\u00e4um einen neuen Markenauftritt - Organisator<\/title>\n<meta name=\"description\" content=\"Zum 20-j\u00e4hrigen Jubil\u00e4um verleiht sich das IT- und Telekommunikationsunternehmen Netstream ein neues Aussehen. Dieses wird im September vorgestellt.\" \/>\n<meta name=\"robots\" content=\"index, follow, max-snippet:-1, max-image-preview:large, max-video-preview:-1\" \/>\n<link rel=\"canonical\" href=\"https:\/\/www.organisator.ch\/fr\/gestion-2\/it\/2018-07-04\/netstream-schenkt-sich-zum-20-jahr-jubilaeum-einen-neuen-markenauftritt\/\" \/>\n<meta property=\"og:locale\" content=\"fr_FR\" \/>\n<meta property=\"og:type\" content=\"article\" \/>\n<meta property=\"og:title\" content=\"Netstream schenkt sich zum 20-Jahr-Jubil\u00e4um einen neuen Markenauftritt - Organisator\" \/>\n<meta property=\"og:description\" content=\"Zum 20-j\u00e4hrigen Jubil\u00e4um verleiht sich das IT- und Telekommunikationsunternehmen Netstream ein neues Aussehen. Dieses wird im September vorgestellt.\" \/>\n<meta property=\"og:url\" content=\"https:\/\/www.organisator.ch\/fr\/gestion-2\/it\/2018-07-04\/netstream-schenkt-sich-zum-20-jahr-jubilaeum-einen-neuen-markenauftritt\/\" \/>\n<meta property=\"og:site_name\" content=\"Organisator\" \/>\n<meta property=\"article:publisher\" content=\"https:\/\/www.facebook.com\/OrganisatorFachmagazin\" \/>\n<meta property=\"article:published_time\" content=\"2018-07-04T07:19:32+00:00\" \/>\n<meta property=\"og:image\" content=\"https:\/\/www.organisator.ch\/wp-content\/uploads\/2018\/07\/Netstream-schenkt-sich-zum-20-Jahr-Jubilaeum-einen-neuen-Markenauftritt_Organisator.jpg\" \/>\n\t<meta property=\"og:image:width\" content=\"640\" \/>\n\t<meta property=\"og:image:height\" content=\"427\" \/>\n\t<meta property=\"og:image:type\" content=\"image\/jpeg\" \/>\n<meta name=\"author\" content=\"thomas.berner\" \/>\n<meta name=\"twitter:card\" content=\"summary_large_image\" \/>\n<meta name=\"twitter:title\" content=\"#Netstream schenkt sich zum 20-Jahr-Jubil\u00e4um einen neuen Markenauftritt\" \/>\n<meta name=\"twitter:description\" content=\"Zum 20-j\u00e4hrigen Jubil\u00e4um verleiht sich das IT- und #Telekommunikationsunternehmen #Netstream ein neues Aussehen. Dieses wird im September vorgestellt.\" \/>\n<meta name=\"twitter:image\" content=\"https:\/\/www.organisator.ch\/wp-content\/uploads\/2018\/07\/Netstream-schenkt-sich-zum-20-Jahr-Jubil\u00e4um-einen-neuen-Markenauftritt_Organisator.jpg\" \/>\n<script type=\"application\/ld+json\" class=\"yoast-schema-graph\">{\"@context\":\"https:\\\/\\\/schema.org\",\"@graph\":[{\"@type\":\"Article\",\"@id\":\"https:\\\/\\\/www.organisator.ch\\\/management\\\/it\\\/2018-07-04\\\/netstream-schenkt-sich-zum-20-jahr-jubilaeum-einen-neuen-markenauftritt\\\/#article\",\"isPartOf\":{\"@id\":\"https:\\\/\\\/www.organisator.ch\\\/management\\\/it\\\/2018-07-04\\\/netstream-schenkt-sich-zum-20-jahr-jubilaeum-einen-neuen-markenauftritt\\\/\"},\"author\":{\"name\":\"thomas.berner\",\"@id\":\"https:\\\/\\\/www.organisator.ch\\\/#\\\/schema\\\/person\\\/6f650f90b2842cd4c0cc334b4e36f67e\"},\"headline\":\"Netstream schenkt sich zum 20-Jahr-Jubil\u00e4um einen neuen Markenauftritt\",\"datePublished\":\"2018-07-04T07:19:32+00:00\",\"mainEntityOfPage\":{\"@id\":\"https:\\\/\\\/www.organisator.ch\\\/management\\\/it\\\/2018-07-04\\\/netstream-schenkt-sich-zum-20-jahr-jubilaeum-einen-neuen-markenauftritt\\\/\"},\"wordCount\":418,\"commentCount\":0,\"publisher\":{\"@id\":\"https:\\\/\\\/www.organisator.ch\\\/#organization\"},\"image\":{\"@id\":\"https:\\\/\\\/www.organisator.ch\\\/management\\\/it\\\/2018-07-04\\\/netstream-schenkt-sich-zum-20-jahr-jubilaeum-einen-neuen-markenauftritt\\\/#primaryimage\"},\"thumbnailUrl\":\"https:\\\/\\\/www.organisator.ch\\\/wp-content\\\/uploads\\\/2018\\\/07\\\/Netstream-schenkt-sich-zum-20-Jahr-Jubilaeum-einen-neuen-Markenauftritt_Organisator.jpg\",\"keywords\":[\"IT\",\"Jubil\u00e4um\",\"Unternehmen\"],\"articleSection\":[\"IT\"],\"inLanguage\":\"fr-FR\"},{\"@type\":\"WebPage\",\"@id\":\"https:\\\/\\\/www.organisator.ch\\\/management\\\/it\\\/2018-07-04\\\/netstream-schenkt-sich-zum-20-jahr-jubilaeum-einen-neuen-markenauftritt\\\/\",\"url\":\"https:\\\/\\\/www.organisator.ch\\\/management\\\/it\\\/2018-07-04\\\/netstream-schenkt-sich-zum-20-jahr-jubilaeum-einen-neuen-markenauftritt\\\/\",\"name\":\"Netstream schenkt sich zum 20-Jahr-Jubil\u00e4um einen neuen Markenauftritt - Organisator\",\"isPartOf\":{\"@id\":\"https:\\\/\\\/www.organisator.ch\\\/#website\"},\"primaryImageOfPage\":{\"@id\":\"https:\\\/\\\/www.organisator.ch\\\/management\\\/it\\\/2018-07-04\\\/netstream-schenkt-sich-zum-20-jahr-jubilaeum-einen-neuen-markenauftritt\\\/#primaryimage\"},\"image\":{\"@id\":\"https:\\\/\\\/www.organisator.ch\\\/management\\\/it\\\/2018-07-04\\\/netstream-schenkt-sich-zum-20-jahr-jubilaeum-einen-neuen-markenauftritt\\\/#primaryimage\"},\"thumbnailUrl\":\"https:\\\/\\\/www.organisator.ch\\\/wp-content\\\/uploads\\\/2018\\\/07\\\/Netstream-schenkt-sich-zum-20-Jahr-Jubilaeum-einen-neuen-Markenauftritt_Organisator.jpg\",\"datePublished\":\"2018-07-04T07:19:32+00:00\",\"description\":\"Zum 20-j\u00e4hrigen Jubil\u00e4um verleiht sich das IT- und Telekommunikationsunternehmen Netstream ein neues Aussehen. Dieses wird im September vorgestellt.\",\"breadcrumb\":{\"@id\":\"https:\\\/\\\/www.organisator.ch\\\/management\\\/it\\\/2018-07-04\\\/netstream-schenkt-sich-zum-20-jahr-jubilaeum-einen-neuen-markenauftritt\\\/#breadcrumb\"},\"inLanguage\":\"fr-FR\",\"potentialAction\":[{\"@type\":\"ReadAction\",\"target\":[\"https:\\\/\\\/www.organisator.ch\\\/management\\\/it\\\/2018-07-04\\\/netstream-schenkt-sich-zum-20-jahr-jubilaeum-einen-neuen-markenauftritt\\\/\"]}]},{\"@type\":\"ImageObject\",\"inLanguage\":\"fr-FR\",\"@id\":\"https:\\\/\\\/www.organisator.ch\\\/management\\\/it\\\/2018-07-04\\\/netstream-schenkt-sich-zum-20-jahr-jubilaeum-einen-neuen-markenauftritt\\\/#primaryimage\",\"url\":\"https:\\\/\\\/www.organisator.ch\\\/wp-content\\\/uploads\\\/2018\\\/07\\\/Netstream-schenkt-sich-zum-20-Jahr-Jubilaeum-einen-neuen-Markenauftritt_Organisator.jpg\",\"contentUrl\":\"https:\\\/\\\/www.organisator.ch\\\/wp-content\\\/uploads\\\/2018\\\/07\\\/Netstream-schenkt-sich-zum-20-Jahr-Jubilaeum-einen-neuen-Markenauftritt_Organisator.jpg\",\"width\":640,\"height\":427,\"caption\":\"Die Gr\u00fcnder von Netstream (von links): Reto Kasser, Alexis Caceda und Dominik Breitenmoser (Foto: zVg \\\/ Netstream)\"},{\"@type\":\"BreadcrumbList\",\"@id\":\"https:\\\/\\\/www.organisator.ch\\\/management\\\/it\\\/2018-07-04\\\/netstream-schenkt-sich-zum-20-jahr-jubilaeum-einen-neuen-markenauftritt\\\/#breadcrumb\",\"itemListElement\":[{\"@type\":\"ListItem\",\"position\":1,\"name\":\"Home\",\"item\":\"https:\\\/\\\/www.organisator.ch\\\/\"},{\"@type\":\"ListItem\",\"position\":2,\"name\":\"Netstream schenkt sich zum 20-Jahr-Jubil\u00e4um einen neuen Markenauftritt\"}]},{\"@type\":\"WebSite\",\"@id\":\"https:\\\/\\\/www.organisator.ch\\\/#website\",\"url\":\"https:\\\/\\\/www.organisator.ch\\\/\",\"name\":\"Organisator\",\"description\":\"Kompetent. Praxisnah. Der ORGANISATOR bereitet in 10 Ausgaben pro Jahr die wesentlichen Themen f\u00fcr F\u00fchrungskr\u00e4fte von KMU auf.\",\"publisher\":{\"@id\":\"https:\\\/\\\/www.organisator.ch\\\/#organization\"},\"potentialAction\":[{\"@type\":\"SearchAction\",\"target\":{\"@type\":\"EntryPoint\",\"urlTemplate\":\"https:\\\/\\\/www.organisator.ch\\\/?s={search_term_string}\"},\"query-input\":{\"@type\":\"PropertyValueSpecification\",\"valueRequired\":true,\"valueName\":\"search_term_string\"}}],\"inLanguage\":\"fr-FR\"},{\"@type\":\"Organization\",\"@id\":\"https:\\\/\\\/www.organisator.ch\\\/#organization\",\"name\":\"Organisator\",\"url\":\"https:\\\/\\\/www.organisator.ch\\\/\",\"logo\":{\"@type\":\"ImageObject\",\"inLanguage\":\"fr-FR\",\"@id\":\"https:\\\/\\\/www.organisator.ch\\\/#\\\/schema\\\/logo\\\/image\\\/\",\"url\":\"https:\\\/\\\/www.organisator.ch\\\/wp-content\\\/uploads\\\/2022\\\/01\\\/Logo_Organisator_Website.png\",\"contentUrl\":\"https:\\\/\\\/www.organisator.ch\\\/wp-content\\\/uploads\\\/2022\\\/01\\\/Logo_Organisator_Website.png\",\"width\":800,\"height\":77,\"caption\":\"Organisator\"},\"image\":{\"@id\":\"https:\\\/\\\/www.organisator.ch\\\/#\\\/schema\\\/logo\\\/image\\\/\"},\"sameAs\":[\"https:\\\/\\\/www.facebook.com\\\/OrganisatorFachmagazin\",\"https:\\\/\\\/www.linkedin.com\\\/showcase\\\/organisator-das-magazin-fr-kmu\",\"https:\\\/\\\/www.xing.com\\\/news\\\/pages\\\/organisator-ch-695\",\"https:\\\/\\\/www.youtube.com\\\/channel\\\/UCGP2Sq0iWaZwT3BdIAQFYpw\"]},{\"@type\":\"Person\",\"@id\":\"https:\\\/\\\/www.organisator.ch\\\/#\\\/schema\\\/person\\\/6f650f90b2842cd4c0cc334b4e36f67e\",\"name\":\"thomas.berner\",\"image\":{\"@type\":\"ImageObject\",\"inLanguage\":\"fr-FR\",\"@id\":\"https:\\\/\\\/secure.gravatar.com\\\/avatar\\\/ac5001d2a36cb6c6cd3e50789007ffca834b477b74a2144564522e944eabff61?s=96&d=mm&r=g\",\"url\":\"https:\\\/\\\/secure.gravatar.com\\\/avatar\\\/ac5001d2a36cb6c6cd3e50789007ffca834b477b74a2144564522e944eabff61?s=96&d=mm&r=g\",\"contentUrl\":\"https:\\\/\\\/secure.gravatar.com\\\/avatar\\\/ac5001d2a36cb6c6cd3e50789007ffca834b477b74a2144564522e944eabff61?s=96&d=mm&r=g\",\"caption\":\"thomas.berner\"},\"url\":\"https:\\\/\\\/www.organisator.ch\\\/fr\\\/author\\\/thomas-berner\\\/\"}]}<\/script>\n<!-- \/ Yoast SEO plugin. -->","yoast_head_json":{"title":"Netstream s'offre une nouvelle image de marque pour son 20e anniversaire - Organisateur","description":"Pour son 20e anniversaire, l'entreprise d'informatique et de t\u00e9l\u00e9communications Netstream se dote d'un nouveau look. Celui-ci sera pr\u00e9sent\u00e9 en septembre.","robots":{"index":"index","follow":"follow","max-snippet":"max-snippet:-1","max-image-preview":"max-image-preview:large","max-video-preview":"max-video-preview:-1"},"canonical":"https:\/\/www.organisator.ch\/fr\/gestion-2\/it\/2018-07-04\/netstream-schenkt-sich-zum-20-jahr-jubilaeum-einen-neuen-markenauftritt\/","og_locale":"fr_FR","og_type":"article","og_title":"Netstream schenkt sich zum 20-Jahr-Jubil\u00e4um einen neuen Markenauftritt - Organisator","og_description":"Zum 20-j\u00e4hrigen Jubil\u00e4um verleiht sich das IT- und Telekommunikationsunternehmen Netstream ein neues Aussehen. Dieses wird im September vorgestellt.","og_url":"https:\/\/www.organisator.ch\/fr\/gestion-2\/it\/2018-07-04\/netstream-schenkt-sich-zum-20-jahr-jubilaeum-einen-neuen-markenauftritt\/","og_site_name":"Organisator","article_publisher":"https:\/\/www.facebook.com\/OrganisatorFachmagazin","article_published_time":"2018-07-04T07:19:32+00:00","og_image":[{"width":640,"height":427,"url":"https:\/\/www.organisator.ch\/wp-content\/uploads\/2018\/07\/Netstream-schenkt-sich-zum-20-Jahr-Jubilaeum-einen-neuen-Markenauftritt_Organisator.jpg","type":"image\/jpeg"}],"author":"thomas.berner","twitter_card":"summary_large_image","twitter_title":"#Netstream schenkt sich zum 20-Jahr-Jubil\u00e4um einen neuen Markenauftritt","twitter_description":"Zum 20-j\u00e4hrigen Jubil\u00e4um verleiht sich das IT- und #Telekommunikationsunternehmen #Netstream ein neues Aussehen. Dieses wird im September vorgestellt.","twitter_image":"https:\/\/www.organisator.ch\/wp-content\/uploads\/2018\/07\/Netstream-schenkt-sich-zum-20-Jahr-Jubil\u00e4um-einen-neuen-Markenauftritt_Organisator.jpg","schema":{"@context":"https:\/\/schema.org","@graph":[{"@type":"Article","@id":"https:\/\/www.organisator.ch\/management\/it\/2018-07-04\/netstream-schenkt-sich-zum-20-jahr-jubilaeum-einen-neuen-markenauftritt\/#article","isPartOf":{"@id":"https:\/\/www.organisator.ch\/management\/it\/2018-07-04\/netstream-schenkt-sich-zum-20-jahr-jubilaeum-einen-neuen-markenauftritt\/"},"author":{"name":"thomas.berner","@id":"https:\/\/www.organisator.ch\/#\/schema\/person\/6f650f90b2842cd4c0cc334b4e36f67e"},"headline":"Netstream schenkt sich zum 20-Jahr-Jubil\u00e4um einen neuen Markenauftritt","datePublished":"2018-07-04T07:19:32+00:00","mainEntityOfPage":{"@id":"https:\/\/www.organisator.ch\/management\/it\/2018-07-04\/netstream-schenkt-sich-zum-20-jahr-jubilaeum-einen-neuen-markenauftritt\/"},"wordCount":418,"commentCount":0,"publisher":{"@id":"https:\/\/www.organisator.ch\/#organization"},"image":{"@id":"https:\/\/www.organisator.ch\/management\/it\/2018-07-04\/netstream-schenkt-sich-zum-20-jahr-jubilaeum-einen-neuen-markenauftritt\/#primaryimage"},"thumbnailUrl":"https:\/\/www.organisator.ch\/wp-content\/uploads\/2018\/07\/Netstream-schenkt-sich-zum-20-Jahr-Jubilaeum-einen-neuen-Markenauftritt_Organisator.jpg","keywords":["IT","Jubil\u00e4um","Unternehmen"],"articleSection":["IT"],"inLanguage":"fr-FR"},{"@type":"WebPage","@id":"https:\/\/www.organisator.ch\/management\/it\/2018-07-04\/netstream-schenkt-sich-zum-20-jahr-jubilaeum-einen-neuen-markenauftritt\/","url":"https:\/\/www.organisator.ch\/management\/it\/2018-07-04\/netstream-schenkt-sich-zum-20-jahr-jubilaeum-einen-neuen-markenauftritt\/","name":"Netstream s'offre une nouvelle image de marque pour son 20e anniversaire - Organisateur","isPartOf":{"@id":"https:\/\/www.organisator.ch\/#website"},"primaryImageOfPage":{"@id":"https:\/\/www.organisator.ch\/management\/it\/2018-07-04\/netstream-schenkt-sich-zum-20-jahr-jubilaeum-einen-neuen-markenauftritt\/#primaryimage"},"image":{"@id":"https:\/\/www.organisator.ch\/management\/it\/2018-07-04\/netstream-schenkt-sich-zum-20-jahr-jubilaeum-einen-neuen-markenauftritt\/#primaryimage"},"thumbnailUrl":"https:\/\/www.organisator.ch\/wp-content\/uploads\/2018\/07\/Netstream-schenkt-sich-zum-20-Jahr-Jubilaeum-einen-neuen-Markenauftritt_Organisator.jpg","datePublished":"2018-07-04T07:19:32+00:00","description":"Pour son 20e anniversaire, l'entreprise d'informatique et de t\u00e9l\u00e9communications Netstream se dote d'un nouveau look. Celui-ci sera pr\u00e9sent\u00e9 en septembre.","breadcrumb":{"@id":"https:\/\/www.organisator.ch\/management\/it\/2018-07-04\/netstream-schenkt-sich-zum-20-jahr-jubilaeum-einen-neuen-markenauftritt\/#breadcrumb"},"inLanguage":"fr-FR","potentialAction":[{"@type":"ReadAction","target":["https:\/\/www.organisator.ch\/management\/it\/2018-07-04\/netstream-schenkt-sich-zum-20-jahr-jubilaeum-einen-neuen-markenauftritt\/"]}]},{"@type":"ImageObject","inLanguage":"fr-FR","@id":"https:\/\/www.organisator.ch\/management\/it\/2018-07-04\/netstream-schenkt-sich-zum-20-jahr-jubilaeum-einen-neuen-markenauftritt\/#primaryimage","url":"https:\/\/www.organisator.ch\/wp-content\/uploads\/2018\/07\/Netstream-schenkt-sich-zum-20-Jahr-Jubilaeum-einen-neuen-Markenauftritt_Organisator.jpg","contentUrl":"https:\/\/www.organisator.ch\/wp-content\/uploads\/2018\/07\/Netstream-schenkt-sich-zum-20-Jahr-Jubilaeum-einen-neuen-Markenauftritt_Organisator.jpg","width":640,"height":427,"caption":"Die Gr\u00fcnder von Netstream (von links): Reto Kasser, Alexis Caceda und Dominik Breitenmoser (Foto: zVg \/ Netstream)"},{"@type":"BreadcrumbList","@id":"https:\/\/www.organisator.ch\/management\/it\/2018-07-04\/netstream-schenkt-sich-zum-20-jahr-jubilaeum-einen-neuen-markenauftritt\/#breadcrumb","itemListElement":[{"@type":"ListItem","position":1,"name":"Home","item":"https:\/\/www.organisator.ch\/"},{"@type":"ListItem","position":2,"name":"Netstream schenkt sich zum 20-Jahr-Jubil\u00e4um einen neuen Markenauftritt"}]},{"@type":"WebSite","@id":"https:\/\/www.organisator.ch\/#website","url":"https:\/\/www.organisator.ch\/","name":"Organisateur","description":"Comp\u00e9tence et comp\u00e9tence. Proches de la pratique. L'ORGANISATEUR pr\u00e9pare 10 num\u00e9ros par an sur les th\u00e8mes essentiels pour les dirigeants de PME.","publisher":{"@id":"https:\/\/www.organisator.ch\/#organization"},"potentialAction":[{"@type":"SearchAction","target":{"@type":"EntryPoint","urlTemplate":"https:\/\/www.organisator.ch\/?s={search_term_string}"},"query-input":{"@type":"PropertyValueSpecification","valueRequired":true,"valueName":"search_term_string"}}],"inLanguage":"fr-FR"},{"@type":"Organization","@id":"https:\/\/www.organisator.ch\/#organization","name":"Organisateur","url":"https:\/\/www.organisator.ch\/","logo":{"@type":"ImageObject","inLanguage":"fr-FR","@id":"https:\/\/www.organisator.ch\/#\/schema\/logo\/image\/","url":"https:\/\/www.organisator.ch\/wp-content\/uploads\/2022\/01\/Logo_Organisator_Website.png","contentUrl":"https:\/\/www.organisator.ch\/wp-content\/uploads\/2022\/01\/Logo_Organisator_Website.png","width":800,"height":77,"caption":"Organisator"},"image":{"@id":"https:\/\/www.organisator.ch\/#\/schema\/logo\/image\/"},"sameAs":["https:\/\/www.facebook.com\/OrganisatorFachmagazin","https:\/\/www.linkedin.com\/showcase\/organisator-das-magazin-fr-kmu","https:\/\/www.xing.com\/news\/pages\/organisator-ch-695","https:\/\/www.youtube.com\/channel\/UCGP2Sq0iWaZwT3BdIAQFYpw"]},{"@type":"Person","@id":"https:\/\/www.organisator.ch\/#\/schema\/person\/6f650f90b2842cd4c0cc334b4e36f67e","name":"thomas.berner","image":{"@type":"ImageObject","inLanguage":"fr-FR","@id":"https:\/\/secure.gravatar.com\/avatar\/ac5001d2a36cb6c6cd3e50789007ffca834b477b74a2144564522e944eabff61?s=96&d=mm&r=g","url":"https:\/\/secure.gravatar.com\/avatar\/ac5001d2a36cb6c6cd3e50789007ffca834b477b74a2144564522e944eabff61?s=96&d=mm&r=g","contentUrl":"https:\/\/secure.gravatar.com\/avatar\/ac5001d2a36cb6c6cd3e50789007ffca834b477b74a2144564522e944eabff61?s=96&d=mm&r=g","caption":"thomas.berner"},"url":"https:\/\/www.organisator.ch\/fr\/author\/thomas-berner\/"}]}},"_links":{"self":[{"href":"https:\/\/www.organisator.ch\/fr\/wp-json\/wp\/v2\/posts\/3895","targetHints":{"allow":["GET"]}}],"collection":[{"href":"https:\/\/www.organisator.ch\/fr\/wp-json\/wp\/v2\/posts"}],"about":[{"href":"https:\/\/www.organisator.ch\/fr\/wp-json\/wp\/v2\/types\/post"}],"author":[{"embeddable":true,"href":"https:\/\/www.organisator.ch\/fr\/wp-json\/wp\/v2\/users\/4"}],"replies":[{"embeddable":true,"href":"https:\/\/www.organisator.ch\/fr\/wp-json\/wp\/v2\/comments?post=3895"}],"version-history":[{"count":0,"href":"https:\/\/www.organisator.ch\/fr\/wp-json\/wp\/v2\/posts\/3895\/revisions"}],"wp:featuredmedia":[{"embeddable":true,"href":"https:\/\/www.organisator.ch\/fr\/wp-json\/wp\/v2\/media\/3896"}],"wp:attachment":[{"href":"https:\/\/www.organisator.ch\/fr\/wp-json\/wp\/v2\/media?parent=3895"}],"wp:term":[{"taxonomy":"category","embeddable":true,"href":"https:\/\/www.organisator.ch\/fr\/wp-json\/wp\/v2\/categories?post=3895"},{"taxonomy":"post_tag","embeddable":true,"href":"https:\/\/www.organisator.ch\/fr\/wp-json\/wp\/v2\/tags?post=3895"}],"curies":[{"name":"wp","href":"https:\/\/api.w.org\/{rel}","templated":true}]}}