{"id":38965,"date":"2025-06-19T21:05:38","date_gmt":"2025-06-19T19:05:38","guid":{"rendered":"https:\/\/www.organisator.ch\/de\/?p=38965"},"modified":"2025-06-18T08:33:26","modified_gmt":"2025-06-18T06:33:26","slug":"krisenfeste-pensionskassen","status":"publish","type":"post","link":"https:\/\/www.organisator.ch\/fr\/management\/2025-06-19\/krisenfeste-pensionskassen\/","title":{"rendered":"Des caisses de pension r\u00e9sistantes \u00e0 la crise"},"content":{"rendered":"<div class=\"swpm-post-not-logged-in-msg\">Vous devez \u00eatre connect\u00e9 pour voir ce contenu. Veuillez <a class=\"swpm-login-link\" href=\"https:\/\/www.organisator.ch\/login\/\">Se connecter<\/a>. Pas un membre ? <a href=\"https:\/\/www.organisator.ch\/shop\/\">Nous Rejoindre<\/a><\/div>","protected":false},"excerpt":{"rendered":"<p>Malgr\u00e9 de nombreuses crises, les assur\u00e9s ont presque toujours pu b\u00e9n\u00e9ficier d'une r\u00e9mun\u00e9ration positive. Cela indique une grande stabilit\u00e9 du 2e pilier. C'est ce que montre la nouvelle \u00e9tude sur les caisses de pension de Swisscanto.<\/p>","protected":false},"author":1,"featured_media":39093,"comment_status":"closed","ping_status":"closed","sticky":false,"template":"","format":"standard","meta":{"_acf_changed":false,"_yoast_wpseo_focuskw":"Pensionskassen","_yoast_wpseo_metadesc":"Pensionskassen zeigen sich stabil: Trotz zahlreicher Krisen konnten die Versicherten fast immer von einer positiven Verzinsung profitieren.","articlekey":"161644","footnotes":""},"categories":[578,28],"tags":[2932,3793,487],"class_list":["post-38965","post","type-post","status-publish","format-standard","has-post-thumbnail","hentry","category-abo","category-management","tag-altersvorsorge","tag-pensionskassen-vergleich","tag-umfrage"],"acf":[],"yoast_head":"<!-- This site is optimized with the Yoast SEO plugin v27.4 - https:\/\/yoast.com\/product\/yoast-seo-wordpress\/ -->\n<title>Krisenfeste Pensionskassen - Organisator<\/title>\n<meta name=\"description\" content=\"Pensionskassen zeigen sich stabil: Trotz zahlreicher Krisen konnten die Versicherten fast immer von einer positiven Verzinsung profitieren.\" \/>\n<meta name=\"robots\" content=\"index, follow, max-snippet:-1, max-image-preview:large, max-video-preview:-1\" \/>\n<link rel=\"canonical\" href=\"https:\/\/www.organisator.ch\/fr\/gestion-2\/2025-06-19\/krisenfeste-pensionskassen\/\" \/>\n<meta property=\"og:locale\" content=\"fr_FR\" \/>\n<meta property=\"og:type\" content=\"article\" \/>\n<meta property=\"og:title\" content=\"Krisenfeste Pensionskassen - Organisator\" \/>\n<meta property=\"og:description\" content=\"Pensionskassen zeigen sich stabil: Trotz zahlreicher Krisen konnten die Versicherten fast immer von einer positiven Verzinsung profitieren.\" \/>\n<meta property=\"og:url\" content=\"https:\/\/www.organisator.ch\/fr\/gestion-2\/2025-06-19\/krisenfeste-pensionskassen\/\" \/>\n<meta property=\"og:site_name\" content=\"Organisator\" \/>\n<meta property=\"article:publisher\" content=\"https:\/\/www.facebook.com\/OrganisatorFachmagazin\" \/>\n<meta property=\"article:published_time\" content=\"2025-06-19T19:05:38+00:00\" \/>\n<meta property=\"og:image\" content=\"https:\/\/www.organisator.ch\/wp-content\/uploads\/2025\/06\/Krisenfeste-Pensionskassen-1_Organisator.jpg\" \/>\n\t<meta property=\"og:image:width\" content=\"680\" \/>\n\t<meta property=\"og:image:height\" content=\"382\" \/>\n\t<meta property=\"og:image:type\" content=\"image\/jpeg\" \/>\n<meta name=\"author\" content=\"admin\" \/>\n<meta name=\"twitter:card\" content=\"summary_large_image\" \/>\n<script type=\"application\/ld+json\" class=\"yoast-schema-graph\">{\"@context\":\"https:\\\/\\\/schema.org\",\"@graph\":[{\"@type\":\"Article\",\"@id\":\"https:\\\/\\\/www.organisator.ch\\\/management\\\/2025-06-19\\\/krisenfeste-pensionskassen\\\/#article\",\"isPartOf\":{\"@id\":\"https:\\\/\\\/www.organisator.ch\\\/management\\\/2025-06-19\\\/krisenfeste-pensionskassen\\\/\"},\"author\":{\"name\":\"admin\",\"@id\":\"https:\\\/\\\/www.organisator.ch\\\/#\\\/schema\\\/person\\\/aa2bace6c5c5aad60102004a50c4eb1c\"},\"headline\":\"Krisenfeste Pensionskassen\",\"datePublished\":\"2025-06-19T19:05:38+00:00\",\"mainEntityOfPage\":{\"@id\":\"https:\\\/\\\/www.organisator.ch\\\/management\\\/2025-06-19\\\/krisenfeste-pensionskassen\\\/\"},\"wordCount\":913,\"publisher\":{\"@id\":\"https:\\\/\\\/www.organisator.ch\\\/#organization\"},\"image\":{\"@id\":\"https:\\\/\\\/www.organisator.ch\\\/management\\\/2025-06-19\\\/krisenfeste-pensionskassen\\\/#primaryimage\"},\"thumbnailUrl\":\"https:\\\/\\\/www.organisator.ch\\\/wp-content\\\/uploads\\\/2025\\\/06\\\/Krisenfeste-Pensionskassen-1_Organisator.jpg\",\"keywords\":[\"Altersvorsorge\",\"Pensionskassen-Vergleich\",\"Umfrage\"],\"articleSection\":[\"ABO+\",\"MANAGEMENT\"],\"inLanguage\":\"fr-FR\"},{\"@type\":\"WebPage\",\"@id\":\"https:\\\/\\\/www.organisator.ch\\\/management\\\/2025-06-19\\\/krisenfeste-pensionskassen\\\/\",\"url\":\"https:\\\/\\\/www.organisator.ch\\\/management\\\/2025-06-19\\\/krisenfeste-pensionskassen\\\/\",\"name\":\"Krisenfeste Pensionskassen - Organisator\",\"isPartOf\":{\"@id\":\"https:\\\/\\\/www.organisator.ch\\\/#website\"},\"primaryImageOfPage\":{\"@id\":\"https:\\\/\\\/www.organisator.ch\\\/management\\\/2025-06-19\\\/krisenfeste-pensionskassen\\\/#primaryimage\"},\"image\":{\"@id\":\"https:\\\/\\\/www.organisator.ch\\\/management\\\/2025-06-19\\\/krisenfeste-pensionskassen\\\/#primaryimage\"},\"thumbnailUrl\":\"https:\\\/\\\/www.organisator.ch\\\/wp-content\\\/uploads\\\/2025\\\/06\\\/Krisenfeste-Pensionskassen-1_Organisator.jpg\",\"datePublished\":\"2025-06-19T19:05:38+00:00\",\"description\":\"Pensionskassen zeigen sich stabil: Trotz zahlreicher Krisen konnten die Versicherten fast immer von einer positiven Verzinsung profitieren.\",\"breadcrumb\":{\"@id\":\"https:\\\/\\\/www.organisator.ch\\\/management\\\/2025-06-19\\\/krisenfeste-pensionskassen\\\/#breadcrumb\"},\"inLanguage\":\"fr-FR\",\"potentialAction\":[{\"@type\":\"ReadAction\",\"target\":[\"https:\\\/\\\/www.organisator.ch\\\/management\\\/2025-06-19\\\/krisenfeste-pensionskassen\\\/\"]}]},{\"@type\":\"ImageObject\",\"inLanguage\":\"fr-FR\",\"@id\":\"https:\\\/\\\/www.organisator.ch\\\/management\\\/2025-06-19\\\/krisenfeste-pensionskassen\\\/#primaryimage\",\"url\":\"https:\\\/\\\/www.organisator.ch\\\/wp-content\\\/uploads\\\/2025\\\/06\\\/Krisenfeste-Pensionskassen-1_Organisator.jpg\",\"contentUrl\":\"https:\\\/\\\/www.organisator.ch\\\/wp-content\\\/uploads\\\/2025\\\/06\\\/Krisenfeste-Pensionskassen-1_Organisator.jpg\",\"width\":680,\"height\":382,\"caption\":\"Grafik 1: Verlauf der Performance- und Zinsentwicklung der letzten 25\u00a0Jahre.\u00a9 Swisscanto Pensionskassenstudie 2025\"},{\"@type\":\"BreadcrumbList\",\"@id\":\"https:\\\/\\\/www.organisator.ch\\\/management\\\/2025-06-19\\\/krisenfeste-pensionskassen\\\/#breadcrumb\",\"itemListElement\":[{\"@type\":\"ListItem\",\"position\":1,\"name\":\"Home\",\"item\":\"https:\\\/\\\/www.organisator.ch\\\/\"},{\"@type\":\"ListItem\",\"position\":2,\"name\":\"Krisenfeste Pensionskassen\"}]},{\"@type\":\"WebSite\",\"@id\":\"https:\\\/\\\/www.organisator.ch\\\/#website\",\"url\":\"https:\\\/\\\/www.organisator.ch\\\/\",\"name\":\"Organisator\",\"description\":\"Kompetent. Praxisnah. Der ORGANISATOR bereitet in 10 Ausgaben pro Jahr die wesentlichen Themen f\u00fcr F\u00fchrungskr\u00e4fte von KMU auf.\",\"publisher\":{\"@id\":\"https:\\\/\\\/www.organisator.ch\\\/#organization\"},\"potentialAction\":[{\"@type\":\"SearchAction\",\"target\":{\"@type\":\"EntryPoint\",\"urlTemplate\":\"https:\\\/\\\/www.organisator.ch\\\/?s={search_term_string}\"},\"query-input\":{\"@type\":\"PropertyValueSpecification\",\"valueRequired\":true,\"valueName\":\"search_term_string\"}}],\"inLanguage\":\"fr-FR\"},{\"@type\":\"Organization\",\"@id\":\"https:\\\/\\\/www.organisator.ch\\\/#organization\",\"name\":\"Organisator\",\"url\":\"https:\\\/\\\/www.organisator.ch\\\/\",\"logo\":{\"@type\":\"ImageObject\",\"inLanguage\":\"fr-FR\",\"@id\":\"https:\\\/\\\/www.organisator.ch\\\/#\\\/schema\\\/logo\\\/image\\\/\",\"url\":\"https:\\\/\\\/www.organisator.ch\\\/wp-content\\\/uploads\\\/2022\\\/01\\\/Logo_Organisator_Website.png\",\"contentUrl\":\"https:\\\/\\\/www.organisator.ch\\\/wp-content\\\/uploads\\\/2022\\\/01\\\/Logo_Organisator_Website.png\",\"width\":800,\"height\":77,\"caption\":\"Organisator\"},\"image\":{\"@id\":\"https:\\\/\\\/www.organisator.ch\\\/#\\\/schema\\\/logo\\\/image\\\/\"},\"sameAs\":[\"https:\\\/\\\/www.facebook.com\\\/OrganisatorFachmagazin\",\"https:\\\/\\\/www.linkedin.com\\\/showcase\\\/organisator-das-magazin-fr-kmu\",\"https:\\\/\\\/www.xing.com\\\/news\\\/pages\\\/organisator-ch-695\",\"https:\\\/\\\/www.youtube.com\\\/channel\\\/UCGP2Sq0iWaZwT3BdIAQFYpw\"]},{\"@type\":\"Person\",\"@id\":\"https:\\\/\\\/www.organisator.ch\\\/#\\\/schema\\\/person\\\/aa2bace6c5c5aad60102004a50c4eb1c\",\"name\":\"admin\",\"image\":{\"@type\":\"ImageObject\",\"inLanguage\":\"fr-FR\",\"@id\":\"https:\\\/\\\/secure.gravatar.com\\\/avatar\\\/ae2f4d718e6c49043e314ce431e7e645d646302a24a5ef5a8bc8e3f5a032e319?s=96&d=mm&r=g\",\"url\":\"https:\\\/\\\/secure.gravatar.com\\\/avatar\\\/ae2f4d718e6c49043e314ce431e7e645d646302a24a5ef5a8bc8e3f5a032e319?s=96&d=mm&r=g\",\"contentUrl\":\"https:\\\/\\\/secure.gravatar.com\\\/avatar\\\/ae2f4d718e6c49043e314ce431e7e645d646302a24a5ef5a8bc8e3f5a032e319?s=96&d=mm&r=g\",\"caption\":\"admin\"},\"sameAs\":[\"https:\\\/\\\/www.organisator.ch\"],\"url\":\"https:\\\/\\\/www.organisator.ch\\\/fr\\\/author\\\/admin\\\/\"}]}<\/script>\n<!-- \/ Yoast SEO plugin. -->","yoast_head_json":{"title":"Caisses de pension r\u00e9sistantes \u00e0 la crise - Organisateur","description":"Les caisses de pension font preuve de stabilit\u00e9 : malgr\u00e9 de nombreuses crises, les assur\u00e9s ont presque toujours pu b\u00e9n\u00e9ficier d'une r\u00e9mun\u00e9ration positive.","robots":{"index":"index","follow":"follow","max-snippet":"max-snippet:-1","max-image-preview":"max-image-preview:large","max-video-preview":"max-video-preview:-1"},"canonical":"https:\/\/www.organisator.ch\/fr\/gestion-2\/2025-06-19\/krisenfeste-pensionskassen\/","og_locale":"fr_FR","og_type":"article","og_title":"Krisenfeste Pensionskassen - Organisator","og_description":"Pensionskassen zeigen sich stabil: Trotz zahlreicher Krisen konnten die Versicherten fast immer von einer positiven Verzinsung profitieren.","og_url":"https:\/\/www.organisator.ch\/fr\/gestion-2\/2025-06-19\/krisenfeste-pensionskassen\/","og_site_name":"Organisator","article_publisher":"https:\/\/www.facebook.com\/OrganisatorFachmagazin","article_published_time":"2025-06-19T19:05:38+00:00","og_image":[{"width":680,"height":382,"url":"https:\/\/www.organisator.ch\/wp-content\/uploads\/2025\/06\/Krisenfeste-Pensionskassen-1_Organisator.jpg","type":"image\/jpeg"}],"author":"admin","twitter_card":"summary_large_image","schema":{"@context":"https:\/\/schema.org","@graph":[{"@type":"Article","@id":"https:\/\/www.organisator.ch\/management\/2025-06-19\/krisenfeste-pensionskassen\/#article","isPartOf":{"@id":"https:\/\/www.organisator.ch\/management\/2025-06-19\/krisenfeste-pensionskassen\/"},"author":{"name":"admin","@id":"https:\/\/www.organisator.ch\/#\/schema\/person\/aa2bace6c5c5aad60102004a50c4eb1c"},"headline":"Krisenfeste Pensionskassen","datePublished":"2025-06-19T19:05:38+00:00","mainEntityOfPage":{"@id":"https:\/\/www.organisator.ch\/management\/2025-06-19\/krisenfeste-pensionskassen\/"},"wordCount":913,"publisher":{"@id":"https:\/\/www.organisator.ch\/#organization"},"image":{"@id":"https:\/\/www.organisator.ch\/management\/2025-06-19\/krisenfeste-pensionskassen\/#primaryimage"},"thumbnailUrl":"https:\/\/www.organisator.ch\/wp-content\/uploads\/2025\/06\/Krisenfeste-Pensionskassen-1_Organisator.jpg","keywords":["Altersvorsorge","Pensionskassen-Vergleich","Umfrage"],"articleSection":["ABO+","MANAGEMENT"],"inLanguage":"fr-FR"},{"@type":"WebPage","@id":"https:\/\/www.organisator.ch\/management\/2025-06-19\/krisenfeste-pensionskassen\/","url":"https:\/\/www.organisator.ch\/management\/2025-06-19\/krisenfeste-pensionskassen\/","name":"Caisses de pension r\u00e9sistantes \u00e0 la crise - Organisateur","isPartOf":{"@id":"https:\/\/www.organisator.ch\/#website"},"primaryImageOfPage":{"@id":"https:\/\/www.organisator.ch\/management\/2025-06-19\/krisenfeste-pensionskassen\/#primaryimage"},"image":{"@id":"https:\/\/www.organisator.ch\/management\/2025-06-19\/krisenfeste-pensionskassen\/#primaryimage"},"thumbnailUrl":"https:\/\/www.organisator.ch\/wp-content\/uploads\/2025\/06\/Krisenfeste-Pensionskassen-1_Organisator.jpg","datePublished":"2025-06-19T19:05:38+00:00","description":"Les caisses de pension font preuve de stabilit\u00e9 : malgr\u00e9 de nombreuses crises, les assur\u00e9s ont presque toujours pu b\u00e9n\u00e9ficier d'une r\u00e9mun\u00e9ration positive.","breadcrumb":{"@id":"https:\/\/www.organisator.ch\/management\/2025-06-19\/krisenfeste-pensionskassen\/#breadcrumb"},"inLanguage":"fr-FR","potentialAction":[{"@type":"ReadAction","target":["https:\/\/www.organisator.ch\/management\/2025-06-19\/krisenfeste-pensionskassen\/"]}]},{"@type":"ImageObject","inLanguage":"fr-FR","@id":"https:\/\/www.organisator.ch\/management\/2025-06-19\/krisenfeste-pensionskassen\/#primaryimage","url":"https:\/\/www.organisator.ch\/wp-content\/uploads\/2025\/06\/Krisenfeste-Pensionskassen-1_Organisator.jpg","contentUrl":"https:\/\/www.organisator.ch\/wp-content\/uploads\/2025\/06\/Krisenfeste-Pensionskassen-1_Organisator.jpg","width":680,"height":382,"caption":"Grafik 1: Verlauf der Performance- und Zinsentwicklung der letzten 25\u00a0Jahre.\u00a9 Swisscanto Pensionskassenstudie 2025"},{"@type":"BreadcrumbList","@id":"https:\/\/www.organisator.ch\/management\/2025-06-19\/krisenfeste-pensionskassen\/#breadcrumb","itemListElement":[{"@type":"ListItem","position":1,"name":"Home","item":"https:\/\/www.organisator.ch\/"},{"@type":"ListItem","position":2,"name":"Krisenfeste Pensionskassen"}]},{"@type":"WebSite","@id":"https:\/\/www.organisator.ch\/#website","url":"https:\/\/www.organisator.ch\/","name":"Organisateur","description":"Comp\u00e9tence et comp\u00e9tence. Proches de la pratique. L'ORGANISATEUR pr\u00e9pare 10 num\u00e9ros par an sur les th\u00e8mes essentiels pour les dirigeants de PME.","publisher":{"@id":"https:\/\/www.organisator.ch\/#organization"},"potentialAction":[{"@type":"SearchAction","target":{"@type":"EntryPoint","urlTemplate":"https:\/\/www.organisator.ch\/?s={search_term_string}"},"query-input":{"@type":"PropertyValueSpecification","valueRequired":true,"valueName":"search_term_string"}}],"inLanguage":"fr-FR"},{"@type":"Organization","@id":"https:\/\/www.organisator.ch\/#organization","name":"Organisateur","url":"https:\/\/www.organisator.ch\/","logo":{"@type":"ImageObject","inLanguage":"fr-FR","@id":"https:\/\/www.organisator.ch\/#\/schema\/logo\/image\/","url":"https:\/\/www.organisator.ch\/wp-content\/uploads\/2022\/01\/Logo_Organisator_Website.png","contentUrl":"https:\/\/www.organisator.ch\/wp-content\/uploads\/2022\/01\/Logo_Organisator_Website.png","width":800,"height":77,"caption":"Organisator"},"image":{"@id":"https:\/\/www.organisator.ch\/#\/schema\/logo\/image\/"},"sameAs":["https:\/\/www.facebook.com\/OrganisatorFachmagazin","https:\/\/www.linkedin.com\/showcase\/organisator-das-magazin-fr-kmu","https:\/\/www.xing.com\/news\/pages\/organisator-ch-695","https:\/\/www.youtube.com\/channel\/UCGP2Sq0iWaZwT3BdIAQFYpw"]},{"@type":"Person","@id":"https:\/\/www.organisator.ch\/#\/schema\/person\/aa2bace6c5c5aad60102004a50c4eb1c","name":"admin","image":{"@type":"ImageObject","inLanguage":"fr-FR","@id":"https:\/\/secure.gravatar.com\/avatar\/ae2f4d718e6c49043e314ce431e7e645d646302a24a5ef5a8bc8e3f5a032e319?s=96&d=mm&r=g","url":"https:\/\/secure.gravatar.com\/avatar\/ae2f4d718e6c49043e314ce431e7e645d646302a24a5ef5a8bc8e3f5a032e319?s=96&d=mm&r=g","contentUrl":"https:\/\/secure.gravatar.com\/avatar\/ae2f4d718e6c49043e314ce431e7e645d646302a24a5ef5a8bc8e3f5a032e319?s=96&d=mm&r=g","caption":"admin"},"sameAs":["https:\/\/www.organisator.ch"],"url":"https:\/\/www.organisator.ch\/fr\/author\/admin\/"}]}},"_links":{"self":[{"href":"https:\/\/www.organisator.ch\/fr\/wp-json\/wp\/v2\/posts\/38965","targetHints":{"allow":["GET"]}}],"collection":[{"href":"https:\/\/www.organisator.ch\/fr\/wp-json\/wp\/v2\/posts"}],"about":[{"href":"https:\/\/www.organisator.ch\/fr\/wp-json\/wp\/v2\/types\/post"}],"author":[{"embeddable":true,"href":"https:\/\/www.organisator.ch\/fr\/wp-json\/wp\/v2\/users\/1"}],"replies":[{"embeddable":true,"href":"https:\/\/www.organisator.ch\/fr\/wp-json\/wp\/v2\/comments?post=38965"}],"version-history":[{"count":2,"href":"https:\/\/www.organisator.ch\/fr\/wp-json\/wp\/v2\/posts\/38965\/revisions"}],"predecessor-version":[{"id":39095,"href":"https:\/\/www.organisator.ch\/fr\/wp-json\/wp\/v2\/posts\/38965\/revisions\/39095"}],"wp:featuredmedia":[{"embeddable":true,"href":"https:\/\/www.organisator.ch\/fr\/wp-json\/wp\/v2\/media\/39093"}],"wp:attachment":[{"href":"https:\/\/www.organisator.ch\/fr\/wp-json\/wp\/v2\/media?parent=38965"}],"wp:term":[{"taxonomy":"category","embeddable":true,"href":"https:\/\/www.organisator.ch\/fr\/wp-json\/wp\/v2\/categories?post=38965"},{"taxonomy":"post_tag","embeddable":true,"href":"https:\/\/www.organisator.ch\/fr\/wp-json\/wp\/v2\/tags?post=38965"}],"curies":[{"name":"wp","href":"https:\/\/api.w.org\/{rel}","templated":true}]}}