{"id":38970,"date":"2025-06-20T03:43:39","date_gmt":"2025-06-20T01:43:39","guid":{"rendered":"https:\/\/www.organisator.ch\/de\/?p=38970"},"modified":"2025-06-17T17:04:09","modified_gmt":"2025-06-17T15:04:09","slug":"biodiversitaet-messen-um-besser-investieren-zu-koennen","status":"publish","type":"post","link":"https:\/\/www.organisator.ch\/fr\/sustainability\/2025-06-20\/biodiversitaet-messen-um-besser-investieren-zu-koennen\/","title":{"rendered":"Mesurer la biodiversit\u00e9 pour mieux investir"},"content":{"rendered":"<div class=\"swpm-post-not-logged-in-msg\">Vous devez \u00eatre connect\u00e9 pour voir ce contenu. Veuillez <a class=\"swpm-login-link\" href=\"https:\/\/www.organisator.ch\/login\/\">Se connecter<\/a>. Pas un membre ? <a href=\"https:\/\/www.organisator.ch\/shop\/\">Nous Rejoindre<\/a><\/div>","protected":false},"excerpt":{"rendered":"<p>La biodiversit\u00e9 devient un facteur de plus en plus important sur les march\u00e9s financiers. Certains parlent d'un tournant sur les march\u00e9s boursiers, d'autant plus que les cours des entreprises qui laissent une grande empreinte sur la biodiversit\u00e9 sont sous pression. Mais que signifie r\u00e9ellement la \"biodiversit\u00e9\" et \u00e0 quoi peut-on attribuer sa valeur pour les investissements ?<\/p>","protected":false},"author":1,"featured_media":38969,"comment_status":"closed","ping_status":"closed","sticky":false,"template":"","format":"standard","meta":{"_acf_changed":false,"_yoast_wpseo_focuskw":"Biodiversit\u00e4t","_yoast_wpseo_metadesc":"Die Biodiversit\u00e4t wird immer mehr zu einem gewichtigen Faktor an den Finanzm\u00e4rkten.","articlekey":"161845","footnotes":""},"categories":[578,580],"tags":[829,3419,358],"class_list":["post-38970","post","type-post","status-publish","format-standard","has-post-thumbnail","hentry","category-abo","category-sustainability","tag-biodiversitaet","tag-geldanlagen","tag-nachhaltige-wirtschaft"],"acf":[],"yoast_head":"<!-- This site is optimized with the Yoast SEO plugin v27.4 - https:\/\/yoast.com\/product\/yoast-seo-wordpress\/ -->\n<title>Biodiversit\u00e4t messen, um besser investieren zu k\u00f6nnen - Organisator<\/title>\n<meta name=\"description\" content=\"Die Biodiversit\u00e4t wird immer mehr zu einem gewichtigen Faktor an den Finanzm\u00e4rkten.\" \/>\n<meta name=\"robots\" content=\"index, follow, max-snippet:-1, max-image-preview:large, max-video-preview:-1\" \/>\n<link rel=\"canonical\" href=\"https:\/\/www.organisator.ch\/fr\/sustainability\/2025-06-20\/biodiversitaet-messen-um-besser-investieren-zu-koennen\/\" \/>\n<meta property=\"og:locale\" content=\"fr_FR\" \/>\n<meta property=\"og:type\" content=\"article\" \/>\n<meta property=\"og:title\" content=\"Biodiversit\u00e4t messen, um besser investieren zu k\u00f6nnen - Organisator\" \/>\n<meta property=\"og:description\" content=\"Die Biodiversit\u00e4t wird immer mehr zu einem gewichtigen Faktor an den Finanzm\u00e4rkten.\" \/>\n<meta property=\"og:url\" content=\"https:\/\/www.organisator.ch\/fr\/sustainability\/2025-06-20\/biodiversitaet-messen-um-besser-investieren-zu-koennen\/\" \/>\n<meta property=\"og:site_name\" content=\"Organisator\" \/>\n<meta property=\"article:publisher\" content=\"https:\/\/www.facebook.com\/OrganisatorFachmagazin\" \/>\n<meta property=\"article:published_time\" content=\"2025-06-20T01:43:39+00:00\" \/>\n<meta property=\"og:image\" content=\"https:\/\/www.organisator.ch\/wp-content\/uploads\/2025\/06\/Sustainability_Robeco_Bild_organisator_161895.jpg\" \/>\n\t<meta property=\"og:image:width\" content=\"1240\" \/>\n\t<meta property=\"og:image:height\" content=\"1023\" \/>\n\t<meta property=\"og:image:type\" content=\"image\/jpeg\" \/>\n<meta name=\"author\" content=\"admin\" \/>\n<meta name=\"twitter:card\" content=\"summary_large_image\" \/>\n<script type=\"application\/ld+json\" class=\"yoast-schema-graph\">{\"@context\":\"https:\\\/\\\/schema.org\",\"@graph\":[{\"@type\":\"Article\",\"@id\":\"https:\\\/\\\/www.organisator.ch\\\/sustainability\\\/2025-06-20\\\/biodiversitaet-messen-um-besser-investieren-zu-koennen\\\/#article\",\"isPartOf\":{\"@id\":\"https:\\\/\\\/www.organisator.ch\\\/sustainability\\\/2025-06-20\\\/biodiversitaet-messen-um-besser-investieren-zu-koennen\\\/\"},\"author\":{\"name\":\"admin\",\"@id\":\"https:\\\/\\\/www.organisator.ch\\\/#\\\/schema\\\/person\\\/aa2bace6c5c5aad60102004a50c4eb1c\"},\"headline\":\"Biodiversit\u00e4t messen, um besser investieren zu k\u00f6nnen\",\"datePublished\":\"2025-06-20T01:43:39+00:00\",\"mainEntityOfPage\":{\"@id\":\"https:\\\/\\\/www.organisator.ch\\\/sustainability\\\/2025-06-20\\\/biodiversitaet-messen-um-besser-investieren-zu-koennen\\\/\"},\"wordCount\":732,\"publisher\":{\"@id\":\"https:\\\/\\\/www.organisator.ch\\\/#organization\"},\"image\":{\"@id\":\"https:\\\/\\\/www.organisator.ch\\\/sustainability\\\/2025-06-20\\\/biodiversitaet-messen-um-besser-investieren-zu-koennen\\\/#primaryimage\"},\"thumbnailUrl\":\"https:\\\/\\\/www.organisator.ch\\\/wp-content\\\/uploads\\\/2025\\\/06\\\/Sustainability_Robeco_Bild_organisator_161895.jpg\",\"keywords\":[\"Biodiversit\u00e4t\",\"Geldanlagen\",\"Nachhaltige Wirtschaft\"],\"articleSection\":[\"ABO+\",\"SUSTAINABILITY\"],\"inLanguage\":\"fr-FR\"},{\"@type\":\"WebPage\",\"@id\":\"https:\\\/\\\/www.organisator.ch\\\/sustainability\\\/2025-06-20\\\/biodiversitaet-messen-um-besser-investieren-zu-koennen\\\/\",\"url\":\"https:\\\/\\\/www.organisator.ch\\\/sustainability\\\/2025-06-20\\\/biodiversitaet-messen-um-besser-investieren-zu-koennen\\\/\",\"name\":\"Biodiversit\u00e4t messen, um besser investieren zu k\u00f6nnen - Organisator\",\"isPartOf\":{\"@id\":\"https:\\\/\\\/www.organisator.ch\\\/#website\"},\"primaryImageOfPage\":{\"@id\":\"https:\\\/\\\/www.organisator.ch\\\/sustainability\\\/2025-06-20\\\/biodiversitaet-messen-um-besser-investieren-zu-koennen\\\/#primaryimage\"},\"image\":{\"@id\":\"https:\\\/\\\/www.organisator.ch\\\/sustainability\\\/2025-06-20\\\/biodiversitaet-messen-um-besser-investieren-zu-koennen\\\/#primaryimage\"},\"thumbnailUrl\":\"https:\\\/\\\/www.organisator.ch\\\/wp-content\\\/uploads\\\/2025\\\/06\\\/Sustainability_Robeco_Bild_organisator_161895.jpg\",\"datePublished\":\"2025-06-20T01:43:39+00:00\",\"description\":\"Die Biodiversit\u00e4t wird immer mehr zu einem gewichtigen Faktor an den Finanzm\u00e4rkten.\",\"breadcrumb\":{\"@id\":\"https:\\\/\\\/www.organisator.ch\\\/sustainability\\\/2025-06-20\\\/biodiversitaet-messen-um-besser-investieren-zu-koennen\\\/#breadcrumb\"},\"inLanguage\":\"fr-FR\",\"potentialAction\":[{\"@type\":\"ReadAction\",\"target\":[\"https:\\\/\\\/www.organisator.ch\\\/sustainability\\\/2025-06-20\\\/biodiversitaet-messen-um-besser-investieren-zu-koennen\\\/\"]}]},{\"@type\":\"ImageObject\",\"inLanguage\":\"fr-FR\",\"@id\":\"https:\\\/\\\/www.organisator.ch\\\/sustainability\\\/2025-06-20\\\/biodiversitaet-messen-um-besser-investieren-zu-koennen\\\/#primaryimage\",\"url\":\"https:\\\/\\\/www.organisator.ch\\\/wp-content\\\/uploads\\\/2025\\\/06\\\/Sustainability_Robeco_Bild_organisator_161895.jpg\",\"contentUrl\":\"https:\\\/\\\/www.organisator.ch\\\/wp-content\\\/uploads\\\/2025\\\/06\\\/Sustainability_Robeco_Bild_organisator_161895.jpg\",\"width\":1240,\"height\":1023,\"caption\":\"Die Biodiversit\u00e4t r\u00fcckt st\u00e4rker in den Fokus von Investoren. \u00a9 Scotty Turner \\\/ Unsplash.com\"},{\"@type\":\"BreadcrumbList\",\"@id\":\"https:\\\/\\\/www.organisator.ch\\\/sustainability\\\/2025-06-20\\\/biodiversitaet-messen-um-besser-investieren-zu-koennen\\\/#breadcrumb\",\"itemListElement\":[{\"@type\":\"ListItem\",\"position\":1,\"name\":\"Home\",\"item\":\"https:\\\/\\\/www.organisator.ch\\\/\"},{\"@type\":\"ListItem\",\"position\":2,\"name\":\"Biodiversit\u00e4t messen, um besser investieren zu k\u00f6nnen\"}]},{\"@type\":\"WebSite\",\"@id\":\"https:\\\/\\\/www.organisator.ch\\\/#website\",\"url\":\"https:\\\/\\\/www.organisator.ch\\\/\",\"name\":\"Organisator\",\"description\":\"Kompetent. Praxisnah. Der ORGANISATOR bereitet in 10 Ausgaben pro Jahr die wesentlichen Themen f\u00fcr F\u00fchrungskr\u00e4fte von KMU auf.\",\"publisher\":{\"@id\":\"https:\\\/\\\/www.organisator.ch\\\/#organization\"},\"potentialAction\":[{\"@type\":\"SearchAction\",\"target\":{\"@type\":\"EntryPoint\",\"urlTemplate\":\"https:\\\/\\\/www.organisator.ch\\\/?s={search_term_string}\"},\"query-input\":{\"@type\":\"PropertyValueSpecification\",\"valueRequired\":true,\"valueName\":\"search_term_string\"}}],\"inLanguage\":\"fr-FR\"},{\"@type\":\"Organization\",\"@id\":\"https:\\\/\\\/www.organisator.ch\\\/#organization\",\"name\":\"Organisator\",\"url\":\"https:\\\/\\\/www.organisator.ch\\\/\",\"logo\":{\"@type\":\"ImageObject\",\"inLanguage\":\"fr-FR\",\"@id\":\"https:\\\/\\\/www.organisator.ch\\\/#\\\/schema\\\/logo\\\/image\\\/\",\"url\":\"https:\\\/\\\/www.organisator.ch\\\/wp-content\\\/uploads\\\/2022\\\/01\\\/Logo_Organisator_Website.png\",\"contentUrl\":\"https:\\\/\\\/www.organisator.ch\\\/wp-content\\\/uploads\\\/2022\\\/01\\\/Logo_Organisator_Website.png\",\"width\":800,\"height\":77,\"caption\":\"Organisator\"},\"image\":{\"@id\":\"https:\\\/\\\/www.organisator.ch\\\/#\\\/schema\\\/logo\\\/image\\\/\"},\"sameAs\":[\"https:\\\/\\\/www.facebook.com\\\/OrganisatorFachmagazin\",\"https:\\\/\\\/www.linkedin.com\\\/showcase\\\/organisator-das-magazin-fr-kmu\",\"https:\\\/\\\/www.xing.com\\\/news\\\/pages\\\/organisator-ch-695\",\"https:\\\/\\\/www.youtube.com\\\/channel\\\/UCGP2Sq0iWaZwT3BdIAQFYpw\"]},{\"@type\":\"Person\",\"@id\":\"https:\\\/\\\/www.organisator.ch\\\/#\\\/schema\\\/person\\\/aa2bace6c5c5aad60102004a50c4eb1c\",\"name\":\"admin\",\"image\":{\"@type\":\"ImageObject\",\"inLanguage\":\"fr-FR\",\"@id\":\"https:\\\/\\\/secure.gravatar.com\\\/avatar\\\/ae2f4d718e6c49043e314ce431e7e645d646302a24a5ef5a8bc8e3f5a032e319?s=96&d=mm&r=g\",\"url\":\"https:\\\/\\\/secure.gravatar.com\\\/avatar\\\/ae2f4d718e6c49043e314ce431e7e645d646302a24a5ef5a8bc8e3f5a032e319?s=96&d=mm&r=g\",\"contentUrl\":\"https:\\\/\\\/secure.gravatar.com\\\/avatar\\\/ae2f4d718e6c49043e314ce431e7e645d646302a24a5ef5a8bc8e3f5a032e319?s=96&d=mm&r=g\",\"caption\":\"admin\"},\"sameAs\":[\"https:\\\/\\\/www.organisator.ch\"],\"url\":\"https:\\\/\\\/www.organisator.ch\\\/fr\\\/author\\\/admin\\\/\"}]}<\/script>\n<!-- \/ Yoast SEO plugin. -->","yoast_head_json":{"title":"Mesurer la biodiversit\u00e9 pour mieux investir - Organisateur","description":"La biodiversit\u00e9 devient un facteur de plus en plus important sur les march\u00e9s financiers.","robots":{"index":"index","follow":"follow","max-snippet":"max-snippet:-1","max-image-preview":"max-image-preview:large","max-video-preview":"max-video-preview:-1"},"canonical":"https:\/\/www.organisator.ch\/fr\/sustainability\/2025-06-20\/biodiversitaet-messen-um-besser-investieren-zu-koennen\/","og_locale":"fr_FR","og_type":"article","og_title":"Biodiversit\u00e4t messen, um besser investieren zu k\u00f6nnen - Organisator","og_description":"Die Biodiversit\u00e4t wird immer mehr zu einem gewichtigen Faktor an den Finanzm\u00e4rkten.","og_url":"https:\/\/www.organisator.ch\/fr\/sustainability\/2025-06-20\/biodiversitaet-messen-um-besser-investieren-zu-koennen\/","og_site_name":"Organisator","article_publisher":"https:\/\/www.facebook.com\/OrganisatorFachmagazin","article_published_time":"2025-06-20T01:43:39+00:00","og_image":[{"width":1240,"height":1023,"url":"https:\/\/www.organisator.ch\/wp-content\/uploads\/2025\/06\/Sustainability_Robeco_Bild_organisator_161895.jpg","type":"image\/jpeg"}],"author":"admin","twitter_card":"summary_large_image","schema":{"@context":"https:\/\/schema.org","@graph":[{"@type":"Article","@id":"https:\/\/www.organisator.ch\/sustainability\/2025-06-20\/biodiversitaet-messen-um-besser-investieren-zu-koennen\/#article","isPartOf":{"@id":"https:\/\/www.organisator.ch\/sustainability\/2025-06-20\/biodiversitaet-messen-um-besser-investieren-zu-koennen\/"},"author":{"name":"admin","@id":"https:\/\/www.organisator.ch\/#\/schema\/person\/aa2bace6c5c5aad60102004a50c4eb1c"},"headline":"Biodiversit\u00e4t messen, um besser investieren zu k\u00f6nnen","datePublished":"2025-06-20T01:43:39+00:00","mainEntityOfPage":{"@id":"https:\/\/www.organisator.ch\/sustainability\/2025-06-20\/biodiversitaet-messen-um-besser-investieren-zu-koennen\/"},"wordCount":732,"publisher":{"@id":"https:\/\/www.organisator.ch\/#organization"},"image":{"@id":"https:\/\/www.organisator.ch\/sustainability\/2025-06-20\/biodiversitaet-messen-um-besser-investieren-zu-koennen\/#primaryimage"},"thumbnailUrl":"https:\/\/www.organisator.ch\/wp-content\/uploads\/2025\/06\/Sustainability_Robeco_Bild_organisator_161895.jpg","keywords":["Biodiversit\u00e4t","Geldanlagen","Nachhaltige Wirtschaft"],"articleSection":["ABO+","SUSTAINABILITY"],"inLanguage":"fr-FR"},{"@type":"WebPage","@id":"https:\/\/www.organisator.ch\/sustainability\/2025-06-20\/biodiversitaet-messen-um-besser-investieren-zu-koennen\/","url":"https:\/\/www.organisator.ch\/sustainability\/2025-06-20\/biodiversitaet-messen-um-besser-investieren-zu-koennen\/","name":"Mesurer la biodiversit\u00e9 pour mieux investir - Organisateur","isPartOf":{"@id":"https:\/\/www.organisator.ch\/#website"},"primaryImageOfPage":{"@id":"https:\/\/www.organisator.ch\/sustainability\/2025-06-20\/biodiversitaet-messen-um-besser-investieren-zu-koennen\/#primaryimage"},"image":{"@id":"https:\/\/www.organisator.ch\/sustainability\/2025-06-20\/biodiversitaet-messen-um-besser-investieren-zu-koennen\/#primaryimage"},"thumbnailUrl":"https:\/\/www.organisator.ch\/wp-content\/uploads\/2025\/06\/Sustainability_Robeco_Bild_organisator_161895.jpg","datePublished":"2025-06-20T01:43:39+00:00","description":"La biodiversit\u00e9 devient un facteur de plus en plus important sur les march\u00e9s financiers.","breadcrumb":{"@id":"https:\/\/www.organisator.ch\/sustainability\/2025-06-20\/biodiversitaet-messen-um-besser-investieren-zu-koennen\/#breadcrumb"},"inLanguage":"fr-FR","potentialAction":[{"@type":"ReadAction","target":["https:\/\/www.organisator.ch\/sustainability\/2025-06-20\/biodiversitaet-messen-um-besser-investieren-zu-koennen\/"]}]},{"@type":"ImageObject","inLanguage":"fr-FR","@id":"https:\/\/www.organisator.ch\/sustainability\/2025-06-20\/biodiversitaet-messen-um-besser-investieren-zu-koennen\/#primaryimage","url":"https:\/\/www.organisator.ch\/wp-content\/uploads\/2025\/06\/Sustainability_Robeco_Bild_organisator_161895.jpg","contentUrl":"https:\/\/www.organisator.ch\/wp-content\/uploads\/2025\/06\/Sustainability_Robeco_Bild_organisator_161895.jpg","width":1240,"height":1023,"caption":"Die Biodiversit\u00e4t r\u00fcckt st\u00e4rker in den Fokus von Investoren. \u00a9 Scotty Turner \/ Unsplash.com"},{"@type":"BreadcrumbList","@id":"https:\/\/www.organisator.ch\/sustainability\/2025-06-20\/biodiversitaet-messen-um-besser-investieren-zu-koennen\/#breadcrumb","itemListElement":[{"@type":"ListItem","position":1,"name":"Home","item":"https:\/\/www.organisator.ch\/"},{"@type":"ListItem","position":2,"name":"Biodiversit\u00e4t messen, um besser investieren zu k\u00f6nnen"}]},{"@type":"WebSite","@id":"https:\/\/www.organisator.ch\/#website","url":"https:\/\/www.organisator.ch\/","name":"Organisateur","description":"Comp\u00e9tence et comp\u00e9tence. Proches de la pratique. L'ORGANISATEUR pr\u00e9pare 10 num\u00e9ros par an sur les th\u00e8mes essentiels pour les dirigeants de PME.","publisher":{"@id":"https:\/\/www.organisator.ch\/#organization"},"potentialAction":[{"@type":"SearchAction","target":{"@type":"EntryPoint","urlTemplate":"https:\/\/www.organisator.ch\/?s={search_term_string}"},"query-input":{"@type":"PropertyValueSpecification","valueRequired":true,"valueName":"search_term_string"}}],"inLanguage":"fr-FR"},{"@type":"Organization","@id":"https:\/\/www.organisator.ch\/#organization","name":"Organisateur","url":"https:\/\/www.organisator.ch\/","logo":{"@type":"ImageObject","inLanguage":"fr-FR","@id":"https:\/\/www.organisator.ch\/#\/schema\/logo\/image\/","url":"https:\/\/www.organisator.ch\/wp-content\/uploads\/2022\/01\/Logo_Organisator_Website.png","contentUrl":"https:\/\/www.organisator.ch\/wp-content\/uploads\/2022\/01\/Logo_Organisator_Website.png","width":800,"height":77,"caption":"Organisator"},"image":{"@id":"https:\/\/www.organisator.ch\/#\/schema\/logo\/image\/"},"sameAs":["https:\/\/www.facebook.com\/OrganisatorFachmagazin","https:\/\/www.linkedin.com\/showcase\/organisator-das-magazin-fr-kmu","https:\/\/www.xing.com\/news\/pages\/organisator-ch-695","https:\/\/www.youtube.com\/channel\/UCGP2Sq0iWaZwT3BdIAQFYpw"]},{"@type":"Person","@id":"https:\/\/www.organisator.ch\/#\/schema\/person\/aa2bace6c5c5aad60102004a50c4eb1c","name":"admin","image":{"@type":"ImageObject","inLanguage":"fr-FR","@id":"https:\/\/secure.gravatar.com\/avatar\/ae2f4d718e6c49043e314ce431e7e645d646302a24a5ef5a8bc8e3f5a032e319?s=96&d=mm&r=g","url":"https:\/\/secure.gravatar.com\/avatar\/ae2f4d718e6c49043e314ce431e7e645d646302a24a5ef5a8bc8e3f5a032e319?s=96&d=mm&r=g","contentUrl":"https:\/\/secure.gravatar.com\/avatar\/ae2f4d718e6c49043e314ce431e7e645d646302a24a5ef5a8bc8e3f5a032e319?s=96&d=mm&r=g","caption":"admin"},"sameAs":["https:\/\/www.organisator.ch"],"url":"https:\/\/www.organisator.ch\/fr\/author\/admin\/"}]}},"_links":{"self":[{"href":"https:\/\/www.organisator.ch\/fr\/wp-json\/wp\/v2\/posts\/38970","targetHints":{"allow":["GET"]}}],"collection":[{"href":"https:\/\/www.organisator.ch\/fr\/wp-json\/wp\/v2\/posts"}],"about":[{"href":"https:\/\/www.organisator.ch\/fr\/wp-json\/wp\/v2\/types\/post"}],"author":[{"embeddable":true,"href":"https:\/\/www.organisator.ch\/fr\/wp-json\/wp\/v2\/users\/1"}],"replies":[{"embeddable":true,"href":"https:\/\/www.organisator.ch\/fr\/wp-json\/wp\/v2\/comments?post=38970"}],"version-history":[{"count":2,"href":"https:\/\/www.organisator.ch\/fr\/wp-json\/wp\/v2\/posts\/38970\/revisions"}],"predecessor-version":[{"id":39081,"href":"https:\/\/www.organisator.ch\/fr\/wp-json\/wp\/v2\/posts\/38970\/revisions\/39081"}],"wp:featuredmedia":[{"embeddable":true,"href":"https:\/\/www.organisator.ch\/fr\/wp-json\/wp\/v2\/media\/38969"}],"wp:attachment":[{"href":"https:\/\/www.organisator.ch\/fr\/wp-json\/wp\/v2\/media?parent=38970"}],"wp:term":[{"taxonomy":"category","embeddable":true,"href":"https:\/\/www.organisator.ch\/fr\/wp-json\/wp\/v2\/categories?post=38970"},{"taxonomy":"post_tag","embeddable":true,"href":"https:\/\/www.organisator.ch\/fr\/wp-json\/wp\/v2\/tags?post=38970"}],"curies":[{"name":"wp","href":"https:\/\/api.w.org\/{rel}","templated":true}]}}