{"id":3898,"date":"2018-07-04T10:29:46","date_gmt":"2018-07-04T08:29:46","guid":{"rendered":"https:\/\/www.organisator.ch\/?p=3898"},"modified":"2018-07-04T10:29:46","modified_gmt":"2018-07-04T08:29:46","slug":"schweizer-kmu-tag-2018-kmu-und-entscheidungen-was-im-alltag-wirklich-zaehlt","status":"publish","type":"post","link":"https:\/\/www.organisator.ch\/fr\/management\/2018-07-04\/schweizer-kmu-tag-2018-kmu-und-entscheidungen-was-im-alltag-wirklich-zaehlt\/","title":{"rendered":"Journ\u00e9e suisse des PME 2018 : PME et d\u00e9cisions - ce qui compte (vraiment) au quotidien"},"content":{"rendered":"<figure id=\"attachment_3899\" aria-describedby=\"caption-attachment-3899\" style=\"width: 640px\" class=\"wp-caption alignnone\"><img loading=\"lazy\" decoding=\"async\" class=\"size-full wp-image-3899\" src=\"https:\/\/www.organisator.ch\/wp-content\/uploads\/2018\/07\/Schweizer-KMU-Tag-2018-KMU-und-Entscheidungen-was-im-Alltag-wirklich-zaehlt_Organisator.jpg\" alt=\"\" width=\"640\" height=\"397\" srcset=\"https:\/\/www.organisator.ch\/wp-content\/uploads\/2018\/07\/Schweizer-KMU-Tag-2018-KMU-und-Entscheidungen-was-im-Alltag-wirklich-zaehlt_Organisator.jpg 640w, https:\/\/www.organisator.ch\/wp-content\/uploads\/2018\/07\/Schweizer-KMU-Tag-2018-KMU-und-Entscheidungen-was-im-Alltag-wirklich-zaehlt_Organisator-16x10.jpg 16w, https:\/\/www.organisator.ch\/wp-content\/uploads\/2018\/07\/Schweizer-KMU-Tag-2018-KMU-und-Entscheidungen-was-im-Alltag-wirklich-zaehlt_Organisator-282x175.jpg 282w, https:\/\/www.organisator.ch\/wp-content\/uploads\/2018\/07\/Schweizer-KMU-Tag-2018-KMU-und-Entscheidungen-was-im-Alltag-wirklich-zaehlt_Organisator-564x350.jpg 564w, https:\/\/www.organisator.ch\/wp-content\/uploads\/2018\/07\/Schweizer-KMU-Tag-2018-KMU-und-Entscheidungen-was-im-Alltag-wirklich-zaehlt_Organisator-300x186.jpg 300w\" sizes=\"auto, (max-width: 640px) 100vw, 640px\" \/><figcaption id=\"caption-attachment-3899\" class=\"wp-caption-text\">Ils donnent des conf\u00e9rences et discutent lors de la Journ\u00e9e suisse des PME 2018, (en haut de gauche \u00e0 droite) : Tobias Wolf, Myriam Locher, Elgar Fleisch, Hansj\u00f6rg Hinrichs, Miriam Baumann-Blocher, Rolf Dobelli, Markus Merk et Bernard Thurnheer.<\/figcaption><\/figure>\n<p>Saint-Gall devient une fois par an le lieu de rencontre des PME suisses - cette ann\u00e9e pour la seizi\u00e8me fois d\u00e9j\u00e0. Cette ann\u00e9e encore, la Journ\u00e9e suisse des PME met l'accent sur les d\u00e9fis actuels auxquels sont confront\u00e9es les petites et moyennes entreprises (PME) : \u00e0 quoi les PME doivent-elles faire attention, comment prennent-elles leurs d\u00e9cisions et dans quelle mesure peuvent-elles \u00eatre s\u00fbres de leur choix - autant de questions qui seront abord\u00e9es par des intervenants sp\u00e9cialis\u00e9s.<\/p>\n<h2><strong>Transformer et retourner<\/strong><\/h2>\n<p>Apr\u00e8s l'introduction \u00e0 la Journ\u00e9e PME de cette ann\u00e9e par l'h\u00f4te Tobias Wolf, Elgar Fleisch, chercheur dans l'\"Internet des objets\", expliquera son th\u00e8me \"le ventre num\u00e9rique\". Miriam Baumann-Blocher, directrice et pr\u00e9sidente du CA de L\u00e4ckerli Huus AG, abordera l'aspect \"tradition versus innovation\". Apr\u00e8s le d\u00e9jeuner, Myriam Locher, fondatrice et CEO de Bettermind, parlera de \"la mani\u00e8re dont l'intelligence artificielle nous apprend \u00e0 penser plus grand\". Suivra l'expos\u00e9 \"Comment d\u00e9cide-t-on dans les mers du Sud ?\" de Hansj\u00f6rg Hinrichs, propri\u00e9taire de \"Pacific Society\". \"L'art de penser clairement\" nous r\u00e9v\u00e8le Rolf Dobelli, auteur, tandis que l'ancien arbitre de football Markus Merk conclut la conf\u00e9rence par \"Se (re)d\u00e9cider\".<\/p>\n<h2><strong>Les PME suisses ne sont jamais aussi proches les unes des autres.<\/strong><\/h2>\n<p>La Journ\u00e9e suisse des PME est une plate-forme \u00e9tablie et tr\u00e8s demand\u00e9e pour l'\u00e9change d'entrepreneurs et de cadres de PME suisses - selon la devise \"Aucune r\u00e9union ne rapproche les PME suisses\". D'importantes institutions ont pris en charge le patronage de la Journ\u00e9e suisse des PME : L'Union suisse des arts et m\u00e9tiers (USAM), economiesuisse, la Chambre de commerce et d'industrie de Saint-Gall-Appenzell ainsi que l'Union cantonale des arts et m\u00e9tiers de Saint-Gall. L'\u00e9v\u00e9nement est soutenu par une s\u00e9rie de co-sponsors et de sponsors principaux de longue date, pour lesquels les pr\u00e9occupations des PME sont tr\u00e8s importantes : Raiffeisen, Helvetia, ABACUS, OBT et Swisscom ainsi que de nombreuses PME du secteur de l'industrie et des services.<\/p>\n<p>La manifestation est propos\u00e9e et organis\u00e9e par l'Institut suisse pour petites et moyennes entreprises de l'Universit\u00e9 de Saint-Gall (KMU-HSG) et par l'agence alea iacta ag. L'inscription \u00e0 la Journ\u00e9e suisse des PME est d\u00e8s \u00e0 pr\u00e9sent possible via <a href=\"http:\/\/www.kmu-tag.ch\/Anmeldung\">http:\/\/www.kmu-tag.ch\/Anmeldung<\/a> possible. Ces derni\u00e8res ann\u00e9es, l'\u00e9v\u00e9nement a toujours affich\u00e9 complet tr\u00e8s t\u00f4t.<\/p>","protected":false},"excerpt":{"rendered":"<p>St.Gallen wird einmal im Jahr zum Treffpunkt der Schweizer KMU \u2013 in diesem Jahr bereits zum sechzehnten Mal. Der Schweizer KMU-Tag stellt auch dieses Jahr die aktuellen Herausforderungen f\u00fcr Klein- und Mittelunternehmen (KMU) in den Fokus: Worauf m\u00fcssen KMU achten, wie treffen sie Entscheidungen und wie sicher k\u00f6nnen sie sich dabei sein \u2013 dar\u00fcber sprechen [&hellip;]<\/p>\n","protected":false},"author":4,"featured_media":3899,"comment_status":"open","ping_status":"open","sticky":false,"template":"","format":"standard","meta":{"_acf_changed":false,"_yoast_wpseo_focuskw":"Schweizer KMU-Tag","_yoast_wpseo_metadesc":"Der Schweizer KMU-Tag befasst sich am 26. Oktober 2018 mit dem Thema \u00abKMU und Entscheidungen \u2013 was im Alltag (wirklich) z\u00e4hlt\u00bb.","articlekey":"","footnotes":""},"categories":[28],"tags":[275,335,502],"class_list":["post-3898","post","type-post","status-publish","format-standard","has-post-thumbnail","hentry","category-management","tag-institutionen","tag-management-und-unternehmensfuehrung","tag-veranstaltungen"],"acf":[],"yoast_head":"<!-- This site is optimized with the Yoast SEO plugin v27.5 - https:\/\/yoast.com\/product\/yoast-seo-wordpress\/ -->\n<title>Schweizer KMU-Tag 2018: KMU und Entscheidungen \u2013 was im Alltag (wirklich) z\u00e4hlt - Organisator<\/title>\n<meta name=\"description\" content=\"Der Schweizer KMU-Tag befasst sich am 26. Oktober 2018 mit dem Thema \u00abKMU und Entscheidungen \u2013 was im Alltag (wirklich) z\u00e4hlt\u00bb.\" \/>\n<meta name=\"robots\" content=\"index, follow, max-snippet:-1, max-image-preview:large, max-video-preview:-1\" \/>\n<link rel=\"canonical\" href=\"https:\/\/www.organisator.ch\/fr\/gestion-2\/2018-07-04\/schweizer-kmu-tag-2018-kmu-und-entscheidungen-was-im-alltag-wirklich-zaehlt\/\" \/>\n<meta property=\"og:locale\" content=\"fr_FR\" \/>\n<meta property=\"og:type\" content=\"article\" \/>\n<meta property=\"og:title\" content=\"Schweizer KMU-Tag 2018: KMU und Entscheidungen \u2013 was im Alltag (wirklich) z\u00e4hlt\" \/>\n<meta property=\"og:description\" content=\"Der Schweizer KMU-Tag befasst sich am 26. Oktober 2018 mit dem Thema \u00abKMU und Entscheidungen \u2013 was im Alltag (wirklich) z\u00e4hlt\u00bb.\" \/>\n<meta property=\"og:url\" content=\"https:\/\/www.organisator.ch\/fr\/gestion-2\/2018-07-04\/schweizer-kmu-tag-2018-kmu-und-entscheidungen-was-im-alltag-wirklich-zaehlt\/\" \/>\n<meta property=\"og:site_name\" content=\"Organisator\" \/>\n<meta property=\"article:publisher\" content=\"https:\/\/www.facebook.com\/OrganisatorFachmagazin\" \/>\n<meta property=\"article:published_time\" content=\"2018-07-04T08:29:46+00:00\" \/>\n<meta property=\"og:image\" content=\"https:\/\/www.organisator.ch\/wp-content\/uploads\/2018\/07\/Schweizer-KMU-Tag-2018-KMU-und-Entscheidungen-was-im-Alltag-wirklich-zaehlt_Organisator.jpg\" \/>\n\t<meta property=\"og:image:width\" content=\"640\" \/>\n\t<meta property=\"og:image:height\" content=\"397\" \/>\n\t<meta property=\"og:image:type\" content=\"image\/jpeg\" \/>\n<meta name=\"author\" content=\"thomas.berner\" \/>\n<meta name=\"twitter:card\" content=\"summary_large_image\" \/>\n<meta name=\"twitter:title\" content=\"Schweizer #KMU-Tag 2018: KMU und Entscheidungen \u2013 was im Alltag (wirklich) z\u00e4hlt\" \/>\n<meta name=\"twitter:description\" content=\"Der Schweizer #KMU-Tag befasst sich am 26. Oktober 2018 mit dem Thema \u00abKMU und Entscheidungen \u2013 was im Alltag (wirklich) z\u00e4hlt\u00bb.\" \/>\n<meta name=\"twitter:image\" content=\"https:\/\/www.organisator.ch\/wp-content\/uploads\/2018\/07\/Schweizer-KMU-Tag-2018-KMU-und-Entscheidungen-was-im-Alltag-wirklich-z\u00e4hlt_Organisator.jpg\" \/>\n<script type=\"application\/ld+json\" class=\"yoast-schema-graph\">{\"@context\":\"https:\\\/\\\/schema.org\",\"@graph\":[{\"@type\":\"Article\",\"@id\":\"https:\\\/\\\/www.organisator.ch\\\/management\\\/2018-07-04\\\/schweizer-kmu-tag-2018-kmu-und-entscheidungen-was-im-alltag-wirklich-zaehlt\\\/#article\",\"isPartOf\":{\"@id\":\"https:\\\/\\\/www.organisator.ch\\\/management\\\/2018-07-04\\\/schweizer-kmu-tag-2018-kmu-und-entscheidungen-was-im-alltag-wirklich-zaehlt\\\/\"},\"author\":{\"name\":\"thomas.berner\",\"@id\":\"https:\\\/\\\/www.organisator.ch\\\/#\\\/schema\\\/person\\\/6f650f90b2842cd4c0cc334b4e36f67e\"},\"headline\":\"Schweizer KMU-Tag 2018: KMU und Entscheidungen \u2013 was im Alltag (wirklich) z\u00e4hlt\",\"datePublished\":\"2018-07-04T08:29:46+00:00\",\"mainEntityOfPage\":{\"@id\":\"https:\\\/\\\/www.organisator.ch\\\/management\\\/2018-07-04\\\/schweizer-kmu-tag-2018-kmu-und-entscheidungen-was-im-alltag-wirklich-zaehlt\\\/\"},\"wordCount\":389,\"commentCount\":0,\"publisher\":{\"@id\":\"https:\\\/\\\/www.organisator.ch\\\/#organization\"},\"image\":{\"@id\":\"https:\\\/\\\/www.organisator.ch\\\/management\\\/2018-07-04\\\/schweizer-kmu-tag-2018-kmu-und-entscheidungen-was-im-alltag-wirklich-zaehlt\\\/#primaryimage\"},\"thumbnailUrl\":\"https:\\\/\\\/www.organisator.ch\\\/wp-content\\\/uploads\\\/2018\\\/07\\\/Schweizer-KMU-Tag-2018-KMU-und-Entscheidungen-was-im-Alltag-wirklich-zaehlt_Organisator.jpg\",\"keywords\":[\"Institutionen\",\"Management und Unternehmensf\u00fchrung\",\"Veranstaltungen\"],\"articleSection\":[\"MANAGEMENT\"],\"inLanguage\":\"fr-FR\"},{\"@type\":\"WebPage\",\"@id\":\"https:\\\/\\\/www.organisator.ch\\\/management\\\/2018-07-04\\\/schweizer-kmu-tag-2018-kmu-und-entscheidungen-was-im-alltag-wirklich-zaehlt\\\/\",\"url\":\"https:\\\/\\\/www.organisator.ch\\\/management\\\/2018-07-04\\\/schweizer-kmu-tag-2018-kmu-und-entscheidungen-was-im-alltag-wirklich-zaehlt\\\/\",\"name\":\"Schweizer KMU-Tag 2018: KMU und Entscheidungen \u2013 was im Alltag (wirklich) z\u00e4hlt - Organisator\",\"isPartOf\":{\"@id\":\"https:\\\/\\\/www.organisator.ch\\\/#website\"},\"primaryImageOfPage\":{\"@id\":\"https:\\\/\\\/www.organisator.ch\\\/management\\\/2018-07-04\\\/schweizer-kmu-tag-2018-kmu-und-entscheidungen-was-im-alltag-wirklich-zaehlt\\\/#primaryimage\"},\"image\":{\"@id\":\"https:\\\/\\\/www.organisator.ch\\\/management\\\/2018-07-04\\\/schweizer-kmu-tag-2018-kmu-und-entscheidungen-was-im-alltag-wirklich-zaehlt\\\/#primaryimage\"},\"thumbnailUrl\":\"https:\\\/\\\/www.organisator.ch\\\/wp-content\\\/uploads\\\/2018\\\/07\\\/Schweizer-KMU-Tag-2018-KMU-und-Entscheidungen-was-im-Alltag-wirklich-zaehlt_Organisator.jpg\",\"datePublished\":\"2018-07-04T08:29:46+00:00\",\"description\":\"Der Schweizer KMU-Tag befasst sich am 26. Oktober 2018 mit dem Thema \u00abKMU und Entscheidungen \u2013 was im Alltag (wirklich) z\u00e4hlt\u00bb.\",\"breadcrumb\":{\"@id\":\"https:\\\/\\\/www.organisator.ch\\\/management\\\/2018-07-04\\\/schweizer-kmu-tag-2018-kmu-und-entscheidungen-was-im-alltag-wirklich-zaehlt\\\/#breadcrumb\"},\"inLanguage\":\"fr-FR\",\"potentialAction\":[{\"@type\":\"ReadAction\",\"target\":[\"https:\\\/\\\/www.organisator.ch\\\/management\\\/2018-07-04\\\/schweizer-kmu-tag-2018-kmu-und-entscheidungen-was-im-alltag-wirklich-zaehlt\\\/\"]}]},{\"@type\":\"ImageObject\",\"inLanguage\":\"fr-FR\",\"@id\":\"https:\\\/\\\/www.organisator.ch\\\/management\\\/2018-07-04\\\/schweizer-kmu-tag-2018-kmu-und-entscheidungen-was-im-alltag-wirklich-zaehlt\\\/#primaryimage\",\"url\":\"https:\\\/\\\/www.organisator.ch\\\/wp-content\\\/uploads\\\/2018\\\/07\\\/Schweizer-KMU-Tag-2018-KMU-und-Entscheidungen-was-im-Alltag-wirklich-zaehlt_Organisator.jpg\",\"contentUrl\":\"https:\\\/\\\/www.organisator.ch\\\/wp-content\\\/uploads\\\/2018\\\/07\\\/Schweizer-KMU-Tag-2018-KMU-und-Entscheidungen-was-im-Alltag-wirklich-zaehlt_Organisator.jpg\",\"width\":640,\"height\":397,\"caption\":\"Sie referieren und diskutieren am Schweizer KMU-Tag 2018, (oben von links nach rechts): Tobias Wolf, Myriam Locher, Elgar Fleisch, Hansj\u00f6rg Hinrichs, Miriam Baumann-Blocher, Rolf Dobelli, Markus Merk und Bernard Thurnheer.\"},{\"@type\":\"BreadcrumbList\",\"@id\":\"https:\\\/\\\/www.organisator.ch\\\/management\\\/2018-07-04\\\/schweizer-kmu-tag-2018-kmu-und-entscheidungen-was-im-alltag-wirklich-zaehlt\\\/#breadcrumb\",\"itemListElement\":[{\"@type\":\"ListItem\",\"position\":1,\"name\":\"Home\",\"item\":\"https:\\\/\\\/www.organisator.ch\\\/\"},{\"@type\":\"ListItem\",\"position\":2,\"name\":\"Schweizer KMU-Tag 2018: KMU und Entscheidungen \u2013 was im Alltag (wirklich) z\u00e4hlt\"}]},{\"@type\":\"WebSite\",\"@id\":\"https:\\\/\\\/www.organisator.ch\\\/#website\",\"url\":\"https:\\\/\\\/www.organisator.ch\\\/\",\"name\":\"Organisator\",\"description\":\"Kompetent. Praxisnah. Der ORGANISATOR bereitet in 10 Ausgaben pro Jahr die wesentlichen Themen f\u00fcr F\u00fchrungskr\u00e4fte von KMU auf.\",\"publisher\":{\"@id\":\"https:\\\/\\\/www.organisator.ch\\\/#organization\"},\"potentialAction\":[{\"@type\":\"SearchAction\",\"target\":{\"@type\":\"EntryPoint\",\"urlTemplate\":\"https:\\\/\\\/www.organisator.ch\\\/?s={search_term_string}\"},\"query-input\":{\"@type\":\"PropertyValueSpecification\",\"valueRequired\":true,\"valueName\":\"search_term_string\"}}],\"inLanguage\":\"fr-FR\"},{\"@type\":\"Organization\",\"@id\":\"https:\\\/\\\/www.organisator.ch\\\/#organization\",\"name\":\"Organisator\",\"url\":\"https:\\\/\\\/www.organisator.ch\\\/\",\"logo\":{\"@type\":\"ImageObject\",\"inLanguage\":\"fr-FR\",\"@id\":\"https:\\\/\\\/www.organisator.ch\\\/#\\\/schema\\\/logo\\\/image\\\/\",\"url\":\"https:\\\/\\\/www.organisator.ch\\\/wp-content\\\/uploads\\\/2022\\\/01\\\/Logo_Organisator_Website.png\",\"contentUrl\":\"https:\\\/\\\/www.organisator.ch\\\/wp-content\\\/uploads\\\/2022\\\/01\\\/Logo_Organisator_Website.png\",\"width\":800,\"height\":77,\"caption\":\"Organisator\"},\"image\":{\"@id\":\"https:\\\/\\\/www.organisator.ch\\\/#\\\/schema\\\/logo\\\/image\\\/\"},\"sameAs\":[\"https:\\\/\\\/www.facebook.com\\\/OrganisatorFachmagazin\",\"https:\\\/\\\/www.linkedin.com\\\/showcase\\\/organisator-das-magazin-fr-kmu\",\"https:\\\/\\\/www.xing.com\\\/news\\\/pages\\\/organisator-ch-695\",\"https:\\\/\\\/www.youtube.com\\\/channel\\\/UCGP2Sq0iWaZwT3BdIAQFYpw\"]},{\"@type\":\"Person\",\"@id\":\"https:\\\/\\\/www.organisator.ch\\\/#\\\/schema\\\/person\\\/6f650f90b2842cd4c0cc334b4e36f67e\",\"name\":\"thomas.berner\",\"image\":{\"@type\":\"ImageObject\",\"inLanguage\":\"fr-FR\",\"@id\":\"https:\\\/\\\/secure.gravatar.com\\\/avatar\\\/ac5001d2a36cb6c6cd3e50789007ffca834b477b74a2144564522e944eabff61?s=96&d=mm&r=g\",\"url\":\"https:\\\/\\\/secure.gravatar.com\\\/avatar\\\/ac5001d2a36cb6c6cd3e50789007ffca834b477b74a2144564522e944eabff61?s=96&d=mm&r=g\",\"contentUrl\":\"https:\\\/\\\/secure.gravatar.com\\\/avatar\\\/ac5001d2a36cb6c6cd3e50789007ffca834b477b74a2144564522e944eabff61?s=96&d=mm&r=g\",\"caption\":\"thomas.berner\"},\"url\":\"https:\\\/\\\/www.organisator.ch\\\/fr\\\/author\\\/thomas-berner\\\/\"}]}<\/script>\n<!-- \/ Yoast SEO plugin. -->","yoast_head_json":{"title":"Journ\u00e9e suisse des PME 2018 : PME et d\u00e9cisions - ce qui compte (vraiment) au quotidien - Organisateur","description":"Le 26 octobre 2018, la Journ\u00e9e suisse des PME se penchera sur le th\u00e8me \"PME et d\u00e9cisions - ce qui compte (vraiment) au quotidien\".","robots":{"index":"index","follow":"follow","max-snippet":"max-snippet:-1","max-image-preview":"max-image-preview:large","max-video-preview":"max-video-preview:-1"},"canonical":"https:\/\/www.organisator.ch\/fr\/gestion-2\/2018-07-04\/schweizer-kmu-tag-2018-kmu-und-entscheidungen-was-im-alltag-wirklich-zaehlt\/","og_locale":"fr_FR","og_type":"article","og_title":"Schweizer KMU-Tag 2018: KMU und Entscheidungen \u2013 was im Alltag (wirklich) z\u00e4hlt","og_description":"Der Schweizer KMU-Tag befasst sich am 26. Oktober 2018 mit dem Thema \u00abKMU und Entscheidungen \u2013 was im Alltag (wirklich) z\u00e4hlt\u00bb.","og_url":"https:\/\/www.organisator.ch\/fr\/gestion-2\/2018-07-04\/schweizer-kmu-tag-2018-kmu-und-entscheidungen-was-im-alltag-wirklich-zaehlt\/","og_site_name":"Organisator","article_publisher":"https:\/\/www.facebook.com\/OrganisatorFachmagazin","article_published_time":"2018-07-04T08:29:46+00:00","og_image":[{"width":640,"height":397,"url":"https:\/\/www.organisator.ch\/wp-content\/uploads\/2018\/07\/Schweizer-KMU-Tag-2018-KMU-und-Entscheidungen-was-im-Alltag-wirklich-zaehlt_Organisator.jpg","type":"image\/jpeg"}],"author":"thomas.berner","twitter_card":"summary_large_image","twitter_title":"Schweizer #KMU-Tag 2018: KMU und Entscheidungen \u2013 was im Alltag (wirklich) z\u00e4hlt","twitter_description":"Der Schweizer #KMU-Tag befasst sich am 26. Oktober 2018 mit dem Thema \u00abKMU und Entscheidungen \u2013 was im Alltag (wirklich) z\u00e4hlt\u00bb.","twitter_image":"https:\/\/www.organisator.ch\/wp-content\/uploads\/2018\/07\/Schweizer-KMU-Tag-2018-KMU-und-Entscheidungen-was-im-Alltag-wirklich-z\u00e4hlt_Organisator.jpg","schema":{"@context":"https:\/\/schema.org","@graph":[{"@type":"Article","@id":"https:\/\/www.organisator.ch\/management\/2018-07-04\/schweizer-kmu-tag-2018-kmu-und-entscheidungen-was-im-alltag-wirklich-zaehlt\/#article","isPartOf":{"@id":"https:\/\/www.organisator.ch\/management\/2018-07-04\/schweizer-kmu-tag-2018-kmu-und-entscheidungen-was-im-alltag-wirklich-zaehlt\/"},"author":{"name":"thomas.berner","@id":"https:\/\/www.organisator.ch\/#\/schema\/person\/6f650f90b2842cd4c0cc334b4e36f67e"},"headline":"Schweizer KMU-Tag 2018: KMU und Entscheidungen \u2013 was im Alltag (wirklich) z\u00e4hlt","datePublished":"2018-07-04T08:29:46+00:00","mainEntityOfPage":{"@id":"https:\/\/www.organisator.ch\/management\/2018-07-04\/schweizer-kmu-tag-2018-kmu-und-entscheidungen-was-im-alltag-wirklich-zaehlt\/"},"wordCount":389,"commentCount":0,"publisher":{"@id":"https:\/\/www.organisator.ch\/#organization"},"image":{"@id":"https:\/\/www.organisator.ch\/management\/2018-07-04\/schweizer-kmu-tag-2018-kmu-und-entscheidungen-was-im-alltag-wirklich-zaehlt\/#primaryimage"},"thumbnailUrl":"https:\/\/www.organisator.ch\/wp-content\/uploads\/2018\/07\/Schweizer-KMU-Tag-2018-KMU-und-Entscheidungen-was-im-Alltag-wirklich-zaehlt_Organisator.jpg","keywords":["Institutionen","Management und Unternehmensf\u00fchrung","Veranstaltungen"],"articleSection":["MANAGEMENT"],"inLanguage":"fr-FR"},{"@type":"WebPage","@id":"https:\/\/www.organisator.ch\/management\/2018-07-04\/schweizer-kmu-tag-2018-kmu-und-entscheidungen-was-im-alltag-wirklich-zaehlt\/","url":"https:\/\/www.organisator.ch\/management\/2018-07-04\/schweizer-kmu-tag-2018-kmu-und-entscheidungen-was-im-alltag-wirklich-zaehlt\/","name":"Journ\u00e9e suisse des PME 2018 : PME et d\u00e9cisions - ce qui compte (vraiment) au quotidien - Organisateur","isPartOf":{"@id":"https:\/\/www.organisator.ch\/#website"},"primaryImageOfPage":{"@id":"https:\/\/www.organisator.ch\/management\/2018-07-04\/schweizer-kmu-tag-2018-kmu-und-entscheidungen-was-im-alltag-wirklich-zaehlt\/#primaryimage"},"image":{"@id":"https:\/\/www.organisator.ch\/management\/2018-07-04\/schweizer-kmu-tag-2018-kmu-und-entscheidungen-was-im-alltag-wirklich-zaehlt\/#primaryimage"},"thumbnailUrl":"https:\/\/www.organisator.ch\/wp-content\/uploads\/2018\/07\/Schweizer-KMU-Tag-2018-KMU-und-Entscheidungen-was-im-Alltag-wirklich-zaehlt_Organisator.jpg","datePublished":"2018-07-04T08:29:46+00:00","description":"Le 26 octobre 2018, la Journ\u00e9e suisse des PME se penchera sur le th\u00e8me \"PME et d\u00e9cisions - ce qui compte (vraiment) au quotidien\".","breadcrumb":{"@id":"https:\/\/www.organisator.ch\/management\/2018-07-04\/schweizer-kmu-tag-2018-kmu-und-entscheidungen-was-im-alltag-wirklich-zaehlt\/#breadcrumb"},"inLanguage":"fr-FR","potentialAction":[{"@type":"ReadAction","target":["https:\/\/www.organisator.ch\/management\/2018-07-04\/schweizer-kmu-tag-2018-kmu-und-entscheidungen-was-im-alltag-wirklich-zaehlt\/"]}]},{"@type":"ImageObject","inLanguage":"fr-FR","@id":"https:\/\/www.organisator.ch\/management\/2018-07-04\/schweizer-kmu-tag-2018-kmu-und-entscheidungen-was-im-alltag-wirklich-zaehlt\/#primaryimage","url":"https:\/\/www.organisator.ch\/wp-content\/uploads\/2018\/07\/Schweizer-KMU-Tag-2018-KMU-und-Entscheidungen-was-im-Alltag-wirklich-zaehlt_Organisator.jpg","contentUrl":"https:\/\/www.organisator.ch\/wp-content\/uploads\/2018\/07\/Schweizer-KMU-Tag-2018-KMU-und-Entscheidungen-was-im-Alltag-wirklich-zaehlt_Organisator.jpg","width":640,"height":397,"caption":"Sie referieren und diskutieren am Schweizer KMU-Tag 2018, (oben von links nach rechts): Tobias Wolf, Myriam Locher, Elgar Fleisch, Hansj\u00f6rg Hinrichs, Miriam Baumann-Blocher, Rolf Dobelli, Markus Merk und Bernard Thurnheer."},{"@type":"BreadcrumbList","@id":"https:\/\/www.organisator.ch\/management\/2018-07-04\/schweizer-kmu-tag-2018-kmu-und-entscheidungen-was-im-alltag-wirklich-zaehlt\/#breadcrumb","itemListElement":[{"@type":"ListItem","position":1,"name":"Home","item":"https:\/\/www.organisator.ch\/"},{"@type":"ListItem","position":2,"name":"Schweizer KMU-Tag 2018: KMU und Entscheidungen \u2013 was im Alltag (wirklich) z\u00e4hlt"}]},{"@type":"WebSite","@id":"https:\/\/www.organisator.ch\/#website","url":"https:\/\/www.organisator.ch\/","name":"Organisateur","description":"Comp\u00e9tence et comp\u00e9tence. Proches de la pratique. L'ORGANISATEUR pr\u00e9pare 10 num\u00e9ros par an sur les th\u00e8mes essentiels pour les dirigeants de PME.","publisher":{"@id":"https:\/\/www.organisator.ch\/#organization"},"potentialAction":[{"@type":"SearchAction","target":{"@type":"EntryPoint","urlTemplate":"https:\/\/www.organisator.ch\/?s={search_term_string}"},"query-input":{"@type":"PropertyValueSpecification","valueRequired":true,"valueName":"search_term_string"}}],"inLanguage":"fr-FR"},{"@type":"Organization","@id":"https:\/\/www.organisator.ch\/#organization","name":"Organisateur","url":"https:\/\/www.organisator.ch\/","logo":{"@type":"ImageObject","inLanguage":"fr-FR","@id":"https:\/\/www.organisator.ch\/#\/schema\/logo\/image\/","url":"https:\/\/www.organisator.ch\/wp-content\/uploads\/2022\/01\/Logo_Organisator_Website.png","contentUrl":"https:\/\/www.organisator.ch\/wp-content\/uploads\/2022\/01\/Logo_Organisator_Website.png","width":800,"height":77,"caption":"Organisator"},"image":{"@id":"https:\/\/www.organisator.ch\/#\/schema\/logo\/image\/"},"sameAs":["https:\/\/www.facebook.com\/OrganisatorFachmagazin","https:\/\/www.linkedin.com\/showcase\/organisator-das-magazin-fr-kmu","https:\/\/www.xing.com\/news\/pages\/organisator-ch-695","https:\/\/www.youtube.com\/channel\/UCGP2Sq0iWaZwT3BdIAQFYpw"]},{"@type":"Person","@id":"https:\/\/www.organisator.ch\/#\/schema\/person\/6f650f90b2842cd4c0cc334b4e36f67e","name":"thomas.berner","image":{"@type":"ImageObject","inLanguage":"fr-FR","@id":"https:\/\/secure.gravatar.com\/avatar\/ac5001d2a36cb6c6cd3e50789007ffca834b477b74a2144564522e944eabff61?s=96&d=mm&r=g","url":"https:\/\/secure.gravatar.com\/avatar\/ac5001d2a36cb6c6cd3e50789007ffca834b477b74a2144564522e944eabff61?s=96&d=mm&r=g","contentUrl":"https:\/\/secure.gravatar.com\/avatar\/ac5001d2a36cb6c6cd3e50789007ffca834b477b74a2144564522e944eabff61?s=96&d=mm&r=g","caption":"thomas.berner"},"url":"https:\/\/www.organisator.ch\/fr\/author\/thomas-berner\/"}]}},"_links":{"self":[{"href":"https:\/\/www.organisator.ch\/fr\/wp-json\/wp\/v2\/posts\/3898","targetHints":{"allow":["GET"]}}],"collection":[{"href":"https:\/\/www.organisator.ch\/fr\/wp-json\/wp\/v2\/posts"}],"about":[{"href":"https:\/\/www.organisator.ch\/fr\/wp-json\/wp\/v2\/types\/post"}],"author":[{"embeddable":true,"href":"https:\/\/www.organisator.ch\/fr\/wp-json\/wp\/v2\/users\/4"}],"replies":[{"embeddable":true,"href":"https:\/\/www.organisator.ch\/fr\/wp-json\/wp\/v2\/comments?post=3898"}],"version-history":[{"count":0,"href":"https:\/\/www.organisator.ch\/fr\/wp-json\/wp\/v2\/posts\/3898\/revisions"}],"wp:featuredmedia":[{"embeddable":true,"href":"https:\/\/www.organisator.ch\/fr\/wp-json\/wp\/v2\/media\/3899"}],"wp:attachment":[{"href":"https:\/\/www.organisator.ch\/fr\/wp-json\/wp\/v2\/media?parent=3898"}],"wp:term":[{"taxonomy":"category","embeddable":true,"href":"https:\/\/www.organisator.ch\/fr\/wp-json\/wp\/v2\/categories?post=3898"},{"taxonomy":"post_tag","embeddable":true,"href":"https:\/\/www.organisator.ch\/fr\/wp-json\/wp\/v2\/tags?post=3898"}],"curies":[{"name":"wp","href":"https:\/\/api.w.org\/{rel}","templated":true}]}}