{"id":38980,"date":"2025-06-19T21:21:49","date_gmt":"2025-06-19T19:21:49","guid":{"rendered":"https:\/\/www.organisator.ch\/de\/?p=38980"},"modified":"2025-06-17T11:35:26","modified_gmt":"2025-06-17T09:35:26","slug":"geld-anlegen-fuers-alter-geringe-risikobereitschaft","status":"publish","type":"post","link":"https:\/\/www.organisator.ch\/fr\/management\/2025-06-19\/geld-anlegen-fuers-alter-geringe-risikobereitschaft\/","title":{"rendered":"Placer son argent pour la retraite : une faible propension au risque"},"content":{"rendered":"<div class=\"swpm-post-not-logged-in-msg\">Vous devez \u00eatre connect\u00e9 pour voir ce contenu. Veuillez <a class=\"swpm-login-link\" href=\"https:\/\/www.organisator.ch\/login\/\">Se connecter<\/a>. Pas un membre ? <a href=\"https:\/\/www.organisator.ch\/shop\/\">Nous Rejoindre<\/a><\/div>","protected":false},"excerpt":{"rendered":"<p>En Suisse, les salari\u00e9s font preuve d'une propension au risque \u00e9tonnamment faible en mati\u00e8re de placements financiers. Pourtant, ils sont nombreux \u00e0 se prononcer en faveur du libre choix de la strat\u00e9gie de placement du capital de pr\u00e9voyance. Une contradiction ? Une nouvelle \u00e9tude montre le r\u00f4le jou\u00e9 par le sexe, l'\u00e2ge et l'\u00e9valuation des connaissances financi\u00e8res personnelles dans cette attitude.<\/p>","protected":false},"author":1,"featured_media":38979,"comment_status":"closed","ping_status":"closed","sticky":false,"template":"","format":"standard","meta":{"_acf_changed":false,"_yoast_wpseo_focuskw":"Geld anlegen","_yoast_wpseo_metadesc":"Arbeitnehmende in der Schweiz zeigen eine auffallend tiefe Risikobereitschaft, wenn sie f\u00fcrs Alter ihr Geld anlegen.","articlekey":"161274","footnotes":""},"categories":[578,28],"tags":[2932,3419,2933],"class_list":["post-38980","post","type-post","status-publish","format-standard","has-post-thumbnail","hentry","category-abo","category-management","tag-altersvorsorge","tag-geldanlagen","tag-renten"],"acf":[],"yoast_head":"<!-- This site is optimized with the Yoast SEO plugin v27.5 - https:\/\/yoast.com\/product\/yoast-seo-wordpress\/ -->\n<title>Geld anlegen f\u00fcrs Alter: Geringe Risikobereitschaft - Organisator<\/title>\n<meta name=\"description\" content=\"Arbeitnehmende in der Schweiz zeigen eine auffallend tiefe Risikobereitschaft, wenn sie f\u00fcrs Alter ihr Geld anlegen.\" \/>\n<meta name=\"robots\" content=\"index, follow, max-snippet:-1, max-image-preview:large, max-video-preview:-1\" \/>\n<link rel=\"canonical\" href=\"https:\/\/www.organisator.ch\/fr\/gestion-2\/2025-06-19\/geld-anlegen-fuers-alter-geringe-risikobereitschaft\/\" \/>\n<meta property=\"og:locale\" content=\"fr_FR\" \/>\n<meta property=\"og:type\" content=\"article\" \/>\n<meta property=\"og:title\" content=\"Geld anlegen f\u00fcrs Alter: Geringe Risikobereitschaft - Organisator\" \/>\n<meta property=\"og:description\" content=\"Arbeitnehmende in der Schweiz zeigen eine auffallend tiefe Risikobereitschaft, wenn sie f\u00fcrs Alter ihr Geld anlegen.\" \/>\n<meta property=\"og:url\" content=\"https:\/\/www.organisator.ch\/fr\/gestion-2\/2025-06-19\/geld-anlegen-fuers-alter-geringe-risikobereitschaft\/\" \/>\n<meta property=\"og:site_name\" content=\"Organisator\" \/>\n<meta property=\"article:publisher\" content=\"https:\/\/www.facebook.com\/OrganisatorFachmagazin\" \/>\n<meta property=\"article:published_time\" content=\"2025-06-19T19:21:49+00:00\" \/>\n<meta property=\"og:image\" content=\"https:\/\/www.organisator.ch\/wp-content\/uploads\/2025\/06\/PK-Special_Auftakt_Bild_organisator_161276-scaled-e1750152260425.jpg\" \/>\n\t<meta property=\"og:image:width\" content=\"1043\" \/>\n\t<meta property=\"og:image:height\" content=\"868\" \/>\n\t<meta property=\"og:image:type\" content=\"image\/jpeg\" \/>\n<meta name=\"author\" content=\"admin\" \/>\n<meta name=\"twitter:card\" content=\"summary_large_image\" \/>\n<script type=\"application\/ld+json\" class=\"yoast-schema-graph\">{\"@context\":\"https:\\\/\\\/schema.org\",\"@graph\":[{\"@type\":\"Article\",\"@id\":\"https:\\\/\\\/www.organisator.ch\\\/management\\\/2025-06-19\\\/geld-anlegen-fuers-alter-geringe-risikobereitschaft\\\/#article\",\"isPartOf\":{\"@id\":\"https:\\\/\\\/www.organisator.ch\\\/management\\\/2025-06-19\\\/geld-anlegen-fuers-alter-geringe-risikobereitschaft\\\/\"},\"author\":{\"name\":\"admin\",\"@id\":\"https:\\\/\\\/www.organisator.ch\\\/#\\\/schema\\\/person\\\/aa2bace6c5c5aad60102004a50c4eb1c\"},\"headline\":\"Geld anlegen f\u00fcrs Alter: Geringe Risikobereitschaft\",\"datePublished\":\"2025-06-19T19:21:49+00:00\",\"mainEntityOfPage\":{\"@id\":\"https:\\\/\\\/www.organisator.ch\\\/management\\\/2025-06-19\\\/geld-anlegen-fuers-alter-geringe-risikobereitschaft\\\/\"},\"wordCount\":937,\"publisher\":{\"@id\":\"https:\\\/\\\/www.organisator.ch\\\/#organization\"},\"image\":{\"@id\":\"https:\\\/\\\/www.organisator.ch\\\/management\\\/2025-06-19\\\/geld-anlegen-fuers-alter-geringe-risikobereitschaft\\\/#primaryimage\"},\"thumbnailUrl\":\"https:\\\/\\\/www.organisator.ch\\\/wp-content\\\/uploads\\\/2025\\\/06\\\/PK-Special_Auftakt_Bild_organisator_161276-scaled-e1750152260425.jpg\",\"keywords\":[\"Altersvorsorge\",\"Geldanlagen\",\"Renten\"],\"articleSection\":[\"ABO+\",\"MANAGEMENT\"],\"inLanguage\":\"fr-FR\"},{\"@type\":\"WebPage\",\"@id\":\"https:\\\/\\\/www.organisator.ch\\\/management\\\/2025-06-19\\\/geld-anlegen-fuers-alter-geringe-risikobereitschaft\\\/\",\"url\":\"https:\\\/\\\/www.organisator.ch\\\/management\\\/2025-06-19\\\/geld-anlegen-fuers-alter-geringe-risikobereitschaft\\\/\",\"name\":\"Geld anlegen f\u00fcrs Alter: Geringe Risikobereitschaft - Organisator\",\"isPartOf\":{\"@id\":\"https:\\\/\\\/www.organisator.ch\\\/#website\"},\"primaryImageOfPage\":{\"@id\":\"https:\\\/\\\/www.organisator.ch\\\/management\\\/2025-06-19\\\/geld-anlegen-fuers-alter-geringe-risikobereitschaft\\\/#primaryimage\"},\"image\":{\"@id\":\"https:\\\/\\\/www.organisator.ch\\\/management\\\/2025-06-19\\\/geld-anlegen-fuers-alter-geringe-risikobereitschaft\\\/#primaryimage\"},\"thumbnailUrl\":\"https:\\\/\\\/www.organisator.ch\\\/wp-content\\\/uploads\\\/2025\\\/06\\\/PK-Special_Auftakt_Bild_organisator_161276-scaled-e1750152260425.jpg\",\"datePublished\":\"2025-06-19T19:21:49+00:00\",\"description\":\"Arbeitnehmende in der Schweiz zeigen eine auffallend tiefe Risikobereitschaft, wenn sie f\u00fcrs Alter ihr Geld anlegen.\",\"breadcrumb\":{\"@id\":\"https:\\\/\\\/www.organisator.ch\\\/management\\\/2025-06-19\\\/geld-anlegen-fuers-alter-geringe-risikobereitschaft\\\/#breadcrumb\"},\"inLanguage\":\"fr-FR\",\"potentialAction\":[{\"@type\":\"ReadAction\",\"target\":[\"https:\\\/\\\/www.organisator.ch\\\/management\\\/2025-06-19\\\/geld-anlegen-fuers-alter-geringe-risikobereitschaft\\\/\"]}]},{\"@type\":\"ImageObject\",\"inLanguage\":\"fr-FR\",\"@id\":\"https:\\\/\\\/www.organisator.ch\\\/management\\\/2025-06-19\\\/geld-anlegen-fuers-alter-geringe-risikobereitschaft\\\/#primaryimage\",\"url\":\"https:\\\/\\\/www.organisator.ch\\\/wp-content\\\/uploads\\\/2025\\\/06\\\/PK-Special_Auftakt_Bild_organisator_161276-scaled-e1750152260425.jpg\",\"contentUrl\":\"https:\\\/\\\/www.organisator.ch\\\/wp-content\\\/uploads\\\/2025\\\/06\\\/PK-Special_Auftakt_Bild_organisator_161276-scaled-e1750152260425.jpg\",\"width\":1043,\"height\":868,\"caption\":\"Ersparnisse f\u00fcrs Alter anlegen: Soziodemografische Faktoren spielen f\u00fcr die Risikobereitschaft eine grosse Rolle. Foto: AndreyPopov \\\/ Depositphotos.com\"},{\"@type\":\"BreadcrumbList\",\"@id\":\"https:\\\/\\\/www.organisator.ch\\\/management\\\/2025-06-19\\\/geld-anlegen-fuers-alter-geringe-risikobereitschaft\\\/#breadcrumb\",\"itemListElement\":[{\"@type\":\"ListItem\",\"position\":1,\"name\":\"Home\",\"item\":\"https:\\\/\\\/www.organisator.ch\\\/\"},{\"@type\":\"ListItem\",\"position\":2,\"name\":\"Geld anlegen f\u00fcrs Alter: Geringe Risikobereitschaft\"}]},{\"@type\":\"WebSite\",\"@id\":\"https:\\\/\\\/www.organisator.ch\\\/#website\",\"url\":\"https:\\\/\\\/www.organisator.ch\\\/\",\"name\":\"Organisator\",\"description\":\"Kompetent. Praxisnah. Der ORGANISATOR bereitet in 10 Ausgaben pro Jahr die wesentlichen Themen f\u00fcr F\u00fchrungskr\u00e4fte von KMU auf.\",\"publisher\":{\"@id\":\"https:\\\/\\\/www.organisator.ch\\\/#organization\"},\"potentialAction\":[{\"@type\":\"SearchAction\",\"target\":{\"@type\":\"EntryPoint\",\"urlTemplate\":\"https:\\\/\\\/www.organisator.ch\\\/?s={search_term_string}\"},\"query-input\":{\"@type\":\"PropertyValueSpecification\",\"valueRequired\":true,\"valueName\":\"search_term_string\"}}],\"inLanguage\":\"fr-FR\"},{\"@type\":\"Organization\",\"@id\":\"https:\\\/\\\/www.organisator.ch\\\/#organization\",\"name\":\"Organisator\",\"url\":\"https:\\\/\\\/www.organisator.ch\\\/\",\"logo\":{\"@type\":\"ImageObject\",\"inLanguage\":\"fr-FR\",\"@id\":\"https:\\\/\\\/www.organisator.ch\\\/#\\\/schema\\\/logo\\\/image\\\/\",\"url\":\"https:\\\/\\\/www.organisator.ch\\\/wp-content\\\/uploads\\\/2022\\\/01\\\/Logo_Organisator_Website.png\",\"contentUrl\":\"https:\\\/\\\/www.organisator.ch\\\/wp-content\\\/uploads\\\/2022\\\/01\\\/Logo_Organisator_Website.png\",\"width\":800,\"height\":77,\"caption\":\"Organisator\"},\"image\":{\"@id\":\"https:\\\/\\\/www.organisator.ch\\\/#\\\/schema\\\/logo\\\/image\\\/\"},\"sameAs\":[\"https:\\\/\\\/www.facebook.com\\\/OrganisatorFachmagazin\",\"https:\\\/\\\/www.linkedin.com\\\/showcase\\\/organisator-das-magazin-fr-kmu\",\"https:\\\/\\\/www.xing.com\\\/news\\\/pages\\\/organisator-ch-695\",\"https:\\\/\\\/www.youtube.com\\\/channel\\\/UCGP2Sq0iWaZwT3BdIAQFYpw\"]},{\"@type\":\"Person\",\"@id\":\"https:\\\/\\\/www.organisator.ch\\\/#\\\/schema\\\/person\\\/aa2bace6c5c5aad60102004a50c4eb1c\",\"name\":\"admin\",\"image\":{\"@type\":\"ImageObject\",\"inLanguage\":\"fr-FR\",\"@id\":\"https:\\\/\\\/secure.gravatar.com\\\/avatar\\\/ae2f4d718e6c49043e314ce431e7e645d646302a24a5ef5a8bc8e3f5a032e319?s=96&d=mm&r=g\",\"url\":\"https:\\\/\\\/secure.gravatar.com\\\/avatar\\\/ae2f4d718e6c49043e314ce431e7e645d646302a24a5ef5a8bc8e3f5a032e319?s=96&d=mm&r=g\",\"contentUrl\":\"https:\\\/\\\/secure.gravatar.com\\\/avatar\\\/ae2f4d718e6c49043e314ce431e7e645d646302a24a5ef5a8bc8e3f5a032e319?s=96&d=mm&r=g\",\"caption\":\"admin\"},\"sameAs\":[\"https:\\\/\\\/www.organisator.ch\"],\"url\":\"https:\\\/\\\/www.organisator.ch\\\/fr\\\/author\\\/admin\\\/\"}]}<\/script>\n<!-- \/ Yoast SEO plugin. -->","yoast_head_json":{"title":"Investir pour la retraite : une faible propension au risque - Organisateur","description":"En Suisse, les travailleurs font preuve d'une propension au risque \u00e9tonnamment faible lorsqu'ils placent leur argent pour la retraite.","robots":{"index":"index","follow":"follow","max-snippet":"max-snippet:-1","max-image-preview":"max-image-preview:large","max-video-preview":"max-video-preview:-1"},"canonical":"https:\/\/www.organisator.ch\/fr\/gestion-2\/2025-06-19\/geld-anlegen-fuers-alter-geringe-risikobereitschaft\/","og_locale":"fr_FR","og_type":"article","og_title":"Geld anlegen f\u00fcrs Alter: Geringe Risikobereitschaft - Organisator","og_description":"Arbeitnehmende in der Schweiz zeigen eine auffallend tiefe Risikobereitschaft, wenn sie f\u00fcrs Alter ihr Geld anlegen.","og_url":"https:\/\/www.organisator.ch\/fr\/gestion-2\/2025-06-19\/geld-anlegen-fuers-alter-geringe-risikobereitschaft\/","og_site_name":"Organisator","article_publisher":"https:\/\/www.facebook.com\/OrganisatorFachmagazin","article_published_time":"2025-06-19T19:21:49+00:00","og_image":[{"width":1043,"height":868,"url":"https:\/\/www.organisator.ch\/wp-content\/uploads\/2025\/06\/PK-Special_Auftakt_Bild_organisator_161276-scaled-e1750152260425.jpg","type":"image\/jpeg"}],"author":"admin","twitter_card":"summary_large_image","schema":{"@context":"https:\/\/schema.org","@graph":[{"@type":"Article","@id":"https:\/\/www.organisator.ch\/management\/2025-06-19\/geld-anlegen-fuers-alter-geringe-risikobereitschaft\/#article","isPartOf":{"@id":"https:\/\/www.organisator.ch\/management\/2025-06-19\/geld-anlegen-fuers-alter-geringe-risikobereitschaft\/"},"author":{"name":"admin","@id":"https:\/\/www.organisator.ch\/#\/schema\/person\/aa2bace6c5c5aad60102004a50c4eb1c"},"headline":"Geld anlegen f\u00fcrs Alter: Geringe Risikobereitschaft","datePublished":"2025-06-19T19:21:49+00:00","mainEntityOfPage":{"@id":"https:\/\/www.organisator.ch\/management\/2025-06-19\/geld-anlegen-fuers-alter-geringe-risikobereitschaft\/"},"wordCount":937,"publisher":{"@id":"https:\/\/www.organisator.ch\/#organization"},"image":{"@id":"https:\/\/www.organisator.ch\/management\/2025-06-19\/geld-anlegen-fuers-alter-geringe-risikobereitschaft\/#primaryimage"},"thumbnailUrl":"https:\/\/www.organisator.ch\/wp-content\/uploads\/2025\/06\/PK-Special_Auftakt_Bild_organisator_161276-scaled-e1750152260425.jpg","keywords":["Altersvorsorge","Geldanlagen","Renten"],"articleSection":["ABO+","MANAGEMENT"],"inLanguage":"fr-FR"},{"@type":"WebPage","@id":"https:\/\/www.organisator.ch\/management\/2025-06-19\/geld-anlegen-fuers-alter-geringe-risikobereitschaft\/","url":"https:\/\/www.organisator.ch\/management\/2025-06-19\/geld-anlegen-fuers-alter-geringe-risikobereitschaft\/","name":"Investir pour la retraite : une faible propension au risque - Organisateur","isPartOf":{"@id":"https:\/\/www.organisator.ch\/#website"},"primaryImageOfPage":{"@id":"https:\/\/www.organisator.ch\/management\/2025-06-19\/geld-anlegen-fuers-alter-geringe-risikobereitschaft\/#primaryimage"},"image":{"@id":"https:\/\/www.organisator.ch\/management\/2025-06-19\/geld-anlegen-fuers-alter-geringe-risikobereitschaft\/#primaryimage"},"thumbnailUrl":"https:\/\/www.organisator.ch\/wp-content\/uploads\/2025\/06\/PK-Special_Auftakt_Bild_organisator_161276-scaled-e1750152260425.jpg","datePublished":"2025-06-19T19:21:49+00:00","description":"En Suisse, les travailleurs font preuve d'une propension au risque \u00e9tonnamment faible lorsqu'ils placent leur argent pour la retraite.","breadcrumb":{"@id":"https:\/\/www.organisator.ch\/management\/2025-06-19\/geld-anlegen-fuers-alter-geringe-risikobereitschaft\/#breadcrumb"},"inLanguage":"fr-FR","potentialAction":[{"@type":"ReadAction","target":["https:\/\/www.organisator.ch\/management\/2025-06-19\/geld-anlegen-fuers-alter-geringe-risikobereitschaft\/"]}]},{"@type":"ImageObject","inLanguage":"fr-FR","@id":"https:\/\/www.organisator.ch\/management\/2025-06-19\/geld-anlegen-fuers-alter-geringe-risikobereitschaft\/#primaryimage","url":"https:\/\/www.organisator.ch\/wp-content\/uploads\/2025\/06\/PK-Special_Auftakt_Bild_organisator_161276-scaled-e1750152260425.jpg","contentUrl":"https:\/\/www.organisator.ch\/wp-content\/uploads\/2025\/06\/PK-Special_Auftakt_Bild_organisator_161276-scaled-e1750152260425.jpg","width":1043,"height":868,"caption":"Ersparnisse f\u00fcrs Alter anlegen: Soziodemografische Faktoren spielen f\u00fcr die Risikobereitschaft eine grosse Rolle. Foto: AndreyPopov \/ Depositphotos.com"},{"@type":"BreadcrumbList","@id":"https:\/\/www.organisator.ch\/management\/2025-06-19\/geld-anlegen-fuers-alter-geringe-risikobereitschaft\/#breadcrumb","itemListElement":[{"@type":"ListItem","position":1,"name":"Home","item":"https:\/\/www.organisator.ch\/"},{"@type":"ListItem","position":2,"name":"Geld anlegen f\u00fcrs Alter: Geringe Risikobereitschaft"}]},{"@type":"WebSite","@id":"https:\/\/www.organisator.ch\/#website","url":"https:\/\/www.organisator.ch\/","name":"Organisateur","description":"Comp\u00e9tence et comp\u00e9tence. Proches de la pratique. L'ORGANISATEUR pr\u00e9pare 10 num\u00e9ros par an sur les th\u00e8mes essentiels pour les dirigeants de PME.","publisher":{"@id":"https:\/\/www.organisator.ch\/#organization"},"potentialAction":[{"@type":"SearchAction","target":{"@type":"EntryPoint","urlTemplate":"https:\/\/www.organisator.ch\/?s={search_term_string}"},"query-input":{"@type":"PropertyValueSpecification","valueRequired":true,"valueName":"search_term_string"}}],"inLanguage":"fr-FR"},{"@type":"Organization","@id":"https:\/\/www.organisator.ch\/#organization","name":"Organisateur","url":"https:\/\/www.organisator.ch\/","logo":{"@type":"ImageObject","inLanguage":"fr-FR","@id":"https:\/\/www.organisator.ch\/#\/schema\/logo\/image\/","url":"https:\/\/www.organisator.ch\/wp-content\/uploads\/2022\/01\/Logo_Organisator_Website.png","contentUrl":"https:\/\/www.organisator.ch\/wp-content\/uploads\/2022\/01\/Logo_Organisator_Website.png","width":800,"height":77,"caption":"Organisator"},"image":{"@id":"https:\/\/www.organisator.ch\/#\/schema\/logo\/image\/"},"sameAs":["https:\/\/www.facebook.com\/OrganisatorFachmagazin","https:\/\/www.linkedin.com\/showcase\/organisator-das-magazin-fr-kmu","https:\/\/www.xing.com\/news\/pages\/organisator-ch-695","https:\/\/www.youtube.com\/channel\/UCGP2Sq0iWaZwT3BdIAQFYpw"]},{"@type":"Person","@id":"https:\/\/www.organisator.ch\/#\/schema\/person\/aa2bace6c5c5aad60102004a50c4eb1c","name":"admin","image":{"@type":"ImageObject","inLanguage":"fr-FR","@id":"https:\/\/secure.gravatar.com\/avatar\/ae2f4d718e6c49043e314ce431e7e645d646302a24a5ef5a8bc8e3f5a032e319?s=96&d=mm&r=g","url":"https:\/\/secure.gravatar.com\/avatar\/ae2f4d718e6c49043e314ce431e7e645d646302a24a5ef5a8bc8e3f5a032e319?s=96&d=mm&r=g","contentUrl":"https:\/\/secure.gravatar.com\/avatar\/ae2f4d718e6c49043e314ce431e7e645d646302a24a5ef5a8bc8e3f5a032e319?s=96&d=mm&r=g","caption":"admin"},"sameAs":["https:\/\/www.organisator.ch"],"url":"https:\/\/www.organisator.ch\/fr\/author\/admin\/"}]}},"_links":{"self":[{"href":"https:\/\/www.organisator.ch\/fr\/wp-json\/wp\/v2\/posts\/38980","targetHints":{"allow":["GET"]}}],"collection":[{"href":"https:\/\/www.organisator.ch\/fr\/wp-json\/wp\/v2\/posts"}],"about":[{"href":"https:\/\/www.organisator.ch\/fr\/wp-json\/wp\/v2\/types\/post"}],"author":[{"embeddable":true,"href":"https:\/\/www.organisator.ch\/fr\/wp-json\/wp\/v2\/users\/1"}],"replies":[{"embeddable":true,"href":"https:\/\/www.organisator.ch\/fr\/wp-json\/wp\/v2\/comments?post=38980"}],"version-history":[{"count":2,"href":"https:\/\/www.organisator.ch\/fr\/wp-json\/wp\/v2\/posts\/38980\/revisions"}],"predecessor-version":[{"id":39037,"href":"https:\/\/www.organisator.ch\/fr\/wp-json\/wp\/v2\/posts\/38980\/revisions\/39037"}],"wp:featuredmedia":[{"embeddable":true,"href":"https:\/\/www.organisator.ch\/fr\/wp-json\/wp\/v2\/media\/38979"}],"wp:attachment":[{"href":"https:\/\/www.organisator.ch\/fr\/wp-json\/wp\/v2\/media?parent=38980"}],"wp:term":[{"taxonomy":"category","embeddable":true,"href":"https:\/\/www.organisator.ch\/fr\/wp-json\/wp\/v2\/categories?post=38980"},{"taxonomy":"post_tag","embeddable":true,"href":"https:\/\/www.organisator.ch\/fr\/wp-json\/wp\/v2\/tags?post=38980"}],"curies":[{"name":"wp","href":"https:\/\/api.w.org\/{rel}","templated":true}]}}