{"id":38984,"date":"2025-06-20T01:14:00","date_gmt":"2025-06-19T23:14:00","guid":{"rendered":"https:\/\/www.organisator.ch\/de\/?p=38984"},"modified":"2025-06-17T11:18:22","modified_gmt":"2025-06-17T09:18:22","slug":"innovation-schafft-effizienz-auch-im-non-profit-bereich","status":"publish","type":"post","link":"https:\/\/www.organisator.ch\/fr\/operational-excellence\/2025-06-20\/innovation-schafft-effizienz-auch-im-non-profit-bereich\/","title":{"rendered":"L'innovation cr\u00e9e l'efficacit\u00e9 - m\u00eame dans le secteur \u00e0 but non lucratif"},"content":{"rendered":"<div class=\"swpm-post-not-logged-in-msg\">Vous devez \u00eatre connect\u00e9 pour voir ce contenu. Veuillez <a class=\"swpm-login-link\" href=\"https:\/\/www.organisator.ch\/login\/\">Se connecter<\/a>. Pas un membre ? <a href=\"https:\/\/www.organisator.ch\/shop\/\">Nous Rejoindre<\/a><\/div>","protected":false},"excerpt":{"rendered":"<p>Aux \u00c9tats-Unis, les NPO sont actuellement \"rationalis\u00e9es\" par l'administration Trump. Dans ce pays \u00e9galement, les organisations d'utilit\u00e9 publique doivent prouver qu'elles sont efficaces et utiles \u00e0 la soci\u00e9t\u00e9 afin d'assurer leur l\u00e9gitimit\u00e9 et de pouvoir continuer \u00e0 compter sur le soutien des donateurs. Sans d\u00e9veloppement continu, elles risquent de perdre leur pertinence - et donc leur impact.<\/p>","protected":false},"author":1,"featured_media":38983,"comment_status":"closed","ping_status":"closed","sticky":false,"template":"","format":"standard","meta":{"_acf_changed":false,"_yoast_wpseo_focuskw":"Non-Profit-Bereich","_yoast_wpseo_metadesc":"Der Non-Profit-Bereich muss sich als effizient und nutzenstiftend f\u00fcr die Gesellschaft erweisen, um seine Legitimation zu sichern.","articlekey":"161279","footnotes":""},"categories":[578,582],"tags":[274,1840,503],"class_list":["post-38984","post","type-post","status-publish","format-standard","has-post-thumbnail","hentry","category-abo","category-operational-excellence","tag-innovation","tag-non-profit-organisation","tag-verbaende"],"acf":[],"yoast_head":"<!-- This site is optimized with the Yoast SEO plugin v27.4 - https:\/\/yoast.com\/product\/yoast-seo-wordpress\/ -->\n<title>Innovation schafft Effizienz \u2013 auch im Non-Profit-Bereich - Organisator<\/title>\n<meta name=\"description\" content=\"Der Non-Profit-Bereich muss sich als effizient und nutzenstiftend f\u00fcr die Gesellschaft erweisen, um seine Legitimation zu sichern.\" \/>\n<meta name=\"robots\" content=\"index, follow, max-snippet:-1, max-image-preview:large, max-video-preview:-1\" \/>\n<link rel=\"canonical\" href=\"https:\/\/www.organisator.ch\/fr\/excellence-operationnelle\/2025-06-20\/innovation-schafft-effizienz-auch-im-non-profit-bereich\/\" \/>\n<meta property=\"og:locale\" content=\"fr_FR\" \/>\n<meta property=\"og:type\" content=\"article\" \/>\n<meta property=\"og:title\" content=\"Innovation schafft Effizienz \u2013 auch im Non-Profit-Bereich - Organisator\" \/>\n<meta property=\"og:description\" content=\"Der Non-Profit-Bereich muss sich als effizient und nutzenstiftend f\u00fcr die Gesellschaft erweisen, um seine Legitimation zu sichern.\" \/>\n<meta property=\"og:url\" content=\"https:\/\/www.organisator.ch\/fr\/excellence-operationnelle\/2025-06-20\/innovation-schafft-effizienz-auch-im-non-profit-bereich\/\" \/>\n<meta property=\"og:site_name\" content=\"Organisator\" \/>\n<meta property=\"article:publisher\" content=\"https:\/\/www.facebook.com\/OrganisatorFachmagazin\" \/>\n<meta property=\"article:published_time\" content=\"2025-06-19T23:14:00+00:00\" \/>\n<meta property=\"og:image\" content=\"https:\/\/www.organisator.ch\/wp-content\/uploads\/2025\/06\/OpEx_Procomm_Bild1_organisator_161282-scaled.jpg\" \/>\n\t<meta property=\"og:image:width\" content=\"1400\" \/>\n\t<meta property=\"og:image:height\" content=\"939\" \/>\n\t<meta property=\"og:image:type\" content=\"image\/jpeg\" \/>\n<meta name=\"author\" content=\"admin\" \/>\n<meta name=\"twitter:card\" content=\"summary_large_image\" \/>\n<script type=\"application\/ld+json\" class=\"yoast-schema-graph\">{\"@context\":\"https:\\\/\\\/schema.org\",\"@graph\":[{\"@type\":\"Article\",\"@id\":\"https:\\\/\\\/www.organisator.ch\\\/operational-excellence\\\/2025-06-20\\\/innovation-schafft-effizienz-auch-im-non-profit-bereich\\\/#article\",\"isPartOf\":{\"@id\":\"https:\\\/\\\/www.organisator.ch\\\/operational-excellence\\\/2025-06-20\\\/innovation-schafft-effizienz-auch-im-non-profit-bereich\\\/\"},\"author\":{\"name\":\"admin\",\"@id\":\"https:\\\/\\\/www.organisator.ch\\\/#\\\/schema\\\/person\\\/aa2bace6c5c5aad60102004a50c4eb1c\"},\"headline\":\"Innovation schafft Effizienz \u2013 auch im Non-Profit-Bereich\",\"datePublished\":\"2025-06-19T23:14:00+00:00\",\"mainEntityOfPage\":{\"@id\":\"https:\\\/\\\/www.organisator.ch\\\/operational-excellence\\\/2025-06-20\\\/innovation-schafft-effizienz-auch-im-non-profit-bereich\\\/\"},\"wordCount\":972,\"publisher\":{\"@id\":\"https:\\\/\\\/www.organisator.ch\\\/#organization\"},\"image\":{\"@id\":\"https:\\\/\\\/www.organisator.ch\\\/operational-excellence\\\/2025-06-20\\\/innovation-schafft-effizienz-auch-im-non-profit-bereich\\\/#primaryimage\"},\"thumbnailUrl\":\"https:\\\/\\\/www.organisator.ch\\\/wp-content\\\/uploads\\\/2025\\\/06\\\/OpEx_Procomm_Bild1_organisator_161282-scaled.jpg\",\"keywords\":[\"Innovation\",\"Non-Profit-Organisation\",\"Verb\u00e4nde\"],\"articleSection\":[\"ABO+\",\"OPERATIONAL EXCELLENCE\"],\"inLanguage\":\"fr-FR\"},{\"@type\":\"WebPage\",\"@id\":\"https:\\\/\\\/www.organisator.ch\\\/operational-excellence\\\/2025-06-20\\\/innovation-schafft-effizienz-auch-im-non-profit-bereich\\\/\",\"url\":\"https:\\\/\\\/www.organisator.ch\\\/operational-excellence\\\/2025-06-20\\\/innovation-schafft-effizienz-auch-im-non-profit-bereich\\\/\",\"name\":\"Innovation schafft Effizienz \u2013 auch im Non-Profit-Bereich - Organisator\",\"isPartOf\":{\"@id\":\"https:\\\/\\\/www.organisator.ch\\\/#website\"},\"primaryImageOfPage\":{\"@id\":\"https:\\\/\\\/www.organisator.ch\\\/operational-excellence\\\/2025-06-20\\\/innovation-schafft-effizienz-auch-im-non-profit-bereich\\\/#primaryimage\"},\"image\":{\"@id\":\"https:\\\/\\\/www.organisator.ch\\\/operational-excellence\\\/2025-06-20\\\/innovation-schafft-effizienz-auch-im-non-profit-bereich\\\/#primaryimage\"},\"thumbnailUrl\":\"https:\\\/\\\/www.organisator.ch\\\/wp-content\\\/uploads\\\/2025\\\/06\\\/OpEx_Procomm_Bild1_organisator_161282-scaled.jpg\",\"datePublished\":\"2025-06-19T23:14:00+00:00\",\"description\":\"Der Non-Profit-Bereich muss sich als effizient und nutzenstiftend f\u00fcr die Gesellschaft erweisen, um seine Legitimation zu sichern.\",\"breadcrumb\":{\"@id\":\"https:\\\/\\\/www.organisator.ch\\\/operational-excellence\\\/2025-06-20\\\/innovation-schafft-effizienz-auch-im-non-profit-bereich\\\/#breadcrumb\"},\"inLanguage\":\"fr-FR\",\"potentialAction\":[{\"@type\":\"ReadAction\",\"target\":[\"https:\\\/\\\/www.organisator.ch\\\/operational-excellence\\\/2025-06-20\\\/innovation-schafft-effizienz-auch-im-non-profit-bereich\\\/\"]}]},{\"@type\":\"ImageObject\",\"inLanguage\":\"fr-FR\",\"@id\":\"https:\\\/\\\/www.organisator.ch\\\/operational-excellence\\\/2025-06-20\\\/innovation-schafft-effizienz-auch-im-non-profit-bereich\\\/#primaryimage\",\"url\":\"https:\\\/\\\/www.organisator.ch\\\/wp-content\\\/uploads\\\/2025\\\/06\\\/OpEx_Procomm_Bild1_organisator_161282-scaled.jpg\",\"contentUrl\":\"https:\\\/\\\/www.organisator.ch\\\/wp-content\\\/uploads\\\/2025\\\/06\\\/OpEx_Procomm_Bild1_organisator_161282-scaled.jpg\",\"width\":1400,\"height\":939,\"caption\":\"Innovative L\u00f6sungen der Stiftung Procom erm\u00f6glichen barrierefreie Kommunikation mit H\u00f6rbehinderten. \u00a9 PROCOM\"},{\"@type\":\"BreadcrumbList\",\"@id\":\"https:\\\/\\\/www.organisator.ch\\\/operational-excellence\\\/2025-06-20\\\/innovation-schafft-effizienz-auch-im-non-profit-bereich\\\/#breadcrumb\",\"itemListElement\":[{\"@type\":\"ListItem\",\"position\":1,\"name\":\"Home\",\"item\":\"https:\\\/\\\/www.organisator.ch\\\/\"},{\"@type\":\"ListItem\",\"position\":2,\"name\":\"Innovation schafft Effizienz \u2013 auch im Non-Profit-Bereich\"}]},{\"@type\":\"WebSite\",\"@id\":\"https:\\\/\\\/www.organisator.ch\\\/#website\",\"url\":\"https:\\\/\\\/www.organisator.ch\\\/\",\"name\":\"Organisator\",\"description\":\"Kompetent. Praxisnah. Der ORGANISATOR bereitet in 10 Ausgaben pro Jahr die wesentlichen Themen f\u00fcr F\u00fchrungskr\u00e4fte von KMU auf.\",\"publisher\":{\"@id\":\"https:\\\/\\\/www.organisator.ch\\\/#organization\"},\"potentialAction\":[{\"@type\":\"SearchAction\",\"target\":{\"@type\":\"EntryPoint\",\"urlTemplate\":\"https:\\\/\\\/www.organisator.ch\\\/?s={search_term_string}\"},\"query-input\":{\"@type\":\"PropertyValueSpecification\",\"valueRequired\":true,\"valueName\":\"search_term_string\"}}],\"inLanguage\":\"fr-FR\"},{\"@type\":\"Organization\",\"@id\":\"https:\\\/\\\/www.organisator.ch\\\/#organization\",\"name\":\"Organisator\",\"url\":\"https:\\\/\\\/www.organisator.ch\\\/\",\"logo\":{\"@type\":\"ImageObject\",\"inLanguage\":\"fr-FR\",\"@id\":\"https:\\\/\\\/www.organisator.ch\\\/#\\\/schema\\\/logo\\\/image\\\/\",\"url\":\"https:\\\/\\\/www.organisator.ch\\\/wp-content\\\/uploads\\\/2022\\\/01\\\/Logo_Organisator_Website.png\",\"contentUrl\":\"https:\\\/\\\/www.organisator.ch\\\/wp-content\\\/uploads\\\/2022\\\/01\\\/Logo_Organisator_Website.png\",\"width\":800,\"height\":77,\"caption\":\"Organisator\"},\"image\":{\"@id\":\"https:\\\/\\\/www.organisator.ch\\\/#\\\/schema\\\/logo\\\/image\\\/\"},\"sameAs\":[\"https:\\\/\\\/www.facebook.com\\\/OrganisatorFachmagazin\",\"https:\\\/\\\/www.linkedin.com\\\/showcase\\\/organisator-das-magazin-fr-kmu\",\"https:\\\/\\\/www.xing.com\\\/news\\\/pages\\\/organisator-ch-695\",\"https:\\\/\\\/www.youtube.com\\\/channel\\\/UCGP2Sq0iWaZwT3BdIAQFYpw\"]},{\"@type\":\"Person\",\"@id\":\"https:\\\/\\\/www.organisator.ch\\\/#\\\/schema\\\/person\\\/aa2bace6c5c5aad60102004a50c4eb1c\",\"name\":\"admin\",\"image\":{\"@type\":\"ImageObject\",\"inLanguage\":\"fr-FR\",\"@id\":\"https:\\\/\\\/secure.gravatar.com\\\/avatar\\\/ae2f4d718e6c49043e314ce431e7e645d646302a24a5ef5a8bc8e3f5a032e319?s=96&d=mm&r=g\",\"url\":\"https:\\\/\\\/secure.gravatar.com\\\/avatar\\\/ae2f4d718e6c49043e314ce431e7e645d646302a24a5ef5a8bc8e3f5a032e319?s=96&d=mm&r=g\",\"contentUrl\":\"https:\\\/\\\/secure.gravatar.com\\\/avatar\\\/ae2f4d718e6c49043e314ce431e7e645d646302a24a5ef5a8bc8e3f5a032e319?s=96&d=mm&r=g\",\"caption\":\"admin\"},\"sameAs\":[\"https:\\\/\\\/www.organisator.ch\"],\"url\":\"https:\\\/\\\/www.organisator.ch\\\/fr\\\/author\\\/admin\\\/\"}]}<\/script>\n<!-- \/ Yoast SEO plugin. -->","yoast_head_json":{"title":"L'innovation cr\u00e9e l'efficacit\u00e9 - m\u00eame dans le secteur \u00e0 but non lucratif - Organisateur","description":"Le secteur \u00e0 but non lucratif doit prouver qu'il est efficace et b\u00e9n\u00e9fique pour la soci\u00e9t\u00e9 afin d'assurer sa l\u00e9gitimit\u00e9.","robots":{"index":"index","follow":"follow","max-snippet":"max-snippet:-1","max-image-preview":"max-image-preview:large","max-video-preview":"max-video-preview:-1"},"canonical":"https:\/\/www.organisator.ch\/fr\/excellence-operationnelle\/2025-06-20\/innovation-schafft-effizienz-auch-im-non-profit-bereich\/","og_locale":"fr_FR","og_type":"article","og_title":"Innovation schafft Effizienz \u2013 auch im Non-Profit-Bereich - Organisator","og_description":"Der Non-Profit-Bereich muss sich als effizient und nutzenstiftend f\u00fcr die Gesellschaft erweisen, um seine Legitimation zu sichern.","og_url":"https:\/\/www.organisator.ch\/fr\/excellence-operationnelle\/2025-06-20\/innovation-schafft-effizienz-auch-im-non-profit-bereich\/","og_site_name":"Organisator","article_publisher":"https:\/\/www.facebook.com\/OrganisatorFachmagazin","article_published_time":"2025-06-19T23:14:00+00:00","og_image":[{"width":1400,"height":939,"url":"https:\/\/www.organisator.ch\/wp-content\/uploads\/2025\/06\/OpEx_Procomm_Bild1_organisator_161282-scaled.jpg","type":"image\/jpeg"}],"author":"admin","twitter_card":"summary_large_image","schema":{"@context":"https:\/\/schema.org","@graph":[{"@type":"Article","@id":"https:\/\/www.organisator.ch\/operational-excellence\/2025-06-20\/innovation-schafft-effizienz-auch-im-non-profit-bereich\/#article","isPartOf":{"@id":"https:\/\/www.organisator.ch\/operational-excellence\/2025-06-20\/innovation-schafft-effizienz-auch-im-non-profit-bereich\/"},"author":{"name":"admin","@id":"https:\/\/www.organisator.ch\/#\/schema\/person\/aa2bace6c5c5aad60102004a50c4eb1c"},"headline":"Innovation schafft Effizienz \u2013 auch im Non-Profit-Bereich","datePublished":"2025-06-19T23:14:00+00:00","mainEntityOfPage":{"@id":"https:\/\/www.organisator.ch\/operational-excellence\/2025-06-20\/innovation-schafft-effizienz-auch-im-non-profit-bereich\/"},"wordCount":972,"publisher":{"@id":"https:\/\/www.organisator.ch\/#organization"},"image":{"@id":"https:\/\/www.organisator.ch\/operational-excellence\/2025-06-20\/innovation-schafft-effizienz-auch-im-non-profit-bereich\/#primaryimage"},"thumbnailUrl":"https:\/\/www.organisator.ch\/wp-content\/uploads\/2025\/06\/OpEx_Procomm_Bild1_organisator_161282-scaled.jpg","keywords":["Innovation","Non-Profit-Organisation","Verb\u00e4nde"],"articleSection":["ABO+","OPERATIONAL EXCELLENCE"],"inLanguage":"fr-FR"},{"@type":"WebPage","@id":"https:\/\/www.organisator.ch\/operational-excellence\/2025-06-20\/innovation-schafft-effizienz-auch-im-non-profit-bereich\/","url":"https:\/\/www.organisator.ch\/operational-excellence\/2025-06-20\/innovation-schafft-effizienz-auch-im-non-profit-bereich\/","name":"L'innovation cr\u00e9e l'efficacit\u00e9 - m\u00eame dans le secteur \u00e0 but non lucratif - Organisateur","isPartOf":{"@id":"https:\/\/www.organisator.ch\/#website"},"primaryImageOfPage":{"@id":"https:\/\/www.organisator.ch\/operational-excellence\/2025-06-20\/innovation-schafft-effizienz-auch-im-non-profit-bereich\/#primaryimage"},"image":{"@id":"https:\/\/www.organisator.ch\/operational-excellence\/2025-06-20\/innovation-schafft-effizienz-auch-im-non-profit-bereich\/#primaryimage"},"thumbnailUrl":"https:\/\/www.organisator.ch\/wp-content\/uploads\/2025\/06\/OpEx_Procomm_Bild1_organisator_161282-scaled.jpg","datePublished":"2025-06-19T23:14:00+00:00","description":"Le secteur \u00e0 but non lucratif doit prouver qu'il est efficace et b\u00e9n\u00e9fique pour la soci\u00e9t\u00e9 afin d'assurer sa l\u00e9gitimit\u00e9.","breadcrumb":{"@id":"https:\/\/www.organisator.ch\/operational-excellence\/2025-06-20\/innovation-schafft-effizienz-auch-im-non-profit-bereich\/#breadcrumb"},"inLanguage":"fr-FR","potentialAction":[{"@type":"ReadAction","target":["https:\/\/www.organisator.ch\/operational-excellence\/2025-06-20\/innovation-schafft-effizienz-auch-im-non-profit-bereich\/"]}]},{"@type":"ImageObject","inLanguage":"fr-FR","@id":"https:\/\/www.organisator.ch\/operational-excellence\/2025-06-20\/innovation-schafft-effizienz-auch-im-non-profit-bereich\/#primaryimage","url":"https:\/\/www.organisator.ch\/wp-content\/uploads\/2025\/06\/OpEx_Procomm_Bild1_organisator_161282-scaled.jpg","contentUrl":"https:\/\/www.organisator.ch\/wp-content\/uploads\/2025\/06\/OpEx_Procomm_Bild1_organisator_161282-scaled.jpg","width":1400,"height":939,"caption":"Innovative L\u00f6sungen der Stiftung Procom erm\u00f6glichen barrierefreie Kommunikation mit H\u00f6rbehinderten. \u00a9 PROCOM"},{"@type":"BreadcrumbList","@id":"https:\/\/www.organisator.ch\/operational-excellence\/2025-06-20\/innovation-schafft-effizienz-auch-im-non-profit-bereich\/#breadcrumb","itemListElement":[{"@type":"ListItem","position":1,"name":"Home","item":"https:\/\/www.organisator.ch\/"},{"@type":"ListItem","position":2,"name":"Innovation schafft Effizienz \u2013 auch im Non-Profit-Bereich"}]},{"@type":"WebSite","@id":"https:\/\/www.organisator.ch\/#website","url":"https:\/\/www.organisator.ch\/","name":"Organisateur","description":"Comp\u00e9tence et comp\u00e9tence. Proches de la pratique. L'ORGANISATEUR pr\u00e9pare 10 num\u00e9ros par an sur les th\u00e8mes essentiels pour les dirigeants de PME.","publisher":{"@id":"https:\/\/www.organisator.ch\/#organization"},"potentialAction":[{"@type":"SearchAction","target":{"@type":"EntryPoint","urlTemplate":"https:\/\/www.organisator.ch\/?s={search_term_string}"},"query-input":{"@type":"PropertyValueSpecification","valueRequired":true,"valueName":"search_term_string"}}],"inLanguage":"fr-FR"},{"@type":"Organization","@id":"https:\/\/www.organisator.ch\/#organization","name":"Organisateur","url":"https:\/\/www.organisator.ch\/","logo":{"@type":"ImageObject","inLanguage":"fr-FR","@id":"https:\/\/www.organisator.ch\/#\/schema\/logo\/image\/","url":"https:\/\/www.organisator.ch\/wp-content\/uploads\/2022\/01\/Logo_Organisator_Website.png","contentUrl":"https:\/\/www.organisator.ch\/wp-content\/uploads\/2022\/01\/Logo_Organisator_Website.png","width":800,"height":77,"caption":"Organisator"},"image":{"@id":"https:\/\/www.organisator.ch\/#\/schema\/logo\/image\/"},"sameAs":["https:\/\/www.facebook.com\/OrganisatorFachmagazin","https:\/\/www.linkedin.com\/showcase\/organisator-das-magazin-fr-kmu","https:\/\/www.xing.com\/news\/pages\/organisator-ch-695","https:\/\/www.youtube.com\/channel\/UCGP2Sq0iWaZwT3BdIAQFYpw"]},{"@type":"Person","@id":"https:\/\/www.organisator.ch\/#\/schema\/person\/aa2bace6c5c5aad60102004a50c4eb1c","name":"admin","image":{"@type":"ImageObject","inLanguage":"fr-FR","@id":"https:\/\/secure.gravatar.com\/avatar\/ae2f4d718e6c49043e314ce431e7e645d646302a24a5ef5a8bc8e3f5a032e319?s=96&d=mm&r=g","url":"https:\/\/secure.gravatar.com\/avatar\/ae2f4d718e6c49043e314ce431e7e645d646302a24a5ef5a8bc8e3f5a032e319?s=96&d=mm&r=g","contentUrl":"https:\/\/secure.gravatar.com\/avatar\/ae2f4d718e6c49043e314ce431e7e645d646302a24a5ef5a8bc8e3f5a032e319?s=96&d=mm&r=g","caption":"admin"},"sameAs":["https:\/\/www.organisator.ch"],"url":"https:\/\/www.organisator.ch\/fr\/author\/admin\/"}]}},"_links":{"self":[{"href":"https:\/\/www.organisator.ch\/fr\/wp-json\/wp\/v2\/posts\/38984","targetHints":{"allow":["GET"]}}],"collection":[{"href":"https:\/\/www.organisator.ch\/fr\/wp-json\/wp\/v2\/posts"}],"about":[{"href":"https:\/\/www.organisator.ch\/fr\/wp-json\/wp\/v2\/types\/post"}],"author":[{"embeddable":true,"href":"https:\/\/www.organisator.ch\/fr\/wp-json\/wp\/v2\/users\/1"}],"replies":[{"embeddable":true,"href":"https:\/\/www.organisator.ch\/fr\/wp-json\/wp\/v2\/comments?post=38984"}],"version-history":[{"count":2,"href":"https:\/\/www.organisator.ch\/fr\/wp-json\/wp\/v2\/posts\/38984\/revisions"}],"predecessor-version":[{"id":39032,"href":"https:\/\/www.organisator.ch\/fr\/wp-json\/wp\/v2\/posts\/38984\/revisions\/39032"}],"wp:featuredmedia":[{"embeddable":true,"href":"https:\/\/www.organisator.ch\/fr\/wp-json\/wp\/v2\/media\/38983"}],"wp:attachment":[{"href":"https:\/\/www.organisator.ch\/fr\/wp-json\/wp\/v2\/media?parent=38984"}],"wp:term":[{"taxonomy":"category","embeddable":true,"href":"https:\/\/www.organisator.ch\/fr\/wp-json\/wp\/v2\/categories?post=38984"},{"taxonomy":"post_tag","embeddable":true,"href":"https:\/\/www.organisator.ch\/fr\/wp-json\/wp\/v2\/tags?post=38984"}],"curies":[{"name":"wp","href":"https:\/\/api.w.org\/{rel}","templated":true}]}}