{"id":38988,"date":"2025-06-19T23:16:13","date_gmt":"2025-06-19T21:16:13","guid":{"rendered":"https:\/\/www.organisator.ch\/de\/?p=38988"},"modified":"2025-06-17T16:25:05","modified_gmt":"2025-06-17T14:25:05","slug":"damit-krisenmanagement-nicht-zur-fuehrungskrise-wird","status":"publish","type":"post","link":"https:\/\/www.organisator.ch\/fr\/management\/2025-06-19\/damit-krisenmanagement-nicht-zur-fuehrungskrise-wird\/","title":{"rendered":"Pour que la gestion de crise ne se transforme pas en crise de leadership"},"content":{"rendered":"<div class=\"swpm-post-not-logged-in-msg\">Vous devez \u00eatre connect\u00e9 pour voir ce contenu. Veuillez <a class=\"swpm-login-link\" href=\"https:\/\/www.organisator.ch\/login\/\">Se connecter<\/a>. Pas un membre ? <a href=\"https:\/\/www.organisator.ch\/shop\/\">Nous Rejoindre<\/a><\/div>","protected":false},"excerpt":{"rendered":"<p>La r\u00e9partition clarifi\u00e9e des r\u00f4les entre la direction et le conseil d'administration est d\u00e9cisive en cas de crise d'entreprise. Il s'agit de trouver un \u00e9quilibre entre la retenue, l'intervention active et la disposition \u00e0 g\u00e9rer les conflits. Comment \u00e9viter une crise de gouvernance lors d'un redressement ? <\/p>","protected":false},"author":1,"featured_media":39067,"comment_status":"closed","ping_status":"closed","sticky":false,"template":"","format":"standard","meta":{"_acf_changed":false,"_yoast_wpseo_focuskw":"F\u00fchrungskrise","_yoast_wpseo_metadesc":"Durch klare Rollenverteilung zwischen Management und Verwaltungsrat kann eine F\u00fchrungskrise im Turnaround abgewendet werden.","articlekey":"160721","footnotes":""},"categories":[578,28],"tags":[315,335,5105],"class_list":["post-38988","post","type-post","status-publish","format-standard","has-post-thumbnail","hentry","category-abo","category-management","tag-krisenmanagement","tag-management-und-unternehmensfuehrung","tag-turnaround"],"acf":[],"yoast_head":"<!-- This site is optimized with the Yoast SEO plugin v27.5 - https:\/\/yoast.com\/product\/yoast-seo-wordpress\/ -->\n<title>Damit Krisenmanagement nicht zur F\u00fchrungskrise wird - Organisator<\/title>\n<meta name=\"description\" content=\"Durch klare Rollenverteilung zwischen Management und Verwaltungsrat kann eine F\u00fchrungskrise im Turnaround abgewendet werden.\" \/>\n<meta name=\"robots\" content=\"index, follow, max-snippet:-1, max-image-preview:large, max-video-preview:-1\" \/>\n<link rel=\"canonical\" href=\"https:\/\/www.organisator.ch\/fr\/gestion-2\/2025-06-19\/damit-krisenmanagement-nicht-zur-fuehrungskrise-wird\/\" \/>\n<meta property=\"og:locale\" content=\"fr_FR\" \/>\n<meta property=\"og:type\" content=\"article\" \/>\n<meta property=\"og:title\" content=\"Damit Krisenmanagement nicht zur F\u00fchrungskrise wird - Organisator\" \/>\n<meta property=\"og:description\" content=\"Durch klare Rollenverteilung zwischen Management und Verwaltungsrat kann eine F\u00fchrungskrise im Turnaround abgewendet werden.\" \/>\n<meta property=\"og:url\" content=\"https:\/\/www.organisator.ch\/fr\/gestion-2\/2025-06-19\/damit-krisenmanagement-nicht-zur-fuehrungskrise-wird\/\" \/>\n<meta property=\"og:site_name\" content=\"Organisator\" \/>\n<meta property=\"article:publisher\" content=\"https:\/\/www.facebook.com\/OrganisatorFachmagazin\" \/>\n<meta property=\"article:published_time\" content=\"2025-06-19T21:16:13+00:00\" \/>\n<meta property=\"og:image\" content=\"https:\/\/www.organisator.ch\/wp-content\/uploads\/2025\/06\/Damit-Krisenmanagement-nicht-zur-Fuehrungskrise-wird_Organisator.jpg\" \/>\n\t<meta property=\"og:image:width\" content=\"680\" \/>\n\t<meta property=\"og:image:height\" content=\"382\" \/>\n\t<meta property=\"og:image:type\" content=\"image\/jpeg\" \/>\n<meta name=\"author\" content=\"admin\" \/>\n<meta name=\"twitter:card\" content=\"summary_large_image\" \/>\n<script type=\"application\/ld+json\" class=\"yoast-schema-graph\">{\"@context\":\"https:\\\/\\\/schema.org\",\"@graph\":[{\"@type\":\"Article\",\"@id\":\"https:\\\/\\\/www.organisator.ch\\\/management\\\/2025-06-19\\\/damit-krisenmanagement-nicht-zur-fuehrungskrise-wird\\\/#article\",\"isPartOf\":{\"@id\":\"https:\\\/\\\/www.organisator.ch\\\/management\\\/2025-06-19\\\/damit-krisenmanagement-nicht-zur-fuehrungskrise-wird\\\/\"},\"author\":{\"name\":\"admin\",\"@id\":\"https:\\\/\\\/www.organisator.ch\\\/#\\\/schema\\\/person\\\/aa2bace6c5c5aad60102004a50c4eb1c\"},\"headline\":\"Damit Krisenmanagement nicht zur F\u00fchrungskrise wird\",\"datePublished\":\"2025-06-19T21:16:13+00:00\",\"mainEntityOfPage\":{\"@id\":\"https:\\\/\\\/www.organisator.ch\\\/management\\\/2025-06-19\\\/damit-krisenmanagement-nicht-zur-fuehrungskrise-wird\\\/\"},\"wordCount\":1179,\"publisher\":{\"@id\":\"https:\\\/\\\/www.organisator.ch\\\/#organization\"},\"image\":{\"@id\":\"https:\\\/\\\/www.organisator.ch\\\/management\\\/2025-06-19\\\/damit-krisenmanagement-nicht-zur-fuehrungskrise-wird\\\/#primaryimage\"},\"thumbnailUrl\":\"https:\\\/\\\/www.organisator.ch\\\/wp-content\\\/uploads\\\/2025\\\/06\\\/Damit-Krisenmanagement-nicht-zur-Fuehrungskrise-wird_Organisator.jpg\",\"keywords\":[\"Krisenmanagement\",\"Management und Unternehmensf\u00fchrung\",\"Turnaround\"],\"articleSection\":[\"ABO+\",\"MANAGEMENT\"],\"inLanguage\":\"fr-FR\"},{\"@type\":\"WebPage\",\"@id\":\"https:\\\/\\\/www.organisator.ch\\\/management\\\/2025-06-19\\\/damit-krisenmanagement-nicht-zur-fuehrungskrise-wird\\\/\",\"url\":\"https:\\\/\\\/www.organisator.ch\\\/management\\\/2025-06-19\\\/damit-krisenmanagement-nicht-zur-fuehrungskrise-wird\\\/\",\"name\":\"Damit Krisenmanagement nicht zur F\u00fchrungskrise wird - Organisator\",\"isPartOf\":{\"@id\":\"https:\\\/\\\/www.organisator.ch\\\/#website\"},\"primaryImageOfPage\":{\"@id\":\"https:\\\/\\\/www.organisator.ch\\\/management\\\/2025-06-19\\\/damit-krisenmanagement-nicht-zur-fuehrungskrise-wird\\\/#primaryimage\"},\"image\":{\"@id\":\"https:\\\/\\\/www.organisator.ch\\\/management\\\/2025-06-19\\\/damit-krisenmanagement-nicht-zur-fuehrungskrise-wird\\\/#primaryimage\"},\"thumbnailUrl\":\"https:\\\/\\\/www.organisator.ch\\\/wp-content\\\/uploads\\\/2025\\\/06\\\/Damit-Krisenmanagement-nicht-zur-Fuehrungskrise-wird_Organisator.jpg\",\"datePublished\":\"2025-06-19T21:16:13+00:00\",\"description\":\"Durch klare Rollenverteilung zwischen Management und Verwaltungsrat kann eine F\u00fchrungskrise im Turnaround abgewendet werden.\",\"breadcrumb\":{\"@id\":\"https:\\\/\\\/www.organisator.ch\\\/management\\\/2025-06-19\\\/damit-krisenmanagement-nicht-zur-fuehrungskrise-wird\\\/#breadcrumb\"},\"inLanguage\":\"fr-FR\",\"potentialAction\":[{\"@type\":\"ReadAction\",\"target\":[\"https:\\\/\\\/www.organisator.ch\\\/management\\\/2025-06-19\\\/damit-krisenmanagement-nicht-zur-fuehrungskrise-wird\\\/\"]}]},{\"@type\":\"ImageObject\",\"inLanguage\":\"fr-FR\",\"@id\":\"https:\\\/\\\/www.organisator.ch\\\/management\\\/2025-06-19\\\/damit-krisenmanagement-nicht-zur-fuehrungskrise-wird\\\/#primaryimage\",\"url\":\"https:\\\/\\\/www.organisator.ch\\\/wp-content\\\/uploads\\\/2025\\\/06\\\/Damit-Krisenmanagement-nicht-zur-Fuehrungskrise-wird_Organisator.jpg\",\"contentUrl\":\"https:\\\/\\\/www.organisator.ch\\\/wp-content\\\/uploads\\\/2025\\\/06\\\/Damit-Krisenmanagement-nicht-zur-Fuehrungskrise-wird_Organisator.jpg\",\"width\":680,\"height\":382,\"caption\":\"Unstimmigkeiten in der Unternehmensf\u00fchrung w\u00e4hrend einer Krise erschweren ein wirksames Krisenmanagement.\u00a9 Depositphotos.com\"},{\"@type\":\"BreadcrumbList\",\"@id\":\"https:\\\/\\\/www.organisator.ch\\\/management\\\/2025-06-19\\\/damit-krisenmanagement-nicht-zur-fuehrungskrise-wird\\\/#breadcrumb\",\"itemListElement\":[{\"@type\":\"ListItem\",\"position\":1,\"name\":\"Home\",\"item\":\"https:\\\/\\\/www.organisator.ch\\\/\"},{\"@type\":\"ListItem\",\"position\":2,\"name\":\"Damit Krisenmanagement nicht zur F\u00fchrungskrise wird\"}]},{\"@type\":\"WebSite\",\"@id\":\"https:\\\/\\\/www.organisator.ch\\\/#website\",\"url\":\"https:\\\/\\\/www.organisator.ch\\\/\",\"name\":\"Organisator\",\"description\":\"Kompetent. Praxisnah. Der ORGANISATOR bereitet in 10 Ausgaben pro Jahr die wesentlichen Themen f\u00fcr F\u00fchrungskr\u00e4fte von KMU auf.\",\"publisher\":{\"@id\":\"https:\\\/\\\/www.organisator.ch\\\/#organization\"},\"potentialAction\":[{\"@type\":\"SearchAction\",\"target\":{\"@type\":\"EntryPoint\",\"urlTemplate\":\"https:\\\/\\\/www.organisator.ch\\\/?s={search_term_string}\"},\"query-input\":{\"@type\":\"PropertyValueSpecification\",\"valueRequired\":true,\"valueName\":\"search_term_string\"}}],\"inLanguage\":\"fr-FR\"},{\"@type\":\"Organization\",\"@id\":\"https:\\\/\\\/www.organisator.ch\\\/#organization\",\"name\":\"Organisator\",\"url\":\"https:\\\/\\\/www.organisator.ch\\\/\",\"logo\":{\"@type\":\"ImageObject\",\"inLanguage\":\"fr-FR\",\"@id\":\"https:\\\/\\\/www.organisator.ch\\\/#\\\/schema\\\/logo\\\/image\\\/\",\"url\":\"https:\\\/\\\/www.organisator.ch\\\/wp-content\\\/uploads\\\/2022\\\/01\\\/Logo_Organisator_Website.png\",\"contentUrl\":\"https:\\\/\\\/www.organisator.ch\\\/wp-content\\\/uploads\\\/2022\\\/01\\\/Logo_Organisator_Website.png\",\"width\":800,\"height\":77,\"caption\":\"Organisator\"},\"image\":{\"@id\":\"https:\\\/\\\/www.organisator.ch\\\/#\\\/schema\\\/logo\\\/image\\\/\"},\"sameAs\":[\"https:\\\/\\\/www.facebook.com\\\/OrganisatorFachmagazin\",\"https:\\\/\\\/www.linkedin.com\\\/showcase\\\/organisator-das-magazin-fr-kmu\",\"https:\\\/\\\/www.xing.com\\\/news\\\/pages\\\/organisator-ch-695\",\"https:\\\/\\\/www.youtube.com\\\/channel\\\/UCGP2Sq0iWaZwT3BdIAQFYpw\"]},{\"@type\":\"Person\",\"@id\":\"https:\\\/\\\/www.organisator.ch\\\/#\\\/schema\\\/person\\\/aa2bace6c5c5aad60102004a50c4eb1c\",\"name\":\"admin\",\"image\":{\"@type\":\"ImageObject\",\"inLanguage\":\"fr-FR\",\"@id\":\"https:\\\/\\\/secure.gravatar.com\\\/avatar\\\/ae2f4d718e6c49043e314ce431e7e645d646302a24a5ef5a8bc8e3f5a032e319?s=96&d=mm&r=g\",\"url\":\"https:\\\/\\\/secure.gravatar.com\\\/avatar\\\/ae2f4d718e6c49043e314ce431e7e645d646302a24a5ef5a8bc8e3f5a032e319?s=96&d=mm&r=g\",\"contentUrl\":\"https:\\\/\\\/secure.gravatar.com\\\/avatar\\\/ae2f4d718e6c49043e314ce431e7e645d646302a24a5ef5a8bc8e3f5a032e319?s=96&d=mm&r=g\",\"caption\":\"admin\"},\"sameAs\":[\"https:\\\/\\\/www.organisator.ch\"],\"url\":\"https:\\\/\\\/www.organisator.ch\\\/fr\\\/author\\\/admin\\\/\"}]}<\/script>\n<!-- \/ Yoast SEO plugin. -->","yoast_head_json":{"title":"Pour que la gestion de crise ne se transforme pas en crise de leadership - Organisateur","description":"Une r\u00e9partition claire des r\u00f4les entre la direction et le conseil d'administration permet d'\u00e9viter une crise de direction en cas de redressement.","robots":{"index":"index","follow":"follow","max-snippet":"max-snippet:-1","max-image-preview":"max-image-preview:large","max-video-preview":"max-video-preview:-1"},"canonical":"https:\/\/www.organisator.ch\/fr\/gestion-2\/2025-06-19\/damit-krisenmanagement-nicht-zur-fuehrungskrise-wird\/","og_locale":"fr_FR","og_type":"article","og_title":"Damit Krisenmanagement nicht zur F\u00fchrungskrise wird - Organisator","og_description":"Durch klare Rollenverteilung zwischen Management und Verwaltungsrat kann eine F\u00fchrungskrise im Turnaround abgewendet werden.","og_url":"https:\/\/www.organisator.ch\/fr\/gestion-2\/2025-06-19\/damit-krisenmanagement-nicht-zur-fuehrungskrise-wird\/","og_site_name":"Organisator","article_publisher":"https:\/\/www.facebook.com\/OrganisatorFachmagazin","article_published_time":"2025-06-19T21:16:13+00:00","og_image":[{"width":680,"height":382,"url":"https:\/\/www.organisator.ch\/wp-content\/uploads\/2025\/06\/Damit-Krisenmanagement-nicht-zur-Fuehrungskrise-wird_Organisator.jpg","type":"image\/jpeg"}],"author":"admin","twitter_card":"summary_large_image","schema":{"@context":"https:\/\/schema.org","@graph":[{"@type":"Article","@id":"https:\/\/www.organisator.ch\/management\/2025-06-19\/damit-krisenmanagement-nicht-zur-fuehrungskrise-wird\/#article","isPartOf":{"@id":"https:\/\/www.organisator.ch\/management\/2025-06-19\/damit-krisenmanagement-nicht-zur-fuehrungskrise-wird\/"},"author":{"name":"admin","@id":"https:\/\/www.organisator.ch\/#\/schema\/person\/aa2bace6c5c5aad60102004a50c4eb1c"},"headline":"Damit Krisenmanagement nicht zur F\u00fchrungskrise wird","datePublished":"2025-06-19T21:16:13+00:00","mainEntityOfPage":{"@id":"https:\/\/www.organisator.ch\/management\/2025-06-19\/damit-krisenmanagement-nicht-zur-fuehrungskrise-wird\/"},"wordCount":1179,"publisher":{"@id":"https:\/\/www.organisator.ch\/#organization"},"image":{"@id":"https:\/\/www.organisator.ch\/management\/2025-06-19\/damit-krisenmanagement-nicht-zur-fuehrungskrise-wird\/#primaryimage"},"thumbnailUrl":"https:\/\/www.organisator.ch\/wp-content\/uploads\/2025\/06\/Damit-Krisenmanagement-nicht-zur-Fuehrungskrise-wird_Organisator.jpg","keywords":["Krisenmanagement","Management und Unternehmensf\u00fchrung","Turnaround"],"articleSection":["ABO+","MANAGEMENT"],"inLanguage":"fr-FR"},{"@type":"WebPage","@id":"https:\/\/www.organisator.ch\/management\/2025-06-19\/damit-krisenmanagement-nicht-zur-fuehrungskrise-wird\/","url":"https:\/\/www.organisator.ch\/management\/2025-06-19\/damit-krisenmanagement-nicht-zur-fuehrungskrise-wird\/","name":"Pour que la gestion de crise ne se transforme pas en crise de leadership - Organisateur","isPartOf":{"@id":"https:\/\/www.organisator.ch\/#website"},"primaryImageOfPage":{"@id":"https:\/\/www.organisator.ch\/management\/2025-06-19\/damit-krisenmanagement-nicht-zur-fuehrungskrise-wird\/#primaryimage"},"image":{"@id":"https:\/\/www.organisator.ch\/management\/2025-06-19\/damit-krisenmanagement-nicht-zur-fuehrungskrise-wird\/#primaryimage"},"thumbnailUrl":"https:\/\/www.organisator.ch\/wp-content\/uploads\/2025\/06\/Damit-Krisenmanagement-nicht-zur-Fuehrungskrise-wird_Organisator.jpg","datePublished":"2025-06-19T21:16:13+00:00","description":"Une r\u00e9partition claire des r\u00f4les entre la direction et le conseil d'administration permet d'\u00e9viter une crise de direction en cas de redressement.","breadcrumb":{"@id":"https:\/\/www.organisator.ch\/management\/2025-06-19\/damit-krisenmanagement-nicht-zur-fuehrungskrise-wird\/#breadcrumb"},"inLanguage":"fr-FR","potentialAction":[{"@type":"ReadAction","target":["https:\/\/www.organisator.ch\/management\/2025-06-19\/damit-krisenmanagement-nicht-zur-fuehrungskrise-wird\/"]}]},{"@type":"ImageObject","inLanguage":"fr-FR","@id":"https:\/\/www.organisator.ch\/management\/2025-06-19\/damit-krisenmanagement-nicht-zur-fuehrungskrise-wird\/#primaryimage","url":"https:\/\/www.organisator.ch\/wp-content\/uploads\/2025\/06\/Damit-Krisenmanagement-nicht-zur-Fuehrungskrise-wird_Organisator.jpg","contentUrl":"https:\/\/www.organisator.ch\/wp-content\/uploads\/2025\/06\/Damit-Krisenmanagement-nicht-zur-Fuehrungskrise-wird_Organisator.jpg","width":680,"height":382,"caption":"Unstimmigkeiten in der Unternehmensf\u00fchrung w\u00e4hrend einer Krise erschweren ein wirksames Krisenmanagement.\u00a9 Depositphotos.com"},{"@type":"BreadcrumbList","@id":"https:\/\/www.organisator.ch\/management\/2025-06-19\/damit-krisenmanagement-nicht-zur-fuehrungskrise-wird\/#breadcrumb","itemListElement":[{"@type":"ListItem","position":1,"name":"Home","item":"https:\/\/www.organisator.ch\/"},{"@type":"ListItem","position":2,"name":"Damit Krisenmanagement nicht zur F\u00fchrungskrise wird"}]},{"@type":"WebSite","@id":"https:\/\/www.organisator.ch\/#website","url":"https:\/\/www.organisator.ch\/","name":"Organisateur","description":"Comp\u00e9tence et comp\u00e9tence. Proches de la pratique. L'ORGANISATEUR pr\u00e9pare 10 num\u00e9ros par an sur les th\u00e8mes essentiels pour les dirigeants de PME.","publisher":{"@id":"https:\/\/www.organisator.ch\/#organization"},"potentialAction":[{"@type":"SearchAction","target":{"@type":"EntryPoint","urlTemplate":"https:\/\/www.organisator.ch\/?s={search_term_string}"},"query-input":{"@type":"PropertyValueSpecification","valueRequired":true,"valueName":"search_term_string"}}],"inLanguage":"fr-FR"},{"@type":"Organization","@id":"https:\/\/www.organisator.ch\/#organization","name":"Organisateur","url":"https:\/\/www.organisator.ch\/","logo":{"@type":"ImageObject","inLanguage":"fr-FR","@id":"https:\/\/www.organisator.ch\/#\/schema\/logo\/image\/","url":"https:\/\/www.organisator.ch\/wp-content\/uploads\/2022\/01\/Logo_Organisator_Website.png","contentUrl":"https:\/\/www.organisator.ch\/wp-content\/uploads\/2022\/01\/Logo_Organisator_Website.png","width":800,"height":77,"caption":"Organisator"},"image":{"@id":"https:\/\/www.organisator.ch\/#\/schema\/logo\/image\/"},"sameAs":["https:\/\/www.facebook.com\/OrganisatorFachmagazin","https:\/\/www.linkedin.com\/showcase\/organisator-das-magazin-fr-kmu","https:\/\/www.xing.com\/news\/pages\/organisator-ch-695","https:\/\/www.youtube.com\/channel\/UCGP2Sq0iWaZwT3BdIAQFYpw"]},{"@type":"Person","@id":"https:\/\/www.organisator.ch\/#\/schema\/person\/aa2bace6c5c5aad60102004a50c4eb1c","name":"admin","image":{"@type":"ImageObject","inLanguage":"fr-FR","@id":"https:\/\/secure.gravatar.com\/avatar\/ae2f4d718e6c49043e314ce431e7e645d646302a24a5ef5a8bc8e3f5a032e319?s=96&d=mm&r=g","url":"https:\/\/secure.gravatar.com\/avatar\/ae2f4d718e6c49043e314ce431e7e645d646302a24a5ef5a8bc8e3f5a032e319?s=96&d=mm&r=g","contentUrl":"https:\/\/secure.gravatar.com\/avatar\/ae2f4d718e6c49043e314ce431e7e645d646302a24a5ef5a8bc8e3f5a032e319?s=96&d=mm&r=g","caption":"admin"},"sameAs":["https:\/\/www.organisator.ch"],"url":"https:\/\/www.organisator.ch\/fr\/author\/admin\/"}]}},"_links":{"self":[{"href":"https:\/\/www.organisator.ch\/fr\/wp-json\/wp\/v2\/posts\/38988","targetHints":{"allow":["GET"]}}],"collection":[{"href":"https:\/\/www.organisator.ch\/fr\/wp-json\/wp\/v2\/posts"}],"about":[{"href":"https:\/\/www.organisator.ch\/fr\/wp-json\/wp\/v2\/types\/post"}],"author":[{"embeddable":true,"href":"https:\/\/www.organisator.ch\/fr\/wp-json\/wp\/v2\/users\/1"}],"replies":[{"embeddable":true,"href":"https:\/\/www.organisator.ch\/fr\/wp-json\/wp\/v2\/comments?post=38988"}],"version-history":[{"count":2,"href":"https:\/\/www.organisator.ch\/fr\/wp-json\/wp\/v2\/posts\/38988\/revisions"}],"predecessor-version":[{"id":39073,"href":"https:\/\/www.organisator.ch\/fr\/wp-json\/wp\/v2\/posts\/38988\/revisions\/39073"}],"wp:featuredmedia":[{"embeddable":true,"href":"https:\/\/www.organisator.ch\/fr\/wp-json\/wp\/v2\/media\/39067"}],"wp:attachment":[{"href":"https:\/\/www.organisator.ch\/fr\/wp-json\/wp\/v2\/media?parent=38988"}],"wp:term":[{"taxonomy":"category","embeddable":true,"href":"https:\/\/www.organisator.ch\/fr\/wp-json\/wp\/v2\/categories?post=38988"},{"taxonomy":"post_tag","embeddable":true,"href":"https:\/\/www.organisator.ch\/fr\/wp-json\/wp\/v2\/tags?post=38988"}],"curies":[{"name":"wp","href":"https:\/\/api.w.org\/{rel}","templated":true}]}}