{"id":38992,"date":"2025-06-19T22:05:54","date_gmt":"2025-06-19T20:05:54","guid":{"rendered":"https:\/\/www.organisator.ch\/de\/?p=38992"},"modified":"2025-06-17T16:15:58","modified_gmt":"2025-06-17T14:15:58","slug":"erfolgsfaktor-kompetenzorientierung","status":"publish","type":"post","link":"https:\/\/www.organisator.ch\/fr\/human-resources\/2025-06-19\/erfolgsfaktor-kompetenzorientierung\/","title":{"rendered":"L'orientation vers les comp\u00e9tences, un facteur de r\u00e9ussite"},"content":{"rendered":"<div class=\"swpm-post-not-logged-in-msg\">Vous devez \u00eatre connect\u00e9 pour voir ce contenu. Veuillez <a class=\"swpm-login-link\" href=\"https:\/\/www.organisator.ch\/login\/\">Se connecter<\/a>. Pas un membre ? <a href=\"https:\/\/www.organisator.ch\/shop\/\">Nous Rejoindre<\/a><\/div>","protected":false},"excerpt":{"rendered":"<p>Les comp\u00e9tences sont la nouvelle monnaie d'\u00e9change dans la vie professionnelle. Elles ne sont pas seulement d\u00e9cisives pour le d\u00e9veloppement individuel des collaborateurs, mais aussi pour l'orientation strat\u00e9gique et la transformation des entreprises. L'orientation sur les comp\u00e9tences est donc \u00e0 la fois la cl\u00e9 d'un d\u00e9veloppement r\u00e9ussi du personnel et de l'entreprise.<\/p>","protected":false},"author":1,"featured_media":39063,"comment_status":"closed","ping_status":"closed","sticky":false,"template":"","format":"standard","meta":{"_acf_changed":false,"_yoast_wpseo_focuskw":"Kompetenzorientierung","_yoast_wpseo_metadesc":"Kompetenzen sind die neue W\u00e4hrung im Arbeitsleben. Kompetenzorientierung ist deshalb ein Schl\u00fcssel zu erfolgreicher Personalentwicklung.","articlekey":"160365","footnotes":""},"categories":[578,579],"tags":[62,254,4016,3701],"class_list":["post-38992","post","type-post","status-publish","format-standard","has-post-thumbnail","hentry","category-abo","category-human-resources","tag-aus-weiterbildung","tag-hrm","tag-kompetenzentwicklung","tag-personalentwicklung"],"acf":[],"yoast_head":"<!-- This site is optimized with the Yoast SEO plugin v27.5 - https:\/\/yoast.com\/product\/yoast-seo-wordpress\/ -->\n<title>Erfolgsfaktor Kompetenzorientierung - Organisator<\/title>\n<meta name=\"description\" content=\"Kompetenzen sind die neue W\u00e4hrung im Arbeitsleben. Kompetenzorientierung ist deshalb ein Schl\u00fcssel zu erfolgreicher Personalentwicklung.\" \/>\n<meta name=\"robots\" content=\"index, follow, max-snippet:-1, max-image-preview:large, max-video-preview:-1\" \/>\n<link rel=\"canonical\" href=\"https:\/\/www.organisator.ch\/fr\/ressources-humaines\/2025-06-19\/erfolgsfaktor-kompetenzorientierung\/\" \/>\n<meta property=\"og:locale\" content=\"fr_FR\" \/>\n<meta property=\"og:type\" content=\"article\" \/>\n<meta property=\"og:title\" content=\"Erfolgsfaktor Kompetenzorientierung - Organisator\" \/>\n<meta property=\"og:description\" content=\"Kompetenzen sind die neue W\u00e4hrung im Arbeitsleben. Kompetenzorientierung ist deshalb ein Schl\u00fcssel zu erfolgreicher Personalentwicklung.\" \/>\n<meta property=\"og:url\" content=\"https:\/\/www.organisator.ch\/fr\/ressources-humaines\/2025-06-19\/erfolgsfaktor-kompetenzorientierung\/\" \/>\n<meta property=\"og:site_name\" content=\"Organisator\" \/>\n<meta property=\"article:publisher\" content=\"https:\/\/www.facebook.com\/OrganisatorFachmagazin\" \/>\n<meta property=\"article:published_time\" content=\"2025-06-19T20:05:54+00:00\" \/>\n<meta property=\"og:image\" content=\"https:\/\/www.organisator.ch\/wp-content\/uploads\/2025\/06\/Erfolgsfaktor-Kompetenzorientierung_Organisator.jpg\" \/>\n\t<meta property=\"og:image:width\" content=\"680\" \/>\n\t<meta property=\"og:image:height\" content=\"913\" \/>\n\t<meta property=\"og:image:type\" content=\"image\/jpeg\" \/>\n<meta name=\"author\" content=\"admin\" \/>\n<meta name=\"twitter:card\" content=\"summary_large_image\" \/>\n<script type=\"application\/ld+json\" class=\"yoast-schema-graph\">{\"@context\":\"https:\\\/\\\/schema.org\",\"@graph\":[{\"@type\":\"Article\",\"@id\":\"https:\\\/\\\/www.organisator.ch\\\/human-resources\\\/2025-06-19\\\/erfolgsfaktor-kompetenzorientierung\\\/#article\",\"isPartOf\":{\"@id\":\"https:\\\/\\\/www.organisator.ch\\\/human-resources\\\/2025-06-19\\\/erfolgsfaktor-kompetenzorientierung\\\/\"},\"author\":{\"name\":\"admin\",\"@id\":\"https:\\\/\\\/www.organisator.ch\\\/#\\\/schema\\\/person\\\/aa2bace6c5c5aad60102004a50c4eb1c\"},\"headline\":\"Erfolgsfaktor Kompetenzorientierung\",\"datePublished\":\"2025-06-19T20:05:54+00:00\",\"mainEntityOfPage\":{\"@id\":\"https:\\\/\\\/www.organisator.ch\\\/human-resources\\\/2025-06-19\\\/erfolgsfaktor-kompetenzorientierung\\\/\"},\"wordCount\":761,\"publisher\":{\"@id\":\"https:\\\/\\\/www.organisator.ch\\\/#organization\"},\"image\":{\"@id\":\"https:\\\/\\\/www.organisator.ch\\\/human-resources\\\/2025-06-19\\\/erfolgsfaktor-kompetenzorientierung\\\/#primaryimage\"},\"thumbnailUrl\":\"https:\\\/\\\/www.organisator.ch\\\/wp-content\\\/uploads\\\/2025\\\/06\\\/Erfolgsfaktor-Kompetenzorientierung_Organisator.jpg\",\"keywords\":[\"Aus-\\\/Weiterbildung\",\"HRM\",\"Kompetenzentwicklung\",\"Personalentwicklung\"],\"articleSection\":[\"ABO+\",\"HUMAN RESOURCES\"],\"inLanguage\":\"fr-FR\"},{\"@type\":\"WebPage\",\"@id\":\"https:\\\/\\\/www.organisator.ch\\\/human-resources\\\/2025-06-19\\\/erfolgsfaktor-kompetenzorientierung\\\/\",\"url\":\"https:\\\/\\\/www.organisator.ch\\\/human-resources\\\/2025-06-19\\\/erfolgsfaktor-kompetenzorientierung\\\/\",\"name\":\"Erfolgsfaktor Kompetenzorientierung - Organisator\",\"isPartOf\":{\"@id\":\"https:\\\/\\\/www.organisator.ch\\\/#website\"},\"primaryImageOfPage\":{\"@id\":\"https:\\\/\\\/www.organisator.ch\\\/human-resources\\\/2025-06-19\\\/erfolgsfaktor-kompetenzorientierung\\\/#primaryimage\"},\"image\":{\"@id\":\"https:\\\/\\\/www.organisator.ch\\\/human-resources\\\/2025-06-19\\\/erfolgsfaktor-kompetenzorientierung\\\/#primaryimage\"},\"thumbnailUrl\":\"https:\\\/\\\/www.organisator.ch\\\/wp-content\\\/uploads\\\/2025\\\/06\\\/Erfolgsfaktor-Kompetenzorientierung_Organisator.jpg\",\"datePublished\":\"2025-06-19T20:05:54+00:00\",\"description\":\"Kompetenzen sind die neue W\u00e4hrung im Arbeitsleben. Kompetenzorientierung ist deshalb ein Schl\u00fcssel zu erfolgreicher Personalentwicklung.\",\"breadcrumb\":{\"@id\":\"https:\\\/\\\/www.organisator.ch\\\/human-resources\\\/2025-06-19\\\/erfolgsfaktor-kompetenzorientierung\\\/#breadcrumb\"},\"inLanguage\":\"fr-FR\",\"potentialAction\":[{\"@type\":\"ReadAction\",\"target\":[\"https:\\\/\\\/www.organisator.ch\\\/human-resources\\\/2025-06-19\\\/erfolgsfaktor-kompetenzorientierung\\\/\"]}]},{\"@type\":\"ImageObject\",\"inLanguage\":\"fr-FR\",\"@id\":\"https:\\\/\\\/www.organisator.ch\\\/human-resources\\\/2025-06-19\\\/erfolgsfaktor-kompetenzorientierung\\\/#primaryimage\",\"url\":\"https:\\\/\\\/www.organisator.ch\\\/wp-content\\\/uploads\\\/2025\\\/06\\\/Erfolgsfaktor-Kompetenzorientierung_Organisator.jpg\",\"contentUrl\":\"https:\\\/\\\/www.organisator.ch\\\/wp-content\\\/uploads\\\/2025\\\/06\\\/Erfolgsfaktor-Kompetenzorientierung_Organisator.jpg\",\"width\":680,\"height\":913,\"caption\":\"Bild: 2025 Inolution \\\/ ChatGPT Image\"},{\"@type\":\"BreadcrumbList\",\"@id\":\"https:\\\/\\\/www.organisator.ch\\\/human-resources\\\/2025-06-19\\\/erfolgsfaktor-kompetenzorientierung\\\/#breadcrumb\",\"itemListElement\":[{\"@type\":\"ListItem\",\"position\":1,\"name\":\"Home\",\"item\":\"https:\\\/\\\/www.organisator.ch\\\/\"},{\"@type\":\"ListItem\",\"position\":2,\"name\":\"Erfolgsfaktor Kompetenzorientierung\"}]},{\"@type\":\"WebSite\",\"@id\":\"https:\\\/\\\/www.organisator.ch\\\/#website\",\"url\":\"https:\\\/\\\/www.organisator.ch\\\/\",\"name\":\"Organisator\",\"description\":\"Kompetent. Praxisnah. Der ORGANISATOR bereitet in 10 Ausgaben pro Jahr die wesentlichen Themen f\u00fcr F\u00fchrungskr\u00e4fte von KMU auf.\",\"publisher\":{\"@id\":\"https:\\\/\\\/www.organisator.ch\\\/#organization\"},\"potentialAction\":[{\"@type\":\"SearchAction\",\"target\":{\"@type\":\"EntryPoint\",\"urlTemplate\":\"https:\\\/\\\/www.organisator.ch\\\/?s={search_term_string}\"},\"query-input\":{\"@type\":\"PropertyValueSpecification\",\"valueRequired\":true,\"valueName\":\"search_term_string\"}}],\"inLanguage\":\"fr-FR\"},{\"@type\":\"Organization\",\"@id\":\"https:\\\/\\\/www.organisator.ch\\\/#organization\",\"name\":\"Organisator\",\"url\":\"https:\\\/\\\/www.organisator.ch\\\/\",\"logo\":{\"@type\":\"ImageObject\",\"inLanguage\":\"fr-FR\",\"@id\":\"https:\\\/\\\/www.organisator.ch\\\/#\\\/schema\\\/logo\\\/image\\\/\",\"url\":\"https:\\\/\\\/www.organisator.ch\\\/wp-content\\\/uploads\\\/2022\\\/01\\\/Logo_Organisator_Website.png\",\"contentUrl\":\"https:\\\/\\\/www.organisator.ch\\\/wp-content\\\/uploads\\\/2022\\\/01\\\/Logo_Organisator_Website.png\",\"width\":800,\"height\":77,\"caption\":\"Organisator\"},\"image\":{\"@id\":\"https:\\\/\\\/www.organisator.ch\\\/#\\\/schema\\\/logo\\\/image\\\/\"},\"sameAs\":[\"https:\\\/\\\/www.facebook.com\\\/OrganisatorFachmagazin\",\"https:\\\/\\\/www.linkedin.com\\\/showcase\\\/organisator-das-magazin-fr-kmu\",\"https:\\\/\\\/www.xing.com\\\/news\\\/pages\\\/organisator-ch-695\",\"https:\\\/\\\/www.youtube.com\\\/channel\\\/UCGP2Sq0iWaZwT3BdIAQFYpw\"]},{\"@type\":\"Person\",\"@id\":\"https:\\\/\\\/www.organisator.ch\\\/#\\\/schema\\\/person\\\/aa2bace6c5c5aad60102004a50c4eb1c\",\"name\":\"admin\",\"image\":{\"@type\":\"ImageObject\",\"inLanguage\":\"fr-FR\",\"@id\":\"https:\\\/\\\/secure.gravatar.com\\\/avatar\\\/ae2f4d718e6c49043e314ce431e7e645d646302a24a5ef5a8bc8e3f5a032e319?s=96&d=mm&r=g\",\"url\":\"https:\\\/\\\/secure.gravatar.com\\\/avatar\\\/ae2f4d718e6c49043e314ce431e7e645d646302a24a5ef5a8bc8e3f5a032e319?s=96&d=mm&r=g\",\"contentUrl\":\"https:\\\/\\\/secure.gravatar.com\\\/avatar\\\/ae2f4d718e6c49043e314ce431e7e645d646302a24a5ef5a8bc8e3f5a032e319?s=96&d=mm&r=g\",\"caption\":\"admin\"},\"sameAs\":[\"https:\\\/\\\/www.organisator.ch\"],\"url\":\"https:\\\/\\\/www.organisator.ch\\\/fr\\\/author\\\/admin\\\/\"}]}<\/script>\n<!-- \/ Yoast SEO plugin. -->","yoast_head_json":{"title":"L'orientation comp\u00e9tences, un facteur de r\u00e9ussite - Organisateur","description":"Les comp\u00e9tences sont la nouvelle monnaie d'\u00e9change dans la vie professionnelle. L'orientation comp\u00e9tences est donc la cl\u00e9 d'un d\u00e9veloppement personnel r\u00e9ussi.","robots":{"index":"index","follow":"follow","max-snippet":"max-snippet:-1","max-image-preview":"max-image-preview:large","max-video-preview":"max-video-preview:-1"},"canonical":"https:\/\/www.organisator.ch\/fr\/ressources-humaines\/2025-06-19\/erfolgsfaktor-kompetenzorientierung\/","og_locale":"fr_FR","og_type":"article","og_title":"Erfolgsfaktor Kompetenzorientierung - Organisator","og_description":"Kompetenzen sind die neue W\u00e4hrung im Arbeitsleben. Kompetenzorientierung ist deshalb ein Schl\u00fcssel zu erfolgreicher Personalentwicklung.","og_url":"https:\/\/www.organisator.ch\/fr\/ressources-humaines\/2025-06-19\/erfolgsfaktor-kompetenzorientierung\/","og_site_name":"Organisator","article_publisher":"https:\/\/www.facebook.com\/OrganisatorFachmagazin","article_published_time":"2025-06-19T20:05:54+00:00","og_image":[{"width":680,"height":913,"url":"https:\/\/www.organisator.ch\/wp-content\/uploads\/2025\/06\/Erfolgsfaktor-Kompetenzorientierung_Organisator.jpg","type":"image\/jpeg"}],"author":"admin","twitter_card":"summary_large_image","schema":{"@context":"https:\/\/schema.org","@graph":[{"@type":"Article","@id":"https:\/\/www.organisator.ch\/human-resources\/2025-06-19\/erfolgsfaktor-kompetenzorientierung\/#article","isPartOf":{"@id":"https:\/\/www.organisator.ch\/human-resources\/2025-06-19\/erfolgsfaktor-kompetenzorientierung\/"},"author":{"name":"admin","@id":"https:\/\/www.organisator.ch\/#\/schema\/person\/aa2bace6c5c5aad60102004a50c4eb1c"},"headline":"Erfolgsfaktor Kompetenzorientierung","datePublished":"2025-06-19T20:05:54+00:00","mainEntityOfPage":{"@id":"https:\/\/www.organisator.ch\/human-resources\/2025-06-19\/erfolgsfaktor-kompetenzorientierung\/"},"wordCount":761,"publisher":{"@id":"https:\/\/www.organisator.ch\/#organization"},"image":{"@id":"https:\/\/www.organisator.ch\/human-resources\/2025-06-19\/erfolgsfaktor-kompetenzorientierung\/#primaryimage"},"thumbnailUrl":"https:\/\/www.organisator.ch\/wp-content\/uploads\/2025\/06\/Erfolgsfaktor-Kompetenzorientierung_Organisator.jpg","keywords":["Aus-\/Weiterbildung","HRM","Kompetenzentwicklung","Personalentwicklung"],"articleSection":["ABO+","HUMAN RESOURCES"],"inLanguage":"fr-FR"},{"@type":"WebPage","@id":"https:\/\/www.organisator.ch\/human-resources\/2025-06-19\/erfolgsfaktor-kompetenzorientierung\/","url":"https:\/\/www.organisator.ch\/human-resources\/2025-06-19\/erfolgsfaktor-kompetenzorientierung\/","name":"L'orientation comp\u00e9tences, un facteur de r\u00e9ussite - Organisateur","isPartOf":{"@id":"https:\/\/www.organisator.ch\/#website"},"primaryImageOfPage":{"@id":"https:\/\/www.organisator.ch\/human-resources\/2025-06-19\/erfolgsfaktor-kompetenzorientierung\/#primaryimage"},"image":{"@id":"https:\/\/www.organisator.ch\/human-resources\/2025-06-19\/erfolgsfaktor-kompetenzorientierung\/#primaryimage"},"thumbnailUrl":"https:\/\/www.organisator.ch\/wp-content\/uploads\/2025\/06\/Erfolgsfaktor-Kompetenzorientierung_Organisator.jpg","datePublished":"2025-06-19T20:05:54+00:00","description":"Les comp\u00e9tences sont la nouvelle monnaie d'\u00e9change dans la vie professionnelle. L'orientation comp\u00e9tences est donc la cl\u00e9 d'un d\u00e9veloppement personnel r\u00e9ussi.","breadcrumb":{"@id":"https:\/\/www.organisator.ch\/human-resources\/2025-06-19\/erfolgsfaktor-kompetenzorientierung\/#breadcrumb"},"inLanguage":"fr-FR","potentialAction":[{"@type":"ReadAction","target":["https:\/\/www.organisator.ch\/human-resources\/2025-06-19\/erfolgsfaktor-kompetenzorientierung\/"]}]},{"@type":"ImageObject","inLanguage":"fr-FR","@id":"https:\/\/www.organisator.ch\/human-resources\/2025-06-19\/erfolgsfaktor-kompetenzorientierung\/#primaryimage","url":"https:\/\/www.organisator.ch\/wp-content\/uploads\/2025\/06\/Erfolgsfaktor-Kompetenzorientierung_Organisator.jpg","contentUrl":"https:\/\/www.organisator.ch\/wp-content\/uploads\/2025\/06\/Erfolgsfaktor-Kompetenzorientierung_Organisator.jpg","width":680,"height":913,"caption":"Bild: 2025 Inolution \/ ChatGPT Image"},{"@type":"BreadcrumbList","@id":"https:\/\/www.organisator.ch\/human-resources\/2025-06-19\/erfolgsfaktor-kompetenzorientierung\/#breadcrumb","itemListElement":[{"@type":"ListItem","position":1,"name":"Home","item":"https:\/\/www.organisator.ch\/"},{"@type":"ListItem","position":2,"name":"Erfolgsfaktor Kompetenzorientierung"}]},{"@type":"WebSite","@id":"https:\/\/www.organisator.ch\/#website","url":"https:\/\/www.organisator.ch\/","name":"Organisateur","description":"Comp\u00e9tence et comp\u00e9tence. Proches de la pratique. L'ORGANISATEUR pr\u00e9pare 10 num\u00e9ros par an sur les th\u00e8mes essentiels pour les dirigeants de PME.","publisher":{"@id":"https:\/\/www.organisator.ch\/#organization"},"potentialAction":[{"@type":"SearchAction","target":{"@type":"EntryPoint","urlTemplate":"https:\/\/www.organisator.ch\/?s={search_term_string}"},"query-input":{"@type":"PropertyValueSpecification","valueRequired":true,"valueName":"search_term_string"}}],"inLanguage":"fr-FR"},{"@type":"Organization","@id":"https:\/\/www.organisator.ch\/#organization","name":"Organisateur","url":"https:\/\/www.organisator.ch\/","logo":{"@type":"ImageObject","inLanguage":"fr-FR","@id":"https:\/\/www.organisator.ch\/#\/schema\/logo\/image\/","url":"https:\/\/www.organisator.ch\/wp-content\/uploads\/2022\/01\/Logo_Organisator_Website.png","contentUrl":"https:\/\/www.organisator.ch\/wp-content\/uploads\/2022\/01\/Logo_Organisator_Website.png","width":800,"height":77,"caption":"Organisator"},"image":{"@id":"https:\/\/www.organisator.ch\/#\/schema\/logo\/image\/"},"sameAs":["https:\/\/www.facebook.com\/OrganisatorFachmagazin","https:\/\/www.linkedin.com\/showcase\/organisator-das-magazin-fr-kmu","https:\/\/www.xing.com\/news\/pages\/organisator-ch-695","https:\/\/www.youtube.com\/channel\/UCGP2Sq0iWaZwT3BdIAQFYpw"]},{"@type":"Person","@id":"https:\/\/www.organisator.ch\/#\/schema\/person\/aa2bace6c5c5aad60102004a50c4eb1c","name":"admin","image":{"@type":"ImageObject","inLanguage":"fr-FR","@id":"https:\/\/secure.gravatar.com\/avatar\/ae2f4d718e6c49043e314ce431e7e645d646302a24a5ef5a8bc8e3f5a032e319?s=96&d=mm&r=g","url":"https:\/\/secure.gravatar.com\/avatar\/ae2f4d718e6c49043e314ce431e7e645d646302a24a5ef5a8bc8e3f5a032e319?s=96&d=mm&r=g","contentUrl":"https:\/\/secure.gravatar.com\/avatar\/ae2f4d718e6c49043e314ce431e7e645d646302a24a5ef5a8bc8e3f5a032e319?s=96&d=mm&r=g","caption":"admin"},"sameAs":["https:\/\/www.organisator.ch"],"url":"https:\/\/www.organisator.ch\/fr\/author\/admin\/"}]}},"_links":{"self":[{"href":"https:\/\/www.organisator.ch\/fr\/wp-json\/wp\/v2\/posts\/38992","targetHints":{"allow":["GET"]}}],"collection":[{"href":"https:\/\/www.organisator.ch\/fr\/wp-json\/wp\/v2\/posts"}],"about":[{"href":"https:\/\/www.organisator.ch\/fr\/wp-json\/wp\/v2\/types\/post"}],"author":[{"embeddable":true,"href":"https:\/\/www.organisator.ch\/fr\/wp-json\/wp\/v2\/users\/1"}],"replies":[{"embeddable":true,"href":"https:\/\/www.organisator.ch\/fr\/wp-json\/wp\/v2\/comments?post=38992"}],"version-history":[{"count":2,"href":"https:\/\/www.organisator.ch\/fr\/wp-json\/wp\/v2\/posts\/38992\/revisions"}],"predecessor-version":[{"id":39065,"href":"https:\/\/www.organisator.ch\/fr\/wp-json\/wp\/v2\/posts\/38992\/revisions\/39065"}],"wp:featuredmedia":[{"embeddable":true,"href":"https:\/\/www.organisator.ch\/fr\/wp-json\/wp\/v2\/media\/39063"}],"wp:attachment":[{"href":"https:\/\/www.organisator.ch\/fr\/wp-json\/wp\/v2\/media?parent=38992"}],"wp:term":[{"taxonomy":"category","embeddable":true,"href":"https:\/\/www.organisator.ch\/fr\/wp-json\/wp\/v2\/categories?post=38992"},{"taxonomy":"post_tag","embeddable":true,"href":"https:\/\/www.organisator.ch\/fr\/wp-json\/wp\/v2\/tags?post=38992"}],"curies":[{"name":"wp","href":"https:\/\/api.w.org\/{rel}","templated":true}]}}