{"id":39020,"date":"2025-06-17T10:45:29","date_gmt":"2025-06-17T08:45:29","guid":{"rendered":"https:\/\/www.organisator.ch\/?p=39020"},"modified":"2025-06-17T10:45:29","modified_gmt":"2025-06-17T08:45:29","slug":"marco-zanchi-wird-neuer-ceo-der-wander-ag","status":"publish","type":"post","link":"https:\/\/www.organisator.ch\/fr\/management\/2025-06-17\/marco-zanchi-wird-neuer-ceo-der-wander-ag\/","title":{"rendered":"Marco Zanchi devient le nouveau CEO de Wander AG"},"content":{"rendered":"<figure id=\"attachment_39021\" aria-describedby=\"caption-attachment-39021\" style=\"width: 680px\" class=\"wp-caption alignnone\"><img loading=\"lazy\" decoding=\"async\" class=\"size-full wp-image-39021\" src=\"https:\/\/www.organisator.ch\/wp-content\/uploads\/2025\/06\/Marco-Zanchi-wird-neuer-CEO-der-Wander-AG_Organisator.png\" alt=\"\" width=\"680\" height=\"472\" srcset=\"https:\/\/www.organisator.ch\/wp-content\/uploads\/2025\/06\/Marco-Zanchi-wird-neuer-CEO-der-Wander-AG_Organisator.png 680w, https:\/\/www.organisator.ch\/wp-content\/uploads\/2025\/06\/Marco-Zanchi-wird-neuer-CEO-der-Wander-AG_Organisator-18x12.png 18w, https:\/\/www.organisator.ch\/wp-content\/uploads\/2025\/06\/Marco-Zanchi-wird-neuer-CEO-der-Wander-AG_Organisator-375x260.png 375w, https:\/\/www.organisator.ch\/wp-content\/uploads\/2025\/06\/Marco-Zanchi-wird-neuer-CEO-der-Wander-AG_Organisator-504x350.png 504w\" sizes=\"auto, (max-width: 680px) 100vw, 680px\" \/><figcaption id=\"caption-attachment-39021\" class=\"wp-caption-text\">Marco Zanchi prendra ses nouvelles fonctions de CEO de Wander AG le 19 ao\u00fbt 2025. (Image : zVg)<\/figcaption><\/figure>\n<p>Avec plus de 20 ans d'exp\u00e9rience dans le secteur de l'alimentation et des produits de grande consommation, Marco Zanchi apporte une vaste expertise dans la gestion des marques, le management strat\u00e9gique et la gestion d'entreprise internationale. Apr\u00e8s avoir occup\u00e9 pendant plusieurs ann\u00e9es des postes de direction chez Nestl\u00e9 en Suisse et en Italie, il a pass\u00e9 les six derni\u00e8res ann\u00e9es en tant que General Manager Food \u00e0 Paris et plus r\u00e9cemment \u00e0 Amsterdam en tant que Regional General Manager Food Benelux &amp; Nordics. Il a \u00e9t\u00e9 responsable du d\u00e9veloppement et de la gestion de nombreuses marques connues - dont Maggi, Thomy, Frisco, M\u00f6venpick, Leisi et d'autres. \u00a0<\/p>\n<h3><strong>Des marques qui ont une histoire<\/strong><\/h3>\n<p>\"Ovomaltine, Caotina et Twinings sont des love brands qui marquent le quotidien des consommateurs depuis des d\u00e9cennies. Je suis fier de pouvoir travailler pour des marques qui ont une histoire, du caract\u00e8re et de l'\u00e9nergie. Cela me motive toujours \u00e0 nouveau d'enthousiasmer les gens avec des produits qui font bouger les choses\", d\u00e9clare Marco Zanchi. Le nouveau CEO compl\u00e8te ainsi la direction avec les autres membres suivants : Christina Kieni R\u00f6mer, Marketing ; Daniela Kuonen Gugger, RH ; Georg Kundert, National &amp; International Sales ; Xavier Ducousso, Supply Chain ; Stefan Stucki, Finance &amp; IT ; Marco Ihle, directeur de Wander GmbH, Allemagne.<\/p>\n<h3><strong>L'innovation se construit ensemble<\/strong><\/h3>\n<p>Marco Zanchi est convaincu que le travail d'\u00e9quipe, la diversit\u00e9 culturelle et la confiance mutuelle sont la base de l'innovation et des solutions cr\u00e9atives. \"Ensemble, en \u00e9quipe, nous cr\u00e9ons une atmosph\u00e8re dans laquelle les connaissances communes sont utilis\u00e9es et la cr\u00e9ativit\u00e9 encourag\u00e9e. Je ressens fortement cet esprit d'\u00e9quipe chez Wander\", d\u00e9clare le futur CEO, qui prendra ses nouvelles fonctions en ao\u00fbt.<\/p>\n<p>Marco Zanchi a travaill\u00e9 plusieurs ann\u00e9es en Suisse et conna\u00eet parfaitement le march\u00e9 et la culture locaux. Son exp\u00e9rience internationale, sa vision strat\u00e9gique et sa passion pour les marques fortes permettront de faire progresser la force d'innovation existante de Wander AG tout en renfor\u00e7ant durablement le site de production suisse et la position de l'entreprise sur les march\u00e9s concern\u00e9s.<\/p>\n<p><em>Source : <a href=\"http:\/\/www.wander.ch\">Wander AG<\/a><\/em><\/p>","protected":false},"excerpt":{"rendered":"<p>Wander AG nomme Marco Zanchi nouveau CEO \u00e0 partir du 19 ao\u00fbt 2025. Marco Zanchi succ\u00e8de \u00e0 la codirection int\u00e9rimaire assur\u00e9e par Christina Kieni R\u00f6mer, Marketing Director, et Stefan Stucki, Finance &amp; IT Director. <\/p>","protected":false},"author":4,"featured_media":39021,"comment_status":"closed","ping_status":"closed","sticky":false,"template":"","format":"standard","meta":{"_acf_changed":false,"_yoast_wpseo_focuskw":"Marco Zanchi","_yoast_wpseo_metadesc":"Die Wander AG ernennt Marco Zanchi per 19. August 2025 zum neuen CEO. Er folgt auf die bisherige interimistische Co-Gesch\u00e4ftsleitung.","articlekey":"","footnotes":""},"categories":[28],"tags":[904,335,492],"class_list":["post-39020","post","type-post","status-publish","format-standard","has-post-thumbnail","hentry","category-management","tag-ceo","tag-management-und-unternehmensfuehrung","tag-unternehmen"],"acf":[],"yoast_head":"<!-- This site is optimized with the Yoast SEO plugin v27.5 - https:\/\/yoast.com\/product\/yoast-seo-wordpress\/ -->\n<title>Marco Zanchi wird neuer CEO der Wander AG - Organisator<\/title>\n<meta name=\"description\" content=\"Die Wander AG ernennt Marco Zanchi per 19. August 2025 zum neuen CEO. Er folgt auf die bisherige interimistische Co-Gesch\u00e4ftsleitung.\" \/>\n<meta name=\"robots\" content=\"index, follow, max-snippet:-1, max-image-preview:large, max-video-preview:-1\" \/>\n<link rel=\"canonical\" href=\"https:\/\/www.organisator.ch\/fr\/gestion-2\/2025-06-17\/marco-zanchi-wird-neuer-ceo-der-wander-ag\/\" \/>\n<meta property=\"og:locale\" content=\"fr_FR\" \/>\n<meta property=\"og:type\" content=\"article\" \/>\n<meta property=\"og:title\" content=\"Marco Zanchi wird neuer CEO der Wander AG\" \/>\n<meta property=\"og:description\" content=\"Die Wander AG ernennt Marco Zanchi per 19. August 2025 zum neuen CEO. Er folgt auf die bisherige interimistische Co-Gesch\u00e4ftsleitung.\" \/>\n<meta property=\"og:url\" content=\"https:\/\/www.organisator.ch\/fr\/gestion-2\/2025-06-17\/marco-zanchi-wird-neuer-ceo-der-wander-ag\/\" \/>\n<meta property=\"og:site_name\" content=\"Organisator\" \/>\n<meta property=\"article:publisher\" content=\"https:\/\/www.facebook.com\/OrganisatorFachmagazin\" \/>\n<meta property=\"article:published_time\" content=\"2025-06-17T08:45:29+00:00\" \/>\n<meta property=\"og:image\" content=\"https:\/\/www.organisator.ch\/wp-content\/uploads\/2025\/06\/Marco-Zanchi-wird-neuer-CEO-der-Wander-AG_Organisator.png\" \/>\n\t<meta property=\"og:image:width\" content=\"680\" \/>\n\t<meta property=\"og:image:height\" content=\"472\" \/>\n\t<meta property=\"og:image:type\" content=\"image\/png\" \/>\n<meta name=\"author\" content=\"thomas.berner\" \/>\n<meta name=\"twitter:card\" content=\"summary_large_image\" \/>\n<meta name=\"twitter:title\" content=\"Marco #Zanchi wird neuer CEO der #Wander AG\" \/>\n<meta name=\"twitter:description\" content=\"Die #Wander AG ernennt Marco #Zanchi per 19. August 2025 zum neuen CEO. Er folgt auf die bisherige interimistische Co-Gesch\u00e4ftsleitung.\" \/>\n<meta name=\"twitter:image\" content=\"https:\/\/www.organisator.ch\/wp-content\/uploads\/2025\/06\/Marco-Zanchi-wird-neuer-CEO-der-Wander-AG_Organisator.png\" \/>\n<script type=\"application\/ld+json\" class=\"yoast-schema-graph\">{\"@context\":\"https:\\\/\\\/schema.org\",\"@graph\":[{\"@type\":\"Article\",\"@id\":\"https:\\\/\\\/www.organisator.ch\\\/management\\\/2025-06-17\\\/marco-zanchi-wird-neuer-ceo-der-wander-ag\\\/#article\",\"isPartOf\":{\"@id\":\"https:\\\/\\\/www.organisator.ch\\\/management\\\/2025-06-17\\\/marco-zanchi-wird-neuer-ceo-der-wander-ag\\\/\"},\"author\":{\"name\":\"thomas.berner\",\"@id\":\"https:\\\/\\\/www.organisator.ch\\\/#\\\/schema\\\/person\\\/6f650f90b2842cd4c0cc334b4e36f67e\"},\"headline\":\"Marco Zanchi wird neuer CEO der Wander AG\",\"datePublished\":\"2025-06-17T08:45:29+00:00\",\"mainEntityOfPage\":{\"@id\":\"https:\\\/\\\/www.organisator.ch\\\/management\\\/2025-06-17\\\/marco-zanchi-wird-neuer-ceo-der-wander-ag\\\/\"},\"wordCount\":339,\"publisher\":{\"@id\":\"https:\\\/\\\/www.organisator.ch\\\/#organization\"},\"image\":{\"@id\":\"https:\\\/\\\/www.organisator.ch\\\/management\\\/2025-06-17\\\/marco-zanchi-wird-neuer-ceo-der-wander-ag\\\/#primaryimage\"},\"thumbnailUrl\":\"https:\\\/\\\/www.organisator.ch\\\/wp-content\\\/uploads\\\/2025\\\/06\\\/Marco-Zanchi-wird-neuer-CEO-der-Wander-AG_Organisator.png\",\"keywords\":[\"CEO\",\"Management und Unternehmensf\u00fchrung\",\"Unternehmen\"],\"articleSection\":[\"MANAGEMENT\"],\"inLanguage\":\"fr-FR\"},{\"@type\":\"WebPage\",\"@id\":\"https:\\\/\\\/www.organisator.ch\\\/management\\\/2025-06-17\\\/marco-zanchi-wird-neuer-ceo-der-wander-ag\\\/\",\"url\":\"https:\\\/\\\/www.organisator.ch\\\/management\\\/2025-06-17\\\/marco-zanchi-wird-neuer-ceo-der-wander-ag\\\/\",\"name\":\"Marco Zanchi wird neuer CEO der Wander AG - Organisator\",\"isPartOf\":{\"@id\":\"https:\\\/\\\/www.organisator.ch\\\/#website\"},\"primaryImageOfPage\":{\"@id\":\"https:\\\/\\\/www.organisator.ch\\\/management\\\/2025-06-17\\\/marco-zanchi-wird-neuer-ceo-der-wander-ag\\\/#primaryimage\"},\"image\":{\"@id\":\"https:\\\/\\\/www.organisator.ch\\\/management\\\/2025-06-17\\\/marco-zanchi-wird-neuer-ceo-der-wander-ag\\\/#primaryimage\"},\"thumbnailUrl\":\"https:\\\/\\\/www.organisator.ch\\\/wp-content\\\/uploads\\\/2025\\\/06\\\/Marco-Zanchi-wird-neuer-CEO-der-Wander-AG_Organisator.png\",\"datePublished\":\"2025-06-17T08:45:29+00:00\",\"description\":\"Die Wander AG ernennt Marco Zanchi per 19. August 2025 zum neuen CEO. Er folgt auf die bisherige interimistische Co-Gesch\u00e4ftsleitung.\",\"breadcrumb\":{\"@id\":\"https:\\\/\\\/www.organisator.ch\\\/management\\\/2025-06-17\\\/marco-zanchi-wird-neuer-ceo-der-wander-ag\\\/#breadcrumb\"},\"inLanguage\":\"fr-FR\",\"potentialAction\":[{\"@type\":\"ReadAction\",\"target\":[\"https:\\\/\\\/www.organisator.ch\\\/management\\\/2025-06-17\\\/marco-zanchi-wird-neuer-ceo-der-wander-ag\\\/\"]}]},{\"@type\":\"ImageObject\",\"inLanguage\":\"fr-FR\",\"@id\":\"https:\\\/\\\/www.organisator.ch\\\/management\\\/2025-06-17\\\/marco-zanchi-wird-neuer-ceo-der-wander-ag\\\/#primaryimage\",\"url\":\"https:\\\/\\\/www.organisator.ch\\\/wp-content\\\/uploads\\\/2025\\\/06\\\/Marco-Zanchi-wird-neuer-CEO-der-Wander-AG_Organisator.png\",\"contentUrl\":\"https:\\\/\\\/www.organisator.ch\\\/wp-content\\\/uploads\\\/2025\\\/06\\\/Marco-Zanchi-wird-neuer-CEO-der-Wander-AG_Organisator.png\",\"width\":680,\"height\":472,\"caption\":\"Marco Zanchi \u00fcbernimmt am 19. August 2025 seine neue Funktion als CEO der Wander AG. (Bild: zVg)\"},{\"@type\":\"BreadcrumbList\",\"@id\":\"https:\\\/\\\/www.organisator.ch\\\/management\\\/2025-06-17\\\/marco-zanchi-wird-neuer-ceo-der-wander-ag\\\/#breadcrumb\",\"itemListElement\":[{\"@type\":\"ListItem\",\"position\":1,\"name\":\"Home\",\"item\":\"https:\\\/\\\/www.organisator.ch\\\/\"},{\"@type\":\"ListItem\",\"position\":2,\"name\":\"Marco Zanchi wird neuer CEO der Wander AG\"}]},{\"@type\":\"WebSite\",\"@id\":\"https:\\\/\\\/www.organisator.ch\\\/#website\",\"url\":\"https:\\\/\\\/www.organisator.ch\\\/\",\"name\":\"Organisator\",\"description\":\"Kompetent. Praxisnah. Der ORGANISATOR bereitet in 10 Ausgaben pro Jahr die wesentlichen Themen f\u00fcr F\u00fchrungskr\u00e4fte von KMU auf.\",\"publisher\":{\"@id\":\"https:\\\/\\\/www.organisator.ch\\\/#organization\"},\"potentialAction\":[{\"@type\":\"SearchAction\",\"target\":{\"@type\":\"EntryPoint\",\"urlTemplate\":\"https:\\\/\\\/www.organisator.ch\\\/?s={search_term_string}\"},\"query-input\":{\"@type\":\"PropertyValueSpecification\",\"valueRequired\":true,\"valueName\":\"search_term_string\"}}],\"inLanguage\":\"fr-FR\"},{\"@type\":\"Organization\",\"@id\":\"https:\\\/\\\/www.organisator.ch\\\/#organization\",\"name\":\"Organisator\",\"url\":\"https:\\\/\\\/www.organisator.ch\\\/\",\"logo\":{\"@type\":\"ImageObject\",\"inLanguage\":\"fr-FR\",\"@id\":\"https:\\\/\\\/www.organisator.ch\\\/#\\\/schema\\\/logo\\\/image\\\/\",\"url\":\"https:\\\/\\\/www.organisator.ch\\\/wp-content\\\/uploads\\\/2022\\\/01\\\/Logo_Organisator_Website.png\",\"contentUrl\":\"https:\\\/\\\/www.organisator.ch\\\/wp-content\\\/uploads\\\/2022\\\/01\\\/Logo_Organisator_Website.png\",\"width\":800,\"height\":77,\"caption\":\"Organisator\"},\"image\":{\"@id\":\"https:\\\/\\\/www.organisator.ch\\\/#\\\/schema\\\/logo\\\/image\\\/\"},\"sameAs\":[\"https:\\\/\\\/www.facebook.com\\\/OrganisatorFachmagazin\",\"https:\\\/\\\/www.linkedin.com\\\/showcase\\\/organisator-das-magazin-fr-kmu\",\"https:\\\/\\\/www.xing.com\\\/news\\\/pages\\\/organisator-ch-695\",\"https:\\\/\\\/www.youtube.com\\\/channel\\\/UCGP2Sq0iWaZwT3BdIAQFYpw\"]},{\"@type\":\"Person\",\"@id\":\"https:\\\/\\\/www.organisator.ch\\\/#\\\/schema\\\/person\\\/6f650f90b2842cd4c0cc334b4e36f67e\",\"name\":\"thomas.berner\",\"image\":{\"@type\":\"ImageObject\",\"inLanguage\":\"fr-FR\",\"@id\":\"https:\\\/\\\/secure.gravatar.com\\\/avatar\\\/ac5001d2a36cb6c6cd3e50789007ffca834b477b74a2144564522e944eabff61?s=96&d=mm&r=g\",\"url\":\"https:\\\/\\\/secure.gravatar.com\\\/avatar\\\/ac5001d2a36cb6c6cd3e50789007ffca834b477b74a2144564522e944eabff61?s=96&d=mm&r=g\",\"contentUrl\":\"https:\\\/\\\/secure.gravatar.com\\\/avatar\\\/ac5001d2a36cb6c6cd3e50789007ffca834b477b74a2144564522e944eabff61?s=96&d=mm&r=g\",\"caption\":\"thomas.berner\"},\"url\":\"https:\\\/\\\/www.organisator.ch\\\/fr\\\/author\\\/thomas-berner\\\/\"}]}<\/script>\n<!-- \/ Yoast SEO plugin. -->","yoast_head_json":{"title":"Marco Zanchi devient le nouveau CEO de Wander AG - Organisateur","description":"Wander AG nomme Marco Zanchi nouveau CEO \u00e0 partir du 19 ao\u00fbt 2025. Il succ\u00e8de \u00e0 l'actuelle codirection par int\u00e9rim.","robots":{"index":"index","follow":"follow","max-snippet":"max-snippet:-1","max-image-preview":"max-image-preview:large","max-video-preview":"max-video-preview:-1"},"canonical":"https:\/\/www.organisator.ch\/fr\/gestion-2\/2025-06-17\/marco-zanchi-wird-neuer-ceo-der-wander-ag\/","og_locale":"fr_FR","og_type":"article","og_title":"Marco Zanchi wird neuer CEO der Wander AG","og_description":"Die Wander AG ernennt Marco Zanchi per 19. August 2025 zum neuen CEO. Er folgt auf die bisherige interimistische Co-Gesch\u00e4ftsleitung.","og_url":"https:\/\/www.organisator.ch\/fr\/gestion-2\/2025-06-17\/marco-zanchi-wird-neuer-ceo-der-wander-ag\/","og_site_name":"Organisator","article_publisher":"https:\/\/www.facebook.com\/OrganisatorFachmagazin","article_published_time":"2025-06-17T08:45:29+00:00","og_image":[{"width":680,"height":472,"url":"https:\/\/www.organisator.ch\/wp-content\/uploads\/2025\/06\/Marco-Zanchi-wird-neuer-CEO-der-Wander-AG_Organisator.png","type":"image\/png"}],"author":"thomas.berner","twitter_card":"summary_large_image","twitter_title":"Marco #Zanchi wird neuer CEO der #Wander AG","twitter_description":"Die #Wander AG ernennt Marco #Zanchi per 19. August 2025 zum neuen CEO. Er folgt auf die bisherige interimistische Co-Gesch\u00e4ftsleitung.","twitter_image":"https:\/\/www.organisator.ch\/wp-content\/uploads\/2025\/06\/Marco-Zanchi-wird-neuer-CEO-der-Wander-AG_Organisator.png","schema":{"@context":"https:\/\/schema.org","@graph":[{"@type":"Article","@id":"https:\/\/www.organisator.ch\/management\/2025-06-17\/marco-zanchi-wird-neuer-ceo-der-wander-ag\/#article","isPartOf":{"@id":"https:\/\/www.organisator.ch\/management\/2025-06-17\/marco-zanchi-wird-neuer-ceo-der-wander-ag\/"},"author":{"name":"thomas.berner","@id":"https:\/\/www.organisator.ch\/#\/schema\/person\/6f650f90b2842cd4c0cc334b4e36f67e"},"headline":"Marco Zanchi wird neuer CEO der Wander AG","datePublished":"2025-06-17T08:45:29+00:00","mainEntityOfPage":{"@id":"https:\/\/www.organisator.ch\/management\/2025-06-17\/marco-zanchi-wird-neuer-ceo-der-wander-ag\/"},"wordCount":339,"publisher":{"@id":"https:\/\/www.organisator.ch\/#organization"},"image":{"@id":"https:\/\/www.organisator.ch\/management\/2025-06-17\/marco-zanchi-wird-neuer-ceo-der-wander-ag\/#primaryimage"},"thumbnailUrl":"https:\/\/www.organisator.ch\/wp-content\/uploads\/2025\/06\/Marco-Zanchi-wird-neuer-CEO-der-Wander-AG_Organisator.png","keywords":["CEO","Management und Unternehmensf\u00fchrung","Unternehmen"],"articleSection":["MANAGEMENT"],"inLanguage":"fr-FR"},{"@type":"WebPage","@id":"https:\/\/www.organisator.ch\/management\/2025-06-17\/marco-zanchi-wird-neuer-ceo-der-wander-ag\/","url":"https:\/\/www.organisator.ch\/management\/2025-06-17\/marco-zanchi-wird-neuer-ceo-der-wander-ag\/","name":"Marco Zanchi devient le nouveau CEO de Wander AG - Organisateur","isPartOf":{"@id":"https:\/\/www.organisator.ch\/#website"},"primaryImageOfPage":{"@id":"https:\/\/www.organisator.ch\/management\/2025-06-17\/marco-zanchi-wird-neuer-ceo-der-wander-ag\/#primaryimage"},"image":{"@id":"https:\/\/www.organisator.ch\/management\/2025-06-17\/marco-zanchi-wird-neuer-ceo-der-wander-ag\/#primaryimage"},"thumbnailUrl":"https:\/\/www.organisator.ch\/wp-content\/uploads\/2025\/06\/Marco-Zanchi-wird-neuer-CEO-der-Wander-AG_Organisator.png","datePublished":"2025-06-17T08:45:29+00:00","description":"Wander AG nomme Marco Zanchi nouveau CEO \u00e0 partir du 19 ao\u00fbt 2025. Il succ\u00e8de \u00e0 l'actuelle codirection par int\u00e9rim.","breadcrumb":{"@id":"https:\/\/www.organisator.ch\/management\/2025-06-17\/marco-zanchi-wird-neuer-ceo-der-wander-ag\/#breadcrumb"},"inLanguage":"fr-FR","potentialAction":[{"@type":"ReadAction","target":["https:\/\/www.organisator.ch\/management\/2025-06-17\/marco-zanchi-wird-neuer-ceo-der-wander-ag\/"]}]},{"@type":"ImageObject","inLanguage":"fr-FR","@id":"https:\/\/www.organisator.ch\/management\/2025-06-17\/marco-zanchi-wird-neuer-ceo-der-wander-ag\/#primaryimage","url":"https:\/\/www.organisator.ch\/wp-content\/uploads\/2025\/06\/Marco-Zanchi-wird-neuer-CEO-der-Wander-AG_Organisator.png","contentUrl":"https:\/\/www.organisator.ch\/wp-content\/uploads\/2025\/06\/Marco-Zanchi-wird-neuer-CEO-der-Wander-AG_Organisator.png","width":680,"height":472,"caption":"Marco Zanchi \u00fcbernimmt am 19. August 2025 seine neue Funktion als CEO der Wander AG. (Bild: zVg)"},{"@type":"BreadcrumbList","@id":"https:\/\/www.organisator.ch\/management\/2025-06-17\/marco-zanchi-wird-neuer-ceo-der-wander-ag\/#breadcrumb","itemListElement":[{"@type":"ListItem","position":1,"name":"Home","item":"https:\/\/www.organisator.ch\/"},{"@type":"ListItem","position":2,"name":"Marco Zanchi wird neuer CEO der Wander AG"}]},{"@type":"WebSite","@id":"https:\/\/www.organisator.ch\/#website","url":"https:\/\/www.organisator.ch\/","name":"Organisateur","description":"Comp\u00e9tence et comp\u00e9tence. Proches de la pratique. L'ORGANISATEUR pr\u00e9pare 10 num\u00e9ros par an sur les th\u00e8mes essentiels pour les dirigeants de PME.","publisher":{"@id":"https:\/\/www.organisator.ch\/#organization"},"potentialAction":[{"@type":"SearchAction","target":{"@type":"EntryPoint","urlTemplate":"https:\/\/www.organisator.ch\/?s={search_term_string}"},"query-input":{"@type":"PropertyValueSpecification","valueRequired":true,"valueName":"search_term_string"}}],"inLanguage":"fr-FR"},{"@type":"Organization","@id":"https:\/\/www.organisator.ch\/#organization","name":"Organisateur","url":"https:\/\/www.organisator.ch\/","logo":{"@type":"ImageObject","inLanguage":"fr-FR","@id":"https:\/\/www.organisator.ch\/#\/schema\/logo\/image\/","url":"https:\/\/www.organisator.ch\/wp-content\/uploads\/2022\/01\/Logo_Organisator_Website.png","contentUrl":"https:\/\/www.organisator.ch\/wp-content\/uploads\/2022\/01\/Logo_Organisator_Website.png","width":800,"height":77,"caption":"Organisator"},"image":{"@id":"https:\/\/www.organisator.ch\/#\/schema\/logo\/image\/"},"sameAs":["https:\/\/www.facebook.com\/OrganisatorFachmagazin","https:\/\/www.linkedin.com\/showcase\/organisator-das-magazin-fr-kmu","https:\/\/www.xing.com\/news\/pages\/organisator-ch-695","https:\/\/www.youtube.com\/channel\/UCGP2Sq0iWaZwT3BdIAQFYpw"]},{"@type":"Person","@id":"https:\/\/www.organisator.ch\/#\/schema\/person\/6f650f90b2842cd4c0cc334b4e36f67e","name":"thomas.berner","image":{"@type":"ImageObject","inLanguage":"fr-FR","@id":"https:\/\/secure.gravatar.com\/avatar\/ac5001d2a36cb6c6cd3e50789007ffca834b477b74a2144564522e944eabff61?s=96&d=mm&r=g","url":"https:\/\/secure.gravatar.com\/avatar\/ac5001d2a36cb6c6cd3e50789007ffca834b477b74a2144564522e944eabff61?s=96&d=mm&r=g","contentUrl":"https:\/\/secure.gravatar.com\/avatar\/ac5001d2a36cb6c6cd3e50789007ffca834b477b74a2144564522e944eabff61?s=96&d=mm&r=g","caption":"thomas.berner"},"url":"https:\/\/www.organisator.ch\/fr\/author\/thomas-berner\/"}]}},"_links":{"self":[{"href":"https:\/\/www.organisator.ch\/fr\/wp-json\/wp\/v2\/posts\/39020","targetHints":{"allow":["GET"]}}],"collection":[{"href":"https:\/\/www.organisator.ch\/fr\/wp-json\/wp\/v2\/posts"}],"about":[{"href":"https:\/\/www.organisator.ch\/fr\/wp-json\/wp\/v2\/types\/post"}],"author":[{"embeddable":true,"href":"https:\/\/www.organisator.ch\/fr\/wp-json\/wp\/v2\/users\/4"}],"replies":[{"embeddable":true,"href":"https:\/\/www.organisator.ch\/fr\/wp-json\/wp\/v2\/comments?post=39020"}],"version-history":[{"count":3,"href":"https:\/\/www.organisator.ch\/fr\/wp-json\/wp\/v2\/posts\/39020\/revisions"}],"predecessor-version":[{"id":39090,"href":"https:\/\/www.organisator.ch\/fr\/wp-json\/wp\/v2\/posts\/39020\/revisions\/39090"}],"wp:featuredmedia":[{"embeddable":true,"href":"https:\/\/www.organisator.ch\/fr\/wp-json\/wp\/v2\/media\/39021"}],"wp:attachment":[{"href":"https:\/\/www.organisator.ch\/fr\/wp-json\/wp\/v2\/media?parent=39020"}],"wp:term":[{"taxonomy":"category","embeddable":true,"href":"https:\/\/www.organisator.ch\/fr\/wp-json\/wp\/v2\/categories?post=39020"},{"taxonomy":"post_tag","embeddable":true,"href":"https:\/\/www.organisator.ch\/fr\/wp-json\/wp\/v2\/tags?post=39020"}],"curies":[{"name":"wp","href":"https:\/\/api.w.org\/{rel}","templated":true}]}}