{"id":3903,"date":"2018-07-04T16:43:31","date_gmt":"2018-07-04T14:43:31","guid":{"rendered":"https:\/\/www.organisator.ch\/?p=3903"},"modified":"2018-07-04T16:43:31","modified_gmt":"2018-07-04T14:43:31","slug":"studie-ueber-arbeitsstunden-im-alter-ueber-40-jaehrige-sind-am-effektivsten-wenn-sie-25-stunden-arbeiten","status":"publish","type":"post","link":"https:\/\/www.organisator.ch\/fr\/human-resources\/fit_im_job\/2018-07-04\/studie-ueber-arbeitsstunden-im-alter-ueber-40-jaehrige-sind-am-effektivsten-wenn-sie-25-stunden-arbeiten\/","title":{"rendered":"\u00c9tude sur les heures de travail des personnes \u00e2g\u00e9es : les plus de 40 ans sont plus efficaces lorsqu'ils travaillent 25 heures"},"content":{"rendered":"<figure id=\"attachment_3904\" aria-describedby=\"caption-attachment-3904\" style=\"width: 680px\" class=\"wp-caption alignnone\"><img loading=\"lazy\" decoding=\"async\" class=\"size-medium wp-image-3904\" src=\"https:\/\/www.organisator.ch\/wp-content\/uploads\/2018\/07\/Studie-ueber-Arbeitsstunden-im-Alter-org-organisator.jpg\" alt=\"\" width=\"680\" height=\"454\" srcset=\"https:\/\/www.organisator.ch\/wp-content\/uploads\/2018\/07\/Studie-ueber-Arbeitsstunden-im-Alter-org-organisator.jpg 1000w, https:\/\/www.organisator.ch\/wp-content\/uploads\/2018\/07\/Studie-ueber-Arbeitsstunden-im-Alter-org-organisator-680x454.jpg 680w, https:\/\/www.organisator.ch\/wp-content\/uploads\/2018\/07\/Studie-ueber-Arbeitsstunden-im-Alter-org-organisator-768x513.jpg 768w, https:\/\/www.organisator.ch\/wp-content\/uploads\/2018\/07\/Studie-ueber-Arbeitsstunden-im-Alter-org-organisator-16x12.jpg 16w, https:\/\/www.organisator.ch\/wp-content\/uploads\/2018\/07\/Studie-ueber-Arbeitsstunden-im-Alter-org-organisator-262x175.jpg 262w, https:\/\/www.organisator.ch\/wp-content\/uploads\/2018\/07\/Studie-ueber-Arbeitsstunden-im-Alter-org-organisator-524x350.jpg 524w, https:\/\/www.organisator.ch\/wp-content\/uploads\/2018\/07\/Studie-ueber-Arbeitsstunden-im-Alter-org-organisator-920x615.jpg 920w, https:\/\/www.organisator.ch\/wp-content\/uploads\/2018\/07\/Studie-ueber-Arbeitsstunden-im-Alter-org-organisator-300x200.jpg 300w\" sizes=\"auto, (max-width: 680px) 100vw, 680px\" \/><figcaption id=\"caption-attachment-3904\" class=\"wp-caption-text\">Une dur\u00e9e hebdomadaire de travail tr\u00e8s \u00e9lev\u00e9e peut avoir des effets n\u00e9gatifs sur les capacit\u00e9s cognitives des hommes et des femmes. (Image : depositphotos)<\/figcaption><\/figure>\n<p>Les heures et les taux de travail par tranche d'\u00e2ge sont actuellement \u00e0 nouveau un grand sujet. La Suisse n'est pas la seule \u00e0 envisager de relever l'\u00e2ge de la retraite, d'autres pays aussi. La raison en est l'\u00e9volution d\u00e9mographique : il y a de plus en plus de personnes \u00e2g\u00e9es, du moins dans les pays industrialis\u00e9s. Une \u00e9tude de l'universit\u00e9 de Melbourne a r\u00e9v\u00e9l\u00e9 que cela peut \u00eatre probl\u00e9matique dans certaines circonstances. Chez les travailleurs \u00e2g\u00e9s de 40 ans et plus, l'efficacit\u00e9 diminue d\u00e9j\u00e0 \u00e0 partir de 25 heures de travail par semaine.<\/p>\n<p>L'\u00e9tude de la Faculty of Business &amp; Economics de l'universit\u00e9 de Melbourne a mesur\u00e9 les capacit\u00e9s cognitives de 3.500 travailleurs et 3.000 travailleuses de plus de 40 ans (les <a href=\"https:\/\/melbourneinstitute.unimelb.edu.au\/publications\/working-papers\/search\/result?paper=2156560\">\u00c9tude<\/a> remonte toutefois d\u00e9j\u00e0 \u00e0 2016). Selon cette \u00e9tude, le travail stimulait le plus efficacement l'activit\u00e9 c\u00e9r\u00e9brale des travailleurs lorsque ceux-ci travaillaient 25 heures par semaine. C'est \u00e0 cette dur\u00e9e de travail que les effets positifs sur les capacit\u00e9s cognitives des personnes de plus de 40 ans \u00e9taient les plus importants.<\/p>\n<p>Au-del\u00e0 de 30 heures de travail par semaine, les effets positifs du travail diminuaient. Un temps de travail normal de 40 heures par semaine \u00e9tait certes appropri\u00e9 pour maintenir des capacit\u00e9s cognitives normales, mais cela n'\u00e9tait plus efficace. Pour des dur\u00e9es de travail de 55 heures ou plus par semaine, les capacit\u00e9s intellectuelles des travailleurs diminuaient m\u00eame rapidement, et ce en dessous du niveau des retrait\u00e9s ou des ch\u00f4meurs. On pourrait \u00e9galement dire qu'\u00e0 partir de 40 ans, travailler trop nuit \u00e0 la sant\u00e9 mentale.<\/p>\n<p><strong>Capacit\u00e9s cognitives<\/strong><\/p>\n<p>Selon les chercheurs, deux m\u00e9canismes sont \u00e0 l'\u0153uvre. D'une part, le travail peut stimuler les capacit\u00e9s cognitives, mais d'autre part, le travail est \u00e9galement source de fatigue et de stress. Selon l'\u00e9tude, il semble que plus un travailleur est \u00e2g\u00e9, moins il est r\u00e9sistant au stress. En d'autres termes, cela signifie que : Afin de profiter pleinement des effets positifs du travail et d'\u00eatre le plus efficace possible, il serait judicieux de r\u00e9duire le temps de travail hebdomadaire des travailleurs \u00e2g\u00e9s. Chez les hommes de plus de 40 ans, un temps de travail hebdomadaire de plus de 30 heures peut m\u00eame avoir des effets n\u00e9gatifs sur la sant\u00e9 mentale - du moins selon les tests de l'\u00e9tude, qui date de 2016.<\/p>\n<p>L'\u00e9tude n'a pas explor\u00e9 les raisons des liens entre les capacit\u00e9s cognitives et le temps de travail hebdomadaire chez les travailleurs \u00e2g\u00e9s. Il faudrait encore d\u00e9terminer si et comment les emplois \u00e0 temps partiel ont un impact, \u00e0 quel point un travail est exigeant mentalement ou physiquement ou combien de vacances ou de jours de cong\u00e9 une personne peut prendre entre-temps. De m\u00eame, on ne sait pas encore s'il existe des diff\u00e9rences entre les pays. (Source : Meedia)<\/p>\n<p>&nbsp;<\/p>\n<p><em>Vous trouverez un lien vers les Working Papers (page d'\u00e9tude) de l'Universit\u00e9 de Melbourne. <a href=\"https:\/\/melbourneinstitute.unimelb.edu.au\/publications\/working-papers\/search\/result?paper=2156560\">ici<\/a><\/em><\/p>\n<p>&nbsp;<\/p>","protected":false},"excerpt":{"rendered":"<p>Arbeitsstunden und -pensen nach Altersstufe sind zurzeit wieder ein grosses Thema. Nicht nur die Schweiz, auch andere L\u00e4nder planen, das Renteneintrittsalter anzuheben. Grund ist die demografische Entwicklung: Es gibt zumindest in Industrienationen immer mehr \u00e4ltere Menschen. Eine Studie der Universit\u00e4t Melbourne hat nun herausgefunden, dass dies unter Umst\u00e4nden problematisch sein kann. Bei Arbeitnehmern ab 40 [&hellip;]<\/p>\n","protected":false},"author":5,"featured_media":3904,"comment_status":"open","ping_status":"open","sticky":false,"template":"","format":"standard","meta":{"_acf_changed":false,"_yoast_wpseo_focuskw":"Arbeitsstunden","_yoast_wpseo_metadesc":"Studie \u00fcber Arbeitsstunden im Alter. Eine Studie der Universit\u00e4t Melbourne zeigt, dass unter Umst\u00e4nden eine 25-Stundenwoche problematisch sein kann.","articlekey":"","footnotes":""},"categories":[25],"tags":[45,459],"class_list":["post-3903","post","type-post","status-publish","format-standard","has-post-thumbnail","hentry","category-fit_im_job","tag-arbeitsforschung","tag-studie"],"acf":[],"yoast_head":"<!-- This site is optimized with the Yoast SEO plugin v27.4 - https:\/\/yoast.com\/product\/yoast-seo-wordpress\/ -->\n<title>Studie \u00fcber Arbeitsstunden im Alter: \u00fcber 40-J\u00e4hrige sind am effektivsten, wenn sie 25 Stunden arbeiten - Organisator<\/title>\n<meta name=\"description\" content=\"Studie \u00fcber Arbeitsstunden im Alter. Eine Studie der Universit\u00e4t Melbourne zeigt, dass unter Umst\u00e4nden eine 25-Stundenwoche problematisch sein kann.\" \/>\n<meta name=\"robots\" content=\"index, follow, max-snippet:-1, max-image-preview:large, max-video-preview:-1\" \/>\n<link rel=\"canonical\" href=\"https:\/\/www.organisator.ch\/fr\/ressources-humaines\/fit_im_job\/2018-07-04\/studie-ueber-arbeitsstunden-im-alter-ueber-40-jaehrige-sind-am-effektivsten-wenn-sie-25-stunden-arbeiten\/\" \/>\n<meta property=\"og:locale\" content=\"fr_FR\" \/>\n<meta property=\"og:type\" content=\"article\" \/>\n<meta property=\"og:title\" content=\"Studie \u00fcber Arbeitsstunden im Alter: \u00fcber 40-J\u00e4hrige sind am effektivsten, wenn sie 25 Stunden arbeiten - Organisator\" \/>\n<meta property=\"og:description\" content=\"Studie \u00fcber Arbeitsstunden im Alter. Eine Studie der Universit\u00e4t Melbourne zeigt, dass unter Umst\u00e4nden eine 25-Stundenwoche problematisch sein kann.\" \/>\n<meta property=\"og:url\" content=\"https:\/\/www.organisator.ch\/fr\/ressources-humaines\/fit_im_job\/2018-07-04\/studie-ueber-arbeitsstunden-im-alter-ueber-40-jaehrige-sind-am-effektivsten-wenn-sie-25-stunden-arbeiten\/\" \/>\n<meta property=\"og:site_name\" content=\"Organisator\" \/>\n<meta property=\"article:publisher\" content=\"https:\/\/www.facebook.com\/OrganisatorFachmagazin\" \/>\n<meta property=\"article:published_time\" content=\"2018-07-04T14:43:31+00:00\" \/>\n<meta property=\"og:image\" content=\"https:\/\/www.organisator.ch\/wp-content\/uploads\/2018\/07\/Studie-ueber-Arbeitsstunden-im-Alter-org-organisator.jpg\" \/>\n\t<meta property=\"og:image:width\" content=\"1000\" \/>\n\t<meta property=\"og:image:height\" content=\"668\" \/>\n\t<meta property=\"og:image:type\" content=\"image\/jpeg\" \/>\n<meta name=\"author\" content=\"michael.merz\" \/>\n<meta name=\"twitter:card\" content=\"summary_large_image\" \/>\n<script type=\"application\/ld+json\" class=\"yoast-schema-graph\">{\"@context\":\"https:\\\/\\\/schema.org\",\"@graph\":[{\"@type\":\"Article\",\"@id\":\"https:\\\/\\\/www.organisator.ch\\\/human-resources\\\/fit_im_job\\\/2018-07-04\\\/studie-ueber-arbeitsstunden-im-alter-ueber-40-jaehrige-sind-am-effektivsten-wenn-sie-25-stunden-arbeiten\\\/#article\",\"isPartOf\":{\"@id\":\"https:\\\/\\\/www.organisator.ch\\\/human-resources\\\/fit_im_job\\\/2018-07-04\\\/studie-ueber-arbeitsstunden-im-alter-ueber-40-jaehrige-sind-am-effektivsten-wenn-sie-25-stunden-arbeiten\\\/\"},\"author\":{\"name\":\"michael.merz\",\"@id\":\"https:\\\/\\\/www.organisator.ch\\\/#\\\/schema\\\/person\\\/134708ca9321c57b0362cceb7948ffbd\"},\"headline\":\"Studie \u00fcber Arbeitsstunden im Alter: \u00fcber 40-J\u00e4hrige sind am effektivsten, wenn sie 25 Stunden arbeiten\",\"datePublished\":\"2018-07-04T14:43:31+00:00\",\"mainEntityOfPage\":{\"@id\":\"https:\\\/\\\/www.organisator.ch\\\/human-resources\\\/fit_im_job\\\/2018-07-04\\\/studie-ueber-arbeitsstunden-im-alter-ueber-40-jaehrige-sind-am-effektivsten-wenn-sie-25-stunden-arbeiten\\\/\"},\"wordCount\":446,\"commentCount\":4,\"publisher\":{\"@id\":\"https:\\\/\\\/www.organisator.ch\\\/#organization\"},\"image\":{\"@id\":\"https:\\\/\\\/www.organisator.ch\\\/human-resources\\\/fit_im_job\\\/2018-07-04\\\/studie-ueber-arbeitsstunden-im-alter-ueber-40-jaehrige-sind-am-effektivsten-wenn-sie-25-stunden-arbeiten\\\/#primaryimage\"},\"thumbnailUrl\":\"https:\\\/\\\/www.organisator.ch\\\/wp-content\\\/uploads\\\/2018\\\/07\\\/Studie-ueber-Arbeitsstunden-im-Alter-org-organisator.jpg\",\"keywords\":[\"Arbeitsforschung\",\"Studie\"],\"articleSection\":[\"FIT IM JOB\"],\"inLanguage\":\"fr-FR\"},{\"@type\":\"WebPage\",\"@id\":\"https:\\\/\\\/www.organisator.ch\\\/human-resources\\\/fit_im_job\\\/2018-07-04\\\/studie-ueber-arbeitsstunden-im-alter-ueber-40-jaehrige-sind-am-effektivsten-wenn-sie-25-stunden-arbeiten\\\/\",\"url\":\"https:\\\/\\\/www.organisator.ch\\\/human-resources\\\/fit_im_job\\\/2018-07-04\\\/studie-ueber-arbeitsstunden-im-alter-ueber-40-jaehrige-sind-am-effektivsten-wenn-sie-25-stunden-arbeiten\\\/\",\"name\":\"Studie \u00fcber Arbeitsstunden im Alter: \u00fcber 40-J\u00e4hrige sind am effektivsten, wenn sie 25 Stunden arbeiten - Organisator\",\"isPartOf\":{\"@id\":\"https:\\\/\\\/www.organisator.ch\\\/#website\"},\"primaryImageOfPage\":{\"@id\":\"https:\\\/\\\/www.organisator.ch\\\/human-resources\\\/fit_im_job\\\/2018-07-04\\\/studie-ueber-arbeitsstunden-im-alter-ueber-40-jaehrige-sind-am-effektivsten-wenn-sie-25-stunden-arbeiten\\\/#primaryimage\"},\"image\":{\"@id\":\"https:\\\/\\\/www.organisator.ch\\\/human-resources\\\/fit_im_job\\\/2018-07-04\\\/studie-ueber-arbeitsstunden-im-alter-ueber-40-jaehrige-sind-am-effektivsten-wenn-sie-25-stunden-arbeiten\\\/#primaryimage\"},\"thumbnailUrl\":\"https:\\\/\\\/www.organisator.ch\\\/wp-content\\\/uploads\\\/2018\\\/07\\\/Studie-ueber-Arbeitsstunden-im-Alter-org-organisator.jpg\",\"datePublished\":\"2018-07-04T14:43:31+00:00\",\"description\":\"Studie \u00fcber Arbeitsstunden im Alter. Eine Studie der Universit\u00e4t Melbourne zeigt, dass unter Umst\u00e4nden eine 25-Stundenwoche problematisch sein kann.\",\"breadcrumb\":{\"@id\":\"https:\\\/\\\/www.organisator.ch\\\/human-resources\\\/fit_im_job\\\/2018-07-04\\\/studie-ueber-arbeitsstunden-im-alter-ueber-40-jaehrige-sind-am-effektivsten-wenn-sie-25-stunden-arbeiten\\\/#breadcrumb\"},\"inLanguage\":\"fr-FR\",\"potentialAction\":[{\"@type\":\"ReadAction\",\"target\":[\"https:\\\/\\\/www.organisator.ch\\\/human-resources\\\/fit_im_job\\\/2018-07-04\\\/studie-ueber-arbeitsstunden-im-alter-ueber-40-jaehrige-sind-am-effektivsten-wenn-sie-25-stunden-arbeiten\\\/\"]}]},{\"@type\":\"ImageObject\",\"inLanguage\":\"fr-FR\",\"@id\":\"https:\\\/\\\/www.organisator.ch\\\/human-resources\\\/fit_im_job\\\/2018-07-04\\\/studie-ueber-arbeitsstunden-im-alter-ueber-40-jaehrige-sind-am-effektivsten-wenn-sie-25-stunden-arbeiten\\\/#primaryimage\",\"url\":\"https:\\\/\\\/www.organisator.ch\\\/wp-content\\\/uploads\\\/2018\\\/07\\\/Studie-ueber-Arbeitsstunden-im-Alter-org-organisator.jpg\",\"contentUrl\":\"https:\\\/\\\/www.organisator.ch\\\/wp-content\\\/uploads\\\/2018\\\/07\\\/Studie-ueber-Arbeitsstunden-im-Alter-org-organisator.jpg\",\"width\":1000,\"height\":668,\"caption\":\"Eine sehr hohe Wochenarbeitszeit kann negative Effekte auf die kognitiven F\u00e4higkeiten von M\u00e4nner und Frauen hervorrufen. (Bild: depositphotos)\"},{\"@type\":\"BreadcrumbList\",\"@id\":\"https:\\\/\\\/www.organisator.ch\\\/human-resources\\\/fit_im_job\\\/2018-07-04\\\/studie-ueber-arbeitsstunden-im-alter-ueber-40-jaehrige-sind-am-effektivsten-wenn-sie-25-stunden-arbeiten\\\/#breadcrumb\",\"itemListElement\":[{\"@type\":\"ListItem\",\"position\":1,\"name\":\"Home\",\"item\":\"https:\\\/\\\/www.organisator.ch\\\/\"},{\"@type\":\"ListItem\",\"position\":2,\"name\":\"Studie \u00fcber Arbeitsstunden im Alter: \u00fcber 40-J\u00e4hrige sind am effektivsten, wenn sie 25 Stunden arbeiten\"}]},{\"@type\":\"WebSite\",\"@id\":\"https:\\\/\\\/www.organisator.ch\\\/#website\",\"url\":\"https:\\\/\\\/www.organisator.ch\\\/\",\"name\":\"Organisator\",\"description\":\"Kompetent. Praxisnah. Der ORGANISATOR bereitet in 10 Ausgaben pro Jahr die wesentlichen Themen f\u00fcr F\u00fchrungskr\u00e4fte von KMU auf.\",\"publisher\":{\"@id\":\"https:\\\/\\\/www.organisator.ch\\\/#organization\"},\"potentialAction\":[{\"@type\":\"SearchAction\",\"target\":{\"@type\":\"EntryPoint\",\"urlTemplate\":\"https:\\\/\\\/www.organisator.ch\\\/?s={search_term_string}\"},\"query-input\":{\"@type\":\"PropertyValueSpecification\",\"valueRequired\":true,\"valueName\":\"search_term_string\"}}],\"inLanguage\":\"fr-FR\"},{\"@type\":\"Organization\",\"@id\":\"https:\\\/\\\/www.organisator.ch\\\/#organization\",\"name\":\"Organisator\",\"url\":\"https:\\\/\\\/www.organisator.ch\\\/\",\"logo\":{\"@type\":\"ImageObject\",\"inLanguage\":\"fr-FR\",\"@id\":\"https:\\\/\\\/www.organisator.ch\\\/#\\\/schema\\\/logo\\\/image\\\/\",\"url\":\"https:\\\/\\\/www.organisator.ch\\\/wp-content\\\/uploads\\\/2022\\\/01\\\/Logo_Organisator_Website.png\",\"contentUrl\":\"https:\\\/\\\/www.organisator.ch\\\/wp-content\\\/uploads\\\/2022\\\/01\\\/Logo_Organisator_Website.png\",\"width\":800,\"height\":77,\"caption\":\"Organisator\"},\"image\":{\"@id\":\"https:\\\/\\\/www.organisator.ch\\\/#\\\/schema\\\/logo\\\/image\\\/\"},\"sameAs\":[\"https:\\\/\\\/www.facebook.com\\\/OrganisatorFachmagazin\",\"https:\\\/\\\/www.linkedin.com\\\/showcase\\\/organisator-das-magazin-fr-kmu\",\"https:\\\/\\\/www.xing.com\\\/news\\\/pages\\\/organisator-ch-695\",\"https:\\\/\\\/www.youtube.com\\\/channel\\\/UCGP2Sq0iWaZwT3BdIAQFYpw\"]},{\"@type\":\"Person\",\"@id\":\"https:\\\/\\\/www.organisator.ch\\\/#\\\/schema\\\/person\\\/134708ca9321c57b0362cceb7948ffbd\",\"name\":\"michael.merz\",\"image\":{\"@type\":\"ImageObject\",\"inLanguage\":\"fr-FR\",\"@id\":\"https:\\\/\\\/secure.gravatar.com\\\/avatar\\\/?s=96&d=mm&r=g\",\"url\":\"https:\\\/\\\/secure.gravatar.com\\\/avatar\\\/?s=96&d=mm&r=g\",\"contentUrl\":\"https:\\\/\\\/secure.gravatar.com\\\/avatar\\\/?s=96&d=mm&r=g\",\"caption\":\"michael.merz\"},\"url\":\"https:\\\/\\\/www.organisator.ch\\\/fr\\\/author\\\/michael-merz\\\/\"}]}<\/script>\n<!-- \/ Yoast SEO plugin. -->","yoast_head_json":{"title":"\u00c9tude sur les heures de travail des personnes \u00e2g\u00e9es : les plus de 40 ans sont plus efficaces lorsqu'ils travaillent 25 heures - Organisator","description":"\u00c9tude sur les heures de travail \u00e0 un \u00e2ge avanc\u00e9. Une \u00e9tude de l'universit\u00e9 de Melbourne montre que, dans certaines circonstances, une semaine de 25 heures peut \u00eatre probl\u00e9matique.","robots":{"index":"index","follow":"follow","max-snippet":"max-snippet:-1","max-image-preview":"max-image-preview:large","max-video-preview":"max-video-preview:-1"},"canonical":"https:\/\/www.organisator.ch\/fr\/ressources-humaines\/fit_im_job\/2018-07-04\/studie-ueber-arbeitsstunden-im-alter-ueber-40-jaehrige-sind-am-effektivsten-wenn-sie-25-stunden-arbeiten\/","og_locale":"fr_FR","og_type":"article","og_title":"Studie \u00fcber Arbeitsstunden im Alter: \u00fcber 40-J\u00e4hrige sind am effektivsten, wenn sie 25 Stunden arbeiten - Organisator","og_description":"Studie \u00fcber Arbeitsstunden im Alter. Eine Studie der Universit\u00e4t Melbourne zeigt, dass unter Umst\u00e4nden eine 25-Stundenwoche problematisch sein kann.","og_url":"https:\/\/www.organisator.ch\/fr\/ressources-humaines\/fit_im_job\/2018-07-04\/studie-ueber-arbeitsstunden-im-alter-ueber-40-jaehrige-sind-am-effektivsten-wenn-sie-25-stunden-arbeiten\/","og_site_name":"Organisator","article_publisher":"https:\/\/www.facebook.com\/OrganisatorFachmagazin","article_published_time":"2018-07-04T14:43:31+00:00","og_image":[{"width":1000,"height":668,"url":"https:\/\/www.organisator.ch\/wp-content\/uploads\/2018\/07\/Studie-ueber-Arbeitsstunden-im-Alter-org-organisator.jpg","type":"image\/jpeg"}],"author":"michael.merz","twitter_card":"summary_large_image","schema":{"@context":"https:\/\/schema.org","@graph":[{"@type":"Article","@id":"https:\/\/www.organisator.ch\/human-resources\/fit_im_job\/2018-07-04\/studie-ueber-arbeitsstunden-im-alter-ueber-40-jaehrige-sind-am-effektivsten-wenn-sie-25-stunden-arbeiten\/#article","isPartOf":{"@id":"https:\/\/www.organisator.ch\/human-resources\/fit_im_job\/2018-07-04\/studie-ueber-arbeitsstunden-im-alter-ueber-40-jaehrige-sind-am-effektivsten-wenn-sie-25-stunden-arbeiten\/"},"author":{"name":"michael.merz","@id":"https:\/\/www.organisator.ch\/#\/schema\/person\/134708ca9321c57b0362cceb7948ffbd"},"headline":"Studie \u00fcber Arbeitsstunden im Alter: \u00fcber 40-J\u00e4hrige sind am effektivsten, wenn sie 25 Stunden arbeiten","datePublished":"2018-07-04T14:43:31+00:00","mainEntityOfPage":{"@id":"https:\/\/www.organisator.ch\/human-resources\/fit_im_job\/2018-07-04\/studie-ueber-arbeitsstunden-im-alter-ueber-40-jaehrige-sind-am-effektivsten-wenn-sie-25-stunden-arbeiten\/"},"wordCount":446,"commentCount":4,"publisher":{"@id":"https:\/\/www.organisator.ch\/#organization"},"image":{"@id":"https:\/\/www.organisator.ch\/human-resources\/fit_im_job\/2018-07-04\/studie-ueber-arbeitsstunden-im-alter-ueber-40-jaehrige-sind-am-effektivsten-wenn-sie-25-stunden-arbeiten\/#primaryimage"},"thumbnailUrl":"https:\/\/www.organisator.ch\/wp-content\/uploads\/2018\/07\/Studie-ueber-Arbeitsstunden-im-Alter-org-organisator.jpg","keywords":["Arbeitsforschung","Studie"],"articleSection":["FIT IM JOB"],"inLanguage":"fr-FR"},{"@type":"WebPage","@id":"https:\/\/www.organisator.ch\/human-resources\/fit_im_job\/2018-07-04\/studie-ueber-arbeitsstunden-im-alter-ueber-40-jaehrige-sind-am-effektivsten-wenn-sie-25-stunden-arbeiten\/","url":"https:\/\/www.organisator.ch\/human-resources\/fit_im_job\/2018-07-04\/studie-ueber-arbeitsstunden-im-alter-ueber-40-jaehrige-sind-am-effektivsten-wenn-sie-25-stunden-arbeiten\/","name":"\u00c9tude sur les heures de travail des personnes \u00e2g\u00e9es : les plus de 40 ans sont plus efficaces lorsqu'ils travaillent 25 heures - Organisator","isPartOf":{"@id":"https:\/\/www.organisator.ch\/#website"},"primaryImageOfPage":{"@id":"https:\/\/www.organisator.ch\/human-resources\/fit_im_job\/2018-07-04\/studie-ueber-arbeitsstunden-im-alter-ueber-40-jaehrige-sind-am-effektivsten-wenn-sie-25-stunden-arbeiten\/#primaryimage"},"image":{"@id":"https:\/\/www.organisator.ch\/human-resources\/fit_im_job\/2018-07-04\/studie-ueber-arbeitsstunden-im-alter-ueber-40-jaehrige-sind-am-effektivsten-wenn-sie-25-stunden-arbeiten\/#primaryimage"},"thumbnailUrl":"https:\/\/www.organisator.ch\/wp-content\/uploads\/2018\/07\/Studie-ueber-Arbeitsstunden-im-Alter-org-organisator.jpg","datePublished":"2018-07-04T14:43:31+00:00","description":"\u00c9tude sur les heures de travail \u00e0 un \u00e2ge avanc\u00e9. Une \u00e9tude de l'universit\u00e9 de Melbourne montre que, dans certaines circonstances, une semaine de 25 heures peut \u00eatre probl\u00e9matique.","breadcrumb":{"@id":"https:\/\/www.organisator.ch\/human-resources\/fit_im_job\/2018-07-04\/studie-ueber-arbeitsstunden-im-alter-ueber-40-jaehrige-sind-am-effektivsten-wenn-sie-25-stunden-arbeiten\/#breadcrumb"},"inLanguage":"fr-FR","potentialAction":[{"@type":"ReadAction","target":["https:\/\/www.organisator.ch\/human-resources\/fit_im_job\/2018-07-04\/studie-ueber-arbeitsstunden-im-alter-ueber-40-jaehrige-sind-am-effektivsten-wenn-sie-25-stunden-arbeiten\/"]}]},{"@type":"ImageObject","inLanguage":"fr-FR","@id":"https:\/\/www.organisator.ch\/human-resources\/fit_im_job\/2018-07-04\/studie-ueber-arbeitsstunden-im-alter-ueber-40-jaehrige-sind-am-effektivsten-wenn-sie-25-stunden-arbeiten\/#primaryimage","url":"https:\/\/www.organisator.ch\/wp-content\/uploads\/2018\/07\/Studie-ueber-Arbeitsstunden-im-Alter-org-organisator.jpg","contentUrl":"https:\/\/www.organisator.ch\/wp-content\/uploads\/2018\/07\/Studie-ueber-Arbeitsstunden-im-Alter-org-organisator.jpg","width":1000,"height":668,"caption":"Eine sehr hohe Wochenarbeitszeit kann negative Effekte auf die kognitiven F\u00e4higkeiten von M\u00e4nner und Frauen hervorrufen. (Bild: depositphotos)"},{"@type":"BreadcrumbList","@id":"https:\/\/www.organisator.ch\/human-resources\/fit_im_job\/2018-07-04\/studie-ueber-arbeitsstunden-im-alter-ueber-40-jaehrige-sind-am-effektivsten-wenn-sie-25-stunden-arbeiten\/#breadcrumb","itemListElement":[{"@type":"ListItem","position":1,"name":"Home","item":"https:\/\/www.organisator.ch\/"},{"@type":"ListItem","position":2,"name":"Studie \u00fcber Arbeitsstunden im Alter: \u00fcber 40-J\u00e4hrige sind am effektivsten, wenn sie 25 Stunden arbeiten"}]},{"@type":"WebSite","@id":"https:\/\/www.organisator.ch\/#website","url":"https:\/\/www.organisator.ch\/","name":"Organisateur","description":"Comp\u00e9tence et comp\u00e9tence. Proches de la pratique. L'ORGANISATEUR pr\u00e9pare 10 num\u00e9ros par an sur les th\u00e8mes essentiels pour les dirigeants de PME.","publisher":{"@id":"https:\/\/www.organisator.ch\/#organization"},"potentialAction":[{"@type":"SearchAction","target":{"@type":"EntryPoint","urlTemplate":"https:\/\/www.organisator.ch\/?s={search_term_string}"},"query-input":{"@type":"PropertyValueSpecification","valueRequired":true,"valueName":"search_term_string"}}],"inLanguage":"fr-FR"},{"@type":"Organization","@id":"https:\/\/www.organisator.ch\/#organization","name":"Organisateur","url":"https:\/\/www.organisator.ch\/","logo":{"@type":"ImageObject","inLanguage":"fr-FR","@id":"https:\/\/www.organisator.ch\/#\/schema\/logo\/image\/","url":"https:\/\/www.organisator.ch\/wp-content\/uploads\/2022\/01\/Logo_Organisator_Website.png","contentUrl":"https:\/\/www.organisator.ch\/wp-content\/uploads\/2022\/01\/Logo_Organisator_Website.png","width":800,"height":77,"caption":"Organisator"},"image":{"@id":"https:\/\/www.organisator.ch\/#\/schema\/logo\/image\/"},"sameAs":["https:\/\/www.facebook.com\/OrganisatorFachmagazin","https:\/\/www.linkedin.com\/showcase\/organisator-das-magazin-fr-kmu","https:\/\/www.xing.com\/news\/pages\/organisator-ch-695","https:\/\/www.youtube.com\/channel\/UCGP2Sq0iWaZwT3BdIAQFYpw"]},{"@type":"Person","@id":"https:\/\/www.organisator.ch\/#\/schema\/person\/134708ca9321c57b0362cceb7948ffbd","name":"michael.merz","image":{"@type":"ImageObject","inLanguage":"fr-FR","@id":"https:\/\/secure.gravatar.com\/avatar\/?s=96&d=mm&r=g","url":"https:\/\/secure.gravatar.com\/avatar\/?s=96&d=mm&r=g","contentUrl":"https:\/\/secure.gravatar.com\/avatar\/?s=96&d=mm&r=g","caption":"michael.merz"},"url":"https:\/\/www.organisator.ch\/fr\/author\/michael-merz\/"}]}},"_links":{"self":[{"href":"https:\/\/www.organisator.ch\/fr\/wp-json\/wp\/v2\/posts\/3903","targetHints":{"allow":["GET"]}}],"collection":[{"href":"https:\/\/www.organisator.ch\/fr\/wp-json\/wp\/v2\/posts"}],"about":[{"href":"https:\/\/www.organisator.ch\/fr\/wp-json\/wp\/v2\/types\/post"}],"author":[{"embeddable":true,"href":"https:\/\/www.organisator.ch\/fr\/wp-json\/wp\/v2\/users\/5"}],"replies":[{"embeddable":true,"href":"https:\/\/www.organisator.ch\/fr\/wp-json\/wp\/v2\/comments?post=3903"}],"version-history":[{"count":0,"href":"https:\/\/www.organisator.ch\/fr\/wp-json\/wp\/v2\/posts\/3903\/revisions"}],"wp:featuredmedia":[{"embeddable":true,"href":"https:\/\/www.organisator.ch\/fr\/wp-json\/wp\/v2\/media\/3904"}],"wp:attachment":[{"href":"https:\/\/www.organisator.ch\/fr\/wp-json\/wp\/v2\/media?parent=3903"}],"wp:term":[{"taxonomy":"category","embeddable":true,"href":"https:\/\/www.organisator.ch\/fr\/wp-json\/wp\/v2\/categories?post=3903"},{"taxonomy":"post_tag","embeddable":true,"href":"https:\/\/www.organisator.ch\/fr\/wp-json\/wp\/v2\/tags?post=3903"}],"curies":[{"name":"wp","href":"https:\/\/api.w.org\/{rel}","templated":true}]}}