{"id":39070,"date":"2025-06-18T05:11:07","date_gmt":"2025-06-18T03:11:07","guid":{"rendered":"https:\/\/www.markt-kom.com\/?p=236201"},"modified":"2025-06-17T16:43:24","modified_gmt":"2025-06-17T14:43:24","slug":"whitepaper-wie-politisch-sollen-sich-unternehmen-aeussern","status":"publish","type":"post","link":"https:\/\/www.organisator.ch\/fr\/marketing\/2025-06-18\/whitepaper-wie-politisch-sollen-sich-unternehmen-aeussern\/","title":{"rendered":"Livre blanc : Dans quelle mesure les entreprises doivent-elles s'exprimer sur le plan politique ?"},"content":{"rendered":"<figure id=\"attachment_236202\" class=\"wp-caption aligncenter\" style=\"width: 1200px;\" aria-describedby=\"caption-attachment-236202\"><a href=\"https:\/\/www.markt-kom.com\/wp-content\/uploads\/2025\/06\/Boesch-Huber-RX-Whitepaper2-Autor-innen.jpg\"><img class=\"size-full wp-image-236202\" src=\"https:\/\/www.markt-kom.com\/wp-content\/uploads\/2025\/06\/Boesch-Huber-RX-Whitepaper2-Autor-innen.jpg\" sizes=\"(max-width: 1200px) 100vw, 1200px\" srcset=\"https:\/\/www.markt-kom.com\/wp-content\/uploads\/2025\/06\/Boesch-Huber-RX-Whitepaper2-Autor-innen.jpg 1200w, https:\/\/www.markt-kom.com\/wp-content\/uploads\/2025\/06\/Boesch-Huber-RX-Whitepaper2-Autor-innen-600x426.jpg 600w, https:\/\/www.markt-kom.com\/wp-content\/uploads\/2025\/06\/Boesch-Huber-RX-Whitepaper2-Autor-innen-1024x727.jpg 1024w, https:\/\/www.markt-kom.com\/wp-content\/uploads\/2025\/06\/Boesch-Huber-RX-Whitepaper2-Autor-innen-768x545.jpg 768w, https:\/\/www.markt-kom.com\/wp-content\/uploads\/2025\/06\/Boesch-Huber-RX-Whitepaper2-Autor-innen-18x12.jpg 18w, https:\/\/www.markt-kom.com\/wp-content\/uploads\/2025\/06\/Boesch-Huber-RX-Whitepaper2-Autor-innen-246x175.jpg 246w, https:\/\/www.markt-kom.com\/wp-content\/uploads\/2025\/06\/Boesch-Huber-RX-Whitepaper2-Autor-innen-493x350.jpg 493w, https:\/\/www.markt-kom.com\/wp-content\/uploads\/2025\/06\/Boesch-Huber-RX-Whitepaper2-Autor-innen-1000x710.jpg 1000w\" alt=\"\" width=\"1200\" height=\"852\" \/><\/a>\r\n<figcaption id=\"caption-attachment-236202\" class=\"wp-caption-text\">Hans-Jakob Boesch et Sabrina Huber des Reputation Experts pr\u00e9sentent le deuxi\u00e8me livre blanc. (Images : zVg.)<\/figcaption>\r\n<\/figure>\r\n<p>Les attentes croissantes envers les entreprises, qui doivent \u00e9galement prendre position sur des th\u00e8mes sociaux ou politiques, soul\u00e8vent des questions sur les chances et les risques pour la r\u00e9putation. Avec un nouveau livre blanc, Hans-Jakob Boesch de Hjb et Sabrina Huber de Sabrina Huber Consulting donnent aux d\u00e9cideurs une aide \u00e0 l'orientation. Ils font partie du r\u00e9seau \"Reputation Experts\".<\/p>\r\n<p>Trois crit\u00e8res sont au centre d'une d\u00e9cision fond\u00e9e : La pertinence d'un th\u00e8me pour l'entreprise, l'acceptation par les groupes d'int\u00e9r\u00eat et un avantage clairement identifiable. \"Et les entreprises ne devraient surtout pas se laisser mettre sous pression par des tiers sur cette question, mais d\u00e9cider uniquement en fonction de leurs propres int\u00e9r\u00eats\", selon Hans-Jakob Boesch.<\/p>\r\n<p>Ce guide s'adresse aux membres des conseils d'administration, aux directions et aux responsables de la communication. Il aborde aussi bien la r\u00e9flexion strat\u00e9gique que la mise en \u0153uvre op\u00e9rationnelle des prises de position politiques. \"Rien n'est plus dangereux que de parler fort ou de se taire bruyamment, sans plan ni substance\", explique Sabrina Huber.<\/p>\r\n<p>Le livre blanc comprend des pistes de r\u00e9flexion, identifie les risques et contient une liste de contr\u00f4le pour la mise en \u0153uvre. Il est disponible sur <a href=\"https:\/\/reputationexperts.ch\/downloads\/\" rel=\"noopener\">Reputationexperts.ch pr\u00eat \u00e0 \u00eatre t\u00e9l\u00e9charg\u00e9<\/a>.<\/p>\r\n<hr \/>\r\n<p><em>En f\u00e9vrier d\u00e9j\u00e0, Reputation Experts avait publi\u00e9 un livre blanc. Susanne M\u00fcller Zantop y plaidait pour l'introduction d'un \"Reputation Board\" dans les entreprises.<\/em><\/p>","protected":false},"excerpt":{"rendered":"<p>Le deuxi\u00e8me livre blanc des Reputation Experts se penche sur la question de savoir si et dans quelles conditions les entreprises doivent s'exprimer sur des th\u00e8mes politiques. Il fournit des points de rep\u00e8re concrets pour une prise de d\u00e9cision strat\u00e9giquement fond\u00e9e au sein du conseil d'administration et de la direction.<\/p>","protected":false},"author":8,"featured_media":0,"comment_status":"closed","ping_status":"closed","sticky":false,"template":"","format":"standard","meta":{"_acf_changed":false,"_yoast_wpseo_focuskw":"Whitepaper","_yoast_wpseo_metadesc":"Ein Whitepaper befasst sich mit der Frage, ob und unter welchen Bedingungen sich Unternehmen zu politischen Themen \u00e4ussern sollten.","articlekey":"","footnotes":""},"categories":[29],"tags":[4343,5103],"class_list":["post-39070","post","type-post","status-publish","format-standard","hentry","category-marketing","tag-markom","tag-reputation-experts"],"acf":[],"yoast_head":"<!-- This site is optimized with the Yoast SEO plugin v27.5 - https:\/\/yoast.com\/product\/yoast-seo-wordpress\/ -->\n<title>Whitepaper: Wie politisch sollen sich Unternehmen \u00e4ussern? - Organisator<\/title>\n<meta name=\"description\" content=\"Ein Whitepaper befasst sich mit der Frage, ob und unter welchen Bedingungen sich Unternehmen zu politischen Themen \u00e4ussern sollten.\" \/>\n<meta name=\"robots\" content=\"index, follow, max-snippet:-1, max-image-preview:large, max-video-preview:-1\" \/>\n<link rel=\"canonical\" href=\"https:\/\/www.organisator.ch\/fr\/marketing\/2025-06-18\/whitepaper-wie-politisch-sollen-sich-unternehmen-aeussern\/\" \/>\n<meta property=\"og:locale\" content=\"fr_FR\" \/>\n<meta property=\"og:type\" content=\"article\" \/>\n<meta property=\"og:title\" content=\"Whitepaper: Wie politisch sollen sich Unternehmen \u00e4ussern? - Organisator\" \/>\n<meta property=\"og:description\" content=\"Ein Whitepaper befasst sich mit der Frage, ob und unter welchen Bedingungen sich Unternehmen zu politischen Themen \u00e4ussern sollten.\" \/>\n<meta property=\"og:url\" content=\"https:\/\/www.organisator.ch\/fr\/marketing\/2025-06-18\/whitepaper-wie-politisch-sollen-sich-unternehmen-aeussern\/\" \/>\n<meta property=\"og:site_name\" content=\"Organisator\" \/>\n<meta property=\"article:publisher\" content=\"https:\/\/www.facebook.com\/OrganisatorFachmagazin\" \/>\n<meta property=\"article:published_time\" content=\"2025-06-18T03:11:07+00:00\" \/>\n<meta name=\"author\" content=\"galledia\" \/>\n<meta name=\"twitter:card\" content=\"summary_large_image\" \/>\n<meta name=\"twitter:creator\" content=\"@admin\" \/>\n<script type=\"application\/ld+json\" class=\"yoast-schema-graph\">{\"@context\":\"https:\\\/\\\/schema.org\",\"@graph\":[{\"@type\":\"Article\",\"@id\":\"https:\\\/\\\/www.organisator.ch\\\/marketing\\\/2025-06-18\\\/whitepaper-wie-politisch-sollen-sich-unternehmen-aeussern\\\/#article\",\"isPartOf\":{\"@id\":\"https:\\\/\\\/www.organisator.ch\\\/marketing\\\/2025-06-18\\\/whitepaper-wie-politisch-sollen-sich-unternehmen-aeussern\\\/\"},\"author\":{\"name\":\"galledia\",\"@id\":\"https:\\\/\\\/www.organisator.ch\\\/#\\\/schema\\\/person\\\/4e51799071cd2dd1232ac003643ef5f0\"},\"headline\":\"Whitepaper: Wie politisch sollen sich Unternehmen \u00e4ussern?\",\"datePublished\":\"2025-06-18T03:11:07+00:00\",\"mainEntityOfPage\":{\"@id\":\"https:\\\/\\\/www.organisator.ch\\\/marketing\\\/2025-06-18\\\/whitepaper-wie-politisch-sollen-sich-unternehmen-aeussern\\\/\"},\"wordCount\":227,\"publisher\":{\"@id\":\"https:\\\/\\\/www.organisator.ch\\\/#organization\"},\"image\":{\"@id\":\"https:\\\/\\\/www.organisator.ch\\\/marketing\\\/2025-06-18\\\/whitepaper-wie-politisch-sollen-sich-unternehmen-aeussern\\\/#primaryimage\"},\"thumbnailUrl\":\"https:\\\/\\\/www.markt-kom.com\\\/wp-content\\\/uploads\\\/2025\\\/06\\\/Boesch-Huber-RX-Whitepaper2-Autor-innen.jpg\",\"keywords\":[\"MarKom\",\"Reputation Experts\"],\"articleSection\":[\"MARKETING\"],\"inLanguage\":\"fr-FR\"},{\"@type\":\"WebPage\",\"@id\":\"https:\\\/\\\/www.organisator.ch\\\/marketing\\\/2025-06-18\\\/whitepaper-wie-politisch-sollen-sich-unternehmen-aeussern\\\/\",\"url\":\"https:\\\/\\\/www.organisator.ch\\\/marketing\\\/2025-06-18\\\/whitepaper-wie-politisch-sollen-sich-unternehmen-aeussern\\\/\",\"name\":\"Whitepaper: Wie politisch sollen sich Unternehmen \u00e4ussern? - Organisator\",\"isPartOf\":{\"@id\":\"https:\\\/\\\/www.organisator.ch\\\/#website\"},\"primaryImageOfPage\":{\"@id\":\"https:\\\/\\\/www.organisator.ch\\\/marketing\\\/2025-06-18\\\/whitepaper-wie-politisch-sollen-sich-unternehmen-aeussern\\\/#primaryimage\"},\"image\":{\"@id\":\"https:\\\/\\\/www.organisator.ch\\\/marketing\\\/2025-06-18\\\/whitepaper-wie-politisch-sollen-sich-unternehmen-aeussern\\\/#primaryimage\"},\"thumbnailUrl\":\"https:\\\/\\\/www.markt-kom.com\\\/wp-content\\\/uploads\\\/2025\\\/06\\\/Boesch-Huber-RX-Whitepaper2-Autor-innen.jpg\",\"datePublished\":\"2025-06-18T03:11:07+00:00\",\"description\":\"Ein Whitepaper befasst sich mit der Frage, ob und unter welchen Bedingungen sich Unternehmen zu politischen Themen \u00e4ussern sollten.\",\"breadcrumb\":{\"@id\":\"https:\\\/\\\/www.organisator.ch\\\/marketing\\\/2025-06-18\\\/whitepaper-wie-politisch-sollen-sich-unternehmen-aeussern\\\/#breadcrumb\"},\"inLanguage\":\"fr-FR\",\"potentialAction\":[{\"@type\":\"ReadAction\",\"target\":[\"https:\\\/\\\/www.organisator.ch\\\/marketing\\\/2025-06-18\\\/whitepaper-wie-politisch-sollen-sich-unternehmen-aeussern\\\/\"]}]},{\"@type\":\"ImageObject\",\"inLanguage\":\"fr-FR\",\"@id\":\"https:\\\/\\\/www.organisator.ch\\\/marketing\\\/2025-06-18\\\/whitepaper-wie-politisch-sollen-sich-unternehmen-aeussern\\\/#primaryimage\",\"url\":\"https:\\\/\\\/www.markt-kom.com\\\/wp-content\\\/uploads\\\/2025\\\/06\\\/Boesch-Huber-RX-Whitepaper2-Autor-innen.jpg\",\"contentUrl\":\"https:\\\/\\\/www.markt-kom.com\\\/wp-content\\\/uploads\\\/2025\\\/06\\\/Boesch-Huber-RX-Whitepaper2-Autor-innen.jpg\"},{\"@type\":\"BreadcrumbList\",\"@id\":\"https:\\\/\\\/www.organisator.ch\\\/marketing\\\/2025-06-18\\\/whitepaper-wie-politisch-sollen-sich-unternehmen-aeussern\\\/#breadcrumb\",\"itemListElement\":[{\"@type\":\"ListItem\",\"position\":1,\"name\":\"Home\",\"item\":\"https:\\\/\\\/www.organisator.ch\\\/\"},{\"@type\":\"ListItem\",\"position\":2,\"name\":\"Whitepaper: Wie politisch sollen sich Unternehmen \u00e4ussern?\"}]},{\"@type\":\"WebSite\",\"@id\":\"https:\\\/\\\/www.organisator.ch\\\/#website\",\"url\":\"https:\\\/\\\/www.organisator.ch\\\/\",\"name\":\"Organisator\",\"description\":\"Kompetent. Praxisnah. Der ORGANISATOR bereitet in 10 Ausgaben pro Jahr die wesentlichen Themen f\u00fcr F\u00fchrungskr\u00e4fte von KMU auf.\",\"publisher\":{\"@id\":\"https:\\\/\\\/www.organisator.ch\\\/#organization\"},\"potentialAction\":[{\"@type\":\"SearchAction\",\"target\":{\"@type\":\"EntryPoint\",\"urlTemplate\":\"https:\\\/\\\/www.organisator.ch\\\/?s={search_term_string}\"},\"query-input\":{\"@type\":\"PropertyValueSpecification\",\"valueRequired\":true,\"valueName\":\"search_term_string\"}}],\"inLanguage\":\"fr-FR\"},{\"@type\":\"Organization\",\"@id\":\"https:\\\/\\\/www.organisator.ch\\\/#organization\",\"name\":\"Organisator\",\"url\":\"https:\\\/\\\/www.organisator.ch\\\/\",\"logo\":{\"@type\":\"ImageObject\",\"inLanguage\":\"fr-FR\",\"@id\":\"https:\\\/\\\/www.organisator.ch\\\/#\\\/schema\\\/logo\\\/image\\\/\",\"url\":\"https:\\\/\\\/www.organisator.ch\\\/wp-content\\\/uploads\\\/2022\\\/01\\\/Logo_Organisator_Website.png\",\"contentUrl\":\"https:\\\/\\\/www.organisator.ch\\\/wp-content\\\/uploads\\\/2022\\\/01\\\/Logo_Organisator_Website.png\",\"width\":800,\"height\":77,\"caption\":\"Organisator\"},\"image\":{\"@id\":\"https:\\\/\\\/www.organisator.ch\\\/#\\\/schema\\\/logo\\\/image\\\/\"},\"sameAs\":[\"https:\\\/\\\/www.facebook.com\\\/OrganisatorFachmagazin\",\"https:\\\/\\\/www.linkedin.com\\\/showcase\\\/organisator-das-magazin-fr-kmu\",\"https:\\\/\\\/www.xing.com\\\/news\\\/pages\\\/organisator-ch-695\",\"https:\\\/\\\/www.youtube.com\\\/channel\\\/UCGP2Sq0iWaZwT3BdIAQFYpw\"]},{\"@type\":\"Person\",\"@id\":\"https:\\\/\\\/www.organisator.ch\\\/#\\\/schema\\\/person\\\/4e51799071cd2dd1232ac003643ef5f0\",\"name\":\"galledia\",\"image\":{\"@type\":\"ImageObject\",\"inLanguage\":\"fr-FR\",\"@id\":\"https:\\\/\\\/secure.gravatar.com\\\/avatar\\\/78a7f90c01fc2bfc875782a0d4922b37cde2cf184ce347b91316d23cd7f69a36?s=96&d=mm&r=g\",\"url\":\"https:\\\/\\\/secure.gravatar.com\\\/avatar\\\/78a7f90c01fc2bfc875782a0d4922b37cde2cf184ce347b91316d23cd7f69a36?s=96&d=mm&r=g\",\"contentUrl\":\"https:\\\/\\\/secure.gravatar.com\\\/avatar\\\/78a7f90c01fc2bfc875782a0d4922b37cde2cf184ce347b91316d23cd7f69a36?s=96&d=mm&r=g\",\"caption\":\"galledia\"},\"sameAs\":[\"https:\\\/\\\/x.com\\\/admin\"],\"url\":\"https:\\\/\\\/www.organisator.ch\\\/fr\\\/author\\\/galledia\\\/\"}]}<\/script>\n<!-- \/ Yoast SEO plugin. -->","yoast_head_json":{"title":"Livre blanc : Dans quelle mesure les entreprises doivent-elles s'exprimer politiquement ? - Organisateur","description":"Un livre blanc se penche sur la question de savoir si les entreprises doivent s'exprimer sur des sujets politiques et dans quelles conditions.","robots":{"index":"index","follow":"follow","max-snippet":"max-snippet:-1","max-image-preview":"max-image-preview:large","max-video-preview":"max-video-preview:-1"},"canonical":"https:\/\/www.organisator.ch\/fr\/marketing\/2025-06-18\/whitepaper-wie-politisch-sollen-sich-unternehmen-aeussern\/","og_locale":"fr_FR","og_type":"article","og_title":"Whitepaper: Wie politisch sollen sich Unternehmen \u00e4ussern? - Organisator","og_description":"Ein Whitepaper befasst sich mit der Frage, ob und unter welchen Bedingungen sich Unternehmen zu politischen Themen \u00e4ussern sollten.","og_url":"https:\/\/www.organisator.ch\/fr\/marketing\/2025-06-18\/whitepaper-wie-politisch-sollen-sich-unternehmen-aeussern\/","og_site_name":"Organisator","article_publisher":"https:\/\/www.facebook.com\/OrganisatorFachmagazin","article_published_time":"2025-06-18T03:11:07+00:00","author":"galledia","twitter_card":"summary_large_image","twitter_creator":"@admin","schema":{"@context":"https:\/\/schema.org","@graph":[{"@type":"Article","@id":"https:\/\/www.organisator.ch\/marketing\/2025-06-18\/whitepaper-wie-politisch-sollen-sich-unternehmen-aeussern\/#article","isPartOf":{"@id":"https:\/\/www.organisator.ch\/marketing\/2025-06-18\/whitepaper-wie-politisch-sollen-sich-unternehmen-aeussern\/"},"author":{"name":"galledia","@id":"https:\/\/www.organisator.ch\/#\/schema\/person\/4e51799071cd2dd1232ac003643ef5f0"},"headline":"Whitepaper: Wie politisch sollen sich Unternehmen \u00e4ussern?","datePublished":"2025-06-18T03:11:07+00:00","mainEntityOfPage":{"@id":"https:\/\/www.organisator.ch\/marketing\/2025-06-18\/whitepaper-wie-politisch-sollen-sich-unternehmen-aeussern\/"},"wordCount":227,"publisher":{"@id":"https:\/\/www.organisator.ch\/#organization"},"image":{"@id":"https:\/\/www.organisator.ch\/marketing\/2025-06-18\/whitepaper-wie-politisch-sollen-sich-unternehmen-aeussern\/#primaryimage"},"thumbnailUrl":"https:\/\/www.markt-kom.com\/wp-content\/uploads\/2025\/06\/Boesch-Huber-RX-Whitepaper2-Autor-innen.jpg","keywords":["MarKom","Reputation Experts"],"articleSection":["MARKETING"],"inLanguage":"fr-FR"},{"@type":"WebPage","@id":"https:\/\/www.organisator.ch\/marketing\/2025-06-18\/whitepaper-wie-politisch-sollen-sich-unternehmen-aeussern\/","url":"https:\/\/www.organisator.ch\/marketing\/2025-06-18\/whitepaper-wie-politisch-sollen-sich-unternehmen-aeussern\/","name":"Livre blanc : Dans quelle mesure les entreprises doivent-elles s'exprimer politiquement ? - Organisateur","isPartOf":{"@id":"https:\/\/www.organisator.ch\/#website"},"primaryImageOfPage":{"@id":"https:\/\/www.organisator.ch\/marketing\/2025-06-18\/whitepaper-wie-politisch-sollen-sich-unternehmen-aeussern\/#primaryimage"},"image":{"@id":"https:\/\/www.organisator.ch\/marketing\/2025-06-18\/whitepaper-wie-politisch-sollen-sich-unternehmen-aeussern\/#primaryimage"},"thumbnailUrl":"https:\/\/www.markt-kom.com\/wp-content\/uploads\/2025\/06\/Boesch-Huber-RX-Whitepaper2-Autor-innen.jpg","datePublished":"2025-06-18T03:11:07+00:00","description":"Un livre blanc se penche sur la question de savoir si les entreprises doivent s'exprimer sur des sujets politiques et dans quelles conditions.","breadcrumb":{"@id":"https:\/\/www.organisator.ch\/marketing\/2025-06-18\/whitepaper-wie-politisch-sollen-sich-unternehmen-aeussern\/#breadcrumb"},"inLanguage":"fr-FR","potentialAction":[{"@type":"ReadAction","target":["https:\/\/www.organisator.ch\/marketing\/2025-06-18\/whitepaper-wie-politisch-sollen-sich-unternehmen-aeussern\/"]}]},{"@type":"ImageObject","inLanguage":"fr-FR","@id":"https:\/\/www.organisator.ch\/marketing\/2025-06-18\/whitepaper-wie-politisch-sollen-sich-unternehmen-aeussern\/#primaryimage","url":"https:\/\/www.markt-kom.com\/wp-content\/uploads\/2025\/06\/Boesch-Huber-RX-Whitepaper2-Autor-innen.jpg","contentUrl":"https:\/\/www.markt-kom.com\/wp-content\/uploads\/2025\/06\/Boesch-Huber-RX-Whitepaper2-Autor-innen.jpg"},{"@type":"BreadcrumbList","@id":"https:\/\/www.organisator.ch\/marketing\/2025-06-18\/whitepaper-wie-politisch-sollen-sich-unternehmen-aeussern\/#breadcrumb","itemListElement":[{"@type":"ListItem","position":1,"name":"Home","item":"https:\/\/www.organisator.ch\/"},{"@type":"ListItem","position":2,"name":"Whitepaper: Wie politisch sollen sich Unternehmen \u00e4ussern?"}]},{"@type":"WebSite","@id":"https:\/\/www.organisator.ch\/#website","url":"https:\/\/www.organisator.ch\/","name":"Organisateur","description":"Comp\u00e9tence et comp\u00e9tence. Proches de la pratique. L'ORGANISATEUR pr\u00e9pare 10 num\u00e9ros par an sur les th\u00e8mes essentiels pour les dirigeants de PME.","publisher":{"@id":"https:\/\/www.organisator.ch\/#organization"},"potentialAction":[{"@type":"SearchAction","target":{"@type":"EntryPoint","urlTemplate":"https:\/\/www.organisator.ch\/?s={search_term_string}"},"query-input":{"@type":"PropertyValueSpecification","valueRequired":true,"valueName":"search_term_string"}}],"inLanguage":"fr-FR"},{"@type":"Organization","@id":"https:\/\/www.organisator.ch\/#organization","name":"Organisateur","url":"https:\/\/www.organisator.ch\/","logo":{"@type":"ImageObject","inLanguage":"fr-FR","@id":"https:\/\/www.organisator.ch\/#\/schema\/logo\/image\/","url":"https:\/\/www.organisator.ch\/wp-content\/uploads\/2022\/01\/Logo_Organisator_Website.png","contentUrl":"https:\/\/www.organisator.ch\/wp-content\/uploads\/2022\/01\/Logo_Organisator_Website.png","width":800,"height":77,"caption":"Organisator"},"image":{"@id":"https:\/\/www.organisator.ch\/#\/schema\/logo\/image\/"},"sameAs":["https:\/\/www.facebook.com\/OrganisatorFachmagazin","https:\/\/www.linkedin.com\/showcase\/organisator-das-magazin-fr-kmu","https:\/\/www.xing.com\/news\/pages\/organisator-ch-695","https:\/\/www.youtube.com\/channel\/UCGP2Sq0iWaZwT3BdIAQFYpw"]},{"@type":"Person","@id":"https:\/\/www.organisator.ch\/#\/schema\/person\/4e51799071cd2dd1232ac003643ef5f0","name":"galledia","image":{"@type":"ImageObject","inLanguage":"fr-FR","@id":"https:\/\/secure.gravatar.com\/avatar\/78a7f90c01fc2bfc875782a0d4922b37cde2cf184ce347b91316d23cd7f69a36?s=96&d=mm&r=g","url":"https:\/\/secure.gravatar.com\/avatar\/78a7f90c01fc2bfc875782a0d4922b37cde2cf184ce347b91316d23cd7f69a36?s=96&d=mm&r=g","contentUrl":"https:\/\/secure.gravatar.com\/avatar\/78a7f90c01fc2bfc875782a0d4922b37cde2cf184ce347b91316d23cd7f69a36?s=96&d=mm&r=g","caption":"galledia"},"sameAs":["https:\/\/x.com\/admin"],"url":"https:\/\/www.organisator.ch\/fr\/author\/galledia\/"}]}},"_links":{"self":[{"href":"https:\/\/www.organisator.ch\/fr\/wp-json\/wp\/v2\/posts\/39070","targetHints":{"allow":["GET"]}}],"collection":[{"href":"https:\/\/www.organisator.ch\/fr\/wp-json\/wp\/v2\/posts"}],"about":[{"href":"https:\/\/www.organisator.ch\/fr\/wp-json\/wp\/v2\/types\/post"}],"author":[{"embeddable":true,"href":"https:\/\/www.organisator.ch\/fr\/wp-json\/wp\/v2\/users\/8"}],"replies":[{"embeddable":true,"href":"https:\/\/www.organisator.ch\/fr\/wp-json\/wp\/v2\/comments?post=39070"}],"version-history":[{"count":3,"href":"https:\/\/www.organisator.ch\/fr\/wp-json\/wp\/v2\/posts\/39070\/revisions"}],"predecessor-version":[{"id":39088,"href":"https:\/\/www.organisator.ch\/fr\/wp-json\/wp\/v2\/posts\/39070\/revisions\/39088"}],"wp:attachment":[{"href":"https:\/\/www.organisator.ch\/fr\/wp-json\/wp\/v2\/media?parent=39070"}],"wp:term":[{"taxonomy":"category","embeddable":true,"href":"https:\/\/www.organisator.ch\/fr\/wp-json\/wp\/v2\/categories?post=39070"},{"taxonomy":"post_tag","embeddable":true,"href":"https:\/\/www.organisator.ch\/fr\/wp-json\/wp\/v2\/tags?post=39070"}],"curies":[{"name":"wp","href":"https:\/\/api.w.org\/{rel}","templated":true}]}}