{"id":39104,"date":"2025-06-18T09:12:46","date_gmt":"2025-06-18T07:12:46","guid":{"rendered":"https:\/\/www.markt-kom.com\/?p=236249"},"modified":"2025-06-18T16:32:24","modified_gmt":"2025-06-18T14:32:24","slug":"kommunikation-will-strategisch-mitreden-bleibt-aber-oft-aussen-vor","status":"publish","type":"post","link":"https:\/\/www.organisator.ch\/fr\/management\/2025-06-18\/kommunikation-will-strategisch-mitreden-bleibt-aber-oft-aussen-vor\/","title":{"rendered":"La communication veut avoir son mot \u00e0 dire sur la strat\u00e9gie - mais reste souvent \u00e0 l'\u00e9cart"},"content":{"rendered":"<figure id=\"attachment_236251\" class=\"wp-caption aligncenter\" style=\"width: 1193px;\" aria-describedby=\"caption-attachment-236251\"><a href=\"https:\/\/www.markt-kom.com\/wp-content\/uploads\/2025\/06\/newsaktuell-Infografik-Kein-Platz-am-Vorstandstisch-CH-DE-1.jpg\"><img class=\"size-full wp-image-236251\" src=\"https:\/\/www.markt-kom.com\/wp-content\/uploads\/2025\/06\/newsaktuell-Infografik-Kein-Platz-am-Vorstandstisch-CH-DE-1.jpg\" sizes=\"(max-width: 1193px) 100vw, 1193px\" srcset=\"https:\/\/www.markt-kom.com\/wp-content\/uploads\/2025\/06\/newsaktuell-Infografik-Kein-Platz-am-Vorstandstisch-CH-DE-1.jpg 1193w, https:\/\/www.markt-kom.com\/wp-content\/uploads\/2025\/06\/newsaktuell-Infografik-Kein-Platz-am-Vorstandstisch-CH-DE-1-600x453.jpg 600w, https:\/\/www.markt-kom.com\/wp-content\/uploads\/2025\/06\/newsaktuell-Infografik-Kein-Platz-am-Vorstandstisch-CH-DE-1-1024x773.jpg 1024w, https:\/\/www.markt-kom.com\/wp-content\/uploads\/2025\/06\/newsaktuell-Infografik-Kein-Platz-am-Vorstandstisch-CH-DE-1-768x579.jpg 768w, https:\/\/www.markt-kom.com\/wp-content\/uploads\/2025\/06\/newsaktuell-Infografik-Kein-Platz-am-Vorstandstisch-CH-DE-1-16x12.jpg 16w, https:\/\/www.markt-kom.com\/wp-content\/uploads\/2025\/06\/newsaktuell-Infografik-Kein-Platz-am-Vorstandstisch-CH-DE-1-232x175.jpg 232w, https:\/\/www.markt-kom.com\/wp-content\/uploads\/2025\/06\/newsaktuell-Infografik-Kein-Platz-am-Vorstandstisch-CH-DE-1-464x350.jpg 464w, https:\/\/www.markt-kom.com\/wp-content\/uploads\/2025\/06\/newsaktuell-Infografik-Kein-Platz-am-Vorstandstisch-CH-DE-1-1000x754.jpg 1000w\" alt=\"\" width=\"1193\" height=\"900\" \/><\/a>\r\n<figcaption id=\"caption-attachment-236251\" class=\"wp-caption-text\">(Graphique : PR-Trendmonitor\/News Aktuell\/PER)<\/figcaption>\r\n<\/figure>\r\n<p>Le r\u00f4le strat\u00e9gique de la communication d'entreprise reste en de\u00e7\u00e0 des attentes dans de nombreuses organisations. C'est ce qui ressort de l'\u00e9tude PR-Trendmonitor 2025, r\u00e9alis\u00e9e par News Aktuell, filiale de Dpa, en collaboration avec l'agence de communication PER. L'analyse se base sur une enqu\u00eate en ligne men\u00e9e aupr\u00e8s de 192 professionnels de la communication d'entreprises et d'organisations en Suisse et en Allemagne.<\/p>\r\n<p>94 % des personnes interrog\u00e9es estiment qu'il est important que la communication d'entreprise soit pr\u00e9sente \u00e0 la table des d\u00e9cisions strat\u00e9giques de l'entreprise. Concr\u00e8tement, 62 % consid\u00e8rent cette participation comme \"tr\u00e8s importante\" et 32 % comme \"plut\u00f4t importante\". La r\u00e9alit\u00e9 est toutefois diff\u00e9rente : Seuls 13 % des participants ont indiqu\u00e9 que leur service faisait partie int\u00e9grante de l'\u00e9quipe de d\u00e9cision strat\u00e9gique. D'autres 16 pour cent sont impliqu\u00e9s au moins ponctuellement.<\/p>\r\n<p>La plus grande partie, \u00e0 savoir un tiers, d\u00e9crit son propre r\u00f4le comme consultatif, tandis que 30 pour cent ne sont que des porte-parole op\u00e9rationnels de d\u00e9cisions d\u00e9j\u00e0 prises. Six pour cent ne se reconnaissent dans aucune de ces cat\u00e9gories.<\/p>\r\n<p>Les r\u00e9sultats mettent en \u00e9vidence un \u00e9cart persistant entre les exigences et la r\u00e9alit\u00e9 : la pertinence strat\u00e9gique de la communication est certes reconnue, mais son int\u00e9gration syst\u00e9matique dans les processus de d\u00e9cision fait souvent d\u00e9faut. Le Trendmonitor RP donne ainsi un aper\u00e7u d'un d\u00e9fi central de la branche - et souligne en m\u00eame temps le potentiel d'un positionnement plus fort de la communication au niveau de la direction sup\u00e9rieure.<\/p>","protected":false},"excerpt":{"rendered":"<p>Les responsables de la communication consid\u00e8rent leur r\u00f4le comme central dans les d\u00e9cisions strat\u00e9giques - mais dans la pratique, l'implication correspondante fait souvent d\u00e9faut. C'est ce que montre l'actuel Trendmonitor RP 2025 de News Aktuell et PER.<\/p>","protected":false},"author":8,"featured_media":0,"comment_status":"closed","ping_status":"closed","sticky":false,"template":"","format":"standard","meta":{"_acf_changed":false,"_yoast_wpseo_focuskw":"strategisch mitreden","_yoast_wpseo_metadesc":"Kommunikationsverantwortliche wollen strategisch mitreden bei Entscheidungen \u2013 doch in der Praxis fehlt oft die entsprechende Einbindung.","articlekey":"","footnotes":""},"categories":[28],"tags":[4343,4497,4671,458,459],"class_list":["post-39104","post","type-post","status-publish","format-standard","hentry","category-management","tag-markom","tag-news-aktuell","tag-pr-trendmonitor","tag-strategie","tag-studie"],"acf":[],"yoast_head":"<!-- This site is optimized with the Yoast SEO plugin v27.5 - https:\/\/yoast.com\/product\/yoast-seo-wordpress\/ -->\n<title>Kommunikation will strategisch mitreden \u2013 bleibt aber oft aussen vor - Organisator<\/title>\n<meta name=\"description\" content=\"Kommunikationsverantwortliche wollen strategisch mitreden bei Entscheidungen \u2013 doch in der Praxis fehlt oft die entsprechende Einbindung.\" \/>\n<meta name=\"robots\" content=\"index, follow, max-snippet:-1, max-image-preview:large, max-video-preview:-1\" \/>\n<link rel=\"canonical\" href=\"https:\/\/www.organisator.ch\/fr\/gestion-2\/2025-06-18\/kommunikation-will-strategisch-mitreden-bleibt-aber-oft-aussen-vor\/\" \/>\n<meta property=\"og:locale\" content=\"fr_FR\" \/>\n<meta property=\"og:type\" content=\"article\" \/>\n<meta property=\"og:title\" content=\"Kommunikation will strategisch mitreden \u2013 bleibt aber oft aussen vor - Organisator\" \/>\n<meta property=\"og:description\" content=\"Kommunikationsverantwortliche wollen strategisch mitreden bei Entscheidungen \u2013 doch in der Praxis fehlt oft die entsprechende Einbindung.\" \/>\n<meta property=\"og:url\" content=\"https:\/\/www.organisator.ch\/fr\/gestion-2\/2025-06-18\/kommunikation-will-strategisch-mitreden-bleibt-aber-oft-aussen-vor\/\" \/>\n<meta property=\"og:site_name\" content=\"Organisator\" \/>\n<meta property=\"article:publisher\" content=\"https:\/\/www.facebook.com\/OrganisatorFachmagazin\" \/>\n<meta property=\"article:published_time\" content=\"2025-06-18T07:12:46+00:00\" \/>\n<meta property=\"article:modified_time\" content=\"2025-06-18T14:32:24+00:00\" \/>\n<meta name=\"author\" content=\"galledia\" \/>\n<meta name=\"twitter:card\" content=\"summary_large_image\" \/>\n<meta name=\"twitter:creator\" content=\"@admin\" \/>\n<script type=\"application\/ld+json\" class=\"yoast-schema-graph\">{\"@context\":\"https:\\\/\\\/schema.org\",\"@graph\":[{\"@type\":\"Article\",\"@id\":\"https:\\\/\\\/www.organisator.ch\\\/management\\\/2025-06-18\\\/kommunikation-will-strategisch-mitreden-bleibt-aber-oft-aussen-vor\\\/#article\",\"isPartOf\":{\"@id\":\"https:\\\/\\\/www.organisator.ch\\\/management\\\/2025-06-18\\\/kommunikation-will-strategisch-mitreden-bleibt-aber-oft-aussen-vor\\\/\"},\"author\":{\"name\":\"galledia\",\"@id\":\"https:\\\/\\\/www.organisator.ch\\\/#\\\/schema\\\/person\\\/4e51799071cd2dd1232ac003643ef5f0\"},\"headline\":\"Kommunikation will strategisch mitreden \u2013 bleibt aber oft aussen vor\",\"datePublished\":\"2025-06-18T07:12:46+00:00\",\"dateModified\":\"2025-06-18T14:32:24+00:00\",\"mainEntityOfPage\":{\"@id\":\"https:\\\/\\\/www.organisator.ch\\\/management\\\/2025-06-18\\\/kommunikation-will-strategisch-mitreden-bleibt-aber-oft-aussen-vor\\\/\"},\"wordCount\":219,\"publisher\":{\"@id\":\"https:\\\/\\\/www.organisator.ch\\\/#organization\"},\"image\":{\"@id\":\"https:\\\/\\\/www.organisator.ch\\\/management\\\/2025-06-18\\\/kommunikation-will-strategisch-mitreden-bleibt-aber-oft-aussen-vor\\\/#primaryimage\"},\"thumbnailUrl\":\"https:\\\/\\\/www.markt-kom.com\\\/wp-content\\\/uploads\\\/2025\\\/06\\\/newsaktuell-Infografik-Kein-Platz-am-Vorstandstisch-CH-DE-1.jpg\",\"keywords\":[\"MarKom\",\"News Aktuell\",\"PR-Trendmonitor\",\"Strategie\",\"Studie\"],\"articleSection\":[\"MANAGEMENT\"],\"inLanguage\":\"fr-FR\"},{\"@type\":\"WebPage\",\"@id\":\"https:\\\/\\\/www.organisator.ch\\\/management\\\/2025-06-18\\\/kommunikation-will-strategisch-mitreden-bleibt-aber-oft-aussen-vor\\\/\",\"url\":\"https:\\\/\\\/www.organisator.ch\\\/management\\\/2025-06-18\\\/kommunikation-will-strategisch-mitreden-bleibt-aber-oft-aussen-vor\\\/\",\"name\":\"Kommunikation will strategisch mitreden \u2013 bleibt aber oft aussen vor - Organisator\",\"isPartOf\":{\"@id\":\"https:\\\/\\\/www.organisator.ch\\\/#website\"},\"primaryImageOfPage\":{\"@id\":\"https:\\\/\\\/www.organisator.ch\\\/management\\\/2025-06-18\\\/kommunikation-will-strategisch-mitreden-bleibt-aber-oft-aussen-vor\\\/#primaryimage\"},\"image\":{\"@id\":\"https:\\\/\\\/www.organisator.ch\\\/management\\\/2025-06-18\\\/kommunikation-will-strategisch-mitreden-bleibt-aber-oft-aussen-vor\\\/#primaryimage\"},\"thumbnailUrl\":\"https:\\\/\\\/www.markt-kom.com\\\/wp-content\\\/uploads\\\/2025\\\/06\\\/newsaktuell-Infografik-Kein-Platz-am-Vorstandstisch-CH-DE-1.jpg\",\"datePublished\":\"2025-06-18T07:12:46+00:00\",\"dateModified\":\"2025-06-18T14:32:24+00:00\",\"description\":\"Kommunikationsverantwortliche wollen strategisch mitreden bei Entscheidungen \u2013 doch in der Praxis fehlt oft die entsprechende Einbindung.\",\"breadcrumb\":{\"@id\":\"https:\\\/\\\/www.organisator.ch\\\/management\\\/2025-06-18\\\/kommunikation-will-strategisch-mitreden-bleibt-aber-oft-aussen-vor\\\/#breadcrumb\"},\"inLanguage\":\"fr-FR\",\"potentialAction\":[{\"@type\":\"ReadAction\",\"target\":[\"https:\\\/\\\/www.organisator.ch\\\/management\\\/2025-06-18\\\/kommunikation-will-strategisch-mitreden-bleibt-aber-oft-aussen-vor\\\/\"]}]},{\"@type\":\"ImageObject\",\"inLanguage\":\"fr-FR\",\"@id\":\"https:\\\/\\\/www.organisator.ch\\\/management\\\/2025-06-18\\\/kommunikation-will-strategisch-mitreden-bleibt-aber-oft-aussen-vor\\\/#primaryimage\",\"url\":\"https:\\\/\\\/www.markt-kom.com\\\/wp-content\\\/uploads\\\/2025\\\/06\\\/newsaktuell-Infografik-Kein-Platz-am-Vorstandstisch-CH-DE-1.jpg\",\"contentUrl\":\"https:\\\/\\\/www.markt-kom.com\\\/wp-content\\\/uploads\\\/2025\\\/06\\\/newsaktuell-Infografik-Kein-Platz-am-Vorstandstisch-CH-DE-1.jpg\"},{\"@type\":\"BreadcrumbList\",\"@id\":\"https:\\\/\\\/www.organisator.ch\\\/management\\\/2025-06-18\\\/kommunikation-will-strategisch-mitreden-bleibt-aber-oft-aussen-vor\\\/#breadcrumb\",\"itemListElement\":[{\"@type\":\"ListItem\",\"position\":1,\"name\":\"Home\",\"item\":\"https:\\\/\\\/www.organisator.ch\\\/\"},{\"@type\":\"ListItem\",\"position\":2,\"name\":\"Kommunikation will strategisch mitreden \u2013 bleibt aber oft aussen vor\"}]},{\"@type\":\"WebSite\",\"@id\":\"https:\\\/\\\/www.organisator.ch\\\/#website\",\"url\":\"https:\\\/\\\/www.organisator.ch\\\/\",\"name\":\"Organisator\",\"description\":\"Kompetent. Praxisnah. Der ORGANISATOR bereitet in 10 Ausgaben pro Jahr die wesentlichen Themen f\u00fcr F\u00fchrungskr\u00e4fte von KMU auf.\",\"publisher\":{\"@id\":\"https:\\\/\\\/www.organisator.ch\\\/#organization\"},\"potentialAction\":[{\"@type\":\"SearchAction\",\"target\":{\"@type\":\"EntryPoint\",\"urlTemplate\":\"https:\\\/\\\/www.organisator.ch\\\/?s={search_term_string}\"},\"query-input\":{\"@type\":\"PropertyValueSpecification\",\"valueRequired\":true,\"valueName\":\"search_term_string\"}}],\"inLanguage\":\"fr-FR\"},{\"@type\":\"Organization\",\"@id\":\"https:\\\/\\\/www.organisator.ch\\\/#organization\",\"name\":\"Organisator\",\"url\":\"https:\\\/\\\/www.organisator.ch\\\/\",\"logo\":{\"@type\":\"ImageObject\",\"inLanguage\":\"fr-FR\",\"@id\":\"https:\\\/\\\/www.organisator.ch\\\/#\\\/schema\\\/logo\\\/image\\\/\",\"url\":\"https:\\\/\\\/www.organisator.ch\\\/wp-content\\\/uploads\\\/2022\\\/01\\\/Logo_Organisator_Website.png\",\"contentUrl\":\"https:\\\/\\\/www.organisator.ch\\\/wp-content\\\/uploads\\\/2022\\\/01\\\/Logo_Organisator_Website.png\",\"width\":800,\"height\":77,\"caption\":\"Organisator\"},\"image\":{\"@id\":\"https:\\\/\\\/www.organisator.ch\\\/#\\\/schema\\\/logo\\\/image\\\/\"},\"sameAs\":[\"https:\\\/\\\/www.facebook.com\\\/OrganisatorFachmagazin\",\"https:\\\/\\\/www.linkedin.com\\\/showcase\\\/organisator-das-magazin-fr-kmu\",\"https:\\\/\\\/www.xing.com\\\/news\\\/pages\\\/organisator-ch-695\",\"https:\\\/\\\/www.youtube.com\\\/channel\\\/UCGP2Sq0iWaZwT3BdIAQFYpw\"]},{\"@type\":\"Person\",\"@id\":\"https:\\\/\\\/www.organisator.ch\\\/#\\\/schema\\\/person\\\/4e51799071cd2dd1232ac003643ef5f0\",\"name\":\"galledia\",\"image\":{\"@type\":\"ImageObject\",\"inLanguage\":\"fr-FR\",\"@id\":\"https:\\\/\\\/secure.gravatar.com\\\/avatar\\\/78a7f90c01fc2bfc875782a0d4922b37cde2cf184ce347b91316d23cd7f69a36?s=96&d=mm&r=g\",\"url\":\"https:\\\/\\\/secure.gravatar.com\\\/avatar\\\/78a7f90c01fc2bfc875782a0d4922b37cde2cf184ce347b91316d23cd7f69a36?s=96&d=mm&r=g\",\"contentUrl\":\"https:\\\/\\\/secure.gravatar.com\\\/avatar\\\/78a7f90c01fc2bfc875782a0d4922b37cde2cf184ce347b91316d23cd7f69a36?s=96&d=mm&r=g\",\"caption\":\"galledia\"},\"sameAs\":[\"https:\\\/\\\/x.com\\\/admin\"],\"url\":\"https:\\\/\\\/www.organisator.ch\\\/fr\\\/author\\\/galledia\\\/\"}]}<\/script>\n<!-- \/ Yoast SEO plugin. -->","yoast_head_json":{"title":"La communication veut avoir son mot \u00e0 dire sur la strat\u00e9gie - mais reste souvent \u00e0 l'\u00e9cart - Organisateur","description":"Les responsables de la communication veulent avoir leur mot \u00e0 dire sur les d\u00e9cisions strat\u00e9giques - mais dans la pratique, l'implication correspondante fait souvent d\u00e9faut.","robots":{"index":"index","follow":"follow","max-snippet":"max-snippet:-1","max-image-preview":"max-image-preview:large","max-video-preview":"max-video-preview:-1"},"canonical":"https:\/\/www.organisator.ch\/fr\/gestion-2\/2025-06-18\/kommunikation-will-strategisch-mitreden-bleibt-aber-oft-aussen-vor\/","og_locale":"fr_FR","og_type":"article","og_title":"Kommunikation will strategisch mitreden \u2013 bleibt aber oft aussen vor - Organisator","og_description":"Kommunikationsverantwortliche wollen strategisch mitreden bei Entscheidungen \u2013 doch in der Praxis fehlt oft die entsprechende Einbindung.","og_url":"https:\/\/www.organisator.ch\/fr\/gestion-2\/2025-06-18\/kommunikation-will-strategisch-mitreden-bleibt-aber-oft-aussen-vor\/","og_site_name":"Organisator","article_publisher":"https:\/\/www.facebook.com\/OrganisatorFachmagazin","article_published_time":"2025-06-18T07:12:46+00:00","article_modified_time":"2025-06-18T14:32:24+00:00","author":"galledia","twitter_card":"summary_large_image","twitter_creator":"@admin","schema":{"@context":"https:\/\/schema.org","@graph":[{"@type":"Article","@id":"https:\/\/www.organisator.ch\/management\/2025-06-18\/kommunikation-will-strategisch-mitreden-bleibt-aber-oft-aussen-vor\/#article","isPartOf":{"@id":"https:\/\/www.organisator.ch\/management\/2025-06-18\/kommunikation-will-strategisch-mitreden-bleibt-aber-oft-aussen-vor\/"},"author":{"name":"galledia","@id":"https:\/\/www.organisator.ch\/#\/schema\/person\/4e51799071cd2dd1232ac003643ef5f0"},"headline":"Kommunikation will strategisch mitreden \u2013 bleibt aber oft aussen vor","datePublished":"2025-06-18T07:12:46+00:00","dateModified":"2025-06-18T14:32:24+00:00","mainEntityOfPage":{"@id":"https:\/\/www.organisator.ch\/management\/2025-06-18\/kommunikation-will-strategisch-mitreden-bleibt-aber-oft-aussen-vor\/"},"wordCount":219,"publisher":{"@id":"https:\/\/www.organisator.ch\/#organization"},"image":{"@id":"https:\/\/www.organisator.ch\/management\/2025-06-18\/kommunikation-will-strategisch-mitreden-bleibt-aber-oft-aussen-vor\/#primaryimage"},"thumbnailUrl":"https:\/\/www.markt-kom.com\/wp-content\/uploads\/2025\/06\/newsaktuell-Infografik-Kein-Platz-am-Vorstandstisch-CH-DE-1.jpg","keywords":["MarKom","News Aktuell","PR-Trendmonitor","Strategie","Studie"],"articleSection":["MANAGEMENT"],"inLanguage":"fr-FR"},{"@type":"WebPage","@id":"https:\/\/www.organisator.ch\/management\/2025-06-18\/kommunikation-will-strategisch-mitreden-bleibt-aber-oft-aussen-vor\/","url":"https:\/\/www.organisator.ch\/management\/2025-06-18\/kommunikation-will-strategisch-mitreden-bleibt-aber-oft-aussen-vor\/","name":"La communication veut avoir son mot \u00e0 dire sur la strat\u00e9gie - mais reste souvent \u00e0 l'\u00e9cart - Organisateur","isPartOf":{"@id":"https:\/\/www.organisator.ch\/#website"},"primaryImageOfPage":{"@id":"https:\/\/www.organisator.ch\/management\/2025-06-18\/kommunikation-will-strategisch-mitreden-bleibt-aber-oft-aussen-vor\/#primaryimage"},"image":{"@id":"https:\/\/www.organisator.ch\/management\/2025-06-18\/kommunikation-will-strategisch-mitreden-bleibt-aber-oft-aussen-vor\/#primaryimage"},"thumbnailUrl":"https:\/\/www.markt-kom.com\/wp-content\/uploads\/2025\/06\/newsaktuell-Infografik-Kein-Platz-am-Vorstandstisch-CH-DE-1.jpg","datePublished":"2025-06-18T07:12:46+00:00","dateModified":"2025-06-18T14:32:24+00:00","description":"Les responsables de la communication veulent avoir leur mot \u00e0 dire sur les d\u00e9cisions strat\u00e9giques - mais dans la pratique, l'implication correspondante fait souvent d\u00e9faut.","breadcrumb":{"@id":"https:\/\/www.organisator.ch\/management\/2025-06-18\/kommunikation-will-strategisch-mitreden-bleibt-aber-oft-aussen-vor\/#breadcrumb"},"inLanguage":"fr-FR","potentialAction":[{"@type":"ReadAction","target":["https:\/\/www.organisator.ch\/management\/2025-06-18\/kommunikation-will-strategisch-mitreden-bleibt-aber-oft-aussen-vor\/"]}]},{"@type":"ImageObject","inLanguage":"fr-FR","@id":"https:\/\/www.organisator.ch\/management\/2025-06-18\/kommunikation-will-strategisch-mitreden-bleibt-aber-oft-aussen-vor\/#primaryimage","url":"https:\/\/www.markt-kom.com\/wp-content\/uploads\/2025\/06\/newsaktuell-Infografik-Kein-Platz-am-Vorstandstisch-CH-DE-1.jpg","contentUrl":"https:\/\/www.markt-kom.com\/wp-content\/uploads\/2025\/06\/newsaktuell-Infografik-Kein-Platz-am-Vorstandstisch-CH-DE-1.jpg"},{"@type":"BreadcrumbList","@id":"https:\/\/www.organisator.ch\/management\/2025-06-18\/kommunikation-will-strategisch-mitreden-bleibt-aber-oft-aussen-vor\/#breadcrumb","itemListElement":[{"@type":"ListItem","position":1,"name":"Home","item":"https:\/\/www.organisator.ch\/"},{"@type":"ListItem","position":2,"name":"Kommunikation will strategisch mitreden \u2013 bleibt aber oft aussen vor"}]},{"@type":"WebSite","@id":"https:\/\/www.organisator.ch\/#website","url":"https:\/\/www.organisator.ch\/","name":"Organisateur","description":"Comp\u00e9tence et comp\u00e9tence. Proches de la pratique. L'ORGANISATEUR pr\u00e9pare 10 num\u00e9ros par an sur les th\u00e8mes essentiels pour les dirigeants de PME.","publisher":{"@id":"https:\/\/www.organisator.ch\/#organization"},"potentialAction":[{"@type":"SearchAction","target":{"@type":"EntryPoint","urlTemplate":"https:\/\/www.organisator.ch\/?s={search_term_string}"},"query-input":{"@type":"PropertyValueSpecification","valueRequired":true,"valueName":"search_term_string"}}],"inLanguage":"fr-FR"},{"@type":"Organization","@id":"https:\/\/www.organisator.ch\/#organization","name":"Organisateur","url":"https:\/\/www.organisator.ch\/","logo":{"@type":"ImageObject","inLanguage":"fr-FR","@id":"https:\/\/www.organisator.ch\/#\/schema\/logo\/image\/","url":"https:\/\/www.organisator.ch\/wp-content\/uploads\/2022\/01\/Logo_Organisator_Website.png","contentUrl":"https:\/\/www.organisator.ch\/wp-content\/uploads\/2022\/01\/Logo_Organisator_Website.png","width":800,"height":77,"caption":"Organisator"},"image":{"@id":"https:\/\/www.organisator.ch\/#\/schema\/logo\/image\/"},"sameAs":["https:\/\/www.facebook.com\/OrganisatorFachmagazin","https:\/\/www.linkedin.com\/showcase\/organisator-das-magazin-fr-kmu","https:\/\/www.xing.com\/news\/pages\/organisator-ch-695","https:\/\/www.youtube.com\/channel\/UCGP2Sq0iWaZwT3BdIAQFYpw"]},{"@type":"Person","@id":"https:\/\/www.organisator.ch\/#\/schema\/person\/4e51799071cd2dd1232ac003643ef5f0","name":"galledia","image":{"@type":"ImageObject","inLanguage":"fr-FR","@id":"https:\/\/secure.gravatar.com\/avatar\/78a7f90c01fc2bfc875782a0d4922b37cde2cf184ce347b91316d23cd7f69a36?s=96&d=mm&r=g","url":"https:\/\/secure.gravatar.com\/avatar\/78a7f90c01fc2bfc875782a0d4922b37cde2cf184ce347b91316d23cd7f69a36?s=96&d=mm&r=g","contentUrl":"https:\/\/secure.gravatar.com\/avatar\/78a7f90c01fc2bfc875782a0d4922b37cde2cf184ce347b91316d23cd7f69a36?s=96&d=mm&r=g","caption":"galledia"},"sameAs":["https:\/\/x.com\/admin"],"url":"https:\/\/www.organisator.ch\/fr\/author\/galledia\/"}]}},"_links":{"self":[{"href":"https:\/\/www.organisator.ch\/fr\/wp-json\/wp\/v2\/posts\/39104","targetHints":{"allow":["GET"]}}],"collection":[{"href":"https:\/\/www.organisator.ch\/fr\/wp-json\/wp\/v2\/posts"}],"about":[{"href":"https:\/\/www.organisator.ch\/fr\/wp-json\/wp\/v2\/types\/post"}],"author":[{"embeddable":true,"href":"https:\/\/www.organisator.ch\/fr\/wp-json\/wp\/v2\/users\/8"}],"replies":[{"embeddable":true,"href":"https:\/\/www.organisator.ch\/fr\/wp-json\/wp\/v2\/comments?post=39104"}],"version-history":[{"count":4,"href":"https:\/\/www.organisator.ch\/fr\/wp-json\/wp\/v2\/posts\/39104\/revisions"}],"predecessor-version":[{"id":39115,"href":"https:\/\/www.organisator.ch\/fr\/wp-json\/wp\/v2\/posts\/39104\/revisions\/39115"}],"wp:attachment":[{"href":"https:\/\/www.organisator.ch\/fr\/wp-json\/wp\/v2\/media?parent=39104"}],"wp:term":[{"taxonomy":"category","embeddable":true,"href":"https:\/\/www.organisator.ch\/fr\/wp-json\/wp\/v2\/categories?post=39104"},{"taxonomy":"post_tag","embeddable":true,"href":"https:\/\/www.organisator.ch\/fr\/wp-json\/wp\/v2\/tags?post=39104"}],"curies":[{"name":"wp","href":"https:\/\/api.w.org\/{rel}","templated":true}]}}