{"id":3911,"date":"2018-07-06T09:54:58","date_gmt":"2018-07-06T07:54:58","guid":{"rendered":"https:\/\/www.organisator.ch\/?p=3911"},"modified":"2018-07-06T09:54:58","modified_gmt":"2018-07-06T07:54:58","slug":"mobiliar-uebernimmt-software-hersteller-bexio","status":"publish","type":"post","link":"https:\/\/www.organisator.ch\/fr\/management\/it\/2018-07-06\/mobiliar-uebernimmt-software-hersteller-bexio\/","title":{"rendered":"La Mobili\u00e8re rach\u00e8te l'\u00e9diteur de logiciels Bexio"},"content":{"rendered":"<p class=\"p1\"><span class=\"s1\"><img loading=\"lazy\" decoding=\"async\" class=\"alignnone size-medium wp-image-3912\" src=\"https:\/\/www.organisator.ch\/wp-content\/uploads\/2018\/07\/Mobiliar-uebernimmt-Software-Hersteller-Bexio_Organisator.jpg\" alt=\"\" width=\"680\" height=\"176\" srcset=\"https:\/\/www.organisator.ch\/wp-content\/uploads\/2018\/07\/Mobiliar-uebernimmt-Software-Hersteller-Bexio_Organisator.jpg 1173w, https:\/\/www.organisator.ch\/wp-content\/uploads\/2018\/07\/Mobiliar-uebernimmt-Software-Hersteller-Bexio_Organisator-680x176.jpg 680w, https:\/\/www.organisator.ch\/wp-content\/uploads\/2018\/07\/Mobiliar-uebernimmt-Software-Hersteller-Bexio_Organisator-1024x265.jpg 1024w, https:\/\/www.organisator.ch\/wp-content\/uploads\/2018\/07\/Mobiliar-uebernimmt-Software-Hersteller-Bexio_Organisator-768x199.jpg 768w, https:\/\/www.organisator.ch\/wp-content\/uploads\/2018\/07\/Mobiliar-uebernimmt-Software-Hersteller-Bexio_Organisator-16x4.jpg 16w, https:\/\/www.organisator.ch\/wp-content\/uploads\/2018\/07\/Mobiliar-uebernimmt-Software-Hersteller-Bexio_Organisator-375x97.jpg 375w, https:\/\/www.organisator.ch\/wp-content\/uploads\/2018\/07\/Mobiliar-uebernimmt-Software-Hersteller-Bexio_Organisator-760x197.jpg 760w, https:\/\/www.organisator.ch\/wp-content\/uploads\/2018\/07\/Mobiliar-uebernimmt-Software-Hersteller-Bexio_Organisator-920x238.jpg 920w, https:\/\/www.organisator.ch\/wp-content\/uploads\/2018\/07\/Mobiliar-uebernimmt-Software-Hersteller-Bexio_Organisator-300x78.jpg 300w\" sizes=\"auto, (max-width: 680px) 100vw, 680px\" \/><\/span><\/p>\n<p class=\"p1\"><span class=\"s1\">L'entreprise bexio a \u00e9t\u00e9 fond\u00e9e il y a quatre ans et a d\u00e9velopp\u00e9 un logiciel de gestion simple, bas\u00e9 sur le cloud, pour les petites entreprises en Suisse. Gr\u00e2ce \u00e0 une croissance rapide, elle compte aujourd'hui parmi les fournisseurs leaders avec plus de 15'000 clients. L'entreprise vient d'\u00eatre rachet\u00e9e par La Mobili\u00e8re, la plus grande assurance PME de Suisse selon ses propres dires. Celle-ci souhaite ainsi renforcer sa position sur le march\u00e9 des PME. <\/span>\"d\u00e9velopper \u00e9galement le num\u00e9rique\", comme elle le fait savoir. <span class=\"s1\">\u201e<\/span><span class=\"s1\">En collaboration avec un partenaire fort et une maison m\u00e8re solide, nous pourrons d\u00e9velopper notre plateforme encore plus rapidement et durablement\", \u00e9crit bexio elle-m\u00eame sur son propre site internet.\u00a0<a href=\"https:\/\/www.bexio.com\/de-CH\/blog\/view\/bexio-mobiliar\">Blog de l'entreprise<\/a>. L'accent est mis sur le fait que l'entreprise ne sera pas int\u00e9gr\u00e9e \u00e0 La Mobili\u00e8re, mais restera ind\u00e9pendante. Les contrats actuels restent en vigueur, de m\u00eame que la direction, les fondateurs et l'ensemble de l'\u00e9quipe en tant qu'interlocuteurs. La collaboration existante entre bexio et Swiss Life n'est pas non plus concern\u00e9e par les nouveaux rapports de propri\u00e9t\u00e9. Les nouveaux propri\u00e9taires<span class=\"s1\">\u00a0il est important que l'entreprise conserve son caract\u00e8re de start-up et puisse se concentrer pleinement sur sa propre croissance, selon le communiqu\u00e9. \"La Mobili\u00e8re nous donne un coup de pouce suppl\u00e9mentaire pour continuer \u00e0 nous d\u00e9velopper en tant que plateforme pour PME et pour r\u00e9pondre rapidement aux besoins de nos clients\", poursuit bexio.<\/span><\/span><\/p>","protected":false},"excerpt":{"rendered":"<p>Das Unternehmen\u00a0bexio wurde vor vier Jahren gegr\u00fcndet und\u00a0entwickelte eine einfache, cloud-basierte Business-Software f\u00fcr\u00a0Kleinunternehmen in der Schweiz. Dank rasantem Wachstum z\u00e4hlt\u00a0es heute zu den f\u00fchrenden\u00a0Anbietern mit \u00fcber 15\u2019000 Kunden. Nun wurde das Unternehmen von der Mobiliar \u00fcbernommen, der nach eigenen Angaben gr\u00f6ssten KMU-Versicherung der Schweiz. Diese wolle damit ihre Position im KMU-Markt &#8222;auch digital ausbauen&#8220;, wie [&hellip;]<\/p>\n","protected":false},"author":4,"featured_media":3912,"comment_status":"open","ping_status":"open","sticky":false,"template":"","format":"standard","meta":{"_acf_changed":false,"_yoast_wpseo_focuskw":"bexio","_yoast_wpseo_metadesc":"Die Mobiliar erwirbt das Business-Software-Unternehmen bexio. Mit dieser Akquisition will sie k\u00fcnftig ihre Position im KMU-Markt auch digital ausbauen.","articlekey":"","footnotes":""},"categories":[27],"tags":[288,393,492],"class_list":["post-3911","post","type-post","status-publish","format-standard","has-post-thumbnail","hentry","category-it","tag-it-business-software","tag-produkte","tag-unternehmen"],"acf":[],"yoast_head":"<!-- This site is optimized with the Yoast SEO plugin v27.5 - https:\/\/yoast.com\/product\/yoast-seo-wordpress\/ -->\n<title>Mobiliar \u00fcbernimmt Software-Hersteller Bexio - Organisator<\/title>\n<meta name=\"description\" content=\"Die Mobiliar erwirbt das Business-Software-Unternehmen bexio. Mit dieser Akquisition will sie k\u00fcnftig ihre Position im KMU-Markt auch digital ausbauen.\" \/>\n<meta name=\"robots\" content=\"index, follow, max-snippet:-1, max-image-preview:large, max-video-preview:-1\" \/>\n<link rel=\"canonical\" href=\"https:\/\/www.organisator.ch\/fr\/gestion-2\/it\/2018-07-06\/mobiliar-uebernimmt-software-hersteller-bexio\/\" \/>\n<meta property=\"og:locale\" content=\"fr_FR\" \/>\n<meta property=\"og:type\" content=\"article\" \/>\n<meta property=\"og:title\" content=\"Mobiliar \u00fcbernimmt Software-Hersteller Bexio\" \/>\n<meta property=\"og:description\" content=\"Die Mobiliar erwirbt das Business-Software-Unternehmen bexio. Mit dieser Akquisition will sie k\u00fcnftig ihre Position im KMU-Markt auch digital ausbauen.\" \/>\n<meta property=\"og:url\" content=\"https:\/\/www.organisator.ch\/fr\/gestion-2\/it\/2018-07-06\/mobiliar-uebernimmt-software-hersteller-bexio\/\" \/>\n<meta property=\"og:site_name\" content=\"Organisator\" \/>\n<meta property=\"article:publisher\" content=\"https:\/\/www.facebook.com\/OrganisatorFachmagazin\" \/>\n<meta property=\"article:published_time\" content=\"2018-07-06T07:54:58+00:00\" \/>\n<meta property=\"og:image\" content=\"https:\/\/www.organisator.ch\/wp-content\/uploads\/2018\/07\/Mobiliar-uebernimmt-Software-Hersteller-Bexio_Organisator.jpg\" \/>\n\t<meta property=\"og:image:width\" content=\"1173\" \/>\n\t<meta property=\"og:image:height\" content=\"304\" \/>\n\t<meta property=\"og:image:type\" content=\"image\/jpeg\" \/>\n<meta name=\"author\" content=\"thomas.berner\" \/>\n<meta name=\"twitter:card\" content=\"summary_large_image\" \/>\n<meta name=\"twitter:title\" content=\"#Mobiliar \u00fcbernimmt Software-Hersteller #Bexio\" \/>\n<meta name=\"twitter:description\" content=\"Die #Mobiliar erwirbt das Business-Software-Unternehmen #bexio. Mit dieser Akquisition will sie k\u00fcnftig ihre Position im KMU-Markt auch digital ausbauen.\" \/>\n<meta name=\"twitter:image\" content=\"https:\/\/www.organisator.ch\/wp-content\/uploads\/2018\/07\/Mobiliar-\u00fcbernimmt-Software-Hersteller-Bexio_Organisator.jpg\" \/>\n<script type=\"application\/ld+json\" class=\"yoast-schema-graph\">{\"@context\":\"https:\\\/\\\/schema.org\",\"@graph\":[{\"@type\":\"Article\",\"@id\":\"https:\\\/\\\/www.organisator.ch\\\/management\\\/it\\\/2018-07-06\\\/mobiliar-uebernimmt-software-hersteller-bexio\\\/#article\",\"isPartOf\":{\"@id\":\"https:\\\/\\\/www.organisator.ch\\\/management\\\/it\\\/2018-07-06\\\/mobiliar-uebernimmt-software-hersteller-bexio\\\/\"},\"author\":{\"name\":\"thomas.berner\",\"@id\":\"https:\\\/\\\/www.organisator.ch\\\/#\\\/schema\\\/person\\\/6f650f90b2842cd4c0cc334b4e36f67e\"},\"headline\":\"Mobiliar \u00fcbernimmt Software-Hersteller Bexio\",\"datePublished\":\"2018-07-06T07:54:58+00:00\",\"mainEntityOfPage\":{\"@id\":\"https:\\\/\\\/www.organisator.ch\\\/management\\\/it\\\/2018-07-06\\\/mobiliar-uebernimmt-software-hersteller-bexio\\\/\"},\"wordCount\":199,\"commentCount\":0,\"publisher\":{\"@id\":\"https:\\\/\\\/www.organisator.ch\\\/#organization\"},\"image\":{\"@id\":\"https:\\\/\\\/www.organisator.ch\\\/management\\\/it\\\/2018-07-06\\\/mobiliar-uebernimmt-software-hersteller-bexio\\\/#primaryimage\"},\"thumbnailUrl\":\"https:\\\/\\\/www.organisator.ch\\\/wp-content\\\/uploads\\\/2018\\\/07\\\/Mobiliar-uebernimmt-Software-Hersteller-Bexio_Organisator.jpg\",\"keywords\":[\"IT &amp; Business Software\",\"Produkte\",\"Unternehmen\"],\"articleSection\":[\"IT\"],\"inLanguage\":\"fr-FR\"},{\"@type\":\"WebPage\",\"@id\":\"https:\\\/\\\/www.organisator.ch\\\/management\\\/it\\\/2018-07-06\\\/mobiliar-uebernimmt-software-hersteller-bexio\\\/\",\"url\":\"https:\\\/\\\/www.organisator.ch\\\/management\\\/it\\\/2018-07-06\\\/mobiliar-uebernimmt-software-hersteller-bexio\\\/\",\"name\":\"Mobiliar \u00fcbernimmt Software-Hersteller Bexio - Organisator\",\"isPartOf\":{\"@id\":\"https:\\\/\\\/www.organisator.ch\\\/#website\"},\"primaryImageOfPage\":{\"@id\":\"https:\\\/\\\/www.organisator.ch\\\/management\\\/it\\\/2018-07-06\\\/mobiliar-uebernimmt-software-hersteller-bexio\\\/#primaryimage\"},\"image\":{\"@id\":\"https:\\\/\\\/www.organisator.ch\\\/management\\\/it\\\/2018-07-06\\\/mobiliar-uebernimmt-software-hersteller-bexio\\\/#primaryimage\"},\"thumbnailUrl\":\"https:\\\/\\\/www.organisator.ch\\\/wp-content\\\/uploads\\\/2018\\\/07\\\/Mobiliar-uebernimmt-Software-Hersteller-Bexio_Organisator.jpg\",\"datePublished\":\"2018-07-06T07:54:58+00:00\",\"description\":\"Die Mobiliar erwirbt das Business-Software-Unternehmen bexio. Mit dieser Akquisition will sie k\u00fcnftig ihre Position im KMU-Markt auch digital ausbauen.\",\"breadcrumb\":{\"@id\":\"https:\\\/\\\/www.organisator.ch\\\/management\\\/it\\\/2018-07-06\\\/mobiliar-uebernimmt-software-hersteller-bexio\\\/#breadcrumb\"},\"inLanguage\":\"fr-FR\",\"potentialAction\":[{\"@type\":\"ReadAction\",\"target\":[\"https:\\\/\\\/www.organisator.ch\\\/management\\\/it\\\/2018-07-06\\\/mobiliar-uebernimmt-software-hersteller-bexio\\\/\"]}]},{\"@type\":\"ImageObject\",\"inLanguage\":\"fr-FR\",\"@id\":\"https:\\\/\\\/www.organisator.ch\\\/management\\\/it\\\/2018-07-06\\\/mobiliar-uebernimmt-software-hersteller-bexio\\\/#primaryimage\",\"url\":\"https:\\\/\\\/www.organisator.ch\\\/wp-content\\\/uploads\\\/2018\\\/07\\\/Mobiliar-uebernimmt-Software-Hersteller-Bexio_Organisator.jpg\",\"contentUrl\":\"https:\\\/\\\/www.organisator.ch\\\/wp-content\\\/uploads\\\/2018\\\/07\\\/Mobiliar-uebernimmt-Software-Hersteller-Bexio_Organisator.jpg\",\"width\":1173,\"height\":304},{\"@type\":\"BreadcrumbList\",\"@id\":\"https:\\\/\\\/www.organisator.ch\\\/management\\\/it\\\/2018-07-06\\\/mobiliar-uebernimmt-software-hersteller-bexio\\\/#breadcrumb\",\"itemListElement\":[{\"@type\":\"ListItem\",\"position\":1,\"name\":\"Home\",\"item\":\"https:\\\/\\\/www.organisator.ch\\\/\"},{\"@type\":\"ListItem\",\"position\":2,\"name\":\"Mobiliar \u00fcbernimmt Software-Hersteller Bexio\"}]},{\"@type\":\"WebSite\",\"@id\":\"https:\\\/\\\/www.organisator.ch\\\/#website\",\"url\":\"https:\\\/\\\/www.organisator.ch\\\/\",\"name\":\"Organisator\",\"description\":\"Kompetent. Praxisnah. Der ORGANISATOR bereitet in 10 Ausgaben pro Jahr die wesentlichen Themen f\u00fcr F\u00fchrungskr\u00e4fte von KMU auf.\",\"publisher\":{\"@id\":\"https:\\\/\\\/www.organisator.ch\\\/#organization\"},\"potentialAction\":[{\"@type\":\"SearchAction\",\"target\":{\"@type\":\"EntryPoint\",\"urlTemplate\":\"https:\\\/\\\/www.organisator.ch\\\/?s={search_term_string}\"},\"query-input\":{\"@type\":\"PropertyValueSpecification\",\"valueRequired\":true,\"valueName\":\"search_term_string\"}}],\"inLanguage\":\"fr-FR\"},{\"@type\":\"Organization\",\"@id\":\"https:\\\/\\\/www.organisator.ch\\\/#organization\",\"name\":\"Organisator\",\"url\":\"https:\\\/\\\/www.organisator.ch\\\/\",\"logo\":{\"@type\":\"ImageObject\",\"inLanguage\":\"fr-FR\",\"@id\":\"https:\\\/\\\/www.organisator.ch\\\/#\\\/schema\\\/logo\\\/image\\\/\",\"url\":\"https:\\\/\\\/www.organisator.ch\\\/wp-content\\\/uploads\\\/2022\\\/01\\\/Logo_Organisator_Website.png\",\"contentUrl\":\"https:\\\/\\\/www.organisator.ch\\\/wp-content\\\/uploads\\\/2022\\\/01\\\/Logo_Organisator_Website.png\",\"width\":800,\"height\":77,\"caption\":\"Organisator\"},\"image\":{\"@id\":\"https:\\\/\\\/www.organisator.ch\\\/#\\\/schema\\\/logo\\\/image\\\/\"},\"sameAs\":[\"https:\\\/\\\/www.facebook.com\\\/OrganisatorFachmagazin\",\"https:\\\/\\\/www.linkedin.com\\\/showcase\\\/organisator-das-magazin-fr-kmu\",\"https:\\\/\\\/www.xing.com\\\/news\\\/pages\\\/organisator-ch-695\",\"https:\\\/\\\/www.youtube.com\\\/channel\\\/UCGP2Sq0iWaZwT3BdIAQFYpw\"]},{\"@type\":\"Person\",\"@id\":\"https:\\\/\\\/www.organisator.ch\\\/#\\\/schema\\\/person\\\/6f650f90b2842cd4c0cc334b4e36f67e\",\"name\":\"thomas.berner\",\"image\":{\"@type\":\"ImageObject\",\"inLanguage\":\"fr-FR\",\"@id\":\"https:\\\/\\\/secure.gravatar.com\\\/avatar\\\/ac5001d2a36cb6c6cd3e50789007ffca834b477b74a2144564522e944eabff61?s=96&d=mm&r=g\",\"url\":\"https:\\\/\\\/secure.gravatar.com\\\/avatar\\\/ac5001d2a36cb6c6cd3e50789007ffca834b477b74a2144564522e944eabff61?s=96&d=mm&r=g\",\"contentUrl\":\"https:\\\/\\\/secure.gravatar.com\\\/avatar\\\/ac5001d2a36cb6c6cd3e50789007ffca834b477b74a2144564522e944eabff61?s=96&d=mm&r=g\",\"caption\":\"thomas.berner\"},\"url\":\"https:\\\/\\\/www.organisator.ch\\\/fr\\\/author\\\/thomas-berner\\\/\"}]}<\/script>\n<!-- \/ Yoast SEO plugin. -->","yoast_head_json":{"title":"La Mobili\u00e8re rach\u00e8te l'\u00e9diteur de logiciels Bexio - Organisateur","description":"La Mobili\u00e8re acquiert l'entreprise de logiciels de gestion bexio. Avec cette acquisition, elle souhaite \u00e0 l'avenir renforcer sa position sur le march\u00e9 des PME, y compris sur le plan num\u00e9rique.","robots":{"index":"index","follow":"follow","max-snippet":"max-snippet:-1","max-image-preview":"max-image-preview:large","max-video-preview":"max-video-preview:-1"},"canonical":"https:\/\/www.organisator.ch\/fr\/gestion-2\/it\/2018-07-06\/mobiliar-uebernimmt-software-hersteller-bexio\/","og_locale":"fr_FR","og_type":"article","og_title":"Mobiliar \u00fcbernimmt Software-Hersteller Bexio","og_description":"Die Mobiliar erwirbt das Business-Software-Unternehmen bexio. Mit dieser Akquisition will sie k\u00fcnftig ihre Position im KMU-Markt auch digital ausbauen.","og_url":"https:\/\/www.organisator.ch\/fr\/gestion-2\/it\/2018-07-06\/mobiliar-uebernimmt-software-hersteller-bexio\/","og_site_name":"Organisator","article_publisher":"https:\/\/www.facebook.com\/OrganisatorFachmagazin","article_published_time":"2018-07-06T07:54:58+00:00","og_image":[{"width":1173,"height":304,"url":"https:\/\/www.organisator.ch\/wp-content\/uploads\/2018\/07\/Mobiliar-uebernimmt-Software-Hersteller-Bexio_Organisator.jpg","type":"image\/jpeg"}],"author":"thomas.berner","twitter_card":"summary_large_image","twitter_title":"#Mobiliar \u00fcbernimmt Software-Hersteller #Bexio","twitter_description":"Die #Mobiliar erwirbt das Business-Software-Unternehmen #bexio. Mit dieser Akquisition will sie k\u00fcnftig ihre Position im KMU-Markt auch digital ausbauen.","twitter_image":"https:\/\/www.organisator.ch\/wp-content\/uploads\/2018\/07\/Mobiliar-\u00fcbernimmt-Software-Hersteller-Bexio_Organisator.jpg","schema":{"@context":"https:\/\/schema.org","@graph":[{"@type":"Article","@id":"https:\/\/www.organisator.ch\/management\/it\/2018-07-06\/mobiliar-uebernimmt-software-hersteller-bexio\/#article","isPartOf":{"@id":"https:\/\/www.organisator.ch\/management\/it\/2018-07-06\/mobiliar-uebernimmt-software-hersteller-bexio\/"},"author":{"name":"thomas.berner","@id":"https:\/\/www.organisator.ch\/#\/schema\/person\/6f650f90b2842cd4c0cc334b4e36f67e"},"headline":"Mobiliar \u00fcbernimmt Software-Hersteller Bexio","datePublished":"2018-07-06T07:54:58+00:00","mainEntityOfPage":{"@id":"https:\/\/www.organisator.ch\/management\/it\/2018-07-06\/mobiliar-uebernimmt-software-hersteller-bexio\/"},"wordCount":199,"commentCount":0,"publisher":{"@id":"https:\/\/www.organisator.ch\/#organization"},"image":{"@id":"https:\/\/www.organisator.ch\/management\/it\/2018-07-06\/mobiliar-uebernimmt-software-hersteller-bexio\/#primaryimage"},"thumbnailUrl":"https:\/\/www.organisator.ch\/wp-content\/uploads\/2018\/07\/Mobiliar-uebernimmt-Software-Hersteller-Bexio_Organisator.jpg","keywords":["IT &amp; Business Software","Produkte","Unternehmen"],"articleSection":["IT"],"inLanguage":"fr-FR"},{"@type":"WebPage","@id":"https:\/\/www.organisator.ch\/management\/it\/2018-07-06\/mobiliar-uebernimmt-software-hersteller-bexio\/","url":"https:\/\/www.organisator.ch\/management\/it\/2018-07-06\/mobiliar-uebernimmt-software-hersteller-bexio\/","name":"La Mobili\u00e8re rach\u00e8te l'\u00e9diteur de logiciels Bexio - Organisateur","isPartOf":{"@id":"https:\/\/www.organisator.ch\/#website"},"primaryImageOfPage":{"@id":"https:\/\/www.organisator.ch\/management\/it\/2018-07-06\/mobiliar-uebernimmt-software-hersteller-bexio\/#primaryimage"},"image":{"@id":"https:\/\/www.organisator.ch\/management\/it\/2018-07-06\/mobiliar-uebernimmt-software-hersteller-bexio\/#primaryimage"},"thumbnailUrl":"https:\/\/www.organisator.ch\/wp-content\/uploads\/2018\/07\/Mobiliar-uebernimmt-Software-Hersteller-Bexio_Organisator.jpg","datePublished":"2018-07-06T07:54:58+00:00","description":"La Mobili\u00e8re acquiert l'entreprise de logiciels de gestion bexio. Avec cette acquisition, elle souhaite \u00e0 l'avenir renforcer sa position sur le march\u00e9 des PME, y compris sur le plan num\u00e9rique.","breadcrumb":{"@id":"https:\/\/www.organisator.ch\/management\/it\/2018-07-06\/mobiliar-uebernimmt-software-hersteller-bexio\/#breadcrumb"},"inLanguage":"fr-FR","potentialAction":[{"@type":"ReadAction","target":["https:\/\/www.organisator.ch\/management\/it\/2018-07-06\/mobiliar-uebernimmt-software-hersteller-bexio\/"]}]},{"@type":"ImageObject","inLanguage":"fr-FR","@id":"https:\/\/www.organisator.ch\/management\/it\/2018-07-06\/mobiliar-uebernimmt-software-hersteller-bexio\/#primaryimage","url":"https:\/\/www.organisator.ch\/wp-content\/uploads\/2018\/07\/Mobiliar-uebernimmt-Software-Hersteller-Bexio_Organisator.jpg","contentUrl":"https:\/\/www.organisator.ch\/wp-content\/uploads\/2018\/07\/Mobiliar-uebernimmt-Software-Hersteller-Bexio_Organisator.jpg","width":1173,"height":304},{"@type":"BreadcrumbList","@id":"https:\/\/www.organisator.ch\/management\/it\/2018-07-06\/mobiliar-uebernimmt-software-hersteller-bexio\/#breadcrumb","itemListElement":[{"@type":"ListItem","position":1,"name":"Home","item":"https:\/\/www.organisator.ch\/"},{"@type":"ListItem","position":2,"name":"Mobiliar \u00fcbernimmt Software-Hersteller Bexio"}]},{"@type":"WebSite","@id":"https:\/\/www.organisator.ch\/#website","url":"https:\/\/www.organisator.ch\/","name":"Organisateur","description":"Comp\u00e9tence et comp\u00e9tence. Proches de la pratique. L'ORGANISATEUR pr\u00e9pare 10 num\u00e9ros par an sur les th\u00e8mes essentiels pour les dirigeants de PME.","publisher":{"@id":"https:\/\/www.organisator.ch\/#organization"},"potentialAction":[{"@type":"SearchAction","target":{"@type":"EntryPoint","urlTemplate":"https:\/\/www.organisator.ch\/?s={search_term_string}"},"query-input":{"@type":"PropertyValueSpecification","valueRequired":true,"valueName":"search_term_string"}}],"inLanguage":"fr-FR"},{"@type":"Organization","@id":"https:\/\/www.organisator.ch\/#organization","name":"Organisateur","url":"https:\/\/www.organisator.ch\/","logo":{"@type":"ImageObject","inLanguage":"fr-FR","@id":"https:\/\/www.organisator.ch\/#\/schema\/logo\/image\/","url":"https:\/\/www.organisator.ch\/wp-content\/uploads\/2022\/01\/Logo_Organisator_Website.png","contentUrl":"https:\/\/www.organisator.ch\/wp-content\/uploads\/2022\/01\/Logo_Organisator_Website.png","width":800,"height":77,"caption":"Organisator"},"image":{"@id":"https:\/\/www.organisator.ch\/#\/schema\/logo\/image\/"},"sameAs":["https:\/\/www.facebook.com\/OrganisatorFachmagazin","https:\/\/www.linkedin.com\/showcase\/organisator-das-magazin-fr-kmu","https:\/\/www.xing.com\/news\/pages\/organisator-ch-695","https:\/\/www.youtube.com\/channel\/UCGP2Sq0iWaZwT3BdIAQFYpw"]},{"@type":"Person","@id":"https:\/\/www.organisator.ch\/#\/schema\/person\/6f650f90b2842cd4c0cc334b4e36f67e","name":"thomas.berner","image":{"@type":"ImageObject","inLanguage":"fr-FR","@id":"https:\/\/secure.gravatar.com\/avatar\/ac5001d2a36cb6c6cd3e50789007ffca834b477b74a2144564522e944eabff61?s=96&d=mm&r=g","url":"https:\/\/secure.gravatar.com\/avatar\/ac5001d2a36cb6c6cd3e50789007ffca834b477b74a2144564522e944eabff61?s=96&d=mm&r=g","contentUrl":"https:\/\/secure.gravatar.com\/avatar\/ac5001d2a36cb6c6cd3e50789007ffca834b477b74a2144564522e944eabff61?s=96&d=mm&r=g","caption":"thomas.berner"},"url":"https:\/\/www.organisator.ch\/fr\/author\/thomas-berner\/"}]}},"_links":{"self":[{"href":"https:\/\/www.organisator.ch\/fr\/wp-json\/wp\/v2\/posts\/3911","targetHints":{"allow":["GET"]}}],"collection":[{"href":"https:\/\/www.organisator.ch\/fr\/wp-json\/wp\/v2\/posts"}],"about":[{"href":"https:\/\/www.organisator.ch\/fr\/wp-json\/wp\/v2\/types\/post"}],"author":[{"embeddable":true,"href":"https:\/\/www.organisator.ch\/fr\/wp-json\/wp\/v2\/users\/4"}],"replies":[{"embeddable":true,"href":"https:\/\/www.organisator.ch\/fr\/wp-json\/wp\/v2\/comments?post=3911"}],"version-history":[{"count":0,"href":"https:\/\/www.organisator.ch\/fr\/wp-json\/wp\/v2\/posts\/3911\/revisions"}],"wp:featuredmedia":[{"embeddable":true,"href":"https:\/\/www.organisator.ch\/fr\/wp-json\/wp\/v2\/media\/3912"}],"wp:attachment":[{"href":"https:\/\/www.organisator.ch\/fr\/wp-json\/wp\/v2\/media?parent=3911"}],"wp:term":[{"taxonomy":"category","embeddable":true,"href":"https:\/\/www.organisator.ch\/fr\/wp-json\/wp\/v2\/categories?post=3911"},{"taxonomy":"post_tag","embeddable":true,"href":"https:\/\/www.organisator.ch\/fr\/wp-json\/wp\/v2\/tags?post=3911"}],"curies":[{"name":"wp","href":"https:\/\/api.w.org\/{rel}","templated":true}]}}