{"id":39120,"date":"2025-06-18T16:09:54","date_gmt":"2025-06-18T14:09:54","guid":{"rendered":"https:\/\/www.m-q.ch\/?p=21610"},"modified":"2025-06-19T07:18:04","modified_gmt":"2025-06-19T05:18:04","slug":"it-dienstleister-bechtle-erhaelt-validierung-seiner-emissionsreduktionsziele","status":"publish","type":"post","link":"https:\/\/www.organisator.ch\/fr\/sustainability\/2025-06-18\/it-dienstleister-bechtle-erhaelt-validierung-seiner-emissionsreduktionsziele\/","title":{"rendered":"Le prestataire de services informatiques Bechtle obtient la validation de ses objectifs de r\u00e9duction d'\u00e9missions"},"content":{"rendered":"<div class=\"neo-richTextStyles neo-margin--bottom-20\">\r\n<figure id=\"attachment_21611\" class=\"wp-caption alignnone\" style=\"width: 680px;\" aria-describedby=\"caption-attachment-21611\"><img class=\"size-full wp-image-21611\" src=\"https:\/\/www.m-q.ch\/wp-content\/uploads\/2025\/06\/IT-Dienstleister-Bechtle-erhaelt-Validierung-seiner-Emissionsreduktionsziele_MQ.jpg\" sizes=\"(max-width: 680px) 100vw, 680px\" srcset=\"https:\/\/www.m-q.ch\/wp-content\/uploads\/2025\/06\/IT-Dienstleister-Bechtle-erhaelt-Validierung-seiner-Emissionsreduktionsziele_MQ.jpg 680w, https:\/\/www.m-q.ch\/wp-content\/uploads\/2025\/06\/IT-Dienstleister-Bechtle-erhaelt-Validierung-seiner-Emissionsreduktionsziele_MQ-18x10.jpg 18w, https:\/\/www.m-q.ch\/wp-content\/uploads\/2025\/06\/IT-Dienstleister-Bechtle-erhaelt-Validierung-seiner-Emissionsreduktionsziele_MQ-375x217.jpg 375w, https:\/\/www.m-q.ch\/wp-content\/uploads\/2025\/06\/IT-Dienstleister-Bechtle-erhaelt-Validierung-seiner-Emissionsreduktionsziele_MQ-606x350.jpg 606w\" alt=\"\" width=\"680\" height=\"393\" \/>\r\n<figcaption id=\"caption-attachment-21611\" class=\"wp-caption-text\">Bechtle obtient la validation pour des objectifs climatiques bas\u00e9s sur la science par la Science Based Targets Initiative (SBTi). (Image : Bechtle.com)<\/figcaption>\r\n<\/figure>\r\n<p class=\"leadin\">Le prestataire de services informatiques Bechtle, \u00e9galement actif en Suisse, a fait valider ses objectifs de r\u00e9duction des \u00e9missions \u00e0 court et moyen terme par la SBTi. L'objectif d\u00e9clar\u00e9 est d'atteindre z\u00e9ro \u00e9mission nette d'ici 2050 au plus tard. Le SBTi est une initiative commune de l'organisation environnementale mondiale \u00e0 but non lucratif Carbon Disclosure Project (CDP), du Pacte mondial des Nations unies, du World Resources Institute (WRI) et du World Wide Fund for Nature (WWF). Elle aide les entreprises \u00e0 atteindre des objectifs de r\u00e9duction des \u00e9missions en accord avec la science climatique actuelle. L'accord de Paris, par lequel les pays signataires se sont engag\u00e9s \u00e0 limiter le r\u00e9chauffement climatique \u00e0 1,5 degr\u00e9 par rapport au niveau pr\u00e9industriel, constitue une base essentielle \u00e0 cet \u00e9gard.<\/p>\r\n<p>Les objectifs de r\u00e9duction des \u00e9missions pr\u00e9sent\u00e9s par Bechtle \u00e0 la SBTi sont en accord avec l'objectif de 1,5 \u00b0C de cet accord climatique. Bechtle AG s'engage \u00e0 r\u00e9duire les \u00e9missions absolues de gaz \u00e0 effet de serre des cat\u00e9gories Scope 1 et 2 de 54,4 % d'ici 2030 et \u00e0 r\u00e9duire les \u00e9missions Scope 3 des cat\u00e9gories \"biens et services achet\u00e9s\" et \"utilisation des produits vendus\" de 55 % par 1 000 euros de valeur ajout\u00e9e d'ici 2030. La base de comparaison est \u00e0 chaque fois l'ann\u00e9e 2019. Ces objectifs ont \u00e9t\u00e9 v\u00e9rifi\u00e9s dans le cadre du processus de validation SBTi et r\u00e9pondent aux exigences de la norme SBTi actuelle.<\/p>\r\n<h3><strong>Engagement sur l'objectif \u00e0 long terme du net-z\u00e9ro d'ici 2050<\/strong><\/h3>\r\n<p>De plus, Bechtle a sign\u00e9 la lettre d'engagement officielle Net-Zero de la SBTi. L'entreprise informatique s'engage ainsi \u00e0 atteindre, d'ici 2050 au plus tard, des \u00e9missions nettes de gaz \u00e0 effet de serre nulles pour toutes les sources d'\u00e9missions pertinentes des scopes 1 et 2 ainsi que, en fonction de l'intensit\u00e9, pour les cat\u00e9gories du scope 3 mentionn\u00e9es ci-dessus. Les mesures visent \u00e0 une r\u00e9duction syst\u00e9matique des \u00e9missions directes et indirectes tout au long de la cha\u00eene de cr\u00e9ation de valeur. Avec cette signature, Bechtle veut donner encore plus de poids aux objectifs ancr\u00e9s dans sa strat\u00e9gie de durabilit\u00e9 2030.<\/p>\r\n<p>\"La validation de nos objectifs par la SBTi souligne la cr\u00e9dibilit\u00e9 de notre engagement en faveur de la protection du climat. Nous prenons au s\u00e9rieux notre responsabilit\u00e9 en tant que l'un des principaux prestataires de services informatiques europ\u00e9ens et soutenons express\u00e9ment l'approche de la SBTi bas\u00e9e sur la science\", d\u00e9clare Antje Leminsky, COO de Bechtle AG.<\/p>\r\n<h3><strong>Lignes directrices pour un entrepreneuriat responsable<\/strong><\/h3>\r\n<p>Avec sa strat\u00e9gie de d\u00e9veloppement durable 2030, Bechtle a d\u00e9fini des objectifs \u00e9conomiques, \u00e9cologiques et sociaux. Elle se r\u00e9f\u00e8re aux objectifs de d\u00e9veloppement durable de l'ONU et comprend les quatre champs d'action strat\u00e9giques suivants : \u00e9conomie \u00e9thique, environnement, personnes et avenir num\u00e9rique. Chaque champ d'action est accompagn\u00e9 d'un programme qui comprend des objectifs, des \u00e9tapes et des mesures op\u00e9rationnelles.<\/p>\r\n<p><a href=\"http:\/\/www.bechtle.com\"><em>Source et informations compl\u00e9mentaires<\/em><\/a><\/p>\r\n<\/div>\n<p class=\"syndicated-attribution\">Cet article est paru initialement sur m-q.ch - <a href=\"https:\/\/www.m-q.ch\/de\/it-dienstleister-bechtle-erhaelt-validierung-seiner-emissionsreduktionsziele\/\" target=\"_blank\">https:\/\/www.m-q.ch\/de\/it-dienstleister-bechtle-erhaelt-validierung-seiner-emissionsreduktionsziele\/<\/a><\/p>","protected":false},"excerpt":{"rendered":"<p>Bechtle AG a re\u00e7u la confirmation officielle de la Science Based Targets Initiative (SBTi) que ses objectifs \u00e0 court et moyen terme de r\u00e9duction des \u00e9missions de gaz \u00e0 effet de serre r\u00e9pondent aux crit\u00e8res de la SBTi. Les objectifs soumis par le prestataire de services informatiques sont ainsi valid\u00e9s selon des normes fond\u00e9es sur la science du climat. De plus, en signant la SBTi Net-Zero Commitment Letter, Bechtle confirme son engagement \u00e0 long terme pour la protection du climat et la durabilit\u00e9.<\/p>","protected":false},"author":8,"featured_media":0,"comment_status":"closed","ping_status":"closed","sticky":false,"template":"","format":"standard","meta":{"_acf_changed":false,"_yoast_wpseo_focuskw":"Bechtle","_yoast_wpseo_metadesc":"Die Bechtle AG hat von der Science Based Targets Initiative die offizielle Validierung ihrer Ziele zur Treibhausgas-Reduktion erhalten.","articlekey":"","footnotes":""},"categories":[580],"tags":[5413,605,5414,3988,4857,613],"class_list":["post-39120","post","type-post","status-publish","format-standard","hentry","category-sustainability","tag-emissionsreduktionsziele","tag-qualitaetsmanagement","tag-science-based-targets-initiative","tag-uno-nachhaltigkeitsziele","tag-validierung","tag-zertifizierung"],"acf":[],"yoast_head":"<!-- This site is optimized with the Yoast SEO plugin v27.5 - https:\/\/yoast.com\/product\/yoast-seo-wordpress\/ -->\n<title>IT-Dienstleister Bechtle erh\u00e4lt Validierung seiner Emissionsreduktionsziele - Organisator<\/title>\n<meta name=\"description\" content=\"Die Bechtle AG hat von der Science Based Targets Initiative die offizielle Validierung ihrer Ziele zur Treibhausgas-Reduktion erhalten.\" \/>\n<meta name=\"robots\" content=\"index, follow, max-snippet:-1, max-image-preview:large, max-video-preview:-1\" \/>\n<link rel=\"canonical\" href=\"https:\/\/www.organisator.ch\/fr\/sustainability\/2025-06-18\/it-dienstleister-bechtle-erhaelt-validierung-seiner-emissionsreduktionsziele\/\" \/>\n<meta property=\"og:locale\" content=\"fr_FR\" \/>\n<meta property=\"og:type\" content=\"article\" \/>\n<meta property=\"og:title\" content=\"IT-Dienstleister Bechtle erh\u00e4lt Validierung seiner Emissionsreduktionsziele - Organisator\" \/>\n<meta property=\"og:description\" content=\"Die Bechtle AG hat von der Science Based Targets Initiative die offizielle Validierung ihrer Ziele zur Treibhausgas-Reduktion erhalten.\" \/>\n<meta property=\"og:url\" content=\"https:\/\/www.organisator.ch\/fr\/sustainability\/2025-06-18\/it-dienstleister-bechtle-erhaelt-validierung-seiner-emissionsreduktionsziele\/\" \/>\n<meta property=\"og:site_name\" content=\"Organisator\" \/>\n<meta property=\"article:publisher\" content=\"https:\/\/www.facebook.com\/OrganisatorFachmagazin\" \/>\n<meta property=\"article:published_time\" content=\"2025-06-18T14:09:54+00:00\" \/>\n<meta property=\"article:modified_time\" content=\"2025-06-19T05:18:04+00:00\" \/>\n<meta name=\"author\" content=\"galledia\" \/>\n<meta name=\"twitter:card\" content=\"summary_large_image\" \/>\n<meta name=\"twitter:creator\" content=\"@admin\" \/>\n<script type=\"application\/ld+json\" class=\"yoast-schema-graph\">{\"@context\":\"https:\\\/\\\/schema.org\",\"@graph\":[{\"@type\":\"Article\",\"@id\":\"https:\\\/\\\/www.organisator.ch\\\/sustainability\\\/2025-06-18\\\/it-dienstleister-bechtle-erhaelt-validierung-seiner-emissionsreduktionsziele\\\/#article\",\"isPartOf\":{\"@id\":\"https:\\\/\\\/www.organisator.ch\\\/sustainability\\\/2025-06-18\\\/it-dienstleister-bechtle-erhaelt-validierung-seiner-emissionsreduktionsziele\\\/\"},\"author\":{\"name\":\"galledia\",\"@id\":\"https:\\\/\\\/www.organisator.ch\\\/#\\\/schema\\\/person\\\/4e51799071cd2dd1232ac003643ef5f0\"},\"headline\":\"IT-Dienstleister Bechtle erh\u00e4lt Validierung seiner Emissionsreduktionsziele\",\"datePublished\":\"2025-06-18T14:09:54+00:00\",\"dateModified\":\"2025-06-19T05:18:04+00:00\",\"mainEntityOfPage\":{\"@id\":\"https:\\\/\\\/www.organisator.ch\\\/sustainability\\\/2025-06-18\\\/it-dienstleister-bechtle-erhaelt-validierung-seiner-emissionsreduktionsziele\\\/\"},\"wordCount\":385,\"publisher\":{\"@id\":\"https:\\\/\\\/www.organisator.ch\\\/#organization\"},\"image\":{\"@id\":\"https:\\\/\\\/www.organisator.ch\\\/sustainability\\\/2025-06-18\\\/it-dienstleister-bechtle-erhaelt-validierung-seiner-emissionsreduktionsziele\\\/#primaryimage\"},\"thumbnailUrl\":\"https:\\\/\\\/www.m-q.ch\\\/wp-content\\\/uploads\\\/2025\\\/06\\\/IT-Dienstleister-Bechtle-erhaelt-Validierung-seiner-Emissionsreduktionsziele_MQ.jpg\",\"keywords\":[\"Emissionsreduktionsziele\",\"Qualit\u00e4tsmanagement\",\"Science Based Targets Initiative\",\"UNO-Nachhaltigkeitsziele\",\"Validierung\",\"Zertifizierung\"],\"articleSection\":[\"SUSTAINABILITY\"],\"inLanguage\":\"fr-FR\"},{\"@type\":\"WebPage\",\"@id\":\"https:\\\/\\\/www.organisator.ch\\\/sustainability\\\/2025-06-18\\\/it-dienstleister-bechtle-erhaelt-validierung-seiner-emissionsreduktionsziele\\\/\",\"url\":\"https:\\\/\\\/www.organisator.ch\\\/sustainability\\\/2025-06-18\\\/it-dienstleister-bechtle-erhaelt-validierung-seiner-emissionsreduktionsziele\\\/\",\"name\":\"IT-Dienstleister Bechtle erh\u00e4lt Validierung seiner Emissionsreduktionsziele - Organisator\",\"isPartOf\":{\"@id\":\"https:\\\/\\\/www.organisator.ch\\\/#website\"},\"primaryImageOfPage\":{\"@id\":\"https:\\\/\\\/www.organisator.ch\\\/sustainability\\\/2025-06-18\\\/it-dienstleister-bechtle-erhaelt-validierung-seiner-emissionsreduktionsziele\\\/#primaryimage\"},\"image\":{\"@id\":\"https:\\\/\\\/www.organisator.ch\\\/sustainability\\\/2025-06-18\\\/it-dienstleister-bechtle-erhaelt-validierung-seiner-emissionsreduktionsziele\\\/#primaryimage\"},\"thumbnailUrl\":\"https:\\\/\\\/www.m-q.ch\\\/wp-content\\\/uploads\\\/2025\\\/06\\\/IT-Dienstleister-Bechtle-erhaelt-Validierung-seiner-Emissionsreduktionsziele_MQ.jpg\",\"datePublished\":\"2025-06-18T14:09:54+00:00\",\"dateModified\":\"2025-06-19T05:18:04+00:00\",\"description\":\"Die Bechtle AG hat von der Science Based Targets Initiative die offizielle Validierung ihrer Ziele zur Treibhausgas-Reduktion erhalten.\",\"breadcrumb\":{\"@id\":\"https:\\\/\\\/www.organisator.ch\\\/sustainability\\\/2025-06-18\\\/it-dienstleister-bechtle-erhaelt-validierung-seiner-emissionsreduktionsziele\\\/#breadcrumb\"},\"inLanguage\":\"fr-FR\",\"potentialAction\":[{\"@type\":\"ReadAction\",\"target\":[\"https:\\\/\\\/www.organisator.ch\\\/sustainability\\\/2025-06-18\\\/it-dienstleister-bechtle-erhaelt-validierung-seiner-emissionsreduktionsziele\\\/\"]}]},{\"@type\":\"ImageObject\",\"inLanguage\":\"fr-FR\",\"@id\":\"https:\\\/\\\/www.organisator.ch\\\/sustainability\\\/2025-06-18\\\/it-dienstleister-bechtle-erhaelt-validierung-seiner-emissionsreduktionsziele\\\/#primaryimage\",\"url\":\"https:\\\/\\\/www.m-q.ch\\\/wp-content\\\/uploads\\\/2025\\\/06\\\/IT-Dienstleister-Bechtle-erhaelt-Validierung-seiner-Emissionsreduktionsziele_MQ.jpg\",\"contentUrl\":\"https:\\\/\\\/www.m-q.ch\\\/wp-content\\\/uploads\\\/2025\\\/06\\\/IT-Dienstleister-Bechtle-erhaelt-Validierung-seiner-Emissionsreduktionsziele_MQ.jpg\"},{\"@type\":\"BreadcrumbList\",\"@id\":\"https:\\\/\\\/www.organisator.ch\\\/sustainability\\\/2025-06-18\\\/it-dienstleister-bechtle-erhaelt-validierung-seiner-emissionsreduktionsziele\\\/#breadcrumb\",\"itemListElement\":[{\"@type\":\"ListItem\",\"position\":1,\"name\":\"Home\",\"item\":\"https:\\\/\\\/www.organisator.ch\\\/\"},{\"@type\":\"ListItem\",\"position\":2,\"name\":\"IT-Dienstleister Bechtle erh\u00e4lt Validierung seiner Emissionsreduktionsziele\"}]},{\"@type\":\"WebSite\",\"@id\":\"https:\\\/\\\/www.organisator.ch\\\/#website\",\"url\":\"https:\\\/\\\/www.organisator.ch\\\/\",\"name\":\"Organisator\",\"description\":\"Kompetent. Praxisnah. Der ORGANISATOR bereitet in 10 Ausgaben pro Jahr die wesentlichen Themen f\u00fcr F\u00fchrungskr\u00e4fte von KMU auf.\",\"publisher\":{\"@id\":\"https:\\\/\\\/www.organisator.ch\\\/#organization\"},\"potentialAction\":[{\"@type\":\"SearchAction\",\"target\":{\"@type\":\"EntryPoint\",\"urlTemplate\":\"https:\\\/\\\/www.organisator.ch\\\/?s={search_term_string}\"},\"query-input\":{\"@type\":\"PropertyValueSpecification\",\"valueRequired\":true,\"valueName\":\"search_term_string\"}}],\"inLanguage\":\"fr-FR\"},{\"@type\":\"Organization\",\"@id\":\"https:\\\/\\\/www.organisator.ch\\\/#organization\",\"name\":\"Organisator\",\"url\":\"https:\\\/\\\/www.organisator.ch\\\/\",\"logo\":{\"@type\":\"ImageObject\",\"inLanguage\":\"fr-FR\",\"@id\":\"https:\\\/\\\/www.organisator.ch\\\/#\\\/schema\\\/logo\\\/image\\\/\",\"url\":\"https:\\\/\\\/www.organisator.ch\\\/wp-content\\\/uploads\\\/2022\\\/01\\\/Logo_Organisator_Website.png\",\"contentUrl\":\"https:\\\/\\\/www.organisator.ch\\\/wp-content\\\/uploads\\\/2022\\\/01\\\/Logo_Organisator_Website.png\",\"width\":800,\"height\":77,\"caption\":\"Organisator\"},\"image\":{\"@id\":\"https:\\\/\\\/www.organisator.ch\\\/#\\\/schema\\\/logo\\\/image\\\/\"},\"sameAs\":[\"https:\\\/\\\/www.facebook.com\\\/OrganisatorFachmagazin\",\"https:\\\/\\\/www.linkedin.com\\\/showcase\\\/organisator-das-magazin-fr-kmu\",\"https:\\\/\\\/www.xing.com\\\/news\\\/pages\\\/organisator-ch-695\",\"https:\\\/\\\/www.youtube.com\\\/channel\\\/UCGP2Sq0iWaZwT3BdIAQFYpw\"]},{\"@type\":\"Person\",\"@id\":\"https:\\\/\\\/www.organisator.ch\\\/#\\\/schema\\\/person\\\/4e51799071cd2dd1232ac003643ef5f0\",\"name\":\"galledia\",\"image\":{\"@type\":\"ImageObject\",\"inLanguage\":\"fr-FR\",\"@id\":\"https:\\\/\\\/secure.gravatar.com\\\/avatar\\\/78a7f90c01fc2bfc875782a0d4922b37cde2cf184ce347b91316d23cd7f69a36?s=96&d=mm&r=g\",\"url\":\"https:\\\/\\\/secure.gravatar.com\\\/avatar\\\/78a7f90c01fc2bfc875782a0d4922b37cde2cf184ce347b91316d23cd7f69a36?s=96&d=mm&r=g\",\"contentUrl\":\"https:\\\/\\\/secure.gravatar.com\\\/avatar\\\/78a7f90c01fc2bfc875782a0d4922b37cde2cf184ce347b91316d23cd7f69a36?s=96&d=mm&r=g\",\"caption\":\"galledia\"},\"sameAs\":[\"https:\\\/\\\/x.com\\\/admin\"],\"url\":\"https:\\\/\\\/www.organisator.ch\\\/fr\\\/author\\\/galledia\\\/\"}]}<\/script>\n<!-- \/ Yoast SEO plugin. -->","yoast_head_json":{"title":"Le fournisseur de services informatiques Bechtle obtient la validation de ses objectifs de r\u00e9duction des \u00e9missions - Organisateur","description":"Bechtle AG a obtenu la validation officielle de ses objectifs de r\u00e9duction des gaz \u00e0 effet de serre par la Science Based Targets Initiative.","robots":{"index":"index","follow":"follow","max-snippet":"max-snippet:-1","max-image-preview":"max-image-preview:large","max-video-preview":"max-video-preview:-1"},"canonical":"https:\/\/www.organisator.ch\/fr\/sustainability\/2025-06-18\/it-dienstleister-bechtle-erhaelt-validierung-seiner-emissionsreduktionsziele\/","og_locale":"fr_FR","og_type":"article","og_title":"IT-Dienstleister Bechtle erh\u00e4lt Validierung seiner Emissionsreduktionsziele - Organisator","og_description":"Die Bechtle AG hat von der Science Based Targets Initiative die offizielle Validierung ihrer Ziele zur Treibhausgas-Reduktion erhalten.","og_url":"https:\/\/www.organisator.ch\/fr\/sustainability\/2025-06-18\/it-dienstleister-bechtle-erhaelt-validierung-seiner-emissionsreduktionsziele\/","og_site_name":"Organisator","article_publisher":"https:\/\/www.facebook.com\/OrganisatorFachmagazin","article_published_time":"2025-06-18T14:09:54+00:00","article_modified_time":"2025-06-19T05:18:04+00:00","author":"galledia","twitter_card":"summary_large_image","twitter_creator":"@admin","schema":{"@context":"https:\/\/schema.org","@graph":[{"@type":"Article","@id":"https:\/\/www.organisator.ch\/sustainability\/2025-06-18\/it-dienstleister-bechtle-erhaelt-validierung-seiner-emissionsreduktionsziele\/#article","isPartOf":{"@id":"https:\/\/www.organisator.ch\/sustainability\/2025-06-18\/it-dienstleister-bechtle-erhaelt-validierung-seiner-emissionsreduktionsziele\/"},"author":{"name":"galledia","@id":"https:\/\/www.organisator.ch\/#\/schema\/person\/4e51799071cd2dd1232ac003643ef5f0"},"headline":"IT-Dienstleister Bechtle erh\u00e4lt Validierung seiner Emissionsreduktionsziele","datePublished":"2025-06-18T14:09:54+00:00","dateModified":"2025-06-19T05:18:04+00:00","mainEntityOfPage":{"@id":"https:\/\/www.organisator.ch\/sustainability\/2025-06-18\/it-dienstleister-bechtle-erhaelt-validierung-seiner-emissionsreduktionsziele\/"},"wordCount":385,"publisher":{"@id":"https:\/\/www.organisator.ch\/#organization"},"image":{"@id":"https:\/\/www.organisator.ch\/sustainability\/2025-06-18\/it-dienstleister-bechtle-erhaelt-validierung-seiner-emissionsreduktionsziele\/#primaryimage"},"thumbnailUrl":"https:\/\/www.m-q.ch\/wp-content\/uploads\/2025\/06\/IT-Dienstleister-Bechtle-erhaelt-Validierung-seiner-Emissionsreduktionsziele_MQ.jpg","keywords":["Emissionsreduktionsziele","Qualit\u00e4tsmanagement","Science Based Targets Initiative","UNO-Nachhaltigkeitsziele","Validierung","Zertifizierung"],"articleSection":["SUSTAINABILITY"],"inLanguage":"fr-FR"},{"@type":"WebPage","@id":"https:\/\/www.organisator.ch\/sustainability\/2025-06-18\/it-dienstleister-bechtle-erhaelt-validierung-seiner-emissionsreduktionsziele\/","url":"https:\/\/www.organisator.ch\/sustainability\/2025-06-18\/it-dienstleister-bechtle-erhaelt-validierung-seiner-emissionsreduktionsziele\/","name":"Le fournisseur de services informatiques Bechtle obtient la validation de ses objectifs de r\u00e9duction des \u00e9missions - Organisateur","isPartOf":{"@id":"https:\/\/www.organisator.ch\/#website"},"primaryImageOfPage":{"@id":"https:\/\/www.organisator.ch\/sustainability\/2025-06-18\/it-dienstleister-bechtle-erhaelt-validierung-seiner-emissionsreduktionsziele\/#primaryimage"},"image":{"@id":"https:\/\/www.organisator.ch\/sustainability\/2025-06-18\/it-dienstleister-bechtle-erhaelt-validierung-seiner-emissionsreduktionsziele\/#primaryimage"},"thumbnailUrl":"https:\/\/www.m-q.ch\/wp-content\/uploads\/2025\/06\/IT-Dienstleister-Bechtle-erhaelt-Validierung-seiner-Emissionsreduktionsziele_MQ.jpg","datePublished":"2025-06-18T14:09:54+00:00","dateModified":"2025-06-19T05:18:04+00:00","description":"Bechtle AG a obtenu la validation officielle de ses objectifs de r\u00e9duction des gaz \u00e0 effet de serre par la Science Based Targets Initiative.","breadcrumb":{"@id":"https:\/\/www.organisator.ch\/sustainability\/2025-06-18\/it-dienstleister-bechtle-erhaelt-validierung-seiner-emissionsreduktionsziele\/#breadcrumb"},"inLanguage":"fr-FR","potentialAction":[{"@type":"ReadAction","target":["https:\/\/www.organisator.ch\/sustainability\/2025-06-18\/it-dienstleister-bechtle-erhaelt-validierung-seiner-emissionsreduktionsziele\/"]}]},{"@type":"ImageObject","inLanguage":"fr-FR","@id":"https:\/\/www.organisator.ch\/sustainability\/2025-06-18\/it-dienstleister-bechtle-erhaelt-validierung-seiner-emissionsreduktionsziele\/#primaryimage","url":"https:\/\/www.m-q.ch\/wp-content\/uploads\/2025\/06\/IT-Dienstleister-Bechtle-erhaelt-Validierung-seiner-Emissionsreduktionsziele_MQ.jpg","contentUrl":"https:\/\/www.m-q.ch\/wp-content\/uploads\/2025\/06\/IT-Dienstleister-Bechtle-erhaelt-Validierung-seiner-Emissionsreduktionsziele_MQ.jpg"},{"@type":"BreadcrumbList","@id":"https:\/\/www.organisator.ch\/sustainability\/2025-06-18\/it-dienstleister-bechtle-erhaelt-validierung-seiner-emissionsreduktionsziele\/#breadcrumb","itemListElement":[{"@type":"ListItem","position":1,"name":"Home","item":"https:\/\/www.organisator.ch\/"},{"@type":"ListItem","position":2,"name":"IT-Dienstleister Bechtle erh\u00e4lt Validierung seiner Emissionsreduktionsziele"}]},{"@type":"WebSite","@id":"https:\/\/www.organisator.ch\/#website","url":"https:\/\/www.organisator.ch\/","name":"Organisateur","description":"Comp\u00e9tence et comp\u00e9tence. Proches de la pratique. L'ORGANISATEUR pr\u00e9pare 10 num\u00e9ros par an sur les th\u00e8mes essentiels pour les dirigeants de PME.","publisher":{"@id":"https:\/\/www.organisator.ch\/#organization"},"potentialAction":[{"@type":"SearchAction","target":{"@type":"EntryPoint","urlTemplate":"https:\/\/www.organisator.ch\/?s={search_term_string}"},"query-input":{"@type":"PropertyValueSpecification","valueRequired":true,"valueName":"search_term_string"}}],"inLanguage":"fr-FR"},{"@type":"Organization","@id":"https:\/\/www.organisator.ch\/#organization","name":"Organisateur","url":"https:\/\/www.organisator.ch\/","logo":{"@type":"ImageObject","inLanguage":"fr-FR","@id":"https:\/\/www.organisator.ch\/#\/schema\/logo\/image\/","url":"https:\/\/www.organisator.ch\/wp-content\/uploads\/2022\/01\/Logo_Organisator_Website.png","contentUrl":"https:\/\/www.organisator.ch\/wp-content\/uploads\/2022\/01\/Logo_Organisator_Website.png","width":800,"height":77,"caption":"Organisator"},"image":{"@id":"https:\/\/www.organisator.ch\/#\/schema\/logo\/image\/"},"sameAs":["https:\/\/www.facebook.com\/OrganisatorFachmagazin","https:\/\/www.linkedin.com\/showcase\/organisator-das-magazin-fr-kmu","https:\/\/www.xing.com\/news\/pages\/organisator-ch-695","https:\/\/www.youtube.com\/channel\/UCGP2Sq0iWaZwT3BdIAQFYpw"]},{"@type":"Person","@id":"https:\/\/www.organisator.ch\/#\/schema\/person\/4e51799071cd2dd1232ac003643ef5f0","name":"galledia","image":{"@type":"ImageObject","inLanguage":"fr-FR","@id":"https:\/\/secure.gravatar.com\/avatar\/78a7f90c01fc2bfc875782a0d4922b37cde2cf184ce347b91316d23cd7f69a36?s=96&d=mm&r=g","url":"https:\/\/secure.gravatar.com\/avatar\/78a7f90c01fc2bfc875782a0d4922b37cde2cf184ce347b91316d23cd7f69a36?s=96&d=mm&r=g","contentUrl":"https:\/\/secure.gravatar.com\/avatar\/78a7f90c01fc2bfc875782a0d4922b37cde2cf184ce347b91316d23cd7f69a36?s=96&d=mm&r=g","caption":"galledia"},"sameAs":["https:\/\/x.com\/admin"],"url":"https:\/\/www.organisator.ch\/fr\/author\/galledia\/"}]}},"_links":{"self":[{"href":"https:\/\/www.organisator.ch\/fr\/wp-json\/wp\/v2\/posts\/39120","targetHints":{"allow":["GET"]}}],"collection":[{"href":"https:\/\/www.organisator.ch\/fr\/wp-json\/wp\/v2\/posts"}],"about":[{"href":"https:\/\/www.organisator.ch\/fr\/wp-json\/wp\/v2\/types\/post"}],"author":[{"embeddable":true,"href":"https:\/\/www.organisator.ch\/fr\/wp-json\/wp\/v2\/users\/8"}],"replies":[{"embeddable":true,"href":"https:\/\/www.organisator.ch\/fr\/wp-json\/wp\/v2\/comments?post=39120"}],"version-history":[{"count":6,"href":"https:\/\/www.organisator.ch\/fr\/wp-json\/wp\/v2\/posts\/39120\/revisions"}],"predecessor-version":[{"id":39133,"href":"https:\/\/www.organisator.ch\/fr\/wp-json\/wp\/v2\/posts\/39120\/revisions\/39133"}],"wp:attachment":[{"href":"https:\/\/www.organisator.ch\/fr\/wp-json\/wp\/v2\/media?parent=39120"}],"wp:term":[{"taxonomy":"category","embeddable":true,"href":"https:\/\/www.organisator.ch\/fr\/wp-json\/wp\/v2\/categories?post=39120"},{"taxonomy":"post_tag","embeddable":true,"href":"https:\/\/www.organisator.ch\/fr\/wp-json\/wp\/v2\/tags?post=39120"}],"curies":[{"name":"wp","href":"https:\/\/api.w.org\/{rel}","templated":true}]}}