{"id":39148,"date":"2025-06-20T07:40:51","date_gmt":"2025-06-20T05:40:51","guid":{"rendered":"https:\/\/www.m-q.ch\/?p=21613"},"modified":"2025-06-20T07:37:50","modified_gmt":"2025-06-20T05:37:50","slug":"wieder-gold-rating-von-ecovadis-fuer-iss-schweiz","status":"publish","type":"post","link":"https:\/\/www.organisator.ch\/fr\/sustainability\/2025-06-20\/wieder-gold-rating-von-ecovadis-fuer-iss-schweiz\/","title":{"rendered":"A nouveau le rating d'or d'Ecovadis pour ISS Suisse"},"content":{"rendered":"<figure id=\"attachment_21614\" class=\"wp-caption alignnone\" style=\"width: 680px;\" aria-describedby=\"caption-attachment-21614\"><img class=\"size-full wp-image-21614\" src=\"https:\/\/www.m-q.ch\/wp-content\/uploads\/2025\/06\/Wieder-Gold-Rating-von-Ecovadis-fuer-ISS-Schweiz_MQ.png\" sizes=\"(max-width: 680px) 100vw, 680px\" srcset=\"https:\/\/www.m-q.ch\/wp-content\/uploads\/2025\/06\/Wieder-Gold-Rating-von-Ecovadis-fuer-ISS-Schweiz_MQ.png 680w, https:\/\/www.m-q.ch\/wp-content\/uploads\/2025\/06\/Wieder-Gold-Rating-von-Ecovadis-fuer-ISS-Schweiz_MQ-18x10.png 18w, https:\/\/www.m-q.ch\/wp-content\/uploads\/2025\/06\/Wieder-Gold-Rating-von-Ecovadis-fuer-ISS-Schweiz_MQ-375x211.png 375w, https:\/\/www.m-q.ch\/wp-content\/uploads\/2025\/06\/Wieder-Gold-Rating-von-Ecovadis-fuer-ISS-Schweiz_MQ-621x350.png 621w\" alt=\"\" width=\"680\" height=\"383\" \/>\r\n<figcaption id=\"caption-attachment-21614\" class=\"wp-caption-text\">ISS Suisse obtient le Gold-Rating d'EcoVadis - et compte parmi les entreprises les plus durables au monde. (Image : zVg \/ ISS Suisse)<\/figcaption>\r\n<\/figure>\r\n<p>L'\u00e9valuation par EcoVadis - l'une des principales plateformes ind\u00e9pendantes de notation du d\u00e9veloppement durable - se base sur 21 crit\u00e8res dans les domaines de l'environnement, du droit du travail et des droits de l'homme, de l'\u00e9thique et de l'approvisionnement durable.<\/p>\r\n<h3>Am\u00e9lioration suppl\u00e9mentaire<\/h3>\r\n<p>Dans les domaines de l'environnement (+4 points), de l'\u00e9thique (+2) et de l'approvisionnement durable (+3), ISS Suisse a encore pu s'am\u00e9liorer par rapport \u00e0 l'ann\u00e9e pr\u00e9c\u00e9dente. L'\u00e9valuation s\u00e9par\u00e9e dans le \"Carbon Management\" au niveau le plus \u00e9lev\u00e9 \"Leader\" - une \u00e9valuation obtenue par les entreprises avec une gestion compl\u00e8te du CO\u2082 et un ancrage strat\u00e9gique des objectifs pour les cat\u00e9gories climatiques Scope 1, 2 et 3 - est particuli\u00e8rement mise en \u00e9vidence.<\/p>\r\n<p>\"Apr\u00e8s la <a href=\"https:\/\/www.m-q.ch\/de\/iss-schweiz-von-ecovadis-mit-platin-ausgezeichnet\/\">de platine de l'ann\u00e9e derni\u00e8re<\/a> ce r\u00e9sultat est la preuve du d\u00e9veloppement cons\u00e9quent de notre gestion du d\u00e9veloppement durable - et de notre exigence de mettre en \u0153uvre des solutions efficaces avec nos collaborateurs et pour nos clients\", d\u00e9clare Marc Amstutz, Head of Sustainability &amp; Environment chez ISS Suisse. Comme EcoVadis renforce continuellement les crit\u00e8res et les valeurs seuils, la distinction Or de cette ann\u00e9e souligne \u00e9galement l'engagement \u00e9lev\u00e9 et permanent d'ISS Suisse dans le domaine du d\u00e9veloppement durable, comme l'indique un communiqu\u00e9 de presse correspondant.<\/p>\r\n<h3>ISS Suisse : \"Un partenaire solide en mati\u00e8re de d\u00e9veloppement durable\".<\/h3>\r\n<p>Selon ses propres indications, ISS Suisse poursuit l'objectif d'atteindre d'ici 2030 des \u00e9missions nettes de CO<sub>2<\/sub>-dans ses activit\u00e9s commerciales directes et, d'ici 2040, tout au long de la cha\u00eene de cr\u00e9ation de valeur. Cet engagement se manifeste \u00e9galement dans les op\u00e9rations quotidiennes chez les clients. \"Notre strat\u00e9gie de durabilit\u00e9 est efficace lorsqu'elle devient \u00e9galement tangible pour nos clients - sous la forme d'activit\u00e9s de r\u00e9duction du CO\u2082 mesurables, de services intelligents et d'une utilisation efficace des ressources sur la voie de la neutralit\u00e9 climatique\", souligne Amstutz.<\/p>\r\n<p>ISS Suisse reste ainsi un partenaire fort en mati\u00e8re de d\u00e9veloppement durable - en interne comme en externe - et souligne son r\u00f4le de moteur pour des Facility Services et des solutions Real Estate durables et responsables en Suisse.<\/p>\r\n<p><em>Source : <a href=\"http:\/\/www.iss.ch\/\">ISS Suisse<\/a><\/em><\/p>\n<p class=\"syndicated-attribution\">Cet article est paru initialement sur m-q.ch - <a href=\"https:\/\/www.m-q.ch\/de\/wieder-gold-rating-von-ecovadis-fuer-iss-schweiz\/\" target=\"_blank\">https:\/\/www.m-q.ch\/de\/wieder-gold-rating-von-ecovadis-fuer-iss-schweiz\/<\/a><\/p>","protected":false},"excerpt":{"rendered":"<p>Le prestataire de Facility Management ISS Suisse a de nouveau \u00e9t\u00e9 r\u00e9compens\u00e9 par la m\u00e9daille d'or dans le c\u00e9l\u00e8bre rating de durabilit\u00e9 d'EcoVadis. Avec 81 points sur 100, l'entreprise fait partie du top 5 pour cent de toutes les entreprises \u00e9valu\u00e9es dans le monde.<\/p>","protected":false},"author":8,"featured_media":0,"comment_status":"closed","ping_status":"closed","sticky":false,"template":"","format":"standard","meta":{"_acf_changed":false,"_yoast_wpseo_focuskw":"Ecovadis","_yoast_wpseo_metadesc":"EcoVadis hat den Facility Management-Dienstleister ISS Schweiz im Nachhaltigkeitsrating erneut mit einer Goldmedaille ausgezeichnet.","articlekey":"","footnotes":""},"categories":[580],"tags":[5416,195,358,605,492,613],"class_list":["post-39148","post","type-post","status-publish","format-standard","hentry","category-sustainability","tag-ecovadis","tag-facility-management","tag-nachhaltige-wirtschaft","tag-qualitaetsmanagement","tag-unternehmen","tag-zertifizierung"],"acf":[],"yoast_head":"<!-- This site is optimized with the Yoast SEO plugin v27.4 - https:\/\/yoast.com\/product\/yoast-seo-wordpress\/ -->\n<title>Wieder Gold-Rating von Ecovadis f\u00fcr ISS Schweiz - Organisator<\/title>\n<meta name=\"description\" content=\"EcoVadis hat den Facility Management-Dienstleister ISS Schweiz im Nachhaltigkeitsrating erneut mit einer Goldmedaille ausgezeichnet.\" \/>\n<meta name=\"robots\" content=\"index, follow, max-snippet:-1, max-image-preview:large, max-video-preview:-1\" \/>\n<link rel=\"canonical\" href=\"https:\/\/www.organisator.ch\/fr\/sustainability\/2025-06-20\/wieder-gold-rating-von-ecovadis-fuer-iss-schweiz\/\" \/>\n<meta property=\"og:locale\" content=\"fr_FR\" \/>\n<meta property=\"og:type\" content=\"article\" \/>\n<meta property=\"og:title\" content=\"Wieder Gold-Rating von Ecovadis f\u00fcr ISS Schweiz - Organisator\" \/>\n<meta property=\"og:description\" content=\"EcoVadis hat den Facility Management-Dienstleister ISS Schweiz im Nachhaltigkeitsrating erneut mit einer Goldmedaille ausgezeichnet.\" \/>\n<meta property=\"og:url\" content=\"https:\/\/www.organisator.ch\/fr\/sustainability\/2025-06-20\/wieder-gold-rating-von-ecovadis-fuer-iss-schweiz\/\" \/>\n<meta property=\"og:site_name\" content=\"Organisator\" \/>\n<meta property=\"article:publisher\" content=\"https:\/\/www.facebook.com\/OrganisatorFachmagazin\" \/>\n<meta property=\"article:published_time\" content=\"2025-06-20T05:40:51+00:00\" \/>\n<meta name=\"author\" content=\"galledia\" \/>\n<meta name=\"twitter:card\" content=\"summary_large_image\" \/>\n<meta name=\"twitter:creator\" content=\"@admin\" \/>\n<script type=\"application\/ld+json\" class=\"yoast-schema-graph\">{\"@context\":\"https:\\\/\\\/schema.org\",\"@graph\":[{\"@type\":\"Article\",\"@id\":\"https:\\\/\\\/www.organisator.ch\\\/sustainability\\\/2025-06-20\\\/wieder-gold-rating-von-ecovadis-fuer-iss-schweiz\\\/#article\",\"isPartOf\":{\"@id\":\"https:\\\/\\\/www.organisator.ch\\\/sustainability\\\/2025-06-20\\\/wieder-gold-rating-von-ecovadis-fuer-iss-schweiz\\\/\"},\"author\":{\"name\":\"galledia\",\"@id\":\"https:\\\/\\\/www.organisator.ch\\\/#\\\/schema\\\/person\\\/4e51799071cd2dd1232ac003643ef5f0\"},\"headline\":\"Wieder Gold-Rating von Ecovadis f\u00fcr ISS Schweiz\",\"datePublished\":\"2025-06-20T05:40:51+00:00\",\"mainEntityOfPage\":{\"@id\":\"https:\\\/\\\/www.organisator.ch\\\/sustainability\\\/2025-06-20\\\/wieder-gold-rating-von-ecovadis-fuer-iss-schweiz\\\/\"},\"wordCount\":295,\"publisher\":{\"@id\":\"https:\\\/\\\/www.organisator.ch\\\/#organization\"},\"image\":{\"@id\":\"https:\\\/\\\/www.organisator.ch\\\/sustainability\\\/2025-06-20\\\/wieder-gold-rating-von-ecovadis-fuer-iss-schweiz\\\/#primaryimage\"},\"thumbnailUrl\":\"https:\\\/\\\/www.m-q.ch\\\/wp-content\\\/uploads\\\/2025\\\/06\\\/Wieder-Gold-Rating-von-Ecovadis-fuer-ISS-Schweiz_MQ.png\",\"keywords\":[\"EcoVadis\",\"Facility Management\",\"Nachhaltige Wirtschaft\",\"Qualit\u00e4tsmanagement\",\"Unternehmen\",\"Zertifizierung\"],\"articleSection\":[\"SUSTAINABILITY\"],\"inLanguage\":\"fr-FR\"},{\"@type\":\"WebPage\",\"@id\":\"https:\\\/\\\/www.organisator.ch\\\/sustainability\\\/2025-06-20\\\/wieder-gold-rating-von-ecovadis-fuer-iss-schweiz\\\/\",\"url\":\"https:\\\/\\\/www.organisator.ch\\\/sustainability\\\/2025-06-20\\\/wieder-gold-rating-von-ecovadis-fuer-iss-schweiz\\\/\",\"name\":\"Wieder Gold-Rating von Ecovadis f\u00fcr ISS Schweiz - Organisator\",\"isPartOf\":{\"@id\":\"https:\\\/\\\/www.organisator.ch\\\/#website\"},\"primaryImageOfPage\":{\"@id\":\"https:\\\/\\\/www.organisator.ch\\\/sustainability\\\/2025-06-20\\\/wieder-gold-rating-von-ecovadis-fuer-iss-schweiz\\\/#primaryimage\"},\"image\":{\"@id\":\"https:\\\/\\\/www.organisator.ch\\\/sustainability\\\/2025-06-20\\\/wieder-gold-rating-von-ecovadis-fuer-iss-schweiz\\\/#primaryimage\"},\"thumbnailUrl\":\"https:\\\/\\\/www.m-q.ch\\\/wp-content\\\/uploads\\\/2025\\\/06\\\/Wieder-Gold-Rating-von-Ecovadis-fuer-ISS-Schweiz_MQ.png\",\"datePublished\":\"2025-06-20T05:40:51+00:00\",\"description\":\"EcoVadis hat den Facility Management-Dienstleister ISS Schweiz im Nachhaltigkeitsrating erneut mit einer Goldmedaille ausgezeichnet.\",\"breadcrumb\":{\"@id\":\"https:\\\/\\\/www.organisator.ch\\\/sustainability\\\/2025-06-20\\\/wieder-gold-rating-von-ecovadis-fuer-iss-schweiz\\\/#breadcrumb\"},\"inLanguage\":\"fr-FR\",\"potentialAction\":[{\"@type\":\"ReadAction\",\"target\":[\"https:\\\/\\\/www.organisator.ch\\\/sustainability\\\/2025-06-20\\\/wieder-gold-rating-von-ecovadis-fuer-iss-schweiz\\\/\"]}]},{\"@type\":\"ImageObject\",\"inLanguage\":\"fr-FR\",\"@id\":\"https:\\\/\\\/www.organisator.ch\\\/sustainability\\\/2025-06-20\\\/wieder-gold-rating-von-ecovadis-fuer-iss-schweiz\\\/#primaryimage\",\"url\":\"https:\\\/\\\/www.m-q.ch\\\/wp-content\\\/uploads\\\/2025\\\/06\\\/Wieder-Gold-Rating-von-Ecovadis-fuer-ISS-Schweiz_MQ.png\",\"contentUrl\":\"https:\\\/\\\/www.m-q.ch\\\/wp-content\\\/uploads\\\/2025\\\/06\\\/Wieder-Gold-Rating-von-Ecovadis-fuer-ISS-Schweiz_MQ.png\"},{\"@type\":\"BreadcrumbList\",\"@id\":\"https:\\\/\\\/www.organisator.ch\\\/sustainability\\\/2025-06-20\\\/wieder-gold-rating-von-ecovadis-fuer-iss-schweiz\\\/#breadcrumb\",\"itemListElement\":[{\"@type\":\"ListItem\",\"position\":1,\"name\":\"Home\",\"item\":\"https:\\\/\\\/www.organisator.ch\\\/\"},{\"@type\":\"ListItem\",\"position\":2,\"name\":\"Wieder Gold-Rating von Ecovadis f\u00fcr ISS Schweiz\"}]},{\"@type\":\"WebSite\",\"@id\":\"https:\\\/\\\/www.organisator.ch\\\/#website\",\"url\":\"https:\\\/\\\/www.organisator.ch\\\/\",\"name\":\"Organisator\",\"description\":\"Kompetent. Praxisnah. Der ORGANISATOR bereitet in 10 Ausgaben pro Jahr die wesentlichen Themen f\u00fcr F\u00fchrungskr\u00e4fte von KMU auf.\",\"publisher\":{\"@id\":\"https:\\\/\\\/www.organisator.ch\\\/#organization\"},\"potentialAction\":[{\"@type\":\"SearchAction\",\"target\":{\"@type\":\"EntryPoint\",\"urlTemplate\":\"https:\\\/\\\/www.organisator.ch\\\/?s={search_term_string}\"},\"query-input\":{\"@type\":\"PropertyValueSpecification\",\"valueRequired\":true,\"valueName\":\"search_term_string\"}}],\"inLanguage\":\"fr-FR\"},{\"@type\":\"Organization\",\"@id\":\"https:\\\/\\\/www.organisator.ch\\\/#organization\",\"name\":\"Organisator\",\"url\":\"https:\\\/\\\/www.organisator.ch\\\/\",\"logo\":{\"@type\":\"ImageObject\",\"inLanguage\":\"fr-FR\",\"@id\":\"https:\\\/\\\/www.organisator.ch\\\/#\\\/schema\\\/logo\\\/image\\\/\",\"url\":\"https:\\\/\\\/www.organisator.ch\\\/wp-content\\\/uploads\\\/2022\\\/01\\\/Logo_Organisator_Website.png\",\"contentUrl\":\"https:\\\/\\\/www.organisator.ch\\\/wp-content\\\/uploads\\\/2022\\\/01\\\/Logo_Organisator_Website.png\",\"width\":800,\"height\":77,\"caption\":\"Organisator\"},\"image\":{\"@id\":\"https:\\\/\\\/www.organisator.ch\\\/#\\\/schema\\\/logo\\\/image\\\/\"},\"sameAs\":[\"https:\\\/\\\/www.facebook.com\\\/OrganisatorFachmagazin\",\"https:\\\/\\\/www.linkedin.com\\\/showcase\\\/organisator-das-magazin-fr-kmu\",\"https:\\\/\\\/www.xing.com\\\/news\\\/pages\\\/organisator-ch-695\",\"https:\\\/\\\/www.youtube.com\\\/channel\\\/UCGP2Sq0iWaZwT3BdIAQFYpw\"]},{\"@type\":\"Person\",\"@id\":\"https:\\\/\\\/www.organisator.ch\\\/#\\\/schema\\\/person\\\/4e51799071cd2dd1232ac003643ef5f0\",\"name\":\"galledia\",\"image\":{\"@type\":\"ImageObject\",\"inLanguage\":\"fr-FR\",\"@id\":\"https:\\\/\\\/secure.gravatar.com\\\/avatar\\\/78a7f90c01fc2bfc875782a0d4922b37cde2cf184ce347b91316d23cd7f69a36?s=96&d=mm&r=g\",\"url\":\"https:\\\/\\\/secure.gravatar.com\\\/avatar\\\/78a7f90c01fc2bfc875782a0d4922b37cde2cf184ce347b91316d23cd7f69a36?s=96&d=mm&r=g\",\"contentUrl\":\"https:\\\/\\\/secure.gravatar.com\\\/avatar\\\/78a7f90c01fc2bfc875782a0d4922b37cde2cf184ce347b91316d23cd7f69a36?s=96&d=mm&r=g\",\"caption\":\"galledia\"},\"sameAs\":[\"https:\\\/\\\/x.com\\\/admin\"],\"url\":\"https:\\\/\\\/www.organisator.ch\\\/fr\\\/author\\\/galledia\\\/\"}]}<\/script>\n<!-- \/ Yoast SEO plugin. -->","yoast_head_json":{"title":"A nouveau Gold-Rating d'Ecovadis pour ISS Suisse - Organisateur","description":"EcoVadis a de nouveau d\u00e9cern\u00e9 une m\u00e9daille d'or au prestataire de services de Facility Management ISS Suisse dans le cadre du rating de durabilit\u00e9.","robots":{"index":"index","follow":"follow","max-snippet":"max-snippet:-1","max-image-preview":"max-image-preview:large","max-video-preview":"max-video-preview:-1"},"canonical":"https:\/\/www.organisator.ch\/fr\/sustainability\/2025-06-20\/wieder-gold-rating-von-ecovadis-fuer-iss-schweiz\/","og_locale":"fr_FR","og_type":"article","og_title":"Wieder Gold-Rating von Ecovadis f\u00fcr ISS Schweiz - Organisator","og_description":"EcoVadis hat den Facility Management-Dienstleister ISS Schweiz im Nachhaltigkeitsrating erneut mit einer Goldmedaille ausgezeichnet.","og_url":"https:\/\/www.organisator.ch\/fr\/sustainability\/2025-06-20\/wieder-gold-rating-von-ecovadis-fuer-iss-schweiz\/","og_site_name":"Organisator","article_publisher":"https:\/\/www.facebook.com\/OrganisatorFachmagazin","article_published_time":"2025-06-20T05:40:51+00:00","author":"galledia","twitter_card":"summary_large_image","twitter_creator":"@admin","schema":{"@context":"https:\/\/schema.org","@graph":[{"@type":"Article","@id":"https:\/\/www.organisator.ch\/sustainability\/2025-06-20\/wieder-gold-rating-von-ecovadis-fuer-iss-schweiz\/#article","isPartOf":{"@id":"https:\/\/www.organisator.ch\/sustainability\/2025-06-20\/wieder-gold-rating-von-ecovadis-fuer-iss-schweiz\/"},"author":{"name":"galledia","@id":"https:\/\/www.organisator.ch\/#\/schema\/person\/4e51799071cd2dd1232ac003643ef5f0"},"headline":"Wieder Gold-Rating von Ecovadis f\u00fcr ISS Schweiz","datePublished":"2025-06-20T05:40:51+00:00","mainEntityOfPage":{"@id":"https:\/\/www.organisator.ch\/sustainability\/2025-06-20\/wieder-gold-rating-von-ecovadis-fuer-iss-schweiz\/"},"wordCount":295,"publisher":{"@id":"https:\/\/www.organisator.ch\/#organization"},"image":{"@id":"https:\/\/www.organisator.ch\/sustainability\/2025-06-20\/wieder-gold-rating-von-ecovadis-fuer-iss-schweiz\/#primaryimage"},"thumbnailUrl":"https:\/\/www.m-q.ch\/wp-content\/uploads\/2025\/06\/Wieder-Gold-Rating-von-Ecovadis-fuer-ISS-Schweiz_MQ.png","keywords":["EcoVadis","Facility Management","Nachhaltige Wirtschaft","Qualit\u00e4tsmanagement","Unternehmen","Zertifizierung"],"articleSection":["SUSTAINABILITY"],"inLanguage":"fr-FR"},{"@type":"WebPage","@id":"https:\/\/www.organisator.ch\/sustainability\/2025-06-20\/wieder-gold-rating-von-ecovadis-fuer-iss-schweiz\/","url":"https:\/\/www.organisator.ch\/sustainability\/2025-06-20\/wieder-gold-rating-von-ecovadis-fuer-iss-schweiz\/","name":"A nouveau Gold-Rating d'Ecovadis pour ISS Suisse - Organisateur","isPartOf":{"@id":"https:\/\/www.organisator.ch\/#website"},"primaryImageOfPage":{"@id":"https:\/\/www.organisator.ch\/sustainability\/2025-06-20\/wieder-gold-rating-von-ecovadis-fuer-iss-schweiz\/#primaryimage"},"image":{"@id":"https:\/\/www.organisator.ch\/sustainability\/2025-06-20\/wieder-gold-rating-von-ecovadis-fuer-iss-schweiz\/#primaryimage"},"thumbnailUrl":"https:\/\/www.m-q.ch\/wp-content\/uploads\/2025\/06\/Wieder-Gold-Rating-von-Ecovadis-fuer-ISS-Schweiz_MQ.png","datePublished":"2025-06-20T05:40:51+00:00","description":"EcoVadis a de nouveau d\u00e9cern\u00e9 une m\u00e9daille d'or au prestataire de services de Facility Management ISS Suisse dans le cadre du rating de durabilit\u00e9.","breadcrumb":{"@id":"https:\/\/www.organisator.ch\/sustainability\/2025-06-20\/wieder-gold-rating-von-ecovadis-fuer-iss-schweiz\/#breadcrumb"},"inLanguage":"fr-FR","potentialAction":[{"@type":"ReadAction","target":["https:\/\/www.organisator.ch\/sustainability\/2025-06-20\/wieder-gold-rating-von-ecovadis-fuer-iss-schweiz\/"]}]},{"@type":"ImageObject","inLanguage":"fr-FR","@id":"https:\/\/www.organisator.ch\/sustainability\/2025-06-20\/wieder-gold-rating-von-ecovadis-fuer-iss-schweiz\/#primaryimage","url":"https:\/\/www.m-q.ch\/wp-content\/uploads\/2025\/06\/Wieder-Gold-Rating-von-Ecovadis-fuer-ISS-Schweiz_MQ.png","contentUrl":"https:\/\/www.m-q.ch\/wp-content\/uploads\/2025\/06\/Wieder-Gold-Rating-von-Ecovadis-fuer-ISS-Schweiz_MQ.png"},{"@type":"BreadcrumbList","@id":"https:\/\/www.organisator.ch\/sustainability\/2025-06-20\/wieder-gold-rating-von-ecovadis-fuer-iss-schweiz\/#breadcrumb","itemListElement":[{"@type":"ListItem","position":1,"name":"Home","item":"https:\/\/www.organisator.ch\/"},{"@type":"ListItem","position":2,"name":"Wieder Gold-Rating von Ecovadis f\u00fcr ISS Schweiz"}]},{"@type":"WebSite","@id":"https:\/\/www.organisator.ch\/#website","url":"https:\/\/www.organisator.ch\/","name":"Organisateur","description":"Comp\u00e9tence et comp\u00e9tence. Proches de la pratique. L'ORGANISATEUR pr\u00e9pare 10 num\u00e9ros par an sur les th\u00e8mes essentiels pour les dirigeants de PME.","publisher":{"@id":"https:\/\/www.organisator.ch\/#organization"},"potentialAction":[{"@type":"SearchAction","target":{"@type":"EntryPoint","urlTemplate":"https:\/\/www.organisator.ch\/?s={search_term_string}"},"query-input":{"@type":"PropertyValueSpecification","valueRequired":true,"valueName":"search_term_string"}}],"inLanguage":"fr-FR"},{"@type":"Organization","@id":"https:\/\/www.organisator.ch\/#organization","name":"Organisateur","url":"https:\/\/www.organisator.ch\/","logo":{"@type":"ImageObject","inLanguage":"fr-FR","@id":"https:\/\/www.organisator.ch\/#\/schema\/logo\/image\/","url":"https:\/\/www.organisator.ch\/wp-content\/uploads\/2022\/01\/Logo_Organisator_Website.png","contentUrl":"https:\/\/www.organisator.ch\/wp-content\/uploads\/2022\/01\/Logo_Organisator_Website.png","width":800,"height":77,"caption":"Organisator"},"image":{"@id":"https:\/\/www.organisator.ch\/#\/schema\/logo\/image\/"},"sameAs":["https:\/\/www.facebook.com\/OrganisatorFachmagazin","https:\/\/www.linkedin.com\/showcase\/organisator-das-magazin-fr-kmu","https:\/\/www.xing.com\/news\/pages\/organisator-ch-695","https:\/\/www.youtube.com\/channel\/UCGP2Sq0iWaZwT3BdIAQFYpw"]},{"@type":"Person","@id":"https:\/\/www.organisator.ch\/#\/schema\/person\/4e51799071cd2dd1232ac003643ef5f0","name":"galledia","image":{"@type":"ImageObject","inLanguage":"fr-FR","@id":"https:\/\/secure.gravatar.com\/avatar\/78a7f90c01fc2bfc875782a0d4922b37cde2cf184ce347b91316d23cd7f69a36?s=96&d=mm&r=g","url":"https:\/\/secure.gravatar.com\/avatar\/78a7f90c01fc2bfc875782a0d4922b37cde2cf184ce347b91316d23cd7f69a36?s=96&d=mm&r=g","contentUrl":"https:\/\/secure.gravatar.com\/avatar\/78a7f90c01fc2bfc875782a0d4922b37cde2cf184ce347b91316d23cd7f69a36?s=96&d=mm&r=g","caption":"galledia"},"sameAs":["https:\/\/x.com\/admin"],"url":"https:\/\/www.organisator.ch\/fr\/author\/galledia\/"}]}},"_links":{"self":[{"href":"https:\/\/www.organisator.ch\/fr\/wp-json\/wp\/v2\/posts\/39148","targetHints":{"allow":["GET"]}}],"collection":[{"href":"https:\/\/www.organisator.ch\/fr\/wp-json\/wp\/v2\/posts"}],"about":[{"href":"https:\/\/www.organisator.ch\/fr\/wp-json\/wp\/v2\/types\/post"}],"author":[{"embeddable":true,"href":"https:\/\/www.organisator.ch\/fr\/wp-json\/wp\/v2\/users\/8"}],"replies":[{"embeddable":true,"href":"https:\/\/www.organisator.ch\/fr\/wp-json\/wp\/v2\/comments?post=39148"}],"version-history":[{"count":5,"href":"https:\/\/www.organisator.ch\/fr\/wp-json\/wp\/v2\/posts\/39148\/revisions"}],"predecessor-version":[{"id":39184,"href":"https:\/\/www.organisator.ch\/fr\/wp-json\/wp\/v2\/posts\/39148\/revisions\/39184"}],"wp:attachment":[{"href":"https:\/\/www.organisator.ch\/fr\/wp-json\/wp\/v2\/media?parent=39148"}],"wp:term":[{"taxonomy":"category","embeddable":true,"href":"https:\/\/www.organisator.ch\/fr\/wp-json\/wp\/v2\/categories?post=39148"},{"taxonomy":"post_tag","embeddable":true,"href":"https:\/\/www.organisator.ch\/fr\/wp-json\/wp\/v2\/tags?post=39148"}],"curies":[{"name":"wp","href":"https:\/\/api.w.org\/{rel}","templated":true}]}}