{"id":39165,"date":"2025-06-20T08:17:38","date_gmt":"2025-06-20T06:17:38","guid":{"rendered":"https:\/\/www.organisator.ch\/?p=39165"},"modified":"2025-06-20T08:17:38","modified_gmt":"2025-06-20T06:17:38","slug":"neue-ausrichtung-der-fachhochschule-hwz","status":"publish","type":"post","link":"https:\/\/www.organisator.ch\/fr\/weiterbildung\/2025-06-20\/neue-ausrichtung-der-fachhochschule-hwz\/","title":{"rendered":"Nouvelle orientation de la Haute \u00e9cole sp\u00e9cialis\u00e9e HWZ"},"content":{"rendered":"<figure id=\"attachment_39166\" aria-describedby=\"caption-attachment-39166\" style=\"width: 680px\" class=\"wp-caption alignnone\"><img loading=\"lazy\" decoding=\"async\" class=\"size-full wp-image-39166\" src=\"https:\/\/www.organisator.ch\/wp-content\/uploads\/2025\/06\/Neue-Ausrichtung-der-Fachhochschule-HWZ_Organisator.jpg\" alt=\"\" width=\"680\" height=\"529\" srcset=\"https:\/\/www.organisator.ch\/wp-content\/uploads\/2025\/06\/Neue-Ausrichtung-der-Fachhochschule-HWZ_Organisator.jpg 680w, https:\/\/www.organisator.ch\/wp-content\/uploads\/2025\/06\/Neue-Ausrichtung-der-Fachhochschule-HWZ_Organisator-15x12.jpg 15w, https:\/\/www.organisator.ch\/wp-content\/uploads\/2025\/06\/Neue-Ausrichtung-der-Fachhochschule-HWZ_Organisator-375x292.jpg 375w, https:\/\/www.organisator.ch\/wp-content\/uploads\/2025\/06\/Neue-Ausrichtung-der-Fachhochschule-HWZ_Organisator-450x350.jpg 450w\" sizes=\"auto, (max-width: 680px) 100vw, 680px\" \/><figcaption id=\"caption-attachment-39166\" class=\"wp-caption-text\">La HWZ Hochschule f\u00fcr Wirtschaft Z\u00fcrich - ici le b\u00e2timent principal - se r\u00e9oriente sur le plan organisationnel. (Image : zVg)<\/figcaption><\/figure>\n<p>Avec la direction \u00e9largie nouvellement cr\u00e9\u00e9e, la HWZ Hochschule f\u00fcr Wirtschaft Z\u00fcrich \u00e9tablit un comit\u00e9 intersectoriel responsable du d\u00e9veloppement strat\u00e9gique de la haute \u00e9cole. Cette \u00e9quipe diversifi\u00e9e r\u00e9unit des fonctions centrales, notamment de l'enseignement, de l'administration, de la recherche et de la communication, et ouvre la voie \u00e0 l'avenir de la haute \u00e9cole sp\u00e9cialis\u00e9e HWZ. Le professeur Brian R\u00fceger, recteur de la HWZ, souligne l'importance de la nouvelle structure : \"Avec la direction \u00e9largie de l'\u00e9cole, nous posons les jalons strat\u00e9giques pour l'avenir de la HWZ. Elle r\u00e9unit des comp\u00e9tences centrales, met en r\u00e9seau les perspectives et, gr\u00e2ce \u00e0 sa composition diversifi\u00e9e et \u00e9quilibr\u00e9e, cr\u00e9e la base pour d\u00e9velopper durablement notre haute \u00e9cole dans un environnement de formation dynamique\".<\/p>\n<h3>La direction de l'\u00e9cole se concentre sur l'op\u00e9rationnel<\/h3>\n<p>La direction actuelle de l'\u00e9cole fait partie de la direction \u00e9largie de l'\u00e9cole. De plus, la direction de l'\u00e9cole continue \u00e0 \u00eatre responsable des affaires op\u00e9rationnelles quotidiennes et assure la mise en \u0153uvre du fonctionnement de la haute \u00e9cole. Elle se compose du professeur Brian R\u00fceger, recteur, de Peter Statz, directeur du d\u00e9partement Management &amp; Leadership et vice-recteur, du Dr Urs J\u00e4ckli, directeur du d\u00e9partement Formation, et de Christian M\u00fcller, directeur des finances. Le nouveau membre est le professeur Michael Klaas qui, depuis mai, participe au d\u00e9veloppement strat\u00e9gique de la HWZ en tant que Head of Business Development. La nouvelle structure compos\u00e9e d'une direction op\u00e9rationnelle et d'une direction strat\u00e9gique permet une s\u00e9paration claire des t\u00e2ches, ce qui raccourcit les voies d\u00e9cisionnelles et cr\u00e9e un espace pour l'innovation.<\/p>\n<h3>Les d\u00e9partements se transforment en \u00e9cosyst\u00e8mes interconnect\u00e9s<\/h3>\n<p>Dans le cadre de la r\u00e9orientation, les d\u00e9partements jouent un r\u00f4le porteur dans la transformation de la HWZ : d'unit\u00e9s sp\u00e9cialis\u00e9es classiques, ils se transforment en \u00e9cosyst\u00e8mes dynamiques et interconnect\u00e9s, qui agissent de mani\u00e8re transversale et contribuent activement au profilage de la haute \u00e9cole. L'accent est mis sur une collaboration renforc\u00e9e - tant au sein de la HWZ qu'avec des partenaires externes de la science, de l'\u00e9conomie et de la soci\u00e9t\u00e9. Les d\u00e9partements assument la responsabilit\u00e9 technique du d\u00e9veloppement continu des offres de formation continue existantes et nouvelles. Parall\u00e8lement, ils d\u00e9veloppent de mani\u00e8re cibl\u00e9e des coop\u00e9rations et des r\u00e9seaux strat\u00e9giques. En outre, ils affinent et \u00e9largissent le portefeuille de recherche, acc\u00e9l\u00e8rent l'acquisition de fonds de tiers et, en tant qu'initiateurs de contenus, contribuent de mani\u00e8re d\u00e9cisive au d\u00e9veloppement de la formation.<\/p>\n<p><em>Source : <a href=\"http:\/\/www.fh-hwz.ch\">HWZ<\/a><\/em><\/p>","protected":false},"excerpt":{"rendered":"<p>La HWZ Hochschule f\u00fcr Wirtschaft Z\u00fcrich r\u00e9oriente son organisation et poursuit ainsi son d\u00e9veloppement de mani\u00e8re cibl\u00e9e. La nouvelle direction \u00e9largie de l'\u00e9cole ainsi que la r\u00e9orientation des d\u00e9partements en tant qu'\u00e9cosyst\u00e8mes agiles et interconnect\u00e9s sont au c\u0153ur de cette transformation.<\/p>","protected":false},"author":4,"featured_media":39166,"comment_status":"closed","ping_status":"closed","sticky":false,"template":"","format":"standard","meta":{"_acf_changed":false,"_yoast_wpseo_focuskw":"Fachhochschule HWZ","_yoast_wpseo_metadesc":"Die Fachhochschule HWZ richtet ihre Organisation neu aus und treibt damit ihre Weiterentwicklung gezielt voran.","articlekey":"","footnotes":""},"categories":[30],"tags":[62,192,334],"class_list":["post-39165","post","type-post","status-publish","format-standard","has-post-thumbnail","hentry","category-weiterbildung","tag-aus-weiterbildung","tag-fachhochschulen","tag-management"],"acf":[],"yoast_head":"<!-- This site is optimized with the Yoast SEO plugin v27.5 - https:\/\/yoast.com\/product\/yoast-seo-wordpress\/ -->\n<title>Neue Ausrichtung der Fachhochschule HWZ - Organisator<\/title>\n<meta name=\"description\" content=\"Die Fachhochschule HWZ richtet ihre Organisation neu aus und treibt damit ihre Weiterentwicklung gezielt voran.\" \/>\n<meta name=\"robots\" content=\"index, follow, max-snippet:-1, max-image-preview:large, max-video-preview:-1\" \/>\n<link rel=\"canonical\" href=\"https:\/\/www.organisator.ch\/fr\/formation-continue-2\/2025-06-20\/neue-ausrichtung-der-fachhochschule-hwz\/\" \/>\n<meta property=\"og:locale\" content=\"fr_FR\" \/>\n<meta property=\"og:type\" content=\"article\" \/>\n<meta property=\"og:title\" content=\"Neue Ausrichtung der Fachhochschule HWZ\" \/>\n<meta property=\"og:description\" content=\"Die Fachhochschule HWZ richtet ihre Organisation neu aus und treibt damit ihre Weiterentwicklung gezielt voran.\" \/>\n<meta property=\"og:url\" content=\"https:\/\/www.organisator.ch\/fr\/formation-continue-2\/2025-06-20\/neue-ausrichtung-der-fachhochschule-hwz\/\" \/>\n<meta property=\"og:site_name\" content=\"Organisator\" \/>\n<meta property=\"article:publisher\" content=\"https:\/\/www.facebook.com\/OrganisatorFachmagazin\" \/>\n<meta property=\"article:published_time\" content=\"2025-06-20T06:17:38+00:00\" \/>\n<meta property=\"og:image\" content=\"https:\/\/www.organisator.ch\/wp-content\/uploads\/2025\/06\/Neue-Ausrichtung-der-Fachhochschule-HWZ_Organisator.jpg\" \/>\n\t<meta property=\"og:image:width\" content=\"680\" \/>\n\t<meta property=\"og:image:height\" content=\"529\" \/>\n\t<meta property=\"og:image:type\" content=\"image\/jpeg\" \/>\n<meta name=\"author\" content=\"thomas.berner\" \/>\n<meta name=\"twitter:card\" content=\"summary_large_image\" \/>\n<meta name=\"twitter:title\" content=\"Neue Ausrichtung der #Fachhochschule #HWZ\" \/>\n<meta name=\"twitter:description\" content=\"Die #Fachhochschule #HWZ richtet ihre Organisation neu aus und treibt damit ihre Weiterentwicklung gezielt voran.\" \/>\n<meta name=\"twitter:image\" content=\"https:\/\/www.organisator.ch\/wp-content\/uploads\/2025\/06\/Neue-Ausrichtung-der-Fachhochschule-HWZ_Organisator.jpg\" \/>\n<script type=\"application\/ld+json\" class=\"yoast-schema-graph\">{\"@context\":\"https:\\\/\\\/schema.org\",\"@graph\":[{\"@type\":\"Article\",\"@id\":\"https:\\\/\\\/www.organisator.ch\\\/weiterbildung\\\/2025-06-20\\\/neue-ausrichtung-der-fachhochschule-hwz\\\/#article\",\"isPartOf\":{\"@id\":\"https:\\\/\\\/www.organisator.ch\\\/weiterbildung\\\/2025-06-20\\\/neue-ausrichtung-der-fachhochschule-hwz\\\/\"},\"author\":{\"name\":\"thomas.berner\",\"@id\":\"https:\\\/\\\/www.organisator.ch\\\/#\\\/schema\\\/person\\\/6f650f90b2842cd4c0cc334b4e36f67e\"},\"headline\":\"Neue Ausrichtung der Fachhochschule HWZ\",\"datePublished\":\"2025-06-20T06:17:38+00:00\",\"mainEntityOfPage\":{\"@id\":\"https:\\\/\\\/www.organisator.ch\\\/weiterbildung\\\/2025-06-20\\\/neue-ausrichtung-der-fachhochschule-hwz\\\/\"},\"wordCount\":364,\"publisher\":{\"@id\":\"https:\\\/\\\/www.organisator.ch\\\/#organization\"},\"image\":{\"@id\":\"https:\\\/\\\/www.organisator.ch\\\/weiterbildung\\\/2025-06-20\\\/neue-ausrichtung-der-fachhochschule-hwz\\\/#primaryimage\"},\"thumbnailUrl\":\"https:\\\/\\\/www.organisator.ch\\\/wp-content\\\/uploads\\\/2025\\\/06\\\/Neue-Ausrichtung-der-Fachhochschule-HWZ_Organisator.jpg\",\"keywords\":[\"Aus-\\\/Weiterbildung\",\"Fachhochschulen\",\"Management\"],\"articleSection\":[\"WEITERBILDUNG\"],\"inLanguage\":\"fr-FR\"},{\"@type\":\"WebPage\",\"@id\":\"https:\\\/\\\/www.organisator.ch\\\/weiterbildung\\\/2025-06-20\\\/neue-ausrichtung-der-fachhochschule-hwz\\\/\",\"url\":\"https:\\\/\\\/www.organisator.ch\\\/weiterbildung\\\/2025-06-20\\\/neue-ausrichtung-der-fachhochschule-hwz\\\/\",\"name\":\"Neue Ausrichtung der Fachhochschule HWZ - Organisator\",\"isPartOf\":{\"@id\":\"https:\\\/\\\/www.organisator.ch\\\/#website\"},\"primaryImageOfPage\":{\"@id\":\"https:\\\/\\\/www.organisator.ch\\\/weiterbildung\\\/2025-06-20\\\/neue-ausrichtung-der-fachhochschule-hwz\\\/#primaryimage\"},\"image\":{\"@id\":\"https:\\\/\\\/www.organisator.ch\\\/weiterbildung\\\/2025-06-20\\\/neue-ausrichtung-der-fachhochschule-hwz\\\/#primaryimage\"},\"thumbnailUrl\":\"https:\\\/\\\/www.organisator.ch\\\/wp-content\\\/uploads\\\/2025\\\/06\\\/Neue-Ausrichtung-der-Fachhochschule-HWZ_Organisator.jpg\",\"datePublished\":\"2025-06-20T06:17:38+00:00\",\"description\":\"Die Fachhochschule HWZ richtet ihre Organisation neu aus und treibt damit ihre Weiterentwicklung gezielt voran.\",\"breadcrumb\":{\"@id\":\"https:\\\/\\\/www.organisator.ch\\\/weiterbildung\\\/2025-06-20\\\/neue-ausrichtung-der-fachhochschule-hwz\\\/#breadcrumb\"},\"inLanguage\":\"fr-FR\",\"potentialAction\":[{\"@type\":\"ReadAction\",\"target\":[\"https:\\\/\\\/www.organisator.ch\\\/weiterbildung\\\/2025-06-20\\\/neue-ausrichtung-der-fachhochschule-hwz\\\/\"]}]},{\"@type\":\"ImageObject\",\"inLanguage\":\"fr-FR\",\"@id\":\"https:\\\/\\\/www.organisator.ch\\\/weiterbildung\\\/2025-06-20\\\/neue-ausrichtung-der-fachhochschule-hwz\\\/#primaryimage\",\"url\":\"https:\\\/\\\/www.organisator.ch\\\/wp-content\\\/uploads\\\/2025\\\/06\\\/Neue-Ausrichtung-der-Fachhochschule-HWZ_Organisator.jpg\",\"contentUrl\":\"https:\\\/\\\/www.organisator.ch\\\/wp-content\\\/uploads\\\/2025\\\/06\\\/Neue-Ausrichtung-der-Fachhochschule-HWZ_Organisator.jpg\",\"width\":680,\"height\":529,\"caption\":\"Die HWZ Hochschule f\u00fcr Wirtschaft Z\u00fcrich - hier das Hauptgeb\u00e4ude - richtet sich organisatorisch neu aus. (Bild: zVg)\"},{\"@type\":\"BreadcrumbList\",\"@id\":\"https:\\\/\\\/www.organisator.ch\\\/weiterbildung\\\/2025-06-20\\\/neue-ausrichtung-der-fachhochschule-hwz\\\/#breadcrumb\",\"itemListElement\":[{\"@type\":\"ListItem\",\"position\":1,\"name\":\"Home\",\"item\":\"https:\\\/\\\/www.organisator.ch\\\/\"},{\"@type\":\"ListItem\",\"position\":2,\"name\":\"Neue Ausrichtung der Fachhochschule HWZ\"}]},{\"@type\":\"WebSite\",\"@id\":\"https:\\\/\\\/www.organisator.ch\\\/#website\",\"url\":\"https:\\\/\\\/www.organisator.ch\\\/\",\"name\":\"Organisator\",\"description\":\"Kompetent. Praxisnah. Der ORGANISATOR bereitet in 10 Ausgaben pro Jahr die wesentlichen Themen f\u00fcr F\u00fchrungskr\u00e4fte von KMU auf.\",\"publisher\":{\"@id\":\"https:\\\/\\\/www.organisator.ch\\\/#organization\"},\"potentialAction\":[{\"@type\":\"SearchAction\",\"target\":{\"@type\":\"EntryPoint\",\"urlTemplate\":\"https:\\\/\\\/www.organisator.ch\\\/?s={search_term_string}\"},\"query-input\":{\"@type\":\"PropertyValueSpecification\",\"valueRequired\":true,\"valueName\":\"search_term_string\"}}],\"inLanguage\":\"fr-FR\"},{\"@type\":\"Organization\",\"@id\":\"https:\\\/\\\/www.organisator.ch\\\/#organization\",\"name\":\"Organisator\",\"url\":\"https:\\\/\\\/www.organisator.ch\\\/\",\"logo\":{\"@type\":\"ImageObject\",\"inLanguage\":\"fr-FR\",\"@id\":\"https:\\\/\\\/www.organisator.ch\\\/#\\\/schema\\\/logo\\\/image\\\/\",\"url\":\"https:\\\/\\\/www.organisator.ch\\\/wp-content\\\/uploads\\\/2022\\\/01\\\/Logo_Organisator_Website.png\",\"contentUrl\":\"https:\\\/\\\/www.organisator.ch\\\/wp-content\\\/uploads\\\/2022\\\/01\\\/Logo_Organisator_Website.png\",\"width\":800,\"height\":77,\"caption\":\"Organisator\"},\"image\":{\"@id\":\"https:\\\/\\\/www.organisator.ch\\\/#\\\/schema\\\/logo\\\/image\\\/\"},\"sameAs\":[\"https:\\\/\\\/www.facebook.com\\\/OrganisatorFachmagazin\",\"https:\\\/\\\/www.linkedin.com\\\/showcase\\\/organisator-das-magazin-fr-kmu\",\"https:\\\/\\\/www.xing.com\\\/news\\\/pages\\\/organisator-ch-695\",\"https:\\\/\\\/www.youtube.com\\\/channel\\\/UCGP2Sq0iWaZwT3BdIAQFYpw\"]},{\"@type\":\"Person\",\"@id\":\"https:\\\/\\\/www.organisator.ch\\\/#\\\/schema\\\/person\\\/6f650f90b2842cd4c0cc334b4e36f67e\",\"name\":\"thomas.berner\",\"image\":{\"@type\":\"ImageObject\",\"inLanguage\":\"fr-FR\",\"@id\":\"https:\\\/\\\/secure.gravatar.com\\\/avatar\\\/ac5001d2a36cb6c6cd3e50789007ffca834b477b74a2144564522e944eabff61?s=96&d=mm&r=g\",\"url\":\"https:\\\/\\\/secure.gravatar.com\\\/avatar\\\/ac5001d2a36cb6c6cd3e50789007ffca834b477b74a2144564522e944eabff61?s=96&d=mm&r=g\",\"contentUrl\":\"https:\\\/\\\/secure.gravatar.com\\\/avatar\\\/ac5001d2a36cb6c6cd3e50789007ffca834b477b74a2144564522e944eabff61?s=96&d=mm&r=g\",\"caption\":\"thomas.berner\"},\"url\":\"https:\\\/\\\/www.organisator.ch\\\/fr\\\/author\\\/thomas-berner\\\/\"}]}<\/script>\n<!-- \/ Yoast SEO plugin. -->","yoast_head_json":{"title":"Nouvelle orientation de la Haute \u00e9cole sp\u00e9cialis\u00e9e HWZ - Organisateur","description":"La haute \u00e9cole sp\u00e9cialis\u00e9e HWZ r\u00e9oriente son organisation et poursuit ainsi son d\u00e9veloppement de mani\u00e8re cibl\u00e9e.","robots":{"index":"index","follow":"follow","max-snippet":"max-snippet:-1","max-image-preview":"max-image-preview:large","max-video-preview":"max-video-preview:-1"},"canonical":"https:\/\/www.organisator.ch\/fr\/formation-continue-2\/2025-06-20\/neue-ausrichtung-der-fachhochschule-hwz\/","og_locale":"fr_FR","og_type":"article","og_title":"Neue Ausrichtung der Fachhochschule HWZ","og_description":"Die Fachhochschule HWZ richtet ihre Organisation neu aus und treibt damit ihre Weiterentwicklung gezielt voran.","og_url":"https:\/\/www.organisator.ch\/fr\/formation-continue-2\/2025-06-20\/neue-ausrichtung-der-fachhochschule-hwz\/","og_site_name":"Organisator","article_publisher":"https:\/\/www.facebook.com\/OrganisatorFachmagazin","article_published_time":"2025-06-20T06:17:38+00:00","og_image":[{"width":680,"height":529,"url":"https:\/\/www.organisator.ch\/wp-content\/uploads\/2025\/06\/Neue-Ausrichtung-der-Fachhochschule-HWZ_Organisator.jpg","type":"image\/jpeg"}],"author":"thomas.berner","twitter_card":"summary_large_image","twitter_title":"Neue Ausrichtung der #Fachhochschule #HWZ","twitter_description":"Die #Fachhochschule #HWZ richtet ihre Organisation neu aus und treibt damit ihre Weiterentwicklung gezielt voran.","twitter_image":"https:\/\/www.organisator.ch\/wp-content\/uploads\/2025\/06\/Neue-Ausrichtung-der-Fachhochschule-HWZ_Organisator.jpg","schema":{"@context":"https:\/\/schema.org","@graph":[{"@type":"Article","@id":"https:\/\/www.organisator.ch\/weiterbildung\/2025-06-20\/neue-ausrichtung-der-fachhochschule-hwz\/#article","isPartOf":{"@id":"https:\/\/www.organisator.ch\/weiterbildung\/2025-06-20\/neue-ausrichtung-der-fachhochschule-hwz\/"},"author":{"name":"thomas.berner","@id":"https:\/\/www.organisator.ch\/#\/schema\/person\/6f650f90b2842cd4c0cc334b4e36f67e"},"headline":"Neue Ausrichtung der Fachhochschule HWZ","datePublished":"2025-06-20T06:17:38+00:00","mainEntityOfPage":{"@id":"https:\/\/www.organisator.ch\/weiterbildung\/2025-06-20\/neue-ausrichtung-der-fachhochschule-hwz\/"},"wordCount":364,"publisher":{"@id":"https:\/\/www.organisator.ch\/#organization"},"image":{"@id":"https:\/\/www.organisator.ch\/weiterbildung\/2025-06-20\/neue-ausrichtung-der-fachhochschule-hwz\/#primaryimage"},"thumbnailUrl":"https:\/\/www.organisator.ch\/wp-content\/uploads\/2025\/06\/Neue-Ausrichtung-der-Fachhochschule-HWZ_Organisator.jpg","keywords":["Aus-\/Weiterbildung","Fachhochschulen","Management"],"articleSection":["WEITERBILDUNG"],"inLanguage":"fr-FR"},{"@type":"WebPage","@id":"https:\/\/www.organisator.ch\/weiterbildung\/2025-06-20\/neue-ausrichtung-der-fachhochschule-hwz\/","url":"https:\/\/www.organisator.ch\/weiterbildung\/2025-06-20\/neue-ausrichtung-der-fachhochschule-hwz\/","name":"Nouvelle orientation de la Haute \u00e9cole sp\u00e9cialis\u00e9e HWZ - Organisateur","isPartOf":{"@id":"https:\/\/www.organisator.ch\/#website"},"primaryImageOfPage":{"@id":"https:\/\/www.organisator.ch\/weiterbildung\/2025-06-20\/neue-ausrichtung-der-fachhochschule-hwz\/#primaryimage"},"image":{"@id":"https:\/\/www.organisator.ch\/weiterbildung\/2025-06-20\/neue-ausrichtung-der-fachhochschule-hwz\/#primaryimage"},"thumbnailUrl":"https:\/\/www.organisator.ch\/wp-content\/uploads\/2025\/06\/Neue-Ausrichtung-der-Fachhochschule-HWZ_Organisator.jpg","datePublished":"2025-06-20T06:17:38+00:00","description":"La haute \u00e9cole sp\u00e9cialis\u00e9e HWZ r\u00e9oriente son organisation et poursuit ainsi son d\u00e9veloppement de mani\u00e8re cibl\u00e9e.","breadcrumb":{"@id":"https:\/\/www.organisator.ch\/weiterbildung\/2025-06-20\/neue-ausrichtung-der-fachhochschule-hwz\/#breadcrumb"},"inLanguage":"fr-FR","potentialAction":[{"@type":"ReadAction","target":["https:\/\/www.organisator.ch\/weiterbildung\/2025-06-20\/neue-ausrichtung-der-fachhochschule-hwz\/"]}]},{"@type":"ImageObject","inLanguage":"fr-FR","@id":"https:\/\/www.organisator.ch\/weiterbildung\/2025-06-20\/neue-ausrichtung-der-fachhochschule-hwz\/#primaryimage","url":"https:\/\/www.organisator.ch\/wp-content\/uploads\/2025\/06\/Neue-Ausrichtung-der-Fachhochschule-HWZ_Organisator.jpg","contentUrl":"https:\/\/www.organisator.ch\/wp-content\/uploads\/2025\/06\/Neue-Ausrichtung-der-Fachhochschule-HWZ_Organisator.jpg","width":680,"height":529,"caption":"Die HWZ Hochschule f\u00fcr Wirtschaft Z\u00fcrich - hier das Hauptgeb\u00e4ude - richtet sich organisatorisch neu aus. (Bild: zVg)"},{"@type":"BreadcrumbList","@id":"https:\/\/www.organisator.ch\/weiterbildung\/2025-06-20\/neue-ausrichtung-der-fachhochschule-hwz\/#breadcrumb","itemListElement":[{"@type":"ListItem","position":1,"name":"Home","item":"https:\/\/www.organisator.ch\/"},{"@type":"ListItem","position":2,"name":"Neue Ausrichtung der Fachhochschule HWZ"}]},{"@type":"WebSite","@id":"https:\/\/www.organisator.ch\/#website","url":"https:\/\/www.organisator.ch\/","name":"Organisateur","description":"Comp\u00e9tence et comp\u00e9tence. Proches de la pratique. L'ORGANISATEUR pr\u00e9pare 10 num\u00e9ros par an sur les th\u00e8mes essentiels pour les dirigeants de PME.","publisher":{"@id":"https:\/\/www.organisator.ch\/#organization"},"potentialAction":[{"@type":"SearchAction","target":{"@type":"EntryPoint","urlTemplate":"https:\/\/www.organisator.ch\/?s={search_term_string}"},"query-input":{"@type":"PropertyValueSpecification","valueRequired":true,"valueName":"search_term_string"}}],"inLanguage":"fr-FR"},{"@type":"Organization","@id":"https:\/\/www.organisator.ch\/#organization","name":"Organisateur","url":"https:\/\/www.organisator.ch\/","logo":{"@type":"ImageObject","inLanguage":"fr-FR","@id":"https:\/\/www.organisator.ch\/#\/schema\/logo\/image\/","url":"https:\/\/www.organisator.ch\/wp-content\/uploads\/2022\/01\/Logo_Organisator_Website.png","contentUrl":"https:\/\/www.organisator.ch\/wp-content\/uploads\/2022\/01\/Logo_Organisator_Website.png","width":800,"height":77,"caption":"Organisator"},"image":{"@id":"https:\/\/www.organisator.ch\/#\/schema\/logo\/image\/"},"sameAs":["https:\/\/www.facebook.com\/OrganisatorFachmagazin","https:\/\/www.linkedin.com\/showcase\/organisator-das-magazin-fr-kmu","https:\/\/www.xing.com\/news\/pages\/organisator-ch-695","https:\/\/www.youtube.com\/channel\/UCGP2Sq0iWaZwT3BdIAQFYpw"]},{"@type":"Person","@id":"https:\/\/www.organisator.ch\/#\/schema\/person\/6f650f90b2842cd4c0cc334b4e36f67e","name":"thomas.berner","image":{"@type":"ImageObject","inLanguage":"fr-FR","@id":"https:\/\/secure.gravatar.com\/avatar\/ac5001d2a36cb6c6cd3e50789007ffca834b477b74a2144564522e944eabff61?s=96&d=mm&r=g","url":"https:\/\/secure.gravatar.com\/avatar\/ac5001d2a36cb6c6cd3e50789007ffca834b477b74a2144564522e944eabff61?s=96&d=mm&r=g","contentUrl":"https:\/\/secure.gravatar.com\/avatar\/ac5001d2a36cb6c6cd3e50789007ffca834b477b74a2144564522e944eabff61?s=96&d=mm&r=g","caption":"thomas.berner"},"url":"https:\/\/www.organisator.ch\/fr\/author\/thomas-berner\/"}]}},"_links":{"self":[{"href":"https:\/\/www.organisator.ch\/fr\/wp-json\/wp\/v2\/posts\/39165","targetHints":{"allow":["GET"]}}],"collection":[{"href":"https:\/\/www.organisator.ch\/fr\/wp-json\/wp\/v2\/posts"}],"about":[{"href":"https:\/\/www.organisator.ch\/fr\/wp-json\/wp\/v2\/types\/post"}],"author":[{"embeddable":true,"href":"https:\/\/www.organisator.ch\/fr\/wp-json\/wp\/v2\/users\/4"}],"replies":[{"embeddable":true,"href":"https:\/\/www.organisator.ch\/fr\/wp-json\/wp\/v2\/comments?post=39165"}],"version-history":[{"count":3,"href":"https:\/\/www.organisator.ch\/fr\/wp-json\/wp\/v2\/posts\/39165\/revisions"}],"predecessor-version":[{"id":39222,"href":"https:\/\/www.organisator.ch\/fr\/wp-json\/wp\/v2\/posts\/39165\/revisions\/39222"}],"wp:featuredmedia":[{"embeddable":true,"href":"https:\/\/www.organisator.ch\/fr\/wp-json\/wp\/v2\/media\/39166"}],"wp:attachment":[{"href":"https:\/\/www.organisator.ch\/fr\/wp-json\/wp\/v2\/media?parent=39165"}],"wp:term":[{"taxonomy":"category","embeddable":true,"href":"https:\/\/www.organisator.ch\/fr\/wp-json\/wp\/v2\/categories?post=39165"},{"taxonomy":"post_tag","embeddable":true,"href":"https:\/\/www.organisator.ch\/fr\/wp-json\/wp\/v2\/tags?post=39165"}],"curies":[{"name":"wp","href":"https:\/\/api.w.org\/{rel}","templated":true}]}}