{"id":39224,"date":"2025-06-23T22:39:03","date_gmt":"2025-06-23T20:39:03","guid":{"rendered":"https:\/\/www.markt-kom.com\/?p=236534"},"modified":"2025-06-24T08:09:44","modified_gmt":"2025-06-24T06:09:44","slug":"markenkongress-2025-ki-content-kulturwandel","status":"publish","type":"post","link":"https:\/\/www.organisator.ch\/fr\/marketing\/2025-06-23\/markenkongress-2025-ki-content-kulturwandel\/","title":{"rendered":"Congr\u00e8s des marques 2025 : IA, contenu, changement culturel"},"content":{"rendered":"<p data-start=\"434\" data-end=\"871\"><a href=\"https:\/\/www.markt-kom.com\/wp-content\/uploads\/2025\/06\/Beitragscover-43-79.png\"><img class=\"alignnone size-full wp-image-236549\" src=\"https:\/\/www.markt-kom.com\/wp-content\/uploads\/2025\/06\/Beitragscover-43-79.png\" sizes=\"(max-width: 1024px) 100vw, 1024px\" srcset=\"https:\/\/www.markt-kom.com\/wp-content\/uploads\/2025\/06\/Beitragscover-43-79.png 1024w, https:\/\/www.markt-kom.com\/wp-content\/uploads\/2025\/06\/Beitragscover-43-79-600x450.png 600w, https:\/\/www.markt-kom.com\/wp-content\/uploads\/2025\/06\/Beitragscover-43-79-768x576.png 768w, https:\/\/www.markt-kom.com\/wp-content\/uploads\/2025\/06\/Beitragscover-43-79-16x12.png 16w, https:\/\/www.markt-kom.com\/wp-content\/uploads\/2025\/06\/Beitragscover-43-79-233x175.png 233w, https:\/\/www.markt-kom.com\/wp-content\/uploads\/2025\/06\/Beitragscover-43-79-467x350.png 467w, https:\/\/www.markt-kom.com\/wp-content\/uploads\/2025\/06\/Beitragscover-43-79-1000x750.png 1000w\" alt=\"\" width=\"1024\" height=\"768\" \/><\/a><\/p>\r\n<p data-start=\"434\" data-end=\"871\">Sur les hauteurs de la ville, avec vue sur le lac et les Alpes, l'\u00e9lite des marques s'est r\u00e9unie au Dolder Grand. Le Congr\u00e8s suisse des marques a r\u00e9uni une fois de plus quelque 650 cadres, chefs d'agence et experts en marques pour discuter de ce qui rend les marques fortes aujourd'hui et irrempla\u00e7ables demain. En pleine p\u00e9riode de changements exponentiels, il est apparu clairement que celui qui dirige des marques a besoin de clairvoyance - sur le plan technologique, culturel et cr\u00e9atif.<\/p>\r\n<h3 data-start=\"878\" data-end=\"942\">Une excellente gestion de la marque - de Malters et de la HSG<\/h3>\r\n<p data-start=\"944\" data-end=\"1060\">Deux personnalit\u00e9s ont \u00e9t\u00e9 mises en avant lors de la remise des prix des marques de la Swiss Academy of Marketing Science :<\/p>\r\n<p data-start=\"1062\" data-end=\"1550\"><strong data-start=\"1062\" data-end=\"1077\">Marc Gl\u00e4ser<\/strong>Le CEO de St\u00f6ckli Swiss Sports AG a re\u00e7u le \"Marketing Thought Leader Award\" 2025. Son bilan : la focalisation cons\u00e9quente de l'entreprise sur le ski, associ\u00e9e \u00e0 une strat\u00e9gie d'excellence port\u00e9e par le travail manuel, la force d'innovation et les athl\u00e8tes. Sous sa direction, St\u00f6ckli est pass\u00e9 d'une vaste marque d'articles de sport \u00e0 un fournisseur hautement sp\u00e9cialis\u00e9 de skis haut de gamme - avec Marco Odermatt comme t\u00e9moin lumineux.<\/p>\r\n<figure id=\"attachment_236536\" class=\"wp-caption alignnone\" style=\"width: 1300px;\" aria-describedby=\"caption-attachment-236536\"><a href=\"https:\/\/www.markt-kom.com\/wp-content\/uploads\/2025\/06\/Schweizer-Markenkogress-mit-Marc-Glaeser-CEO-Stoeckli-Swiss-Sports-AG-Prof.-Dr.-Johanna-Gollnhofer-von-der-Universitaet-St.-Gallen-scaled.jpg\"><img class=\"size-full wp-image-236536\" src=\"https:\/\/www.markt-kom.com\/wp-content\/uploads\/2025\/06\/Schweizer-Markenkogress-mit-Marc-Glaeser-CEO-Stoeckli-Swiss-Sports-AG-Prof.-Dr.-Johanna-Gollnhofer-von-der-Universitaet-St.-Gallen-scaled.jpg\" sizes=\"(max-width: 1300px) 100vw, 1300px\" srcset=\"https:\/\/www.markt-kom.com\/wp-content\/uploads\/2025\/06\/Schweizer-Markenkogress-mit-Marc-Glaeser-CEO-Stoeckli-Swiss-Sports-AG-Prof.-Dr.-Johanna-Gollnhofer-von-der-Universitaet-St.-Gallen-scaled.jpg 1300w, https:\/\/www.markt-kom.com\/wp-content\/uploads\/2025\/06\/Schweizer-Markenkogress-mit-Marc-Glaeser-CEO-Stoeckli-Swiss-Sports-AG-Prof.-Dr.-Johanna-Gollnhofer-von-der-Universitaet-St.-Gallen-600x400.jpg 600w, https:\/\/www.markt-kom.com\/wp-content\/uploads\/2025\/06\/Schweizer-Markenkogress-mit-Marc-Glaeser-CEO-Stoeckli-Swiss-Sports-AG-Prof.-Dr.-Johanna-Gollnhofer-von-der-Universitaet-St.-Gallen-1024x683.jpg 1024w, https:\/\/www.markt-kom.com\/wp-content\/uploads\/2025\/06\/Schweizer-Markenkogress-mit-Marc-Glaeser-CEO-Stoeckli-Swiss-Sports-AG-Prof.-Dr.-Johanna-Gollnhofer-von-der-Universitaet-St.-Gallen-768x512.jpg 768w, https:\/\/www.markt-kom.com\/wp-content\/uploads\/2025\/06\/Schweizer-Markenkogress-mit-Marc-Glaeser-CEO-Stoeckli-Swiss-Sports-AG-Prof.-Dr.-Johanna-Gollnhofer-von-der-Universitaet-St.-Gallen-1536x1024.jpg 1536w, https:\/\/www.markt-kom.com\/wp-content\/uploads\/2025\/06\/Schweizer-Markenkogress-mit-Marc-Glaeser-CEO-Stoeckli-Swiss-Sports-AG-Prof.-Dr.-Johanna-Gollnhofer-von-der-Universitaet-St.-Gallen-2048x1365.jpg 2048w, https:\/\/www.markt-kom.com\/wp-content\/uploads\/2025\/06\/Schweizer-Markenkogress-mit-Marc-Glaeser-CEO-Stoeckli-Swiss-Sports-AG-Prof.-Dr.-Johanna-Gollnhofer-von-der-Universitaet-St.-Gallen-18x12.jpg 18w, https:\/\/www.markt-kom.com\/wp-content\/uploads\/2025\/06\/Schweizer-Markenkogress-mit-Marc-Glaeser-CEO-Stoeckli-Swiss-Sports-AG-Prof.-Dr.-Johanna-Gollnhofer-von-der-Universitaet-St.-Gallen-263x175.jpg 263w, https:\/\/www.markt-kom.com\/wp-content\/uploads\/2025\/06\/Schweizer-Markenkogress-mit-Marc-Glaeser-CEO-Stoeckli-Swiss-Sports-AG-Prof.-Dr.-Johanna-Gollnhofer-von-der-Universitaet-St.-Gallen-525x350.jpg 525w, https:\/\/www.markt-kom.com\/wp-content\/uploads\/2025\/06\/Schweizer-Markenkogress-mit-Marc-Glaeser-CEO-Stoeckli-Swiss-Sports-AG-Prof.-Dr.-Johanna-Gollnhofer-von-der-Universitaet-St.-Gallen-1000x667.jpg 1000w\" alt=\"\" width=\"1300\" height=\"866\" \/><\/a>\r\n<figcaption id=\"caption-attachment-236536\" class=\"wp-caption-text\">Ont re\u00e7u des prix de marketing : Marc Gl\u00e4ser (CEO St\u00f6ckli Swiss Sports AG) et le professeur Dr Johanna Gollnhofer de l'Universit\u00e9 de Saint-Gall.<\/figcaption>\r\n<\/figure>\r\n<p data-start=\"1552\" data-end=\"2021\"><strong data-start=\"1552\" data-end=\"1584\">Prof Dr Johanna Gollnhofer<\/strong>La chercheuse en consommation \u00e0 la HSG a re\u00e7u le \"Rigor &amp; Relevance Research Award\". Ses \u00e9tudes sur la \"consommation en abondance\" montrent \u00e0 quel point les objets mat\u00e9riels sont li\u00e9s \u00e0 l'ordre, \u00e0 l'identit\u00e9 et au soutien \u00e9motionnel - un th\u00e8me que m\u00eame les marques ne peuvent pas ignorer. Sa conclusion : les armoires pleines en disent plus sur nous que nous ne le pensons. Pour les marques, cela signifie que si l'on veut comprendre comment les gens ach\u00e8tent, il faut comprendre comment ils vivent.<\/p>\r\n<figure id=\"attachment_236539\" class=\"wp-caption alignnone\" style=\"width: 1400px;\" aria-describedby=\"caption-attachment-236539\"><a href=\"https:\/\/www.markt-kom.com\/wp-content\/uploads\/2025\/06\/Fotos_Gabriele_Griessenboeck_01212-scaled.jpg\"><img class=\"size-full wp-image-236539\" src=\"https:\/\/www.markt-kom.com\/wp-content\/uploads\/2025\/06\/Fotos_Gabriele_Griessenboeck_01212-scaled.jpg\" sizes=\"(max-width: 1400px) 100vw, 1400px\" srcset=\"https:\/\/www.markt-kom.com\/wp-content\/uploads\/2025\/06\/Fotos_Gabriele_Griessenboeck_01212-scaled.jpg 1300w, https:\/\/www.markt-kom.com\/wp-content\/uploads\/2025\/06\/Fotos_Gabriele_Griessenboeck_01212-600x400.jpg 600w, https:\/\/www.markt-kom.com\/wp-content\/uploads\/2025\/06\/Fotos_Gabriele_Griessenboeck_01212-1024x683.jpg 1024w, https:\/\/www.markt-kom.com\/wp-content\/uploads\/2025\/06\/Fotos_Gabriele_Griessenboeck_01212-768x512.jpg 768w, https:\/\/www.markt-kom.com\/wp-content\/uploads\/2025\/06\/Fotos_Gabriele_Griessenboeck_01212-1536x1024.jpg 1536w, https:\/\/www.markt-kom.com\/wp-content\/uploads\/2025\/06\/Fotos_Gabriele_Griessenboeck_01212-2048x1365.jpg 2048w, https:\/\/www.markt-kom.com\/wp-content\/uploads\/2025\/06\/Fotos_Gabriele_Griessenboeck_01212-18x12.jpg 18w, https:\/\/www.markt-kom.com\/wp-content\/uploads\/2025\/06\/Fotos_Gabriele_Griessenboeck_01212-263x175.jpg 263w, https:\/\/www.markt-kom.com\/wp-content\/uploads\/2025\/06\/Fotos_Gabriele_Griessenboeck_01212-525x350.jpg 525w, https:\/\/www.markt-kom.com\/wp-content\/uploads\/2025\/06\/Fotos_Gabriele_Griessenboeck_01212-1000x667.jpg 1000w\" alt=\"\" width=\"1400\" height=\"933\" \/><\/a>\r\n<figcaption id=\"caption-attachment-236539\" class=\"wp-caption-text\">Reto Hofstetter (Universit\u00e9 de Lucerne), Marc Gl\u00e4ser (CEO St\u00f6ckli Swiss Sports AG), Johanna Gollnhofer de l'Universit\u00e9 de Saint-Gall avec Stephan Feige, CEO htp Saint-Gall (de gauche \u00e0 droite).<\/figcaption>\r\n<\/figure>\r\n<h3 data-start=\"2028\" data-end=\"2092\">L'IA chez Beiersdorf : une transformation structur\u00e9e plut\u00f4t qu'un battage m\u00e9diatique<\/h3>\r\n<p data-start=\"2094\" data-end=\"2520\">L'\u00e9tendue de l'utilisation de l'IA dans les entreprises a \u00e9t\u00e9 d\u00e9montr\u00e9e <strong data-start=\"2158\" data-end=\"2178\">Jasmin Quellmann<\/strong>responsable de MarTech &amp; AI chez <strong data-start=\"2205\" data-end=\"2219\">Beiersdorf<\/strong>dans l'une des pr\u00e9sentations les plus impressionnantes de la journ\u00e9e. L'entreprise hambourgeoise traditionnelle \u00e0 l'origine de marques telles que Nivea, Eucerin ou Labello ne mise pas sur des tests en vrac, mais sur un framework bien pens\u00e9 appel\u00e9 <strong data-start=\"2428\" data-end=\"2437\">\"Amy\"<\/strong> - une combinaison d'excellence technologique et de gestion du changement interne.<\/p>\r\n<figure id=\"attachment_236543\" class=\"wp-caption alignnone\" style=\"width: 1300px;\" aria-describedby=\"caption-attachment-236543\"><a href=\"https:\/\/www.markt-kom.com\/wp-content\/uploads\/2025\/06\/IMG_1139-scaled.jpg\"><img class=\"size-full wp-image-236543\" src=\"https:\/\/www.markt-kom.com\/wp-content\/uploads\/2025\/06\/IMG_1139-scaled.jpg\" sizes=\"(max-width: 1300px) 100vw, 1300px\" srcset=\"https:\/\/www.markt-kom.com\/wp-content\/uploads\/2025\/06\/IMG_1139-scaled.jpg 1300w, https:\/\/www.markt-kom.com\/wp-content\/uploads\/2025\/06\/IMG_1139-600x338.jpg 600w, https:\/\/www.markt-kom.com\/wp-content\/uploads\/2025\/06\/IMG_1139-1024x576.jpg 1024w, https:\/\/www.markt-kom.com\/wp-content\/uploads\/2025\/06\/IMG_1139-768x432.jpg 768w, https:\/\/www.markt-kom.com\/wp-content\/uploads\/2025\/06\/IMG_1139-1536x864.jpg 1536w, https:\/\/www.markt-kom.com\/wp-content\/uploads\/2025\/06\/IMG_1139-2048x1152.jpg 2048w, https:\/\/www.markt-kom.com\/wp-content\/uploads\/2025\/06\/IMG_1139-18x10.jpg 18w, https:\/\/www.markt-kom.com\/wp-content\/uploads\/2025\/06\/IMG_1139-311x175.jpg 311w, https:\/\/www.markt-kom.com\/wp-content\/uploads\/2025\/06\/IMG_1139-622x350.jpg 622w, https:\/\/www.markt-kom.com\/wp-content\/uploads\/2025\/06\/IMG_1139-1000x563.jpg 1000w\" alt=\"\" width=\"1300\" height=\"732\" \/><\/a>\r\n<figcaption id=\"caption-attachment-236543\" class=\"wp-caption-text\">Congr\u00e8s suisse des marques 2025 avec Jasmin Quellmann, Head of MarTech &amp; AI, Beiersdorf<\/figcaption>\r\n<\/figure>\r\n<p data-start=\"2522\" data-end=\"2966\">Amy est l'acronyme de \"AI\" et \"me\" - le lien conscient entre la technologie et l'\u00eatre humain. Plus de 40 cas d'utilisation concrets ont \u00e9t\u00e9 identifi\u00e9s, valid\u00e9s et \u00e9valu\u00e9s dans le cadre d'un processus de gouvernance structur\u00e9. Ils vont de la reconnaissance intelligente de caract\u00e8res dans les syst\u00e8mes DAM au storyboarding assist\u00e9 par l'IA avec des outils comme Bria, en passant par les directives \u00e9thiques pour les images g\u00e9n\u00e9r\u00e9es par l'IA, notamment dans des domaines sensibles comme la repr\u00e9sentation de la peau.<\/p>\r\n<p data-start=\"2522\" data-end=\"2966\"><a href=\"https:\/\/www.markt-kom.com\/wp-content\/uploads\/2025\/06\/IMG_1149-scaled.jpg\"><img class=\"alignnone size-full wp-image-236545\" src=\"https:\/\/www.markt-kom.com\/wp-content\/uploads\/2025\/06\/IMG_1149-scaled.jpg\" sizes=\"(max-width: 1400px) 100vw, 1400px\" srcset=\"https:\/\/www.markt-kom.com\/wp-content\/uploads\/2025\/06\/IMG_1149-scaled.jpg 1300w, https:\/\/www.markt-kom.com\/wp-content\/uploads\/2025\/06\/IMG_1149-600x450.jpg 600w, https:\/\/www.markt-kom.com\/wp-content\/uploads\/2025\/06\/IMG_1149-1024x768.jpg 1024w, https:\/\/www.markt-kom.com\/wp-content\/uploads\/2025\/06\/IMG_1149-768x576.jpg 768w, https:\/\/www.markt-kom.com\/wp-content\/uploads\/2025\/06\/IMG_1149-1536x1152.jpg 1536w, https:\/\/www.markt-kom.com\/wp-content\/uploads\/2025\/06\/IMG_1149-2048x1536.jpg 2048w, https:\/\/www.markt-kom.com\/wp-content\/uploads\/2025\/06\/IMG_1149-16x12.jpg 16w, https:\/\/www.markt-kom.com\/wp-content\/uploads\/2025\/06\/IMG_1149-233x175.jpg 233w, https:\/\/www.markt-kom.com\/wp-content\/uploads\/2025\/06\/IMG_1149-467x350.jpg 467w, https:\/\/www.markt-kom.com\/wp-content\/uploads\/2025\/06\/IMG_1149-1000x750.jpg 1000w\" alt=\"\" width=\"1400\" height=\"1050\" \/><\/a><\/p>\r\n<p data-start=\"2522\" data-end=\"2966\"><a href=\"https:\/\/www.markt-kom.com\/wp-content\/uploads\/2025\/06\/IMG_1141-scaled.jpg\"><img class=\"alignnone size-full wp-image-236544\" src=\"https:\/\/www.markt-kom.com\/wp-content\/uploads\/2025\/06\/IMG_1141-scaled.jpg\" sizes=\"(max-width: 1400px) 100vw, 1400px\" srcset=\"https:\/\/www.markt-kom.com\/wp-content\/uploads\/2025\/06\/IMG_1141-scaled.jpg 1300w, https:\/\/www.markt-kom.com\/wp-content\/uploads\/2025\/06\/IMG_1141-600x338.jpg 600w, https:\/\/www.markt-kom.com\/wp-content\/uploads\/2025\/06\/IMG_1141-1024x576.jpg 1024w, https:\/\/www.markt-kom.com\/wp-content\/uploads\/2025\/06\/IMG_1141-768x432.jpg 768w, https:\/\/www.markt-kom.com\/wp-content\/uploads\/2025\/06\/IMG_1141-1536x864.jpg 1536w, https:\/\/www.markt-kom.com\/wp-content\/uploads\/2025\/06\/IMG_1141-2048x1152.jpg 2048w, https:\/\/www.markt-kom.com\/wp-content\/uploads\/2025\/06\/IMG_1141-18x10.jpg 18w, https:\/\/www.markt-kom.com\/wp-content\/uploads\/2025\/06\/IMG_1141-311x175.jpg 311w, https:\/\/www.markt-kom.com\/wp-content\/uploads\/2025\/06\/IMG_1141-622x350.jpg 622w, https:\/\/www.markt-kom.com\/wp-content\/uploads\/2025\/06\/IMG_1141-1000x563.jpg 1000w\" alt=\"\" width=\"1400\" height=\"788\" \/><\/a><\/p>\r\n<p data-start=\"2968\" data-end=\"3192\">Beiersdorf poursuit un objectif clair : l'IA ne doit pas seulement apporter de l'efficacit\u00e9, mais aussi cr\u00e9er de l'espace pour plus de cr\u00e9ativit\u00e9 - gr\u00e2ce \u00e0 l'automatisation des t\u00e2ches r\u00e9p\u00e9titives et \u00e0 de meilleurs insights issus de la R&amp;D et des \u00e9tudes de march\u00e9.<\/p>\r\n<p data-start=\"3194\" data-end=\"3513\">L'exemple de la localisation des visuels de produits a \u00e9t\u00e9 un moment fort : l\u00e0 o\u00f9 il fallait auparavant cr\u00e9er manuellement des dizaines de variantes, l'IA g\u00e9n\u00e8re aujourd'hui en quelques secondes des formats localis\u00e9s, par exemple pour le commerce \u00e9lectronique ou les m\u00e9dias sociaux. L'IA est \u00e9galement utilis\u00e9e de mani\u00e8re cibl\u00e9e pour les voix off, la gestion des droits des mod\u00e8les et l'assurance qualit\u00e9.<\/p>\r\n<p data-start=\"3515\" data-end=\"3808\">Mais Quellmann a aussi \u00e9t\u00e9 clair : plus de 50 % de tous les projets d'IA \u00e9chouent. Les raisons sont le manque d'ad\u00e9quation, les risques juridiques ou le manque d'int\u00e9gration. \"L'IA n'est pas un cheval de dressage\", a-t-elle d\u00e9clar\u00e9, \"c'est une chevauch\u00e9e sauvage. Mais une qui en vaut la peine - si l'on est pr\u00eat \u00e0 prendre des responsabilit\u00e9s\".<\/p>\r\n<h3 data-start=\"3815\" data-end=\"3866\">Publicis : Campaigning au rythme des algorithmes<\/h3>\r\n<p data-start=\"3868\" data-end=\"4202\">M\u00eame pour <strong data-start=\"3877\" data-end=\"3889\">Publicis<\/strong> l'IA n'est plus un exercice libre, mais fait partie des activit\u00e9s quotidiennes. <strong data-start=\"3946\" data-end=\"3964\">Pascal Winkler<\/strong>, Chief Strategy Officer du groupe, a dress\u00e9 un tableau clair de la nouvelle r\u00e9alit\u00e9 : le parcours du consommateur est fragment\u00e9, les plateformes d\u00e9cident de ce qui est vu - et non plus les marques. Ceux qui pensent encore aujourd'hui en termes de plans annuels sont perdants.<\/p>\r\n<p data-start=\"3868\" data-end=\"4202\"><a href=\"https:\/\/www.markt-kom.com\/wp-content\/uploads\/2025\/06\/IMG_1092-scaled.jpg\"><img class=\"alignnone size-full wp-image-236551\" src=\"https:\/\/www.markt-kom.com\/wp-content\/uploads\/2025\/06\/IMG_1092-scaled.jpg\" sizes=\"(max-width: 1400px) 100vw, 1400px\" srcset=\"https:\/\/www.markt-kom.com\/wp-content\/uploads\/2025\/06\/IMG_1092-scaled.jpg 1300w, https:\/\/www.markt-kom.com\/wp-content\/uploads\/2025\/06\/IMG_1092-600x338.jpg 600w, https:\/\/www.markt-kom.com\/wp-content\/uploads\/2025\/06\/IMG_1092-1024x576.jpg 1024w, https:\/\/www.markt-kom.com\/wp-content\/uploads\/2025\/06\/IMG_1092-768x432.jpg 768w, https:\/\/www.markt-kom.com\/wp-content\/uploads\/2025\/06\/IMG_1092-1536x864.jpg 1536w, https:\/\/www.markt-kom.com\/wp-content\/uploads\/2025\/06\/IMG_1092-2048x1152.jpg 2048w, https:\/\/www.markt-kom.com\/wp-content\/uploads\/2025\/06\/IMG_1092-18x10.jpg 18w, https:\/\/www.markt-kom.com\/wp-content\/uploads\/2025\/06\/IMG_1092-311x175.jpg 311w, https:\/\/www.markt-kom.com\/wp-content\/uploads\/2025\/06\/IMG_1092-622x350.jpg 622w, https:\/\/www.markt-kom.com\/wp-content\/uploads\/2025\/06\/IMG_1092-1000x563.jpg 1000w\" alt=\"\" width=\"1400\" height=\"788\" \/><\/a><\/p>\r\n<p data-start=\"4204\" data-end=\"4692\">Publicis a donc travaill\u00e9 avec <strong data-start=\"4229\" data-end=\"4246\">\"Jane Canvas\"<\/strong> a d\u00e9velopp\u00e9 un outil qui orchestre l'ensemble du processus cr\u00e9atif - de l'insight \u00e0 la r\u00e9alisation visuelle en passant par la conception. Gr\u00e2ce \u00e0 des outils d'IA centralis\u00e9s, les campagnes peuvent \u00eatre cr\u00e9\u00e9es de mani\u00e8re it\u00e9rative, test\u00e9es plus rapidement et adapt\u00e9es en s\u00e9rie. La combinaison de l'IA g\u00e9n\u00e9tique, de l'IA analytique et de l'intelligence m\u00e9dia cr\u00e9e de nouvelles possibilit\u00e9s - par exemple dans l'analyse post-campagne, o\u00f9 un mod\u00e8le de mix commercial calcule le meilleur retour sur investissement pour tous les canaux.<\/p>\r\n<p data-start=\"4694\" data-end=\"4829\">Le message : la cr\u00e9ativit\u00e9 reste humaine, mais elle se transforme. Non pas en y renon\u00e7ant, mais en adoptant une nouvelle approche des id\u00e9es.<\/p>\r\n<h3 data-start=\"4836\" data-end=\"4880\">Lindt : entre stretch et stabilit\u00e9<\/h3>\r\n<p data-start=\"4882\" data-end=\"5203\"><strong data-start=\"4882\" data-end=\"4899\">Andrea H\u00e4nggi<\/strong> de Lindt a donn\u00e9 un aper\u00e7u de la fa\u00e7on dont la marque de tradition <strong data-start=\"4955\" data-end=\"4985\">Score d'innovation de 13,2 %<\/strong> a pu augmenter son chiffre d'affaires, notamment gr\u00e2ce \u00e0 la campagne d'affichage <strong data-start=\"5049\" data-end=\"5071\">\"Chocolat de Duba\u00ef\"<\/strong>. L'action a touch\u00e9 la corde sensible d'un groupe cible plus jeune et a montr\u00e9 que m\u00eame les marques \u00e9tablies sont capables de donner une impulsion culturelle.<\/p>\r\n<p><iframe title=\"Lindt : entre stretch et stabilit\u00e9. En discussion au Markenkongress avec Andrea H\u00e4nggi\" src=\"https:\/\/www.youtube.com\/embed\/hTa28su0i9g?feature=oembed\" width=\"768\" height=\"432\" frameborder=\"0\" allowfullscreen=\"allowfullscreen\"><\/iframe><\/p>\r\n<p data-start=\"5205\" data-end=\"5501\">Selon H\u00e4nggi, il s'agit n\u00e9anmoins d'un exercice d'\u00e9quilibre : la collaboration avec les cr\u00e9ateurs exige des briefings clairs, des espaces de libert\u00e9 - mais aussi des droits de veto. Lindt veut rester \u00e0 la pointe du progr\u00e8s, sans pour autant perdre la structure de sa marque. <strong data-start=\"5411\" data-end=\"5431\">\u00c9coute sociale<\/strong> reste centrale - de nouvelles campagnes sont ouvertes, mais ne sont pas des succ\u00e8s en soi.<\/p>\r\n<h3 data-start=\"5508\" data-end=\"5569\">Post-advertising : le crossmedia au c\u0153ur de l'action<\/h3>\r\n<p data-start=\"5571\" data-end=\"5815\">Pour <strong data-start=\"5575\" data-end=\"5596\">Sabrina Wettstein<\/strong>, repr\u00e9sentante du sponsor principal <strong data-start=\"5628\" data-end=\"5647\">Post Publicit\u00e9<\/strong>Le congr\u00e8s est un \"\u00e9v\u00e9nement strat\u00e9gique de base\". Depuis trois ans, on sent que le partenariat porte ses fruits, tant sur le plan commercial que culturel.<\/p>\r\n<p><iframe title=\"Postadvertising : le crossmedia au c\u0153ur de l&#039;action. Sabrina Wettstein dans le talk de m&amp;k\" src=\"https:\/\/www.youtube.com\/embed\/w3YfvJiI2sY?feature=oembed\" width=\"768\" height=\"432\" frameborder=\"0\" allowfullscreen=\"allowfullscreen\"><\/iframe><\/p>\r\n<p data-start=\"5817\" data-end=\"6232\">Avec des apparitions et des dialogues forts - comme avec <strong data-start=\"5864\" data-end=\"5904\">Denner sur le th\u00e8me de la Customer Centricity<\/strong> - Post Advertising se pr\u00e9sente comme un prestataire cross-m\u00e9dia proche de la vente au d\u00e9tail et de l'image anim\u00e9e. Le th\u00e8me <strong data-start=\"6007\" data-end=\"6023\">M\u00e9dias de vente au d\u00e9tail<\/strong>Selon Wettstein, la passion pour les nouvelles campagnes est omnipr\u00e9sente. L'inspiration et le r\u00e9seautage se combinent id\u00e9alement au Dolder : \"On rencontre des visages connus - et on gagne de nouveaux clients\".<\/p>\r\n<h3 data-start=\"6239\" data-end=\"6291\">ESB : La r\u00e9volution ne doit pas \u00eatre pr\u00e9cipit\u00e9e<\/h3>\r\n<p data-start=\"6293\" data-end=\"6424\"><strong data-start=\"6293\" data-end=\"6315\">Hans-Willy Brockes<\/strong>, organisateur et CEO du <strong data-start=\"6342\" data-end=\"6369\">R\u00e9seau marketing ESB<\/strong>Il a plaid\u00e9 pour que l'on garde les id\u00e9es claires en ces temps troubl\u00e9s :<\/p>\r\n<blockquote data-start=\"6425\" data-end=\"6518\">\r\n<p data-start=\"6427\" data-end=\"6518\">\"Nous sommes au milieu d'une r\u00e9volution - mais le grand art est de rester calme\".<\/p>\r\n<\/blockquote>\r\n<p data-start=\"6520\" data-end=\"6813\">Le monde du marketing est plus complexe que jamais. Il n'y aurait plus \"le\" temps fort, mais une multitude de th\u00e8mes pertinents - de l'IA au live marketing en passant par la bionique. Le danger ? Se disperser. Brockes a conseill\u00e9 de fixer des priorit\u00e9s et d'avancer pas \u00e0 pas dans le nouveau monde.<\/p>\r\n<p><iframe title=\"Hans-Willy Brockes, organisateur et CEO du r\u00e9seau marketing ESB dans le talk d&#039;accueil de m&amp;k\" src=\"https:\/\/www.youtube.com\/embed\/1G2UWvZnM-U?feature=oembed\" width=\"768\" height=\"432\" frameborder=\"0\" allowfullscreen=\"allowfullscreen\"><\/iframe><\/p>\r\n<p data-start=\"6815\" data-end=\"7151\">Son rappel sur la cr\u00e9ativit\u00e9 est venu sans IA : \"Les meilleures id\u00e9es ne viennent pas de mod\u00e8les, mais de vrais cerveaux\". Et sa marque personnelle pr\u00e9f\u00e9r\u00e9e ? <strong data-start=\"6969\" data-end=\"6981\">Red Bull<\/strong> - en raison de la coh\u00e9rence avec laquelle elle cr\u00e9e des univers avec l'\u00e9motion, l'exp\u00e9rience et le sponsoring. \"Je m'\u00e9tonne que personne ou presque ne l'imite - mais c'est peut-\u00eatre aussi une bonne chose\".<\/p>\r\n<h3 data-start=\"7158\" data-end=\"7196\">La marque en tant que syst\u00e8me culturel<\/h3>\r\n<p data-start=\"7198\" data-end=\"7555\"><strong data-start=\"7198\" data-end=\"7213\">Anina Segat<\/strong> (MetaDesign) et <strong data-start=\"7231\" data-end=\"7249\">Marko Bjelonic<\/strong> (RIVR) ont conclu en discutant de la mani\u00e8re dont la gestion de la marque peut \u00eatre repens\u00e9e \u00e0 l'\u00e8re de l'IA - non pas en tant que purement communicationnelle, mais en tant qu'\u00e9l\u00e9ment de la marque. <strong data-start=\"7387\" data-end=\"7409\">mission culturelle<\/strong>. Les marques sont des interfaces entre l'homme, la technologie et la soci\u00e9t\u00e9. Pour bien les g\u00e9rer, il faut plus que des outils - il faut une attitude.<\/p>\r\n<p><iframe title=\"La marque comme syst\u00e8me culturel - Dans le m&amp;k-Talk avec Anina Segat (MetaDesign) au Congr\u00e8s des marques 2025\" src=\"https:\/\/www.youtube.com\/embed\/pt2OgBq5rRU?feature=oembed\" width=\"768\" height=\"432\" frameborder=\"0\" allowfullscreen=\"allowfullscreen\"><\/iframe><\/p>\r\n<h3 data-start=\"7562\" data-end=\"7573\">Conclusion<\/h3>\r\n<p data-start=\"7574\" data-end=\"7944\">Le Congr\u00e8s suisse des marques 2025 l'a montr\u00e9 de mani\u00e8re impressionnante : Aujourd'hui, la gestion des marques n'est plus une activit\u00e9 lin\u00e9aire, mais un processus \u00e0 plusieurs voix. IA, changement culturel, nouveaux Touchpoints - tout change. Ce qui reste, c'est l'importance de l'attitude, de la cr\u00e9ativit\u00e9 et de la structure. Et c'est peut-\u00eatre justement cette vue depuis le Z\u00fcrichberg qui aide \u00e0 voir l'ensemble.<\/p>","protected":false},"excerpt":{"rendered":"<p>Lors du Congr\u00e8s suisse des marques 2025, il est apparu clairement que l'intelligence artificielle ne modifie pas seulement le comment, mais aussi le quoi de la gestion des marques. Pour r\u00e9ussir, il faut de la clart\u00e9 dans le Purpose, de la pr\u00e9cision dans le processus - et le courage de se r\u00e9orienter.<\/p>","protected":false},"author":8,"featured_media":0,"comment_status":"closed","ping_status":"closed","sticky":false,"template":"","format":"standard","meta":{"_acf_changed":false,"_yoast_wpseo_focuskw":"Markenkongress","_yoast_wpseo_metadesc":"Beim Schweizer Markenkongress 2025 wurde klar: K\u00fcnstliche Intelligenz ver\u00e4ndert nicht nur das Wie, sondern auch das Was der Markenf\u00fchrung.","articlekey":"","footnotes":""},"categories":[29],"tags":[4348,4343,2817],"class_list":["post-39224","post","type-post","status-publish","format-standard","hentry","category-marketing","tag-mk-format","tag-markom","tag-schweizer-markenkongress"],"acf":[],"yoast_head":"<!-- This site is optimized with the Yoast SEO plugin v27.4 - https:\/\/yoast.com\/product\/yoast-seo-wordpress\/ -->\n<title>Markenkongress 2025: KI, Content, Kulturwandel - Organisator<\/title>\n<meta name=\"description\" content=\"Beim Schweizer Markenkongress 2025 wurde klar: K\u00fcnstliche Intelligenz ver\u00e4ndert nicht nur das Wie, sondern auch das Was der Markenf\u00fchrung.\" \/>\n<meta name=\"robots\" content=\"index, follow, max-snippet:-1, max-image-preview:large, max-video-preview:-1\" \/>\n<link rel=\"canonical\" href=\"https:\/\/www.organisator.ch\/fr\/marketing\/2025-06-23\/markenkongress-2025-ki-content-kulturwandel\/\" \/>\n<meta property=\"og:locale\" content=\"fr_FR\" \/>\n<meta property=\"og:type\" content=\"article\" \/>\n<meta property=\"og:title\" content=\"Markenkongress 2025: KI, Content, Kulturwandel - Organisator\" \/>\n<meta property=\"og:description\" content=\"Beim Schweizer Markenkongress 2025 wurde klar: K\u00fcnstliche Intelligenz ver\u00e4ndert nicht nur das Wie, sondern auch das Was der Markenf\u00fchrung.\" \/>\n<meta property=\"og:url\" content=\"https:\/\/www.organisator.ch\/fr\/marketing\/2025-06-23\/markenkongress-2025-ki-content-kulturwandel\/\" \/>\n<meta property=\"og:site_name\" content=\"Organisator\" \/>\n<meta property=\"article:publisher\" content=\"https:\/\/www.facebook.com\/OrganisatorFachmagazin\" \/>\n<meta property=\"article:published_time\" content=\"2025-06-23T20:39:03+00:00\" \/>\n<meta property=\"article:modified_time\" content=\"2025-06-24T06:09:44+00:00\" \/>\n<meta name=\"author\" content=\"galledia\" \/>\n<meta name=\"twitter:card\" content=\"summary_large_image\" \/>\n<meta name=\"twitter:creator\" content=\"@admin\" \/>\n<script type=\"application\/ld+json\" class=\"yoast-schema-graph\">{\"@context\":\"https:\\\/\\\/schema.org\",\"@graph\":[{\"@type\":\"Article\",\"@id\":\"https:\\\/\\\/www.organisator.ch\\\/marketing\\\/2025-06-23\\\/markenkongress-2025-ki-content-kulturwandel\\\/#article\",\"isPartOf\":{\"@id\":\"https:\\\/\\\/www.organisator.ch\\\/marketing\\\/2025-06-23\\\/markenkongress-2025-ki-content-kulturwandel\\\/\"},\"author\":{\"name\":\"galledia\",\"@id\":\"https:\\\/\\\/www.organisator.ch\\\/#\\\/schema\\\/person\\\/4e51799071cd2dd1232ac003643ef5f0\"},\"headline\":\"Markenkongress 2025: KI, Content, Kulturwandel\",\"datePublished\":\"2025-06-23T20:39:03+00:00\",\"dateModified\":\"2025-06-24T06:09:44+00:00\",\"mainEntityOfPage\":{\"@id\":\"https:\\\/\\\/www.organisator.ch\\\/marketing\\\/2025-06-23\\\/markenkongress-2025-ki-content-kulturwandel\\\/\"},\"wordCount\":1127,\"publisher\":{\"@id\":\"https:\\\/\\\/www.organisator.ch\\\/#organization\"},\"image\":{\"@id\":\"https:\\\/\\\/www.organisator.ch\\\/marketing\\\/2025-06-23\\\/markenkongress-2025-ki-content-kulturwandel\\\/#primaryimage\"},\"thumbnailUrl\":\"https:\\\/\\\/www.markt-kom.com\\\/wp-content\\\/uploads\\\/2025\\\/06\\\/Beitragscover-43-79.png\",\"keywords\":[\"m&amp;k FORMAT\",\"MarKom\",\"Schweizer Markenkongress\"],\"articleSection\":[\"MARKETING\"],\"inLanguage\":\"fr-FR\"},{\"@type\":\"WebPage\",\"@id\":\"https:\\\/\\\/www.organisator.ch\\\/marketing\\\/2025-06-23\\\/markenkongress-2025-ki-content-kulturwandel\\\/\",\"url\":\"https:\\\/\\\/www.organisator.ch\\\/marketing\\\/2025-06-23\\\/markenkongress-2025-ki-content-kulturwandel\\\/\",\"name\":\"Markenkongress 2025: KI, Content, Kulturwandel - Organisator\",\"isPartOf\":{\"@id\":\"https:\\\/\\\/www.organisator.ch\\\/#website\"},\"primaryImageOfPage\":{\"@id\":\"https:\\\/\\\/www.organisator.ch\\\/marketing\\\/2025-06-23\\\/markenkongress-2025-ki-content-kulturwandel\\\/#primaryimage\"},\"image\":{\"@id\":\"https:\\\/\\\/www.organisator.ch\\\/marketing\\\/2025-06-23\\\/markenkongress-2025-ki-content-kulturwandel\\\/#primaryimage\"},\"thumbnailUrl\":\"https:\\\/\\\/www.markt-kom.com\\\/wp-content\\\/uploads\\\/2025\\\/06\\\/Beitragscover-43-79.png\",\"datePublished\":\"2025-06-23T20:39:03+00:00\",\"dateModified\":\"2025-06-24T06:09:44+00:00\",\"description\":\"Beim Schweizer Markenkongress 2025 wurde klar: K\u00fcnstliche Intelligenz ver\u00e4ndert nicht nur das Wie, sondern auch das Was der Markenf\u00fchrung.\",\"breadcrumb\":{\"@id\":\"https:\\\/\\\/www.organisator.ch\\\/marketing\\\/2025-06-23\\\/markenkongress-2025-ki-content-kulturwandel\\\/#breadcrumb\"},\"inLanguage\":\"fr-FR\",\"potentialAction\":[{\"@type\":\"ReadAction\",\"target\":[\"https:\\\/\\\/www.organisator.ch\\\/marketing\\\/2025-06-23\\\/markenkongress-2025-ki-content-kulturwandel\\\/\"]}]},{\"@type\":\"ImageObject\",\"inLanguage\":\"fr-FR\",\"@id\":\"https:\\\/\\\/www.organisator.ch\\\/marketing\\\/2025-06-23\\\/markenkongress-2025-ki-content-kulturwandel\\\/#primaryimage\",\"url\":\"https:\\\/\\\/www.markt-kom.com\\\/wp-content\\\/uploads\\\/2025\\\/06\\\/Beitragscover-43-79.png\",\"contentUrl\":\"https:\\\/\\\/www.markt-kom.com\\\/wp-content\\\/uploads\\\/2025\\\/06\\\/Beitragscover-43-79.png\"},{\"@type\":\"BreadcrumbList\",\"@id\":\"https:\\\/\\\/www.organisator.ch\\\/marketing\\\/2025-06-23\\\/markenkongress-2025-ki-content-kulturwandel\\\/#breadcrumb\",\"itemListElement\":[{\"@type\":\"ListItem\",\"position\":1,\"name\":\"Home\",\"item\":\"https:\\\/\\\/www.organisator.ch\\\/\"},{\"@type\":\"ListItem\",\"position\":2,\"name\":\"Markenkongress 2025: KI, Content, Kulturwandel\"}]},{\"@type\":\"WebSite\",\"@id\":\"https:\\\/\\\/www.organisator.ch\\\/#website\",\"url\":\"https:\\\/\\\/www.organisator.ch\\\/\",\"name\":\"Organisator\",\"description\":\"Kompetent. Praxisnah. Der ORGANISATOR bereitet in 10 Ausgaben pro Jahr die wesentlichen Themen f\u00fcr F\u00fchrungskr\u00e4fte von KMU auf.\",\"publisher\":{\"@id\":\"https:\\\/\\\/www.organisator.ch\\\/#organization\"},\"potentialAction\":[{\"@type\":\"SearchAction\",\"target\":{\"@type\":\"EntryPoint\",\"urlTemplate\":\"https:\\\/\\\/www.organisator.ch\\\/?s={search_term_string}\"},\"query-input\":{\"@type\":\"PropertyValueSpecification\",\"valueRequired\":true,\"valueName\":\"search_term_string\"}}],\"inLanguage\":\"fr-FR\"},{\"@type\":\"Organization\",\"@id\":\"https:\\\/\\\/www.organisator.ch\\\/#organization\",\"name\":\"Organisator\",\"url\":\"https:\\\/\\\/www.organisator.ch\\\/\",\"logo\":{\"@type\":\"ImageObject\",\"inLanguage\":\"fr-FR\",\"@id\":\"https:\\\/\\\/www.organisator.ch\\\/#\\\/schema\\\/logo\\\/image\\\/\",\"url\":\"https:\\\/\\\/www.organisator.ch\\\/wp-content\\\/uploads\\\/2022\\\/01\\\/Logo_Organisator_Website.png\",\"contentUrl\":\"https:\\\/\\\/www.organisator.ch\\\/wp-content\\\/uploads\\\/2022\\\/01\\\/Logo_Organisator_Website.png\",\"width\":800,\"height\":77,\"caption\":\"Organisator\"},\"image\":{\"@id\":\"https:\\\/\\\/www.organisator.ch\\\/#\\\/schema\\\/logo\\\/image\\\/\"},\"sameAs\":[\"https:\\\/\\\/www.facebook.com\\\/OrganisatorFachmagazin\",\"https:\\\/\\\/www.linkedin.com\\\/showcase\\\/organisator-das-magazin-fr-kmu\",\"https:\\\/\\\/www.xing.com\\\/news\\\/pages\\\/organisator-ch-695\",\"https:\\\/\\\/www.youtube.com\\\/channel\\\/UCGP2Sq0iWaZwT3BdIAQFYpw\"]},{\"@type\":\"Person\",\"@id\":\"https:\\\/\\\/www.organisator.ch\\\/#\\\/schema\\\/person\\\/4e51799071cd2dd1232ac003643ef5f0\",\"name\":\"galledia\",\"image\":{\"@type\":\"ImageObject\",\"inLanguage\":\"fr-FR\",\"@id\":\"https:\\\/\\\/secure.gravatar.com\\\/avatar\\\/78a7f90c01fc2bfc875782a0d4922b37cde2cf184ce347b91316d23cd7f69a36?s=96&d=mm&r=g\",\"url\":\"https:\\\/\\\/secure.gravatar.com\\\/avatar\\\/78a7f90c01fc2bfc875782a0d4922b37cde2cf184ce347b91316d23cd7f69a36?s=96&d=mm&r=g\",\"contentUrl\":\"https:\\\/\\\/secure.gravatar.com\\\/avatar\\\/78a7f90c01fc2bfc875782a0d4922b37cde2cf184ce347b91316d23cd7f69a36?s=96&d=mm&r=g\",\"caption\":\"galledia\"},\"sameAs\":[\"https:\\\/\\\/x.com\\\/admin\"],\"url\":\"https:\\\/\\\/www.organisator.ch\\\/fr\\\/author\\\/galledia\\\/\"}]}<\/script>\n<!-- \/ Yoast SEO plugin. -->","yoast_head_json":{"title":"Congr\u00e8s des marques 2025 : IA, contenu, changement culturel - Organisateur","description":"Lors du Congr\u00e8s suisse des marques 2025, il est apparu clairement que l'intelligence artificielle ne change pas seulement le comment, mais aussi le quoi de la gestion des marques.","robots":{"index":"index","follow":"follow","max-snippet":"max-snippet:-1","max-image-preview":"max-image-preview:large","max-video-preview":"max-video-preview:-1"},"canonical":"https:\/\/www.organisator.ch\/fr\/marketing\/2025-06-23\/markenkongress-2025-ki-content-kulturwandel\/","og_locale":"fr_FR","og_type":"article","og_title":"Markenkongress 2025: KI, Content, Kulturwandel - Organisator","og_description":"Beim Schweizer Markenkongress 2025 wurde klar: K\u00fcnstliche Intelligenz ver\u00e4ndert nicht nur das Wie, sondern auch das Was der Markenf\u00fchrung.","og_url":"https:\/\/www.organisator.ch\/fr\/marketing\/2025-06-23\/markenkongress-2025-ki-content-kulturwandel\/","og_site_name":"Organisator","article_publisher":"https:\/\/www.facebook.com\/OrganisatorFachmagazin","article_published_time":"2025-06-23T20:39:03+00:00","article_modified_time":"2025-06-24T06:09:44+00:00","author":"galledia","twitter_card":"summary_large_image","twitter_creator":"@admin","schema":{"@context":"https:\/\/schema.org","@graph":[{"@type":"Article","@id":"https:\/\/www.organisator.ch\/marketing\/2025-06-23\/markenkongress-2025-ki-content-kulturwandel\/#article","isPartOf":{"@id":"https:\/\/www.organisator.ch\/marketing\/2025-06-23\/markenkongress-2025-ki-content-kulturwandel\/"},"author":{"name":"galledia","@id":"https:\/\/www.organisator.ch\/#\/schema\/person\/4e51799071cd2dd1232ac003643ef5f0"},"headline":"Markenkongress 2025: KI, Content, Kulturwandel","datePublished":"2025-06-23T20:39:03+00:00","dateModified":"2025-06-24T06:09:44+00:00","mainEntityOfPage":{"@id":"https:\/\/www.organisator.ch\/marketing\/2025-06-23\/markenkongress-2025-ki-content-kulturwandel\/"},"wordCount":1127,"publisher":{"@id":"https:\/\/www.organisator.ch\/#organization"},"image":{"@id":"https:\/\/www.organisator.ch\/marketing\/2025-06-23\/markenkongress-2025-ki-content-kulturwandel\/#primaryimage"},"thumbnailUrl":"https:\/\/www.markt-kom.com\/wp-content\/uploads\/2025\/06\/Beitragscover-43-79.png","keywords":["m&amp;k FORMAT","MarKom","Schweizer Markenkongress"],"articleSection":["MARKETING"],"inLanguage":"fr-FR"},{"@type":"WebPage","@id":"https:\/\/www.organisator.ch\/marketing\/2025-06-23\/markenkongress-2025-ki-content-kulturwandel\/","url":"https:\/\/www.organisator.ch\/marketing\/2025-06-23\/markenkongress-2025-ki-content-kulturwandel\/","name":"Congr\u00e8s des marques 2025 : IA, contenu, changement culturel - Organisateur","isPartOf":{"@id":"https:\/\/www.organisator.ch\/#website"},"primaryImageOfPage":{"@id":"https:\/\/www.organisator.ch\/marketing\/2025-06-23\/markenkongress-2025-ki-content-kulturwandel\/#primaryimage"},"image":{"@id":"https:\/\/www.organisator.ch\/marketing\/2025-06-23\/markenkongress-2025-ki-content-kulturwandel\/#primaryimage"},"thumbnailUrl":"https:\/\/www.markt-kom.com\/wp-content\/uploads\/2025\/06\/Beitragscover-43-79.png","datePublished":"2025-06-23T20:39:03+00:00","dateModified":"2025-06-24T06:09:44+00:00","description":"Lors du Congr\u00e8s suisse des marques 2025, il est apparu clairement que l'intelligence artificielle ne change pas seulement le comment, mais aussi le quoi de la gestion des marques.","breadcrumb":{"@id":"https:\/\/www.organisator.ch\/marketing\/2025-06-23\/markenkongress-2025-ki-content-kulturwandel\/#breadcrumb"},"inLanguage":"fr-FR","potentialAction":[{"@type":"ReadAction","target":["https:\/\/www.organisator.ch\/marketing\/2025-06-23\/markenkongress-2025-ki-content-kulturwandel\/"]}]},{"@type":"ImageObject","inLanguage":"fr-FR","@id":"https:\/\/www.organisator.ch\/marketing\/2025-06-23\/markenkongress-2025-ki-content-kulturwandel\/#primaryimage","url":"https:\/\/www.markt-kom.com\/wp-content\/uploads\/2025\/06\/Beitragscover-43-79.png","contentUrl":"https:\/\/www.markt-kom.com\/wp-content\/uploads\/2025\/06\/Beitragscover-43-79.png"},{"@type":"BreadcrumbList","@id":"https:\/\/www.organisator.ch\/marketing\/2025-06-23\/markenkongress-2025-ki-content-kulturwandel\/#breadcrumb","itemListElement":[{"@type":"ListItem","position":1,"name":"Home","item":"https:\/\/www.organisator.ch\/"},{"@type":"ListItem","position":2,"name":"Markenkongress 2025: KI, Content, Kulturwandel"}]},{"@type":"WebSite","@id":"https:\/\/www.organisator.ch\/#website","url":"https:\/\/www.organisator.ch\/","name":"Organisateur","description":"Comp\u00e9tence et comp\u00e9tence. Proches de la pratique. L'ORGANISATEUR pr\u00e9pare 10 num\u00e9ros par an sur les th\u00e8mes essentiels pour les dirigeants de PME.","publisher":{"@id":"https:\/\/www.organisator.ch\/#organization"},"potentialAction":[{"@type":"SearchAction","target":{"@type":"EntryPoint","urlTemplate":"https:\/\/www.organisator.ch\/?s={search_term_string}"},"query-input":{"@type":"PropertyValueSpecification","valueRequired":true,"valueName":"search_term_string"}}],"inLanguage":"fr-FR"},{"@type":"Organization","@id":"https:\/\/www.organisator.ch\/#organization","name":"Organisateur","url":"https:\/\/www.organisator.ch\/","logo":{"@type":"ImageObject","inLanguage":"fr-FR","@id":"https:\/\/www.organisator.ch\/#\/schema\/logo\/image\/","url":"https:\/\/www.organisator.ch\/wp-content\/uploads\/2022\/01\/Logo_Organisator_Website.png","contentUrl":"https:\/\/www.organisator.ch\/wp-content\/uploads\/2022\/01\/Logo_Organisator_Website.png","width":800,"height":77,"caption":"Organisator"},"image":{"@id":"https:\/\/www.organisator.ch\/#\/schema\/logo\/image\/"},"sameAs":["https:\/\/www.facebook.com\/OrganisatorFachmagazin","https:\/\/www.linkedin.com\/showcase\/organisator-das-magazin-fr-kmu","https:\/\/www.xing.com\/news\/pages\/organisator-ch-695","https:\/\/www.youtube.com\/channel\/UCGP2Sq0iWaZwT3BdIAQFYpw"]},{"@type":"Person","@id":"https:\/\/www.organisator.ch\/#\/schema\/person\/4e51799071cd2dd1232ac003643ef5f0","name":"galledia","image":{"@type":"ImageObject","inLanguage":"fr-FR","@id":"https:\/\/secure.gravatar.com\/avatar\/78a7f90c01fc2bfc875782a0d4922b37cde2cf184ce347b91316d23cd7f69a36?s=96&d=mm&r=g","url":"https:\/\/secure.gravatar.com\/avatar\/78a7f90c01fc2bfc875782a0d4922b37cde2cf184ce347b91316d23cd7f69a36?s=96&d=mm&r=g","contentUrl":"https:\/\/secure.gravatar.com\/avatar\/78a7f90c01fc2bfc875782a0d4922b37cde2cf184ce347b91316d23cd7f69a36?s=96&d=mm&r=g","caption":"galledia"},"sameAs":["https:\/\/x.com\/admin"],"url":"https:\/\/www.organisator.ch\/fr\/author\/galledia\/"}]}},"_links":{"self":[{"href":"https:\/\/www.organisator.ch\/fr\/wp-json\/wp\/v2\/posts\/39224","targetHints":{"allow":["GET"]}}],"collection":[{"href":"https:\/\/www.organisator.ch\/fr\/wp-json\/wp\/v2\/posts"}],"about":[{"href":"https:\/\/www.organisator.ch\/fr\/wp-json\/wp\/v2\/types\/post"}],"author":[{"embeddable":true,"href":"https:\/\/www.organisator.ch\/fr\/wp-json\/wp\/v2\/users\/8"}],"replies":[{"embeddable":true,"href":"https:\/\/www.organisator.ch\/fr\/wp-json\/wp\/v2\/comments?post=39224"}],"version-history":[{"count":5,"href":"https:\/\/www.organisator.ch\/fr\/wp-json\/wp\/v2\/posts\/39224\/revisions"}],"predecessor-version":[{"id":43866,"href":"https:\/\/www.organisator.ch\/fr\/wp-json\/wp\/v2\/posts\/39224\/revisions\/43866"}],"wp:attachment":[{"href":"https:\/\/www.organisator.ch\/fr\/wp-json\/wp\/v2\/media?parent=39224"}],"wp:term":[{"taxonomy":"category","embeddable":true,"href":"https:\/\/www.organisator.ch\/fr\/wp-json\/wp\/v2\/categories?post=39224"},{"taxonomy":"post_tag","embeddable":true,"href":"https:\/\/www.organisator.ch\/fr\/wp-json\/wp\/v2\/tags?post=39224"}],"curies":[{"name":"wp","href":"https:\/\/api.w.org\/{rel}","templated":true}]}}