{"id":39235,"date":"2025-06-25T10:18:55","date_gmt":"2025-06-25T08:18:55","guid":{"rendered":"https:\/\/www.m-q.ch\/?p=21624"},"modified":"2025-06-24T16:05:14","modified_gmt":"2025-06-24T14:05:14","slug":"com-sys-und-infoguard-buendeln-ihre-cyber-expertise","status":"publish","type":"post","link":"https:\/\/www.organisator.ch\/fr\/operational-excellence\/2025-06-25\/com-sys-und-infoguard-buendeln-ihre-cyber-expertise\/","title":{"rendered":"Com-Sys et Infoguard unissent leur cyber-expertise"},"content":{"rendered":"<figure id=\"attachment_21625\" class=\"wp-caption alignnone\" style=\"width: 680px;\" aria-describedby=\"caption-attachment-21625\"><img class=\"size-full wp-image-21625\" src=\"https:\/\/www.m-q.ch\/wp-content\/uploads\/2025\/06\/Com-Sys-und-Infoguard-buendeln-ihre-Cyber-Expertise_MQ.jpg\" sizes=\"(max-width: 680px) 100vw, 680px\" srcset=\"https:\/\/www.m-q.ch\/wp-content\/uploads\/2025\/06\/Com-Sys-und-Infoguard-buendeln-ihre-Cyber-Expertise_MQ.jpg 680w, https:\/\/www.m-q.ch\/wp-content\/uploads\/2025\/06\/Com-Sys-und-Infoguard-buendeln-ihre-Cyber-Expertise_MQ-18x12.jpg 18w, https:\/\/www.m-q.ch\/wp-content\/uploads\/2025\/06\/Com-Sys-und-Infoguard-buendeln-ihre-Cyber-Expertise_MQ-375x252.jpg 375w, https:\/\/www.m-q.ch\/wp-content\/uploads\/2025\/06\/Com-Sys-und-Infoguard-buendeln-ihre-Cyber-Expertise_MQ-521x350.jpg 521w\" alt=\"\" width=\"680\" height=\"457\" \/>\r\n<figcaption id=\"caption-attachment-21625\" class=\"wp-caption-text\">Un concentr\u00e9 d'expertise cybern\u00e9tique (de gauche \u00e0 droite) : Thomas Meier, CEO InfoGuard ; Daniel Heinzig, directeur de Com-Sys ; Peter Letter, pr\u00e9sident du conseil d'administration InfoGuard. (Photo : InfoGuard AG)<\/figcaption>\r\n<\/figure>\r\n<p>Ce changement de nom donne naissance \u00e0 l'un des groupes d'experts en cybers\u00e9curit\u00e9 les plus performants de l'espace germanophone, selon ses propres dires. Il comprend plus de 350 collaborateurs, un portefeuille global de cybers\u00e9curit\u00e9 \u00e0 360\u00b0 et un Security Operations Center (SOC) occup\u00e9 24 heures sur 24 en Allemagne et en Suisse. La vision des deux entreprises est claire : prot\u00e9ger les organisations de l'espace DACH avec une cybers\u00e9curit\u00e9 moderne et compl\u00e8te et rendre le monde num\u00e9riquement plus s\u00fbr jour apr\u00e8s jour.<\/p>\r\n<h3>Une cyber-expertise combin\u00e9e avec une valeur ajout\u00e9e pour les clients<\/h3>\r\n<p>En regroupant l'expertise cybern\u00e9tique de Com-Sys et d'InfoGuard, les clients b\u00e9n\u00e9ficient d'un meilleur acc\u00e8s aux ressources internationales. En effet, l'int\u00e9gration dans le groupe InfoGuard ouvre la voie \u00e0 un portefeuille de cybers\u00e9curit\u00e9 \u00e9largi, \u00e0 l'acc\u00e8s \u00e0 des \u00e9quipes internationales d'experts, \u00e0 des processus standardis\u00e9s et \u00e0 une technologie de pointe - dont les deux SOC hautement s\u00e9curis\u00e9s en Suisse et en Allemagne. En tant que fournisseur de services de r\u00e9ponse APT officiellement qualifi\u00e9 par le BSI, InfoGuard Com-Sys offre \u00e9galement une r\u00e9ponse encore plus professionnelle aux incidents de s\u00e9curit\u00e9 gr\u00e2ce \u00e0 une \u00e9quipe CSIRT (Computer Security Incident Response Team) sp\u00e9cialis\u00e9e et parmi les plus exp\u00e9riment\u00e9es. De nouveaux services tels que Managed Detection &amp; Response (MDR), des conseils approfondis ainsi que des tests d'intrusion hautement sp\u00e9cialis\u00e9s et complets et des offres de Red Teaming sont d\u00e9sormais disponibles dans toute l'Allemagne.<\/p>\r\n<h3>Structure de direction et d\u00e9veloppement futur de l'entreprise<\/h3>\r\n<p>Daniel Heinzig reste directeur g\u00e9n\u00e9ral d'InfoGuard Com-Sys GmbH. Outre Daniel Heinzig, Ralf Haubrich, Chief Revenue Officer (CRO), InfoGuard Com-Sys GmbH, ainsi que Thomas Meier, CEO, InfoGuard AG et Peter Letter, pr\u00e9sident du conseil d'administration, InfoGuard AG, forment la direction d'InfoGuard Com-Sys GmbH.  \"Cette fusion est un investissement dans notre avenir et celui de nos clients\", d\u00e9clare Daniel Heinzig, directeur g\u00e9n\u00e9ral d'InfoGuard Com-Sys, \"nous ne voulons pas seulement suivre les \u00e9volutions du cybermonde - nous voulons y participer activement\". Thomas Meier, CEO d'InfoGuard, abonde dans ce sens : \"Cette \u00e9tape marque un jalon important pour InfoGuard - et surtout pour nos clients. Avec une \u00e9quipe d'experts \u00e9largie, de nouveaux sites et notre vaste portefeuille, nous sommes parfaitement positionn\u00e9s. Notre objectif est clair : ensemble, nous faisons tout pour que nos clients soient prot\u00e9g\u00e9s au mieux, aujourd'hui et demain\".<\/p>\r\n<p><em>Source et informations compl\u00e9mentaires : <a href=\"https:\/\/www.infoguard.ch\/\">www.infoguard.ch<\/a><\/em><\/p>\n<p class=\"syndicated-attribution\">Cet article est paru initialement sur m-q.ch - <a href=\"https:\/\/www.m-q.ch\/de\/com-sys-und-infoguard-buendeln-ihre-cyber-expertise\/\" target=\"_blank\">https:\/\/www.m-q.ch\/de\/com-sys-und-infoguard-buendeln-ihre-cyber-expertise\/<\/a><\/p>","protected":false},"excerpt":{"rendered":"<p>D\u00e8s \u00e0 pr\u00e9sent, Communication Systems GmbH (Com-Sys) op\u00e8re sous le nouveau nom d'InfoGuard Com-Sys GmbH et se pr\u00e9sentera \u00e0 l'avenir avec le compl\u00e9ment de marque \"An InfoGuard Company\". L'entreprise suisse de cybers\u00e9curit\u00e9 rend ainsi visible \u00e0 l'ext\u00e9rieur, visuellement et nominativement, la collaboration qu'elle entretient depuis longtemps avec InfoGuard.<\/p>","protected":false},"author":8,"featured_media":0,"comment_status":"closed","ping_status":"closed","sticky":false,"template":"","format":"standard","meta":{"_acf_changed":false,"_yoast_wpseo_focuskw":"Cyber-Expertise","_yoast_wpseo_metadesc":"Cyber-Expertise geb\u00fcndelt: Ab sofort firmiert die Communication Systems GmbH (Com-Sys) unter dem neuen Namen InfoGuard Com-Sys GmbH.","articlekey":"","footnotes":""},"categories":[582],"tags":[608,393,418,492],"class_list":["post-39235","post","type-post","status-publish","format-standard","hentry","category-operational-excellence","tag-cybersicherheit","tag-produkte","tag-risikomanagement","tag-unternehmen"],"acf":[],"yoast_head":"<!-- This site is optimized with the Yoast SEO plugin v27.5 - https:\/\/yoast.com\/product\/yoast-seo-wordpress\/ -->\n<title>Com-Sys und Infoguard b\u00fcndeln ihre Cyber-Expertise - Organisator<\/title>\n<meta name=\"description\" content=\"Cyber-Expertise geb\u00fcndelt: Ab sofort firmiert die Communication Systems GmbH (Com-Sys) unter dem neuen Namen InfoGuard Com-Sys GmbH.\" \/>\n<meta name=\"robots\" content=\"index, follow, max-snippet:-1, max-image-preview:large, max-video-preview:-1\" \/>\n<link rel=\"canonical\" href=\"https:\/\/www.organisator.ch\/fr\/excellence-operationnelle\/2025-06-25\/com-sys-und-infoguard-buendeln-ihre-cyber-expertise\/\" \/>\n<meta property=\"og:locale\" content=\"fr_FR\" \/>\n<meta property=\"og:type\" content=\"article\" \/>\n<meta property=\"og:title\" content=\"Com-Sys und Infoguard b\u00fcndeln ihre Cyber-Expertise - Organisator\" \/>\n<meta property=\"og:description\" content=\"Cyber-Expertise geb\u00fcndelt: Ab sofort firmiert die Communication Systems GmbH (Com-Sys) unter dem neuen Namen InfoGuard Com-Sys GmbH.\" \/>\n<meta property=\"og:url\" content=\"https:\/\/www.organisator.ch\/fr\/excellence-operationnelle\/2025-06-25\/com-sys-und-infoguard-buendeln-ihre-cyber-expertise\/\" \/>\n<meta property=\"og:site_name\" content=\"Organisator\" \/>\n<meta property=\"article:publisher\" content=\"https:\/\/www.facebook.com\/OrganisatorFachmagazin\" \/>\n<meta property=\"article:published_time\" content=\"2025-06-25T08:18:55+00:00\" \/>\n<meta name=\"author\" content=\"galledia\" \/>\n<meta name=\"twitter:card\" content=\"summary_large_image\" \/>\n<meta name=\"twitter:creator\" content=\"@admin\" \/>\n<script type=\"application\/ld+json\" class=\"yoast-schema-graph\">{\"@context\":\"https:\\\/\\\/schema.org\",\"@graph\":[{\"@type\":\"Article\",\"@id\":\"https:\\\/\\\/www.organisator.ch\\\/operational-excellence\\\/2025-06-25\\\/com-sys-und-infoguard-buendeln-ihre-cyber-expertise\\\/#article\",\"isPartOf\":{\"@id\":\"https:\\\/\\\/www.organisator.ch\\\/operational-excellence\\\/2025-06-25\\\/com-sys-und-infoguard-buendeln-ihre-cyber-expertise\\\/\"},\"author\":{\"name\":\"galledia\",\"@id\":\"https:\\\/\\\/www.organisator.ch\\\/#\\\/schema\\\/person\\\/4e51799071cd2dd1232ac003643ef5f0\"},\"headline\":\"Com-Sys und Infoguard b\u00fcndeln ihre Cyber-Expertise\",\"datePublished\":\"2025-06-25T08:18:55+00:00\",\"mainEntityOfPage\":{\"@id\":\"https:\\\/\\\/www.organisator.ch\\\/operational-excellence\\\/2025-06-25\\\/com-sys-und-infoguard-buendeln-ihre-cyber-expertise\\\/\"},\"wordCount\":369,\"publisher\":{\"@id\":\"https:\\\/\\\/www.organisator.ch\\\/#organization\"},\"image\":{\"@id\":\"https:\\\/\\\/www.organisator.ch\\\/operational-excellence\\\/2025-06-25\\\/com-sys-und-infoguard-buendeln-ihre-cyber-expertise\\\/#primaryimage\"},\"thumbnailUrl\":\"https:\\\/\\\/www.m-q.ch\\\/wp-content\\\/uploads\\\/2025\\\/06\\\/Com-Sys-und-Infoguard-buendeln-ihre-Cyber-Expertise_MQ.jpg\",\"keywords\":[\"Cybersicherheit\",\"Produkte\",\"Risikomanagement\",\"Unternehmen\"],\"articleSection\":[\"OPERATIONAL EXCELLENCE\"],\"inLanguage\":\"fr-FR\"},{\"@type\":\"WebPage\",\"@id\":\"https:\\\/\\\/www.organisator.ch\\\/operational-excellence\\\/2025-06-25\\\/com-sys-und-infoguard-buendeln-ihre-cyber-expertise\\\/\",\"url\":\"https:\\\/\\\/www.organisator.ch\\\/operational-excellence\\\/2025-06-25\\\/com-sys-und-infoguard-buendeln-ihre-cyber-expertise\\\/\",\"name\":\"Com-Sys und Infoguard b\u00fcndeln ihre Cyber-Expertise - Organisator\",\"isPartOf\":{\"@id\":\"https:\\\/\\\/www.organisator.ch\\\/#website\"},\"primaryImageOfPage\":{\"@id\":\"https:\\\/\\\/www.organisator.ch\\\/operational-excellence\\\/2025-06-25\\\/com-sys-und-infoguard-buendeln-ihre-cyber-expertise\\\/#primaryimage\"},\"image\":{\"@id\":\"https:\\\/\\\/www.organisator.ch\\\/operational-excellence\\\/2025-06-25\\\/com-sys-und-infoguard-buendeln-ihre-cyber-expertise\\\/#primaryimage\"},\"thumbnailUrl\":\"https:\\\/\\\/www.m-q.ch\\\/wp-content\\\/uploads\\\/2025\\\/06\\\/Com-Sys-und-Infoguard-buendeln-ihre-Cyber-Expertise_MQ.jpg\",\"datePublished\":\"2025-06-25T08:18:55+00:00\",\"description\":\"Cyber-Expertise geb\u00fcndelt: Ab sofort firmiert die Communication Systems GmbH (Com-Sys) unter dem neuen Namen InfoGuard Com-Sys GmbH.\",\"breadcrumb\":{\"@id\":\"https:\\\/\\\/www.organisator.ch\\\/operational-excellence\\\/2025-06-25\\\/com-sys-und-infoguard-buendeln-ihre-cyber-expertise\\\/#breadcrumb\"},\"inLanguage\":\"fr-FR\",\"potentialAction\":[{\"@type\":\"ReadAction\",\"target\":[\"https:\\\/\\\/www.organisator.ch\\\/operational-excellence\\\/2025-06-25\\\/com-sys-und-infoguard-buendeln-ihre-cyber-expertise\\\/\"]}]},{\"@type\":\"ImageObject\",\"inLanguage\":\"fr-FR\",\"@id\":\"https:\\\/\\\/www.organisator.ch\\\/operational-excellence\\\/2025-06-25\\\/com-sys-und-infoguard-buendeln-ihre-cyber-expertise\\\/#primaryimage\",\"url\":\"https:\\\/\\\/www.m-q.ch\\\/wp-content\\\/uploads\\\/2025\\\/06\\\/Com-Sys-und-Infoguard-buendeln-ihre-Cyber-Expertise_MQ.jpg\",\"contentUrl\":\"https:\\\/\\\/www.m-q.ch\\\/wp-content\\\/uploads\\\/2025\\\/06\\\/Com-Sys-und-Infoguard-buendeln-ihre-Cyber-Expertise_MQ.jpg\"},{\"@type\":\"BreadcrumbList\",\"@id\":\"https:\\\/\\\/www.organisator.ch\\\/operational-excellence\\\/2025-06-25\\\/com-sys-und-infoguard-buendeln-ihre-cyber-expertise\\\/#breadcrumb\",\"itemListElement\":[{\"@type\":\"ListItem\",\"position\":1,\"name\":\"Home\",\"item\":\"https:\\\/\\\/www.organisator.ch\\\/\"},{\"@type\":\"ListItem\",\"position\":2,\"name\":\"Com-Sys und Infoguard b\u00fcndeln ihre Cyber-Expertise\"}]},{\"@type\":\"WebSite\",\"@id\":\"https:\\\/\\\/www.organisator.ch\\\/#website\",\"url\":\"https:\\\/\\\/www.organisator.ch\\\/\",\"name\":\"Organisator\",\"description\":\"Kompetent. Praxisnah. Der ORGANISATOR bereitet in 10 Ausgaben pro Jahr die wesentlichen Themen f\u00fcr F\u00fchrungskr\u00e4fte von KMU auf.\",\"publisher\":{\"@id\":\"https:\\\/\\\/www.organisator.ch\\\/#organization\"},\"potentialAction\":[{\"@type\":\"SearchAction\",\"target\":{\"@type\":\"EntryPoint\",\"urlTemplate\":\"https:\\\/\\\/www.organisator.ch\\\/?s={search_term_string}\"},\"query-input\":{\"@type\":\"PropertyValueSpecification\",\"valueRequired\":true,\"valueName\":\"search_term_string\"}}],\"inLanguage\":\"fr-FR\"},{\"@type\":\"Organization\",\"@id\":\"https:\\\/\\\/www.organisator.ch\\\/#organization\",\"name\":\"Organisator\",\"url\":\"https:\\\/\\\/www.organisator.ch\\\/\",\"logo\":{\"@type\":\"ImageObject\",\"inLanguage\":\"fr-FR\",\"@id\":\"https:\\\/\\\/www.organisator.ch\\\/#\\\/schema\\\/logo\\\/image\\\/\",\"url\":\"https:\\\/\\\/www.organisator.ch\\\/wp-content\\\/uploads\\\/2022\\\/01\\\/Logo_Organisator_Website.png\",\"contentUrl\":\"https:\\\/\\\/www.organisator.ch\\\/wp-content\\\/uploads\\\/2022\\\/01\\\/Logo_Organisator_Website.png\",\"width\":800,\"height\":77,\"caption\":\"Organisator\"},\"image\":{\"@id\":\"https:\\\/\\\/www.organisator.ch\\\/#\\\/schema\\\/logo\\\/image\\\/\"},\"sameAs\":[\"https:\\\/\\\/www.facebook.com\\\/OrganisatorFachmagazin\",\"https:\\\/\\\/www.linkedin.com\\\/showcase\\\/organisator-das-magazin-fr-kmu\",\"https:\\\/\\\/www.xing.com\\\/news\\\/pages\\\/organisator-ch-695\",\"https:\\\/\\\/www.youtube.com\\\/channel\\\/UCGP2Sq0iWaZwT3BdIAQFYpw\"]},{\"@type\":\"Person\",\"@id\":\"https:\\\/\\\/www.organisator.ch\\\/#\\\/schema\\\/person\\\/4e51799071cd2dd1232ac003643ef5f0\",\"name\":\"galledia\",\"image\":{\"@type\":\"ImageObject\",\"inLanguage\":\"fr-FR\",\"@id\":\"https:\\\/\\\/secure.gravatar.com\\\/avatar\\\/78a7f90c01fc2bfc875782a0d4922b37cde2cf184ce347b91316d23cd7f69a36?s=96&d=mm&r=g\",\"url\":\"https:\\\/\\\/secure.gravatar.com\\\/avatar\\\/78a7f90c01fc2bfc875782a0d4922b37cde2cf184ce347b91316d23cd7f69a36?s=96&d=mm&r=g\",\"contentUrl\":\"https:\\\/\\\/secure.gravatar.com\\\/avatar\\\/78a7f90c01fc2bfc875782a0d4922b37cde2cf184ce347b91316d23cd7f69a36?s=96&d=mm&r=g\",\"caption\":\"galledia\"},\"sameAs\":[\"https:\\\/\\\/x.com\\\/admin\"],\"url\":\"https:\\\/\\\/www.organisator.ch\\\/fr\\\/author\\\/galledia\\\/\"}]}<\/script>\n<!-- \/ Yoast SEO plugin. -->","yoast_head_json":{"title":"Com-Sys et Infoguard unissent leur expertise cybern\u00e9tique - Organisateur","description":"La cyber-expertise r\u00e9unie : Communication Systems GmbH (Com-Sys) op\u00e8re d\u00e9sormais sous le nouveau nom d'InfoGuard Com-Sys GmbH.","robots":{"index":"index","follow":"follow","max-snippet":"max-snippet:-1","max-image-preview":"max-image-preview:large","max-video-preview":"max-video-preview:-1"},"canonical":"https:\/\/www.organisator.ch\/fr\/excellence-operationnelle\/2025-06-25\/com-sys-und-infoguard-buendeln-ihre-cyber-expertise\/","og_locale":"fr_FR","og_type":"article","og_title":"Com-Sys und Infoguard b\u00fcndeln ihre Cyber-Expertise - Organisator","og_description":"Cyber-Expertise geb\u00fcndelt: Ab sofort firmiert die Communication Systems GmbH (Com-Sys) unter dem neuen Namen InfoGuard Com-Sys GmbH.","og_url":"https:\/\/www.organisator.ch\/fr\/excellence-operationnelle\/2025-06-25\/com-sys-und-infoguard-buendeln-ihre-cyber-expertise\/","og_site_name":"Organisator","article_publisher":"https:\/\/www.facebook.com\/OrganisatorFachmagazin","article_published_time":"2025-06-25T08:18:55+00:00","author":"galledia","twitter_card":"summary_large_image","twitter_creator":"@admin","schema":{"@context":"https:\/\/schema.org","@graph":[{"@type":"Article","@id":"https:\/\/www.organisator.ch\/operational-excellence\/2025-06-25\/com-sys-und-infoguard-buendeln-ihre-cyber-expertise\/#article","isPartOf":{"@id":"https:\/\/www.organisator.ch\/operational-excellence\/2025-06-25\/com-sys-und-infoguard-buendeln-ihre-cyber-expertise\/"},"author":{"name":"galledia","@id":"https:\/\/www.organisator.ch\/#\/schema\/person\/4e51799071cd2dd1232ac003643ef5f0"},"headline":"Com-Sys und Infoguard b\u00fcndeln ihre Cyber-Expertise","datePublished":"2025-06-25T08:18:55+00:00","mainEntityOfPage":{"@id":"https:\/\/www.organisator.ch\/operational-excellence\/2025-06-25\/com-sys-und-infoguard-buendeln-ihre-cyber-expertise\/"},"wordCount":369,"publisher":{"@id":"https:\/\/www.organisator.ch\/#organization"},"image":{"@id":"https:\/\/www.organisator.ch\/operational-excellence\/2025-06-25\/com-sys-und-infoguard-buendeln-ihre-cyber-expertise\/#primaryimage"},"thumbnailUrl":"https:\/\/www.m-q.ch\/wp-content\/uploads\/2025\/06\/Com-Sys-und-Infoguard-buendeln-ihre-Cyber-Expertise_MQ.jpg","keywords":["Cybersicherheit","Produkte","Risikomanagement","Unternehmen"],"articleSection":["OPERATIONAL EXCELLENCE"],"inLanguage":"fr-FR"},{"@type":"WebPage","@id":"https:\/\/www.organisator.ch\/operational-excellence\/2025-06-25\/com-sys-und-infoguard-buendeln-ihre-cyber-expertise\/","url":"https:\/\/www.organisator.ch\/operational-excellence\/2025-06-25\/com-sys-und-infoguard-buendeln-ihre-cyber-expertise\/","name":"Com-Sys et Infoguard unissent leur expertise cybern\u00e9tique - Organisateur","isPartOf":{"@id":"https:\/\/www.organisator.ch\/#website"},"primaryImageOfPage":{"@id":"https:\/\/www.organisator.ch\/operational-excellence\/2025-06-25\/com-sys-und-infoguard-buendeln-ihre-cyber-expertise\/#primaryimage"},"image":{"@id":"https:\/\/www.organisator.ch\/operational-excellence\/2025-06-25\/com-sys-und-infoguard-buendeln-ihre-cyber-expertise\/#primaryimage"},"thumbnailUrl":"https:\/\/www.m-q.ch\/wp-content\/uploads\/2025\/06\/Com-Sys-und-Infoguard-buendeln-ihre-Cyber-Expertise_MQ.jpg","datePublished":"2025-06-25T08:18:55+00:00","description":"La cyber-expertise r\u00e9unie : Communication Systems GmbH (Com-Sys) op\u00e8re d\u00e9sormais sous le nouveau nom d'InfoGuard Com-Sys GmbH.","breadcrumb":{"@id":"https:\/\/www.organisator.ch\/operational-excellence\/2025-06-25\/com-sys-und-infoguard-buendeln-ihre-cyber-expertise\/#breadcrumb"},"inLanguage":"fr-FR","potentialAction":[{"@type":"ReadAction","target":["https:\/\/www.organisator.ch\/operational-excellence\/2025-06-25\/com-sys-und-infoguard-buendeln-ihre-cyber-expertise\/"]}]},{"@type":"ImageObject","inLanguage":"fr-FR","@id":"https:\/\/www.organisator.ch\/operational-excellence\/2025-06-25\/com-sys-und-infoguard-buendeln-ihre-cyber-expertise\/#primaryimage","url":"https:\/\/www.m-q.ch\/wp-content\/uploads\/2025\/06\/Com-Sys-und-Infoguard-buendeln-ihre-Cyber-Expertise_MQ.jpg","contentUrl":"https:\/\/www.m-q.ch\/wp-content\/uploads\/2025\/06\/Com-Sys-und-Infoguard-buendeln-ihre-Cyber-Expertise_MQ.jpg"},{"@type":"BreadcrumbList","@id":"https:\/\/www.organisator.ch\/operational-excellence\/2025-06-25\/com-sys-und-infoguard-buendeln-ihre-cyber-expertise\/#breadcrumb","itemListElement":[{"@type":"ListItem","position":1,"name":"Home","item":"https:\/\/www.organisator.ch\/"},{"@type":"ListItem","position":2,"name":"Com-Sys und Infoguard b\u00fcndeln ihre Cyber-Expertise"}]},{"@type":"WebSite","@id":"https:\/\/www.organisator.ch\/#website","url":"https:\/\/www.organisator.ch\/","name":"Organisateur","description":"Comp\u00e9tence et comp\u00e9tence. Proches de la pratique. L'ORGANISATEUR pr\u00e9pare 10 num\u00e9ros par an sur les th\u00e8mes essentiels pour les dirigeants de PME.","publisher":{"@id":"https:\/\/www.organisator.ch\/#organization"},"potentialAction":[{"@type":"SearchAction","target":{"@type":"EntryPoint","urlTemplate":"https:\/\/www.organisator.ch\/?s={search_term_string}"},"query-input":{"@type":"PropertyValueSpecification","valueRequired":true,"valueName":"search_term_string"}}],"inLanguage":"fr-FR"},{"@type":"Organization","@id":"https:\/\/www.organisator.ch\/#organization","name":"Organisateur","url":"https:\/\/www.organisator.ch\/","logo":{"@type":"ImageObject","inLanguage":"fr-FR","@id":"https:\/\/www.organisator.ch\/#\/schema\/logo\/image\/","url":"https:\/\/www.organisator.ch\/wp-content\/uploads\/2022\/01\/Logo_Organisator_Website.png","contentUrl":"https:\/\/www.organisator.ch\/wp-content\/uploads\/2022\/01\/Logo_Organisator_Website.png","width":800,"height":77,"caption":"Organisator"},"image":{"@id":"https:\/\/www.organisator.ch\/#\/schema\/logo\/image\/"},"sameAs":["https:\/\/www.facebook.com\/OrganisatorFachmagazin","https:\/\/www.linkedin.com\/showcase\/organisator-das-magazin-fr-kmu","https:\/\/www.xing.com\/news\/pages\/organisator-ch-695","https:\/\/www.youtube.com\/channel\/UCGP2Sq0iWaZwT3BdIAQFYpw"]},{"@type":"Person","@id":"https:\/\/www.organisator.ch\/#\/schema\/person\/4e51799071cd2dd1232ac003643ef5f0","name":"galledia","image":{"@type":"ImageObject","inLanguage":"fr-FR","@id":"https:\/\/secure.gravatar.com\/avatar\/78a7f90c01fc2bfc875782a0d4922b37cde2cf184ce347b91316d23cd7f69a36?s=96&d=mm&r=g","url":"https:\/\/secure.gravatar.com\/avatar\/78a7f90c01fc2bfc875782a0d4922b37cde2cf184ce347b91316d23cd7f69a36?s=96&d=mm&r=g","contentUrl":"https:\/\/secure.gravatar.com\/avatar\/78a7f90c01fc2bfc875782a0d4922b37cde2cf184ce347b91316d23cd7f69a36?s=96&d=mm&r=g","caption":"galledia"},"sameAs":["https:\/\/x.com\/admin"],"url":"https:\/\/www.organisator.ch\/fr\/author\/galledia\/"}]}},"_links":{"self":[{"href":"https:\/\/www.organisator.ch\/fr\/wp-json\/wp\/v2\/posts\/39235","targetHints":{"allow":["GET"]}}],"collection":[{"href":"https:\/\/www.organisator.ch\/fr\/wp-json\/wp\/v2\/posts"}],"about":[{"href":"https:\/\/www.organisator.ch\/fr\/wp-json\/wp\/v2\/types\/post"}],"author":[{"embeddable":true,"href":"https:\/\/www.organisator.ch\/fr\/wp-json\/wp\/v2\/users\/8"}],"replies":[{"embeddable":true,"href":"https:\/\/www.organisator.ch\/fr\/wp-json\/wp\/v2\/comments?post=39235"}],"version-history":[{"count":4,"href":"https:\/\/www.organisator.ch\/fr\/wp-json\/wp\/v2\/posts\/39235\/revisions"}],"predecessor-version":[{"id":39266,"href":"https:\/\/www.organisator.ch\/fr\/wp-json\/wp\/v2\/posts\/39235\/revisions\/39266"}],"wp:attachment":[{"href":"https:\/\/www.organisator.ch\/fr\/wp-json\/wp\/v2\/media?parent=39235"}],"wp:term":[{"taxonomy":"category","embeddable":true,"href":"https:\/\/www.organisator.ch\/fr\/wp-json\/wp\/v2\/categories?post=39235"},{"taxonomy":"post_tag","embeddable":true,"href":"https:\/\/www.organisator.ch\/fr\/wp-json\/wp\/v2\/tags?post=39235"}],"curies":[{"name":"wp","href":"https:\/\/api.w.org\/{rel}","templated":true}]}}