{"id":39278,"date":"2025-06-25T16:21:18","date_gmt":"2025-06-25T14:21:18","guid":{"rendered":"https:\/\/www.markt-kom.com\/?p=236634"},"modified":"2025-06-25T17:00:20","modified_gmt":"2025-06-25T15:00:20","slug":"goldbach-und-go-wit-retail-media-oekosystem","status":"publish","type":"post","link":"https:\/\/www.organisator.ch\/fr\/marketing\/2025-06-25\/goldbach-und-go-wit-retail-media-oekosystem\/","title":{"rendered":"Goldbach et Go Wit : \u00e9cosyst\u00e8me de m\u00e9dias de vente au d\u00e9tail"},"content":{"rendered":"<p><a href=\"https:\/\/www.markt-kom.com\/de\/markom\/business\/goldbach-und-go-wit-retail-media-oekosystem\/attachment\/stefanwagner\/\"><img class=\"attachment-full size-full\" src=\"https:\/\/www.markt-kom.com\/wp-content\/uploads\/2025\/06\/StefanWagner.jpg\" sizes=\"(max-width: 1200px) 100vw, 1200px\" srcset=\"https:\/\/www.markt-kom.com\/wp-content\/uploads\/2025\/06\/StefanWagner.jpg 1200w, https:\/\/www.markt-kom.com\/wp-content\/uploads\/2025\/06\/StefanWagner-600x400.jpg 600w, https:\/\/www.markt-kom.com\/wp-content\/uploads\/2025\/06\/StefanWagner-1024x683.jpg 1024w, https:\/\/www.markt-kom.com\/wp-content\/uploads\/2025\/06\/StefanWagner-768x512.jpg 768w, https:\/\/www.markt-kom.com\/wp-content\/uploads\/2025\/06\/StefanWagner-18x12.jpg 18w, https:\/\/www.markt-kom.com\/wp-content\/uploads\/2025\/06\/StefanWagner-263x175.jpg 263w, https:\/\/www.markt-kom.com\/wp-content\/uploads\/2025\/06\/StefanWagner-525x350.jpg 525w, https:\/\/www.markt-kom.com\/wp-content\/uploads\/2025\/06\/StefanWagner-1000x667.jpg 1000w\" alt=\"\" width=\"1200\" height=\"800\" \/><\/a> <a href=\"https:\/\/www.markt-kom.com\/de\/markom\/business\/goldbach-und-go-wit-retail-media-oekosystem\/attachment\/emrahadsan\/\"><img class=\"attachment-full size-full\" src=\"https:\/\/www.markt-kom.com\/wp-content\/uploads\/2025\/06\/EmrahAdsan.jpg\" sizes=\"(max-width: 1200px) 100vw, 1200px\" srcset=\"https:\/\/www.markt-kom.com\/wp-content\/uploads\/2025\/06\/EmrahAdsan.jpg 1200w, https:\/\/www.markt-kom.com\/wp-content\/uploads\/2025\/06\/EmrahAdsan-600x436.jpg 600w, https:\/\/www.markt-kom.com\/wp-content\/uploads\/2025\/06\/EmrahAdsan-1024x744.jpg 1024w, https:\/\/www.markt-kom.com\/wp-content\/uploads\/2025\/06\/EmrahAdsan-768x558.jpg 768w, https:\/\/www.markt-kom.com\/wp-content\/uploads\/2025\/06\/EmrahAdsan-18x12.jpg 18w, https:\/\/www.markt-kom.com\/wp-content\/uploads\/2025\/06\/EmrahAdsan-241x175.jpg 241w, https:\/\/www.markt-kom.com\/wp-content\/uploads\/2025\/06\/EmrahAdsan-482x350.jpg 482w, https:\/\/www.markt-kom.com\/wp-content\/uploads\/2025\/06\/EmrahAdsan-1000x727.jpg 1000w\" alt=\"\" width=\"1200\" height=\"872\" \/><\/a><\/p>\r\n<p>La r\u00e9gie publicitaire Goldbach et l'entreprise AdTech GoWit, sp\u00e9cialis\u00e9e dans le commerce et les m\u00e9dias de d\u00e9tail, concluent un partenariat d'avenir en combinant le r\u00e9seau publicitaire local \u00e9tabli de Goldbach avec la technologie publicitaire des m\u00e9dias de d\u00e9tail de GoWit.<\/p>\r\n<p>Ce partenariat ouvre aux d\u00e9taillants et aux annonceurs l'acc\u00e8s \u00e0 une plateforme publicitaire omnicanale en libre-service qui leur permet d'int\u00e9grer plus rapidement que jamais des solutions m\u00e9dia de d\u00e9tail. Les d\u00e9taillants peuvent ainsi mon\u00e9tiser leur inventaire publicitaire num\u00e9rique tout en gardant le contr\u00f4le total de leurs ressources m\u00e9dia.<\/p>\r\n<p>De leur c\u00f4t\u00e9, les annonceurs entrent en contact avec les clients l\u00e0 o\u00f9 leur intention d'achat est la plus forte. Pour la r\u00e9gie publicitaire, ce partenariat est une \u00e9tape importante : \"Retail Media est repr\u00e9sentatif de l'\u00e9volution rapide de la publicit\u00e9 num\u00e9rique dans son ensemble et des exigences accrues de nos clients\", d\u00e9clare Stefan Wagner, Managing Director de Goldbach Audience. \"Et je suis d'autant plus heureux que nous ayons trouv\u00e9 en GoWit et sa technologie publicitaire \u00e9prouv\u00e9e dans le monde entier le partenaire id\u00e9al dans ce domaine\".<\/p>\r\n<p>Il est convaincu que la technologie de GoWit permettra une utilisation encore plus efficace des donn\u00e9es et donc des campagnes plus efficientes pour les annonceurs. Emrah Adsan, CEO de GoWit, est du m\u00eame avis : \"Avec l'\u00e9norme dynamique du march\u00e9 publicitaire suisse, Goldbach est le partenaire parfait et offre \u00e0 notre technologie publicitaire un immense r\u00e9seau\". Ils cr\u00e9eraient ainsi une solution publicitaire compl\u00e8te pour les m\u00e9dias de d\u00e9tail, dont profiteraient aussi bien les d\u00e9taillants que les annonceurs et les agences. \"Apr\u00e8s la collaboration de ces derniers mois, nous sommes convaincus de la valeur ajout\u00e9e que nous pouvons offrir aux commer\u00e7ants et aux annonceurs en Suisse\". La prochaine \u00e9tape consistera \u00e0 convaincre d'autres d\u00e9taillants et marques de rejoindre la plateforme afin d'\u00e9largir en permanence l'inventaire et la port\u00e9e.<\/p>\r\n<hr \/>\r\n<p><em>Les entreprises du Goldbach Group commercialisent et transmettent de la publicit\u00e9 dans les genres TV, radio, presse, en ligne, publicit\u00e9 ext\u00e9rieure et performance marketing. Les processus simples d'information, de conseil et de r\u00e9servation sont au premier plan. Afin d'atteindre les consommateurs* finaux au bon moment, au bon endroit et dans le bon contexte, Goldbach poursuit une approche multicanale cons\u00e9quente. Le Goldbach Group a son si\u00e8ge \u00e0 K\u00fcsnacht et est une entreprise du TX Group.\u00a0 <\/em><\/p>\r\n<p><em>GoWit est une entreprise AdTech de premier plan dont l'objectif est de d\u00e9mocratiser la publicit\u00e9 m\u00e9dia au d\u00e9tail et de la rendre accessible aux d\u00e9taillants et aux places de march\u00e9 de toutes tailles. Avec une int\u00e9gration en libre-service en 15 minutes, la plateforme GoWit permet \u00e0 des clients tels que Carrefour, Heureka Group, Kingfisher, Toters Delivery, Mumzworld et Teknosa de cr\u00e9er et de faire \u00e9voluer leur activit\u00e9 publicitaire \u00e0 forte marge sans obstacles techniques complexes ni frais suppl\u00e9mentaires. Gr\u00e2ce \u00e0 des formats publicitaires omnicanaux, un ciblage contextuel, un algorithme d'ench\u00e8res automatiques et des analyses en temps r\u00e9el, GoWit offre des solutions publicitaires efficaces et des outils de gestion de campagne pour obtenir des r\u00e9sultats impressionnants et maximiser les revenus.\u00a0<\/em><\/p>","protected":false},"excerpt":{"rendered":"<p>Ensemble, ils souhaitent mettre en place un \u00e9cosyst\u00e8me de m\u00e9dias de d\u00e9tail en Suisse et proposer des solutions innovantes de m\u00e9dias de d\u00e9tail aux d\u00e9taillants et aux annonceurs.<\/p>","protected":false},"author":8,"featured_media":0,"comment_status":"closed","ping_status":"closed","sticky":false,"template":"","format":"standard","meta":{"_acf_changed":false,"_yoast_wpseo_focuskw":"Retail-Media-\u00d6kosystem","_yoast_wpseo_metadesc":"Gemeinsam m\u00f6chten Goldbach und Go Wit ein Retail-Media-\u00d6kosystem in der Schweiz aufbauen und innovative Retail-Media-L\u00f6sungen bieten.","articlekey":"","footnotes":""},"categories":[29],"tags":[4345,149,5428,5429,4297],"class_list":["post-39278","post","type-post","status-publish","format-standard","hentry","category-marketing","tag-business","tag-detailhandel","tag-go-wit","tag-goldbach-audience","tag-marketing-und-kommunikation"],"acf":[],"yoast_head":"<!-- This site is optimized with the Yoast SEO plugin v27.5 - https:\/\/yoast.com\/product\/yoast-seo-wordpress\/ -->\n<title>Goldbach und Go Wit: Retail-Media-\u00d6kosystem - Organisator<\/title>\n<meta name=\"description\" content=\"Gemeinsam m\u00f6chten Goldbach und Go Wit ein Retail-Media-\u00d6kosystem in der Schweiz aufbauen und innovative Retail-Media-L\u00f6sungen bieten.\" \/>\n<meta name=\"robots\" content=\"index, follow, max-snippet:-1, max-image-preview:large, max-video-preview:-1\" \/>\n<link rel=\"canonical\" href=\"https:\/\/www.organisator.ch\/fr\/marketing\/2025-06-25\/goldbach-und-go-wit-retail-media-oekosystem\/\" \/>\n<meta property=\"og:locale\" content=\"fr_FR\" \/>\n<meta property=\"og:type\" content=\"article\" \/>\n<meta property=\"og:title\" content=\"Goldbach und Go Wit: Retail-Media-\u00d6kosystem - Organisator\" \/>\n<meta property=\"og:description\" content=\"Gemeinsam m\u00f6chten Goldbach und Go Wit ein Retail-Media-\u00d6kosystem in der Schweiz aufbauen und innovative Retail-Media-L\u00f6sungen bieten.\" \/>\n<meta property=\"og:url\" content=\"https:\/\/www.organisator.ch\/fr\/marketing\/2025-06-25\/goldbach-und-go-wit-retail-media-oekosystem\/\" \/>\n<meta property=\"og:site_name\" content=\"Organisator\" \/>\n<meta property=\"article:publisher\" content=\"https:\/\/www.facebook.com\/OrganisatorFachmagazin\" \/>\n<meta property=\"article:published_time\" content=\"2025-06-25T14:21:18+00:00\" \/>\n<meta property=\"article:modified_time\" content=\"2025-06-25T15:00:20+00:00\" \/>\n<meta property=\"og:image\" content=\"https:\/\/www.markt-kom.com\/wp-content\/uploads\/2025\/06\/StefanWagner.jpg\" \/>\n<meta name=\"author\" content=\"galledia\" \/>\n<meta name=\"twitter:card\" content=\"summary_large_image\" \/>\n<meta name=\"twitter:creator\" content=\"@admin\" \/>\n<script type=\"application\/ld+json\" class=\"yoast-schema-graph\">{\"@context\":\"https:\\\/\\\/schema.org\",\"@graph\":[{\"@type\":\"Article\",\"@id\":\"https:\\\/\\\/www.organisator.ch\\\/marketing\\\/2025-06-25\\\/goldbach-und-go-wit-retail-media-oekosystem\\\/#article\",\"isPartOf\":{\"@id\":\"https:\\\/\\\/www.organisator.ch\\\/marketing\\\/2025-06-25\\\/goldbach-und-go-wit-retail-media-oekosystem\\\/\"},\"author\":{\"name\":\"galledia\",\"@id\":\"https:\\\/\\\/www.organisator.ch\\\/#\\\/schema\\\/person\\\/4e51799071cd2dd1232ac003643ef5f0\"},\"headline\":\"Goldbach und Go Wit: Retail-Media-\u00d6kosystem\",\"datePublished\":\"2025-06-25T14:21:18+00:00\",\"dateModified\":\"2025-06-25T15:00:20+00:00\",\"mainEntityOfPage\":{\"@id\":\"https:\\\/\\\/www.organisator.ch\\\/marketing\\\/2025-06-25\\\/goldbach-und-go-wit-retail-media-oekosystem\\\/\"},\"wordCount\":441,\"publisher\":{\"@id\":\"https:\\\/\\\/www.organisator.ch\\\/#organization\"},\"image\":{\"@id\":\"https:\\\/\\\/www.organisator.ch\\\/marketing\\\/2025-06-25\\\/goldbach-und-go-wit-retail-media-oekosystem\\\/#primaryimage\"},\"thumbnailUrl\":\"https:\\\/\\\/www.markt-kom.com\\\/wp-content\\\/uploads\\\/2025\\\/06\\\/StefanWagner.jpg\",\"keywords\":[\"Business\",\"Detailhandel\",\"Go Wit\",\"Goldbach Audience\",\"Marketing und Kommunikation\"],\"articleSection\":[\"MARKETING\"],\"inLanguage\":\"fr-FR\"},{\"@type\":\"WebPage\",\"@id\":\"https:\\\/\\\/www.organisator.ch\\\/marketing\\\/2025-06-25\\\/goldbach-und-go-wit-retail-media-oekosystem\\\/\",\"url\":\"https:\\\/\\\/www.organisator.ch\\\/marketing\\\/2025-06-25\\\/goldbach-und-go-wit-retail-media-oekosystem\\\/\",\"name\":\"Goldbach und Go Wit: Retail-Media-\u00d6kosystem - Organisator\",\"isPartOf\":{\"@id\":\"https:\\\/\\\/www.organisator.ch\\\/#website\"},\"primaryImageOfPage\":{\"@id\":\"https:\\\/\\\/www.organisator.ch\\\/marketing\\\/2025-06-25\\\/goldbach-und-go-wit-retail-media-oekosystem\\\/#primaryimage\"},\"image\":{\"@id\":\"https:\\\/\\\/www.organisator.ch\\\/marketing\\\/2025-06-25\\\/goldbach-und-go-wit-retail-media-oekosystem\\\/#primaryimage\"},\"thumbnailUrl\":\"https:\\\/\\\/www.markt-kom.com\\\/wp-content\\\/uploads\\\/2025\\\/06\\\/StefanWagner.jpg\",\"datePublished\":\"2025-06-25T14:21:18+00:00\",\"dateModified\":\"2025-06-25T15:00:20+00:00\",\"description\":\"Gemeinsam m\u00f6chten Goldbach und Go Wit ein Retail-Media-\u00d6kosystem in der Schweiz aufbauen und innovative Retail-Media-L\u00f6sungen bieten.\",\"breadcrumb\":{\"@id\":\"https:\\\/\\\/www.organisator.ch\\\/marketing\\\/2025-06-25\\\/goldbach-und-go-wit-retail-media-oekosystem\\\/#breadcrumb\"},\"inLanguage\":\"fr-FR\",\"potentialAction\":[{\"@type\":\"ReadAction\",\"target\":[\"https:\\\/\\\/www.organisator.ch\\\/marketing\\\/2025-06-25\\\/goldbach-und-go-wit-retail-media-oekosystem\\\/\"]}]},{\"@type\":\"ImageObject\",\"inLanguage\":\"fr-FR\",\"@id\":\"https:\\\/\\\/www.organisator.ch\\\/marketing\\\/2025-06-25\\\/goldbach-und-go-wit-retail-media-oekosystem\\\/#primaryimage\",\"url\":\"https:\\\/\\\/www.markt-kom.com\\\/wp-content\\\/uploads\\\/2025\\\/06\\\/StefanWagner.jpg\",\"contentUrl\":\"https:\\\/\\\/www.markt-kom.com\\\/wp-content\\\/uploads\\\/2025\\\/06\\\/StefanWagner.jpg\"},{\"@type\":\"BreadcrumbList\",\"@id\":\"https:\\\/\\\/www.organisator.ch\\\/marketing\\\/2025-06-25\\\/goldbach-und-go-wit-retail-media-oekosystem\\\/#breadcrumb\",\"itemListElement\":[{\"@type\":\"ListItem\",\"position\":1,\"name\":\"Home\",\"item\":\"https:\\\/\\\/www.organisator.ch\\\/\"},{\"@type\":\"ListItem\",\"position\":2,\"name\":\"Goldbach und Go Wit: Retail-Media-\u00d6kosystem\"}]},{\"@type\":\"WebSite\",\"@id\":\"https:\\\/\\\/www.organisator.ch\\\/#website\",\"url\":\"https:\\\/\\\/www.organisator.ch\\\/\",\"name\":\"Organisator\",\"description\":\"Kompetent. Praxisnah. Der ORGANISATOR bereitet in 10 Ausgaben pro Jahr die wesentlichen Themen f\u00fcr F\u00fchrungskr\u00e4fte von KMU auf.\",\"publisher\":{\"@id\":\"https:\\\/\\\/www.organisator.ch\\\/#organization\"},\"potentialAction\":[{\"@type\":\"SearchAction\",\"target\":{\"@type\":\"EntryPoint\",\"urlTemplate\":\"https:\\\/\\\/www.organisator.ch\\\/?s={search_term_string}\"},\"query-input\":{\"@type\":\"PropertyValueSpecification\",\"valueRequired\":true,\"valueName\":\"search_term_string\"}}],\"inLanguage\":\"fr-FR\"},{\"@type\":\"Organization\",\"@id\":\"https:\\\/\\\/www.organisator.ch\\\/#organization\",\"name\":\"Organisator\",\"url\":\"https:\\\/\\\/www.organisator.ch\\\/\",\"logo\":{\"@type\":\"ImageObject\",\"inLanguage\":\"fr-FR\",\"@id\":\"https:\\\/\\\/www.organisator.ch\\\/#\\\/schema\\\/logo\\\/image\\\/\",\"url\":\"https:\\\/\\\/www.organisator.ch\\\/wp-content\\\/uploads\\\/2022\\\/01\\\/Logo_Organisator_Website.png\",\"contentUrl\":\"https:\\\/\\\/www.organisator.ch\\\/wp-content\\\/uploads\\\/2022\\\/01\\\/Logo_Organisator_Website.png\",\"width\":800,\"height\":77,\"caption\":\"Organisator\"},\"image\":{\"@id\":\"https:\\\/\\\/www.organisator.ch\\\/#\\\/schema\\\/logo\\\/image\\\/\"},\"sameAs\":[\"https:\\\/\\\/www.facebook.com\\\/OrganisatorFachmagazin\",\"https:\\\/\\\/www.linkedin.com\\\/showcase\\\/organisator-das-magazin-fr-kmu\",\"https:\\\/\\\/www.xing.com\\\/news\\\/pages\\\/organisator-ch-695\",\"https:\\\/\\\/www.youtube.com\\\/channel\\\/UCGP2Sq0iWaZwT3BdIAQFYpw\"]},{\"@type\":\"Person\",\"@id\":\"https:\\\/\\\/www.organisator.ch\\\/#\\\/schema\\\/person\\\/4e51799071cd2dd1232ac003643ef5f0\",\"name\":\"galledia\",\"image\":{\"@type\":\"ImageObject\",\"inLanguage\":\"fr-FR\",\"@id\":\"https:\\\/\\\/secure.gravatar.com\\\/avatar\\\/78a7f90c01fc2bfc875782a0d4922b37cde2cf184ce347b91316d23cd7f69a36?s=96&d=mm&r=g\",\"url\":\"https:\\\/\\\/secure.gravatar.com\\\/avatar\\\/78a7f90c01fc2bfc875782a0d4922b37cde2cf184ce347b91316d23cd7f69a36?s=96&d=mm&r=g\",\"contentUrl\":\"https:\\\/\\\/secure.gravatar.com\\\/avatar\\\/78a7f90c01fc2bfc875782a0d4922b37cde2cf184ce347b91316d23cd7f69a36?s=96&d=mm&r=g\",\"caption\":\"galledia\"},\"sameAs\":[\"https:\\\/\\\/x.com\\\/admin\"],\"url\":\"https:\\\/\\\/www.organisator.ch\\\/fr\\\/author\\\/galledia\\\/\"}]}<\/script>\n<!-- \/ Yoast SEO plugin. -->","yoast_head_json":{"title":"Goldbach et Go Wit : \u00e9cosyst\u00e8me de m\u00e9dias de vente au d\u00e9tail - Organisateur","description":"Ensemble, Goldbach et Go Wit souhaitent mettre en place un \u00e9cosyst\u00e8me de m\u00e9dias de d\u00e9tail en Suisse et proposer des solutions innovantes de m\u00e9dias de d\u00e9tail.","robots":{"index":"index","follow":"follow","max-snippet":"max-snippet:-1","max-image-preview":"max-image-preview:large","max-video-preview":"max-video-preview:-1"},"canonical":"https:\/\/www.organisator.ch\/fr\/marketing\/2025-06-25\/goldbach-und-go-wit-retail-media-oekosystem\/","og_locale":"fr_FR","og_type":"article","og_title":"Goldbach und Go Wit: Retail-Media-\u00d6kosystem - Organisator","og_description":"Gemeinsam m\u00f6chten Goldbach und Go Wit ein Retail-Media-\u00d6kosystem in der Schweiz aufbauen und innovative Retail-Media-L\u00f6sungen bieten.","og_url":"https:\/\/www.organisator.ch\/fr\/marketing\/2025-06-25\/goldbach-und-go-wit-retail-media-oekosystem\/","og_site_name":"Organisator","article_publisher":"https:\/\/www.facebook.com\/OrganisatorFachmagazin","article_published_time":"2025-06-25T14:21:18+00:00","article_modified_time":"2025-06-25T15:00:20+00:00","og_image":[{"url":"https:\/\/www.markt-kom.com\/wp-content\/uploads\/2025\/06\/StefanWagner.jpg","type":"","width":"","height":""}],"author":"galledia","twitter_card":"summary_large_image","twitter_creator":"@admin","schema":{"@context":"https:\/\/schema.org","@graph":[{"@type":"Article","@id":"https:\/\/www.organisator.ch\/marketing\/2025-06-25\/goldbach-und-go-wit-retail-media-oekosystem\/#article","isPartOf":{"@id":"https:\/\/www.organisator.ch\/marketing\/2025-06-25\/goldbach-und-go-wit-retail-media-oekosystem\/"},"author":{"name":"galledia","@id":"https:\/\/www.organisator.ch\/#\/schema\/person\/4e51799071cd2dd1232ac003643ef5f0"},"headline":"Goldbach und Go Wit: Retail-Media-\u00d6kosystem","datePublished":"2025-06-25T14:21:18+00:00","dateModified":"2025-06-25T15:00:20+00:00","mainEntityOfPage":{"@id":"https:\/\/www.organisator.ch\/marketing\/2025-06-25\/goldbach-und-go-wit-retail-media-oekosystem\/"},"wordCount":441,"publisher":{"@id":"https:\/\/www.organisator.ch\/#organization"},"image":{"@id":"https:\/\/www.organisator.ch\/marketing\/2025-06-25\/goldbach-und-go-wit-retail-media-oekosystem\/#primaryimage"},"thumbnailUrl":"https:\/\/www.markt-kom.com\/wp-content\/uploads\/2025\/06\/StefanWagner.jpg","keywords":["Business","Detailhandel","Go Wit","Goldbach Audience","Marketing und Kommunikation"],"articleSection":["MARKETING"],"inLanguage":"fr-FR"},{"@type":"WebPage","@id":"https:\/\/www.organisator.ch\/marketing\/2025-06-25\/goldbach-und-go-wit-retail-media-oekosystem\/","url":"https:\/\/www.organisator.ch\/marketing\/2025-06-25\/goldbach-und-go-wit-retail-media-oekosystem\/","name":"Goldbach et Go Wit : \u00e9cosyst\u00e8me de m\u00e9dias de vente au d\u00e9tail - Organisateur","isPartOf":{"@id":"https:\/\/www.organisator.ch\/#website"},"primaryImageOfPage":{"@id":"https:\/\/www.organisator.ch\/marketing\/2025-06-25\/goldbach-und-go-wit-retail-media-oekosystem\/#primaryimage"},"image":{"@id":"https:\/\/www.organisator.ch\/marketing\/2025-06-25\/goldbach-und-go-wit-retail-media-oekosystem\/#primaryimage"},"thumbnailUrl":"https:\/\/www.markt-kom.com\/wp-content\/uploads\/2025\/06\/StefanWagner.jpg","datePublished":"2025-06-25T14:21:18+00:00","dateModified":"2025-06-25T15:00:20+00:00","description":"Ensemble, Goldbach et Go Wit souhaitent mettre en place un \u00e9cosyst\u00e8me de m\u00e9dias de d\u00e9tail en Suisse et proposer des solutions innovantes de m\u00e9dias de d\u00e9tail.","breadcrumb":{"@id":"https:\/\/www.organisator.ch\/marketing\/2025-06-25\/goldbach-und-go-wit-retail-media-oekosystem\/#breadcrumb"},"inLanguage":"fr-FR","potentialAction":[{"@type":"ReadAction","target":["https:\/\/www.organisator.ch\/marketing\/2025-06-25\/goldbach-und-go-wit-retail-media-oekosystem\/"]}]},{"@type":"ImageObject","inLanguage":"fr-FR","@id":"https:\/\/www.organisator.ch\/marketing\/2025-06-25\/goldbach-und-go-wit-retail-media-oekosystem\/#primaryimage","url":"https:\/\/www.markt-kom.com\/wp-content\/uploads\/2025\/06\/StefanWagner.jpg","contentUrl":"https:\/\/www.markt-kom.com\/wp-content\/uploads\/2025\/06\/StefanWagner.jpg"},{"@type":"BreadcrumbList","@id":"https:\/\/www.organisator.ch\/marketing\/2025-06-25\/goldbach-und-go-wit-retail-media-oekosystem\/#breadcrumb","itemListElement":[{"@type":"ListItem","position":1,"name":"Home","item":"https:\/\/www.organisator.ch\/"},{"@type":"ListItem","position":2,"name":"Goldbach und Go Wit: Retail-Media-\u00d6kosystem"}]},{"@type":"WebSite","@id":"https:\/\/www.organisator.ch\/#website","url":"https:\/\/www.organisator.ch\/","name":"Organisateur","description":"Comp\u00e9tence et comp\u00e9tence. Proches de la pratique. L'ORGANISATEUR pr\u00e9pare 10 num\u00e9ros par an sur les th\u00e8mes essentiels pour les dirigeants de PME.","publisher":{"@id":"https:\/\/www.organisator.ch\/#organization"},"potentialAction":[{"@type":"SearchAction","target":{"@type":"EntryPoint","urlTemplate":"https:\/\/www.organisator.ch\/?s={search_term_string}"},"query-input":{"@type":"PropertyValueSpecification","valueRequired":true,"valueName":"search_term_string"}}],"inLanguage":"fr-FR"},{"@type":"Organization","@id":"https:\/\/www.organisator.ch\/#organization","name":"Organisateur","url":"https:\/\/www.organisator.ch\/","logo":{"@type":"ImageObject","inLanguage":"fr-FR","@id":"https:\/\/www.organisator.ch\/#\/schema\/logo\/image\/","url":"https:\/\/www.organisator.ch\/wp-content\/uploads\/2022\/01\/Logo_Organisator_Website.png","contentUrl":"https:\/\/www.organisator.ch\/wp-content\/uploads\/2022\/01\/Logo_Organisator_Website.png","width":800,"height":77,"caption":"Organisator"},"image":{"@id":"https:\/\/www.organisator.ch\/#\/schema\/logo\/image\/"},"sameAs":["https:\/\/www.facebook.com\/OrganisatorFachmagazin","https:\/\/www.linkedin.com\/showcase\/organisator-das-magazin-fr-kmu","https:\/\/www.xing.com\/news\/pages\/organisator-ch-695","https:\/\/www.youtube.com\/channel\/UCGP2Sq0iWaZwT3BdIAQFYpw"]},{"@type":"Person","@id":"https:\/\/www.organisator.ch\/#\/schema\/person\/4e51799071cd2dd1232ac003643ef5f0","name":"galledia","image":{"@type":"ImageObject","inLanguage":"fr-FR","@id":"https:\/\/secure.gravatar.com\/avatar\/78a7f90c01fc2bfc875782a0d4922b37cde2cf184ce347b91316d23cd7f69a36?s=96&d=mm&r=g","url":"https:\/\/secure.gravatar.com\/avatar\/78a7f90c01fc2bfc875782a0d4922b37cde2cf184ce347b91316d23cd7f69a36?s=96&d=mm&r=g","contentUrl":"https:\/\/secure.gravatar.com\/avatar\/78a7f90c01fc2bfc875782a0d4922b37cde2cf184ce347b91316d23cd7f69a36?s=96&d=mm&r=g","caption":"galledia"},"sameAs":["https:\/\/x.com\/admin"],"url":"https:\/\/www.organisator.ch\/fr\/author\/galledia\/"}]}},"_links":{"self":[{"href":"https:\/\/www.organisator.ch\/fr\/wp-json\/wp\/v2\/posts\/39278","targetHints":{"allow":["GET"]}}],"collection":[{"href":"https:\/\/www.organisator.ch\/fr\/wp-json\/wp\/v2\/posts"}],"about":[{"href":"https:\/\/www.organisator.ch\/fr\/wp-json\/wp\/v2\/types\/post"}],"author":[{"embeddable":true,"href":"https:\/\/www.organisator.ch\/fr\/wp-json\/wp\/v2\/users\/8"}],"replies":[{"embeddable":true,"href":"https:\/\/www.organisator.ch\/fr\/wp-json\/wp\/v2\/comments?post=39278"}],"version-history":[{"count":6,"href":"https:\/\/www.organisator.ch\/fr\/wp-json\/wp\/v2\/posts\/39278\/revisions"}],"predecessor-version":[{"id":39284,"href":"https:\/\/www.organisator.ch\/fr\/wp-json\/wp\/v2\/posts\/39278\/revisions\/39284"}],"wp:attachment":[{"href":"https:\/\/www.organisator.ch\/fr\/wp-json\/wp\/v2\/media?parent=39278"}],"wp:term":[{"taxonomy":"category","embeddable":true,"href":"https:\/\/www.organisator.ch\/fr\/wp-json\/wp\/v2\/categories?post=39278"},{"taxonomy":"post_tag","embeddable":true,"href":"https:\/\/www.organisator.ch\/fr\/wp-json\/wp\/v2\/tags?post=39278"}],"curies":[{"name":"wp","href":"https:\/\/api.w.org\/{rel}","templated":true}]}}