{"id":39308,"date":"2025-06-26T08:31:55","date_gmt":"2025-06-26T06:31:55","guid":{"rendered":"https:\/\/www.organisator.ch\/?p=39308"},"modified":"2025-07-03T08:11:32","modified_gmt":"2025-07-03T06:11:32","slug":"wenn-diese-eine-sache-fehlt-werden-sie-fremdgesteuert","status":"publish","type":"post","link":"https:\/\/www.organisator.ch\/fr\/management\/2025-06-26\/wenn-diese-eine-sache-fehlt-werden-sie-fremdgesteuert\/","title":{"rendered":"S'il vous manque cette chose, vous serez dirig\u00e9 par quelqu'un d'autre."},"content":{"rendered":"<figure id=\"attachment_39315\" aria-describedby=\"caption-attachment-39315\" style=\"width: 680px\" class=\"wp-caption alignnone\"><img loading=\"lazy\" decoding=\"async\" class=\"size-full wp-image-39315\" src=\"https:\/\/www.organisator.ch\/wp-content\/uploads\/2025\/06\/Wenn-diese-eine-Sache-fehlt-werden-Sie-fremdgesteuert_Organisator.jpg\" alt=\"\" width=\"680\" height=\"446\" srcset=\"https:\/\/www.organisator.ch\/wp-content\/uploads\/2025\/06\/Wenn-diese-eine-Sache-fehlt-werden-Sie-fremdgesteuert_Organisator.jpg 680w, https:\/\/www.organisator.ch\/wp-content\/uploads\/2025\/06\/Wenn-diese-eine-Sache-fehlt-werden-Sie-fremdgesteuert_Organisator-18x12.jpg 18w, https:\/\/www.organisator.ch\/wp-content\/uploads\/2025\/06\/Wenn-diese-eine-Sache-fehlt-werden-Sie-fremdgesteuert_Organisator-375x246.jpg 375w, https:\/\/www.organisator.ch\/wp-content\/uploads\/2025\/06\/Wenn-diese-eine-Sache-fehlt-werden-Sie-fremdgesteuert_Organisator-534x350.jpg 534w\" sizes=\"auto, (max-width: 680px) 100vw, 680px\" \/><figcaption id=\"caption-attachment-39315\" class=\"wp-caption-text\">Retrouver sa propre boussole au lieu d'\u00eatre guid\u00e9 par les autres... (Image : Unsplash.com)<\/figcaption><\/figure>\n<p>Lors de mes entretiens avec des dirigeants - qu'ils soient membres du conseil d'administration, responsables de secteur ou en passe de l'\u00eatre - une id\u00e9e revient souvent : <em>\"J'ai toujours quelque chose \u00e0 faire - mais je me demande toujours <\/em><em>plus souvent si je me dirige dans la bonne direction. Ou si je ne fais plus que r\u00e9agir.<\/em><em>\"<\/em><\/p>\n<h3>Si le contr\u00f4le actif est absent<\/h3>\n<p>Cette d\u00e9claration n'est pas un cas isol\u00e9. Elle est un signal d'alarme clair pour un d\u00e9faut que beaucoup sous-estiment - et qui a pourtant des cons\u00e9quences importantes : le manque de clart\u00e9. Car si l'on ne pilote pas activement, on est automatiquement pilot\u00e9. Pas forc\u00e9ment par une personne - mais par des calendriers, des routines, des attentes, des syst\u00e8mes.<\/p>\n<p>Et ce sont justement les cadres ambitieux, tr\u00e8s exigeants envers eux-m\u00eames, qui tombent souvent dans le pi\u00e8ge. Ils ont de grands objectifs, sans aucun doute. Mais l'image concr\u00e8te de la prochaine \u00e9tape de d\u00e9veloppement - pour soi-m\u00eame, l'\u00e9quipe ou l'entreprise - reste souvent diffuse. Ou alors, elle a \u00e9t\u00e9 dessin\u00e9e \u00e0 un moment donn\u00e9, mais s'estompe au quotidien entre les r\u00e9unions, les e-mails et les t\u00e2ches imm\u00e9diates.<\/p>\n<p>Ce qui reste sur le carreau, c'est votre propre effet de pilotage - et donc votre influence. Pas du jour au lendemain. Mais insidieusement. Avec chaque nouvelle r\u00e9action spontan\u00e9e. Avec chaque petite adaptation apparente aux priorit\u00e9s d'autrui. Chaque fois que vous dites : \"Je m'en charge bri\u00e8vement\".<\/p>\n<p>Diriger sans clart\u00e9, c'est comme naviguer sans boussole : vous \u00eates peut-\u00eatre en mouvement, mais vous ne savez pas o\u00f9 vous allez - ni si c'est la bonne direction. La clart\u00e9 n'est pas un luxe r\u00e9serv\u00e9 aux p\u00e9riodes de calme. Dans les environnements complexes et dynamiques, elle est la condition sine qua non de l'efficacit\u00e9 - et aussi d'une plus grande facilit\u00e9. Car la clart\u00e9 r\u00e9duit les d\u00e9cisions inutiles, prot\u00e8ge votre \u00e9nergie et renforce votre r\u00f4le de leader.<\/p>\n<h3>Cr\u00e9er de la clart\u00e9<\/h3>\n<p>Ce qui est important, c'est que ce n'est pas le savoir-faire ou l'engagement qui font d\u00e9faut. Mais de l'orientation consciente. De la d\u00e9cision de ce qui compte aujourd'hui - et de ce qui ne compte pas (encore).<\/p>\n<p>Et la r\u00e8gle est la suivante : ce qui n'est pas clair n'est pas d\u00e9cid\u00e9. Ce qui n'est pas d\u00e9cid\u00e9 n'est pas mis en \u0153uvre. Ce qui n'est pas mis en \u0153uvre ne fait avancer personne.<\/p>\n<p>Voici donc une id\u00e9e d'application directe : Prenez 10 minutes aujourd'hui et r\u00e9pondez \u00e0 trois questions - par \u00e9crit, tout seul :<\/p>\n<ol>\n<li>Qu'est-ce que je veux avoir r\u00e9alis\u00e9 concr\u00e8tement en six mois - pour moi et mon \u00e9quipe ?<\/li>\n<li>Quelle est ma principale contribution \u00e0 cet \u00e9gard - au-del\u00e0 des affaires courantes ?<\/li>\n<li>Qu'est-ce qui me bloque le plus en ce moment - et comment puis-je changer cela aujourd'hui ?<\/li>\n<\/ol>\n<p>Vous ne devez pas tout chambouler. Mais la clart\u00e9 commence par une pens\u00e9e - et grandit \u00e0 chaque pas conscient dans la bonne direction.<\/p>\n<p>Alors, est-ce que vous apportez plus de clart\u00e9 aujourd'hui ou est-ce que vous continuez \u00e0 courir comme avant ? C'est une d\u00e9cision claire.<\/p>\n<p><i>Vers l'auteur :<br \/>\n<\/i><em>Volkmar V\u00f6lzke est un maximisateur de succ\u00e8s. Auteur de livres. Conseiller et consultant. Coach de formation. Orateur.\u00a0<a href=\"http:\/\/www.volkmarvoelzke.ch\/\">www.volkmarvoelzke.ch<\/a><\/em><\/p>","protected":false},"excerpt":{"rendered":"<p>Les cadres se retrouvent souvent dans la situation o\u00f9 ils ne font que r\u00e9agir au lieu d'agir. Pourtant, il existe des moyens de mettre un terme \u00e0 ce \"pilotage externe\", comme le sait notre auteur invit\u00e9 Volkmar V\u00f6lzke, qui nous donne une impulsion pour r\u00e9ussir.<\/p>","protected":false},"author":4,"featured_media":39315,"comment_status":"closed","ping_status":"closed","sticky":false,"template":"","format":"standard","meta":{"_acf_changed":false,"_yoast_wpseo_focuskw":"fremdgesteuert","_yoast_wpseo_metadesc":"Gastautor Volkmar V\u00f6lzke vermittelt einen Erfolgs-Impuls, mit dem man verhindert, sich als F\u00fchrungskraft st\u00e4ndig fremdgesteuert zu f\u00fchlen.","articlekey":"","footnotes":""},"categories":[28],"tags":[177,320,335,429],"class_list":["post-39308","post","type-post","status-publish","format-standard","has-post-thumbnail","hentry","category-management","tag-erfolgs-impuls","tag-leadership","tag-management-und-unternehmensfuehrung","tag-selbstmanagement"],"acf":[],"yoast_head":"<!-- This site is optimized with the Yoast SEO plugin v27.5 - https:\/\/yoast.com\/product\/yoast-seo-wordpress\/ -->\n<title>Wenn diese eine Sache fehlt, werden Sie fremdgesteuert - Organisator<\/title>\n<meta name=\"description\" content=\"Gastautor Volkmar V\u00f6lzke vermittelt einen Erfolgs-Impuls, mit dem man verhindert, sich als F\u00fchrungskraft st\u00e4ndig fremdgesteuert zu f\u00fchlen.\" \/>\n<meta name=\"robots\" content=\"index, follow, max-snippet:-1, max-image-preview:large, max-video-preview:-1\" \/>\n<link rel=\"canonical\" href=\"https:\/\/www.organisator.ch\/fr\/gestion-2\/2025-06-26\/wenn-diese-eine-sache-fehlt-werden-sie-fremdgesteuert\/\" \/>\n<meta property=\"og:locale\" content=\"fr_FR\" \/>\n<meta property=\"og:type\" content=\"article\" \/>\n<meta property=\"og:title\" content=\"Wenn diese eine Sache fehlt, werden Sie fremdgesteuert\" \/>\n<meta property=\"og:description\" content=\"Gastautor Volkmar V\u00f6lzke vermittelt einen Erfolgs-Impuls, mit dem man verhindert, sich als F\u00fchrungskraft st\u00e4ndig fremdgesteuert zu f\u00fchlen.\" \/>\n<meta property=\"og:url\" content=\"https:\/\/www.organisator.ch\/fr\/gestion-2\/2025-06-26\/wenn-diese-eine-sache-fehlt-werden-sie-fremdgesteuert\/\" \/>\n<meta property=\"og:site_name\" content=\"Organisator\" \/>\n<meta property=\"article:publisher\" content=\"https:\/\/www.facebook.com\/OrganisatorFachmagazin\" \/>\n<meta property=\"article:published_time\" content=\"2025-06-26T06:31:55+00:00\" \/>\n<meta property=\"article:modified_time\" content=\"2025-07-03T06:11:32+00:00\" \/>\n<meta property=\"og:image\" content=\"https:\/\/www.organisator.ch\/wp-content\/uploads\/2025\/06\/Wenn-diese-eine-Sache-fehlt-werden-Sie-fremdgesteuert_Organisator.jpg\" \/>\n\t<meta property=\"og:image:width\" content=\"680\" \/>\n\t<meta property=\"og:image:height\" content=\"446\" \/>\n\t<meta property=\"og:image:type\" content=\"image\/jpeg\" \/>\n<meta name=\"author\" content=\"thomas.berner\" \/>\n<meta name=\"twitter:card\" content=\"summary_large_image\" \/>\n<meta name=\"twitter:title\" content=\"Wenn diese eine Sache fehlt, werden Sie #fremdgesteuert\" \/>\n<meta name=\"twitter:description\" content=\"Gastautor Volkmar V\u00f6lzke vermittelt einen #Erfolgs-Impuls, mit dem man verhindert, sich als #F\u00fchrungskraft st\u00e4ndig #fremdgesteuert zu f\u00fchlen.\" \/>\n<meta name=\"twitter:image\" content=\"https:\/\/www.organisator.ch\/wp-content\/uploads\/2025\/06\/Wenn-diese-eine-Sache-fehlt-werden-Sie-fremdgesteuert_Organisator.jpg\" \/>\n<script type=\"application\/ld+json\" class=\"yoast-schema-graph\">{\"@context\":\"https:\\\/\\\/schema.org\",\"@graph\":[{\"@type\":\"Article\",\"@id\":\"https:\\\/\\\/www.organisator.ch\\\/management\\\/2025-06-26\\\/wenn-diese-eine-sache-fehlt-werden-sie-fremdgesteuert\\\/#article\",\"isPartOf\":{\"@id\":\"https:\\\/\\\/www.organisator.ch\\\/management\\\/2025-06-26\\\/wenn-diese-eine-sache-fehlt-werden-sie-fremdgesteuert\\\/\"},\"author\":{\"name\":\"thomas.berner\",\"@id\":\"https:\\\/\\\/www.organisator.ch\\\/#\\\/schema\\\/person\\\/6f650f90b2842cd4c0cc334b4e36f67e\"},\"headline\":\"Wenn diese eine Sache fehlt, werden Sie fremdgesteuert\",\"datePublished\":\"2025-06-26T06:31:55+00:00\",\"dateModified\":\"2025-07-03T06:11:32+00:00\",\"mainEntityOfPage\":{\"@id\":\"https:\\\/\\\/www.organisator.ch\\\/management\\\/2025-06-26\\\/wenn-diese-eine-sache-fehlt-werden-sie-fremdgesteuert\\\/\"},\"wordCount\":467,\"publisher\":{\"@id\":\"https:\\\/\\\/www.organisator.ch\\\/#organization\"},\"image\":{\"@id\":\"https:\\\/\\\/www.organisator.ch\\\/management\\\/2025-06-26\\\/wenn-diese-eine-sache-fehlt-werden-sie-fremdgesteuert\\\/#primaryimage\"},\"thumbnailUrl\":\"https:\\\/\\\/www.organisator.ch\\\/wp-content\\\/uploads\\\/2025\\\/06\\\/Wenn-diese-eine-Sache-fehlt-werden-Sie-fremdgesteuert_Organisator.jpg\",\"keywords\":[\"Erfolgs-Impuls\",\"Leadership\",\"Management und Unternehmensf\u00fchrung\",\"Selbstmanagement\"],\"articleSection\":[\"MANAGEMENT\"],\"inLanguage\":\"fr-FR\"},{\"@type\":\"WebPage\",\"@id\":\"https:\\\/\\\/www.organisator.ch\\\/management\\\/2025-06-26\\\/wenn-diese-eine-sache-fehlt-werden-sie-fremdgesteuert\\\/\",\"url\":\"https:\\\/\\\/www.organisator.ch\\\/management\\\/2025-06-26\\\/wenn-diese-eine-sache-fehlt-werden-sie-fremdgesteuert\\\/\",\"name\":\"Wenn diese eine Sache fehlt, werden Sie fremdgesteuert - Organisator\",\"isPartOf\":{\"@id\":\"https:\\\/\\\/www.organisator.ch\\\/#website\"},\"primaryImageOfPage\":{\"@id\":\"https:\\\/\\\/www.organisator.ch\\\/management\\\/2025-06-26\\\/wenn-diese-eine-sache-fehlt-werden-sie-fremdgesteuert\\\/#primaryimage\"},\"image\":{\"@id\":\"https:\\\/\\\/www.organisator.ch\\\/management\\\/2025-06-26\\\/wenn-diese-eine-sache-fehlt-werden-sie-fremdgesteuert\\\/#primaryimage\"},\"thumbnailUrl\":\"https:\\\/\\\/www.organisator.ch\\\/wp-content\\\/uploads\\\/2025\\\/06\\\/Wenn-diese-eine-Sache-fehlt-werden-Sie-fremdgesteuert_Organisator.jpg\",\"datePublished\":\"2025-06-26T06:31:55+00:00\",\"dateModified\":\"2025-07-03T06:11:32+00:00\",\"description\":\"Gastautor Volkmar V\u00f6lzke vermittelt einen Erfolgs-Impuls, mit dem man verhindert, sich als F\u00fchrungskraft st\u00e4ndig fremdgesteuert zu f\u00fchlen.\",\"breadcrumb\":{\"@id\":\"https:\\\/\\\/www.organisator.ch\\\/management\\\/2025-06-26\\\/wenn-diese-eine-sache-fehlt-werden-sie-fremdgesteuert\\\/#breadcrumb\"},\"inLanguage\":\"fr-FR\",\"potentialAction\":[{\"@type\":\"ReadAction\",\"target\":[\"https:\\\/\\\/www.organisator.ch\\\/management\\\/2025-06-26\\\/wenn-diese-eine-sache-fehlt-werden-sie-fremdgesteuert\\\/\"]}]},{\"@type\":\"ImageObject\",\"inLanguage\":\"fr-FR\",\"@id\":\"https:\\\/\\\/www.organisator.ch\\\/management\\\/2025-06-26\\\/wenn-diese-eine-sache-fehlt-werden-sie-fremdgesteuert\\\/#primaryimage\",\"url\":\"https:\\\/\\\/www.organisator.ch\\\/wp-content\\\/uploads\\\/2025\\\/06\\\/Wenn-diese-eine-Sache-fehlt-werden-Sie-fremdgesteuert_Organisator.jpg\",\"contentUrl\":\"https:\\\/\\\/www.organisator.ch\\\/wp-content\\\/uploads\\\/2025\\\/06\\\/Wenn-diese-eine-Sache-fehlt-werden-Sie-fremdgesteuert_Organisator.jpg\",\"width\":680,\"height\":446,\"caption\":\"Den eigenen Kompass wieder finden statt fremdgesteuert zu sein... (Bild: Unsplash.com)\"},{\"@type\":\"BreadcrumbList\",\"@id\":\"https:\\\/\\\/www.organisator.ch\\\/management\\\/2025-06-26\\\/wenn-diese-eine-sache-fehlt-werden-sie-fremdgesteuert\\\/#breadcrumb\",\"itemListElement\":[{\"@type\":\"ListItem\",\"position\":1,\"name\":\"Home\",\"item\":\"https:\\\/\\\/www.organisator.ch\\\/\"},{\"@type\":\"ListItem\",\"position\":2,\"name\":\"Wenn diese eine Sache fehlt, werden Sie fremdgesteuert\"}]},{\"@type\":\"WebSite\",\"@id\":\"https:\\\/\\\/www.organisator.ch\\\/#website\",\"url\":\"https:\\\/\\\/www.organisator.ch\\\/\",\"name\":\"Organisator\",\"description\":\"Kompetent. Praxisnah. Der ORGANISATOR bereitet in 10 Ausgaben pro Jahr die wesentlichen Themen f\u00fcr F\u00fchrungskr\u00e4fte von KMU auf.\",\"publisher\":{\"@id\":\"https:\\\/\\\/www.organisator.ch\\\/#organization\"},\"potentialAction\":[{\"@type\":\"SearchAction\",\"target\":{\"@type\":\"EntryPoint\",\"urlTemplate\":\"https:\\\/\\\/www.organisator.ch\\\/?s={search_term_string}\"},\"query-input\":{\"@type\":\"PropertyValueSpecification\",\"valueRequired\":true,\"valueName\":\"search_term_string\"}}],\"inLanguage\":\"fr-FR\"},{\"@type\":\"Organization\",\"@id\":\"https:\\\/\\\/www.organisator.ch\\\/#organization\",\"name\":\"Organisator\",\"url\":\"https:\\\/\\\/www.organisator.ch\\\/\",\"logo\":{\"@type\":\"ImageObject\",\"inLanguage\":\"fr-FR\",\"@id\":\"https:\\\/\\\/www.organisator.ch\\\/#\\\/schema\\\/logo\\\/image\\\/\",\"url\":\"https:\\\/\\\/www.organisator.ch\\\/wp-content\\\/uploads\\\/2022\\\/01\\\/Logo_Organisator_Website.png\",\"contentUrl\":\"https:\\\/\\\/www.organisator.ch\\\/wp-content\\\/uploads\\\/2022\\\/01\\\/Logo_Organisator_Website.png\",\"width\":800,\"height\":77,\"caption\":\"Organisator\"},\"image\":{\"@id\":\"https:\\\/\\\/www.organisator.ch\\\/#\\\/schema\\\/logo\\\/image\\\/\"},\"sameAs\":[\"https:\\\/\\\/www.facebook.com\\\/OrganisatorFachmagazin\",\"https:\\\/\\\/www.linkedin.com\\\/showcase\\\/organisator-das-magazin-fr-kmu\",\"https:\\\/\\\/www.xing.com\\\/news\\\/pages\\\/organisator-ch-695\",\"https:\\\/\\\/www.youtube.com\\\/channel\\\/UCGP2Sq0iWaZwT3BdIAQFYpw\"]},{\"@type\":\"Person\",\"@id\":\"https:\\\/\\\/www.organisator.ch\\\/#\\\/schema\\\/person\\\/6f650f90b2842cd4c0cc334b4e36f67e\",\"name\":\"thomas.berner\",\"image\":{\"@type\":\"ImageObject\",\"inLanguage\":\"fr-FR\",\"@id\":\"https:\\\/\\\/secure.gravatar.com\\\/avatar\\\/ac5001d2a36cb6c6cd3e50789007ffca834b477b74a2144564522e944eabff61?s=96&d=mm&r=g\",\"url\":\"https:\\\/\\\/secure.gravatar.com\\\/avatar\\\/ac5001d2a36cb6c6cd3e50789007ffca834b477b74a2144564522e944eabff61?s=96&d=mm&r=g\",\"contentUrl\":\"https:\\\/\\\/secure.gravatar.com\\\/avatar\\\/ac5001d2a36cb6c6cd3e50789007ffca834b477b74a2144564522e944eabff61?s=96&d=mm&r=g\",\"caption\":\"thomas.berner\"},\"url\":\"https:\\\/\\\/www.organisator.ch\\\/fr\\\/author\\\/thomas-berner\\\/\"}]}<\/script>\n<!-- \/ Yoast SEO plugin. -->","yoast_head_json":{"title":"Si cette seule chose manque, vous serez dirig\u00e9 par quelqu'un d'autre - Organisateur","description":"L'auteur invit\u00e9 Volkmar V\u00f6lzke transmet une impulsion de r\u00e9ussite qui permet d'\u00e9viter de se sentir constamment dirig\u00e9 par d'autres en tant que cadre.","robots":{"index":"index","follow":"follow","max-snippet":"max-snippet:-1","max-image-preview":"max-image-preview:large","max-video-preview":"max-video-preview:-1"},"canonical":"https:\/\/www.organisator.ch\/fr\/gestion-2\/2025-06-26\/wenn-diese-eine-sache-fehlt-werden-sie-fremdgesteuert\/","og_locale":"fr_FR","og_type":"article","og_title":"Wenn diese eine Sache fehlt, werden Sie fremdgesteuert","og_description":"Gastautor Volkmar V\u00f6lzke vermittelt einen Erfolgs-Impuls, mit dem man verhindert, sich als F\u00fchrungskraft st\u00e4ndig fremdgesteuert zu f\u00fchlen.","og_url":"https:\/\/www.organisator.ch\/fr\/gestion-2\/2025-06-26\/wenn-diese-eine-sache-fehlt-werden-sie-fremdgesteuert\/","og_site_name":"Organisator","article_publisher":"https:\/\/www.facebook.com\/OrganisatorFachmagazin","article_published_time":"2025-06-26T06:31:55+00:00","article_modified_time":"2025-07-03T06:11:32+00:00","og_image":[{"width":680,"height":446,"url":"https:\/\/www.organisator.ch\/wp-content\/uploads\/2025\/06\/Wenn-diese-eine-Sache-fehlt-werden-Sie-fremdgesteuert_Organisator.jpg","type":"image\/jpeg"}],"author":"thomas.berner","twitter_card":"summary_large_image","twitter_title":"Wenn diese eine Sache fehlt, werden Sie #fremdgesteuert","twitter_description":"Gastautor Volkmar V\u00f6lzke vermittelt einen #Erfolgs-Impuls, mit dem man verhindert, sich als #F\u00fchrungskraft st\u00e4ndig #fremdgesteuert zu f\u00fchlen.","twitter_image":"https:\/\/www.organisator.ch\/wp-content\/uploads\/2025\/06\/Wenn-diese-eine-Sache-fehlt-werden-Sie-fremdgesteuert_Organisator.jpg","schema":{"@context":"https:\/\/schema.org","@graph":[{"@type":"Article","@id":"https:\/\/www.organisator.ch\/management\/2025-06-26\/wenn-diese-eine-sache-fehlt-werden-sie-fremdgesteuert\/#article","isPartOf":{"@id":"https:\/\/www.organisator.ch\/management\/2025-06-26\/wenn-diese-eine-sache-fehlt-werden-sie-fremdgesteuert\/"},"author":{"name":"thomas.berner","@id":"https:\/\/www.organisator.ch\/#\/schema\/person\/6f650f90b2842cd4c0cc334b4e36f67e"},"headline":"Wenn diese eine Sache fehlt, werden Sie fremdgesteuert","datePublished":"2025-06-26T06:31:55+00:00","dateModified":"2025-07-03T06:11:32+00:00","mainEntityOfPage":{"@id":"https:\/\/www.organisator.ch\/management\/2025-06-26\/wenn-diese-eine-sache-fehlt-werden-sie-fremdgesteuert\/"},"wordCount":467,"publisher":{"@id":"https:\/\/www.organisator.ch\/#organization"},"image":{"@id":"https:\/\/www.organisator.ch\/management\/2025-06-26\/wenn-diese-eine-sache-fehlt-werden-sie-fremdgesteuert\/#primaryimage"},"thumbnailUrl":"https:\/\/www.organisator.ch\/wp-content\/uploads\/2025\/06\/Wenn-diese-eine-Sache-fehlt-werden-Sie-fremdgesteuert_Organisator.jpg","keywords":["Erfolgs-Impuls","Leadership","Management und Unternehmensf\u00fchrung","Selbstmanagement"],"articleSection":["MANAGEMENT"],"inLanguage":"fr-FR"},{"@type":"WebPage","@id":"https:\/\/www.organisator.ch\/management\/2025-06-26\/wenn-diese-eine-sache-fehlt-werden-sie-fremdgesteuert\/","url":"https:\/\/www.organisator.ch\/management\/2025-06-26\/wenn-diese-eine-sache-fehlt-werden-sie-fremdgesteuert\/","name":"Si cette seule chose manque, vous serez dirig\u00e9 par quelqu'un d'autre - Organisateur","isPartOf":{"@id":"https:\/\/www.organisator.ch\/#website"},"primaryImageOfPage":{"@id":"https:\/\/www.organisator.ch\/management\/2025-06-26\/wenn-diese-eine-sache-fehlt-werden-sie-fremdgesteuert\/#primaryimage"},"image":{"@id":"https:\/\/www.organisator.ch\/management\/2025-06-26\/wenn-diese-eine-sache-fehlt-werden-sie-fremdgesteuert\/#primaryimage"},"thumbnailUrl":"https:\/\/www.organisator.ch\/wp-content\/uploads\/2025\/06\/Wenn-diese-eine-Sache-fehlt-werden-Sie-fremdgesteuert_Organisator.jpg","datePublished":"2025-06-26T06:31:55+00:00","dateModified":"2025-07-03T06:11:32+00:00","description":"L'auteur invit\u00e9 Volkmar V\u00f6lzke transmet une impulsion de r\u00e9ussite qui permet d'\u00e9viter de se sentir constamment dirig\u00e9 par d'autres en tant que cadre.","breadcrumb":{"@id":"https:\/\/www.organisator.ch\/management\/2025-06-26\/wenn-diese-eine-sache-fehlt-werden-sie-fremdgesteuert\/#breadcrumb"},"inLanguage":"fr-FR","potentialAction":[{"@type":"ReadAction","target":["https:\/\/www.organisator.ch\/management\/2025-06-26\/wenn-diese-eine-sache-fehlt-werden-sie-fremdgesteuert\/"]}]},{"@type":"ImageObject","inLanguage":"fr-FR","@id":"https:\/\/www.organisator.ch\/management\/2025-06-26\/wenn-diese-eine-sache-fehlt-werden-sie-fremdgesteuert\/#primaryimage","url":"https:\/\/www.organisator.ch\/wp-content\/uploads\/2025\/06\/Wenn-diese-eine-Sache-fehlt-werden-Sie-fremdgesteuert_Organisator.jpg","contentUrl":"https:\/\/www.organisator.ch\/wp-content\/uploads\/2025\/06\/Wenn-diese-eine-Sache-fehlt-werden-Sie-fremdgesteuert_Organisator.jpg","width":680,"height":446,"caption":"Den eigenen Kompass wieder finden statt fremdgesteuert zu sein... (Bild: Unsplash.com)"},{"@type":"BreadcrumbList","@id":"https:\/\/www.organisator.ch\/management\/2025-06-26\/wenn-diese-eine-sache-fehlt-werden-sie-fremdgesteuert\/#breadcrumb","itemListElement":[{"@type":"ListItem","position":1,"name":"Home","item":"https:\/\/www.organisator.ch\/"},{"@type":"ListItem","position":2,"name":"Wenn diese eine Sache fehlt, werden Sie fremdgesteuert"}]},{"@type":"WebSite","@id":"https:\/\/www.organisator.ch\/#website","url":"https:\/\/www.organisator.ch\/","name":"Organisateur","description":"Comp\u00e9tence et comp\u00e9tence. Proches de la pratique. L'ORGANISATEUR pr\u00e9pare 10 num\u00e9ros par an sur les th\u00e8mes essentiels pour les dirigeants de PME.","publisher":{"@id":"https:\/\/www.organisator.ch\/#organization"},"potentialAction":[{"@type":"SearchAction","target":{"@type":"EntryPoint","urlTemplate":"https:\/\/www.organisator.ch\/?s={search_term_string}"},"query-input":{"@type":"PropertyValueSpecification","valueRequired":true,"valueName":"search_term_string"}}],"inLanguage":"fr-FR"},{"@type":"Organization","@id":"https:\/\/www.organisator.ch\/#organization","name":"Organisateur","url":"https:\/\/www.organisator.ch\/","logo":{"@type":"ImageObject","inLanguage":"fr-FR","@id":"https:\/\/www.organisator.ch\/#\/schema\/logo\/image\/","url":"https:\/\/www.organisator.ch\/wp-content\/uploads\/2022\/01\/Logo_Organisator_Website.png","contentUrl":"https:\/\/www.organisator.ch\/wp-content\/uploads\/2022\/01\/Logo_Organisator_Website.png","width":800,"height":77,"caption":"Organisator"},"image":{"@id":"https:\/\/www.organisator.ch\/#\/schema\/logo\/image\/"},"sameAs":["https:\/\/www.facebook.com\/OrganisatorFachmagazin","https:\/\/www.linkedin.com\/showcase\/organisator-das-magazin-fr-kmu","https:\/\/www.xing.com\/news\/pages\/organisator-ch-695","https:\/\/www.youtube.com\/channel\/UCGP2Sq0iWaZwT3BdIAQFYpw"]},{"@type":"Person","@id":"https:\/\/www.organisator.ch\/#\/schema\/person\/6f650f90b2842cd4c0cc334b4e36f67e","name":"thomas.berner","image":{"@type":"ImageObject","inLanguage":"fr-FR","@id":"https:\/\/secure.gravatar.com\/avatar\/ac5001d2a36cb6c6cd3e50789007ffca834b477b74a2144564522e944eabff61?s=96&d=mm&r=g","url":"https:\/\/secure.gravatar.com\/avatar\/ac5001d2a36cb6c6cd3e50789007ffca834b477b74a2144564522e944eabff61?s=96&d=mm&r=g","contentUrl":"https:\/\/secure.gravatar.com\/avatar\/ac5001d2a36cb6c6cd3e50789007ffca834b477b74a2144564522e944eabff61?s=96&d=mm&r=g","caption":"thomas.berner"},"url":"https:\/\/www.organisator.ch\/fr\/author\/thomas-berner\/"}]}},"_links":{"self":[{"href":"https:\/\/www.organisator.ch\/fr\/wp-json\/wp\/v2\/posts\/39308","targetHints":{"allow":["GET"]}}],"collection":[{"href":"https:\/\/www.organisator.ch\/fr\/wp-json\/wp\/v2\/posts"}],"about":[{"href":"https:\/\/www.organisator.ch\/fr\/wp-json\/wp\/v2\/types\/post"}],"author":[{"embeddable":true,"href":"https:\/\/www.organisator.ch\/fr\/wp-json\/wp\/v2\/users\/4"}],"replies":[{"embeddable":true,"href":"https:\/\/www.organisator.ch\/fr\/wp-json\/wp\/v2\/comments?post=39308"}],"version-history":[{"count":5,"href":"https:\/\/www.organisator.ch\/fr\/wp-json\/wp\/v2\/posts\/39308\/revisions"}],"predecessor-version":[{"id":39423,"href":"https:\/\/www.organisator.ch\/fr\/wp-json\/wp\/v2\/posts\/39308\/revisions\/39423"}],"wp:featuredmedia":[{"embeddable":true,"href":"https:\/\/www.organisator.ch\/fr\/wp-json\/wp\/v2\/media\/39315"}],"wp:attachment":[{"href":"https:\/\/www.organisator.ch\/fr\/wp-json\/wp\/v2\/media?parent=39308"}],"wp:term":[{"taxonomy":"category","embeddable":true,"href":"https:\/\/www.organisator.ch\/fr\/wp-json\/wp\/v2\/categories?post=39308"},{"taxonomy":"post_tag","embeddable":true,"href":"https:\/\/www.organisator.ch\/fr\/wp-json\/wp\/v2\/tags?post=39308"}],"curies":[{"name":"wp","href":"https:\/\/api.w.org\/{rel}","templated":true}]}}