{"id":39351,"date":"2025-06-30T13:25:27","date_gmt":"2025-06-30T11:25:27","guid":{"rendered":"https:\/\/www.organisator.ch\/?p=39351"},"modified":"2025-06-30T13:25:27","modified_gmt":"2025-06-30T11:25:27","slug":"sia-abrasives-feiert-150-jahr-jubilaeum","status":"publish","type":"post","link":"https:\/\/www.organisator.ch\/fr\/management\/2025-06-30\/sia-abrasives-feiert-150-jahr-jubilaeum\/","title":{"rendered":"sia Abrasives f\u00eate son 150e anniversaire"},"content":{"rendered":"<figure id=\"attachment_39352\" aria-describedby=\"caption-attachment-39352\" style=\"width: 680px\" class=\"wp-caption alignnone\"><img loading=\"lazy\" decoding=\"async\" class=\"size-full wp-image-39352\" src=\"https:\/\/www.organisator.ch\/wp-content\/uploads\/2025\/06\/sia-Abrasives-feiert-150-Jahr-Jubilaeum-1_Organisator.jpg\" alt=\"\" width=\"680\" height=\"398\" srcset=\"https:\/\/www.organisator.ch\/wp-content\/uploads\/2025\/06\/sia-Abrasives-feiert-150-Jahr-Jubilaeum-1_Organisator.jpg 680w, https:\/\/www.organisator.ch\/wp-content\/uploads\/2025\/06\/sia-Abrasives-feiert-150-Jahr-Jubilaeum-1_Organisator-18x12.jpg 18w, https:\/\/www.organisator.ch\/wp-content\/uploads\/2025\/06\/sia-Abrasives-feiert-150-Jahr-Jubilaeum-1_Organisator-375x219.jpg 375w, https:\/\/www.organisator.ch\/wp-content\/uploads\/2025\/06\/sia-Abrasives-feiert-150-Jahr-Jubilaeum-1_Organisator-598x350.jpg 598w\" sizes=\"auto, (max-width: 680px) 100vw, 680px\" \/><figcaption id=\"caption-attachment-39352\" class=\"wp-caption-text\">L'usine de Frauenfeld en 1914 (Photo : zVg \/ sia Abrasives)<\/figcaption><\/figure>\n<p>Qui ne les conna\u00eet pas : les papiers abrasifs avec l'inscription \"SIA\" au dos. Le fabricant de ces produits tr\u00e8s r\u00e9pandus tant chez les professionnels que chez les bricoleurs amateurs, sia Abrasives Industries AG, f\u00eatera ses 150 ans d'existence en 2025. En 1875, l'entreprise commence la premi\u00e8re fabrication m\u00e9canique d'abrasifs flexibles sur le site actuel de Frauenfeld. En un si\u00e8cle et demi, elle s'est d\u00e9velopp\u00e9e pour devenir un sp\u00e9cialiste mondial des solutions industrielles sur mesure. Sia Abrasives emploie environ 1'000 personnes dans le monde entier et environ 350 sur le site de Frauenfeld. Depuis 2008, sia Abrasives fait partie du groupe Bosch et est rattach\u00e9e \u00e0 la division Power Tools. \"Le fait que notre entreprise puisse f\u00eater son 150e anniversaire n'est pas un hasard. C'est le r\u00e9sultat d'une sp\u00e9cialisation claire, d'une expertise profond\u00e9ment enracin\u00e9e et du courage d'innover. Ce succ\u00e8s, nous le devons \u00e0 chaque collaboratrice et collaborateur qui, avec engagement, savoir-faire et conviction, donne vie \u00e0 nos valeurs jour apr\u00e8s jour\", explique Paulo Ferrari, CEO sia Abrasives Industries AG.<\/p>\n<h3>Un travail de pionnier dans le d\u00e9veloppement d'abrasifs flexibles<\/h3>\n<p>Depuis sa cr\u00e9ation, l'entreprise a jou\u00e9 un r\u00f4le d\u00e9cisif dans le d\u00e9veloppement des abrasifs. Cr\u00e9\u00e9e \u00e0 l'origine comme usine chimique, elle se lance en 1875 dans la production d'abrasifs flexibles sur le site de Frauenfeld, posant ainsi la premi\u00e8re pierre d'une impressionnante success story. D\u00e8s les premi\u00e8res ann\u00e9es suivant sa cr\u00e9ation, l'entreprise reconna\u00eet les exigences croissantes de la r\u00e9volution industrielle. Les exigences croissantes en mati\u00e8re de qualit\u00e9 n\u00e9cessitent des outils sp\u00e9cialis\u00e9s, notamment pour le pon\u00e7age fin des surfaces. Avec l'introduction du papier et de la toile \u00e9meri en 1875, l'entreprise comble une importante lacune sur le march\u00e9 et peut s'\u00e9tablir en Suisse comme le seul producteur d'abrasifs flexibles.<\/p>\n<h3>Comp\u00e9tence industrielle mondiale<\/h3>\n<p>Aujourd'hui, sia Abrasives compte parmi les leaders mondiaux de la fabrication d'abrasifs de haute qualit\u00e9 et propose un vaste portefeuille de solutions pour l'industrie et l'artisanat. Avec plus de 150 ans d'exp\u00e9rience dans la production d'abrasifs, l'entreprise combine innovation technologique et savoir-faire \u00e9prouv\u00e9. L'entreprise s'est positionn\u00e9e au niveau international comme un partenaire important pour les t\u00e2ches de pon\u00e7age professionnel et l'obtention de surfaces parfaites. Ses comp\u00e9tences internationales sont particuli\u00e8rement reconnues dans les secteurs de l'a\u00e9rospatiale, de l'automobile, de l'am\u00e9nagement int\u00e9rieur, de la fabrication de meubles et de la construction m\u00e9tallique.<\/p>\n<figure id=\"attachment_39353\" aria-describedby=\"caption-attachment-39353\" style=\"width: 680px\" class=\"wp-caption alignnone\"><img loading=\"lazy\" decoding=\"async\" class=\"size-full wp-image-39353\" src=\"https:\/\/www.organisator.ch\/wp-content\/uploads\/2025\/06\/sia-Abrasives-feiert-150-Jahr-Jubilaeum-2_Organisator.jpg\" alt=\"\" width=\"680\" height=\"396\" srcset=\"https:\/\/www.organisator.ch\/wp-content\/uploads\/2025\/06\/sia-Abrasives-feiert-150-Jahr-Jubilaeum-2_Organisator.jpg 680w, https:\/\/www.organisator.ch\/wp-content\/uploads\/2025\/06\/sia-Abrasives-feiert-150-Jahr-Jubilaeum-2_Organisator-18x10.jpg 18w, https:\/\/www.organisator.ch\/wp-content\/uploads\/2025\/06\/sia-Abrasives-feiert-150-Jahr-Jubilaeum-2_Organisator-375x218.jpg 375w, https:\/\/www.organisator.ch\/wp-content\/uploads\/2025\/06\/sia-Abrasives-feiert-150-Jahr-Jubilaeum-2_Organisator-601x350.jpg 601w\" sizes=\"auto, (max-width: 680px) 100vw, 680px\" \/><figcaption id=\"caption-attachment-39353\" class=\"wp-caption-text\">Dans l'usine \"Maker 5\", la technologie la plus moderne est utilis\u00e9e pour la fabrication d'abrasifs. (Photo : zVg \/ sia Abrasives)<\/figcaption><\/figure>\n<h3>Derni\u00e8res technologies<\/h3>\n<p>En 2012, sia Abrasives a mis en service \u00e0 Frauenfeld sa nouvelle installation de production d'abrasifs flexibles, la \"Maker 5\". Cette usine est l'une des plus modernes au monde et permet de souligner le d\u00e9veloppement durable du centre de comp\u00e9tences de Frauenfeld. De nombreux composants permettent, gr\u00e2ce \u00e0 une interaction finement ajust\u00e9e, un processus de fabrication modulaire qui permet de produire \"juste \u00e0 temps\" et de rendre possible la prochaine g\u00e9n\u00e9ration d'abrasifs modernes.<\/p>\n<p>En outre, de nouvelles machines capables de produire des rouleaux de bande abrasive d'une largeur allant jusqu'\u00e0 deux m\u00e8tres sont utilis\u00e9es dans le Maker 5. Initi\u00e9e par un investissement strat\u00e9gique de Bosch Power Tools, une \u00e9troite coop\u00e9ration existe depuis 2023 entre sia Abrasives et FerRobotics Compliant Robot Technology GmbH. FerRobotics est consid\u00e9r\u00e9 comme le fournisseur leader de solutions pour le pon\u00e7age robotis\u00e9 industriel, notamment dans le domaine de l'automatisation sensible aux contacts. L'objectif de cette coop\u00e9ration est de cr\u00e9er une valeur ajout\u00e9e maximale pour les clients industriels en combinant un portefeuille unique d'abrasifs et l'utilisation de robots dot\u00e9s d'une sensibilit\u00e9 tactile.<\/p>\n<p><em>Source : <a href=\"http:\/\/www.bosch.com\">www.bosch.com<\/a>. Plus d'informations : <a href=\"https:\/\/www.siaabrasives.com\/de-ch\/kontakt\/sia-abrasives-schweiz\/\">www.siaabrasives.com<\/a><\/em><\/p>","protected":false},"excerpt":{"rendered":"<p>L'entreprise sia Abrasives Industries AG, aujourd'hui une filiale de Bosch, f\u00eate ses 150 ans d'existence. L'entreprise, dont le si\u00e8ge est \u00e0 Frauenfeld, compte parmi les principaux fabricants d'abrasifs flexibles et dispose de comp\u00e9tences industrielles dans le monde entier dans les domaines de l'a\u00e9rospatiale, de l'automobile, de l'am\u00e9nagement int\u00e9rieur, de la fabrication de meubles et de la construction m\u00e9tallique.<\/p>","protected":false},"author":4,"featured_media":39352,"comment_status":"closed","ping_status":"closed","sticky":false,"template":"","format":"standard","meta":{"_acf_changed":false,"_yoast_wpseo_focuskw":"sia Abrasives","_yoast_wpseo_metadesc":"Der Schleifmittel-Hersteller sia Abrasives Industries AG, heute eine Tochterfirma von Bosch, feiert sein 150-j\u00e4hriges Bestehen.","articlekey":"","footnotes":""},"categories":[28],"tags":[206,266,492],"class_list":["post-39351","post","type-post","status-publish","format-standard","has-post-thumbnail","hentry","category-management","tag-firmenjubilaeum","tag-industrie","tag-unternehmen"],"acf":[],"yoast_head":"<!-- This site is optimized with the Yoast SEO plugin v27.5 - https:\/\/yoast.com\/product\/yoast-seo-wordpress\/ -->\n<title>sia Abrasives feiert 150-Jahr-Jubil\u00e4um - Organisator<\/title>\n<meta name=\"description\" content=\"Der Schleifmittel-Hersteller sia Abrasives Industries AG, heute eine Tochterfirma von Bosch, feiert sein 150-j\u00e4hriges Bestehen.\" \/>\n<meta name=\"robots\" content=\"index, follow, max-snippet:-1, max-image-preview:large, max-video-preview:-1\" \/>\n<link rel=\"canonical\" href=\"https:\/\/www.organisator.ch\/fr\/gestion-2\/2025-06-30\/sia-abrasives-feiert-150-jahr-jubilaeum\/\" \/>\n<meta property=\"og:locale\" content=\"fr_FR\" \/>\n<meta property=\"og:type\" content=\"article\" \/>\n<meta property=\"og:title\" content=\"sia Abrasives feiert 150-Jahr-Jubil\u00e4um\" \/>\n<meta property=\"og:description\" content=\"Der Schleifmittel-Hersteller sia Abrasives Industries AG, heute eine Tochterfirma von Bosch, feiert sein 150-j\u00e4hriges Bestehen.\" \/>\n<meta property=\"og:url\" content=\"https:\/\/www.organisator.ch\/fr\/gestion-2\/2025-06-30\/sia-abrasives-feiert-150-jahr-jubilaeum\/\" \/>\n<meta property=\"og:site_name\" content=\"Organisator\" \/>\n<meta property=\"article:publisher\" content=\"https:\/\/www.facebook.com\/OrganisatorFachmagazin\" \/>\n<meta property=\"article:published_time\" content=\"2025-06-30T11:25:27+00:00\" \/>\n<meta property=\"og:image\" content=\"https:\/\/www.organisator.ch\/wp-content\/uploads\/2025\/06\/sia-Abrasives-feiert-150-Jahr-Jubilaeum-1_Organisator.jpg\" \/>\n\t<meta property=\"og:image:width\" content=\"680\" \/>\n\t<meta property=\"og:image:height\" content=\"398\" \/>\n\t<meta property=\"og:image:type\" content=\"image\/jpeg\" \/>\n<meta name=\"author\" content=\"thomas.berner\" \/>\n<meta name=\"twitter:card\" content=\"summary_large_image\" \/>\n<meta name=\"twitter:title\" content=\"sia #Abrasives feiert #150-Jahr-Jubil\u00e4um\" \/>\n<meta name=\"twitter:description\" content=\"Der #Schleifmittel-Hersteller sia Abrasives Industries AG, heute eine Tochterfirma von Bosch, feiert sein #150-j\u00e4hriges Bestehen.\" \/>\n<meta name=\"twitter:image\" content=\"https:\/\/www.organisator.ch\/wp-content\/uploads\/2025\/06\/sia-Abrasives-feiert-150-Jahr-Jubilaeum-1_Organisator.jpg\" \/>\n<script type=\"application\/ld+json\" class=\"yoast-schema-graph\">{\"@context\":\"https:\\\/\\\/schema.org\",\"@graph\":[{\"@type\":\"Article\",\"@id\":\"https:\\\/\\\/www.organisator.ch\\\/management\\\/2025-06-30\\\/sia-abrasives-feiert-150-jahr-jubilaeum\\\/#article\",\"isPartOf\":{\"@id\":\"https:\\\/\\\/www.organisator.ch\\\/management\\\/2025-06-30\\\/sia-abrasives-feiert-150-jahr-jubilaeum\\\/\"},\"author\":{\"name\":\"thomas.berner\",\"@id\":\"https:\\\/\\\/www.organisator.ch\\\/#\\\/schema\\\/person\\\/6f650f90b2842cd4c0cc334b4e36f67e\"},\"headline\":\"sia Abrasives feiert 150-Jahr-Jubil\u00e4um\",\"datePublished\":\"2025-06-30T11:25:27+00:00\",\"mainEntityOfPage\":{\"@id\":\"https:\\\/\\\/www.organisator.ch\\\/management\\\/2025-06-30\\\/sia-abrasives-feiert-150-jahr-jubilaeum\\\/\"},\"wordCount\":567,\"publisher\":{\"@id\":\"https:\\\/\\\/www.organisator.ch\\\/#organization\"},\"image\":{\"@id\":\"https:\\\/\\\/www.organisator.ch\\\/management\\\/2025-06-30\\\/sia-abrasives-feiert-150-jahr-jubilaeum\\\/#primaryimage\"},\"thumbnailUrl\":\"https:\\\/\\\/www.organisator.ch\\\/wp-content\\\/uploads\\\/2025\\\/06\\\/sia-Abrasives-feiert-150-Jahr-Jubilaeum-1_Organisator.jpg\",\"keywords\":[\"Firmenjubil\u00e4um\",\"Industrie\",\"Unternehmen\"],\"articleSection\":[\"MANAGEMENT\"],\"inLanguage\":\"fr-FR\"},{\"@type\":\"WebPage\",\"@id\":\"https:\\\/\\\/www.organisator.ch\\\/management\\\/2025-06-30\\\/sia-abrasives-feiert-150-jahr-jubilaeum\\\/\",\"url\":\"https:\\\/\\\/www.organisator.ch\\\/management\\\/2025-06-30\\\/sia-abrasives-feiert-150-jahr-jubilaeum\\\/\",\"name\":\"sia Abrasives feiert 150-Jahr-Jubil\u00e4um - Organisator\",\"isPartOf\":{\"@id\":\"https:\\\/\\\/www.organisator.ch\\\/#website\"},\"primaryImageOfPage\":{\"@id\":\"https:\\\/\\\/www.organisator.ch\\\/management\\\/2025-06-30\\\/sia-abrasives-feiert-150-jahr-jubilaeum\\\/#primaryimage\"},\"image\":{\"@id\":\"https:\\\/\\\/www.organisator.ch\\\/management\\\/2025-06-30\\\/sia-abrasives-feiert-150-jahr-jubilaeum\\\/#primaryimage\"},\"thumbnailUrl\":\"https:\\\/\\\/www.organisator.ch\\\/wp-content\\\/uploads\\\/2025\\\/06\\\/sia-Abrasives-feiert-150-Jahr-Jubilaeum-1_Organisator.jpg\",\"datePublished\":\"2025-06-30T11:25:27+00:00\",\"description\":\"Der Schleifmittel-Hersteller sia Abrasives Industries AG, heute eine Tochterfirma von Bosch, feiert sein 150-j\u00e4hriges Bestehen.\",\"breadcrumb\":{\"@id\":\"https:\\\/\\\/www.organisator.ch\\\/management\\\/2025-06-30\\\/sia-abrasives-feiert-150-jahr-jubilaeum\\\/#breadcrumb\"},\"inLanguage\":\"fr-FR\",\"potentialAction\":[{\"@type\":\"ReadAction\",\"target\":[\"https:\\\/\\\/www.organisator.ch\\\/management\\\/2025-06-30\\\/sia-abrasives-feiert-150-jahr-jubilaeum\\\/\"]}]},{\"@type\":\"ImageObject\",\"inLanguage\":\"fr-FR\",\"@id\":\"https:\\\/\\\/www.organisator.ch\\\/management\\\/2025-06-30\\\/sia-abrasives-feiert-150-jahr-jubilaeum\\\/#primaryimage\",\"url\":\"https:\\\/\\\/www.organisator.ch\\\/wp-content\\\/uploads\\\/2025\\\/06\\\/sia-Abrasives-feiert-150-Jahr-Jubilaeum-1_Organisator.jpg\",\"contentUrl\":\"https:\\\/\\\/www.organisator.ch\\\/wp-content\\\/uploads\\\/2025\\\/06\\\/sia-Abrasives-feiert-150-Jahr-Jubilaeum-1_Organisator.jpg\",\"width\":680,\"height\":398,\"caption\":\"Das Werk in Frauenfeld anno 1914. (Bild: zVg \\\/ sia Abrasives)\"},{\"@type\":\"BreadcrumbList\",\"@id\":\"https:\\\/\\\/www.organisator.ch\\\/management\\\/2025-06-30\\\/sia-abrasives-feiert-150-jahr-jubilaeum\\\/#breadcrumb\",\"itemListElement\":[{\"@type\":\"ListItem\",\"position\":1,\"name\":\"Home\",\"item\":\"https:\\\/\\\/www.organisator.ch\\\/\"},{\"@type\":\"ListItem\",\"position\":2,\"name\":\"sia Abrasives feiert 150-Jahr-Jubil\u00e4um\"}]},{\"@type\":\"WebSite\",\"@id\":\"https:\\\/\\\/www.organisator.ch\\\/#website\",\"url\":\"https:\\\/\\\/www.organisator.ch\\\/\",\"name\":\"Organisator\",\"description\":\"Kompetent. Praxisnah. Der ORGANISATOR bereitet in 10 Ausgaben pro Jahr die wesentlichen Themen f\u00fcr F\u00fchrungskr\u00e4fte von KMU auf.\",\"publisher\":{\"@id\":\"https:\\\/\\\/www.organisator.ch\\\/#organization\"},\"potentialAction\":[{\"@type\":\"SearchAction\",\"target\":{\"@type\":\"EntryPoint\",\"urlTemplate\":\"https:\\\/\\\/www.organisator.ch\\\/?s={search_term_string}\"},\"query-input\":{\"@type\":\"PropertyValueSpecification\",\"valueRequired\":true,\"valueName\":\"search_term_string\"}}],\"inLanguage\":\"fr-FR\"},{\"@type\":\"Organization\",\"@id\":\"https:\\\/\\\/www.organisator.ch\\\/#organization\",\"name\":\"Organisator\",\"url\":\"https:\\\/\\\/www.organisator.ch\\\/\",\"logo\":{\"@type\":\"ImageObject\",\"inLanguage\":\"fr-FR\",\"@id\":\"https:\\\/\\\/www.organisator.ch\\\/#\\\/schema\\\/logo\\\/image\\\/\",\"url\":\"https:\\\/\\\/www.organisator.ch\\\/wp-content\\\/uploads\\\/2022\\\/01\\\/Logo_Organisator_Website.png\",\"contentUrl\":\"https:\\\/\\\/www.organisator.ch\\\/wp-content\\\/uploads\\\/2022\\\/01\\\/Logo_Organisator_Website.png\",\"width\":800,\"height\":77,\"caption\":\"Organisator\"},\"image\":{\"@id\":\"https:\\\/\\\/www.organisator.ch\\\/#\\\/schema\\\/logo\\\/image\\\/\"},\"sameAs\":[\"https:\\\/\\\/www.facebook.com\\\/OrganisatorFachmagazin\",\"https:\\\/\\\/www.linkedin.com\\\/showcase\\\/organisator-das-magazin-fr-kmu\",\"https:\\\/\\\/www.xing.com\\\/news\\\/pages\\\/organisator-ch-695\",\"https:\\\/\\\/www.youtube.com\\\/channel\\\/UCGP2Sq0iWaZwT3BdIAQFYpw\"]},{\"@type\":\"Person\",\"@id\":\"https:\\\/\\\/www.organisator.ch\\\/#\\\/schema\\\/person\\\/6f650f90b2842cd4c0cc334b4e36f67e\",\"name\":\"thomas.berner\",\"image\":{\"@type\":\"ImageObject\",\"inLanguage\":\"fr-FR\",\"@id\":\"https:\\\/\\\/secure.gravatar.com\\\/avatar\\\/ac5001d2a36cb6c6cd3e50789007ffca834b477b74a2144564522e944eabff61?s=96&d=mm&r=g\",\"url\":\"https:\\\/\\\/secure.gravatar.com\\\/avatar\\\/ac5001d2a36cb6c6cd3e50789007ffca834b477b74a2144564522e944eabff61?s=96&d=mm&r=g\",\"contentUrl\":\"https:\\\/\\\/secure.gravatar.com\\\/avatar\\\/ac5001d2a36cb6c6cd3e50789007ffca834b477b74a2144564522e944eabff61?s=96&d=mm&r=g\",\"caption\":\"thomas.berner\"},\"url\":\"https:\\\/\\\/www.organisator.ch\\\/fr\\\/author\\\/thomas-berner\\\/\"}]}<\/script>\n<!-- \/ Yoast SEO plugin. -->","yoast_head_json":{"title":"sia Abrasives f\u00eate son 150e anniversaire - organisateur","description":"Le fabricant d'abrasifs sia Abrasives Industries AG, aujourd'hui une filiale de Bosch, f\u00eate ses 150 ans d'existence.","robots":{"index":"index","follow":"follow","max-snippet":"max-snippet:-1","max-image-preview":"max-image-preview:large","max-video-preview":"max-video-preview:-1"},"canonical":"https:\/\/www.organisator.ch\/fr\/gestion-2\/2025-06-30\/sia-abrasives-feiert-150-jahr-jubilaeum\/","og_locale":"fr_FR","og_type":"article","og_title":"sia Abrasives feiert 150-Jahr-Jubil\u00e4um","og_description":"Der Schleifmittel-Hersteller sia Abrasives Industries AG, heute eine Tochterfirma von Bosch, feiert sein 150-j\u00e4hriges Bestehen.","og_url":"https:\/\/www.organisator.ch\/fr\/gestion-2\/2025-06-30\/sia-abrasives-feiert-150-jahr-jubilaeum\/","og_site_name":"Organisator","article_publisher":"https:\/\/www.facebook.com\/OrganisatorFachmagazin","article_published_time":"2025-06-30T11:25:27+00:00","og_image":[{"width":680,"height":398,"url":"https:\/\/www.organisator.ch\/wp-content\/uploads\/2025\/06\/sia-Abrasives-feiert-150-Jahr-Jubilaeum-1_Organisator.jpg","type":"image\/jpeg"}],"author":"thomas.berner","twitter_card":"summary_large_image","twitter_title":"sia #Abrasives feiert #150-Jahr-Jubil\u00e4um","twitter_description":"Der #Schleifmittel-Hersteller sia Abrasives Industries AG, heute eine Tochterfirma von Bosch, feiert sein #150-j\u00e4hriges Bestehen.","twitter_image":"https:\/\/www.organisator.ch\/wp-content\/uploads\/2025\/06\/sia-Abrasives-feiert-150-Jahr-Jubilaeum-1_Organisator.jpg","schema":{"@context":"https:\/\/schema.org","@graph":[{"@type":"Article","@id":"https:\/\/www.organisator.ch\/management\/2025-06-30\/sia-abrasives-feiert-150-jahr-jubilaeum\/#article","isPartOf":{"@id":"https:\/\/www.organisator.ch\/management\/2025-06-30\/sia-abrasives-feiert-150-jahr-jubilaeum\/"},"author":{"name":"thomas.berner","@id":"https:\/\/www.organisator.ch\/#\/schema\/person\/6f650f90b2842cd4c0cc334b4e36f67e"},"headline":"sia Abrasives feiert 150-Jahr-Jubil\u00e4um","datePublished":"2025-06-30T11:25:27+00:00","mainEntityOfPage":{"@id":"https:\/\/www.organisator.ch\/management\/2025-06-30\/sia-abrasives-feiert-150-jahr-jubilaeum\/"},"wordCount":567,"publisher":{"@id":"https:\/\/www.organisator.ch\/#organization"},"image":{"@id":"https:\/\/www.organisator.ch\/management\/2025-06-30\/sia-abrasives-feiert-150-jahr-jubilaeum\/#primaryimage"},"thumbnailUrl":"https:\/\/www.organisator.ch\/wp-content\/uploads\/2025\/06\/sia-Abrasives-feiert-150-Jahr-Jubilaeum-1_Organisator.jpg","keywords":["Firmenjubil\u00e4um","Industrie","Unternehmen"],"articleSection":["MANAGEMENT"],"inLanguage":"fr-FR"},{"@type":"WebPage","@id":"https:\/\/www.organisator.ch\/management\/2025-06-30\/sia-abrasives-feiert-150-jahr-jubilaeum\/","url":"https:\/\/www.organisator.ch\/management\/2025-06-30\/sia-abrasives-feiert-150-jahr-jubilaeum\/","name":"sia Abrasives f\u00eate son 150e anniversaire - organisateur","isPartOf":{"@id":"https:\/\/www.organisator.ch\/#website"},"primaryImageOfPage":{"@id":"https:\/\/www.organisator.ch\/management\/2025-06-30\/sia-abrasives-feiert-150-jahr-jubilaeum\/#primaryimage"},"image":{"@id":"https:\/\/www.organisator.ch\/management\/2025-06-30\/sia-abrasives-feiert-150-jahr-jubilaeum\/#primaryimage"},"thumbnailUrl":"https:\/\/www.organisator.ch\/wp-content\/uploads\/2025\/06\/sia-Abrasives-feiert-150-Jahr-Jubilaeum-1_Organisator.jpg","datePublished":"2025-06-30T11:25:27+00:00","description":"Le fabricant d'abrasifs sia Abrasives Industries AG, aujourd'hui une filiale de Bosch, f\u00eate ses 150 ans d'existence.","breadcrumb":{"@id":"https:\/\/www.organisator.ch\/management\/2025-06-30\/sia-abrasives-feiert-150-jahr-jubilaeum\/#breadcrumb"},"inLanguage":"fr-FR","potentialAction":[{"@type":"ReadAction","target":["https:\/\/www.organisator.ch\/management\/2025-06-30\/sia-abrasives-feiert-150-jahr-jubilaeum\/"]}]},{"@type":"ImageObject","inLanguage":"fr-FR","@id":"https:\/\/www.organisator.ch\/management\/2025-06-30\/sia-abrasives-feiert-150-jahr-jubilaeum\/#primaryimage","url":"https:\/\/www.organisator.ch\/wp-content\/uploads\/2025\/06\/sia-Abrasives-feiert-150-Jahr-Jubilaeum-1_Organisator.jpg","contentUrl":"https:\/\/www.organisator.ch\/wp-content\/uploads\/2025\/06\/sia-Abrasives-feiert-150-Jahr-Jubilaeum-1_Organisator.jpg","width":680,"height":398,"caption":"Das Werk in Frauenfeld anno 1914. (Bild: zVg \/ sia Abrasives)"},{"@type":"BreadcrumbList","@id":"https:\/\/www.organisator.ch\/management\/2025-06-30\/sia-abrasives-feiert-150-jahr-jubilaeum\/#breadcrumb","itemListElement":[{"@type":"ListItem","position":1,"name":"Home","item":"https:\/\/www.organisator.ch\/"},{"@type":"ListItem","position":2,"name":"sia Abrasives feiert 150-Jahr-Jubil\u00e4um"}]},{"@type":"WebSite","@id":"https:\/\/www.organisator.ch\/#website","url":"https:\/\/www.organisator.ch\/","name":"Organisateur","description":"Comp\u00e9tence et comp\u00e9tence. Proches de la pratique. L'ORGANISATEUR pr\u00e9pare 10 num\u00e9ros par an sur les th\u00e8mes essentiels pour les dirigeants de PME.","publisher":{"@id":"https:\/\/www.organisator.ch\/#organization"},"potentialAction":[{"@type":"SearchAction","target":{"@type":"EntryPoint","urlTemplate":"https:\/\/www.organisator.ch\/?s={search_term_string}"},"query-input":{"@type":"PropertyValueSpecification","valueRequired":true,"valueName":"search_term_string"}}],"inLanguage":"fr-FR"},{"@type":"Organization","@id":"https:\/\/www.organisator.ch\/#organization","name":"Organisateur","url":"https:\/\/www.organisator.ch\/","logo":{"@type":"ImageObject","inLanguage":"fr-FR","@id":"https:\/\/www.organisator.ch\/#\/schema\/logo\/image\/","url":"https:\/\/www.organisator.ch\/wp-content\/uploads\/2022\/01\/Logo_Organisator_Website.png","contentUrl":"https:\/\/www.organisator.ch\/wp-content\/uploads\/2022\/01\/Logo_Organisator_Website.png","width":800,"height":77,"caption":"Organisator"},"image":{"@id":"https:\/\/www.organisator.ch\/#\/schema\/logo\/image\/"},"sameAs":["https:\/\/www.facebook.com\/OrganisatorFachmagazin","https:\/\/www.linkedin.com\/showcase\/organisator-das-magazin-fr-kmu","https:\/\/www.xing.com\/news\/pages\/organisator-ch-695","https:\/\/www.youtube.com\/channel\/UCGP2Sq0iWaZwT3BdIAQFYpw"]},{"@type":"Person","@id":"https:\/\/www.organisator.ch\/#\/schema\/person\/6f650f90b2842cd4c0cc334b4e36f67e","name":"thomas.berner","image":{"@type":"ImageObject","inLanguage":"fr-FR","@id":"https:\/\/secure.gravatar.com\/avatar\/ac5001d2a36cb6c6cd3e50789007ffca834b477b74a2144564522e944eabff61?s=96&d=mm&r=g","url":"https:\/\/secure.gravatar.com\/avatar\/ac5001d2a36cb6c6cd3e50789007ffca834b477b74a2144564522e944eabff61?s=96&d=mm&r=g","contentUrl":"https:\/\/secure.gravatar.com\/avatar\/ac5001d2a36cb6c6cd3e50789007ffca834b477b74a2144564522e944eabff61?s=96&d=mm&r=g","caption":"thomas.berner"},"url":"https:\/\/www.organisator.ch\/fr\/author\/thomas-berner\/"}]}},"_links":{"self":[{"href":"https:\/\/www.organisator.ch\/fr\/wp-json\/wp\/v2\/posts\/39351","targetHints":{"allow":["GET"]}}],"collection":[{"href":"https:\/\/www.organisator.ch\/fr\/wp-json\/wp\/v2\/posts"}],"about":[{"href":"https:\/\/www.organisator.ch\/fr\/wp-json\/wp\/v2\/types\/post"}],"author":[{"embeddable":true,"href":"https:\/\/www.organisator.ch\/fr\/wp-json\/wp\/v2\/users\/4"}],"replies":[{"embeddable":true,"href":"https:\/\/www.organisator.ch\/fr\/wp-json\/wp\/v2\/comments?post=39351"}],"version-history":[{"count":3,"href":"https:\/\/www.organisator.ch\/fr\/wp-json\/wp\/v2\/posts\/39351\/revisions"}],"predecessor-version":[{"id":39440,"href":"https:\/\/www.organisator.ch\/fr\/wp-json\/wp\/v2\/posts\/39351\/revisions\/39440"}],"wp:featuredmedia":[{"embeddable":true,"href":"https:\/\/www.organisator.ch\/fr\/wp-json\/wp\/v2\/media\/39352"}],"wp:attachment":[{"href":"https:\/\/www.organisator.ch\/fr\/wp-json\/wp\/v2\/media?parent=39351"}],"wp:term":[{"taxonomy":"category","embeddable":true,"href":"https:\/\/www.organisator.ch\/fr\/wp-json\/wp\/v2\/categories?post=39351"},{"taxonomy":"post_tag","embeddable":true,"href":"https:\/\/www.organisator.ch\/fr\/wp-json\/wp\/v2\/tags?post=39351"}],"curies":[{"name":"wp","href":"https:\/\/api.w.org\/{rel}","templated":true}]}}