{"id":39359,"date":"2025-07-01T05:13:09","date_gmt":"2025-07-01T03:13:09","guid":{"rendered":"https:\/\/www.organisator.ch\/?p=39359"},"modified":"2025-06-30T16:39:03","modified_gmt":"2025-06-30T14:39:03","slug":"fuehrungswechsel-bei-sky-frame-auf-beat-guhl-folgt-angelo-razzino","status":"publish","type":"post","link":"https:\/\/www.organisator.ch\/fr\/management\/2025-07-01\/fuehrungswechsel-bei-sky-frame-auf-beat-guhl-folgt-angelo-razzino\/","title":{"rendered":"Changement de direction chez Sky-Frame : Angelo Razzino succ\u00e8de \u00e0 Beat Guhl"},"content":{"rendered":"<div class=\"text-plugin-content\">\n<div class=\"text-plugin-content__inner\">\n<figure id=\"attachment_39360\" aria-describedby=\"caption-attachment-39360\" style=\"width: 680px\" class=\"wp-caption alignnone\"><img loading=\"lazy\" decoding=\"async\" class=\"size-full wp-image-39360\" src=\"https:\/\/www.organisator.ch\/wp-content\/uploads\/2025\/06\/Fuehrungswechsel-bei-Sky-Frame-Auf-Beat-Guhl-folgt-Angelo-Razzino_Organisator.jpg\" alt=\"\" width=\"680\" height=\"453\" srcset=\"https:\/\/www.organisator.ch\/wp-content\/uploads\/2025\/06\/Fuehrungswechsel-bei-Sky-Frame-Auf-Beat-Guhl-folgt-Angelo-Razzino_Organisator.jpg 680w, https:\/\/www.organisator.ch\/wp-content\/uploads\/2025\/06\/Fuehrungswechsel-bei-Sky-Frame-Auf-Beat-Guhl-folgt-Angelo-Razzino_Organisator-18x12.jpg 18w, https:\/\/www.organisator.ch\/wp-content\/uploads\/2025\/06\/Fuehrungswechsel-bei-Sky-Frame-Auf-Beat-Guhl-folgt-Angelo-Razzino_Organisator-375x250.jpg 375w, https:\/\/www.organisator.ch\/wp-content\/uploads\/2025\/06\/Fuehrungswechsel-bei-Sky-Frame-Auf-Beat-Guhl-folgt-Angelo-Razzino_Organisator-525x350.jpg 525w\" sizes=\"auto, (max-width: 680px) 100vw, 680px\" \/><figcaption id=\"caption-attachment-39360\" class=\"wp-caption-text\">Changement de direction chez Sky-Frame : Angelo Razzino (\u00e0 droite) reprend la direction de l'entreprise de Beat Guhl le 1er juillet 2025. (Image : zVg \/ Sky-Frame)<\/figcaption><\/figure><\/p>\n<p>Beat Guhl a d\u00e9velopp\u00e9 Sky-Frame au cours du dernier quart de si\u00e8cle, passant d'une entreprise de construction m\u00e9tallique \u00e0 un leader international du march\u00e9 des solutions de fen\u00eatres sans cadre. Il passe maintenant le flambeau \u00e0 Angelo Razzino, qui conna\u00eet d\u00e9j\u00e0 bien l'entreprise. Ce r\u00e8glement interne de la succession a \u00e9t\u00e9 soigneusement pr\u00e9par\u00e9 pendant plusieurs ann\u00e9es, \u00e9crit Beat Guhl dans une lettre personnelle adress\u00e9e aux clients et aux partenaires commerciaux. \"Avec Angelo Razzino, c'est une personnalit\u00e9 dirigeante qui conna\u00eet Sky-Frame depuis neuf ans et qui a occup\u00e9 en dernier lieu le poste de Chief Sales Officer qui prend la rel\u00e8ve. Durant cette p\u00e9riode, il a non seulement marqu\u00e9 de son empreinte la distribution internationale, mais il a \u00e9galement assum\u00e9 la responsabilit\u00e9 de nos filiales et fait avancer leur d\u00e9veloppement strat\u00e9gique. Son \u00e9lection n'est pas seulement synonyme de continuit\u00e9, mais aussi d'un engagement clair en faveur de la proximit\u00e9 avec la client\u00e8le : Angelo conna\u00eet les besoins de nos clients de premi\u00e8re main - et il mettra encore plus l'accent sur ce point dans l'orientation future de Sky-Frame\", d\u00e9clare Beat Guhl. Et d'ajouter : \"Je suis convaincu qu'un entrepreneur assume ses responsabilit\u00e9s lorsqu'il a r\u00e9gl\u00e9 sa succession de mani\u00e8re claire et pr\u00e9voyante. Ce moment est maintenant venu pour moi\". Avec la nouvelle \u00e9quipe de direction, Sky-Frame assure la continuit\u00e9 dans la responsabilit\u00e9 strat\u00e9gique et op\u00e9rationnelle.\u00a0<\/p>\n<h3>Nouvelle composition de la direction<\/h3>\n<p>Angelo Razzino ne prend donc pas la succession sans pr\u00e9paration. \"Prendre cette succession est pour moi bien plus qu'une simple \u00e9tape professionnelle - c'est \u00e0 la fois un honneur et une obligation de poursuivre l'\u0153uvre de vie du fondateur avec respect et responsabilit\u00e9. Je me r\u00e9jouis de continuer \u00e0 \u00e9crire l'histoire du succ\u00e8s de Sky-Frame avec une \u00e9quipe solide\", d\u00e9clare-t-il \u00e0 propos de sa nouvelle mission.\u00a0<\/p>\n<p>La nouvelle direction est \u00e9galement compos\u00e9e de cadres et de collaborateurs de longue date : Outre Angelo Razzino (CEO), Reto Honegger (CFO), Andrea Z\u00fcrcher (CMO) et Maurin M\u00fcller (COO) font partie de la nouvelle direction. Tous les membres de la direction participent au programme d'options qui leur permet de prendre progressivement des parts dans l'entreprise - un signe clair de leur engagement et de leur confiance dans l'avenir de Sky-Frame. Un changement intervient \u00e9galement au sein du conseil d'administration : Beat Spalinger, vice-pr\u00e9sident depuis six ans, prend la pr\u00e9sidence. Beat Guhl reste \u00e9troitement li\u00e9 \u00e0 l'entreprise en tant que vice-pr\u00e9sident du conseil d'administration ainsi qu'en tant qu'actionnaire majoritaire. Il assurera en outre l'int\u00e9rim de la direction du d\u00e9veloppement des syst\u00e8mes jusqu'\u00e0 l'arriv\u00e9e du nouveau directeur fin 2025.<\/p>\n<h3>Pionnier des syst\u00e8mes de fen\u00eatres sans cadre<\/h3>\n<div class=\"text-plugin-content\">\n<div class=\"text-plugin-content__inner\">\n<p>Sky-Frame s'est fait un nom aupr\u00e8s des architectes et des d\u00e9corateurs du monde entier en tant que fournisseur de syst\u00e8mes de fen\u00eatres coulissantes sans cadre. Les grandes fa\u00e7ades vitr\u00e9es sans seuil abolissent la fronti\u00e8re entre l'int\u00e9rieur et l'ext\u00e9rieur et permettent de cr\u00e9er des exp\u00e9riences de vie uniques dans des espaces fluides. L'entreprise a \u00e9t\u00e9 fond\u00e9e en 1993 sous le nom de R&amp;G Metallbau AG avec trois collaborateurs. Aujourd'hui, Sky-Frame emploie 150 personnes. Le principal site de d\u00e9veloppement et de production se trouve \u00e0 Frauenfeld ; Sky-Frame est repr\u00e9sent\u00e9e par des filiales \u00e0 Rothrist, Vienne, Milan, Londres et Los Angeles. Depuis qu'un syst\u00e8me Sky-Frame a \u00e9t\u00e9 install\u00e9 pour la premi\u00e8re fois en 2002, l'entreprise suisse a r\u00e9alis\u00e9 des r\u00eaves d'habitat individuel dans plus de 11'000 objets sur six continents.<\/p>\n<p><em>Source et informations compl\u00e9mentaires : <a href=\"http:\/\/www.sky-frame.com\">www.sky-frame.com<\/a><\/em><\/p>\n<\/div>\n<\/div>\n<\/div>\n<\/div>","protected":false},"excerpt":{"rendered":"<p>Apr\u00e8s 23 ans en tant que CEO de Sky-Frame et plus de 30 ans d'entrepreneuriat, Beat Guhl transmettra la responsabilit\u00e9 op\u00e9rationnelle \u00e0 Angelo Razzino le 1er juillet 2025. Ce dernier prendra la direction de l'entreprise bas\u00e9e \u00e0 Frauenfeld TG en tant que nouveau CEO.<\/p>","protected":false},"author":4,"featured_media":39360,"comment_status":"closed","ping_status":"closed","sticky":false,"template":"","format":"standard","meta":{"_acf_changed":false,"_yoast_wpseo_focuskw":"Beat Guhl","_yoast_wpseo_metadesc":"Nach 23 Jahren als CEO von Sky-Frame und \u00fcber 30 Jahren Unternehmertum \u00fcbergibt Beat Guhl die F\u00fchrung per 1. Juli 2025 an Angelo Razzino.","articlekey":"","footnotes":""},"categories":[28],"tags":[207,381,492],"class_list":["post-39359","post","type-post","status-publish","format-standard","has-post-thumbnail","hentry","category-management","tag-firmennachfolge","tag-personalia","tag-unternehmen"],"acf":[],"yoast_head":"<!-- This site is optimized with the Yoast SEO plugin v27.5 - https:\/\/yoast.com\/product\/yoast-seo-wordpress\/ -->\n<title>F\u00fchrungswechsel bei Sky-Frame: Auf Beat Guhl folgt Angelo Razzino - Organisator<\/title>\n<meta name=\"description\" content=\"Nach 23 Jahren als CEO von Sky-Frame und \u00fcber 30 Jahren Unternehmertum \u00fcbergibt Beat Guhl die F\u00fchrung per 1. Juli 2025 an Angelo Razzino.\" \/>\n<meta name=\"robots\" content=\"index, follow, max-snippet:-1, max-image-preview:large, max-video-preview:-1\" \/>\n<link rel=\"canonical\" href=\"https:\/\/www.organisator.ch\/fr\/gestion-2\/2025-07-01\/fuehrungswechsel-bei-sky-frame-auf-beat-guhl-folgt-angelo-razzino\/\" \/>\n<meta property=\"og:locale\" content=\"fr_FR\" \/>\n<meta property=\"og:type\" content=\"article\" \/>\n<meta property=\"og:title\" content=\"F\u00fchrungswechsel bei Sky-Frame: Auf Beat Guhl folgt Angelo Razzino\" \/>\n<meta property=\"og:description\" content=\"Nach 23 Jahren als CEO von Sky-Frame und \u00fcber 30 Jahren Unternehmertum \u00fcbergibt Beat Guhl die F\u00fchrung per 1. Juli 2025 an Angelo Razzino.\" \/>\n<meta property=\"og:url\" content=\"https:\/\/www.organisator.ch\/fr\/gestion-2\/2025-07-01\/fuehrungswechsel-bei-sky-frame-auf-beat-guhl-folgt-angelo-razzino\/\" \/>\n<meta property=\"og:site_name\" content=\"Organisator\" \/>\n<meta property=\"article:publisher\" content=\"https:\/\/www.facebook.com\/OrganisatorFachmagazin\" \/>\n<meta property=\"article:published_time\" content=\"2025-07-01T03:13:09+00:00\" \/>\n<meta property=\"og:image\" content=\"https:\/\/www.organisator.ch\/wp-content\/uploads\/2025\/06\/Fuehrungswechsel-bei-Sky-Frame-Auf-Beat-Guhl-folgt-Angelo-Razzino_Organisator.jpg\" \/>\n\t<meta property=\"og:image:width\" content=\"680\" \/>\n\t<meta property=\"og:image:height\" content=\"453\" \/>\n\t<meta property=\"og:image:type\" content=\"image\/jpeg\" \/>\n<meta name=\"author\" content=\"thomas.berner\" \/>\n<meta name=\"twitter:card\" content=\"summary_large_image\" \/>\n<meta name=\"twitter:title\" content=\"#F\u00fchrungswechsel bei #Sky-Frame: Auf Beat #Guhl folgt Angelo #Razzino\" \/>\n<meta name=\"twitter:description\" content=\"Nach 23 Jahren als CEO von #Sky-Frame und \u00fcber 30 Jahren Unternehmertum \u00fcbergibt Beat #Guhl die F\u00fchrung per 1. Juli 2025 an Angelo #Razzino.\" \/>\n<meta name=\"twitter:image\" content=\"https:\/\/www.organisator.ch\/wp-content\/uploads\/2025\/06\/Fuehrungswechsel-bei-Sky-Frame-Auf-Beat-Guhl-folgt-Angelo-Razzino_Organisator.jpg\" \/>\n<script type=\"application\/ld+json\" class=\"yoast-schema-graph\">{\"@context\":\"https:\\\/\\\/schema.org\",\"@graph\":[{\"@type\":\"Article\",\"@id\":\"https:\\\/\\\/www.organisator.ch\\\/management\\\/2025-07-01\\\/fuehrungswechsel-bei-sky-frame-auf-beat-guhl-folgt-angelo-razzino\\\/#article\",\"isPartOf\":{\"@id\":\"https:\\\/\\\/www.organisator.ch\\\/management\\\/2025-07-01\\\/fuehrungswechsel-bei-sky-frame-auf-beat-guhl-folgt-angelo-razzino\\\/\"},\"author\":{\"name\":\"thomas.berner\",\"@id\":\"https:\\\/\\\/www.organisator.ch\\\/#\\\/schema\\\/person\\\/6f650f90b2842cd4c0cc334b4e36f67e\"},\"headline\":\"F\u00fchrungswechsel bei Sky-Frame: Auf Beat Guhl folgt Angelo Razzino\",\"datePublished\":\"2025-07-01T03:13:09+00:00\",\"mainEntityOfPage\":{\"@id\":\"https:\\\/\\\/www.organisator.ch\\\/management\\\/2025-07-01\\\/fuehrungswechsel-bei-sky-frame-auf-beat-guhl-folgt-angelo-razzino\\\/\"},\"wordCount\":540,\"publisher\":{\"@id\":\"https:\\\/\\\/www.organisator.ch\\\/#organization\"},\"image\":{\"@id\":\"https:\\\/\\\/www.organisator.ch\\\/management\\\/2025-07-01\\\/fuehrungswechsel-bei-sky-frame-auf-beat-guhl-folgt-angelo-razzino\\\/#primaryimage\"},\"thumbnailUrl\":\"https:\\\/\\\/www.organisator.ch\\\/wp-content\\\/uploads\\\/2025\\\/06\\\/Fuehrungswechsel-bei-Sky-Frame-Auf-Beat-Guhl-folgt-Angelo-Razzino_Organisator.jpg\",\"keywords\":[\"Firmennachfolge\",\"Personalia\",\"Unternehmen\"],\"articleSection\":[\"MANAGEMENT\"],\"inLanguage\":\"fr-FR\"},{\"@type\":\"WebPage\",\"@id\":\"https:\\\/\\\/www.organisator.ch\\\/management\\\/2025-07-01\\\/fuehrungswechsel-bei-sky-frame-auf-beat-guhl-folgt-angelo-razzino\\\/\",\"url\":\"https:\\\/\\\/www.organisator.ch\\\/management\\\/2025-07-01\\\/fuehrungswechsel-bei-sky-frame-auf-beat-guhl-folgt-angelo-razzino\\\/\",\"name\":\"F\u00fchrungswechsel bei Sky-Frame: Auf Beat Guhl folgt Angelo Razzino - Organisator\",\"isPartOf\":{\"@id\":\"https:\\\/\\\/www.organisator.ch\\\/#website\"},\"primaryImageOfPage\":{\"@id\":\"https:\\\/\\\/www.organisator.ch\\\/management\\\/2025-07-01\\\/fuehrungswechsel-bei-sky-frame-auf-beat-guhl-folgt-angelo-razzino\\\/#primaryimage\"},\"image\":{\"@id\":\"https:\\\/\\\/www.organisator.ch\\\/management\\\/2025-07-01\\\/fuehrungswechsel-bei-sky-frame-auf-beat-guhl-folgt-angelo-razzino\\\/#primaryimage\"},\"thumbnailUrl\":\"https:\\\/\\\/www.organisator.ch\\\/wp-content\\\/uploads\\\/2025\\\/06\\\/Fuehrungswechsel-bei-Sky-Frame-Auf-Beat-Guhl-folgt-Angelo-Razzino_Organisator.jpg\",\"datePublished\":\"2025-07-01T03:13:09+00:00\",\"description\":\"Nach 23 Jahren als CEO von Sky-Frame und \u00fcber 30 Jahren Unternehmertum \u00fcbergibt Beat Guhl die F\u00fchrung per 1. Juli 2025 an Angelo Razzino.\",\"breadcrumb\":{\"@id\":\"https:\\\/\\\/www.organisator.ch\\\/management\\\/2025-07-01\\\/fuehrungswechsel-bei-sky-frame-auf-beat-guhl-folgt-angelo-razzino\\\/#breadcrumb\"},\"inLanguage\":\"fr-FR\",\"potentialAction\":[{\"@type\":\"ReadAction\",\"target\":[\"https:\\\/\\\/www.organisator.ch\\\/management\\\/2025-07-01\\\/fuehrungswechsel-bei-sky-frame-auf-beat-guhl-folgt-angelo-razzino\\\/\"]}]},{\"@type\":\"ImageObject\",\"inLanguage\":\"fr-FR\",\"@id\":\"https:\\\/\\\/www.organisator.ch\\\/management\\\/2025-07-01\\\/fuehrungswechsel-bei-sky-frame-auf-beat-guhl-folgt-angelo-razzino\\\/#primaryimage\",\"url\":\"https:\\\/\\\/www.organisator.ch\\\/wp-content\\\/uploads\\\/2025\\\/06\\\/Fuehrungswechsel-bei-Sky-Frame-Auf-Beat-Guhl-folgt-Angelo-Razzino_Organisator.jpg\",\"contentUrl\":\"https:\\\/\\\/www.organisator.ch\\\/wp-content\\\/uploads\\\/2025\\\/06\\\/Fuehrungswechsel-bei-Sky-Frame-Auf-Beat-Guhl-folgt-Angelo-Razzino_Organisator.jpg\",\"width\":680,\"height\":453,\"caption\":\"F\u00fchrungswechsel bei Sky-Frame: Angelo Razzino (rechts) \u00fcbernimmt am 1. Juli 2025 die Unternehmensleitung von Beat Guhl. (Bild: zVg \\\/ Sky-Frame)\"},{\"@type\":\"BreadcrumbList\",\"@id\":\"https:\\\/\\\/www.organisator.ch\\\/management\\\/2025-07-01\\\/fuehrungswechsel-bei-sky-frame-auf-beat-guhl-folgt-angelo-razzino\\\/#breadcrumb\",\"itemListElement\":[{\"@type\":\"ListItem\",\"position\":1,\"name\":\"Home\",\"item\":\"https:\\\/\\\/www.organisator.ch\\\/\"},{\"@type\":\"ListItem\",\"position\":2,\"name\":\"F\u00fchrungswechsel bei Sky-Frame: Auf Beat Guhl folgt Angelo Razzino\"}]},{\"@type\":\"WebSite\",\"@id\":\"https:\\\/\\\/www.organisator.ch\\\/#website\",\"url\":\"https:\\\/\\\/www.organisator.ch\\\/\",\"name\":\"Organisator\",\"description\":\"Kompetent. Praxisnah. Der ORGANISATOR bereitet in 10 Ausgaben pro Jahr die wesentlichen Themen f\u00fcr F\u00fchrungskr\u00e4fte von KMU auf.\",\"publisher\":{\"@id\":\"https:\\\/\\\/www.organisator.ch\\\/#organization\"},\"potentialAction\":[{\"@type\":\"SearchAction\",\"target\":{\"@type\":\"EntryPoint\",\"urlTemplate\":\"https:\\\/\\\/www.organisator.ch\\\/?s={search_term_string}\"},\"query-input\":{\"@type\":\"PropertyValueSpecification\",\"valueRequired\":true,\"valueName\":\"search_term_string\"}}],\"inLanguage\":\"fr-FR\"},{\"@type\":\"Organization\",\"@id\":\"https:\\\/\\\/www.organisator.ch\\\/#organization\",\"name\":\"Organisator\",\"url\":\"https:\\\/\\\/www.organisator.ch\\\/\",\"logo\":{\"@type\":\"ImageObject\",\"inLanguage\":\"fr-FR\",\"@id\":\"https:\\\/\\\/www.organisator.ch\\\/#\\\/schema\\\/logo\\\/image\\\/\",\"url\":\"https:\\\/\\\/www.organisator.ch\\\/wp-content\\\/uploads\\\/2022\\\/01\\\/Logo_Organisator_Website.png\",\"contentUrl\":\"https:\\\/\\\/www.organisator.ch\\\/wp-content\\\/uploads\\\/2022\\\/01\\\/Logo_Organisator_Website.png\",\"width\":800,\"height\":77,\"caption\":\"Organisator\"},\"image\":{\"@id\":\"https:\\\/\\\/www.organisator.ch\\\/#\\\/schema\\\/logo\\\/image\\\/\"},\"sameAs\":[\"https:\\\/\\\/www.facebook.com\\\/OrganisatorFachmagazin\",\"https:\\\/\\\/www.linkedin.com\\\/showcase\\\/organisator-das-magazin-fr-kmu\",\"https:\\\/\\\/www.xing.com\\\/news\\\/pages\\\/organisator-ch-695\",\"https:\\\/\\\/www.youtube.com\\\/channel\\\/UCGP2Sq0iWaZwT3BdIAQFYpw\"]},{\"@type\":\"Person\",\"@id\":\"https:\\\/\\\/www.organisator.ch\\\/#\\\/schema\\\/person\\\/6f650f90b2842cd4c0cc334b4e36f67e\",\"name\":\"thomas.berner\",\"image\":{\"@type\":\"ImageObject\",\"inLanguage\":\"fr-FR\",\"@id\":\"https:\\\/\\\/secure.gravatar.com\\\/avatar\\\/ac5001d2a36cb6c6cd3e50789007ffca834b477b74a2144564522e944eabff61?s=96&d=mm&r=g\",\"url\":\"https:\\\/\\\/secure.gravatar.com\\\/avatar\\\/ac5001d2a36cb6c6cd3e50789007ffca834b477b74a2144564522e944eabff61?s=96&d=mm&r=g\",\"contentUrl\":\"https:\\\/\\\/secure.gravatar.com\\\/avatar\\\/ac5001d2a36cb6c6cd3e50789007ffca834b477b74a2144564522e944eabff61?s=96&d=mm&r=g\",\"caption\":\"thomas.berner\"},\"url\":\"https:\\\/\\\/www.organisator.ch\\\/fr\\\/author\\\/thomas-berner\\\/\"}]}<\/script>\n<!-- \/ Yoast SEO plugin. -->","yoast_head_json":{"title":"Changement de direction chez Sky-Frame : Beat Guhl est remplac\u00e9 par Angelo Razzino - Organisateur","description":"Apr\u00e8s 23 ans en tant que CEO de Sky-Frame et plus de 30 ans d'entrepreneuriat, Beat Guhl transmettra la direction \u00e0 Angelo Razzino le 1er juillet 2025.","robots":{"index":"index","follow":"follow","max-snippet":"max-snippet:-1","max-image-preview":"max-image-preview:large","max-video-preview":"max-video-preview:-1"},"canonical":"https:\/\/www.organisator.ch\/fr\/gestion-2\/2025-07-01\/fuehrungswechsel-bei-sky-frame-auf-beat-guhl-folgt-angelo-razzino\/","og_locale":"fr_FR","og_type":"article","og_title":"F\u00fchrungswechsel bei Sky-Frame: Auf Beat Guhl folgt Angelo Razzino","og_description":"Nach 23 Jahren als CEO von Sky-Frame und \u00fcber 30 Jahren Unternehmertum \u00fcbergibt Beat Guhl die F\u00fchrung per 1. Juli 2025 an Angelo Razzino.","og_url":"https:\/\/www.organisator.ch\/fr\/gestion-2\/2025-07-01\/fuehrungswechsel-bei-sky-frame-auf-beat-guhl-folgt-angelo-razzino\/","og_site_name":"Organisator","article_publisher":"https:\/\/www.facebook.com\/OrganisatorFachmagazin","article_published_time":"2025-07-01T03:13:09+00:00","og_image":[{"width":680,"height":453,"url":"https:\/\/www.organisator.ch\/wp-content\/uploads\/2025\/06\/Fuehrungswechsel-bei-Sky-Frame-Auf-Beat-Guhl-folgt-Angelo-Razzino_Organisator.jpg","type":"image\/jpeg"}],"author":"thomas.berner","twitter_card":"summary_large_image","twitter_title":"#F\u00fchrungswechsel bei #Sky-Frame: Auf Beat #Guhl folgt Angelo #Razzino","twitter_description":"Nach 23 Jahren als CEO von #Sky-Frame und \u00fcber 30 Jahren Unternehmertum \u00fcbergibt Beat #Guhl die F\u00fchrung per 1. Juli 2025 an Angelo #Razzino.","twitter_image":"https:\/\/www.organisator.ch\/wp-content\/uploads\/2025\/06\/Fuehrungswechsel-bei-Sky-Frame-Auf-Beat-Guhl-folgt-Angelo-Razzino_Organisator.jpg","schema":{"@context":"https:\/\/schema.org","@graph":[{"@type":"Article","@id":"https:\/\/www.organisator.ch\/management\/2025-07-01\/fuehrungswechsel-bei-sky-frame-auf-beat-guhl-folgt-angelo-razzino\/#article","isPartOf":{"@id":"https:\/\/www.organisator.ch\/management\/2025-07-01\/fuehrungswechsel-bei-sky-frame-auf-beat-guhl-folgt-angelo-razzino\/"},"author":{"name":"thomas.berner","@id":"https:\/\/www.organisator.ch\/#\/schema\/person\/6f650f90b2842cd4c0cc334b4e36f67e"},"headline":"F\u00fchrungswechsel bei Sky-Frame: Auf Beat Guhl folgt Angelo Razzino","datePublished":"2025-07-01T03:13:09+00:00","mainEntityOfPage":{"@id":"https:\/\/www.organisator.ch\/management\/2025-07-01\/fuehrungswechsel-bei-sky-frame-auf-beat-guhl-folgt-angelo-razzino\/"},"wordCount":540,"publisher":{"@id":"https:\/\/www.organisator.ch\/#organization"},"image":{"@id":"https:\/\/www.organisator.ch\/management\/2025-07-01\/fuehrungswechsel-bei-sky-frame-auf-beat-guhl-folgt-angelo-razzino\/#primaryimage"},"thumbnailUrl":"https:\/\/www.organisator.ch\/wp-content\/uploads\/2025\/06\/Fuehrungswechsel-bei-Sky-Frame-Auf-Beat-Guhl-folgt-Angelo-Razzino_Organisator.jpg","keywords":["Firmennachfolge","Personalia","Unternehmen"],"articleSection":["MANAGEMENT"],"inLanguage":"fr-FR"},{"@type":"WebPage","@id":"https:\/\/www.organisator.ch\/management\/2025-07-01\/fuehrungswechsel-bei-sky-frame-auf-beat-guhl-folgt-angelo-razzino\/","url":"https:\/\/www.organisator.ch\/management\/2025-07-01\/fuehrungswechsel-bei-sky-frame-auf-beat-guhl-folgt-angelo-razzino\/","name":"Changement de direction chez Sky-Frame : Beat Guhl est remplac\u00e9 par Angelo Razzino - Organisateur","isPartOf":{"@id":"https:\/\/www.organisator.ch\/#website"},"primaryImageOfPage":{"@id":"https:\/\/www.organisator.ch\/management\/2025-07-01\/fuehrungswechsel-bei-sky-frame-auf-beat-guhl-folgt-angelo-razzino\/#primaryimage"},"image":{"@id":"https:\/\/www.organisator.ch\/management\/2025-07-01\/fuehrungswechsel-bei-sky-frame-auf-beat-guhl-folgt-angelo-razzino\/#primaryimage"},"thumbnailUrl":"https:\/\/www.organisator.ch\/wp-content\/uploads\/2025\/06\/Fuehrungswechsel-bei-Sky-Frame-Auf-Beat-Guhl-folgt-Angelo-Razzino_Organisator.jpg","datePublished":"2025-07-01T03:13:09+00:00","description":"Apr\u00e8s 23 ans en tant que CEO de Sky-Frame et plus de 30 ans d'entrepreneuriat, Beat Guhl transmettra la direction \u00e0 Angelo Razzino le 1er juillet 2025.","breadcrumb":{"@id":"https:\/\/www.organisator.ch\/management\/2025-07-01\/fuehrungswechsel-bei-sky-frame-auf-beat-guhl-folgt-angelo-razzino\/#breadcrumb"},"inLanguage":"fr-FR","potentialAction":[{"@type":"ReadAction","target":["https:\/\/www.organisator.ch\/management\/2025-07-01\/fuehrungswechsel-bei-sky-frame-auf-beat-guhl-folgt-angelo-razzino\/"]}]},{"@type":"ImageObject","inLanguage":"fr-FR","@id":"https:\/\/www.organisator.ch\/management\/2025-07-01\/fuehrungswechsel-bei-sky-frame-auf-beat-guhl-folgt-angelo-razzino\/#primaryimage","url":"https:\/\/www.organisator.ch\/wp-content\/uploads\/2025\/06\/Fuehrungswechsel-bei-Sky-Frame-Auf-Beat-Guhl-folgt-Angelo-Razzino_Organisator.jpg","contentUrl":"https:\/\/www.organisator.ch\/wp-content\/uploads\/2025\/06\/Fuehrungswechsel-bei-Sky-Frame-Auf-Beat-Guhl-folgt-Angelo-Razzino_Organisator.jpg","width":680,"height":453,"caption":"F\u00fchrungswechsel bei Sky-Frame: Angelo Razzino (rechts) \u00fcbernimmt am 1. Juli 2025 die Unternehmensleitung von Beat Guhl. (Bild: zVg \/ Sky-Frame)"},{"@type":"BreadcrumbList","@id":"https:\/\/www.organisator.ch\/management\/2025-07-01\/fuehrungswechsel-bei-sky-frame-auf-beat-guhl-folgt-angelo-razzino\/#breadcrumb","itemListElement":[{"@type":"ListItem","position":1,"name":"Home","item":"https:\/\/www.organisator.ch\/"},{"@type":"ListItem","position":2,"name":"F\u00fchrungswechsel bei Sky-Frame: Auf Beat Guhl folgt Angelo Razzino"}]},{"@type":"WebSite","@id":"https:\/\/www.organisator.ch\/#website","url":"https:\/\/www.organisator.ch\/","name":"Organisateur","description":"Comp\u00e9tence et comp\u00e9tence. Proches de la pratique. L'ORGANISATEUR pr\u00e9pare 10 num\u00e9ros par an sur les th\u00e8mes essentiels pour les dirigeants de PME.","publisher":{"@id":"https:\/\/www.organisator.ch\/#organization"},"potentialAction":[{"@type":"SearchAction","target":{"@type":"EntryPoint","urlTemplate":"https:\/\/www.organisator.ch\/?s={search_term_string}"},"query-input":{"@type":"PropertyValueSpecification","valueRequired":true,"valueName":"search_term_string"}}],"inLanguage":"fr-FR"},{"@type":"Organization","@id":"https:\/\/www.organisator.ch\/#organization","name":"Organisateur","url":"https:\/\/www.organisator.ch\/","logo":{"@type":"ImageObject","inLanguage":"fr-FR","@id":"https:\/\/www.organisator.ch\/#\/schema\/logo\/image\/","url":"https:\/\/www.organisator.ch\/wp-content\/uploads\/2022\/01\/Logo_Organisator_Website.png","contentUrl":"https:\/\/www.organisator.ch\/wp-content\/uploads\/2022\/01\/Logo_Organisator_Website.png","width":800,"height":77,"caption":"Organisator"},"image":{"@id":"https:\/\/www.organisator.ch\/#\/schema\/logo\/image\/"},"sameAs":["https:\/\/www.facebook.com\/OrganisatorFachmagazin","https:\/\/www.linkedin.com\/showcase\/organisator-das-magazin-fr-kmu","https:\/\/www.xing.com\/news\/pages\/organisator-ch-695","https:\/\/www.youtube.com\/channel\/UCGP2Sq0iWaZwT3BdIAQFYpw"]},{"@type":"Person","@id":"https:\/\/www.organisator.ch\/#\/schema\/person\/6f650f90b2842cd4c0cc334b4e36f67e","name":"thomas.berner","image":{"@type":"ImageObject","inLanguage":"fr-FR","@id":"https:\/\/secure.gravatar.com\/avatar\/ac5001d2a36cb6c6cd3e50789007ffca834b477b74a2144564522e944eabff61?s=96&d=mm&r=g","url":"https:\/\/secure.gravatar.com\/avatar\/ac5001d2a36cb6c6cd3e50789007ffca834b477b74a2144564522e944eabff61?s=96&d=mm&r=g","contentUrl":"https:\/\/secure.gravatar.com\/avatar\/ac5001d2a36cb6c6cd3e50789007ffca834b477b74a2144564522e944eabff61?s=96&d=mm&r=g","caption":"thomas.berner"},"url":"https:\/\/www.organisator.ch\/fr\/author\/thomas-berner\/"}]}},"_links":{"self":[{"href":"https:\/\/www.organisator.ch\/fr\/wp-json\/wp\/v2\/posts\/39359","targetHints":{"allow":["GET"]}}],"collection":[{"href":"https:\/\/www.organisator.ch\/fr\/wp-json\/wp\/v2\/posts"}],"about":[{"href":"https:\/\/www.organisator.ch\/fr\/wp-json\/wp\/v2\/types\/post"}],"author":[{"embeddable":true,"href":"https:\/\/www.organisator.ch\/fr\/wp-json\/wp\/v2\/users\/4"}],"replies":[{"embeddable":true,"href":"https:\/\/www.organisator.ch\/fr\/wp-json\/wp\/v2\/comments?post=39359"}],"version-history":[{"count":2,"href":"https:\/\/www.organisator.ch\/fr\/wp-json\/wp\/v2\/posts\/39359\/revisions"}],"predecessor-version":[{"id":39439,"href":"https:\/\/www.organisator.ch\/fr\/wp-json\/wp\/v2\/posts\/39359\/revisions\/39439"}],"wp:featuredmedia":[{"embeddable":true,"href":"https:\/\/www.organisator.ch\/fr\/wp-json\/wp\/v2\/media\/39360"}],"wp:attachment":[{"href":"https:\/\/www.organisator.ch\/fr\/wp-json\/wp\/v2\/media?parent=39359"}],"wp:term":[{"taxonomy":"category","embeddable":true,"href":"https:\/\/www.organisator.ch\/fr\/wp-json\/wp\/v2\/categories?post=39359"},{"taxonomy":"post_tag","embeddable":true,"href":"https:\/\/www.organisator.ch\/fr\/wp-json\/wp\/v2\/tags?post=39359"}],"curies":[{"name":"wp","href":"https:\/\/api.w.org\/{rel}","templated":true}]}}