{"id":39395,"date":"2025-07-01T15:39:04","date_gmt":"2025-07-01T13:39:04","guid":{"rendered":"https:\/\/www.markt-kom.com\/?p=236884"},"modified":"2025-07-02T08:42:01","modified_gmt":"2025-07-02T06:42:01","slug":"bcm-award-2025-drei-projekte-aus-der-schweiz-auf-shortlist","status":"publish","type":"post","link":"https:\/\/www.organisator.ch\/fr\/marketing\/2025-07-01\/bcm-award-2025-drei-projekte-aus-der-schweiz-auf-shortlist\/","title":{"rendered":"BCM-Award 2025 : trois projets suisses sur la shortlist"},"content":{"rendered":"<p><img class=\"alignnone size-full wp-image-236888\" src=\"https:\/\/www.markt-kom.com\/wp-content\/uploads\/2025\/07\/231003_illustration_01.png\" sizes=\"(max-width: 794px) 100vw, 794px\" srcset=\"https:\/\/www.markt-kom.com\/wp-content\/uploads\/2025\/07\/231003_illustration_01.png 794w, https:\/\/www.markt-kom.com\/wp-content\/uploads\/2025\/07\/231003_illustration_01-600x600.png 600w, https:\/\/www.markt-kom.com\/wp-content\/uploads\/2025\/07\/231003_illustration_01-150x150.png 150w, https:\/\/www.markt-kom.com\/wp-content\/uploads\/2025\/07\/231003_illustration_01-768x768.png 768w, https:\/\/www.markt-kom.com\/wp-content\/uploads\/2025\/07\/231003_illustration_01-12x12.png 12w, https:\/\/www.markt-kom.com\/wp-content\/uploads\/2025\/07\/231003_illustration_01-175x175.png 175w, https:\/\/www.markt-kom.com\/wp-content\/uploads\/2025\/07\/231003_illustration_01-350x350.png 350w\" alt=\"\" width=\"794\" height=\"794\" \/>De la campagne de m\u00e9dias sociaux \u00e0 l'action \u00e0 but non lucratif, du film d'entreprise au magazine B2B : au total, 93 projets de content marketing exceptionnels ont \u00e9t\u00e9 retenus cette ann\u00e9e dans 32 cat\u00e9gories sur la shortlist du Best of Content Marketing Awards et ont ainsi la chance d'\u00eatre r\u00e9compens\u00e9s par un prix en or lors de l'\u00e9v\u00e9nement BCM du 9 octobre \u00e0 Munich. Trois d'entre eux viennent de Suisse.<\/p>\r\n<h3>Qu'est-ce qui caract\u00e9rise ce mill\u00e9sime BCM ?<\/h3>\r\n<p>\"D\u00e9finitivement l'\u00e9ventail !\", d\u00e9clare Olaf Wolff, pr\u00e9sident du Content Marketing Forum e.V. (CMF), qui organise le prix pour la 23e fois. \"La shortlist est h\u00e9t\u00e9roclite en termes de formes m\u00e9diatiques, d'approches strat\u00e9giques et de storytelling. Le point commun : chaque projet travaille d'une mani\u00e8re ou d'une autre sur plusieurs canaux et s'adresse \u00e0 son groupe cible de mani\u00e8re multidimensionnelle\".<\/p>\r\n<h3>Dans quelles cat\u00e9gories les travaux suisses sont-ils nomin\u00e9s ?<\/h3>\r\n<p>\"Deux nominations sont dans le domaine B2C - pour une campagne de contenu et un magazine\", r\u00e9v\u00e8le Guido Von Deschwanden, membre du comit\u00e9 suisse du CMF. \"La troisi\u00e8me se trouve dans la nouvelle cat\u00e9gorie de prix sp\u00e9ciaux Best of efficient Creation Excellence et repr\u00e9sente ainsi un v\u00e9ritable th\u00e8me d'avenir pour la branche : comment r\u00e9ussir \u00e0 travailler de mani\u00e8re cr\u00e9ativement excellente et en m\u00eame temps avec un maximum d'efficacit\u00e9\".<\/p>\r\n<h3>Des tendances se dessinent-elles dans tous les pays ?<\/h3>\r\n<p>\"L'une des tendances est certainement le fait qu'une grande partie des approches de campagnes de marketing de contenu travaille d'une mani\u00e8re ou d'une autre avec des influenceurs de m\u00e9dias sociaux\", explique Peter Matz, responsable BCM au sein du comit\u00e9 directeur du CMF. \"Il est \u00e9galement frappant de voir combien d'approches \u00e9v\u00e9nementielles \u00e0 fort contenu sont en concurrence. On y trouve aussi bien des concepts de r\u00e9compenses ax\u00e9s sur le contenu que des \u00e9v\u00e9nements de jeux dans les m\u00e9dias sociaux\".<\/p>\r\n<p>La liste restreinte est disponible d\u00e8s \u00e0 pr\u00e9sent sur la <a href=\"https:\/\/bestofcontentmarketing.com\/bcm-awards-shortlist-2025\">site web du BCM.<\/a><\/p>","protected":false},"excerpt":{"rendered":"<p>Les nomin\u00e9s du BCM-Award sont connus. Trois projets de content marketing de Suisse figurent sur la shortlist.<\/p>","protected":false},"author":8,"featured_media":0,"comment_status":"closed","ping_status":"closed","sticky":false,"template":"","format":"standard","meta":{"_acf_changed":false,"_yoast_wpseo_focuskw":"BCM-Award","_yoast_wpseo_metadesc":"Die Nominierten des BCM-Awards stehen fest. Drei Content Marketing Projekte aus der Schweiz stehen auf der Shortlist.","articlekey":"","footnotes":""},"categories":[29],"tags":[5443,5444,4343],"class_list":["post-39395","post","type-post","status-publish","format-standard","hentry","category-marketing","tag-best-of-content-marketing","tag-content-marketing-forum","tag-markom"],"acf":[],"yoast_head":"<!-- This site is optimized with the Yoast SEO plugin v27.5 - https:\/\/yoast.com\/product\/yoast-seo-wordpress\/ -->\n<title>BCM-Award 2025: Drei Projekte aus der Schweiz auf Shortlist - Organisator<\/title>\n<meta name=\"description\" content=\"Die Nominierten des BCM-Awards stehen fest. Drei Content Marketing Projekte aus der Schweiz stehen auf der Shortlist.\" \/>\n<meta name=\"robots\" content=\"index, follow, max-snippet:-1, max-image-preview:large, max-video-preview:-1\" \/>\n<link rel=\"canonical\" href=\"https:\/\/www.organisator.ch\/fr\/marketing\/2025-07-01\/bcm-award-2025-drei-projekte-aus-der-schweiz-auf-shortlist\/\" \/>\n<meta property=\"og:locale\" content=\"fr_FR\" \/>\n<meta property=\"og:type\" content=\"article\" \/>\n<meta property=\"og:title\" content=\"BCM-Award 2025: Drei Projekte aus der Schweiz auf Shortlist - Organisator\" \/>\n<meta property=\"og:description\" content=\"Die Nominierten des BCM-Awards stehen fest. Drei Content Marketing Projekte aus der Schweiz stehen auf der Shortlist.\" \/>\n<meta property=\"og:url\" content=\"https:\/\/www.organisator.ch\/fr\/marketing\/2025-07-01\/bcm-award-2025-drei-projekte-aus-der-schweiz-auf-shortlist\/\" \/>\n<meta property=\"og:site_name\" content=\"Organisator\" \/>\n<meta property=\"article:publisher\" content=\"https:\/\/www.facebook.com\/OrganisatorFachmagazin\" \/>\n<meta property=\"article:published_time\" content=\"2025-07-01T13:39:04+00:00\" \/>\n<meta property=\"article:modified_time\" content=\"2025-07-02T06:42:01+00:00\" \/>\n<meta name=\"author\" content=\"galledia\" \/>\n<meta name=\"twitter:card\" content=\"summary_large_image\" \/>\n<meta name=\"twitter:creator\" content=\"@admin\" \/>\n<script type=\"application\/ld+json\" class=\"yoast-schema-graph\">{\"@context\":\"https:\\\/\\\/schema.org\",\"@graph\":[{\"@type\":\"Article\",\"@id\":\"https:\\\/\\\/www.organisator.ch\\\/marketing\\\/2025-07-01\\\/bcm-award-2025-drei-projekte-aus-der-schweiz-auf-shortlist\\\/#article\",\"isPartOf\":{\"@id\":\"https:\\\/\\\/www.organisator.ch\\\/marketing\\\/2025-07-01\\\/bcm-award-2025-drei-projekte-aus-der-schweiz-auf-shortlist\\\/\"},\"author\":{\"name\":\"galledia\",\"@id\":\"https:\\\/\\\/www.organisator.ch\\\/#\\\/schema\\\/person\\\/4e51799071cd2dd1232ac003643ef5f0\"},\"headline\":\"BCM-Award 2025: Drei Projekte aus der Schweiz auf Shortlist\",\"datePublished\":\"2025-07-01T13:39:04+00:00\",\"dateModified\":\"2025-07-02T06:42:01+00:00\",\"mainEntityOfPage\":{\"@id\":\"https:\\\/\\\/www.organisator.ch\\\/marketing\\\/2025-07-01\\\/bcm-award-2025-drei-projekte-aus-der-schweiz-auf-shortlist\\\/\"},\"wordCount\":251,\"publisher\":{\"@id\":\"https:\\\/\\\/www.organisator.ch\\\/#organization\"},\"image\":{\"@id\":\"https:\\\/\\\/www.organisator.ch\\\/marketing\\\/2025-07-01\\\/bcm-award-2025-drei-projekte-aus-der-schweiz-auf-shortlist\\\/#primaryimage\"},\"thumbnailUrl\":\"https:\\\/\\\/www.markt-kom.com\\\/wp-content\\\/uploads\\\/2025\\\/07\\\/231003_illustration_01.png\",\"keywords\":[\"Best of Content Marketing\",\"Content Marketing Forum\",\"MarKom\"],\"articleSection\":[\"MARKETING\"],\"inLanguage\":\"fr-FR\"},{\"@type\":\"WebPage\",\"@id\":\"https:\\\/\\\/www.organisator.ch\\\/marketing\\\/2025-07-01\\\/bcm-award-2025-drei-projekte-aus-der-schweiz-auf-shortlist\\\/\",\"url\":\"https:\\\/\\\/www.organisator.ch\\\/marketing\\\/2025-07-01\\\/bcm-award-2025-drei-projekte-aus-der-schweiz-auf-shortlist\\\/\",\"name\":\"BCM-Award 2025: Drei Projekte aus der Schweiz auf Shortlist - Organisator\",\"isPartOf\":{\"@id\":\"https:\\\/\\\/www.organisator.ch\\\/#website\"},\"primaryImageOfPage\":{\"@id\":\"https:\\\/\\\/www.organisator.ch\\\/marketing\\\/2025-07-01\\\/bcm-award-2025-drei-projekte-aus-der-schweiz-auf-shortlist\\\/#primaryimage\"},\"image\":{\"@id\":\"https:\\\/\\\/www.organisator.ch\\\/marketing\\\/2025-07-01\\\/bcm-award-2025-drei-projekte-aus-der-schweiz-auf-shortlist\\\/#primaryimage\"},\"thumbnailUrl\":\"https:\\\/\\\/www.markt-kom.com\\\/wp-content\\\/uploads\\\/2025\\\/07\\\/231003_illustration_01.png\",\"datePublished\":\"2025-07-01T13:39:04+00:00\",\"dateModified\":\"2025-07-02T06:42:01+00:00\",\"description\":\"Die Nominierten des BCM-Awards stehen fest. Drei Content Marketing Projekte aus der Schweiz stehen auf der Shortlist.\",\"breadcrumb\":{\"@id\":\"https:\\\/\\\/www.organisator.ch\\\/marketing\\\/2025-07-01\\\/bcm-award-2025-drei-projekte-aus-der-schweiz-auf-shortlist\\\/#breadcrumb\"},\"inLanguage\":\"fr-FR\",\"potentialAction\":[{\"@type\":\"ReadAction\",\"target\":[\"https:\\\/\\\/www.organisator.ch\\\/marketing\\\/2025-07-01\\\/bcm-award-2025-drei-projekte-aus-der-schweiz-auf-shortlist\\\/\"]}]},{\"@type\":\"ImageObject\",\"inLanguage\":\"fr-FR\",\"@id\":\"https:\\\/\\\/www.organisator.ch\\\/marketing\\\/2025-07-01\\\/bcm-award-2025-drei-projekte-aus-der-schweiz-auf-shortlist\\\/#primaryimage\",\"url\":\"https:\\\/\\\/www.markt-kom.com\\\/wp-content\\\/uploads\\\/2025\\\/07\\\/231003_illustration_01.png\",\"contentUrl\":\"https:\\\/\\\/www.markt-kom.com\\\/wp-content\\\/uploads\\\/2025\\\/07\\\/231003_illustration_01.png\"},{\"@type\":\"BreadcrumbList\",\"@id\":\"https:\\\/\\\/www.organisator.ch\\\/marketing\\\/2025-07-01\\\/bcm-award-2025-drei-projekte-aus-der-schweiz-auf-shortlist\\\/#breadcrumb\",\"itemListElement\":[{\"@type\":\"ListItem\",\"position\":1,\"name\":\"Home\",\"item\":\"https:\\\/\\\/www.organisator.ch\\\/\"},{\"@type\":\"ListItem\",\"position\":2,\"name\":\"BCM-Award 2025: Drei Projekte aus der Schweiz auf Shortlist\"}]},{\"@type\":\"WebSite\",\"@id\":\"https:\\\/\\\/www.organisator.ch\\\/#website\",\"url\":\"https:\\\/\\\/www.organisator.ch\\\/\",\"name\":\"Organisator\",\"description\":\"Kompetent. Praxisnah. Der ORGANISATOR bereitet in 10 Ausgaben pro Jahr die wesentlichen Themen f\u00fcr F\u00fchrungskr\u00e4fte von KMU auf.\",\"publisher\":{\"@id\":\"https:\\\/\\\/www.organisator.ch\\\/#organization\"},\"potentialAction\":[{\"@type\":\"SearchAction\",\"target\":{\"@type\":\"EntryPoint\",\"urlTemplate\":\"https:\\\/\\\/www.organisator.ch\\\/?s={search_term_string}\"},\"query-input\":{\"@type\":\"PropertyValueSpecification\",\"valueRequired\":true,\"valueName\":\"search_term_string\"}}],\"inLanguage\":\"fr-FR\"},{\"@type\":\"Organization\",\"@id\":\"https:\\\/\\\/www.organisator.ch\\\/#organization\",\"name\":\"Organisator\",\"url\":\"https:\\\/\\\/www.organisator.ch\\\/\",\"logo\":{\"@type\":\"ImageObject\",\"inLanguage\":\"fr-FR\",\"@id\":\"https:\\\/\\\/www.organisator.ch\\\/#\\\/schema\\\/logo\\\/image\\\/\",\"url\":\"https:\\\/\\\/www.organisator.ch\\\/wp-content\\\/uploads\\\/2022\\\/01\\\/Logo_Organisator_Website.png\",\"contentUrl\":\"https:\\\/\\\/www.organisator.ch\\\/wp-content\\\/uploads\\\/2022\\\/01\\\/Logo_Organisator_Website.png\",\"width\":800,\"height\":77,\"caption\":\"Organisator\"},\"image\":{\"@id\":\"https:\\\/\\\/www.organisator.ch\\\/#\\\/schema\\\/logo\\\/image\\\/\"},\"sameAs\":[\"https:\\\/\\\/www.facebook.com\\\/OrganisatorFachmagazin\",\"https:\\\/\\\/www.linkedin.com\\\/showcase\\\/organisator-das-magazin-fr-kmu\",\"https:\\\/\\\/www.xing.com\\\/news\\\/pages\\\/organisator-ch-695\",\"https:\\\/\\\/www.youtube.com\\\/channel\\\/UCGP2Sq0iWaZwT3BdIAQFYpw\"]},{\"@type\":\"Person\",\"@id\":\"https:\\\/\\\/www.organisator.ch\\\/#\\\/schema\\\/person\\\/4e51799071cd2dd1232ac003643ef5f0\",\"name\":\"galledia\",\"image\":{\"@type\":\"ImageObject\",\"inLanguage\":\"fr-FR\",\"@id\":\"https:\\\/\\\/secure.gravatar.com\\\/avatar\\\/78a7f90c01fc2bfc875782a0d4922b37cde2cf184ce347b91316d23cd7f69a36?s=96&d=mm&r=g\",\"url\":\"https:\\\/\\\/secure.gravatar.com\\\/avatar\\\/78a7f90c01fc2bfc875782a0d4922b37cde2cf184ce347b91316d23cd7f69a36?s=96&d=mm&r=g\",\"contentUrl\":\"https:\\\/\\\/secure.gravatar.com\\\/avatar\\\/78a7f90c01fc2bfc875782a0d4922b37cde2cf184ce347b91316d23cd7f69a36?s=96&d=mm&r=g\",\"caption\":\"galledia\"},\"sameAs\":[\"https:\\\/\\\/x.com\\\/admin\"],\"url\":\"https:\\\/\\\/www.organisator.ch\\\/fr\\\/author\\\/galledia\\\/\"}]}<\/script>\n<!-- \/ Yoast SEO plugin. -->","yoast_head_json":{"title":"BCM-Award 2025 : trois projets suisses sur la shortlist - Organisateur","description":"Les nomin\u00e9s du BCM-Award sont connus. Trois projets de content marketing de Suisse figurent sur la shortlist.","robots":{"index":"index","follow":"follow","max-snippet":"max-snippet:-1","max-image-preview":"max-image-preview:large","max-video-preview":"max-video-preview:-1"},"canonical":"https:\/\/www.organisator.ch\/fr\/marketing\/2025-07-01\/bcm-award-2025-drei-projekte-aus-der-schweiz-auf-shortlist\/","og_locale":"fr_FR","og_type":"article","og_title":"BCM-Award 2025: Drei Projekte aus der Schweiz auf Shortlist - Organisator","og_description":"Die Nominierten des BCM-Awards stehen fest. Drei Content Marketing Projekte aus der Schweiz stehen auf der Shortlist.","og_url":"https:\/\/www.organisator.ch\/fr\/marketing\/2025-07-01\/bcm-award-2025-drei-projekte-aus-der-schweiz-auf-shortlist\/","og_site_name":"Organisator","article_publisher":"https:\/\/www.facebook.com\/OrganisatorFachmagazin","article_published_time":"2025-07-01T13:39:04+00:00","article_modified_time":"2025-07-02T06:42:01+00:00","author":"galledia","twitter_card":"summary_large_image","twitter_creator":"@admin","schema":{"@context":"https:\/\/schema.org","@graph":[{"@type":"Article","@id":"https:\/\/www.organisator.ch\/marketing\/2025-07-01\/bcm-award-2025-drei-projekte-aus-der-schweiz-auf-shortlist\/#article","isPartOf":{"@id":"https:\/\/www.organisator.ch\/marketing\/2025-07-01\/bcm-award-2025-drei-projekte-aus-der-schweiz-auf-shortlist\/"},"author":{"name":"galledia","@id":"https:\/\/www.organisator.ch\/#\/schema\/person\/4e51799071cd2dd1232ac003643ef5f0"},"headline":"BCM-Award 2025: Drei Projekte aus der Schweiz auf Shortlist","datePublished":"2025-07-01T13:39:04+00:00","dateModified":"2025-07-02T06:42:01+00:00","mainEntityOfPage":{"@id":"https:\/\/www.organisator.ch\/marketing\/2025-07-01\/bcm-award-2025-drei-projekte-aus-der-schweiz-auf-shortlist\/"},"wordCount":251,"publisher":{"@id":"https:\/\/www.organisator.ch\/#organization"},"image":{"@id":"https:\/\/www.organisator.ch\/marketing\/2025-07-01\/bcm-award-2025-drei-projekte-aus-der-schweiz-auf-shortlist\/#primaryimage"},"thumbnailUrl":"https:\/\/www.markt-kom.com\/wp-content\/uploads\/2025\/07\/231003_illustration_01.png","keywords":["Best of Content Marketing","Content Marketing Forum","MarKom"],"articleSection":["MARKETING"],"inLanguage":"fr-FR"},{"@type":"WebPage","@id":"https:\/\/www.organisator.ch\/marketing\/2025-07-01\/bcm-award-2025-drei-projekte-aus-der-schweiz-auf-shortlist\/","url":"https:\/\/www.organisator.ch\/marketing\/2025-07-01\/bcm-award-2025-drei-projekte-aus-der-schweiz-auf-shortlist\/","name":"BCM-Award 2025 : trois projets suisses sur la shortlist - Organisateur","isPartOf":{"@id":"https:\/\/www.organisator.ch\/#website"},"primaryImageOfPage":{"@id":"https:\/\/www.organisator.ch\/marketing\/2025-07-01\/bcm-award-2025-drei-projekte-aus-der-schweiz-auf-shortlist\/#primaryimage"},"image":{"@id":"https:\/\/www.organisator.ch\/marketing\/2025-07-01\/bcm-award-2025-drei-projekte-aus-der-schweiz-auf-shortlist\/#primaryimage"},"thumbnailUrl":"https:\/\/www.markt-kom.com\/wp-content\/uploads\/2025\/07\/231003_illustration_01.png","datePublished":"2025-07-01T13:39:04+00:00","dateModified":"2025-07-02T06:42:01+00:00","description":"Les nomin\u00e9s du BCM-Award sont connus. Trois projets de content marketing de Suisse figurent sur la shortlist.","breadcrumb":{"@id":"https:\/\/www.organisator.ch\/marketing\/2025-07-01\/bcm-award-2025-drei-projekte-aus-der-schweiz-auf-shortlist\/#breadcrumb"},"inLanguage":"fr-FR","potentialAction":[{"@type":"ReadAction","target":["https:\/\/www.organisator.ch\/marketing\/2025-07-01\/bcm-award-2025-drei-projekte-aus-der-schweiz-auf-shortlist\/"]}]},{"@type":"ImageObject","inLanguage":"fr-FR","@id":"https:\/\/www.organisator.ch\/marketing\/2025-07-01\/bcm-award-2025-drei-projekte-aus-der-schweiz-auf-shortlist\/#primaryimage","url":"https:\/\/www.markt-kom.com\/wp-content\/uploads\/2025\/07\/231003_illustration_01.png","contentUrl":"https:\/\/www.markt-kom.com\/wp-content\/uploads\/2025\/07\/231003_illustration_01.png"},{"@type":"BreadcrumbList","@id":"https:\/\/www.organisator.ch\/marketing\/2025-07-01\/bcm-award-2025-drei-projekte-aus-der-schweiz-auf-shortlist\/#breadcrumb","itemListElement":[{"@type":"ListItem","position":1,"name":"Home","item":"https:\/\/www.organisator.ch\/"},{"@type":"ListItem","position":2,"name":"BCM-Award 2025: Drei Projekte aus der Schweiz auf Shortlist"}]},{"@type":"WebSite","@id":"https:\/\/www.organisator.ch\/#website","url":"https:\/\/www.organisator.ch\/","name":"Organisateur","description":"Comp\u00e9tence et comp\u00e9tence. Proches de la pratique. L'ORGANISATEUR pr\u00e9pare 10 num\u00e9ros par an sur les th\u00e8mes essentiels pour les dirigeants de PME.","publisher":{"@id":"https:\/\/www.organisator.ch\/#organization"},"potentialAction":[{"@type":"SearchAction","target":{"@type":"EntryPoint","urlTemplate":"https:\/\/www.organisator.ch\/?s={search_term_string}"},"query-input":{"@type":"PropertyValueSpecification","valueRequired":true,"valueName":"search_term_string"}}],"inLanguage":"fr-FR"},{"@type":"Organization","@id":"https:\/\/www.organisator.ch\/#organization","name":"Organisateur","url":"https:\/\/www.organisator.ch\/","logo":{"@type":"ImageObject","inLanguage":"fr-FR","@id":"https:\/\/www.organisator.ch\/#\/schema\/logo\/image\/","url":"https:\/\/www.organisator.ch\/wp-content\/uploads\/2022\/01\/Logo_Organisator_Website.png","contentUrl":"https:\/\/www.organisator.ch\/wp-content\/uploads\/2022\/01\/Logo_Organisator_Website.png","width":800,"height":77,"caption":"Organisator"},"image":{"@id":"https:\/\/www.organisator.ch\/#\/schema\/logo\/image\/"},"sameAs":["https:\/\/www.facebook.com\/OrganisatorFachmagazin","https:\/\/www.linkedin.com\/showcase\/organisator-das-magazin-fr-kmu","https:\/\/www.xing.com\/news\/pages\/organisator-ch-695","https:\/\/www.youtube.com\/channel\/UCGP2Sq0iWaZwT3BdIAQFYpw"]},{"@type":"Person","@id":"https:\/\/www.organisator.ch\/#\/schema\/person\/4e51799071cd2dd1232ac003643ef5f0","name":"galledia","image":{"@type":"ImageObject","inLanguage":"fr-FR","@id":"https:\/\/secure.gravatar.com\/avatar\/78a7f90c01fc2bfc875782a0d4922b37cde2cf184ce347b91316d23cd7f69a36?s=96&d=mm&r=g","url":"https:\/\/secure.gravatar.com\/avatar\/78a7f90c01fc2bfc875782a0d4922b37cde2cf184ce347b91316d23cd7f69a36?s=96&d=mm&r=g","contentUrl":"https:\/\/secure.gravatar.com\/avatar\/78a7f90c01fc2bfc875782a0d4922b37cde2cf184ce347b91316d23cd7f69a36?s=96&d=mm&r=g","caption":"galledia"},"sameAs":["https:\/\/x.com\/admin"],"url":"https:\/\/www.organisator.ch\/fr\/author\/galledia\/"}]}},"_links":{"self":[{"href":"https:\/\/www.organisator.ch\/fr\/wp-json\/wp\/v2\/posts\/39395","targetHints":{"allow":["GET"]}}],"collection":[{"href":"https:\/\/www.organisator.ch\/fr\/wp-json\/wp\/v2\/posts"}],"about":[{"href":"https:\/\/www.organisator.ch\/fr\/wp-json\/wp\/v2\/types\/post"}],"author":[{"embeddable":true,"href":"https:\/\/www.organisator.ch\/fr\/wp-json\/wp\/v2\/users\/8"}],"replies":[{"embeddable":true,"href":"https:\/\/www.organisator.ch\/fr\/wp-json\/wp\/v2\/comments?post=39395"}],"version-history":[{"count":4,"href":"https:\/\/www.organisator.ch\/fr\/wp-json\/wp\/v2\/posts\/39395\/revisions"}],"predecessor-version":[{"id":39401,"href":"https:\/\/www.organisator.ch\/fr\/wp-json\/wp\/v2\/posts\/39395\/revisions\/39401"}],"wp:attachment":[{"href":"https:\/\/www.organisator.ch\/fr\/wp-json\/wp\/v2\/media?parent=39395"}],"wp:term":[{"taxonomy":"category","embeddable":true,"href":"https:\/\/www.organisator.ch\/fr\/wp-json\/wp\/v2\/categories?post=39395"},{"taxonomy":"post_tag","embeddable":true,"href":"https:\/\/www.organisator.ch\/fr\/wp-json\/wp\/v2\/tags?post=39395"}],"curies":[{"name":"wp","href":"https:\/\/api.w.org\/{rel}","templated":true}]}}