{"id":394,"date":"2016-07-06T16:29:09","date_gmt":"2016-07-06T14:29:09","guid":{"rendered":"https:\/\/dev.umweltperspektiven.ch\/?p=394"},"modified":"2022-02-09T11:06:24","modified_gmt":"2022-02-09T10:06:24","slug":"benoit-revaz-wird-neuer-direktor-des-bfe","status":"publish","type":"post","link":"https:\/\/www.organisator.ch\/fr\/sustainability\/2016-07-06\/benoit-revaz-wird-neuer-direktor-des-bfe\/","title":{"rendered":"Beno\u00eet Revaz sera le nouveau directeur de l'OFEN"},"content":{"rendered":"<figure id=\"attachment_395\" aria-describedby=\"caption-attachment-395\" style=\"width: 357px\" class=\"wp-caption alignnone\"><a href=\"\/\/dev.umweltperspektiven.ch\/wp-content\/uploads\/2016\/12\/Beno\u00eet-Revaz-wird-neuer-Direktor-des-BFE-umweltperspektiven.jpg\"><img loading=\"lazy\" decoding=\"async\" class=\"size-full wp-image-395\" src=\"\/\/dev.umweltperspektiven.ch\/wp-content\/uploads\/2016\/12\/Beno\u00eet-Revaz-wird-neuer-Direktor-des-BFE-umweltperspektiven.jpg\" alt=\"Beno\u00eet Revaz suit les traces de Walter Steinmann\" width=\"357\" height=\"357\" \/><\/a><figcaption id=\"caption-attachment-395\" class=\"wp-caption-text\">Beno\u00eet Revaz suit les traces de Walter Steinmann<\/figcaption><\/figure>\n<p>Lors de sa s\u00e9ance d'aujourd'hui, le Conseil f\u00e9d\u00e9ral a nomm\u00e9 Beno\u00eet Revaz au poste de directeur de l'Office f\u00e9d\u00e9ral de l'\u00e9nergie (OFEN). Ce juriste de 44 ans est depuis 2014 Senior Advisor de l'entreprise E-CUBE Strategy Consultants. Il remplacera Walter Steinmann, qui prend sa retraite, \u00e0 partir du 1er octobre 2016. Le nouveau directeur accompagnera notamment la transformation du futur paysage \u00e9nerg\u00e9tique suisse.<\/p>\n<p>Beno\u00eet Revaz est titulaire d'une licence en droit et a obtenu le titre d'Executive Master of Science in Communications Management lors d'\u00e9tudes postgrades \u00e0 l'Universit\u00e0 della Svizzera Italiana \u00e0 Lugano. Entre 2005 et 2012, il a approfondi ses comp\u00e9tences en management en suivant des formations continues \u00e0 Lausanne, Londres et aux \u00c9tats-Unis. Avant d'occuper son poste actuel de Senior Advisor au sein de l'entreprise de conseil E-CUBE Strategy Consultants, sp\u00e9cialis\u00e9e dans les questions \u00e9nerg\u00e9tiques et environnementales, il a occup\u00e9 diff\u00e9rentes fonctions au sein des anciennes Entreprises Electriques Fribourgeoises (aujourd'hui Groupe E). Il a \u00e9galement \u00e9t\u00e9 membre des directions g\u00e9n\u00e9rales d'EOS Holding et d'Alpiq Holding SA.<\/p>\n<p>En nommant Beno\u00eet Revaz, le Conseil f\u00e9d\u00e9ral a choisi une personnalit\u00e9 profil\u00e9e et dot\u00e9e d'une grande capacit\u00e9 de direction. Dans les fonctions qu'il a occup\u00e9es jusqu'\u00e0 pr\u00e9sent, il a acquis des connaissances des r\u00e9alit\u00e9s \u00e9conomiques ainsi que des processus politiques et de l'administration publique en Suisse. Parall\u00e8lement, il a acquis une pr\u00e9cieuse exp\u00e9rience internationale au cours de sa carri\u00e8re professionnelle.<\/p>\n<p>L'une des t\u00e2ches principales du nouveau directeur sera d'accompagner la transformation du paysage \u00e9nerg\u00e9tique suisse. La strat\u00e9gie \u00e9nerg\u00e9tique 2050 du Conseil f\u00e9d\u00e9ral, qui pr\u00e9voit une augmentation de l'efficacit\u00e9 \u00e9nerg\u00e9tique, une r\u00e9duction des \u00e9nergies fossiles et un d\u00e9veloppement des \u00e9nergies renouvelables ainsi qu'une sortie progressive du nucl\u00e9aire, est au c\u0153ur de ce projet.<\/p>\n<p>Beno\u00eet Revaz remplacera au 1er octobre 2016 l'actuel directeur Walter Steinmann, qui prend sa retraite. Le Conseil f\u00e9d\u00e9ral le remercie pour sa longue et fructueuse direction de l'OFEN.<\/p>","protected":false},"excerpt":{"rendered":"<p>Der Bundesrat hat an seiner heutigen Sitzung Beno\u00eet Revaz zum neuen Direktor des Bundesamts f\u00fcr Energie (BFE) ernannt. Der 44-j\u00e4hrige Jurist ist seit 2014 Senior Advisor des Unternehmens E-CUBE Strategy Consultants. Er ersetzt per 1. Oktober 2016 Walter Steinmann, der in den Ruhestand tritt. Der neue Direktor wird unter anderem die Umgestaltung der k\u00fcnftigen Schweizer [&hellip;]<\/p>\n","protected":false},"author":1,"featured_media":9388,"comment_status":"open","ping_status":"open","sticky":false,"template":"","format":"standard","meta":{"_acf_changed":false,"_yoast_wpseo_focuskw":"Direktor","_yoast_wpseo_metadesc":"Das Bundesamt f\u00fcr Energie hat per 1. Oktober einen neuen Direktor: Beno\u00eet Revaz tritt die Nachfolge von Walter Steinmann an.","articlekey":"","footnotes":""},"categories":[580],"tags":[798,807,987,584],"class_list":["post-394","post","type-post","status-publish","format-standard","has-post-thumbnail","hentry","category-sustainability","tag-benoit-revaz","tag-bfe","tag-direktor","tag-energie"],"acf":[],"yoast_head":"<!-- This site is optimized with the Yoast SEO plugin v27.4 - https:\/\/yoast.com\/product\/yoast-seo-wordpress\/ -->\n<title>Beno\u00eet Revaz wird neuer Direktor des BFE - Organisator<\/title>\n<meta name=\"description\" content=\"Das Bundesamt f\u00fcr Energie hat per 1. Oktober einen neuen Direktor: Beno\u00eet Revaz tritt die Nachfolge von Walter Steinmann an.\" \/>\n<meta name=\"robots\" content=\"index, follow, max-snippet:-1, max-image-preview:large, max-video-preview:-1\" \/>\n<link rel=\"canonical\" href=\"https:\/\/www.organisator.ch\/fr\/sustainability\/2016-07-06\/benoit-revaz-wird-neuer-direktor-des-bfe\/\" \/>\n<meta property=\"og:locale\" content=\"fr_FR\" \/>\n<meta property=\"og:type\" content=\"article\" \/>\n<meta property=\"og:title\" content=\"Beno\u00eet Revaz wird neuer Direktor des BFE - Organisator\" \/>\n<meta property=\"og:description\" content=\"Das Bundesamt f\u00fcr Energie hat per 1. Oktober einen neuen Direktor: Beno\u00eet Revaz tritt die Nachfolge von Walter Steinmann an.\" \/>\n<meta property=\"og:url\" content=\"https:\/\/www.organisator.ch\/fr\/sustainability\/2016-07-06\/benoit-revaz-wird-neuer-direktor-des-bfe\/\" \/>\n<meta property=\"og:site_name\" content=\"Organisator\" \/>\n<meta property=\"article:publisher\" content=\"https:\/\/www.facebook.com\/OrganisatorFachmagazin\" \/>\n<meta property=\"article:published_time\" content=\"2016-07-06T14:29:09+00:00\" \/>\n<meta property=\"article:modified_time\" content=\"2022-02-09T10:06:24+00:00\" \/>\n<meta property=\"og:image\" content=\"https:\/\/www.organisator.ch\/wp-content\/uploads\/2016\/12\/Benoit-Revaz-wird-neuer-Direktor-des-BFE-umweltperspektiven.jpg\" \/>\n\t<meta property=\"og:image:width\" content=\"357\" \/>\n\t<meta property=\"og:image:height\" content=\"357\" \/>\n\t<meta property=\"og:image:type\" content=\"image\/jpeg\" \/>\n<meta name=\"author\" content=\"admin\" \/>\n<meta name=\"twitter:card\" content=\"summary_large_image\" \/>\n<script type=\"application\/ld+json\" class=\"yoast-schema-graph\">{\"@context\":\"https:\\\/\\\/schema.org\",\"@graph\":[{\"@type\":\"Article\",\"@id\":\"https:\\\/\\\/www.organisator.ch\\\/sustainability\\\/2016-07-06\\\/benoit-revaz-wird-neuer-direktor-des-bfe\\\/#article\",\"isPartOf\":{\"@id\":\"https:\\\/\\\/www.organisator.ch\\\/sustainability\\\/2016-07-06\\\/benoit-revaz-wird-neuer-direktor-des-bfe\\\/\"},\"author\":{\"name\":\"admin\",\"@id\":\"https:\\\/\\\/www.organisator.ch\\\/#\\\/schema\\\/person\\\/aa2bace6c5c5aad60102004a50c4eb1c\"},\"headline\":\"Beno\u00eet Revaz wird neuer Direktor des BFE\",\"datePublished\":\"2016-07-06T14:29:09+00:00\",\"dateModified\":\"2022-02-09T10:06:24+00:00\",\"mainEntityOfPage\":{\"@id\":\"https:\\\/\\\/www.organisator.ch\\\/sustainability\\\/2016-07-06\\\/benoit-revaz-wird-neuer-direktor-des-bfe\\\/\"},\"wordCount\":305,\"commentCount\":0,\"publisher\":{\"@id\":\"https:\\\/\\\/www.organisator.ch\\\/#organization\"},\"image\":{\"@id\":\"https:\\\/\\\/www.organisator.ch\\\/sustainability\\\/2016-07-06\\\/benoit-revaz-wird-neuer-direktor-des-bfe\\\/#primaryimage\"},\"thumbnailUrl\":\"https:\\\/\\\/www.organisator.ch\\\/wp-content\\\/uploads\\\/2016\\\/12\\\/Benoit-Revaz-wird-neuer-Direktor-des-BFE-umweltperspektiven.jpg\",\"keywords\":[\"Beno\u00eet Revaz\",\"BFE\",\"Direktor\",\"ENERGIE\"],\"articleSection\":[\"SUSTAINABILITY\"],\"inLanguage\":\"fr-FR\"},{\"@type\":\"WebPage\",\"@id\":\"https:\\\/\\\/www.organisator.ch\\\/sustainability\\\/2016-07-06\\\/benoit-revaz-wird-neuer-direktor-des-bfe\\\/\",\"url\":\"https:\\\/\\\/www.organisator.ch\\\/sustainability\\\/2016-07-06\\\/benoit-revaz-wird-neuer-direktor-des-bfe\\\/\",\"name\":\"Beno\u00eet Revaz wird neuer Direktor des BFE - Organisator\",\"isPartOf\":{\"@id\":\"https:\\\/\\\/www.organisator.ch\\\/#website\"},\"primaryImageOfPage\":{\"@id\":\"https:\\\/\\\/www.organisator.ch\\\/sustainability\\\/2016-07-06\\\/benoit-revaz-wird-neuer-direktor-des-bfe\\\/#primaryimage\"},\"image\":{\"@id\":\"https:\\\/\\\/www.organisator.ch\\\/sustainability\\\/2016-07-06\\\/benoit-revaz-wird-neuer-direktor-des-bfe\\\/#primaryimage\"},\"thumbnailUrl\":\"https:\\\/\\\/www.organisator.ch\\\/wp-content\\\/uploads\\\/2016\\\/12\\\/Benoit-Revaz-wird-neuer-Direktor-des-BFE-umweltperspektiven.jpg\",\"datePublished\":\"2016-07-06T14:29:09+00:00\",\"dateModified\":\"2022-02-09T10:06:24+00:00\",\"description\":\"Das Bundesamt f\u00fcr Energie hat per 1. Oktober einen neuen Direktor: Beno\u00eet Revaz tritt die Nachfolge von Walter Steinmann an.\",\"breadcrumb\":{\"@id\":\"https:\\\/\\\/www.organisator.ch\\\/sustainability\\\/2016-07-06\\\/benoit-revaz-wird-neuer-direktor-des-bfe\\\/#breadcrumb\"},\"inLanguage\":\"fr-FR\",\"potentialAction\":[{\"@type\":\"ReadAction\",\"target\":[\"https:\\\/\\\/www.organisator.ch\\\/sustainability\\\/2016-07-06\\\/benoit-revaz-wird-neuer-direktor-des-bfe\\\/\"]}]},{\"@type\":\"ImageObject\",\"inLanguage\":\"fr-FR\",\"@id\":\"https:\\\/\\\/www.organisator.ch\\\/sustainability\\\/2016-07-06\\\/benoit-revaz-wird-neuer-direktor-des-bfe\\\/#primaryimage\",\"url\":\"https:\\\/\\\/www.organisator.ch\\\/wp-content\\\/uploads\\\/2016\\\/12\\\/Benoit-Revaz-wird-neuer-Direktor-des-BFE-umweltperspektiven.jpg\",\"contentUrl\":\"https:\\\/\\\/www.organisator.ch\\\/wp-content\\\/uploads\\\/2016\\\/12\\\/Benoit-Revaz-wird-neuer-Direktor-des-BFE-umweltperspektiven.jpg\",\"width\":357,\"height\":357,\"caption\":\"Beno\u00eet Revaz tritt in die Fussstapfen von Walter Steinmann\"},{\"@type\":\"BreadcrumbList\",\"@id\":\"https:\\\/\\\/www.organisator.ch\\\/sustainability\\\/2016-07-06\\\/benoit-revaz-wird-neuer-direktor-des-bfe\\\/#breadcrumb\",\"itemListElement\":[{\"@type\":\"ListItem\",\"position\":1,\"name\":\"Home\",\"item\":\"https:\\\/\\\/www.organisator.ch\\\/\"},{\"@type\":\"ListItem\",\"position\":2,\"name\":\"Beno\u00eet Revaz wird neuer Direktor des BFE\"}]},{\"@type\":\"WebSite\",\"@id\":\"https:\\\/\\\/www.organisator.ch\\\/#website\",\"url\":\"https:\\\/\\\/www.organisator.ch\\\/\",\"name\":\"Organisator\",\"description\":\"Kompetent. Praxisnah. Der ORGANISATOR bereitet in 10 Ausgaben pro Jahr die wesentlichen Themen f\u00fcr F\u00fchrungskr\u00e4fte von KMU auf.\",\"publisher\":{\"@id\":\"https:\\\/\\\/www.organisator.ch\\\/#organization\"},\"potentialAction\":[{\"@type\":\"SearchAction\",\"target\":{\"@type\":\"EntryPoint\",\"urlTemplate\":\"https:\\\/\\\/www.organisator.ch\\\/?s={search_term_string}\"},\"query-input\":{\"@type\":\"PropertyValueSpecification\",\"valueRequired\":true,\"valueName\":\"search_term_string\"}}],\"inLanguage\":\"fr-FR\"},{\"@type\":\"Organization\",\"@id\":\"https:\\\/\\\/www.organisator.ch\\\/#organization\",\"name\":\"Organisator\",\"url\":\"https:\\\/\\\/www.organisator.ch\\\/\",\"logo\":{\"@type\":\"ImageObject\",\"inLanguage\":\"fr-FR\",\"@id\":\"https:\\\/\\\/www.organisator.ch\\\/#\\\/schema\\\/logo\\\/image\\\/\",\"url\":\"https:\\\/\\\/www.organisator.ch\\\/wp-content\\\/uploads\\\/2022\\\/01\\\/Logo_Organisator_Website.png\",\"contentUrl\":\"https:\\\/\\\/www.organisator.ch\\\/wp-content\\\/uploads\\\/2022\\\/01\\\/Logo_Organisator_Website.png\",\"width\":800,\"height\":77,\"caption\":\"Organisator\"},\"image\":{\"@id\":\"https:\\\/\\\/www.organisator.ch\\\/#\\\/schema\\\/logo\\\/image\\\/\"},\"sameAs\":[\"https:\\\/\\\/www.facebook.com\\\/OrganisatorFachmagazin\",\"https:\\\/\\\/www.linkedin.com\\\/showcase\\\/organisator-das-magazin-fr-kmu\",\"https:\\\/\\\/www.xing.com\\\/news\\\/pages\\\/organisator-ch-695\",\"https:\\\/\\\/www.youtube.com\\\/channel\\\/UCGP2Sq0iWaZwT3BdIAQFYpw\"]},{\"@type\":\"Person\",\"@id\":\"https:\\\/\\\/www.organisator.ch\\\/#\\\/schema\\\/person\\\/aa2bace6c5c5aad60102004a50c4eb1c\",\"name\":\"admin\",\"image\":{\"@type\":\"ImageObject\",\"inLanguage\":\"fr-FR\",\"@id\":\"https:\\\/\\\/secure.gravatar.com\\\/avatar\\\/ae2f4d718e6c49043e314ce431e7e645d646302a24a5ef5a8bc8e3f5a032e319?s=96&d=mm&r=g\",\"url\":\"https:\\\/\\\/secure.gravatar.com\\\/avatar\\\/ae2f4d718e6c49043e314ce431e7e645d646302a24a5ef5a8bc8e3f5a032e319?s=96&d=mm&r=g\",\"contentUrl\":\"https:\\\/\\\/secure.gravatar.com\\\/avatar\\\/ae2f4d718e6c49043e314ce431e7e645d646302a24a5ef5a8bc8e3f5a032e319?s=96&d=mm&r=g\",\"caption\":\"admin\"},\"sameAs\":[\"https:\\\/\\\/www.organisator.ch\"],\"url\":\"https:\\\/\\\/www.organisator.ch\\\/fr\\\/author\\\/admin\\\/\"}]}<\/script>\n<!-- \/ Yoast SEO plugin. -->","yoast_head_json":{"title":"Beno\u00eet Revaz sera le nouveau directeur de l'OFEN - Organisateur","description":"L'Office f\u00e9d\u00e9ral de l'\u00e9nergie a un nouveau directeur depuis le 1er octobre : Beno\u00eet Revaz succ\u00e8de \u00e0 Walter Steinmann.","robots":{"index":"index","follow":"follow","max-snippet":"max-snippet:-1","max-image-preview":"max-image-preview:large","max-video-preview":"max-video-preview:-1"},"canonical":"https:\/\/www.organisator.ch\/fr\/sustainability\/2016-07-06\/benoit-revaz-wird-neuer-direktor-des-bfe\/","og_locale":"fr_FR","og_type":"article","og_title":"Beno\u00eet Revaz wird neuer Direktor des BFE - Organisator","og_description":"Das Bundesamt f\u00fcr Energie hat per 1. Oktober einen neuen Direktor: Beno\u00eet Revaz tritt die Nachfolge von Walter Steinmann an.","og_url":"https:\/\/www.organisator.ch\/fr\/sustainability\/2016-07-06\/benoit-revaz-wird-neuer-direktor-des-bfe\/","og_site_name":"Organisator","article_publisher":"https:\/\/www.facebook.com\/OrganisatorFachmagazin","article_published_time":"2016-07-06T14:29:09+00:00","article_modified_time":"2022-02-09T10:06:24+00:00","og_image":[{"width":357,"height":357,"url":"https:\/\/www.organisator.ch\/wp-content\/uploads\/2016\/12\/Benoit-Revaz-wird-neuer-Direktor-des-BFE-umweltperspektiven.jpg","type":"image\/jpeg"}],"author":"admin","twitter_card":"summary_large_image","schema":{"@context":"https:\/\/schema.org","@graph":[{"@type":"Article","@id":"https:\/\/www.organisator.ch\/sustainability\/2016-07-06\/benoit-revaz-wird-neuer-direktor-des-bfe\/#article","isPartOf":{"@id":"https:\/\/www.organisator.ch\/sustainability\/2016-07-06\/benoit-revaz-wird-neuer-direktor-des-bfe\/"},"author":{"name":"admin","@id":"https:\/\/www.organisator.ch\/#\/schema\/person\/aa2bace6c5c5aad60102004a50c4eb1c"},"headline":"Beno\u00eet Revaz wird neuer Direktor des BFE","datePublished":"2016-07-06T14:29:09+00:00","dateModified":"2022-02-09T10:06:24+00:00","mainEntityOfPage":{"@id":"https:\/\/www.organisator.ch\/sustainability\/2016-07-06\/benoit-revaz-wird-neuer-direktor-des-bfe\/"},"wordCount":305,"commentCount":0,"publisher":{"@id":"https:\/\/www.organisator.ch\/#organization"},"image":{"@id":"https:\/\/www.organisator.ch\/sustainability\/2016-07-06\/benoit-revaz-wird-neuer-direktor-des-bfe\/#primaryimage"},"thumbnailUrl":"https:\/\/www.organisator.ch\/wp-content\/uploads\/2016\/12\/Benoit-Revaz-wird-neuer-Direktor-des-BFE-umweltperspektiven.jpg","keywords":["Beno\u00eet Revaz","BFE","Direktor","ENERGIE"],"articleSection":["SUSTAINABILITY"],"inLanguage":"fr-FR"},{"@type":"WebPage","@id":"https:\/\/www.organisator.ch\/sustainability\/2016-07-06\/benoit-revaz-wird-neuer-direktor-des-bfe\/","url":"https:\/\/www.organisator.ch\/sustainability\/2016-07-06\/benoit-revaz-wird-neuer-direktor-des-bfe\/","name":"Beno\u00eet Revaz sera le nouveau directeur de l'OFEN - Organisateur","isPartOf":{"@id":"https:\/\/www.organisator.ch\/#website"},"primaryImageOfPage":{"@id":"https:\/\/www.organisator.ch\/sustainability\/2016-07-06\/benoit-revaz-wird-neuer-direktor-des-bfe\/#primaryimage"},"image":{"@id":"https:\/\/www.organisator.ch\/sustainability\/2016-07-06\/benoit-revaz-wird-neuer-direktor-des-bfe\/#primaryimage"},"thumbnailUrl":"https:\/\/www.organisator.ch\/wp-content\/uploads\/2016\/12\/Benoit-Revaz-wird-neuer-Direktor-des-BFE-umweltperspektiven.jpg","datePublished":"2016-07-06T14:29:09+00:00","dateModified":"2022-02-09T10:06:24+00:00","description":"L'Office f\u00e9d\u00e9ral de l'\u00e9nergie a un nouveau directeur depuis le 1er octobre : Beno\u00eet Revaz succ\u00e8de \u00e0 Walter Steinmann.","breadcrumb":{"@id":"https:\/\/www.organisator.ch\/sustainability\/2016-07-06\/benoit-revaz-wird-neuer-direktor-des-bfe\/#breadcrumb"},"inLanguage":"fr-FR","potentialAction":[{"@type":"ReadAction","target":["https:\/\/www.organisator.ch\/sustainability\/2016-07-06\/benoit-revaz-wird-neuer-direktor-des-bfe\/"]}]},{"@type":"ImageObject","inLanguage":"fr-FR","@id":"https:\/\/www.organisator.ch\/sustainability\/2016-07-06\/benoit-revaz-wird-neuer-direktor-des-bfe\/#primaryimage","url":"https:\/\/www.organisator.ch\/wp-content\/uploads\/2016\/12\/Benoit-Revaz-wird-neuer-Direktor-des-BFE-umweltperspektiven.jpg","contentUrl":"https:\/\/www.organisator.ch\/wp-content\/uploads\/2016\/12\/Benoit-Revaz-wird-neuer-Direktor-des-BFE-umweltperspektiven.jpg","width":357,"height":357,"caption":"Beno\u00eet Revaz tritt in die Fussstapfen von Walter Steinmann"},{"@type":"BreadcrumbList","@id":"https:\/\/www.organisator.ch\/sustainability\/2016-07-06\/benoit-revaz-wird-neuer-direktor-des-bfe\/#breadcrumb","itemListElement":[{"@type":"ListItem","position":1,"name":"Home","item":"https:\/\/www.organisator.ch\/"},{"@type":"ListItem","position":2,"name":"Beno\u00eet Revaz wird neuer Direktor des BFE"}]},{"@type":"WebSite","@id":"https:\/\/www.organisator.ch\/#website","url":"https:\/\/www.organisator.ch\/","name":"Organisateur","description":"Comp\u00e9tence et comp\u00e9tence. Proches de la pratique. L'ORGANISATEUR pr\u00e9pare 10 num\u00e9ros par an sur les th\u00e8mes essentiels pour les dirigeants de PME.","publisher":{"@id":"https:\/\/www.organisator.ch\/#organization"},"potentialAction":[{"@type":"SearchAction","target":{"@type":"EntryPoint","urlTemplate":"https:\/\/www.organisator.ch\/?s={search_term_string}"},"query-input":{"@type":"PropertyValueSpecification","valueRequired":true,"valueName":"search_term_string"}}],"inLanguage":"fr-FR"},{"@type":"Organization","@id":"https:\/\/www.organisator.ch\/#organization","name":"Organisateur","url":"https:\/\/www.organisator.ch\/","logo":{"@type":"ImageObject","inLanguage":"fr-FR","@id":"https:\/\/www.organisator.ch\/#\/schema\/logo\/image\/","url":"https:\/\/www.organisator.ch\/wp-content\/uploads\/2022\/01\/Logo_Organisator_Website.png","contentUrl":"https:\/\/www.organisator.ch\/wp-content\/uploads\/2022\/01\/Logo_Organisator_Website.png","width":800,"height":77,"caption":"Organisator"},"image":{"@id":"https:\/\/www.organisator.ch\/#\/schema\/logo\/image\/"},"sameAs":["https:\/\/www.facebook.com\/OrganisatorFachmagazin","https:\/\/www.linkedin.com\/showcase\/organisator-das-magazin-fr-kmu","https:\/\/www.xing.com\/news\/pages\/organisator-ch-695","https:\/\/www.youtube.com\/channel\/UCGP2Sq0iWaZwT3BdIAQFYpw"]},{"@type":"Person","@id":"https:\/\/www.organisator.ch\/#\/schema\/person\/aa2bace6c5c5aad60102004a50c4eb1c","name":"admin","image":{"@type":"ImageObject","inLanguage":"fr-FR","@id":"https:\/\/secure.gravatar.com\/avatar\/ae2f4d718e6c49043e314ce431e7e645d646302a24a5ef5a8bc8e3f5a032e319?s=96&d=mm&r=g","url":"https:\/\/secure.gravatar.com\/avatar\/ae2f4d718e6c49043e314ce431e7e645d646302a24a5ef5a8bc8e3f5a032e319?s=96&d=mm&r=g","contentUrl":"https:\/\/secure.gravatar.com\/avatar\/ae2f4d718e6c49043e314ce431e7e645d646302a24a5ef5a8bc8e3f5a032e319?s=96&d=mm&r=g","caption":"admin"},"sameAs":["https:\/\/www.organisator.ch"],"url":"https:\/\/www.organisator.ch\/fr\/author\/admin\/"}]}},"_links":{"self":[{"href":"https:\/\/www.organisator.ch\/fr\/wp-json\/wp\/v2\/posts\/394","targetHints":{"allow":["GET"]}}],"collection":[{"href":"https:\/\/www.organisator.ch\/fr\/wp-json\/wp\/v2\/posts"}],"about":[{"href":"https:\/\/www.organisator.ch\/fr\/wp-json\/wp\/v2\/types\/post"}],"author":[{"embeddable":true,"href":"https:\/\/www.organisator.ch\/fr\/wp-json\/wp\/v2\/users\/1"}],"replies":[{"embeddable":true,"href":"https:\/\/www.organisator.ch\/fr\/wp-json\/wp\/v2\/comments?post=394"}],"version-history":[{"count":1,"href":"https:\/\/www.organisator.ch\/fr\/wp-json\/wp\/v2\/posts\/394\/revisions"}],"predecessor-version":[{"id":10614,"href":"https:\/\/www.organisator.ch\/fr\/wp-json\/wp\/v2\/posts\/394\/revisions\/10614"}],"wp:featuredmedia":[{"embeddable":true,"href":"https:\/\/www.organisator.ch\/fr\/wp-json\/wp\/v2\/media\/9388"}],"wp:attachment":[{"href":"https:\/\/www.organisator.ch\/fr\/wp-json\/wp\/v2\/media?parent=394"}],"wp:term":[{"taxonomy":"category","embeddable":true,"href":"https:\/\/www.organisator.ch\/fr\/wp-json\/wp\/v2\/categories?post=394"},{"taxonomy":"post_tag","embeddable":true,"href":"https:\/\/www.organisator.ch\/fr\/wp-json\/wp\/v2\/tags?post=394"}],"curies":[{"name":"wp","href":"https:\/\/api.w.org\/{rel}","templated":true}]}}