{"id":3944,"date":"2018-07-17T09:12:54","date_gmt":"2018-07-17T07:12:54","guid":{"rendered":"https:\/\/www.organisator.ch\/?p=3944"},"modified":"2018-07-17T09:12:54","modified_gmt":"2018-07-17T07:12:54","slug":"neustarter-stiftung-kompetenzen-statt-alter","status":"publish","type":"post","link":"https:\/\/www.organisator.ch\/fr\/allgemein\/2018-07-17\/neustarter-stiftung-kompetenzen-statt-alter\/","title":{"rendered":"Fondation Neustarter : des comp\u00e9tences plut\u00f4t que l'\u00e2ge"},"content":{"rendered":"<figure id=\"attachment_4008\" aria-describedby=\"caption-attachment-4008\" style=\"width: 640px\" class=\"wp-caption alignnone\"><img loading=\"lazy\" decoding=\"async\" class=\"size-full wp-image-4008\" src=\"https:\/\/www.organisator.ch\/wp-content\/uploads\/2018\/07\/Neustarter-Stiftung-Kompetenzen-statt-Alter_Organisator.jpg\" alt=\"\" width=\"640\" height=\"427\" srcset=\"https:\/\/www.organisator.ch\/wp-content\/uploads\/2018\/07\/Neustarter-Stiftung-Kompetenzen-statt-Alter_Organisator.jpg 640w, https:\/\/www.organisator.ch\/wp-content\/uploads\/2018\/07\/Neustarter-Stiftung-Kompetenzen-statt-Alter_Organisator-16x12.jpg 16w, https:\/\/www.organisator.ch\/wp-content\/uploads\/2018\/07\/Neustarter-Stiftung-Kompetenzen-statt-Alter_Organisator-262x175.jpg 262w, https:\/\/www.organisator.ch\/wp-content\/uploads\/2018\/07\/Neustarter-Stiftung-Kompetenzen-statt-Alter_Organisator-525x350.jpg 525w, https:\/\/www.organisator.ch\/wp-content\/uploads\/2018\/07\/Neustarter-Stiftung-Kompetenzen-statt-Alter_Organisator-300x200.jpg 300w\" sizes=\"auto, (max-width: 640px) 100vw, 640px\" \/><figcaption id=\"caption-attachment-4008\" class=\"wp-caption-text\">Au total, Neustarter a accueilli pr\u00e8s de 500 participants au cours des 12 derniers mois. (Image : zVg)<\/figcaption><\/figure>\n<p>De juin 2017 \u00e0 juin 2018, 9 ateliers, deux Neustarter-Stiftung on Tour, 10 tables rondes, trois conf\u00e9rences avec tables rondes et un grand \u00e9v\u00e9nement de d\u00e9but d'ann\u00e9e ont \u00e9t\u00e9 organis\u00e9s. La communaut\u00e9 en ligne, qui grandit chaque jour, compte d\u00e9j\u00e0 environ 3000 fans et followers. Il est pr\u00e9vu d'\u00e9tendre les ateliers et les tables rondes \u00e0 l'ensemble du territoire suisse et \u00e0 la r\u00e9gion DACH au cours des prochaines ann\u00e9es.<\/p>\n<p>Le renforcement des comp\u00e9tences de chacun est au c\u0153ur de toutes les activit\u00e9s.<\/p>\n<p><strong>Un nouveau d\u00e9part dans le changement \u00a0<\/strong><\/p>\n<p>Il y a un an, la fondation d'utilit\u00e9 publique Tertianum, cr\u00e9\u00e9e en 1999, s'est donn\u00e9 un nouveau d\u00e9part. Dans le champ de tension entre l'\u00e9volution d\u00e9mographique et la num\u00e9risation croissante, la fondation, rebaptis\u00e9e Neustarter, se concentre depuis lors sur deux priorit\u00e9s :<\/p>\n<p><em>- red\u00e9marrage professionnel de personnes actives de 49+ au sein d'une entreprise ou de mani\u00e8re ind\u00e9pendante en dehors de celle-ci accompagnement d'entreprises et d'organisations<\/em><\/p>\n<p><em>- dans la \"gestion des talents adapt\u00e9e aux g\u00e9n\u00e9rations\" avec de nouveaux mod\u00e8les de travail pour des conditions g\u00e9n\u00e9rales modifi\u00e9es ainsi que<\/em><\/p>\n<p><em>- avec des formats d'\u00e9change coll\u00e9gial et une transmission compl\u00e8te des connaissances m\u00e9thodologiques, afin d'armer les collaborateurs \u00e2g\u00e9s de longue date pour l'avenir.<\/em><\/p>\n<p>&nbsp;<\/p>\n<p><strong>CV dynamiques <\/strong><\/p>\n<p>L'avenir appartient aux parcours de vie dynamiques et tant les employ\u00e9s que les employeurs sont de plus en plus appel\u00e9s \u00e0 r\u00e9agir de mani\u00e8re flexible aux exigences changeantes. Ce n'est pas facile, surtout apr\u00e8s de nombreuses ann\u00e9es de travail. Neustarter veut inspirer, encourager et soutenir sp\u00e9cialement les actifs de 49 ans et plus, mais aussi les entreprises qui emploient des collaborateurs de cet \u00e2ge. Outre les offres concr\u00e8tes, Neustarter encourage \u00e9galement la communaut\u00e9 par des plates-formes d'\u00e9change et des offres de communication compl\u00e8tes.<\/p>\n<p><em>Neustarter organise r\u00e9guli\u00e8rement :<\/em><\/p>\n<p><em>- Ateliers pour les personnes (pour faire le point, cr\u00e9er des liens avec des personnes partageant les m\u00eames id\u00e9es et apprendre des m\u00e9thodes, comme le design thinking)<\/em><\/p>\n<p><em>- Ateliers pour les entreprises (pour une gestion des talents adapt\u00e9e aux g\u00e9n\u00e9rations, par exemple sur la motivation &amp; les comp\u00e9tences, le leadership, l'agilit\u00e9 dans les \u00e9quipes multi-\u00e2ges)<\/em><\/p>\n<p><em>- Neustarter on Tour : \"Learning Journeys\" chez des startups et des lieux int\u00e9ressants pour l'inspiration et l'\u00e9change d'id\u00e9es<\/em><\/p>\n<p><em>- Des tables rondes pour \u00e9changer, cr\u00e9er des r\u00e9seaux et s'inspirer<\/em><\/p>\n<p><em>- \u00c9v\u00e9nements, du scientifique au pratique en passant par le discours social<\/em><\/p>\n<p>&nbsp;<\/p>\n<p><a href=\"http:\/\/www.neustarter.com\">www.neustarter.com<\/a><\/p>","protected":false},"excerpt":{"rendered":"<p>Von Juni 2017 bis Juni 2018 wurden 9 Workshops,\u00a0 zwei Neustarter-Stiftung on Tour, 10 Stammtische, drei Vortr\u00e4ge mit Podiumsdiskussionen und ein grosses Jahresauftakt-Event durchgef\u00fchrt. Zur t\u00e4glich wachsenden Online-Community geh\u00f6ren bereits ca. 3000 Fans und Follower. Geplant ist die Ausweitung der Workshops und der Stammtische auf das gesamte Gebiet der Schweiz und die DACH-Region in den [&hellip;]<\/p>\n","protected":false},"author":5,"featured_media":3945,"comment_status":"open","ping_status":"open","sticky":false,"template":"","format":"standard","meta":{"_acf_changed":false,"_yoast_wpseo_focuskw":"Neustarter-Stiftung","_yoast_wpseo_metadesc":"Die Neustarter-Stiftung zieht nach einem Jahr Neuausrichtung auf die beruflichen Neustarts von Schweizerinnen und Schweizern im Alter von 49+ Bilanz.","articlekey":"","footnotes":""},"categories":[1],"tags":[31,75,361,455],"class_list":["post-3944","post","type-post","status-publish","format-standard","has-post-thumbnail","hentry","category-allgemein","tag-31","tag-berufswahl","tag-neuausrichtung","tag-stiftung"],"acf":[],"yoast_head":"<!-- This site is optimized with the Yoast SEO plugin v27.4 - https:\/\/yoast.com\/product\/yoast-seo-wordpress\/ -->\n<title>Neustarter-Stiftung: Kompetenzen statt Alter - Organisator<\/title>\n<meta name=\"description\" content=\"Die Neustarter-Stiftung zieht nach einem Jahr Neuausrichtung auf die beruflichen Neustarts von Schweizerinnen und Schweizern im Alter von 49+ Bilanz.\" \/>\n<meta name=\"robots\" content=\"index, follow, max-snippet:-1, max-image-preview:large, max-video-preview:-1\" \/>\n<link rel=\"canonical\" href=\"https:\/\/www.organisator.ch\/fr\/general\/2018-07-17\/neustarter-stiftung-kompetenzen-statt-alter\/\" \/>\n<meta property=\"og:locale\" content=\"fr_FR\" \/>\n<meta property=\"og:type\" content=\"article\" \/>\n<meta property=\"og:title\" content=\"Neustarter-Stiftung: Kompetenzen statt Alter - Organisator\" \/>\n<meta property=\"og:description\" content=\"Die Neustarter-Stiftung zieht nach einem Jahr Neuausrichtung auf die beruflichen Neustarts von Schweizerinnen und Schweizern im Alter von 49+ Bilanz.\" \/>\n<meta property=\"og:url\" content=\"https:\/\/www.organisator.ch\/fr\/general\/2018-07-17\/neustarter-stiftung-kompetenzen-statt-alter\/\" \/>\n<meta property=\"og:site_name\" content=\"Organisator\" \/>\n<meta property=\"article:publisher\" content=\"https:\/\/www.facebook.com\/OrganisatorFachmagazin\" \/>\n<meta property=\"article:published_time\" content=\"2018-07-17T07:12:54+00:00\" \/>\n<meta property=\"og:image\" content=\"https:\/\/www.organisator.ch\/wp-content\/uploads\/2018\/07\/Neustarter-Stiftung-org-organisator.jpg\" \/>\n\t<meta property=\"og:image:width\" content=\"1215\" \/>\n\t<meta property=\"og:image:height\" content=\"1822\" \/>\n\t<meta property=\"og:image:type\" content=\"image\/jpeg\" \/>\n<meta name=\"author\" content=\"michael.merz\" \/>\n<meta name=\"twitter:card\" content=\"summary_large_image\" \/>\n<script type=\"application\/ld+json\" class=\"yoast-schema-graph\">{\"@context\":\"https:\\\/\\\/schema.org\",\"@graph\":[{\"@type\":\"Article\",\"@id\":\"https:\\\/\\\/www.organisator.ch\\\/de\\\/allgemein\\\/2018-07-17\\\/neustarter-stiftung-kompetenzen-statt-alter\\\/#article\",\"isPartOf\":{\"@id\":\"https:\\\/\\\/www.organisator.ch\\\/de\\\/allgemein\\\/2018-07-17\\\/neustarter-stiftung-kompetenzen-statt-alter\\\/\"},\"author\":{\"name\":\"michael.merz\",\"@id\":\"https:\\\/\\\/www.organisator.ch\\\/#\\\/schema\\\/person\\\/134708ca9321c57b0362cceb7948ffbd\"},\"headline\":\"Neustarter-Stiftung: Kompetenzen statt Alter\",\"datePublished\":\"2018-07-17T07:12:54+00:00\",\"mainEntityOfPage\":{\"@id\":\"https:\\\/\\\/www.organisator.ch\\\/de\\\/allgemein\\\/2018-07-17\\\/neustarter-stiftung-kompetenzen-statt-alter\\\/\"},\"wordCount\":343,\"commentCount\":0,\"publisher\":{\"@id\":\"https:\\\/\\\/www.organisator.ch\\\/#organization\"},\"image\":{\"@id\":\"https:\\\/\\\/www.organisator.ch\\\/de\\\/allgemein\\\/2018-07-17\\\/neustarter-stiftung-kompetenzen-statt-alter\\\/#primaryimage\"},\"thumbnailUrl\":\"https:\\\/\\\/www.organisator.ch\\\/wp-content\\\/uploads\\\/2018\\\/07\\\/Neustarter-Stiftung-org-organisator.jpg\",\"keywords\":[\"50+\",\"Berufswahl\",\"Neuausrichtung\",\"Stiftung\"],\"articleSection\":[\"Allgemein\"],\"inLanguage\":\"fr-FR\"},{\"@type\":\"WebPage\",\"@id\":\"https:\\\/\\\/www.organisator.ch\\\/de\\\/allgemein\\\/2018-07-17\\\/neustarter-stiftung-kompetenzen-statt-alter\\\/\",\"url\":\"https:\\\/\\\/www.organisator.ch\\\/de\\\/allgemein\\\/2018-07-17\\\/neustarter-stiftung-kompetenzen-statt-alter\\\/\",\"name\":\"Neustarter-Stiftung: Kompetenzen statt Alter - Organisator\",\"isPartOf\":{\"@id\":\"https:\\\/\\\/www.organisator.ch\\\/#website\"},\"primaryImageOfPage\":{\"@id\":\"https:\\\/\\\/www.organisator.ch\\\/de\\\/allgemein\\\/2018-07-17\\\/neustarter-stiftung-kompetenzen-statt-alter\\\/#primaryimage\"},\"image\":{\"@id\":\"https:\\\/\\\/www.organisator.ch\\\/de\\\/allgemein\\\/2018-07-17\\\/neustarter-stiftung-kompetenzen-statt-alter\\\/#primaryimage\"},\"thumbnailUrl\":\"https:\\\/\\\/www.organisator.ch\\\/wp-content\\\/uploads\\\/2018\\\/07\\\/Neustarter-Stiftung-org-organisator.jpg\",\"datePublished\":\"2018-07-17T07:12:54+00:00\",\"description\":\"Die Neustarter-Stiftung zieht nach einem Jahr Neuausrichtung auf die beruflichen Neustarts von Schweizerinnen und Schweizern im Alter von 49+ Bilanz.\",\"breadcrumb\":{\"@id\":\"https:\\\/\\\/www.organisator.ch\\\/de\\\/allgemein\\\/2018-07-17\\\/neustarter-stiftung-kompetenzen-statt-alter\\\/#breadcrumb\"},\"inLanguage\":\"fr-FR\",\"potentialAction\":[{\"@type\":\"ReadAction\",\"target\":[\"https:\\\/\\\/www.organisator.ch\\\/de\\\/allgemein\\\/2018-07-17\\\/neustarter-stiftung-kompetenzen-statt-alter\\\/\"]}]},{\"@type\":\"ImageObject\",\"inLanguage\":\"fr-FR\",\"@id\":\"https:\\\/\\\/www.organisator.ch\\\/de\\\/allgemein\\\/2018-07-17\\\/neustarter-stiftung-kompetenzen-statt-alter\\\/#primaryimage\",\"url\":\"https:\\\/\\\/www.organisator.ch\\\/wp-content\\\/uploads\\\/2018\\\/07\\\/Neustarter-Stiftung-org-organisator.jpg\",\"contentUrl\":\"https:\\\/\\\/www.organisator.ch\\\/wp-content\\\/uploads\\\/2018\\\/07\\\/Neustarter-Stiftung-org-organisator.jpg\",\"width\":1215,\"height\":1822,\"caption\":\"Insgesamt konnte Neustarter in den vergangenen 12 Monaten fast 500 Teilnehmende begr\u00fcssen. (Bild: zVg)\"},{\"@type\":\"BreadcrumbList\",\"@id\":\"https:\\\/\\\/www.organisator.ch\\\/de\\\/allgemein\\\/2018-07-17\\\/neustarter-stiftung-kompetenzen-statt-alter\\\/#breadcrumb\",\"itemListElement\":[{\"@type\":\"ListItem\",\"position\":1,\"name\":\"Home\",\"item\":\"https:\\\/\\\/www.organisator.ch\\\/\"},{\"@type\":\"ListItem\",\"position\":2,\"name\":\"Neustarter-Stiftung: Kompetenzen statt Alter\"}]},{\"@type\":\"WebSite\",\"@id\":\"https:\\\/\\\/www.organisator.ch\\\/#website\",\"url\":\"https:\\\/\\\/www.organisator.ch\\\/\",\"name\":\"Organisator\",\"description\":\"Kompetent. Praxisnah. Der ORGANISATOR bereitet in 10 Ausgaben pro Jahr die wesentlichen Themen f\u00fcr F\u00fchrungskr\u00e4fte von KMU auf.\",\"publisher\":{\"@id\":\"https:\\\/\\\/www.organisator.ch\\\/#organization\"},\"potentialAction\":[{\"@type\":\"SearchAction\",\"target\":{\"@type\":\"EntryPoint\",\"urlTemplate\":\"https:\\\/\\\/www.organisator.ch\\\/?s={search_term_string}\"},\"query-input\":{\"@type\":\"PropertyValueSpecification\",\"valueRequired\":true,\"valueName\":\"search_term_string\"}}],\"inLanguage\":\"fr-FR\"},{\"@type\":\"Organization\",\"@id\":\"https:\\\/\\\/www.organisator.ch\\\/#organization\",\"name\":\"Organisator\",\"url\":\"https:\\\/\\\/www.organisator.ch\\\/\",\"logo\":{\"@type\":\"ImageObject\",\"inLanguage\":\"fr-FR\",\"@id\":\"https:\\\/\\\/www.organisator.ch\\\/#\\\/schema\\\/logo\\\/image\\\/\",\"url\":\"https:\\\/\\\/www.organisator.ch\\\/wp-content\\\/uploads\\\/2022\\\/01\\\/Logo_Organisator_Website.png\",\"contentUrl\":\"https:\\\/\\\/www.organisator.ch\\\/wp-content\\\/uploads\\\/2022\\\/01\\\/Logo_Organisator_Website.png\",\"width\":800,\"height\":77,\"caption\":\"Organisator\"},\"image\":{\"@id\":\"https:\\\/\\\/www.organisator.ch\\\/#\\\/schema\\\/logo\\\/image\\\/\"},\"sameAs\":[\"https:\\\/\\\/www.facebook.com\\\/OrganisatorFachmagazin\",\"https:\\\/\\\/www.linkedin.com\\\/showcase\\\/organisator-das-magazin-fr-kmu\",\"https:\\\/\\\/www.xing.com\\\/news\\\/pages\\\/organisator-ch-695\",\"https:\\\/\\\/www.youtube.com\\\/channel\\\/UCGP2Sq0iWaZwT3BdIAQFYpw\"]},{\"@type\":\"Person\",\"@id\":\"https:\\\/\\\/www.organisator.ch\\\/#\\\/schema\\\/person\\\/134708ca9321c57b0362cceb7948ffbd\",\"name\":\"michael.merz\",\"image\":{\"@type\":\"ImageObject\",\"inLanguage\":\"fr-FR\",\"@id\":\"https:\\\/\\\/secure.gravatar.com\\\/avatar\\\/?s=96&d=mm&r=g\",\"url\":\"https:\\\/\\\/secure.gravatar.com\\\/avatar\\\/?s=96&d=mm&r=g\",\"contentUrl\":\"https:\\\/\\\/secure.gravatar.com\\\/avatar\\\/?s=96&d=mm&r=g\",\"caption\":\"michael.merz\"},\"url\":\"https:\\\/\\\/www.organisator.ch\\\/fr\\\/author\\\/michael-merz\\\/\"}]}<\/script>\n<!-- \/ Yoast SEO plugin. -->","yoast_head_json":{"title":"Fondation Neustarter : des comp\u00e9tences plut\u00f4t que l'\u00e2ge - Organisateur","description":"La Fondation Neustarter dresse un bilan apr\u00e8s une ann\u00e9e de r\u00e9orientation vers les nouveaux d\u00e9parts professionnels des Suisses \u00e2g\u00e9s de 49 ans et plus.","robots":{"index":"index","follow":"follow","max-snippet":"max-snippet:-1","max-image-preview":"max-image-preview:large","max-video-preview":"max-video-preview:-1"},"canonical":"https:\/\/www.organisator.ch\/fr\/general\/2018-07-17\/neustarter-stiftung-kompetenzen-statt-alter\/","og_locale":"fr_FR","og_type":"article","og_title":"Neustarter-Stiftung: Kompetenzen statt Alter - Organisator","og_description":"Die Neustarter-Stiftung zieht nach einem Jahr Neuausrichtung auf die beruflichen Neustarts von Schweizerinnen und Schweizern im Alter von 49+ Bilanz.","og_url":"https:\/\/www.organisator.ch\/fr\/general\/2018-07-17\/neustarter-stiftung-kompetenzen-statt-alter\/","og_site_name":"Organisator","article_publisher":"https:\/\/www.facebook.com\/OrganisatorFachmagazin","article_published_time":"2018-07-17T07:12:54+00:00","og_image":[{"width":1215,"height":1822,"url":"https:\/\/www.organisator.ch\/wp-content\/uploads\/2018\/07\/Neustarter-Stiftung-org-organisator.jpg","type":"image\/jpeg"}],"author":"michael.merz","twitter_card":"summary_large_image","schema":{"@context":"https:\/\/schema.org","@graph":[{"@type":"Article","@id":"https:\/\/www.organisator.ch\/de\/allgemein\/2018-07-17\/neustarter-stiftung-kompetenzen-statt-alter\/#article","isPartOf":{"@id":"https:\/\/www.organisator.ch\/de\/allgemein\/2018-07-17\/neustarter-stiftung-kompetenzen-statt-alter\/"},"author":{"name":"michael.merz","@id":"https:\/\/www.organisator.ch\/#\/schema\/person\/134708ca9321c57b0362cceb7948ffbd"},"headline":"Neustarter-Stiftung: Kompetenzen statt Alter","datePublished":"2018-07-17T07:12:54+00:00","mainEntityOfPage":{"@id":"https:\/\/www.organisator.ch\/de\/allgemein\/2018-07-17\/neustarter-stiftung-kompetenzen-statt-alter\/"},"wordCount":343,"commentCount":0,"publisher":{"@id":"https:\/\/www.organisator.ch\/#organization"},"image":{"@id":"https:\/\/www.organisator.ch\/de\/allgemein\/2018-07-17\/neustarter-stiftung-kompetenzen-statt-alter\/#primaryimage"},"thumbnailUrl":"https:\/\/www.organisator.ch\/wp-content\/uploads\/2018\/07\/Neustarter-Stiftung-org-organisator.jpg","keywords":["50+","Berufswahl","Neuausrichtung","Stiftung"],"articleSection":["Allgemein"],"inLanguage":"fr-FR"},{"@type":"WebPage","@id":"https:\/\/www.organisator.ch\/de\/allgemein\/2018-07-17\/neustarter-stiftung-kompetenzen-statt-alter\/","url":"https:\/\/www.organisator.ch\/de\/allgemein\/2018-07-17\/neustarter-stiftung-kompetenzen-statt-alter\/","name":"Fondation Neustarter : des comp\u00e9tences plut\u00f4t que l'\u00e2ge - Organisateur","isPartOf":{"@id":"https:\/\/www.organisator.ch\/#website"},"primaryImageOfPage":{"@id":"https:\/\/www.organisator.ch\/de\/allgemein\/2018-07-17\/neustarter-stiftung-kompetenzen-statt-alter\/#primaryimage"},"image":{"@id":"https:\/\/www.organisator.ch\/de\/allgemein\/2018-07-17\/neustarter-stiftung-kompetenzen-statt-alter\/#primaryimage"},"thumbnailUrl":"https:\/\/www.organisator.ch\/wp-content\/uploads\/2018\/07\/Neustarter-Stiftung-org-organisator.jpg","datePublished":"2018-07-17T07:12:54+00:00","description":"La Fondation Neustarter dresse un bilan apr\u00e8s une ann\u00e9e de r\u00e9orientation vers les nouveaux d\u00e9parts professionnels des Suisses \u00e2g\u00e9s de 49 ans et plus.","breadcrumb":{"@id":"https:\/\/www.organisator.ch\/de\/allgemein\/2018-07-17\/neustarter-stiftung-kompetenzen-statt-alter\/#breadcrumb"},"inLanguage":"fr-FR","potentialAction":[{"@type":"ReadAction","target":["https:\/\/www.organisator.ch\/de\/allgemein\/2018-07-17\/neustarter-stiftung-kompetenzen-statt-alter\/"]}]},{"@type":"ImageObject","inLanguage":"fr-FR","@id":"https:\/\/www.organisator.ch\/de\/allgemein\/2018-07-17\/neustarter-stiftung-kompetenzen-statt-alter\/#primaryimage","url":"https:\/\/www.organisator.ch\/wp-content\/uploads\/2018\/07\/Neustarter-Stiftung-org-organisator.jpg","contentUrl":"https:\/\/www.organisator.ch\/wp-content\/uploads\/2018\/07\/Neustarter-Stiftung-org-organisator.jpg","width":1215,"height":1822,"caption":"Insgesamt konnte Neustarter in den vergangenen 12 Monaten fast 500 Teilnehmende begr\u00fcssen. (Bild: zVg)"},{"@type":"BreadcrumbList","@id":"https:\/\/www.organisator.ch\/de\/allgemein\/2018-07-17\/neustarter-stiftung-kompetenzen-statt-alter\/#breadcrumb","itemListElement":[{"@type":"ListItem","position":1,"name":"Home","item":"https:\/\/www.organisator.ch\/"},{"@type":"ListItem","position":2,"name":"Neustarter-Stiftung: Kompetenzen statt Alter"}]},{"@type":"WebSite","@id":"https:\/\/www.organisator.ch\/#website","url":"https:\/\/www.organisator.ch\/","name":"Organisateur","description":"Comp\u00e9tence et comp\u00e9tence. Proches de la pratique. L'ORGANISATEUR pr\u00e9pare 10 num\u00e9ros par an sur les th\u00e8mes essentiels pour les dirigeants de PME.","publisher":{"@id":"https:\/\/www.organisator.ch\/#organization"},"potentialAction":[{"@type":"SearchAction","target":{"@type":"EntryPoint","urlTemplate":"https:\/\/www.organisator.ch\/?s={search_term_string}"},"query-input":{"@type":"PropertyValueSpecification","valueRequired":true,"valueName":"search_term_string"}}],"inLanguage":"fr-FR"},{"@type":"Organization","@id":"https:\/\/www.organisator.ch\/#organization","name":"Organisateur","url":"https:\/\/www.organisator.ch\/","logo":{"@type":"ImageObject","inLanguage":"fr-FR","@id":"https:\/\/www.organisator.ch\/#\/schema\/logo\/image\/","url":"https:\/\/www.organisator.ch\/wp-content\/uploads\/2022\/01\/Logo_Organisator_Website.png","contentUrl":"https:\/\/www.organisator.ch\/wp-content\/uploads\/2022\/01\/Logo_Organisator_Website.png","width":800,"height":77,"caption":"Organisator"},"image":{"@id":"https:\/\/www.organisator.ch\/#\/schema\/logo\/image\/"},"sameAs":["https:\/\/www.facebook.com\/OrganisatorFachmagazin","https:\/\/www.linkedin.com\/showcase\/organisator-das-magazin-fr-kmu","https:\/\/www.xing.com\/news\/pages\/organisator-ch-695","https:\/\/www.youtube.com\/channel\/UCGP2Sq0iWaZwT3BdIAQFYpw"]},{"@type":"Person","@id":"https:\/\/www.organisator.ch\/#\/schema\/person\/134708ca9321c57b0362cceb7948ffbd","name":"michael.merz","image":{"@type":"ImageObject","inLanguage":"fr-FR","@id":"https:\/\/secure.gravatar.com\/avatar\/?s=96&d=mm&r=g","url":"https:\/\/secure.gravatar.com\/avatar\/?s=96&d=mm&r=g","contentUrl":"https:\/\/secure.gravatar.com\/avatar\/?s=96&d=mm&r=g","caption":"michael.merz"},"url":"https:\/\/www.organisator.ch\/fr\/author\/michael-merz\/"}]}},"_links":{"self":[{"href":"https:\/\/www.organisator.ch\/fr\/wp-json\/wp\/v2\/posts\/3944","targetHints":{"allow":["GET"]}}],"collection":[{"href":"https:\/\/www.organisator.ch\/fr\/wp-json\/wp\/v2\/posts"}],"about":[{"href":"https:\/\/www.organisator.ch\/fr\/wp-json\/wp\/v2\/types\/post"}],"author":[{"embeddable":true,"href":"https:\/\/www.organisator.ch\/fr\/wp-json\/wp\/v2\/users\/5"}],"replies":[{"embeddable":true,"href":"https:\/\/www.organisator.ch\/fr\/wp-json\/wp\/v2\/comments?post=3944"}],"version-history":[{"count":0,"href":"https:\/\/www.organisator.ch\/fr\/wp-json\/wp\/v2\/posts\/3944\/revisions"}],"wp:featuredmedia":[{"embeddable":true,"href":"https:\/\/www.organisator.ch\/fr\/wp-json\/wp\/v2\/media\/3945"}],"wp:attachment":[{"href":"https:\/\/www.organisator.ch\/fr\/wp-json\/wp\/v2\/media?parent=3944"}],"wp:term":[{"taxonomy":"category","embeddable":true,"href":"https:\/\/www.organisator.ch\/fr\/wp-json\/wp\/v2\/categories?post=3944"},{"taxonomy":"post_tag","embeddable":true,"href":"https:\/\/www.organisator.ch\/fr\/wp-json\/wp\/v2\/tags?post=3944"}],"curies":[{"name":"wp","href":"https:\/\/api.w.org\/{rel}","templated":true}]}}