{"id":39507,"date":"2025-07-07T13:18:00","date_gmt":"2025-07-07T11:18:00","guid":{"rendered":"https:\/\/www.m-q.ch\/?p=21675"},"modified":"2025-07-07T14:17:16","modified_gmt":"2025-07-07T12:17:16","slug":"neues-netzwerk-sds-souveraene-digitale-schweiz-gegruendet","status":"publish","type":"post","link":"https:\/\/www.organisator.ch\/fr\/operational-excellence\/2025-07-07\/neues-netzwerk-sds-souveraene-digitale-schweiz-gegruendet\/","title":{"rendered":"Cr\u00e9ation d'un nouveau \"R\u00e9seau SDS - Suisse num\u00e9rique souveraine"},"content":{"rendered":"<p><img class=\"alignnone size-full wp-image-21676\" src=\"https:\/\/www.m-q.ch\/wp-content\/uploads\/2025\/07\/Neues-Netzwerk-SDS-%E2%80%93-Souveraene-Digitale-Schweiz-gegruendet_MQ.jpg\" sizes=\"(max-width: 680px) 100vw, 680px\" srcset=\"https:\/\/www.m-q.ch\/wp-content\/uploads\/2025\/07\/Neues-Netzwerk-SDS-\u2013-Souveraene-Digitale-Schweiz-gegruendet_MQ.jpg 680w, https:\/\/www.m-q.ch\/wp-content\/uploads\/2025\/07\/Neues-Netzwerk-SDS-\u2013-Souveraene-Digitale-Schweiz-gegruendet_MQ-18x8.jpg 18w, https:\/\/www.m-q.ch\/wp-content\/uploads\/2025\/07\/Neues-Netzwerk-SDS-\u2013-Souveraene-Digitale-Schweiz-gegruendet_MQ-375x165.jpg 375w\" alt=\"\" width=\"680\" height=\"300\" \/><\/p>\r\n<p>L'Institut Public Sector Transformation (IPST) de la Haute \u00e9cole sp\u00e9cialis\u00e9e bernoise (HESB) a fond\u00e9 le \"R\u00e9seau SDS - Suisse num\u00e9rique souveraine\" avec le D\u00e9partement f\u00e9d\u00e9ral de justice et police (DFJP), l'Organisation et l'Informatique (OIZ) de la ville de Zurich ainsi que la Poste suisse. D'autres organisations suisses sont invit\u00e9es \u00e0 participer au r\u00e9seau. Le \"R\u00e9seau SDS\" encourage la mise en r\u00e9seau professionnelle des acteurs suisses sur la souverainet\u00e9 num\u00e9rique. Dans le cadre de manifestations, d'analyses et d'autres activit\u00e9s, des comp\u00e9tences, des connaissances et des exp\u00e9riences sont \u00e9chang\u00e9es. Celles-ci concernent entre autres la r\u00e9duction de la d\u00e9pendance vis-\u00e0-vis des fabricants, l'utilisation et le d\u00e9veloppement de technologies open source ainsi que l'exploitation souveraine d'infrastructures informatiques. L'\u00e9change avec des autorit\u00e9s, des entreprises et d'autres organisations \u00e9trang\u00e8res est \u00e9galement entretenu. Une coop\u00e9ration avec le centre allemand pour la souverainet\u00e9 num\u00e9rique de l'administration publique (ZenDiS) est d\u00e9j\u00e0 pr\u00e9vue afin de mettre en place une offre openDesk officielle en Suisse.<\/p>\r\n<h3>L'initiative est bien accueillie<\/h3>\r\n<p>Le comit\u00e9 consultatif du \"R\u00e9seau SDS\" se compose actuellement de Dominika Blonski (responsable de la protection des donn\u00e9es du canton de Zurich), Danielle Kaufmann (responsable de la protection des donn\u00e9es du canton de B\u00e2le-Ville), Werner Kipfer (chef du d\u00e9partement principal Workplace aupr\u00e8s de l'organisation et de l'informatique de la ville de Zurich) et Matthias Schmutz (responsable de la gestion de l'architecture, de la s\u00e9curit\u00e9 et des projets au DFJP). Le \"r\u00e9seau SDS\" est en outre soutenu par des acteurs centraux de l'administration. Peppino Giarritta, d\u00e9l\u00e9gu\u00e9 de la Conf\u00e9d\u00e9ration et des cantons pour l'administration num\u00e9rique suisse (ADS), salue l'initiative : \"Un tel r\u00e9seau contribue \u00e0 renforcer les \u00e9changes professionnels et \u00e0 d\u00e9velopper des comp\u00e9tences dans le domaine de la souverainet\u00e9 num\u00e9rique\". Daniel Markwalder, d\u00e9l\u00e9gu\u00e9 du domaine \"Transformation num\u00e9rique et pilotage des TIC\" (DTI) de la Chancellerie f\u00e9d\u00e9rale, souhaite \u00e9galement recourir au savoir-faire du r\u00e9seau : \"Nous discuterons volontiers de questions sp\u00e9cifiques avec le r\u00e9seau SDS\".<\/p>\r\n<h3>Ouvert \u00e0 d'autres organisations<\/h3>\r\n<p>Les autorit\u00e9s suisses et autres acteurs du secteur public ainsi que les entreprises, associations et autres organisations ayant leur si\u00e8ge principal en Suisse peuvent participer au \"R\u00e9seau SDS\". Les activit\u00e9s op\u00e9rationnelles du r\u00e9seau sont assur\u00e9es par l'IPST de la HESB. Une newsletter et le site web (<a href=\"http:\/\/www.netzwerksds.ch\/\">www.netzwerksds.ch<\/a>) informent sur les activit\u00e9s \u00e0 venir du \"R\u00e9seau FDS\".<\/p>\n<p class=\"syndicated-attribution\">Cet article est paru initialement sur m-q.ch - <a href=\"https:\/\/www.m-q.ch\/de\/neues-netzwerk-sds-souveraene-digitale-schweiz-gegruendet\/\" target=\"_blank\">https:\/\/www.m-q.ch\/de\/neues-netzwerk-sds-souveraene-digitale-schweiz-gegruendet\/<\/a><\/p>","protected":false},"excerpt":{"rendered":"<p>Des acteurs du secteur public ont cr\u00e9\u00e9 un r\u00e9seau d'\u00e9change professionnel sur la souverainet\u00e9 num\u00e9rique, dans lequel ils partagent leurs comp\u00e9tences et leurs exp\u00e9riences pour une plus grande ind\u00e9pendance technologique. D'autres autorit\u00e9s suisses, entreprises et autres organisations sont invit\u00e9es \u00e0 participer au r\u00e9seau.<\/p>","protected":false},"author":8,"featured_media":0,"comment_status":"closed","ping_status":"closed","sticky":false,"template":"","format":"standard","meta":{"_acf_changed":false,"_yoast_wpseo_focuskw":"Netzwerk SDS","_yoast_wpseo_metadesc":"Akteure aus dem \u00f6ffentlichen Sektor haben das Netzwerk SDS zum fachlichen Austausch zu digitaler Souver\u00e4nit\u00e4t gegr\u00fcndet.","articlekey":"","footnotes":""},"categories":[582],"tags":[586,156,603],"class_list":["post-39507","post","type-post","status-publish","format-standard","hentry","category-operational-excellence","tag-allgemein","tag-digitalisierung","tag-vereine-verbaende-institutionen"],"acf":[],"yoast_head":"<!-- This site is optimized with the Yoast SEO plugin v27.5 - https:\/\/yoast.com\/product\/yoast-seo-wordpress\/ -->\n<title>Neues \u00abNetzwerk SDS \u2013 Souver\u00e4ne Digitale Schweiz\u00bb gegr\u00fcndet - Organisator<\/title>\n<meta name=\"description\" content=\"Akteure aus dem \u00f6ffentlichen Sektor haben das Netzwerk SDS zum fachlichen Austausch zu digitaler Souver\u00e4nit\u00e4t gegr\u00fcndet.\" \/>\n<meta name=\"robots\" content=\"index, follow, max-snippet:-1, max-image-preview:large, max-video-preview:-1\" \/>\n<link rel=\"canonical\" href=\"https:\/\/www.organisator.ch\/fr\/excellence-operationnelle\/2025-07-07\/neues-netzwerk-sds-souveraene-digitale-schweiz-gegruendet\/\" \/>\n<meta property=\"og:locale\" content=\"fr_FR\" \/>\n<meta property=\"og:type\" content=\"article\" \/>\n<meta property=\"og:title\" content=\"Neues \u00abNetzwerk SDS \u2013 Souver\u00e4ne Digitale Schweiz\u00bb gegr\u00fcndet - Organisator\" \/>\n<meta property=\"og:description\" content=\"Akteure aus dem \u00f6ffentlichen Sektor haben das Netzwerk SDS zum fachlichen Austausch zu digitaler Souver\u00e4nit\u00e4t gegr\u00fcndet.\" \/>\n<meta property=\"og:url\" content=\"https:\/\/www.organisator.ch\/fr\/excellence-operationnelle\/2025-07-07\/neues-netzwerk-sds-souveraene-digitale-schweiz-gegruendet\/\" \/>\n<meta property=\"og:site_name\" content=\"Organisator\" \/>\n<meta property=\"article:publisher\" content=\"https:\/\/www.facebook.com\/OrganisatorFachmagazin\" \/>\n<meta property=\"article:published_time\" content=\"2025-07-07T11:18:00+00:00\" \/>\n<meta property=\"article:modified_time\" content=\"2025-07-07T12:17:16+00:00\" \/>\n<meta name=\"author\" content=\"galledia\" \/>\n<meta name=\"twitter:card\" content=\"summary_large_image\" \/>\n<meta name=\"twitter:creator\" content=\"@admin\" \/>\n<script type=\"application\/ld+json\" class=\"yoast-schema-graph\">{\"@context\":\"https:\\\/\\\/schema.org\",\"@graph\":[{\"@type\":\"Article\",\"@id\":\"https:\\\/\\\/www.organisator.ch\\\/operational-excellence\\\/2025-07-07\\\/neues-netzwerk-sds-souveraene-digitale-schweiz-gegruendet\\\/#article\",\"isPartOf\":{\"@id\":\"https:\\\/\\\/www.organisator.ch\\\/operational-excellence\\\/2025-07-07\\\/neues-netzwerk-sds-souveraene-digitale-schweiz-gegruendet\\\/\"},\"author\":{\"name\":\"galledia\",\"@id\":\"https:\\\/\\\/www.organisator.ch\\\/#\\\/schema\\\/person\\\/4e51799071cd2dd1232ac003643ef5f0\"},\"headline\":\"Neues \u00abNetzwerk SDS \u2013 Souver\u00e4ne Digitale Schweiz\u00bb gegr\u00fcndet\",\"datePublished\":\"2025-07-07T11:18:00+00:00\",\"dateModified\":\"2025-07-07T12:17:16+00:00\",\"mainEntityOfPage\":{\"@id\":\"https:\\\/\\\/www.organisator.ch\\\/operational-excellence\\\/2025-07-07\\\/neues-netzwerk-sds-souveraene-digitale-schweiz-gegruendet\\\/\"},\"wordCount\":354,\"publisher\":{\"@id\":\"https:\\\/\\\/www.organisator.ch\\\/#organization\"},\"image\":{\"@id\":\"https:\\\/\\\/www.organisator.ch\\\/operational-excellence\\\/2025-07-07\\\/neues-netzwerk-sds-souveraene-digitale-schweiz-gegruendet\\\/#primaryimage\"},\"thumbnailUrl\":\"https:\\\/\\\/www.m-q.ch\\\/wp-content\\\/uploads\\\/2025\\\/07\\\/Neues-Netzwerk-SDS-%E2%80%93-Souveraene-Digitale-Schweiz-gegruendet_MQ.jpg\",\"keywords\":[\"Allgemein\",\"Digitalisierung\",\"Vereine\\\/Verb\u00e4nde\\\/Institutionen\"],\"articleSection\":[\"OPERATIONAL EXCELLENCE\"],\"inLanguage\":\"fr-FR\"},{\"@type\":\"WebPage\",\"@id\":\"https:\\\/\\\/www.organisator.ch\\\/operational-excellence\\\/2025-07-07\\\/neues-netzwerk-sds-souveraene-digitale-schweiz-gegruendet\\\/\",\"url\":\"https:\\\/\\\/www.organisator.ch\\\/operational-excellence\\\/2025-07-07\\\/neues-netzwerk-sds-souveraene-digitale-schweiz-gegruendet\\\/\",\"name\":\"Neues \u00abNetzwerk SDS \u2013 Souver\u00e4ne Digitale Schweiz\u00bb gegr\u00fcndet - Organisator\",\"isPartOf\":{\"@id\":\"https:\\\/\\\/www.organisator.ch\\\/#website\"},\"primaryImageOfPage\":{\"@id\":\"https:\\\/\\\/www.organisator.ch\\\/operational-excellence\\\/2025-07-07\\\/neues-netzwerk-sds-souveraene-digitale-schweiz-gegruendet\\\/#primaryimage\"},\"image\":{\"@id\":\"https:\\\/\\\/www.organisator.ch\\\/operational-excellence\\\/2025-07-07\\\/neues-netzwerk-sds-souveraene-digitale-schweiz-gegruendet\\\/#primaryimage\"},\"thumbnailUrl\":\"https:\\\/\\\/www.m-q.ch\\\/wp-content\\\/uploads\\\/2025\\\/07\\\/Neues-Netzwerk-SDS-%E2%80%93-Souveraene-Digitale-Schweiz-gegruendet_MQ.jpg\",\"datePublished\":\"2025-07-07T11:18:00+00:00\",\"dateModified\":\"2025-07-07T12:17:16+00:00\",\"description\":\"Akteure aus dem \u00f6ffentlichen Sektor haben das Netzwerk SDS zum fachlichen Austausch zu digitaler Souver\u00e4nit\u00e4t gegr\u00fcndet.\",\"breadcrumb\":{\"@id\":\"https:\\\/\\\/www.organisator.ch\\\/operational-excellence\\\/2025-07-07\\\/neues-netzwerk-sds-souveraene-digitale-schweiz-gegruendet\\\/#breadcrumb\"},\"inLanguage\":\"fr-FR\",\"potentialAction\":[{\"@type\":\"ReadAction\",\"target\":[\"https:\\\/\\\/www.organisator.ch\\\/operational-excellence\\\/2025-07-07\\\/neues-netzwerk-sds-souveraene-digitale-schweiz-gegruendet\\\/\"]}]},{\"@type\":\"ImageObject\",\"inLanguage\":\"fr-FR\",\"@id\":\"https:\\\/\\\/www.organisator.ch\\\/operational-excellence\\\/2025-07-07\\\/neues-netzwerk-sds-souveraene-digitale-schweiz-gegruendet\\\/#primaryimage\",\"url\":\"https:\\\/\\\/www.m-q.ch\\\/wp-content\\\/uploads\\\/2025\\\/07\\\/Neues-Netzwerk-SDS-%E2%80%93-Souveraene-Digitale-Schweiz-gegruendet_MQ.jpg\",\"contentUrl\":\"https:\\\/\\\/www.m-q.ch\\\/wp-content\\\/uploads\\\/2025\\\/07\\\/Neues-Netzwerk-SDS-%E2%80%93-Souveraene-Digitale-Schweiz-gegruendet_MQ.jpg\"},{\"@type\":\"BreadcrumbList\",\"@id\":\"https:\\\/\\\/www.organisator.ch\\\/operational-excellence\\\/2025-07-07\\\/neues-netzwerk-sds-souveraene-digitale-schweiz-gegruendet\\\/#breadcrumb\",\"itemListElement\":[{\"@type\":\"ListItem\",\"position\":1,\"name\":\"Home\",\"item\":\"https:\\\/\\\/www.organisator.ch\\\/\"},{\"@type\":\"ListItem\",\"position\":2,\"name\":\"Neues \u00abNetzwerk SDS \u2013 Souver\u00e4ne Digitale Schweiz\u00bb gegr\u00fcndet\"}]},{\"@type\":\"WebSite\",\"@id\":\"https:\\\/\\\/www.organisator.ch\\\/#website\",\"url\":\"https:\\\/\\\/www.organisator.ch\\\/\",\"name\":\"Organisator\",\"description\":\"Kompetent. Praxisnah. Der ORGANISATOR bereitet in 10 Ausgaben pro Jahr die wesentlichen Themen f\u00fcr F\u00fchrungskr\u00e4fte von KMU auf.\",\"publisher\":{\"@id\":\"https:\\\/\\\/www.organisator.ch\\\/#organization\"},\"potentialAction\":[{\"@type\":\"SearchAction\",\"target\":{\"@type\":\"EntryPoint\",\"urlTemplate\":\"https:\\\/\\\/www.organisator.ch\\\/?s={search_term_string}\"},\"query-input\":{\"@type\":\"PropertyValueSpecification\",\"valueRequired\":true,\"valueName\":\"search_term_string\"}}],\"inLanguage\":\"fr-FR\"},{\"@type\":\"Organization\",\"@id\":\"https:\\\/\\\/www.organisator.ch\\\/#organization\",\"name\":\"Organisator\",\"url\":\"https:\\\/\\\/www.organisator.ch\\\/\",\"logo\":{\"@type\":\"ImageObject\",\"inLanguage\":\"fr-FR\",\"@id\":\"https:\\\/\\\/www.organisator.ch\\\/#\\\/schema\\\/logo\\\/image\\\/\",\"url\":\"https:\\\/\\\/www.organisator.ch\\\/wp-content\\\/uploads\\\/2022\\\/01\\\/Logo_Organisator_Website.png\",\"contentUrl\":\"https:\\\/\\\/www.organisator.ch\\\/wp-content\\\/uploads\\\/2022\\\/01\\\/Logo_Organisator_Website.png\",\"width\":800,\"height\":77,\"caption\":\"Organisator\"},\"image\":{\"@id\":\"https:\\\/\\\/www.organisator.ch\\\/#\\\/schema\\\/logo\\\/image\\\/\"},\"sameAs\":[\"https:\\\/\\\/www.facebook.com\\\/OrganisatorFachmagazin\",\"https:\\\/\\\/www.linkedin.com\\\/showcase\\\/organisator-das-magazin-fr-kmu\",\"https:\\\/\\\/www.xing.com\\\/news\\\/pages\\\/organisator-ch-695\",\"https:\\\/\\\/www.youtube.com\\\/channel\\\/UCGP2Sq0iWaZwT3BdIAQFYpw\"]},{\"@type\":\"Person\",\"@id\":\"https:\\\/\\\/www.organisator.ch\\\/#\\\/schema\\\/person\\\/4e51799071cd2dd1232ac003643ef5f0\",\"name\":\"galledia\",\"image\":{\"@type\":\"ImageObject\",\"inLanguage\":\"fr-FR\",\"@id\":\"https:\\\/\\\/secure.gravatar.com\\\/avatar\\\/78a7f90c01fc2bfc875782a0d4922b37cde2cf184ce347b91316d23cd7f69a36?s=96&d=mm&r=g\",\"url\":\"https:\\\/\\\/secure.gravatar.com\\\/avatar\\\/78a7f90c01fc2bfc875782a0d4922b37cde2cf184ce347b91316d23cd7f69a36?s=96&d=mm&r=g\",\"contentUrl\":\"https:\\\/\\\/secure.gravatar.com\\\/avatar\\\/78a7f90c01fc2bfc875782a0d4922b37cde2cf184ce347b91316d23cd7f69a36?s=96&d=mm&r=g\",\"caption\":\"galledia\"},\"sameAs\":[\"https:\\\/\\\/x.com\\\/admin\"],\"url\":\"https:\\\/\\\/www.organisator.ch\\\/fr\\\/author\\\/galledia\\\/\"}]}<\/script>\n<!-- \/ Yoast SEO plugin. -->","yoast_head_json":{"title":"Cr\u00e9ation d'un nouveau \"R\u00e9seau SDS - Suisse num\u00e9rique souveraine\" - Organisateur","description":"Des acteurs du secteur public ont cr\u00e9\u00e9 le r\u00e9seau SDS pour un \u00e9change professionnel sur la souverainet\u00e9 num\u00e9rique.","robots":{"index":"index","follow":"follow","max-snippet":"max-snippet:-1","max-image-preview":"max-image-preview:large","max-video-preview":"max-video-preview:-1"},"canonical":"https:\/\/www.organisator.ch\/fr\/excellence-operationnelle\/2025-07-07\/neues-netzwerk-sds-souveraene-digitale-schweiz-gegruendet\/","og_locale":"fr_FR","og_type":"article","og_title":"Neues \u00abNetzwerk SDS \u2013 Souver\u00e4ne Digitale Schweiz\u00bb gegr\u00fcndet - Organisator","og_description":"Akteure aus dem \u00f6ffentlichen Sektor haben das Netzwerk SDS zum fachlichen Austausch zu digitaler Souver\u00e4nit\u00e4t gegr\u00fcndet.","og_url":"https:\/\/www.organisator.ch\/fr\/excellence-operationnelle\/2025-07-07\/neues-netzwerk-sds-souveraene-digitale-schweiz-gegruendet\/","og_site_name":"Organisator","article_publisher":"https:\/\/www.facebook.com\/OrganisatorFachmagazin","article_published_time":"2025-07-07T11:18:00+00:00","article_modified_time":"2025-07-07T12:17:16+00:00","author":"galledia","twitter_card":"summary_large_image","twitter_creator":"@admin","schema":{"@context":"https:\/\/schema.org","@graph":[{"@type":"Article","@id":"https:\/\/www.organisator.ch\/operational-excellence\/2025-07-07\/neues-netzwerk-sds-souveraene-digitale-schweiz-gegruendet\/#article","isPartOf":{"@id":"https:\/\/www.organisator.ch\/operational-excellence\/2025-07-07\/neues-netzwerk-sds-souveraene-digitale-schweiz-gegruendet\/"},"author":{"name":"galledia","@id":"https:\/\/www.organisator.ch\/#\/schema\/person\/4e51799071cd2dd1232ac003643ef5f0"},"headline":"Neues \u00abNetzwerk SDS \u2013 Souver\u00e4ne Digitale Schweiz\u00bb gegr\u00fcndet","datePublished":"2025-07-07T11:18:00+00:00","dateModified":"2025-07-07T12:17:16+00:00","mainEntityOfPage":{"@id":"https:\/\/www.organisator.ch\/operational-excellence\/2025-07-07\/neues-netzwerk-sds-souveraene-digitale-schweiz-gegruendet\/"},"wordCount":354,"publisher":{"@id":"https:\/\/www.organisator.ch\/#organization"},"image":{"@id":"https:\/\/www.organisator.ch\/operational-excellence\/2025-07-07\/neues-netzwerk-sds-souveraene-digitale-schweiz-gegruendet\/#primaryimage"},"thumbnailUrl":"https:\/\/www.m-q.ch\/wp-content\/uploads\/2025\/07\/Neues-Netzwerk-SDS-%E2%80%93-Souveraene-Digitale-Schweiz-gegruendet_MQ.jpg","keywords":["Allgemein","Digitalisierung","Vereine\/Verb\u00e4nde\/Institutionen"],"articleSection":["OPERATIONAL EXCELLENCE"],"inLanguage":"fr-FR"},{"@type":"WebPage","@id":"https:\/\/www.organisator.ch\/operational-excellence\/2025-07-07\/neues-netzwerk-sds-souveraene-digitale-schweiz-gegruendet\/","url":"https:\/\/www.organisator.ch\/operational-excellence\/2025-07-07\/neues-netzwerk-sds-souveraene-digitale-schweiz-gegruendet\/","name":"Cr\u00e9ation d'un nouveau \"R\u00e9seau SDS - Suisse num\u00e9rique souveraine\" - Organisateur","isPartOf":{"@id":"https:\/\/www.organisator.ch\/#website"},"primaryImageOfPage":{"@id":"https:\/\/www.organisator.ch\/operational-excellence\/2025-07-07\/neues-netzwerk-sds-souveraene-digitale-schweiz-gegruendet\/#primaryimage"},"image":{"@id":"https:\/\/www.organisator.ch\/operational-excellence\/2025-07-07\/neues-netzwerk-sds-souveraene-digitale-schweiz-gegruendet\/#primaryimage"},"thumbnailUrl":"https:\/\/www.m-q.ch\/wp-content\/uploads\/2025\/07\/Neues-Netzwerk-SDS-%E2%80%93-Souveraene-Digitale-Schweiz-gegruendet_MQ.jpg","datePublished":"2025-07-07T11:18:00+00:00","dateModified":"2025-07-07T12:17:16+00:00","description":"Des acteurs du secteur public ont cr\u00e9\u00e9 le r\u00e9seau SDS pour un \u00e9change professionnel sur la souverainet\u00e9 num\u00e9rique.","breadcrumb":{"@id":"https:\/\/www.organisator.ch\/operational-excellence\/2025-07-07\/neues-netzwerk-sds-souveraene-digitale-schweiz-gegruendet\/#breadcrumb"},"inLanguage":"fr-FR","potentialAction":[{"@type":"ReadAction","target":["https:\/\/www.organisator.ch\/operational-excellence\/2025-07-07\/neues-netzwerk-sds-souveraene-digitale-schweiz-gegruendet\/"]}]},{"@type":"ImageObject","inLanguage":"fr-FR","@id":"https:\/\/www.organisator.ch\/operational-excellence\/2025-07-07\/neues-netzwerk-sds-souveraene-digitale-schweiz-gegruendet\/#primaryimage","url":"https:\/\/www.m-q.ch\/wp-content\/uploads\/2025\/07\/Neues-Netzwerk-SDS-%E2%80%93-Souveraene-Digitale-Schweiz-gegruendet_MQ.jpg","contentUrl":"https:\/\/www.m-q.ch\/wp-content\/uploads\/2025\/07\/Neues-Netzwerk-SDS-%E2%80%93-Souveraene-Digitale-Schweiz-gegruendet_MQ.jpg"},{"@type":"BreadcrumbList","@id":"https:\/\/www.organisator.ch\/operational-excellence\/2025-07-07\/neues-netzwerk-sds-souveraene-digitale-schweiz-gegruendet\/#breadcrumb","itemListElement":[{"@type":"ListItem","position":1,"name":"Home","item":"https:\/\/www.organisator.ch\/"},{"@type":"ListItem","position":2,"name":"Neues \u00abNetzwerk SDS \u2013 Souver\u00e4ne Digitale Schweiz\u00bb gegr\u00fcndet"}]},{"@type":"WebSite","@id":"https:\/\/www.organisator.ch\/#website","url":"https:\/\/www.organisator.ch\/","name":"Organisateur","description":"Comp\u00e9tence et comp\u00e9tence. Proches de la pratique. L'ORGANISATEUR pr\u00e9pare 10 num\u00e9ros par an sur les th\u00e8mes essentiels pour les dirigeants de PME.","publisher":{"@id":"https:\/\/www.organisator.ch\/#organization"},"potentialAction":[{"@type":"SearchAction","target":{"@type":"EntryPoint","urlTemplate":"https:\/\/www.organisator.ch\/?s={search_term_string}"},"query-input":{"@type":"PropertyValueSpecification","valueRequired":true,"valueName":"search_term_string"}}],"inLanguage":"fr-FR"},{"@type":"Organization","@id":"https:\/\/www.organisator.ch\/#organization","name":"Organisateur","url":"https:\/\/www.organisator.ch\/","logo":{"@type":"ImageObject","inLanguage":"fr-FR","@id":"https:\/\/www.organisator.ch\/#\/schema\/logo\/image\/","url":"https:\/\/www.organisator.ch\/wp-content\/uploads\/2022\/01\/Logo_Organisator_Website.png","contentUrl":"https:\/\/www.organisator.ch\/wp-content\/uploads\/2022\/01\/Logo_Organisator_Website.png","width":800,"height":77,"caption":"Organisator"},"image":{"@id":"https:\/\/www.organisator.ch\/#\/schema\/logo\/image\/"},"sameAs":["https:\/\/www.facebook.com\/OrganisatorFachmagazin","https:\/\/www.linkedin.com\/showcase\/organisator-das-magazin-fr-kmu","https:\/\/www.xing.com\/news\/pages\/organisator-ch-695","https:\/\/www.youtube.com\/channel\/UCGP2Sq0iWaZwT3BdIAQFYpw"]},{"@type":"Person","@id":"https:\/\/www.organisator.ch\/#\/schema\/person\/4e51799071cd2dd1232ac003643ef5f0","name":"galledia","image":{"@type":"ImageObject","inLanguage":"fr-FR","@id":"https:\/\/secure.gravatar.com\/avatar\/78a7f90c01fc2bfc875782a0d4922b37cde2cf184ce347b91316d23cd7f69a36?s=96&d=mm&r=g","url":"https:\/\/secure.gravatar.com\/avatar\/78a7f90c01fc2bfc875782a0d4922b37cde2cf184ce347b91316d23cd7f69a36?s=96&d=mm&r=g","contentUrl":"https:\/\/secure.gravatar.com\/avatar\/78a7f90c01fc2bfc875782a0d4922b37cde2cf184ce347b91316d23cd7f69a36?s=96&d=mm&r=g","caption":"galledia"},"sameAs":["https:\/\/x.com\/admin"],"url":"https:\/\/www.organisator.ch\/fr\/author\/galledia\/"}]}},"_links":{"self":[{"href":"https:\/\/www.organisator.ch\/fr\/wp-json\/wp\/v2\/posts\/39507","targetHints":{"allow":["GET"]}}],"collection":[{"href":"https:\/\/www.organisator.ch\/fr\/wp-json\/wp\/v2\/posts"}],"about":[{"href":"https:\/\/www.organisator.ch\/fr\/wp-json\/wp\/v2\/types\/post"}],"author":[{"embeddable":true,"href":"https:\/\/www.organisator.ch\/fr\/wp-json\/wp\/v2\/users\/8"}],"replies":[{"embeddable":true,"href":"https:\/\/www.organisator.ch\/fr\/wp-json\/wp\/v2\/comments?post=39507"}],"version-history":[{"count":6,"href":"https:\/\/www.organisator.ch\/fr\/wp-json\/wp\/v2\/posts\/39507\/revisions"}],"predecessor-version":[{"id":39511,"href":"https:\/\/www.organisator.ch\/fr\/wp-json\/wp\/v2\/posts\/39507\/revisions\/39511"}],"wp:attachment":[{"href":"https:\/\/www.organisator.ch\/fr\/wp-json\/wp\/v2\/media?parent=39507"}],"wp:term":[{"taxonomy":"category","embeddable":true,"href":"https:\/\/www.organisator.ch\/fr\/wp-json\/wp\/v2\/categories?post=39507"},{"taxonomy":"post_tag","embeddable":true,"href":"https:\/\/www.organisator.ch\/fr\/wp-json\/wp\/v2\/tags?post=39507"}],"curies":[{"name":"wp","href":"https:\/\/api.w.org\/{rel}","templated":true}]}}