{"id":39518,"date":"2025-07-08T11:26:58","date_gmt":"2025-07-08T09:26:58","guid":{"rendered":"https:\/\/www.organisator.ch\/?p=39518"},"modified":"2025-07-08T11:26:58","modified_gmt":"2025-07-08T09:26:58","slug":"ict-fachmesse-connect-mit-ueber-85-ausstellern","status":"publish","type":"post","link":"https:\/\/www.organisator.ch\/fr\/marketing\/2025-07-08\/ict-fachmesse-connect-mit-ueber-85-ausstellern\/","title":{"rendered":"Le salon professionnel des TIC CONNECT accueille plus de 85 exposants"},"content":{"rendered":"<figure id=\"attachment_39519\" aria-describedby=\"caption-attachment-39519\" style=\"width: 680px\" class=\"wp-caption alignnone\"><img loading=\"lazy\" decoding=\"async\" class=\"size-full wp-image-39519\" src=\"https:\/\/www.organisator.ch\/wp-content\/uploads\/2025\/07\/ICT-Fachmesse-CONNECT-mit-ueber-85-Ausstellern_Organisator.jpg\" alt=\"\" width=\"680\" height=\"382\" srcset=\"https:\/\/www.organisator.ch\/wp-content\/uploads\/2025\/07\/ICT-Fachmesse-CONNECT-mit-ueber-85-Ausstellern_Organisator.jpg 680w, https:\/\/www.organisator.ch\/wp-content\/uploads\/2025\/07\/ICT-Fachmesse-CONNECT-mit-ueber-85-Ausstellern_Organisator-18x10.jpg 18w, https:\/\/www.organisator.ch\/wp-content\/uploads\/2025\/07\/ICT-Fachmesse-CONNECT-mit-ueber-85-Ausstellern_Organisator-375x211.jpg 375w, https:\/\/www.organisator.ch\/wp-content\/uploads\/2025\/07\/ICT-Fachmesse-CONNECT-mit-ueber-85-Ausstellern_Organisator-623x350.jpg 623w\" sizes=\"auto, (max-width: 680px) 100vw, 680px\" \/><figcaption id=\"caption-attachment-39519\" class=\"wp-caption-text\">C'est ainsi que le salon professionnel des TIC CONNECT se pr\u00e9sente au public cette ann\u00e9e. (Image : zVg)<\/figcaption><\/figure>\n<p>Les 27 et 28 ao\u00fbt 2025, le salon professionnel des TIC CONNECT se tiendra pour la troisi\u00e8me fois cons\u00e9cutive dans la halle 550 \u00e0 Zurich-Oerlikon. \"CONNECT s'est \u00e9tabli depuis longtemps comme l'un des \u00e9v\u00e9nements ICT les plus importants de toute la Suisse et est le plus grand salon ICT de Suisse al\u00e9manique. Cette ann\u00e9e encore, avec plus de 85 exposants et un programme vari\u00e9 de cours et d'activit\u00e9s annexes, nous prouverons que Brack.Alltron est rest\u00e9 jeune et \u00e0 la pointe du march\u00e9\", d\u00e9clare Andrej Golob, Chief Sales Officer chez Brack.Alltron. En tant que Presenting Partner, l'organisateur a pu s'assurer le concours des fabricants renomm\u00e9s HP, Microsoft, Lenovo, Samsung, Schneider Electric\/APC et Huawei. Pendant deux jours, les visiteurs pourront d\u00e9couvrir les derniers produits et solutions dans le domaine des technologies de l'information et de la communication.<\/p>\n<h3>Nombreuses sessions, conf\u00e9rences et tables rondes<\/h3>\n<div class=\"article-block article-block__h3 viewport-section in-viewport\">\n<p class=\"c-sideline-actions\">Outre les stands produits de mani\u00e8re durable, un programme cadre vari\u00e9 et informatif fait partie int\u00e9grante du salon. Ainsi, par exemple, l'entreprise de conseil Carpathia pr\u00e9sentera le mercredi le B2B-Monitor avec de pr\u00e9cieux aper\u00e7us sur le comportement d'achat \u00e0 l'\u00e8re num\u00e9rique. Autre temps fort : les keynotes de Georges T. Roos, suivies d'interviews en direct, qui auront lieu les deux jours du salon. Roos est l'un des futurologues les plus renomm\u00e9s de Suisse. Il parlera de ce qui constitue pour lui personnellement l'esprit \"Forever Young\" et quelles seront les m\u00e9gatendances des prochaines ann\u00e9es.<\/p>\n<h3 class=\"c-sideline-actions\">\u00c9change et r\u00e9seautage<\/h3>\n<\/div>\n<div class=\"article-block article-block__h3 viewport-section in-viewport\">\n<div class=\"c-sideline-actions\">Selon les organisateurs, le salon professionnel ICT CONNECT offre des occasions id\u00e9ales pour l'\u00e9change professionnel et le r\u00e9seautage entre les fabricants, les clients et les collaborateurs de Brack.Alltron. Le public cible se compose de partenaires commerciaux Alltron et de clients finaux de Brack Business qui s'int\u00e9ressent au travail moderne, aux solutions cloud, aux centres de donn\u00e9es, aux r\u00e9seaux, \u00e0 l'audiovisuel professionnel, \u00e0 la s\u00e9curit\u00e9, aux tendances du march\u00e9 et aux innovations de produits. Le site <a href=\"https:\/\/brackalltron.ch\/connect-die-highlight-messe-von-brack-alltron\">La billetterie est depuis peu<\/a> ouvrira ses portes. L'entr\u00e9e est gratuite. Cette ann\u00e9e encore, Brack.Alltron attend plus de 1'500 visiteurs durant les deux jours du salon.<\/div>\n<\/div>","protected":false},"excerpt":{"rendered":"<p>Les marques B2B du groupe commercial Brack.Alltron - Alltron et Brack Business - invitent cette ann\u00e9e encore \u00e0 la rencontre de la branche CONNECT. Sous le slogan \"Forever Young\", plus de 80 fabricants pr\u00e9senteront les 27 et 28 ao\u00fbt 2025 les derni\u00e8res tendances en mati\u00e8re de mat\u00e9riel et de logiciels.<\/p>","protected":false},"author":4,"featured_media":0,"comment_status":"closed","ping_status":"closed","sticky":false,"template":"","format":"standard","meta":{"_acf_changed":false,"_yoast_wpseo_focuskw":"ICT-Fachmesse CONNECT","_yoast_wpseo_metadesc":"Die B2B-Marken der Handelsgruppe Brack.Alltron \u2013 Alltron und Brack Business \u2013 laden auch in diesem Jahr zur ICT-Fachmesse CONNECT.","articlekey":"","footnotes":""},"categories":[29],"tags":[193,259,339,393],"class_list":["post-39518","post","type-post","status-publish","format-standard","hentry","category-marketing","tag-fachkongressfachmesse","tag-ict","tag-marketing","tag-produkte"],"acf":[],"yoast_head":"<!-- This site is optimized with the Yoast SEO plugin v27.5 - https:\/\/yoast.com\/product\/yoast-seo-wordpress\/ -->\n<title>ICT-Fachmesse CONNECT mit \u00fcber 85 Ausstellern - Organisator<\/title>\n<meta name=\"description\" content=\"Die B2B-Marken der Handelsgruppe Brack.Alltron \u2013 Alltron und Brack Business \u2013 laden auch in diesem Jahr zur ICT-Fachmesse CONNECT.\" \/>\n<meta name=\"robots\" content=\"index, follow, max-snippet:-1, max-image-preview:large, max-video-preview:-1\" \/>\n<link rel=\"canonical\" href=\"https:\/\/www.organisator.ch\/fr\/marketing\/2025-07-08\/ict-fachmesse-connect-mit-ueber-85-ausstellern\/\" \/>\n<meta property=\"og:locale\" content=\"fr_FR\" \/>\n<meta property=\"og:type\" content=\"article\" \/>\n<meta property=\"og:title\" content=\"ICT-Fachmesse CONNECT mit \u00fcber 85 Ausstellern\" \/>\n<meta property=\"og:description\" content=\"Die B2B-Marken der Handelsgruppe Brack.Alltron \u2013 Alltron und Brack Business \u2013 laden auch in diesem Jahr zur ICT-Fachmesse CONNECT.\" \/>\n<meta property=\"og:url\" content=\"https:\/\/www.organisator.ch\/fr\/marketing\/2025-07-08\/ict-fachmesse-connect-mit-ueber-85-ausstellern\/\" \/>\n<meta property=\"og:site_name\" content=\"Organisator\" \/>\n<meta property=\"article:publisher\" content=\"https:\/\/www.facebook.com\/OrganisatorFachmagazin\" \/>\n<meta property=\"article:published_time\" content=\"2025-07-08T09:26:58+00:00\" \/>\n<meta property=\"og:image\" content=\"https:\/\/www.organisator.ch\/wp-content\/uploads\/2025\/07\/ICT-Fachmesse-CONNECT-mit-ueber-85-Ausstellern_Organisator.jpg\" \/>\n\t<meta property=\"og:image:width\" content=\"680\" \/>\n\t<meta property=\"og:image:height\" content=\"382\" \/>\n\t<meta property=\"og:image:type\" content=\"image\/jpeg\" \/>\n<meta name=\"author\" content=\"thomas.berner\" \/>\n<meta name=\"twitter:card\" content=\"summary_large_image\" \/>\n<meta name=\"twitter:title\" content=\"#ICT-Fachmesse #CONNECT mit \u00fcber 85 Ausstellern\" \/>\n<meta name=\"twitter:description\" content=\"Die #B2B-Marken der Handelsgruppe #Brack.Alltron \u2013 Alltron und Brack Business \u2013 laden auch in diesem Jahr zur #ICT-Fachmesse #CONNECT.\" \/>\n<meta name=\"twitter:image\" content=\"https:\/\/www.organisator.ch\/wp-content\/uploads\/2025\/07\/ICT-Fachmesse-CONNECT-mit-ueber-85-Ausstellern_Organisator.jpg\" \/>\n<script type=\"application\/ld+json\" class=\"yoast-schema-graph\">{\"@context\":\"https:\\\/\\\/schema.org\",\"@graph\":[{\"@type\":\"Article\",\"@id\":\"https:\\\/\\\/www.organisator.ch\\\/marketing\\\/2025-07-08\\\/ict-fachmesse-connect-mit-ueber-85-ausstellern\\\/#article\",\"isPartOf\":{\"@id\":\"https:\\\/\\\/www.organisator.ch\\\/marketing\\\/2025-07-08\\\/ict-fachmesse-connect-mit-ueber-85-ausstellern\\\/\"},\"author\":{\"name\":\"thomas.berner\",\"@id\":\"https:\\\/\\\/www.organisator.ch\\\/#\\\/schema\\\/person\\\/6f650f90b2842cd4c0cc334b4e36f67e\"},\"headline\":\"ICT-Fachmesse CONNECT mit \u00fcber 85 Ausstellern\",\"datePublished\":\"2025-07-08T09:26:58+00:00\",\"mainEntityOfPage\":{\"@id\":\"https:\\\/\\\/www.organisator.ch\\\/marketing\\\/2025-07-08\\\/ict-fachmesse-connect-mit-ueber-85-ausstellern\\\/\"},\"wordCount\":328,\"publisher\":{\"@id\":\"https:\\\/\\\/www.organisator.ch\\\/#organization\"},\"image\":{\"@id\":\"https:\\\/\\\/www.organisator.ch\\\/marketing\\\/2025-07-08\\\/ict-fachmesse-connect-mit-ueber-85-ausstellern\\\/#primaryimage\"},\"thumbnailUrl\":\"https:\\\/\\\/www.organisator.ch\\\/wp-content\\\/uploads\\\/2025\\\/07\\\/ICT-Fachmesse-CONNECT-mit-ueber-85-Ausstellern_Organisator.jpg\",\"keywords\":[\"Fachkongress\\\/Fachmesse\",\"ICT\",\"Marketing\",\"Produkte\"],\"articleSection\":[\"MARKETING\"],\"inLanguage\":\"fr-FR\"},{\"@type\":\"WebPage\",\"@id\":\"https:\\\/\\\/www.organisator.ch\\\/marketing\\\/2025-07-08\\\/ict-fachmesse-connect-mit-ueber-85-ausstellern\\\/\",\"url\":\"https:\\\/\\\/www.organisator.ch\\\/marketing\\\/2025-07-08\\\/ict-fachmesse-connect-mit-ueber-85-ausstellern\\\/\",\"name\":\"ICT-Fachmesse CONNECT mit \u00fcber 85 Ausstellern - Organisator\",\"isPartOf\":{\"@id\":\"https:\\\/\\\/www.organisator.ch\\\/#website\"},\"primaryImageOfPage\":{\"@id\":\"https:\\\/\\\/www.organisator.ch\\\/marketing\\\/2025-07-08\\\/ict-fachmesse-connect-mit-ueber-85-ausstellern\\\/#primaryimage\"},\"image\":{\"@id\":\"https:\\\/\\\/www.organisator.ch\\\/marketing\\\/2025-07-08\\\/ict-fachmesse-connect-mit-ueber-85-ausstellern\\\/#primaryimage\"},\"thumbnailUrl\":\"https:\\\/\\\/www.organisator.ch\\\/wp-content\\\/uploads\\\/2025\\\/07\\\/ICT-Fachmesse-CONNECT-mit-ueber-85-Ausstellern_Organisator.jpg\",\"datePublished\":\"2025-07-08T09:26:58+00:00\",\"description\":\"Die B2B-Marken der Handelsgruppe Brack.Alltron \u2013 Alltron und Brack Business \u2013 laden auch in diesem Jahr zur ICT-Fachmesse CONNECT.\",\"breadcrumb\":{\"@id\":\"https:\\\/\\\/www.organisator.ch\\\/marketing\\\/2025-07-08\\\/ict-fachmesse-connect-mit-ueber-85-ausstellern\\\/#breadcrumb\"},\"inLanguage\":\"fr-FR\",\"potentialAction\":[{\"@type\":\"ReadAction\",\"target\":[\"https:\\\/\\\/www.organisator.ch\\\/marketing\\\/2025-07-08\\\/ict-fachmesse-connect-mit-ueber-85-ausstellern\\\/\"]}]},{\"@type\":\"ImageObject\",\"inLanguage\":\"fr-FR\",\"@id\":\"https:\\\/\\\/www.organisator.ch\\\/marketing\\\/2025-07-08\\\/ict-fachmesse-connect-mit-ueber-85-ausstellern\\\/#primaryimage\",\"url\":\"https:\\\/\\\/www.organisator.ch\\\/wp-content\\\/uploads\\\/2025\\\/07\\\/ICT-Fachmesse-CONNECT-mit-ueber-85-Ausstellern_Organisator.jpg\",\"contentUrl\":\"https:\\\/\\\/www.organisator.ch\\\/wp-content\\\/uploads\\\/2025\\\/07\\\/ICT-Fachmesse-CONNECT-mit-ueber-85-Ausstellern_Organisator.jpg\"},{\"@type\":\"BreadcrumbList\",\"@id\":\"https:\\\/\\\/www.organisator.ch\\\/marketing\\\/2025-07-08\\\/ict-fachmesse-connect-mit-ueber-85-ausstellern\\\/#breadcrumb\",\"itemListElement\":[{\"@type\":\"ListItem\",\"position\":1,\"name\":\"Home\",\"item\":\"https:\\\/\\\/www.organisator.ch\\\/\"},{\"@type\":\"ListItem\",\"position\":2,\"name\":\"ICT-Fachmesse CONNECT mit \u00fcber 85 Ausstellern\"}]},{\"@type\":\"WebSite\",\"@id\":\"https:\\\/\\\/www.organisator.ch\\\/#website\",\"url\":\"https:\\\/\\\/www.organisator.ch\\\/\",\"name\":\"Organisator\",\"description\":\"Kompetent. Praxisnah. Der ORGANISATOR bereitet in 10 Ausgaben pro Jahr die wesentlichen Themen f\u00fcr F\u00fchrungskr\u00e4fte von KMU auf.\",\"publisher\":{\"@id\":\"https:\\\/\\\/www.organisator.ch\\\/#organization\"},\"potentialAction\":[{\"@type\":\"SearchAction\",\"target\":{\"@type\":\"EntryPoint\",\"urlTemplate\":\"https:\\\/\\\/www.organisator.ch\\\/?s={search_term_string}\"},\"query-input\":{\"@type\":\"PropertyValueSpecification\",\"valueRequired\":true,\"valueName\":\"search_term_string\"}}],\"inLanguage\":\"fr-FR\"},{\"@type\":\"Organization\",\"@id\":\"https:\\\/\\\/www.organisator.ch\\\/#organization\",\"name\":\"Organisator\",\"url\":\"https:\\\/\\\/www.organisator.ch\\\/\",\"logo\":{\"@type\":\"ImageObject\",\"inLanguage\":\"fr-FR\",\"@id\":\"https:\\\/\\\/www.organisator.ch\\\/#\\\/schema\\\/logo\\\/image\\\/\",\"url\":\"https:\\\/\\\/www.organisator.ch\\\/wp-content\\\/uploads\\\/2022\\\/01\\\/Logo_Organisator_Website.png\",\"contentUrl\":\"https:\\\/\\\/www.organisator.ch\\\/wp-content\\\/uploads\\\/2022\\\/01\\\/Logo_Organisator_Website.png\",\"width\":800,\"height\":77,\"caption\":\"Organisator\"},\"image\":{\"@id\":\"https:\\\/\\\/www.organisator.ch\\\/#\\\/schema\\\/logo\\\/image\\\/\"},\"sameAs\":[\"https:\\\/\\\/www.facebook.com\\\/OrganisatorFachmagazin\",\"https:\\\/\\\/www.linkedin.com\\\/showcase\\\/organisator-das-magazin-fr-kmu\",\"https:\\\/\\\/www.xing.com\\\/news\\\/pages\\\/organisator-ch-695\",\"https:\\\/\\\/www.youtube.com\\\/channel\\\/UCGP2Sq0iWaZwT3BdIAQFYpw\"]},{\"@type\":\"Person\",\"@id\":\"https:\\\/\\\/www.organisator.ch\\\/#\\\/schema\\\/person\\\/6f650f90b2842cd4c0cc334b4e36f67e\",\"name\":\"thomas.berner\",\"image\":{\"@type\":\"ImageObject\",\"inLanguage\":\"fr-FR\",\"@id\":\"https:\\\/\\\/secure.gravatar.com\\\/avatar\\\/ac5001d2a36cb6c6cd3e50789007ffca834b477b74a2144564522e944eabff61?s=96&d=mm&r=g\",\"url\":\"https:\\\/\\\/secure.gravatar.com\\\/avatar\\\/ac5001d2a36cb6c6cd3e50789007ffca834b477b74a2144564522e944eabff61?s=96&d=mm&r=g\",\"contentUrl\":\"https:\\\/\\\/secure.gravatar.com\\\/avatar\\\/ac5001d2a36cb6c6cd3e50789007ffca834b477b74a2144564522e944eabff61?s=96&d=mm&r=g\",\"caption\":\"thomas.berner\"},\"url\":\"https:\\\/\\\/www.organisator.ch\\\/fr\\\/author\\\/thomas-berner\\\/\"}]}<\/script>\n<!-- \/ Yoast SEO plugin. -->","yoast_head_json":{"title":"Le salon professionnel des TIC CONNECT accueille plus de 85 exposants - Organisateur","description":"Les marques B2B du groupe commercial Brack.Alltron - Alltron et Brack Business - invitent cette ann\u00e9e encore au salon professionnel ICT CONNECT.","robots":{"index":"index","follow":"follow","max-snippet":"max-snippet:-1","max-image-preview":"max-image-preview:large","max-video-preview":"max-video-preview:-1"},"canonical":"https:\/\/www.organisator.ch\/fr\/marketing\/2025-07-08\/ict-fachmesse-connect-mit-ueber-85-ausstellern\/","og_locale":"fr_FR","og_type":"article","og_title":"ICT-Fachmesse CONNECT mit \u00fcber 85 Ausstellern","og_description":"Die B2B-Marken der Handelsgruppe Brack.Alltron \u2013 Alltron und Brack Business \u2013 laden auch in diesem Jahr zur ICT-Fachmesse CONNECT.","og_url":"https:\/\/www.organisator.ch\/fr\/marketing\/2025-07-08\/ict-fachmesse-connect-mit-ueber-85-ausstellern\/","og_site_name":"Organisator","article_publisher":"https:\/\/www.facebook.com\/OrganisatorFachmagazin","article_published_time":"2025-07-08T09:26:58+00:00","og_image":[{"width":680,"height":382,"url":"https:\/\/www.organisator.ch\/wp-content\/uploads\/2025\/07\/ICT-Fachmesse-CONNECT-mit-ueber-85-Ausstellern_Organisator.jpg","type":"image\/jpeg"}],"author":"thomas.berner","twitter_card":"summary_large_image","twitter_title":"#ICT-Fachmesse #CONNECT mit \u00fcber 85 Ausstellern","twitter_description":"Die #B2B-Marken der Handelsgruppe #Brack.Alltron \u2013 Alltron und Brack Business \u2013 laden auch in diesem Jahr zur #ICT-Fachmesse #CONNECT.","twitter_image":"https:\/\/www.organisator.ch\/wp-content\/uploads\/2025\/07\/ICT-Fachmesse-CONNECT-mit-ueber-85-Ausstellern_Organisator.jpg","schema":{"@context":"https:\/\/schema.org","@graph":[{"@type":"Article","@id":"https:\/\/www.organisator.ch\/marketing\/2025-07-08\/ict-fachmesse-connect-mit-ueber-85-ausstellern\/#article","isPartOf":{"@id":"https:\/\/www.organisator.ch\/marketing\/2025-07-08\/ict-fachmesse-connect-mit-ueber-85-ausstellern\/"},"author":{"name":"thomas.berner","@id":"https:\/\/www.organisator.ch\/#\/schema\/person\/6f650f90b2842cd4c0cc334b4e36f67e"},"headline":"ICT-Fachmesse CONNECT mit \u00fcber 85 Ausstellern","datePublished":"2025-07-08T09:26:58+00:00","mainEntityOfPage":{"@id":"https:\/\/www.organisator.ch\/marketing\/2025-07-08\/ict-fachmesse-connect-mit-ueber-85-ausstellern\/"},"wordCount":328,"publisher":{"@id":"https:\/\/www.organisator.ch\/#organization"},"image":{"@id":"https:\/\/www.organisator.ch\/marketing\/2025-07-08\/ict-fachmesse-connect-mit-ueber-85-ausstellern\/#primaryimage"},"thumbnailUrl":"https:\/\/www.organisator.ch\/wp-content\/uploads\/2025\/07\/ICT-Fachmesse-CONNECT-mit-ueber-85-Ausstellern_Organisator.jpg","keywords":["Fachkongress\/Fachmesse","ICT","Marketing","Produkte"],"articleSection":["MARKETING"],"inLanguage":"fr-FR"},{"@type":"WebPage","@id":"https:\/\/www.organisator.ch\/marketing\/2025-07-08\/ict-fachmesse-connect-mit-ueber-85-ausstellern\/","url":"https:\/\/www.organisator.ch\/marketing\/2025-07-08\/ict-fachmesse-connect-mit-ueber-85-ausstellern\/","name":"Le salon professionnel des TIC CONNECT accueille plus de 85 exposants - Organisateur","isPartOf":{"@id":"https:\/\/www.organisator.ch\/#website"},"primaryImageOfPage":{"@id":"https:\/\/www.organisator.ch\/marketing\/2025-07-08\/ict-fachmesse-connect-mit-ueber-85-ausstellern\/#primaryimage"},"image":{"@id":"https:\/\/www.organisator.ch\/marketing\/2025-07-08\/ict-fachmesse-connect-mit-ueber-85-ausstellern\/#primaryimage"},"thumbnailUrl":"https:\/\/www.organisator.ch\/wp-content\/uploads\/2025\/07\/ICT-Fachmesse-CONNECT-mit-ueber-85-Ausstellern_Organisator.jpg","datePublished":"2025-07-08T09:26:58+00:00","description":"Les marques B2B du groupe commercial Brack.Alltron - Alltron et Brack Business - invitent cette ann\u00e9e encore au salon professionnel ICT CONNECT.","breadcrumb":{"@id":"https:\/\/www.organisator.ch\/marketing\/2025-07-08\/ict-fachmesse-connect-mit-ueber-85-ausstellern\/#breadcrumb"},"inLanguage":"fr-FR","potentialAction":[{"@type":"ReadAction","target":["https:\/\/www.organisator.ch\/marketing\/2025-07-08\/ict-fachmesse-connect-mit-ueber-85-ausstellern\/"]}]},{"@type":"ImageObject","inLanguage":"fr-FR","@id":"https:\/\/www.organisator.ch\/marketing\/2025-07-08\/ict-fachmesse-connect-mit-ueber-85-ausstellern\/#primaryimage","url":"https:\/\/www.organisator.ch\/wp-content\/uploads\/2025\/07\/ICT-Fachmesse-CONNECT-mit-ueber-85-Ausstellern_Organisator.jpg","contentUrl":"https:\/\/www.organisator.ch\/wp-content\/uploads\/2025\/07\/ICT-Fachmesse-CONNECT-mit-ueber-85-Ausstellern_Organisator.jpg"},{"@type":"BreadcrumbList","@id":"https:\/\/www.organisator.ch\/marketing\/2025-07-08\/ict-fachmesse-connect-mit-ueber-85-ausstellern\/#breadcrumb","itemListElement":[{"@type":"ListItem","position":1,"name":"Home","item":"https:\/\/www.organisator.ch\/"},{"@type":"ListItem","position":2,"name":"ICT-Fachmesse CONNECT mit \u00fcber 85 Ausstellern"}]},{"@type":"WebSite","@id":"https:\/\/www.organisator.ch\/#website","url":"https:\/\/www.organisator.ch\/","name":"Organisateur","description":"Comp\u00e9tence et comp\u00e9tence. Proches de la pratique. L'ORGANISATEUR pr\u00e9pare 10 num\u00e9ros par an sur les th\u00e8mes essentiels pour les dirigeants de PME.","publisher":{"@id":"https:\/\/www.organisator.ch\/#organization"},"potentialAction":[{"@type":"SearchAction","target":{"@type":"EntryPoint","urlTemplate":"https:\/\/www.organisator.ch\/?s={search_term_string}"},"query-input":{"@type":"PropertyValueSpecification","valueRequired":true,"valueName":"search_term_string"}}],"inLanguage":"fr-FR"},{"@type":"Organization","@id":"https:\/\/www.organisator.ch\/#organization","name":"Organisateur","url":"https:\/\/www.organisator.ch\/","logo":{"@type":"ImageObject","inLanguage":"fr-FR","@id":"https:\/\/www.organisator.ch\/#\/schema\/logo\/image\/","url":"https:\/\/www.organisator.ch\/wp-content\/uploads\/2022\/01\/Logo_Organisator_Website.png","contentUrl":"https:\/\/www.organisator.ch\/wp-content\/uploads\/2022\/01\/Logo_Organisator_Website.png","width":800,"height":77,"caption":"Organisator"},"image":{"@id":"https:\/\/www.organisator.ch\/#\/schema\/logo\/image\/"},"sameAs":["https:\/\/www.facebook.com\/OrganisatorFachmagazin","https:\/\/www.linkedin.com\/showcase\/organisator-das-magazin-fr-kmu","https:\/\/www.xing.com\/news\/pages\/organisator-ch-695","https:\/\/www.youtube.com\/channel\/UCGP2Sq0iWaZwT3BdIAQFYpw"]},{"@type":"Person","@id":"https:\/\/www.organisator.ch\/#\/schema\/person\/6f650f90b2842cd4c0cc334b4e36f67e","name":"thomas.berner","image":{"@type":"ImageObject","inLanguage":"fr-FR","@id":"https:\/\/secure.gravatar.com\/avatar\/ac5001d2a36cb6c6cd3e50789007ffca834b477b74a2144564522e944eabff61?s=96&d=mm&r=g","url":"https:\/\/secure.gravatar.com\/avatar\/ac5001d2a36cb6c6cd3e50789007ffca834b477b74a2144564522e944eabff61?s=96&d=mm&r=g","contentUrl":"https:\/\/secure.gravatar.com\/avatar\/ac5001d2a36cb6c6cd3e50789007ffca834b477b74a2144564522e944eabff61?s=96&d=mm&r=g","caption":"thomas.berner"},"url":"https:\/\/www.organisator.ch\/fr\/author\/thomas-berner\/"}]}},"_links":{"self":[{"href":"https:\/\/www.organisator.ch\/fr\/wp-json\/wp\/v2\/posts\/39518","targetHints":{"allow":["GET"]}}],"collection":[{"href":"https:\/\/www.organisator.ch\/fr\/wp-json\/wp\/v2\/posts"}],"about":[{"href":"https:\/\/www.organisator.ch\/fr\/wp-json\/wp\/v2\/types\/post"}],"author":[{"embeddable":true,"href":"https:\/\/www.organisator.ch\/fr\/wp-json\/wp\/v2\/users\/4"}],"replies":[{"embeddable":true,"href":"https:\/\/www.organisator.ch\/fr\/wp-json\/wp\/v2\/comments?post=39518"}],"version-history":[{"count":3,"href":"https:\/\/www.organisator.ch\/fr\/wp-json\/wp\/v2\/posts\/39518\/revisions"}],"predecessor-version":[{"id":39550,"href":"https:\/\/www.organisator.ch\/fr\/wp-json\/wp\/v2\/posts\/39518\/revisions\/39550"}],"wp:attachment":[{"href":"https:\/\/www.organisator.ch\/fr\/wp-json\/wp\/v2\/media?parent=39518"}],"wp:term":[{"taxonomy":"category","embeddable":true,"href":"https:\/\/www.organisator.ch\/fr\/wp-json\/wp\/v2\/categories?post=39518"},{"taxonomy":"post_tag","embeddable":true,"href":"https:\/\/www.organisator.ch\/fr\/wp-json\/wp\/v2\/tags?post=39518"}],"curies":[{"name":"wp","href":"https:\/\/api.w.org\/{rel}","templated":true}]}}