{"id":39551,"date":"2025-07-11T08:07:37","date_gmt":"2025-07-11T06:07:37","guid":{"rendered":"https:\/\/www.organisator.ch\/?p=39551"},"modified":"2025-07-11T08:07:37","modified_gmt":"2025-07-11T06:07:37","slug":"lara-gut-behrami-wird-investorin-und-beraterin-bei-ka-ex","status":"publish","type":"post","link":"https:\/\/www.organisator.ch\/fr\/marketing\/2025-07-11\/lara-gut-behrami-wird-investorin-und-beraterin-bei-ka-ex\/","title":{"rendered":"Lara Gut-Behrami devient investisseuse et conseill\u00e8re chez KA-EX"},"content":{"rendered":"<figure id=\"attachment_39552\" aria-describedby=\"caption-attachment-39552\" style=\"width: 680px\" class=\"wp-caption alignnone\"><img loading=\"lazy\" decoding=\"async\" class=\"size-full wp-image-39552\" src=\"https:\/\/www.organisator.ch\/wp-content\/uploads\/2025\/07\/Lara-Gut-Behrami-wird-Investorin-und-Beraterin_Organisator.jpg\" alt=\"\" width=\"680\" height=\"488\" srcset=\"https:\/\/www.organisator.ch\/wp-content\/uploads\/2025\/07\/Lara-Gut-Behrami-wird-Investorin-und-Beraterin_Organisator.jpg 680w, https:\/\/www.organisator.ch\/wp-content\/uploads\/2025\/07\/Lara-Gut-Behrami-wird-Investorin-und-Beraterin_Organisator-18x12.jpg 18w, https:\/\/www.organisator.ch\/wp-content\/uploads\/2025\/07\/Lara-Gut-Behrami-wird-Investorin-und-Beraterin_Organisator-375x269.jpg 375w, https:\/\/www.organisator.ch\/wp-content\/uploads\/2025\/07\/Lara-Gut-Behrami-wird-Investorin-und-Beraterin_Organisator-488x350.jpg 488w\" sizes=\"auto, (max-width: 680px) 100vw, 680px\" \/><figcaption id=\"caption-attachment-39552\" class=\"wp-caption-text\">Lara Gut-Behrami avec Pedro Schmidt, fondateur et directeur de KA-EX. (Image : zVg \/ KA-EX)<\/figcaption><\/figure>\n<p>Ce qui a commenc\u00e9 comme un rem\u00e8de innovant contre la gueule de bois s'est impos\u00e9 dans le monde du sport professionnel - avec des effets impressionnants : le PSG, l'\u00e9quipe nationale suisse de football, de nombreux clubs de Super League et de Bundesliga, TUDOR Pro Cycling et un grand nombre d'athl\u00e8tes olympiques misent aujourd'hui sur KA-EX. KA-EX est, selon ses propres dires, le seul produit dont les \u00e9tudes cliniques ont d\u00e9montr\u00e9 qu'il r\u00e9duit le taux de cortisol en quelques heures. C'est un facteur d\u00e9cisif pour une r\u00e9cup\u00e9ration plus rapide, un meilleur sommeil, une r\u00e9g\u00e9n\u00e9ration musculaire plus efficace et la protection contre le surentra\u00eenement non fonctionnel, une \u00e9tape pr\u00e9liminaire au surentra\u00eenement.<\/p>\n<h3>Convaincu de l'efficacit\u00e9<\/h3>\n<p>Lara Gut-Behrami a \u00e9galement d\u00e9couvert KA-EX par le biais de l'\u00e9quipe de nutrition de l'\u00e9quipe nationale suisse de football. La skieuse suisse, hautement d\u00e9cor\u00e9e avec, entre autres, l'or olympique, deux titres de championne du monde et deux victoires au classement g\u00e9n\u00e9ral de la Coupe du monde, a test\u00e9 le produit pendant la saison et a \u00e9t\u00e9 enthousiasm\u00e9e. Elle a ensuite approch\u00e9 l'entreprise : elle est aujourd'hui investisseuse et conseill\u00e8re strat\u00e9gique de KA-EX. \"Tout au long de ma carri\u00e8re, il a toujours \u00e9t\u00e9 important pour moi de rester authentique. C'est exactement ce que j'ai trouv\u00e9 chez KA-EX : des produits de qualit\u00e9, une vision claire et une impressionnante r\u00e9ussite scientifique \u00e0 laquelle je suis heureuse de participer\", d\u00e9clare Lara Gut-Behrami.<\/p>\n<h3><strong>La prochaine \u00e9tape est annonc\u00e9e<\/strong><\/h3>\n<p>Avec KA-EX boost, une boisson pr\u00eate \u00e0 boire contenant de la cr\u00e9atine, une nouvelle \u00e9tape est franchie. Ce produit a \u00e9t\u00e9 rendu possible gr\u00e2ce \u00e0 la fermeture push-cap propre \u00e0 l'entreprise. \"KA-EX boost est bien plus qu'une boisson \u00e0 base de cr\u00e9atine\", explique Pedro Schmidt, pharmacien de l'EPFZ et fondateur de KA-EX. \"Gr\u00e2ce \u00e0 des ingr\u00e9dients bioactifs comme la L-citrulline et la b\u00e9ta\u00efne, il est prouv\u00e9 qu'elle augmente les performances pendant l'effort\".<\/p>\n<p>KA-EX fait \u00e9galement fureur aux \u00c9tats-Unis : depuis son lancement sur le march\u00e9 d'EQUINOX Californie, le produit s'y vend avec un tel succ\u00e8s qu'il est d\u00e9sormais \u00e9galement r\u00e9f\u00e9renc\u00e9 chez EQUINOX NYC et d'autres partenaires de fitness haut de gamme. Un investisseur am\u00e9ricain en capital-risque a r\u00e9cemment r\u00e9alis\u00e9 un investissement important - la prochaine pouss\u00e9e de croissance est imminente. \u00c0 partir de l'\u00e9t\u00e9 2025, KA-EX lancera une campagne de marketing de plusieurs millions de dollars aux \u00c9tats-Unis, avec une pr\u00e9sence \u00e0 la t\u00e9l\u00e9vision, sur des panneaux d'affichage et dans les canaux num\u00e9riques.<\/p>\n<p><em>Source et informations compl\u00e9mentaires : <a href=\"http:\/\/www.ka-ex.com\">www.ka-ex.com<\/a><\/em><\/p>","protected":false},"excerpt":{"rendered":"<p>L'un des compl\u00e9ments alimentaires les plus vendus en Suisse, KA-EX ne conquiert pas seulement les pharmacies, les centres de fitness et les supermarch\u00e9s comme Coop et Migros, mais aussi les cabines de l'\u00e9lite sportive internationale. Aujourd'hui, la skieuse Lara Gut-Behrami prend \u00e9galement une participation dans cette entreprise en plein essor.<\/p>","protected":false},"author":4,"featured_media":39552,"comment_status":"closed","ping_status":"closed","sticky":false,"template":"","format":"standard","meta":{"_acf_changed":false,"_yoast_wpseo_focuskw":"Lara Gut-Behrami","_yoast_wpseo_metadesc":"Skirennfahrerin Lara Gut-Behrami beteiligt sich als Investorin und Beraterin an KA-EX, einem Unternehmen f\u00fcr Nahrungserg\u00e4nzungsmittel.","articlekey":"","footnotes":""},"categories":[29],"tags":[4208,339,381,393,492],"class_list":["post-39551","post","type-post","status-publish","format-standard","has-post-thumbnail","hentry","category-marketing","tag-investoren","tag-marketing","tag-personalia","tag-produkte","tag-unternehmen"],"acf":[],"yoast_head":"<!-- This site is optimized with the Yoast SEO plugin v27.5 - https:\/\/yoast.com\/product\/yoast-seo-wordpress\/ -->\n<title>Lara Gut-Behrami wird Investorin und Beraterin bei KA-EX - Organisator<\/title>\n<meta name=\"description\" content=\"Skirennfahrerin Lara Gut-Behrami beteiligt sich als Investorin und Beraterin an KA-EX, einem Unternehmen f\u00fcr Nahrungserg\u00e4nzungsmittel.\" \/>\n<meta name=\"robots\" content=\"index, follow, max-snippet:-1, max-image-preview:large, max-video-preview:-1\" \/>\n<link rel=\"canonical\" href=\"https:\/\/www.organisator.ch\/fr\/marketing\/2025-07-11\/lara-gut-behrami-wird-investorin-und-beraterin-bei-ka-ex\/\" \/>\n<meta property=\"og:locale\" content=\"fr_FR\" \/>\n<meta property=\"og:type\" content=\"article\" \/>\n<meta property=\"og:title\" content=\"Lara Gut-Behrami wird Investorin und Beraterin bei KA-EX\" \/>\n<meta property=\"og:description\" content=\"Skirennfahrerin Lara Gut-Behrami beteiligt sich als Investorin und Beraterin an KA-EX, einem Unternehmen f\u00fcr Nahrungserg\u00e4nzungsmittel.\" \/>\n<meta property=\"og:url\" content=\"https:\/\/www.organisator.ch\/fr\/marketing\/2025-07-11\/lara-gut-behrami-wird-investorin-und-beraterin-bei-ka-ex\/\" \/>\n<meta property=\"og:site_name\" content=\"Organisator\" \/>\n<meta property=\"article:publisher\" content=\"https:\/\/www.facebook.com\/OrganisatorFachmagazin\" \/>\n<meta property=\"article:published_time\" content=\"2025-07-11T06:07:37+00:00\" \/>\n<meta property=\"og:image\" content=\"https:\/\/www.organisator.ch\/wp-content\/uploads\/2025\/07\/Lara-Gut-Behrami-wird-Investorin-und-Beraterin_Organisator.jpg\" \/>\n\t<meta property=\"og:image:width\" content=\"680\" \/>\n\t<meta property=\"og:image:height\" content=\"488\" \/>\n\t<meta property=\"og:image:type\" content=\"image\/jpeg\" \/>\n<meta name=\"author\" content=\"thomas.berner\" \/>\n<meta name=\"twitter:card\" content=\"summary_large_image\" \/>\n<meta name=\"twitter:title\" content=\"Lara #Gut-Behrami wird #Investorin und Beraterin bei #KA-EX\" \/>\n<meta name=\"twitter:description\" content=\"#Skirennfahrerin Lara #Gut-Behrami beteiligt sich als Investorin und Beraterin an #KA-EX, einem Unternehmen f\u00fcr #Nahrungserg\u00e4nzungsmittel.\" \/>\n<meta name=\"twitter:image\" content=\"https:\/\/www.organisator.ch\/wp-content\/uploads\/2025\/07\/Lara-Gut-Behrami-wird-Investorin-und-Beraterin_Organisator.jpg\" \/>\n<script type=\"application\/ld+json\" class=\"yoast-schema-graph\">{\"@context\":\"https:\\\/\\\/schema.org\",\"@graph\":[{\"@type\":\"Article\",\"@id\":\"https:\\\/\\\/www.organisator.ch\\\/marketing\\\/2025-07-11\\\/lara-gut-behrami-wird-investorin-und-beraterin-bei-ka-ex\\\/#article\",\"isPartOf\":{\"@id\":\"https:\\\/\\\/www.organisator.ch\\\/marketing\\\/2025-07-11\\\/lara-gut-behrami-wird-investorin-und-beraterin-bei-ka-ex\\\/\"},\"author\":{\"name\":\"thomas.berner\",\"@id\":\"https:\\\/\\\/www.organisator.ch\\\/#\\\/schema\\\/person\\\/6f650f90b2842cd4c0cc334b4e36f67e\"},\"headline\":\"Lara Gut-Behrami wird Investorin und Beraterin bei KA-EX\",\"datePublished\":\"2025-07-11T06:07:37+00:00\",\"mainEntityOfPage\":{\"@id\":\"https:\\\/\\\/www.organisator.ch\\\/marketing\\\/2025-07-11\\\/lara-gut-behrami-wird-investorin-und-beraterin-bei-ka-ex\\\/\"},\"wordCount\":349,\"publisher\":{\"@id\":\"https:\\\/\\\/www.organisator.ch\\\/#organization\"},\"image\":{\"@id\":\"https:\\\/\\\/www.organisator.ch\\\/marketing\\\/2025-07-11\\\/lara-gut-behrami-wird-investorin-und-beraterin-bei-ka-ex\\\/#primaryimage\"},\"thumbnailUrl\":\"https:\\\/\\\/www.organisator.ch\\\/wp-content\\\/uploads\\\/2025\\\/07\\\/Lara-Gut-Behrami-wird-Investorin-und-Beraterin_Organisator.jpg\",\"keywords\":[\"Investoren\",\"Marketing\",\"Personalia\",\"Produkte\",\"Unternehmen\"],\"articleSection\":[\"MARKETING\"],\"inLanguage\":\"fr-FR\"},{\"@type\":\"WebPage\",\"@id\":\"https:\\\/\\\/www.organisator.ch\\\/marketing\\\/2025-07-11\\\/lara-gut-behrami-wird-investorin-und-beraterin-bei-ka-ex\\\/\",\"url\":\"https:\\\/\\\/www.organisator.ch\\\/marketing\\\/2025-07-11\\\/lara-gut-behrami-wird-investorin-und-beraterin-bei-ka-ex\\\/\",\"name\":\"Lara Gut-Behrami wird Investorin und Beraterin bei KA-EX - Organisator\",\"isPartOf\":{\"@id\":\"https:\\\/\\\/www.organisator.ch\\\/#website\"},\"primaryImageOfPage\":{\"@id\":\"https:\\\/\\\/www.organisator.ch\\\/marketing\\\/2025-07-11\\\/lara-gut-behrami-wird-investorin-und-beraterin-bei-ka-ex\\\/#primaryimage\"},\"image\":{\"@id\":\"https:\\\/\\\/www.organisator.ch\\\/marketing\\\/2025-07-11\\\/lara-gut-behrami-wird-investorin-und-beraterin-bei-ka-ex\\\/#primaryimage\"},\"thumbnailUrl\":\"https:\\\/\\\/www.organisator.ch\\\/wp-content\\\/uploads\\\/2025\\\/07\\\/Lara-Gut-Behrami-wird-Investorin-und-Beraterin_Organisator.jpg\",\"datePublished\":\"2025-07-11T06:07:37+00:00\",\"description\":\"Skirennfahrerin Lara Gut-Behrami beteiligt sich als Investorin und Beraterin an KA-EX, einem Unternehmen f\u00fcr Nahrungserg\u00e4nzungsmittel.\",\"breadcrumb\":{\"@id\":\"https:\\\/\\\/www.organisator.ch\\\/marketing\\\/2025-07-11\\\/lara-gut-behrami-wird-investorin-und-beraterin-bei-ka-ex\\\/#breadcrumb\"},\"inLanguage\":\"fr-FR\",\"potentialAction\":[{\"@type\":\"ReadAction\",\"target\":[\"https:\\\/\\\/www.organisator.ch\\\/marketing\\\/2025-07-11\\\/lara-gut-behrami-wird-investorin-und-beraterin-bei-ka-ex\\\/\"]}]},{\"@type\":\"ImageObject\",\"inLanguage\":\"fr-FR\",\"@id\":\"https:\\\/\\\/www.organisator.ch\\\/marketing\\\/2025-07-11\\\/lara-gut-behrami-wird-investorin-und-beraterin-bei-ka-ex\\\/#primaryimage\",\"url\":\"https:\\\/\\\/www.organisator.ch\\\/wp-content\\\/uploads\\\/2025\\\/07\\\/Lara-Gut-Behrami-wird-Investorin-und-Beraterin_Organisator.jpg\",\"contentUrl\":\"https:\\\/\\\/www.organisator.ch\\\/wp-content\\\/uploads\\\/2025\\\/07\\\/Lara-Gut-Behrami-wird-Investorin-und-Beraterin_Organisator.jpg\",\"width\":680,\"height\":488,\"caption\":\"Lara Gut-Behrami mit Pedro Schmidt, Gr\u00fcnder und Gesch\u00e4ftsf\u00fchrer von KA-EX. (Bild: zVg \\\/ KA-EX)\"},{\"@type\":\"BreadcrumbList\",\"@id\":\"https:\\\/\\\/www.organisator.ch\\\/marketing\\\/2025-07-11\\\/lara-gut-behrami-wird-investorin-und-beraterin-bei-ka-ex\\\/#breadcrumb\",\"itemListElement\":[{\"@type\":\"ListItem\",\"position\":1,\"name\":\"Home\",\"item\":\"https:\\\/\\\/www.organisator.ch\\\/\"},{\"@type\":\"ListItem\",\"position\":2,\"name\":\"Lara Gut-Behrami wird Investorin und Beraterin bei KA-EX\"}]},{\"@type\":\"WebSite\",\"@id\":\"https:\\\/\\\/www.organisator.ch\\\/#website\",\"url\":\"https:\\\/\\\/www.organisator.ch\\\/\",\"name\":\"Organisator\",\"description\":\"Kompetent. Praxisnah. Der ORGANISATOR bereitet in 10 Ausgaben pro Jahr die wesentlichen Themen f\u00fcr F\u00fchrungskr\u00e4fte von KMU auf.\",\"publisher\":{\"@id\":\"https:\\\/\\\/www.organisator.ch\\\/#organization\"},\"potentialAction\":[{\"@type\":\"SearchAction\",\"target\":{\"@type\":\"EntryPoint\",\"urlTemplate\":\"https:\\\/\\\/www.organisator.ch\\\/?s={search_term_string}\"},\"query-input\":{\"@type\":\"PropertyValueSpecification\",\"valueRequired\":true,\"valueName\":\"search_term_string\"}}],\"inLanguage\":\"fr-FR\"},{\"@type\":\"Organization\",\"@id\":\"https:\\\/\\\/www.organisator.ch\\\/#organization\",\"name\":\"Organisator\",\"url\":\"https:\\\/\\\/www.organisator.ch\\\/\",\"logo\":{\"@type\":\"ImageObject\",\"inLanguage\":\"fr-FR\",\"@id\":\"https:\\\/\\\/www.organisator.ch\\\/#\\\/schema\\\/logo\\\/image\\\/\",\"url\":\"https:\\\/\\\/www.organisator.ch\\\/wp-content\\\/uploads\\\/2022\\\/01\\\/Logo_Organisator_Website.png\",\"contentUrl\":\"https:\\\/\\\/www.organisator.ch\\\/wp-content\\\/uploads\\\/2022\\\/01\\\/Logo_Organisator_Website.png\",\"width\":800,\"height\":77,\"caption\":\"Organisator\"},\"image\":{\"@id\":\"https:\\\/\\\/www.organisator.ch\\\/#\\\/schema\\\/logo\\\/image\\\/\"},\"sameAs\":[\"https:\\\/\\\/www.facebook.com\\\/OrganisatorFachmagazin\",\"https:\\\/\\\/www.linkedin.com\\\/showcase\\\/organisator-das-magazin-fr-kmu\",\"https:\\\/\\\/www.xing.com\\\/news\\\/pages\\\/organisator-ch-695\",\"https:\\\/\\\/www.youtube.com\\\/channel\\\/UCGP2Sq0iWaZwT3BdIAQFYpw\"]},{\"@type\":\"Person\",\"@id\":\"https:\\\/\\\/www.organisator.ch\\\/#\\\/schema\\\/person\\\/6f650f90b2842cd4c0cc334b4e36f67e\",\"name\":\"thomas.berner\",\"image\":{\"@type\":\"ImageObject\",\"inLanguage\":\"fr-FR\",\"@id\":\"https:\\\/\\\/secure.gravatar.com\\\/avatar\\\/ac5001d2a36cb6c6cd3e50789007ffca834b477b74a2144564522e944eabff61?s=96&d=mm&r=g\",\"url\":\"https:\\\/\\\/secure.gravatar.com\\\/avatar\\\/ac5001d2a36cb6c6cd3e50789007ffca834b477b74a2144564522e944eabff61?s=96&d=mm&r=g\",\"contentUrl\":\"https:\\\/\\\/secure.gravatar.com\\\/avatar\\\/ac5001d2a36cb6c6cd3e50789007ffca834b477b74a2144564522e944eabff61?s=96&d=mm&r=g\",\"caption\":\"thomas.berner\"},\"url\":\"https:\\\/\\\/www.organisator.ch\\\/fr\\\/author\\\/thomas-berner\\\/\"}]}<\/script>\n<!-- \/ Yoast SEO plugin. -->","yoast_head_json":{"title":"Lara Gut-Behrami devient investisseuse et conseill\u00e8re chez KA-EX - Organisateur","description":"La skieuse Lara Gut-Behrami participe en tant qu'investisseuse et conseill\u00e8re \u00e0 KA-EX, une entreprise de compl\u00e9ments alimentaires.","robots":{"index":"index","follow":"follow","max-snippet":"max-snippet:-1","max-image-preview":"max-image-preview:large","max-video-preview":"max-video-preview:-1"},"canonical":"https:\/\/www.organisator.ch\/fr\/marketing\/2025-07-11\/lara-gut-behrami-wird-investorin-und-beraterin-bei-ka-ex\/","og_locale":"fr_FR","og_type":"article","og_title":"Lara Gut-Behrami wird Investorin und Beraterin bei KA-EX","og_description":"Skirennfahrerin Lara Gut-Behrami beteiligt sich als Investorin und Beraterin an KA-EX, einem Unternehmen f\u00fcr Nahrungserg\u00e4nzungsmittel.","og_url":"https:\/\/www.organisator.ch\/fr\/marketing\/2025-07-11\/lara-gut-behrami-wird-investorin-und-beraterin-bei-ka-ex\/","og_site_name":"Organisator","article_publisher":"https:\/\/www.facebook.com\/OrganisatorFachmagazin","article_published_time":"2025-07-11T06:07:37+00:00","og_image":[{"width":680,"height":488,"url":"https:\/\/www.organisator.ch\/wp-content\/uploads\/2025\/07\/Lara-Gut-Behrami-wird-Investorin-und-Beraterin_Organisator.jpg","type":"image\/jpeg"}],"author":"thomas.berner","twitter_card":"summary_large_image","twitter_title":"Lara #Gut-Behrami wird #Investorin und Beraterin bei #KA-EX","twitter_description":"#Skirennfahrerin Lara #Gut-Behrami beteiligt sich als Investorin und Beraterin an #KA-EX, einem Unternehmen f\u00fcr #Nahrungserg\u00e4nzungsmittel.","twitter_image":"https:\/\/www.organisator.ch\/wp-content\/uploads\/2025\/07\/Lara-Gut-Behrami-wird-Investorin-und-Beraterin_Organisator.jpg","schema":{"@context":"https:\/\/schema.org","@graph":[{"@type":"Article","@id":"https:\/\/www.organisator.ch\/marketing\/2025-07-11\/lara-gut-behrami-wird-investorin-und-beraterin-bei-ka-ex\/#article","isPartOf":{"@id":"https:\/\/www.organisator.ch\/marketing\/2025-07-11\/lara-gut-behrami-wird-investorin-und-beraterin-bei-ka-ex\/"},"author":{"name":"thomas.berner","@id":"https:\/\/www.organisator.ch\/#\/schema\/person\/6f650f90b2842cd4c0cc334b4e36f67e"},"headline":"Lara Gut-Behrami wird Investorin und Beraterin bei KA-EX","datePublished":"2025-07-11T06:07:37+00:00","mainEntityOfPage":{"@id":"https:\/\/www.organisator.ch\/marketing\/2025-07-11\/lara-gut-behrami-wird-investorin-und-beraterin-bei-ka-ex\/"},"wordCount":349,"publisher":{"@id":"https:\/\/www.organisator.ch\/#organization"},"image":{"@id":"https:\/\/www.organisator.ch\/marketing\/2025-07-11\/lara-gut-behrami-wird-investorin-und-beraterin-bei-ka-ex\/#primaryimage"},"thumbnailUrl":"https:\/\/www.organisator.ch\/wp-content\/uploads\/2025\/07\/Lara-Gut-Behrami-wird-Investorin-und-Beraterin_Organisator.jpg","keywords":["Investoren","Marketing","Personalia","Produkte","Unternehmen"],"articleSection":["MARKETING"],"inLanguage":"fr-FR"},{"@type":"WebPage","@id":"https:\/\/www.organisator.ch\/marketing\/2025-07-11\/lara-gut-behrami-wird-investorin-und-beraterin-bei-ka-ex\/","url":"https:\/\/www.organisator.ch\/marketing\/2025-07-11\/lara-gut-behrami-wird-investorin-und-beraterin-bei-ka-ex\/","name":"Lara Gut-Behrami devient investisseuse et conseill\u00e8re chez KA-EX - Organisateur","isPartOf":{"@id":"https:\/\/www.organisator.ch\/#website"},"primaryImageOfPage":{"@id":"https:\/\/www.organisator.ch\/marketing\/2025-07-11\/lara-gut-behrami-wird-investorin-und-beraterin-bei-ka-ex\/#primaryimage"},"image":{"@id":"https:\/\/www.organisator.ch\/marketing\/2025-07-11\/lara-gut-behrami-wird-investorin-und-beraterin-bei-ka-ex\/#primaryimage"},"thumbnailUrl":"https:\/\/www.organisator.ch\/wp-content\/uploads\/2025\/07\/Lara-Gut-Behrami-wird-Investorin-und-Beraterin_Organisator.jpg","datePublished":"2025-07-11T06:07:37+00:00","description":"La skieuse Lara Gut-Behrami participe en tant qu'investisseuse et conseill\u00e8re \u00e0 KA-EX, une entreprise de compl\u00e9ments alimentaires.","breadcrumb":{"@id":"https:\/\/www.organisator.ch\/marketing\/2025-07-11\/lara-gut-behrami-wird-investorin-und-beraterin-bei-ka-ex\/#breadcrumb"},"inLanguage":"fr-FR","potentialAction":[{"@type":"ReadAction","target":["https:\/\/www.organisator.ch\/marketing\/2025-07-11\/lara-gut-behrami-wird-investorin-und-beraterin-bei-ka-ex\/"]}]},{"@type":"ImageObject","inLanguage":"fr-FR","@id":"https:\/\/www.organisator.ch\/marketing\/2025-07-11\/lara-gut-behrami-wird-investorin-und-beraterin-bei-ka-ex\/#primaryimage","url":"https:\/\/www.organisator.ch\/wp-content\/uploads\/2025\/07\/Lara-Gut-Behrami-wird-Investorin-und-Beraterin_Organisator.jpg","contentUrl":"https:\/\/www.organisator.ch\/wp-content\/uploads\/2025\/07\/Lara-Gut-Behrami-wird-Investorin-und-Beraterin_Organisator.jpg","width":680,"height":488,"caption":"Lara Gut-Behrami mit Pedro Schmidt, Gr\u00fcnder und Gesch\u00e4ftsf\u00fchrer von KA-EX. (Bild: zVg \/ KA-EX)"},{"@type":"BreadcrumbList","@id":"https:\/\/www.organisator.ch\/marketing\/2025-07-11\/lara-gut-behrami-wird-investorin-und-beraterin-bei-ka-ex\/#breadcrumb","itemListElement":[{"@type":"ListItem","position":1,"name":"Home","item":"https:\/\/www.organisator.ch\/"},{"@type":"ListItem","position":2,"name":"Lara Gut-Behrami wird Investorin und Beraterin bei KA-EX"}]},{"@type":"WebSite","@id":"https:\/\/www.organisator.ch\/#website","url":"https:\/\/www.organisator.ch\/","name":"Organisateur","description":"Comp\u00e9tence et comp\u00e9tence. Proches de la pratique. L'ORGANISATEUR pr\u00e9pare 10 num\u00e9ros par an sur les th\u00e8mes essentiels pour les dirigeants de PME.","publisher":{"@id":"https:\/\/www.organisator.ch\/#organization"},"potentialAction":[{"@type":"SearchAction","target":{"@type":"EntryPoint","urlTemplate":"https:\/\/www.organisator.ch\/?s={search_term_string}"},"query-input":{"@type":"PropertyValueSpecification","valueRequired":true,"valueName":"search_term_string"}}],"inLanguage":"fr-FR"},{"@type":"Organization","@id":"https:\/\/www.organisator.ch\/#organization","name":"Organisateur","url":"https:\/\/www.organisator.ch\/","logo":{"@type":"ImageObject","inLanguage":"fr-FR","@id":"https:\/\/www.organisator.ch\/#\/schema\/logo\/image\/","url":"https:\/\/www.organisator.ch\/wp-content\/uploads\/2022\/01\/Logo_Organisator_Website.png","contentUrl":"https:\/\/www.organisator.ch\/wp-content\/uploads\/2022\/01\/Logo_Organisator_Website.png","width":800,"height":77,"caption":"Organisator"},"image":{"@id":"https:\/\/www.organisator.ch\/#\/schema\/logo\/image\/"},"sameAs":["https:\/\/www.facebook.com\/OrganisatorFachmagazin","https:\/\/www.linkedin.com\/showcase\/organisator-das-magazin-fr-kmu","https:\/\/www.xing.com\/news\/pages\/organisator-ch-695","https:\/\/www.youtube.com\/channel\/UCGP2Sq0iWaZwT3BdIAQFYpw"]},{"@type":"Person","@id":"https:\/\/www.organisator.ch\/#\/schema\/person\/6f650f90b2842cd4c0cc334b4e36f67e","name":"thomas.berner","image":{"@type":"ImageObject","inLanguage":"fr-FR","@id":"https:\/\/secure.gravatar.com\/avatar\/ac5001d2a36cb6c6cd3e50789007ffca834b477b74a2144564522e944eabff61?s=96&d=mm&r=g","url":"https:\/\/secure.gravatar.com\/avatar\/ac5001d2a36cb6c6cd3e50789007ffca834b477b74a2144564522e944eabff61?s=96&d=mm&r=g","contentUrl":"https:\/\/secure.gravatar.com\/avatar\/ac5001d2a36cb6c6cd3e50789007ffca834b477b74a2144564522e944eabff61?s=96&d=mm&r=g","caption":"thomas.berner"},"url":"https:\/\/www.organisator.ch\/fr\/author\/thomas-berner\/"}]}},"_links":{"self":[{"href":"https:\/\/www.organisator.ch\/fr\/wp-json\/wp\/v2\/posts\/39551","targetHints":{"allow":["GET"]}}],"collection":[{"href":"https:\/\/www.organisator.ch\/fr\/wp-json\/wp\/v2\/posts"}],"about":[{"href":"https:\/\/www.organisator.ch\/fr\/wp-json\/wp\/v2\/types\/post"}],"author":[{"embeddable":true,"href":"https:\/\/www.organisator.ch\/fr\/wp-json\/wp\/v2\/users\/4"}],"replies":[{"embeddable":true,"href":"https:\/\/www.organisator.ch\/fr\/wp-json\/wp\/v2\/comments?post=39551"}],"version-history":[{"count":3,"href":"https:\/\/www.organisator.ch\/fr\/wp-json\/wp\/v2\/posts\/39551\/revisions"}],"predecessor-version":[{"id":39585,"href":"https:\/\/www.organisator.ch\/fr\/wp-json\/wp\/v2\/posts\/39551\/revisions\/39585"}],"wp:featuredmedia":[{"embeddable":true,"href":"https:\/\/www.organisator.ch\/fr\/wp-json\/wp\/v2\/media\/39552"}],"wp:attachment":[{"href":"https:\/\/www.organisator.ch\/fr\/wp-json\/wp\/v2\/media?parent=39551"}],"wp:term":[{"taxonomy":"category","embeddable":true,"href":"https:\/\/www.organisator.ch\/fr\/wp-json\/wp\/v2\/categories?post=39551"},{"taxonomy":"post_tag","embeddable":true,"href":"https:\/\/www.organisator.ch\/fr\/wp-json\/wp\/v2\/tags?post=39551"}],"curies":[{"name":"wp","href":"https:\/\/api.w.org\/{rel}","templated":true}]}}