{"id":39554,"date":"2025-07-11T08:36:38","date_gmt":"2025-07-11T06:36:38","guid":{"rendered":"https:\/\/www.organisator.ch\/?p=39554"},"modified":"2025-07-11T08:36:38","modified_gmt":"2025-07-11T06:36:38","slug":"1219-erfolgreiche-kaufleute-erhalten-im-hallenstadion-ihr-faehigkeitszeugnis","status":"publish","type":"post","link":"https:\/\/www.organisator.ch\/fr\/human-resources\/2025-07-11\/1219-erfolgreiche-kaufleute-erhalten-im-hallenstadion-ihr-faehigkeitszeugnis\/","title":{"rendered":"1219 employ\u00e9s de commerce re\u00e7oivent leur certificat de capacit\u00e9 au Hallenstadion"},"content":{"rendered":"<figure id=\"attachment_39555\" aria-describedby=\"caption-attachment-39555\" style=\"width: 680px\" class=\"wp-caption alignnone\"><img loading=\"lazy\" decoding=\"async\" class=\"wp-image-39555 size-full\" src=\"https:\/\/www.organisator.ch\/wp-content\/uploads\/2025\/07\/1219-erfolgreiche-Kaufleute-erhalten-im-Hallenstadion-ihr-Faehigkeitszeugnis-1_Organisator.jpg\" alt=\"\" width=\"680\" height=\"341\" srcset=\"https:\/\/www.organisator.ch\/wp-content\/uploads\/2025\/07\/1219-erfolgreiche-Kaufleute-erhalten-im-Hallenstadion-ihr-Faehigkeitszeugnis-1_Organisator.jpg 680w, https:\/\/www.organisator.ch\/wp-content\/uploads\/2025\/07\/1219-erfolgreiche-Kaufleute-erhalten-im-Hallenstadion-ihr-Faehigkeitszeugnis-1_Organisator-18x9.jpg 18w, https:\/\/www.organisator.ch\/wp-content\/uploads\/2025\/07\/1219-erfolgreiche-Kaufleute-erhalten-im-Hallenstadion-ihr-Faehigkeitszeugnis-1_Organisator-375x188.jpg 375w\" sizes=\"auto, (max-width: 680px) 100vw, 680px\" \/><figcaption id=\"caption-attachment-39555\" class=\"wp-caption-text\">4200 invit\u00e9s \u00e9taient pr\u00e9sents au Hallenstadion, d'autres par livestream dans le monde entier. (Image : KV Z\u00fcrich)<\/figcaption><\/figure>\n<p>Sur les 1276 apprentis qui se sont pr\u00e9sent\u00e9s cette ann\u00e9e aux examens de qualification (PQ), 1219 ont r\u00e9ussi. 81 apprentis ont obtenu une moyenne de 5.3 ou plus et se sont ainsi class\u00e9s parmi les meilleurs au niveau f\u00e9d\u00e9ral. Janis Gauggel (CFC 5.8 \/ MP 5.6) et Sarah Melina Beereuter (MP 5.7 \/ CFC 5.6) ont brill\u00e9 par leurs meilleures notes. Tous deux ont termin\u00e9 leur formation commerciale de base avec maturit\u00e9 professionnelle (profil M).<\/p>\n<p>Le recteur Christian W\u00f6lfle s'est r\u00e9joui du taux de r\u00e9ussite \u00e0 nouveau \u00e9lev\u00e9 de 95,5 pour cent. Dans son allocution de bienvenue, il a soulign\u00e9 que plus de 40 nationalit\u00e9s \u00e9taient repr\u00e9sent\u00e9es parmi les nouveaux employ\u00e9s de commerce pr\u00e9sents. On ne peut pas seulement \u00eatre fier de cette diversit\u00e9 culturelle et des valeurs telles que la tol\u00e9rance qui sont v\u00e9cues \u00e0 l'\u00e9cole, on peut aussi en profiter de diff\u00e9rentes mani\u00e8res.<\/p>\n<figure id=\"attachment_39556\" aria-describedby=\"caption-attachment-39556\" style=\"width: 680px\" class=\"wp-caption alignnone\"><img loading=\"lazy\" decoding=\"async\" class=\"wp-image-39556 size-full\" src=\"https:\/\/www.organisator.ch\/wp-content\/uploads\/2025\/07\/1219-erfolgreiche-Kaufleute-erhalten-im-Hallenstadion-ihr-Faehigkeitszeugnis-2_Organisator.jpg\" alt=\"\" width=\"680\" height=\"454\" srcset=\"https:\/\/www.organisator.ch\/wp-content\/uploads\/2025\/07\/1219-erfolgreiche-Kaufleute-erhalten-im-Hallenstadion-ihr-Faehigkeitszeugnis-2_Organisator.jpg 680w, https:\/\/www.organisator.ch\/wp-content\/uploads\/2025\/07\/1219-erfolgreiche-Kaufleute-erhalten-im-Hallenstadion-ihr-Faehigkeitszeugnis-2_Organisator-18x12.jpg 18w, https:\/\/www.organisator.ch\/wp-content\/uploads\/2025\/07\/1219-erfolgreiche-Kaufleute-erhalten-im-Hallenstadion-ihr-Faehigkeitszeugnis-2_Organisator-375x250.jpg 375w, https:\/\/www.organisator.ch\/wp-content\/uploads\/2025\/07\/1219-erfolgreiche-Kaufleute-erhalten-im-Hallenstadion-ihr-Faehigkeitszeugnis-2_Organisator-524x350.jpg 524w\" sizes=\"auto, (max-width: 680px) 100vw, 680px\" \/><figcaption id=\"caption-attachment-39556\" class=\"wp-caption-text\">Janis Gauggel (CFC 5.8 \/ MP 5.6) et Sarah Melina Beereuter (MP 5.7 \/ CFC 5.6) ont obtenu les meilleures notes. (Photo : KV Z\u00fcrich)<\/figcaption><\/figure>\n<p>Comme le veut la tradition, les nouveaux employ\u00e9s de commerce ont \u00e9t\u00e9 f\u00eat\u00e9s au Hallenstadion de Zurich. 4200 invit\u00e9s - dont des familles, des amis, des enseignants et des formateurs professionnels et pratiques - ont assist\u00e9 \u00e0 la c\u00e9r\u00e9monie. De nombreux autres spectateurs du monde entier ont suivi la c\u00e9r\u00e9monie en livestream. L'orateur invit\u00e9 Michel Ducommun, codirecteur de Velafrica, a adress\u00e9 ses f\u00e9licitations aux jeunes employ\u00e9s de commerce. Cette organisation \u00e0 but non lucratif s'engage pour une mobilit\u00e9 durable et pour le d\u00e9veloppement de la formation professionnelle dans diff\u00e9rents pays africains. Dans son discours, il a r\u00e9guli\u00e8rement donn\u00e9 la parole \u00e0 Mariam par le biais de vid\u00e9os. Cette jeune femme burkinab\u00e9 a pu suivre un apprentissage de m\u00e9canicienne sur v\u00e9lo gr\u00e2ce \u00e0 Velafrica. \"Chaque roue que je fais rouler me permet d'avancer dans la vie\", a-t-elle d\u00e9clar\u00e9 aux jeunes dipl\u00f4m\u00e9s. En fin de compte, leur carri\u00e8re professionnelle prend v\u00e9ritablement son envol une fois l'apprentissage de commerce termin\u00e9.<\/p>\n<p><em>Source : <a href=\"http:\/\/www.kvz-schule.ch\">Ecole de commerce KV Z\u00fcrich<\/a><\/em><\/p>","protected":false},"excerpt":{"rendered":"<p>Le lundi 7 juillet 2025, 1219 dipl\u00f4m\u00e9s de commerce ont re\u00e7u leur certificat f\u00e9d\u00e9ral de capacit\u00e9 (CFC) apr\u00e8s trois ans d'apprentissage \u00e0 l'\u00e9cole de commerce KV Z\u00fcrich. Au total, 81 futurs employ\u00e9s de commerce ont obtenu une moyenne de notes d'au moins 5,3 et se sont ainsi class\u00e9s parmi les meilleurs au niveau f\u00e9d\u00e9ral.<\/p>","protected":false},"author":4,"featured_media":39555,"comment_status":"closed","ping_status":"closed","sticky":false,"template":"","format":"standard","meta":{"_acf_changed":false,"_yoast_wpseo_focuskw":"erfolgreiche Kaufleute","_yoast_wpseo_metadesc":"Am Montag, 7. Juli 2025, erhielten 1219 erfolgreiche KV-Absolvierende im Hallenstadion ihr Eidgen\u00f6ssisches F\u00e4higkeitszeugnis (EFZ).","articlekey":"","footnotes":""},"categories":[579],"tags":[5452,62,3351],"class_list":["post-39554","post","type-post","status-publish","format-standard","has-post-thumbnail","hentry","category-human-resources","tag-abschlussfeier","tag-aus-weiterbildung","tag-kaufmaennische-berufsbildung"],"acf":[],"yoast_head":"<!-- This site is optimized with the Yoast SEO plugin v27.4 - https:\/\/yoast.com\/product\/yoast-seo-wordpress\/ -->\n<title>1219 erfolgreiche Kaufleute erhalten im Hallenstadion ihr F\u00e4higkeitszeugnis - Organisator<\/title>\n<meta name=\"description\" content=\"Am Montag, 7. Juli 2025, erhielten 1219 erfolgreiche KV-Absolvierende im Hallenstadion ihr Eidgen\u00f6ssisches F\u00e4higkeitszeugnis (EFZ).\" \/>\n<meta name=\"robots\" content=\"index, follow, max-snippet:-1, max-image-preview:large, max-video-preview:-1\" \/>\n<link rel=\"canonical\" href=\"https:\/\/www.organisator.ch\/fr\/ressources-humaines\/2025-07-11\/1219-erfolgreiche-kaufleute-erhalten-im-hallenstadion-ihr-faehigkeitszeugnis\/\" \/>\n<meta property=\"og:locale\" content=\"fr_FR\" \/>\n<meta property=\"og:type\" content=\"article\" \/>\n<meta property=\"og:title\" content=\"1219 erfolgreiche Kaufleute erhalten im Hallenstadion ihr F\u00e4higkeitszeugnis\" \/>\n<meta property=\"og:description\" content=\"Am Montag, 7. Juli 2025, erhielten 1219 erfolgreiche KV-Absolvierende im Hallenstadion ihr Eidgen\u00f6ssisches F\u00e4higkeitszeugnis (EFZ).\" \/>\n<meta property=\"og:url\" content=\"https:\/\/www.organisator.ch\/fr\/ressources-humaines\/2025-07-11\/1219-erfolgreiche-kaufleute-erhalten-im-hallenstadion-ihr-faehigkeitszeugnis\/\" \/>\n<meta property=\"og:site_name\" content=\"Organisator\" \/>\n<meta property=\"article:publisher\" content=\"https:\/\/www.facebook.com\/OrganisatorFachmagazin\" \/>\n<meta property=\"article:published_time\" content=\"2025-07-11T06:36:38+00:00\" \/>\n<meta property=\"og:image\" content=\"https:\/\/www.organisator.ch\/wp-content\/uploads\/2025\/07\/1219-erfolgreiche-Kaufleute-erhalten-im-Hallenstadion-ihr-Faehigkeitszeugnis-1_Organisator.jpg\" \/>\n\t<meta property=\"og:image:width\" content=\"680\" \/>\n\t<meta property=\"og:image:height\" content=\"341\" \/>\n\t<meta property=\"og:image:type\" content=\"image\/jpeg\" \/>\n<meta name=\"author\" content=\"thomas.berner\" \/>\n<meta name=\"twitter:card\" content=\"summary_large_image\" \/>\n<meta name=\"twitter:title\" content=\"1219 erfolgreiche #Kaufleute erhalten im #Hallenstadion ihr #F\u00e4higkeitszeugnis\" \/>\n<meta name=\"twitter:description\" content=\"Am Montag, 7. Juli 2025, erhielten 1219 erfolgreiche #KV-Absolvierende im Hallenstadion ihr Eidgen\u00f6ssisches #F\u00e4higkeitszeugnis (#EFZ).\" \/>\n<meta name=\"twitter:image\" content=\"https:\/\/www.organisator.ch\/wp-content\/uploads\/2025\/07\/1219-erfolgreiche-Kaufleute-erhalten-im-Hallenstadion-ihr-Faehigkeitszeugnis-1_Organisator.jpg\" \/>\n<script type=\"application\/ld+json\" class=\"yoast-schema-graph\">{\"@context\":\"https:\\\/\\\/schema.org\",\"@graph\":[{\"@type\":\"Article\",\"@id\":\"https:\\\/\\\/www.organisator.ch\\\/human-resources\\\/2025-07-11\\\/1219-erfolgreiche-kaufleute-erhalten-im-hallenstadion-ihr-faehigkeitszeugnis\\\/#article\",\"isPartOf\":{\"@id\":\"https:\\\/\\\/www.organisator.ch\\\/human-resources\\\/2025-07-11\\\/1219-erfolgreiche-kaufleute-erhalten-im-hallenstadion-ihr-faehigkeitszeugnis\\\/\"},\"author\":{\"name\":\"thomas.berner\",\"@id\":\"https:\\\/\\\/www.organisator.ch\\\/#\\\/schema\\\/person\\\/6f650f90b2842cd4c0cc334b4e36f67e\"},\"headline\":\"1219 erfolgreiche Kaufleute erhalten im Hallenstadion ihr F\u00e4higkeitszeugnis\",\"datePublished\":\"2025-07-11T06:36:38+00:00\",\"mainEntityOfPage\":{\"@id\":\"https:\\\/\\\/www.organisator.ch\\\/human-resources\\\/2025-07-11\\\/1219-erfolgreiche-kaufleute-erhalten-im-hallenstadion-ihr-faehigkeitszeugnis\\\/\"},\"wordCount\":319,\"publisher\":{\"@id\":\"https:\\\/\\\/www.organisator.ch\\\/#organization\"},\"image\":{\"@id\":\"https:\\\/\\\/www.organisator.ch\\\/human-resources\\\/2025-07-11\\\/1219-erfolgreiche-kaufleute-erhalten-im-hallenstadion-ihr-faehigkeitszeugnis\\\/#primaryimage\"},\"thumbnailUrl\":\"https:\\\/\\\/www.organisator.ch\\\/wp-content\\\/uploads\\\/2025\\\/07\\\/1219-erfolgreiche-Kaufleute-erhalten-im-Hallenstadion-ihr-Faehigkeitszeugnis-1_Organisator.jpg\",\"keywords\":[\"Abschlussfeier\",\"Aus-\\\/Weiterbildung\",\"Kaufm\u00e4nnische Berufsbildung\"],\"articleSection\":[\"HUMAN RESOURCES\"],\"inLanguage\":\"fr-FR\"},{\"@type\":\"WebPage\",\"@id\":\"https:\\\/\\\/www.organisator.ch\\\/human-resources\\\/2025-07-11\\\/1219-erfolgreiche-kaufleute-erhalten-im-hallenstadion-ihr-faehigkeitszeugnis\\\/\",\"url\":\"https:\\\/\\\/www.organisator.ch\\\/human-resources\\\/2025-07-11\\\/1219-erfolgreiche-kaufleute-erhalten-im-hallenstadion-ihr-faehigkeitszeugnis\\\/\",\"name\":\"1219 erfolgreiche Kaufleute erhalten im Hallenstadion ihr F\u00e4higkeitszeugnis - Organisator\",\"isPartOf\":{\"@id\":\"https:\\\/\\\/www.organisator.ch\\\/#website\"},\"primaryImageOfPage\":{\"@id\":\"https:\\\/\\\/www.organisator.ch\\\/human-resources\\\/2025-07-11\\\/1219-erfolgreiche-kaufleute-erhalten-im-hallenstadion-ihr-faehigkeitszeugnis\\\/#primaryimage\"},\"image\":{\"@id\":\"https:\\\/\\\/www.organisator.ch\\\/human-resources\\\/2025-07-11\\\/1219-erfolgreiche-kaufleute-erhalten-im-hallenstadion-ihr-faehigkeitszeugnis\\\/#primaryimage\"},\"thumbnailUrl\":\"https:\\\/\\\/www.organisator.ch\\\/wp-content\\\/uploads\\\/2025\\\/07\\\/1219-erfolgreiche-Kaufleute-erhalten-im-Hallenstadion-ihr-Faehigkeitszeugnis-1_Organisator.jpg\",\"datePublished\":\"2025-07-11T06:36:38+00:00\",\"description\":\"Am Montag, 7. Juli 2025, erhielten 1219 erfolgreiche KV-Absolvierende im Hallenstadion ihr Eidgen\u00f6ssisches F\u00e4higkeitszeugnis (EFZ).\",\"breadcrumb\":{\"@id\":\"https:\\\/\\\/www.organisator.ch\\\/human-resources\\\/2025-07-11\\\/1219-erfolgreiche-kaufleute-erhalten-im-hallenstadion-ihr-faehigkeitszeugnis\\\/#breadcrumb\"},\"inLanguage\":\"fr-FR\",\"potentialAction\":[{\"@type\":\"ReadAction\",\"target\":[\"https:\\\/\\\/www.organisator.ch\\\/human-resources\\\/2025-07-11\\\/1219-erfolgreiche-kaufleute-erhalten-im-hallenstadion-ihr-faehigkeitszeugnis\\\/\"]}]},{\"@type\":\"ImageObject\",\"inLanguage\":\"fr-FR\",\"@id\":\"https:\\\/\\\/www.organisator.ch\\\/human-resources\\\/2025-07-11\\\/1219-erfolgreiche-kaufleute-erhalten-im-hallenstadion-ihr-faehigkeitszeugnis\\\/#primaryimage\",\"url\":\"https:\\\/\\\/www.organisator.ch\\\/wp-content\\\/uploads\\\/2025\\\/07\\\/1219-erfolgreiche-Kaufleute-erhalten-im-Hallenstadion-ihr-Faehigkeitszeugnis-1_Organisator.jpg\",\"contentUrl\":\"https:\\\/\\\/www.organisator.ch\\\/wp-content\\\/uploads\\\/2025\\\/07\\\/1219-erfolgreiche-Kaufleute-erhalten-im-Hallenstadion-ihr-Faehigkeitszeugnis-1_Organisator.jpg\",\"width\":680,\"height\":341,\"caption\":\"QV-Feier 2025 Wirtschaftsschule KV Z\u00fcrich, Hallenstadion Z\u00fcrich, 7.7.2025\"},{\"@type\":\"BreadcrumbList\",\"@id\":\"https:\\\/\\\/www.organisator.ch\\\/human-resources\\\/2025-07-11\\\/1219-erfolgreiche-kaufleute-erhalten-im-hallenstadion-ihr-faehigkeitszeugnis\\\/#breadcrumb\",\"itemListElement\":[{\"@type\":\"ListItem\",\"position\":1,\"name\":\"Home\",\"item\":\"https:\\\/\\\/www.organisator.ch\\\/\"},{\"@type\":\"ListItem\",\"position\":2,\"name\":\"1219 erfolgreiche Kaufleute erhalten im Hallenstadion ihr F\u00e4higkeitszeugnis\"}]},{\"@type\":\"WebSite\",\"@id\":\"https:\\\/\\\/www.organisator.ch\\\/#website\",\"url\":\"https:\\\/\\\/www.organisator.ch\\\/\",\"name\":\"Organisator\",\"description\":\"Kompetent. Praxisnah. Der ORGANISATOR bereitet in 10 Ausgaben pro Jahr die wesentlichen Themen f\u00fcr F\u00fchrungskr\u00e4fte von KMU auf.\",\"publisher\":{\"@id\":\"https:\\\/\\\/www.organisator.ch\\\/#organization\"},\"potentialAction\":[{\"@type\":\"SearchAction\",\"target\":{\"@type\":\"EntryPoint\",\"urlTemplate\":\"https:\\\/\\\/www.organisator.ch\\\/?s={search_term_string}\"},\"query-input\":{\"@type\":\"PropertyValueSpecification\",\"valueRequired\":true,\"valueName\":\"search_term_string\"}}],\"inLanguage\":\"fr-FR\"},{\"@type\":\"Organization\",\"@id\":\"https:\\\/\\\/www.organisator.ch\\\/#organization\",\"name\":\"Organisator\",\"url\":\"https:\\\/\\\/www.organisator.ch\\\/\",\"logo\":{\"@type\":\"ImageObject\",\"inLanguage\":\"fr-FR\",\"@id\":\"https:\\\/\\\/www.organisator.ch\\\/#\\\/schema\\\/logo\\\/image\\\/\",\"url\":\"https:\\\/\\\/www.organisator.ch\\\/wp-content\\\/uploads\\\/2022\\\/01\\\/Logo_Organisator_Website.png\",\"contentUrl\":\"https:\\\/\\\/www.organisator.ch\\\/wp-content\\\/uploads\\\/2022\\\/01\\\/Logo_Organisator_Website.png\",\"width\":800,\"height\":77,\"caption\":\"Organisator\"},\"image\":{\"@id\":\"https:\\\/\\\/www.organisator.ch\\\/#\\\/schema\\\/logo\\\/image\\\/\"},\"sameAs\":[\"https:\\\/\\\/www.facebook.com\\\/OrganisatorFachmagazin\",\"https:\\\/\\\/www.linkedin.com\\\/showcase\\\/organisator-das-magazin-fr-kmu\",\"https:\\\/\\\/www.xing.com\\\/news\\\/pages\\\/organisator-ch-695\",\"https:\\\/\\\/www.youtube.com\\\/channel\\\/UCGP2Sq0iWaZwT3BdIAQFYpw\"]},{\"@type\":\"Person\",\"@id\":\"https:\\\/\\\/www.organisator.ch\\\/#\\\/schema\\\/person\\\/6f650f90b2842cd4c0cc334b4e36f67e\",\"name\":\"thomas.berner\",\"image\":{\"@type\":\"ImageObject\",\"inLanguage\":\"fr-FR\",\"@id\":\"https:\\\/\\\/secure.gravatar.com\\\/avatar\\\/ac5001d2a36cb6c6cd3e50789007ffca834b477b74a2144564522e944eabff61?s=96&d=mm&r=g\",\"url\":\"https:\\\/\\\/secure.gravatar.com\\\/avatar\\\/ac5001d2a36cb6c6cd3e50789007ffca834b477b74a2144564522e944eabff61?s=96&d=mm&r=g\",\"contentUrl\":\"https:\\\/\\\/secure.gravatar.com\\\/avatar\\\/ac5001d2a36cb6c6cd3e50789007ffca834b477b74a2144564522e944eabff61?s=96&d=mm&r=g\",\"caption\":\"thomas.berner\"},\"url\":\"https:\\\/\\\/www.organisator.ch\\\/fr\\\/author\\\/thomas-berner\\\/\"}]}<\/script>\n<!-- \/ Yoast SEO plugin. -->","yoast_head_json":{"title":"1219 employ\u00e9s de commerce re\u00e7oivent leur certificat de capacit\u00e9 au Hallenstadion - Organisateur","description":"Le lundi 7 juillet 2025, 1219 dipl\u00f4m\u00e9s de commerce ont re\u00e7u leur certificat f\u00e9d\u00e9ral de capacit\u00e9 (CFC) au Hallenstadion.","robots":{"index":"index","follow":"follow","max-snippet":"max-snippet:-1","max-image-preview":"max-image-preview:large","max-video-preview":"max-video-preview:-1"},"canonical":"https:\/\/www.organisator.ch\/fr\/ressources-humaines\/2025-07-11\/1219-erfolgreiche-kaufleute-erhalten-im-hallenstadion-ihr-faehigkeitszeugnis\/","og_locale":"fr_FR","og_type":"article","og_title":"1219 erfolgreiche Kaufleute erhalten im Hallenstadion ihr F\u00e4higkeitszeugnis","og_description":"Am Montag, 7. Juli 2025, erhielten 1219 erfolgreiche KV-Absolvierende im Hallenstadion ihr Eidgen\u00f6ssisches F\u00e4higkeitszeugnis (EFZ).","og_url":"https:\/\/www.organisator.ch\/fr\/ressources-humaines\/2025-07-11\/1219-erfolgreiche-kaufleute-erhalten-im-hallenstadion-ihr-faehigkeitszeugnis\/","og_site_name":"Organisator","article_publisher":"https:\/\/www.facebook.com\/OrganisatorFachmagazin","article_published_time":"2025-07-11T06:36:38+00:00","og_image":[{"width":680,"height":341,"url":"https:\/\/www.organisator.ch\/wp-content\/uploads\/2025\/07\/1219-erfolgreiche-Kaufleute-erhalten-im-Hallenstadion-ihr-Faehigkeitszeugnis-1_Organisator.jpg","type":"image\/jpeg"}],"author":"thomas.berner","twitter_card":"summary_large_image","twitter_title":"1219 erfolgreiche #Kaufleute erhalten im #Hallenstadion ihr #F\u00e4higkeitszeugnis","twitter_description":"Am Montag, 7. Juli 2025, erhielten 1219 erfolgreiche #KV-Absolvierende im Hallenstadion ihr Eidgen\u00f6ssisches #F\u00e4higkeitszeugnis (#EFZ).","twitter_image":"https:\/\/www.organisator.ch\/wp-content\/uploads\/2025\/07\/1219-erfolgreiche-Kaufleute-erhalten-im-Hallenstadion-ihr-Faehigkeitszeugnis-1_Organisator.jpg","schema":{"@context":"https:\/\/schema.org","@graph":[{"@type":"Article","@id":"https:\/\/www.organisator.ch\/human-resources\/2025-07-11\/1219-erfolgreiche-kaufleute-erhalten-im-hallenstadion-ihr-faehigkeitszeugnis\/#article","isPartOf":{"@id":"https:\/\/www.organisator.ch\/human-resources\/2025-07-11\/1219-erfolgreiche-kaufleute-erhalten-im-hallenstadion-ihr-faehigkeitszeugnis\/"},"author":{"name":"thomas.berner","@id":"https:\/\/www.organisator.ch\/#\/schema\/person\/6f650f90b2842cd4c0cc334b4e36f67e"},"headline":"1219 erfolgreiche Kaufleute erhalten im Hallenstadion ihr F\u00e4higkeitszeugnis","datePublished":"2025-07-11T06:36:38+00:00","mainEntityOfPage":{"@id":"https:\/\/www.organisator.ch\/human-resources\/2025-07-11\/1219-erfolgreiche-kaufleute-erhalten-im-hallenstadion-ihr-faehigkeitszeugnis\/"},"wordCount":319,"publisher":{"@id":"https:\/\/www.organisator.ch\/#organization"},"image":{"@id":"https:\/\/www.organisator.ch\/human-resources\/2025-07-11\/1219-erfolgreiche-kaufleute-erhalten-im-hallenstadion-ihr-faehigkeitszeugnis\/#primaryimage"},"thumbnailUrl":"https:\/\/www.organisator.ch\/wp-content\/uploads\/2025\/07\/1219-erfolgreiche-Kaufleute-erhalten-im-Hallenstadion-ihr-Faehigkeitszeugnis-1_Organisator.jpg","keywords":["Abschlussfeier","Aus-\/Weiterbildung","Kaufm\u00e4nnische Berufsbildung"],"articleSection":["HUMAN RESOURCES"],"inLanguage":"fr-FR"},{"@type":"WebPage","@id":"https:\/\/www.organisator.ch\/human-resources\/2025-07-11\/1219-erfolgreiche-kaufleute-erhalten-im-hallenstadion-ihr-faehigkeitszeugnis\/","url":"https:\/\/www.organisator.ch\/human-resources\/2025-07-11\/1219-erfolgreiche-kaufleute-erhalten-im-hallenstadion-ihr-faehigkeitszeugnis\/","name":"1219 employ\u00e9s de commerce re\u00e7oivent leur certificat de capacit\u00e9 au Hallenstadion - Organisateur","isPartOf":{"@id":"https:\/\/www.organisator.ch\/#website"},"primaryImageOfPage":{"@id":"https:\/\/www.organisator.ch\/human-resources\/2025-07-11\/1219-erfolgreiche-kaufleute-erhalten-im-hallenstadion-ihr-faehigkeitszeugnis\/#primaryimage"},"image":{"@id":"https:\/\/www.organisator.ch\/human-resources\/2025-07-11\/1219-erfolgreiche-kaufleute-erhalten-im-hallenstadion-ihr-faehigkeitszeugnis\/#primaryimage"},"thumbnailUrl":"https:\/\/www.organisator.ch\/wp-content\/uploads\/2025\/07\/1219-erfolgreiche-Kaufleute-erhalten-im-Hallenstadion-ihr-Faehigkeitszeugnis-1_Organisator.jpg","datePublished":"2025-07-11T06:36:38+00:00","description":"Le lundi 7 juillet 2025, 1219 dipl\u00f4m\u00e9s de commerce ont re\u00e7u leur certificat f\u00e9d\u00e9ral de capacit\u00e9 (CFC) au Hallenstadion.","breadcrumb":{"@id":"https:\/\/www.organisator.ch\/human-resources\/2025-07-11\/1219-erfolgreiche-kaufleute-erhalten-im-hallenstadion-ihr-faehigkeitszeugnis\/#breadcrumb"},"inLanguage":"fr-FR","potentialAction":[{"@type":"ReadAction","target":["https:\/\/www.organisator.ch\/human-resources\/2025-07-11\/1219-erfolgreiche-kaufleute-erhalten-im-hallenstadion-ihr-faehigkeitszeugnis\/"]}]},{"@type":"ImageObject","inLanguage":"fr-FR","@id":"https:\/\/www.organisator.ch\/human-resources\/2025-07-11\/1219-erfolgreiche-kaufleute-erhalten-im-hallenstadion-ihr-faehigkeitszeugnis\/#primaryimage","url":"https:\/\/www.organisator.ch\/wp-content\/uploads\/2025\/07\/1219-erfolgreiche-Kaufleute-erhalten-im-Hallenstadion-ihr-Faehigkeitszeugnis-1_Organisator.jpg","contentUrl":"https:\/\/www.organisator.ch\/wp-content\/uploads\/2025\/07\/1219-erfolgreiche-Kaufleute-erhalten-im-Hallenstadion-ihr-Faehigkeitszeugnis-1_Organisator.jpg","width":680,"height":341,"caption":"QV-Feier 2025 Wirtschaftsschule KV Z\u00fcrich, Hallenstadion Z\u00fcrich, 7.7.2025"},{"@type":"BreadcrumbList","@id":"https:\/\/www.organisator.ch\/human-resources\/2025-07-11\/1219-erfolgreiche-kaufleute-erhalten-im-hallenstadion-ihr-faehigkeitszeugnis\/#breadcrumb","itemListElement":[{"@type":"ListItem","position":1,"name":"Home","item":"https:\/\/www.organisator.ch\/"},{"@type":"ListItem","position":2,"name":"1219 erfolgreiche Kaufleute erhalten im Hallenstadion ihr F\u00e4higkeitszeugnis"}]},{"@type":"WebSite","@id":"https:\/\/www.organisator.ch\/#website","url":"https:\/\/www.organisator.ch\/","name":"Organisateur","description":"Comp\u00e9tence et comp\u00e9tence. Proches de la pratique. L'ORGANISATEUR pr\u00e9pare 10 num\u00e9ros par an sur les th\u00e8mes essentiels pour les dirigeants de PME.","publisher":{"@id":"https:\/\/www.organisator.ch\/#organization"},"potentialAction":[{"@type":"SearchAction","target":{"@type":"EntryPoint","urlTemplate":"https:\/\/www.organisator.ch\/?s={search_term_string}"},"query-input":{"@type":"PropertyValueSpecification","valueRequired":true,"valueName":"search_term_string"}}],"inLanguage":"fr-FR"},{"@type":"Organization","@id":"https:\/\/www.organisator.ch\/#organization","name":"Organisateur","url":"https:\/\/www.organisator.ch\/","logo":{"@type":"ImageObject","inLanguage":"fr-FR","@id":"https:\/\/www.organisator.ch\/#\/schema\/logo\/image\/","url":"https:\/\/www.organisator.ch\/wp-content\/uploads\/2022\/01\/Logo_Organisator_Website.png","contentUrl":"https:\/\/www.organisator.ch\/wp-content\/uploads\/2022\/01\/Logo_Organisator_Website.png","width":800,"height":77,"caption":"Organisator"},"image":{"@id":"https:\/\/www.organisator.ch\/#\/schema\/logo\/image\/"},"sameAs":["https:\/\/www.facebook.com\/OrganisatorFachmagazin","https:\/\/www.linkedin.com\/showcase\/organisator-das-magazin-fr-kmu","https:\/\/www.xing.com\/news\/pages\/organisator-ch-695","https:\/\/www.youtube.com\/channel\/UCGP2Sq0iWaZwT3BdIAQFYpw"]},{"@type":"Person","@id":"https:\/\/www.organisator.ch\/#\/schema\/person\/6f650f90b2842cd4c0cc334b4e36f67e","name":"thomas.berner","image":{"@type":"ImageObject","inLanguage":"fr-FR","@id":"https:\/\/secure.gravatar.com\/avatar\/ac5001d2a36cb6c6cd3e50789007ffca834b477b74a2144564522e944eabff61?s=96&d=mm&r=g","url":"https:\/\/secure.gravatar.com\/avatar\/ac5001d2a36cb6c6cd3e50789007ffca834b477b74a2144564522e944eabff61?s=96&d=mm&r=g","contentUrl":"https:\/\/secure.gravatar.com\/avatar\/ac5001d2a36cb6c6cd3e50789007ffca834b477b74a2144564522e944eabff61?s=96&d=mm&r=g","caption":"thomas.berner"},"url":"https:\/\/www.organisator.ch\/fr\/author\/thomas-berner\/"}]}},"_links":{"self":[{"href":"https:\/\/www.organisator.ch\/fr\/wp-json\/wp\/v2\/posts\/39554","targetHints":{"allow":["GET"]}}],"collection":[{"href":"https:\/\/www.organisator.ch\/fr\/wp-json\/wp\/v2\/posts"}],"about":[{"href":"https:\/\/www.organisator.ch\/fr\/wp-json\/wp\/v2\/types\/post"}],"author":[{"embeddable":true,"href":"https:\/\/www.organisator.ch\/fr\/wp-json\/wp\/v2\/users\/4"}],"replies":[{"embeddable":true,"href":"https:\/\/www.organisator.ch\/fr\/wp-json\/wp\/v2\/comments?post=39554"}],"version-history":[{"count":5,"href":"https:\/\/www.organisator.ch\/fr\/wp-json\/wp\/v2\/posts\/39554\/revisions"}],"predecessor-version":[{"id":39599,"href":"https:\/\/www.organisator.ch\/fr\/wp-json\/wp\/v2\/posts\/39554\/revisions\/39599"}],"wp:featuredmedia":[{"embeddable":true,"href":"https:\/\/www.organisator.ch\/fr\/wp-json\/wp\/v2\/media\/39555"}],"wp:attachment":[{"href":"https:\/\/www.organisator.ch\/fr\/wp-json\/wp\/v2\/media?parent=39554"}],"wp:term":[{"taxonomy":"category","embeddable":true,"href":"https:\/\/www.organisator.ch\/fr\/wp-json\/wp\/v2\/categories?post=39554"},{"taxonomy":"post_tag","embeddable":true,"href":"https:\/\/www.organisator.ch\/fr\/wp-json\/wp\/v2\/tags?post=39554"}],"curies":[{"name":"wp","href":"https:\/\/api.w.org\/{rel}","templated":true}]}}