{"id":39558,"date":"2025-07-14T09:11:53","date_gmt":"2025-07-14T07:11:53","guid":{"rendered":"https:\/\/www.m-q.ch\/?p=21686"},"modified":"2025-07-11T13:11:24","modified_gmt":"2025-07-11T11:11:24","slug":"cloudbasierte-ki-anwendungen-und-die-gefahr-der-schatten-ki","status":"publish","type":"post","link":"https:\/\/www.organisator.ch\/fr\/operational-excellence\/2025-07-14\/cloudbasierte-ki-anwendungen-und-die-gefahr-der-schatten-ki\/","title":{"rendered":"Les applications d'IA bas\u00e9es sur le cloud et le danger de l'IA fant\u00f4me"},"content":{"rendered":"<figure id=\"attachment_21687\" class=\"wp-caption alignnone\" style=\"width: 680px;\" aria-describedby=\"caption-attachment-21687\"><img class=\"size-full wp-image-21687\" src=\"https:\/\/www.m-q.ch\/wp-content\/uploads\/2025\/07\/Cloudbasierte-KI-Anwendungen-und-die-Gefahr-der-Schatten-KI_MQ.jpg\" sizes=\"(max-width: 680px) 100vw, 680px\" srcset=\"https:\/\/www.m-q.ch\/wp-content\/uploads\/2025\/07\/Cloudbasierte-KI-Anwendungen-und-die-Gefahr-der-Schatten-KI_MQ.jpg 680w, https:\/\/www.m-q.ch\/wp-content\/uploads\/2025\/07\/Cloudbasierte-KI-Anwendungen-und-die-Gefahr-der-Schatten-KI_MQ-18x12.jpg 18w, https:\/\/www.m-q.ch\/wp-content\/uploads\/2025\/07\/Cloudbasierte-KI-Anwendungen-und-die-Gefahr-der-Schatten-KI_MQ-375x269.jpg 375w, https:\/\/www.m-q.ch\/wp-content\/uploads\/2025\/07\/Cloudbasierte-KI-Anwendungen-und-die-Gefahr-der-Schatten-KI_MQ-489x350.jpg 489w\" alt=\"\" width=\"680\" height=\"487\" \/>\r\n<figcaption id=\"caption-attachment-21687\" class=\"wp-caption-text\">L'IA fant\u00f4me peut donner lieu \u00e0 des ph\u00e9nom\u00e8nes qui soul\u00e8vent des questions en mati\u00e8re de gouvernance et de r\u00e9silience. (Image : AdobeStock \/ Stormshield)<\/figcaption>\r\n<\/figure>\r\n<p>Grok, le chatbot d'intelligence artificielle d\u00e9velopp\u00e9 par la start-up xAI d'Elon Musk, est disponible depuis fin mai sur la plateforme cloud Azure de Microsoft. Cette annonce, faite lors de la conf\u00e9rence Build-2025, marque un tournant strat\u00e9gique : Microsoft ouvre son \u00e9cosyst\u00e8me \u00e0 un plus large \u00e9ventail d'acteurs de l'IA, dont certains qui d\u00e9fient ses partenaires traditionnels comme OpenAI.<\/p>\r\n<h3>Les environnements cloud ouverts entra\u00eenent une complexit\u00e9 accrue<\/h3>\r\n<p>\"De mani\u00e8re g\u00e9n\u00e9rale, le d\u00e9veloppement rapide de l'IA dans le cloud n\u00e9cessite de repenser les politiques d'acc\u00e8s et d'am\u00e9liorer le suivi des usages afin d'assurer une plus grande s\u00e9curit\u00e9 des flux de donn\u00e9es sensibles\", explique S\u00e9bastien Viou, directeur de la cybers\u00e9curit\u00e9 et de la gestion des produits chez Stormshield : \"L'int\u00e9gration des mod\u00e8les d'IA d\u00e9velopp\u00e9s par xAI, comme Grok, sur la plateforme Microsoft Azure constitue une nouvelle \u00e9tape dans l'ouverture des environnements cloud aux fournisseurs alternatifs de mod\u00e8les \u00e0 grande \u00e9chelle. Alors que cette dynamique d'\u00e9cosyst\u00e8me ouvert semble apporter de l'agilit\u00e9 aux entreprises, elle introduit \u00e9galement un nouveau niveau de complexit\u00e9 pour les \u00e9quipes en charge de la cybers\u00e9curit\u00e9\".<\/p>\r\n<p>La transparence de l'utilisation est une pr\u00e9occupation centrale \u00e0 cet \u00e9gard. L'IA g\u00e9n\u00e9rative \u00e9tant d\u00e9sormais accessible via des interfaces Azure standardis\u00e9es, le nombre d'applications potentielles peut augmenter en l'absence de contr\u00f4les et de contre-mesures raisonnables, en particulier dans des environnements applicatifs complexes comprenant une multitude de sous-syst\u00e8mes. Il en r\u00e9sulte un effacement de la fronti\u00e8re entre l'exp\u00e9rimentation l\u00e9gitime et l'\"IA de l'ombre\". Sans m\u00e9canismes de contr\u00f4le pr\u00e9cis, il est difficile de savoir qui utilise ces mod\u00e8les, avec quelles donn\u00e9es et \u00e0 quelles fins.<\/p>\r\n<h3>Nouvelles exigences en mati\u00e8re de gestion des risques<\/h3>\r\n<p>Cela soul\u00e8ve in\u00e9vitablement la question de la gestion des risques de nature juridique ou technique, comme la gouvernance des acc\u00e8s, la tra\u00e7abilit\u00e9 de l'utilisation et la protection des donn\u00e9es sensibles. Le fait que Grok coexiste d\u00e9sormais avec d'autres outils d'IA sur la m\u00eame plateforme n\u00e9cessite une r\u00e9\u00e9valuation granulaire de l'impact sur le traitement des donn\u00e9es et la r\u00e9silience op\u00e9rationnelle. Une philosophie de moindre privil\u00e8ge doit pr\u00e9valoir, avec des contr\u00f4les plus stricts des identit\u00e9s et des sessions d'utilisation. Dans le cas contraire, le risque que des informations sensibles soient compromises ou divulgu\u00e9es simplement en raison d'erreurs de configuration ne sera pas banalis\u00e9.<\/p>\r\n<p>Enfin, au-del\u00e0 des probl\u00e8mes d'acc\u00e8s et de visibilit\u00e9, le contr\u00f4le des flux de donn\u00e9es sensibles constitue un point aveugle critique. Des interactions apparemment anodines entre les employ\u00e9s et l'IA peuvent cacher une exfiltration de donn\u00e9es ou des op\u00e9rations de traitement qui enfreignent les politiques de s\u00e9curit\u00e9. Dans un environnement o\u00f9 les solutions traditionnelles de pr\u00e9vention des pertes de donn\u00e9es \u00e9taient d\u00e9j\u00e0 complexes \u00e0 appliquer, le d\u00e9fi prend une nouvelle dimension. Cela n\u00e9cessite des mesures de cybers\u00e9curit\u00e9 globales qui vont au-del\u00e0 de la simple r\u00e9activit\u00e9 et qui sont int\u00e9gr\u00e9es d\u00e8s le d\u00e9part dans la strat\u00e9gie de l'entreprise. Il s'agit notamment de m\u00e9canismes complets visant \u00e0 appliquer les principes du \"zero trust\", qui garantissent que chaque demande d'acc\u00e8s - qu'elle \u00e9mane d'un \u00eatre humain ou d'une IA - est authentifi\u00e9e, autoris\u00e9e et valid\u00e9e en permanence, quel que soit l'endroit ou l'appareil utilis\u00e9.<\/p>\r\n<h3>La souverainet\u00e9 num\u00e9rique comme cl\u00e9<\/h3>\r\n<p>Le contr\u00f4le du flux de donn\u00e9es dans le contexte des applications d'IA exige en outre des solutions innovantes qui vont au-del\u00e0 de la d\u00e9fense p\u00e9rim\u00e9trique traditionnelle. Une strat\u00e9gie de s\u00e9curit\u00e9 efficace doit \u00eatre en mesure d'analyser en temps r\u00e9el le contenu g\u00e9n\u00e9r\u00e9 par l'IA et les interactions dirig\u00e9es par l'IA afin d'emp\u00eacher les abus potentiels ou la fuite d'informations sensibles. Pour cela, il est n\u00e9cessaire de disposer de capacit\u00e9s d'inspection avanc\u00e9es au niveau du r\u00e9seau et d'une protection des syst\u00e8mes d'extr\u00e9mit\u00e9 capables de d\u00e9tecter et d'emp\u00eacher les comportements inhabituels ou les sch\u00e9mas suspects \u00e9manant de mod\u00e8les d'IA.<\/p>\r\n<p>Compte tenu de l'\u00e9volution rapide et des risques potentiels, il est essentiel de s'appuyer sur des solutions de cybers\u00e9curit\u00e9 fiables et transparentes, en particulier lorsqu'il s'agit de prot\u00e9ger les donn\u00e9es et les infrastructures critiques. Ce n'est qu'en construisant un socle de s\u00e9curit\u00e9 solide, qui donne la priorit\u00e9 \u00e0 la souverainet\u00e9 num\u00e9rique et au respect des normes europ\u00e9ennes, que les entreprises pourront tirer pleinement profit de l'IA de mani\u00e8re s\u00fbre et responsable. Une telle strat\u00e9gie globale est la cl\u00e9 pour lib\u00e9rer la puissance d'innovation de l'IA sans perdre le contr\u00f4le. En effet, sans une approche rigoureuse de la gouvernance et de la surveillance, l'IA, qu'elle soit g\u00e9n\u00e9rative ou non, \u00e9voluera probablement plus rapidement dans les entreprises que les moyens de la contr\u00f4ler.<\/p>\r\n<p><em>Source : <a href=\"http:\/\/www.stormshield.com\/de\/\">Stormshield<\/a><\/em><\/p>\n<p class=\"syndicated-attribution\">Cet article est paru initialement sur m-q.ch - <a href=\"https:\/\/www.m-q.ch\/de\/cloudbasierte-ki-anwendungen-und-die-gefahr-der-schatten-ki\/\" target=\"_blank\">https:\/\/www.m-q.ch\/de\/cloudbasierte-ki-anwendungen-und-die-gefahr-der-schatten-ki\/<\/a><\/p>","protected":false},"excerpt":{"rendered":"<p>L'expansion rapide de l'IA bas\u00e9e sur le cloud r\u00e9volutionne les entreprises, mais pr\u00e9sente un danger sous-estim\u00e9 : l'\"IA fant\u00f4me\". L'utilisation incontr\u00f4l\u00e9e d'outils d'IA bas\u00e9s sur le cloud augmente la complexit\u00e9 de la cybers\u00e9curit\u00e9 et pose de nouveaux d\u00e9fis pour la protection des donn\u00e9es et processus sensibles.<\/p>","protected":false},"author":8,"featured_media":0,"comment_status":"closed","ping_status":"closed","sticky":false,"template":"","format":"standard","meta":{"_acf_changed":false,"_yoast_wpseo_focuskw":"Schatten-KI","_yoast_wpseo_metadesc":"Die rasante Verbreitung cloudbasierter KI revolutioniert Unternehmen, birgt aber eine untersch\u00e4tzte Gefahr: die \u201eSchatten-KI\u201c.","articlekey":"","footnotes":""},"categories":[582],"tags":[123,319,418],"class_list":["post-39558","post","type-post","status-publish","format-standard","hentry","category-operational-excellence","tag-cloud-computing","tag-kuenstliche-intelligenz","tag-risikomanagement"],"acf":[],"yoast_head":"<!-- This site is optimized with the Yoast SEO plugin v27.5 - https:\/\/yoast.com\/product\/yoast-seo-wordpress\/ -->\n<title>Cloudbasierte KI-Anwendungen und die Gefahr der Schatten-KI - Organisator<\/title>\n<meta name=\"description\" content=\"Die rasante Verbreitung cloudbasierter KI revolutioniert Unternehmen, birgt aber eine untersch\u00e4tzte Gefahr: die \u201eSchatten-KI\u201c.\" \/>\n<meta name=\"robots\" content=\"index, follow, max-snippet:-1, max-image-preview:large, max-video-preview:-1\" \/>\n<link rel=\"canonical\" href=\"https:\/\/www.organisator.ch\/fr\/excellence-operationnelle\/2025-07-14\/cloudbasierte-ki-anwendungen-und-die-gefahr-der-schatten-ki\/\" \/>\n<meta property=\"og:locale\" content=\"fr_FR\" \/>\n<meta property=\"og:type\" content=\"article\" \/>\n<meta property=\"og:title\" content=\"Cloudbasierte KI-Anwendungen und die Gefahr der Schatten-KI - Organisator\" \/>\n<meta property=\"og:description\" content=\"Die rasante Verbreitung cloudbasierter KI revolutioniert Unternehmen, birgt aber eine untersch\u00e4tzte Gefahr: die \u201eSchatten-KI\u201c.\" \/>\n<meta property=\"og:url\" content=\"https:\/\/www.organisator.ch\/fr\/excellence-operationnelle\/2025-07-14\/cloudbasierte-ki-anwendungen-und-die-gefahr-der-schatten-ki\/\" \/>\n<meta property=\"og:site_name\" content=\"Organisator\" \/>\n<meta property=\"article:publisher\" content=\"https:\/\/www.facebook.com\/OrganisatorFachmagazin\" \/>\n<meta property=\"article:published_time\" content=\"2025-07-14T07:11:53+00:00\" \/>\n<meta name=\"author\" content=\"galledia\" \/>\n<meta name=\"twitter:card\" content=\"summary_large_image\" \/>\n<meta name=\"twitter:creator\" content=\"@admin\" \/>\n<script type=\"application\/ld+json\" class=\"yoast-schema-graph\">{\"@context\":\"https:\\\/\\\/schema.org\",\"@graph\":[{\"@type\":\"Article\",\"@id\":\"https:\\\/\\\/www.organisator.ch\\\/operational-excellence\\\/2025-07-14\\\/cloudbasierte-ki-anwendungen-und-die-gefahr-der-schatten-ki\\\/#article\",\"isPartOf\":{\"@id\":\"https:\\\/\\\/www.organisator.ch\\\/operational-excellence\\\/2025-07-14\\\/cloudbasierte-ki-anwendungen-und-die-gefahr-der-schatten-ki\\\/\"},\"author\":{\"name\":\"galledia\",\"@id\":\"https:\\\/\\\/www.organisator.ch\\\/#\\\/schema\\\/person\\\/4e51799071cd2dd1232ac003643ef5f0\"},\"headline\":\"Cloudbasierte KI-Anwendungen und die Gefahr der Schatten-KI\",\"datePublished\":\"2025-07-14T07:11:53+00:00\",\"mainEntityOfPage\":{\"@id\":\"https:\\\/\\\/www.organisator.ch\\\/operational-excellence\\\/2025-07-14\\\/cloudbasierte-ki-anwendungen-und-die-gefahr-der-schatten-ki\\\/\"},\"wordCount\":657,\"publisher\":{\"@id\":\"https:\\\/\\\/www.organisator.ch\\\/#organization\"},\"image\":{\"@id\":\"https:\\\/\\\/www.organisator.ch\\\/operational-excellence\\\/2025-07-14\\\/cloudbasierte-ki-anwendungen-und-die-gefahr-der-schatten-ki\\\/#primaryimage\"},\"thumbnailUrl\":\"https:\\\/\\\/www.m-q.ch\\\/wp-content\\\/uploads\\\/2025\\\/07\\\/Cloudbasierte-KI-Anwendungen-und-die-Gefahr-der-Schatten-KI_MQ.jpg\",\"keywords\":[\"Cloud Computing\",\"K\u00fcnstliche Intelligenz\",\"Risikomanagement\"],\"articleSection\":[\"OPERATIONAL EXCELLENCE\"],\"inLanguage\":\"fr-FR\"},{\"@type\":\"WebPage\",\"@id\":\"https:\\\/\\\/www.organisator.ch\\\/operational-excellence\\\/2025-07-14\\\/cloudbasierte-ki-anwendungen-und-die-gefahr-der-schatten-ki\\\/\",\"url\":\"https:\\\/\\\/www.organisator.ch\\\/operational-excellence\\\/2025-07-14\\\/cloudbasierte-ki-anwendungen-und-die-gefahr-der-schatten-ki\\\/\",\"name\":\"Cloudbasierte KI-Anwendungen und die Gefahr der Schatten-KI - Organisator\",\"isPartOf\":{\"@id\":\"https:\\\/\\\/www.organisator.ch\\\/#website\"},\"primaryImageOfPage\":{\"@id\":\"https:\\\/\\\/www.organisator.ch\\\/operational-excellence\\\/2025-07-14\\\/cloudbasierte-ki-anwendungen-und-die-gefahr-der-schatten-ki\\\/#primaryimage\"},\"image\":{\"@id\":\"https:\\\/\\\/www.organisator.ch\\\/operational-excellence\\\/2025-07-14\\\/cloudbasierte-ki-anwendungen-und-die-gefahr-der-schatten-ki\\\/#primaryimage\"},\"thumbnailUrl\":\"https:\\\/\\\/www.m-q.ch\\\/wp-content\\\/uploads\\\/2025\\\/07\\\/Cloudbasierte-KI-Anwendungen-und-die-Gefahr-der-Schatten-KI_MQ.jpg\",\"datePublished\":\"2025-07-14T07:11:53+00:00\",\"description\":\"Die rasante Verbreitung cloudbasierter KI revolutioniert Unternehmen, birgt aber eine untersch\u00e4tzte Gefahr: die \u201eSchatten-KI\u201c.\",\"breadcrumb\":{\"@id\":\"https:\\\/\\\/www.organisator.ch\\\/operational-excellence\\\/2025-07-14\\\/cloudbasierte-ki-anwendungen-und-die-gefahr-der-schatten-ki\\\/#breadcrumb\"},\"inLanguage\":\"fr-FR\",\"potentialAction\":[{\"@type\":\"ReadAction\",\"target\":[\"https:\\\/\\\/www.organisator.ch\\\/operational-excellence\\\/2025-07-14\\\/cloudbasierte-ki-anwendungen-und-die-gefahr-der-schatten-ki\\\/\"]}]},{\"@type\":\"ImageObject\",\"inLanguage\":\"fr-FR\",\"@id\":\"https:\\\/\\\/www.organisator.ch\\\/operational-excellence\\\/2025-07-14\\\/cloudbasierte-ki-anwendungen-und-die-gefahr-der-schatten-ki\\\/#primaryimage\",\"url\":\"https:\\\/\\\/www.m-q.ch\\\/wp-content\\\/uploads\\\/2025\\\/07\\\/Cloudbasierte-KI-Anwendungen-und-die-Gefahr-der-Schatten-KI_MQ.jpg\",\"contentUrl\":\"https:\\\/\\\/www.m-q.ch\\\/wp-content\\\/uploads\\\/2025\\\/07\\\/Cloudbasierte-KI-Anwendungen-und-die-Gefahr-der-Schatten-KI_MQ.jpg\"},{\"@type\":\"BreadcrumbList\",\"@id\":\"https:\\\/\\\/www.organisator.ch\\\/operational-excellence\\\/2025-07-14\\\/cloudbasierte-ki-anwendungen-und-die-gefahr-der-schatten-ki\\\/#breadcrumb\",\"itemListElement\":[{\"@type\":\"ListItem\",\"position\":1,\"name\":\"Home\",\"item\":\"https:\\\/\\\/www.organisator.ch\\\/\"},{\"@type\":\"ListItem\",\"position\":2,\"name\":\"Cloudbasierte KI-Anwendungen und die Gefahr der Schatten-KI\"}]},{\"@type\":\"WebSite\",\"@id\":\"https:\\\/\\\/www.organisator.ch\\\/#website\",\"url\":\"https:\\\/\\\/www.organisator.ch\\\/\",\"name\":\"Organisator\",\"description\":\"Kompetent. Praxisnah. Der ORGANISATOR bereitet in 10 Ausgaben pro Jahr die wesentlichen Themen f\u00fcr F\u00fchrungskr\u00e4fte von KMU auf.\",\"publisher\":{\"@id\":\"https:\\\/\\\/www.organisator.ch\\\/#organization\"},\"potentialAction\":[{\"@type\":\"SearchAction\",\"target\":{\"@type\":\"EntryPoint\",\"urlTemplate\":\"https:\\\/\\\/www.organisator.ch\\\/?s={search_term_string}\"},\"query-input\":{\"@type\":\"PropertyValueSpecification\",\"valueRequired\":true,\"valueName\":\"search_term_string\"}}],\"inLanguage\":\"fr-FR\"},{\"@type\":\"Organization\",\"@id\":\"https:\\\/\\\/www.organisator.ch\\\/#organization\",\"name\":\"Organisator\",\"url\":\"https:\\\/\\\/www.organisator.ch\\\/\",\"logo\":{\"@type\":\"ImageObject\",\"inLanguage\":\"fr-FR\",\"@id\":\"https:\\\/\\\/www.organisator.ch\\\/#\\\/schema\\\/logo\\\/image\\\/\",\"url\":\"https:\\\/\\\/www.organisator.ch\\\/wp-content\\\/uploads\\\/2022\\\/01\\\/Logo_Organisator_Website.png\",\"contentUrl\":\"https:\\\/\\\/www.organisator.ch\\\/wp-content\\\/uploads\\\/2022\\\/01\\\/Logo_Organisator_Website.png\",\"width\":800,\"height\":77,\"caption\":\"Organisator\"},\"image\":{\"@id\":\"https:\\\/\\\/www.organisator.ch\\\/#\\\/schema\\\/logo\\\/image\\\/\"},\"sameAs\":[\"https:\\\/\\\/www.facebook.com\\\/OrganisatorFachmagazin\",\"https:\\\/\\\/www.linkedin.com\\\/showcase\\\/organisator-das-magazin-fr-kmu\",\"https:\\\/\\\/www.xing.com\\\/news\\\/pages\\\/organisator-ch-695\",\"https:\\\/\\\/www.youtube.com\\\/channel\\\/UCGP2Sq0iWaZwT3BdIAQFYpw\"]},{\"@type\":\"Person\",\"@id\":\"https:\\\/\\\/www.organisator.ch\\\/#\\\/schema\\\/person\\\/4e51799071cd2dd1232ac003643ef5f0\",\"name\":\"galledia\",\"image\":{\"@type\":\"ImageObject\",\"inLanguage\":\"fr-FR\",\"@id\":\"https:\\\/\\\/secure.gravatar.com\\\/avatar\\\/78a7f90c01fc2bfc875782a0d4922b37cde2cf184ce347b91316d23cd7f69a36?s=96&d=mm&r=g\",\"url\":\"https:\\\/\\\/secure.gravatar.com\\\/avatar\\\/78a7f90c01fc2bfc875782a0d4922b37cde2cf184ce347b91316d23cd7f69a36?s=96&d=mm&r=g\",\"contentUrl\":\"https:\\\/\\\/secure.gravatar.com\\\/avatar\\\/78a7f90c01fc2bfc875782a0d4922b37cde2cf184ce347b91316d23cd7f69a36?s=96&d=mm&r=g\",\"caption\":\"galledia\"},\"sameAs\":[\"https:\\\/\\\/x.com\\\/admin\"],\"url\":\"https:\\\/\\\/www.organisator.ch\\\/fr\\\/author\\\/galledia\\\/\"}]}<\/script>\n<!-- \/ Yoast SEO plugin. -->","yoast_head_json":{"title":"Les applications d'IA bas\u00e9es sur le cloud et le danger de l'IA fant\u00f4me - Organisateur","description":"L'expansion rapide de l'IA bas\u00e9e sur le cloud r\u00e9volutionne les entreprises, mais elle rec\u00e8le un danger sous-estim\u00e9 : l'\"IA de l'ombre\".","robots":{"index":"index","follow":"follow","max-snippet":"max-snippet:-1","max-image-preview":"max-image-preview:large","max-video-preview":"max-video-preview:-1"},"canonical":"https:\/\/www.organisator.ch\/fr\/excellence-operationnelle\/2025-07-14\/cloudbasierte-ki-anwendungen-und-die-gefahr-der-schatten-ki\/","og_locale":"fr_FR","og_type":"article","og_title":"Cloudbasierte KI-Anwendungen und die Gefahr der Schatten-KI - Organisator","og_description":"Die rasante Verbreitung cloudbasierter KI revolutioniert Unternehmen, birgt aber eine untersch\u00e4tzte Gefahr: die \u201eSchatten-KI\u201c.","og_url":"https:\/\/www.organisator.ch\/fr\/excellence-operationnelle\/2025-07-14\/cloudbasierte-ki-anwendungen-und-die-gefahr-der-schatten-ki\/","og_site_name":"Organisator","article_publisher":"https:\/\/www.facebook.com\/OrganisatorFachmagazin","article_published_time":"2025-07-14T07:11:53+00:00","author":"galledia","twitter_card":"summary_large_image","twitter_creator":"@admin","schema":{"@context":"https:\/\/schema.org","@graph":[{"@type":"Article","@id":"https:\/\/www.organisator.ch\/operational-excellence\/2025-07-14\/cloudbasierte-ki-anwendungen-und-die-gefahr-der-schatten-ki\/#article","isPartOf":{"@id":"https:\/\/www.organisator.ch\/operational-excellence\/2025-07-14\/cloudbasierte-ki-anwendungen-und-die-gefahr-der-schatten-ki\/"},"author":{"name":"galledia","@id":"https:\/\/www.organisator.ch\/#\/schema\/person\/4e51799071cd2dd1232ac003643ef5f0"},"headline":"Cloudbasierte KI-Anwendungen und die Gefahr der Schatten-KI","datePublished":"2025-07-14T07:11:53+00:00","mainEntityOfPage":{"@id":"https:\/\/www.organisator.ch\/operational-excellence\/2025-07-14\/cloudbasierte-ki-anwendungen-und-die-gefahr-der-schatten-ki\/"},"wordCount":657,"publisher":{"@id":"https:\/\/www.organisator.ch\/#organization"},"image":{"@id":"https:\/\/www.organisator.ch\/operational-excellence\/2025-07-14\/cloudbasierte-ki-anwendungen-und-die-gefahr-der-schatten-ki\/#primaryimage"},"thumbnailUrl":"https:\/\/www.m-q.ch\/wp-content\/uploads\/2025\/07\/Cloudbasierte-KI-Anwendungen-und-die-Gefahr-der-Schatten-KI_MQ.jpg","keywords":["Cloud Computing","K\u00fcnstliche Intelligenz","Risikomanagement"],"articleSection":["OPERATIONAL EXCELLENCE"],"inLanguage":"fr-FR"},{"@type":"WebPage","@id":"https:\/\/www.organisator.ch\/operational-excellence\/2025-07-14\/cloudbasierte-ki-anwendungen-und-die-gefahr-der-schatten-ki\/","url":"https:\/\/www.organisator.ch\/operational-excellence\/2025-07-14\/cloudbasierte-ki-anwendungen-und-die-gefahr-der-schatten-ki\/","name":"Les applications d'IA bas\u00e9es sur le cloud et le danger de l'IA fant\u00f4me - Organisateur","isPartOf":{"@id":"https:\/\/www.organisator.ch\/#website"},"primaryImageOfPage":{"@id":"https:\/\/www.organisator.ch\/operational-excellence\/2025-07-14\/cloudbasierte-ki-anwendungen-und-die-gefahr-der-schatten-ki\/#primaryimage"},"image":{"@id":"https:\/\/www.organisator.ch\/operational-excellence\/2025-07-14\/cloudbasierte-ki-anwendungen-und-die-gefahr-der-schatten-ki\/#primaryimage"},"thumbnailUrl":"https:\/\/www.m-q.ch\/wp-content\/uploads\/2025\/07\/Cloudbasierte-KI-Anwendungen-und-die-Gefahr-der-Schatten-KI_MQ.jpg","datePublished":"2025-07-14T07:11:53+00:00","description":"L'expansion rapide de l'IA bas\u00e9e sur le cloud r\u00e9volutionne les entreprises, mais elle rec\u00e8le un danger sous-estim\u00e9 : l'\"IA de l'ombre\".","breadcrumb":{"@id":"https:\/\/www.organisator.ch\/operational-excellence\/2025-07-14\/cloudbasierte-ki-anwendungen-und-die-gefahr-der-schatten-ki\/#breadcrumb"},"inLanguage":"fr-FR","potentialAction":[{"@type":"ReadAction","target":["https:\/\/www.organisator.ch\/operational-excellence\/2025-07-14\/cloudbasierte-ki-anwendungen-und-die-gefahr-der-schatten-ki\/"]}]},{"@type":"ImageObject","inLanguage":"fr-FR","@id":"https:\/\/www.organisator.ch\/operational-excellence\/2025-07-14\/cloudbasierte-ki-anwendungen-und-die-gefahr-der-schatten-ki\/#primaryimage","url":"https:\/\/www.m-q.ch\/wp-content\/uploads\/2025\/07\/Cloudbasierte-KI-Anwendungen-und-die-Gefahr-der-Schatten-KI_MQ.jpg","contentUrl":"https:\/\/www.m-q.ch\/wp-content\/uploads\/2025\/07\/Cloudbasierte-KI-Anwendungen-und-die-Gefahr-der-Schatten-KI_MQ.jpg"},{"@type":"BreadcrumbList","@id":"https:\/\/www.organisator.ch\/operational-excellence\/2025-07-14\/cloudbasierte-ki-anwendungen-und-die-gefahr-der-schatten-ki\/#breadcrumb","itemListElement":[{"@type":"ListItem","position":1,"name":"Home","item":"https:\/\/www.organisator.ch\/"},{"@type":"ListItem","position":2,"name":"Cloudbasierte KI-Anwendungen und die Gefahr der Schatten-KI"}]},{"@type":"WebSite","@id":"https:\/\/www.organisator.ch\/#website","url":"https:\/\/www.organisator.ch\/","name":"Organisateur","description":"Comp\u00e9tence et comp\u00e9tence. Proches de la pratique. L'ORGANISATEUR pr\u00e9pare 10 num\u00e9ros par an sur les th\u00e8mes essentiels pour les dirigeants de PME.","publisher":{"@id":"https:\/\/www.organisator.ch\/#organization"},"potentialAction":[{"@type":"SearchAction","target":{"@type":"EntryPoint","urlTemplate":"https:\/\/www.organisator.ch\/?s={search_term_string}"},"query-input":{"@type":"PropertyValueSpecification","valueRequired":true,"valueName":"search_term_string"}}],"inLanguage":"fr-FR"},{"@type":"Organization","@id":"https:\/\/www.organisator.ch\/#organization","name":"Organisateur","url":"https:\/\/www.organisator.ch\/","logo":{"@type":"ImageObject","inLanguage":"fr-FR","@id":"https:\/\/www.organisator.ch\/#\/schema\/logo\/image\/","url":"https:\/\/www.organisator.ch\/wp-content\/uploads\/2022\/01\/Logo_Organisator_Website.png","contentUrl":"https:\/\/www.organisator.ch\/wp-content\/uploads\/2022\/01\/Logo_Organisator_Website.png","width":800,"height":77,"caption":"Organisator"},"image":{"@id":"https:\/\/www.organisator.ch\/#\/schema\/logo\/image\/"},"sameAs":["https:\/\/www.facebook.com\/OrganisatorFachmagazin","https:\/\/www.linkedin.com\/showcase\/organisator-das-magazin-fr-kmu","https:\/\/www.xing.com\/news\/pages\/organisator-ch-695","https:\/\/www.youtube.com\/channel\/UCGP2Sq0iWaZwT3BdIAQFYpw"]},{"@type":"Person","@id":"https:\/\/www.organisator.ch\/#\/schema\/person\/4e51799071cd2dd1232ac003643ef5f0","name":"galledia","image":{"@type":"ImageObject","inLanguage":"fr-FR","@id":"https:\/\/secure.gravatar.com\/avatar\/78a7f90c01fc2bfc875782a0d4922b37cde2cf184ce347b91316d23cd7f69a36?s=96&d=mm&r=g","url":"https:\/\/secure.gravatar.com\/avatar\/78a7f90c01fc2bfc875782a0d4922b37cde2cf184ce347b91316d23cd7f69a36?s=96&d=mm&r=g","contentUrl":"https:\/\/secure.gravatar.com\/avatar\/78a7f90c01fc2bfc875782a0d4922b37cde2cf184ce347b91316d23cd7f69a36?s=96&d=mm&r=g","caption":"galledia"},"sameAs":["https:\/\/x.com\/admin"],"url":"https:\/\/www.organisator.ch\/fr\/author\/galledia\/"}]}},"_links":{"self":[{"href":"https:\/\/www.organisator.ch\/fr\/wp-json\/wp\/v2\/posts\/39558","targetHints":{"allow":["GET"]}}],"collection":[{"href":"https:\/\/www.organisator.ch\/fr\/wp-json\/wp\/v2\/posts"}],"about":[{"href":"https:\/\/www.organisator.ch\/fr\/wp-json\/wp\/v2\/types\/post"}],"author":[{"embeddable":true,"href":"https:\/\/www.organisator.ch\/fr\/wp-json\/wp\/v2\/users\/8"}],"replies":[{"embeddable":true,"href":"https:\/\/www.organisator.ch\/fr\/wp-json\/wp\/v2\/comments?post=39558"}],"version-history":[{"count":7,"href":"https:\/\/www.organisator.ch\/fr\/wp-json\/wp\/v2\/posts\/39558\/revisions"}],"predecessor-version":[{"id":39583,"href":"https:\/\/www.organisator.ch\/fr\/wp-json\/wp\/v2\/posts\/39558\/revisions\/39583"}],"wp:attachment":[{"href":"https:\/\/www.organisator.ch\/fr\/wp-json\/wp\/v2\/media?parent=39558"}],"wp:term":[{"taxonomy":"category","embeddable":true,"href":"https:\/\/www.organisator.ch\/fr\/wp-json\/wp\/v2\/categories?post=39558"},{"taxonomy":"post_tag","embeddable":true,"href":"https:\/\/www.organisator.ch\/fr\/wp-json\/wp\/v2\/tags?post=39558"}],"curies":[{"name":"wp","href":"https:\/\/api.w.org\/{rel}","templated":true}]}}