{"id":39590,"date":"2025-07-16T05:07:46","date_gmt":"2025-07-16T03:07:46","guid":{"rendered":"https:\/\/www.m-q.ch\/?p=21689"},"modified":"2025-07-15T18:23:30","modified_gmt":"2025-07-15T16:23:30","slug":"schweizer-pensionszusagen-verfuegen-weiterhin-ueber-hohe-deckung","status":"publish","type":"post","link":"https:\/\/www.organisator.ch\/fr\/operational-excellence\/2025-07-16\/schweizer-pensionszusagen-verfuegen-weiterhin-ueber-hohe-deckung\/","title":{"rendered":"Les engagements de pension suisses continuent de b\u00e9n\u00e9ficier d'une couverture \u00e9lev\u00e9e"},"content":{"rendered":"<figure id=\"attachment_21690\" class=\"wp-caption alignnone\" style=\"width: 680px;\" aria-describedby=\"caption-attachment-21690\"><img class=\"size-full wp-image-21690\" src=\"https:\/\/www.m-q.ch\/wp-content\/uploads\/2025\/07\/Schweizer-Pensionszusagen-verfuegen-weiterhin-ueber-hohe-Deckung_MQ.png\" sizes=\"(max-width: 680px) 100vw, 680px\" srcset=\"https:\/\/www.m-q.ch\/wp-content\/uploads\/2025\/07\/Schweizer-Pensionszusagen-verfuegen-weiterhin-ueber-hohe-Deckung_MQ.png 680w, https:\/\/www.m-q.ch\/wp-content\/uploads\/2025\/07\/Schweizer-Pensionszusagen-verfuegen-weiterhin-ueber-hohe-Deckung_MQ-18x12.png 18w, https:\/\/www.m-q.ch\/wp-content\/uploads\/2025\/07\/Schweizer-Pensionszusagen-verfuegen-weiterhin-ueber-hohe-Deckung_MQ-375x232.png 375w, https:\/\/www.m-q.ch\/wp-content\/uploads\/2025\/07\/Schweizer-Pensionszusagen-verfuegen-weiterhin-ueber-hohe-Deckung_MQ-567x350.png 567w\" alt=\"\" width=\"680\" height=\"420\" \/>\r\n<figcaption id=\"caption-attachment-21690\" class=\"wp-caption-text\">source : WTW<\/figcaption>\r\n<\/figure>\r\n<p>Selon le WTW Swiss Pension Finance Watch pour le deuxi\u00e8me trimestre 2025, les engagements de pension suisses disposent toujours d'une couverture \u00e9lev\u00e9e malgr\u00e9 un recul au deuxi\u00e8me trimestre et une volatilit\u00e9 globale. Les actifs sont rest\u00e9s globalement inchang\u00e9s au deuxi\u00e8me trimestre 2025, tandis que les engagements ont augment\u00e9 de 1,0 % en raison d'une l\u00e9g\u00e8re baisse des taux d'actualisation. En cons\u00e9quence, le taux de couverture (c'est-\u00e0-dire le rapport entre les actifs de pension et les obligations de pension) s'est d\u00e9t\u00e9rior\u00e9 de 1,3% au deuxi\u00e8me trimestre, comme le montre l'indice de pension WTW. Il est pass\u00e9 de 125,5 % au 31 mars 2025 \u00e0 124,2 % au 30 juin 2025.<\/p>\r\n<p>Les obligations d'entreprises ont \u00e9t\u00e9 volatiles au deuxi\u00e8me trimestre, mais finalement, le taux d'actualisation n'a que peu \u00e9volu\u00e9 sur le trimestre, diminuant de 3 points de base. Cela n'a eu qu'un impact modeste sur les engagements de pension dans les bilans des entreprises. Les march\u00e9s des placements ont \u00e9galement \u00e9t\u00e9 volatils au cours du trimestre, les cat\u00e9gories d'actifs typiques des fonds de pension ayant baiss\u00e9 d'environ 5 % au cours de la premi\u00e8re semaine du deuxi\u00e8me trimestre, avant de se redresser et de terminer le trimestre pratiquement sans changement.<\/p>\r\n<h3><strong>R\u00e9silience malgr\u00e9 les vents contraires : les caisses de pension suisses restent financi\u00e8rement stables<\/strong><\/h3>\r\n<p>Apr\u00e8s une forte hausse au premier trimestre 2025 et une l\u00e9g\u00e8re baisse au deuxi\u00e8me trimestre 2025, le taux d'actualisation s'est stabilis\u00e9 \u00e0 environ 1,20 %.<\/p>\r\n<p>\"Les caisses de pension suisses continuent d'afficher des positions financi\u00e8res solides. La r\u00e9silience g\u00e9n\u00e9rale du syst\u00e8me continue d'\u00eatre soutenue par des strat\u00e9gies de placement \u00e9prouv\u00e9es et une gestion des risques minutieuse. Cette derni\u00e8re se caract\u00e9rise par des ajustements opportuns de param\u00e8tres tels que les taux de conversion et le taux d'int\u00e9r\u00eat technique au cours des cinq \u00e0 dix derni\u00e8res ann\u00e9es. En moyenne, les r\u00e9serves de fluctuation de valeur continuent d'\u00eatre presque enti\u00e8rement couvertes et constituent un pr\u00e9cieux tampon contre d'\u00e9ventuelles futures volatilit\u00e9s du march\u00e9\", commente Adam Casey, Head of Corporate Retirement Consulting chez WTW \u00e0 Zurich.<\/p>\r\n<h3><strong>Transfert possible vers des placements \u00e0 plus haut risque <\/strong><\/h3>\r\n<p>En juin, la Banque nationale suisse a abaiss\u00e9 son taux directeur \u00e0 0,00 %. La Banque centrale europ\u00e9enne a suivi en r\u00e9duisant son taux directeur de 25 points de base \u00e0 2,00 %. En revanche, la R\u00e9serve f\u00e9d\u00e9rale am\u00e9ricaine (FED) a maintenu son taux directeur inchang\u00e9, entre 4,25 et 4,50 %, bien que les march\u00e9s continuent de s'attendre \u00e0 de nouvelles baisses de taux dans le courant de l'ann\u00e9e.<\/p>\r\n<p>La premi\u00e8re partie de l'ann\u00e9e a \u00e9t\u00e9 marqu\u00e9e par la mont\u00e9e des tensions g\u00e9opolitiques, y compris les diff\u00e9rends commerciaux, les conflits au Moyen-Orient et les frictions croissantes entre les \u00c9tats-Unis et la Chine. Ces \u00e9volutions ont entra\u00een\u00e9 une importante volatilit\u00e9 des march\u00e9s au premier trimestre, la r\u00e9cente hausse des prix du p\u00e9trole et des mati\u00e8res premi\u00e8res refl\u00e9tant l'incertitude qui pr\u00e9vaut. Ces tendances se sont poursuivies au deuxi\u00e8me trimestre, au cours duquel les \u00c9tats-Unis ont annonc\u00e9 des hausses importantes des droits de douane, ce qui a provoqu\u00e9 de fortes fluctuations sur les march\u00e9s. Les march\u00e9s boursiers se sont toutefois sensiblement redress\u00e9s en juin.<\/p>\r\n<p>\"Dans un contexte d'incertitudes persistantes, de nombreux investisseurs institutionnels tels que les caisses de pension se sont de plus en plus tourn\u00e9s vers des placements alternatifs tels que le private equity, les infrastructures et les actifs r\u00e9els - une strat\u00e9gie qui vise \u00e0 diversifier et \u00e0 r\u00e9duire les risques, en particulier face \u00e0 la baisse des rendements obligataires. En cons\u00e9quence, nous conseillons aux caisses de pension de revoir leur allocation strat\u00e9gique d'actifs et, le cas \u00e9ch\u00e9ant, de remplacer les investissements traditionnels en obligations par d'autres instruments obligataires\", explique Alexandra Tischendorf, responsable des investissements chez WTW Suisse. \"Un portefeuille fortement diversifi\u00e9 avec une exposition au risque \u00e9quilibr\u00e9e par rapport aux diff\u00e9rents secteurs \u00e9conomiques reste important\", poursuit-elle.<\/p>\r\n<p><em>Source : <a href=\"https:\/\/www.wtwco.com\/de-ch\">WTW<\/a><\/em><\/p>\n<p class=\"syndicated-attribution\">Cet article est paru initialement sur m-q.ch - <a href=\"https:\/\/www.m-q.ch\/de\/schweizer-pensionszusagen-verfuegen-weiterhin-ueber-hohe-deckung\/\" target=\"_blank\">https:\/\/www.m-q.ch\/de\/schweizer-pensionszusagen-verfuegen-weiterhin-ueber-hohe-deckung\/<\/a><\/p>","protected":false},"excerpt":{"rendered":"<p>Apr\u00e8s un fort premier trimestre 2025, le refinancement des promesses de retraite suisses dans les bilans des entreprises a l\u00e9g\u00e8rement recul\u00e9 au deuxi\u00e8me trimestre 2025. Selon le WTW Pension Index, le taux de couverture a baiss\u00e9 de 1,3 point de pourcentage pour atteindre 124,2 %.<\/p>","protected":false},"author":8,"featured_media":0,"comment_status":"closed","ping_status":"closed","sticky":false,"template":"","format":"standard","meta":{"_acf_changed":false,"_yoast_wpseo_focuskw":"Pensionszusagen","_yoast_wpseo_metadesc":"Schweizer Pensionszusagen verf\u00fcgen weiterhin \u00fcber hohe Deckung. Dies zeigt eine Erhebung von WTW f\u00fcr das zweite Quartal 2025.","articlekey":"","footnotes":""},"categories":[582],"tags":[103,201,377,418],"class_list":["post-39590","post","type-post","status-publish","format-standard","hentry","category-operational-excellence","tag-business-excellence","tag-finanzen","tag-pensionskassen","tag-risikomanagement"],"acf":[],"yoast_head":"<!-- This site is optimized with the Yoast SEO plugin v27.5 - https:\/\/yoast.com\/product\/yoast-seo-wordpress\/ -->\n<title>Schweizer Pensionszusagen verf\u00fcgen weiterhin \u00fcber hohe Deckung - Organisator<\/title>\n<meta name=\"description\" content=\"Schweizer Pensionszusagen verf\u00fcgen weiterhin \u00fcber hohe Deckung. Dies zeigt eine Erhebung von WTW f\u00fcr das zweite Quartal 2025.\" \/>\n<meta name=\"robots\" content=\"index, follow, max-snippet:-1, max-image-preview:large, max-video-preview:-1\" \/>\n<link rel=\"canonical\" href=\"https:\/\/www.organisator.ch\/fr\/excellence-operationnelle\/2025-07-16\/schweizer-pensionszusagen-verfuegen-weiterhin-ueber-hohe-deckung\/\" \/>\n<meta property=\"og:locale\" content=\"fr_FR\" \/>\n<meta property=\"og:type\" content=\"article\" \/>\n<meta property=\"og:title\" content=\"Schweizer Pensionszusagen verf\u00fcgen weiterhin \u00fcber hohe Deckung - Organisator\" \/>\n<meta property=\"og:description\" content=\"Schweizer Pensionszusagen verf\u00fcgen weiterhin \u00fcber hohe Deckung. Dies zeigt eine Erhebung von WTW f\u00fcr das zweite Quartal 2025.\" \/>\n<meta property=\"og:url\" content=\"https:\/\/www.organisator.ch\/fr\/excellence-operationnelle\/2025-07-16\/schweizer-pensionszusagen-verfuegen-weiterhin-ueber-hohe-deckung\/\" \/>\n<meta property=\"og:site_name\" content=\"Organisator\" \/>\n<meta property=\"article:publisher\" content=\"https:\/\/www.facebook.com\/OrganisatorFachmagazin\" \/>\n<meta property=\"article:published_time\" content=\"2025-07-16T03:07:46+00:00\" \/>\n<meta name=\"author\" content=\"galledia\" \/>\n<meta name=\"twitter:card\" content=\"summary_large_image\" \/>\n<meta name=\"twitter:creator\" content=\"@admin\" \/>\n<script type=\"application\/ld+json\" class=\"yoast-schema-graph\">{\"@context\":\"https:\\\/\\\/schema.org\",\"@graph\":[{\"@type\":\"Article\",\"@id\":\"https:\\\/\\\/www.organisator.ch\\\/operational-excellence\\\/2025-07-16\\\/schweizer-pensionszusagen-verfuegen-weiterhin-ueber-hohe-deckung\\\/#article\",\"isPartOf\":{\"@id\":\"https:\\\/\\\/www.organisator.ch\\\/operational-excellence\\\/2025-07-16\\\/schweizer-pensionszusagen-verfuegen-weiterhin-ueber-hohe-deckung\\\/\"},\"author\":{\"name\":\"galledia\",\"@id\":\"https:\\\/\\\/www.organisator.ch\\\/#\\\/schema\\\/person\\\/4e51799071cd2dd1232ac003643ef5f0\"},\"headline\":\"Schweizer Pensionszusagen verf\u00fcgen weiterhin \u00fcber hohe Deckung\",\"datePublished\":\"2025-07-16T03:07:46+00:00\",\"mainEntityOfPage\":{\"@id\":\"https:\\\/\\\/www.organisator.ch\\\/operational-excellence\\\/2025-07-16\\\/schweizer-pensionszusagen-verfuegen-weiterhin-ueber-hohe-deckung\\\/\"},\"wordCount\":515,\"publisher\":{\"@id\":\"https:\\\/\\\/www.organisator.ch\\\/#organization\"},\"image\":{\"@id\":\"https:\\\/\\\/www.organisator.ch\\\/operational-excellence\\\/2025-07-16\\\/schweizer-pensionszusagen-verfuegen-weiterhin-ueber-hohe-deckung\\\/#primaryimage\"},\"thumbnailUrl\":\"https:\\\/\\\/www.m-q.ch\\\/wp-content\\\/uploads\\\/2025\\\/07\\\/Schweizer-Pensionszusagen-verfuegen-weiterhin-ueber-hohe-Deckung_MQ.png\",\"keywords\":[\"Business Excellence\",\"Finanzen\",\"Pensionskassen\",\"Risikomanagement\"],\"articleSection\":[\"OPERATIONAL EXCELLENCE\"],\"inLanguage\":\"fr-FR\"},{\"@type\":\"WebPage\",\"@id\":\"https:\\\/\\\/www.organisator.ch\\\/operational-excellence\\\/2025-07-16\\\/schweizer-pensionszusagen-verfuegen-weiterhin-ueber-hohe-deckung\\\/\",\"url\":\"https:\\\/\\\/www.organisator.ch\\\/operational-excellence\\\/2025-07-16\\\/schweizer-pensionszusagen-verfuegen-weiterhin-ueber-hohe-deckung\\\/\",\"name\":\"Schweizer Pensionszusagen verf\u00fcgen weiterhin \u00fcber hohe Deckung - Organisator\",\"isPartOf\":{\"@id\":\"https:\\\/\\\/www.organisator.ch\\\/#website\"},\"primaryImageOfPage\":{\"@id\":\"https:\\\/\\\/www.organisator.ch\\\/operational-excellence\\\/2025-07-16\\\/schweizer-pensionszusagen-verfuegen-weiterhin-ueber-hohe-deckung\\\/#primaryimage\"},\"image\":{\"@id\":\"https:\\\/\\\/www.organisator.ch\\\/operational-excellence\\\/2025-07-16\\\/schweizer-pensionszusagen-verfuegen-weiterhin-ueber-hohe-deckung\\\/#primaryimage\"},\"thumbnailUrl\":\"https:\\\/\\\/www.m-q.ch\\\/wp-content\\\/uploads\\\/2025\\\/07\\\/Schweizer-Pensionszusagen-verfuegen-weiterhin-ueber-hohe-Deckung_MQ.png\",\"datePublished\":\"2025-07-16T03:07:46+00:00\",\"description\":\"Schweizer Pensionszusagen verf\u00fcgen weiterhin \u00fcber hohe Deckung. Dies zeigt eine Erhebung von WTW f\u00fcr das zweite Quartal 2025.\",\"breadcrumb\":{\"@id\":\"https:\\\/\\\/www.organisator.ch\\\/operational-excellence\\\/2025-07-16\\\/schweizer-pensionszusagen-verfuegen-weiterhin-ueber-hohe-deckung\\\/#breadcrumb\"},\"inLanguage\":\"fr-FR\",\"potentialAction\":[{\"@type\":\"ReadAction\",\"target\":[\"https:\\\/\\\/www.organisator.ch\\\/operational-excellence\\\/2025-07-16\\\/schweizer-pensionszusagen-verfuegen-weiterhin-ueber-hohe-deckung\\\/\"]}]},{\"@type\":\"ImageObject\",\"inLanguage\":\"fr-FR\",\"@id\":\"https:\\\/\\\/www.organisator.ch\\\/operational-excellence\\\/2025-07-16\\\/schweizer-pensionszusagen-verfuegen-weiterhin-ueber-hohe-deckung\\\/#primaryimage\",\"url\":\"https:\\\/\\\/www.m-q.ch\\\/wp-content\\\/uploads\\\/2025\\\/07\\\/Schweizer-Pensionszusagen-verfuegen-weiterhin-ueber-hohe-Deckung_MQ.png\",\"contentUrl\":\"https:\\\/\\\/www.m-q.ch\\\/wp-content\\\/uploads\\\/2025\\\/07\\\/Schweizer-Pensionszusagen-verfuegen-weiterhin-ueber-hohe-Deckung_MQ.png\"},{\"@type\":\"BreadcrumbList\",\"@id\":\"https:\\\/\\\/www.organisator.ch\\\/operational-excellence\\\/2025-07-16\\\/schweizer-pensionszusagen-verfuegen-weiterhin-ueber-hohe-deckung\\\/#breadcrumb\",\"itemListElement\":[{\"@type\":\"ListItem\",\"position\":1,\"name\":\"Home\",\"item\":\"https:\\\/\\\/www.organisator.ch\\\/\"},{\"@type\":\"ListItem\",\"position\":2,\"name\":\"Schweizer Pensionszusagen verf\u00fcgen weiterhin \u00fcber hohe Deckung\"}]},{\"@type\":\"WebSite\",\"@id\":\"https:\\\/\\\/www.organisator.ch\\\/#website\",\"url\":\"https:\\\/\\\/www.organisator.ch\\\/\",\"name\":\"Organisator\",\"description\":\"Kompetent. Praxisnah. Der ORGANISATOR bereitet in 10 Ausgaben pro Jahr die wesentlichen Themen f\u00fcr F\u00fchrungskr\u00e4fte von KMU auf.\",\"publisher\":{\"@id\":\"https:\\\/\\\/www.organisator.ch\\\/#organization\"},\"potentialAction\":[{\"@type\":\"SearchAction\",\"target\":{\"@type\":\"EntryPoint\",\"urlTemplate\":\"https:\\\/\\\/www.organisator.ch\\\/?s={search_term_string}\"},\"query-input\":{\"@type\":\"PropertyValueSpecification\",\"valueRequired\":true,\"valueName\":\"search_term_string\"}}],\"inLanguage\":\"fr-FR\"},{\"@type\":\"Organization\",\"@id\":\"https:\\\/\\\/www.organisator.ch\\\/#organization\",\"name\":\"Organisator\",\"url\":\"https:\\\/\\\/www.organisator.ch\\\/\",\"logo\":{\"@type\":\"ImageObject\",\"inLanguage\":\"fr-FR\",\"@id\":\"https:\\\/\\\/www.organisator.ch\\\/#\\\/schema\\\/logo\\\/image\\\/\",\"url\":\"https:\\\/\\\/www.organisator.ch\\\/wp-content\\\/uploads\\\/2022\\\/01\\\/Logo_Organisator_Website.png\",\"contentUrl\":\"https:\\\/\\\/www.organisator.ch\\\/wp-content\\\/uploads\\\/2022\\\/01\\\/Logo_Organisator_Website.png\",\"width\":800,\"height\":77,\"caption\":\"Organisator\"},\"image\":{\"@id\":\"https:\\\/\\\/www.organisator.ch\\\/#\\\/schema\\\/logo\\\/image\\\/\"},\"sameAs\":[\"https:\\\/\\\/www.facebook.com\\\/OrganisatorFachmagazin\",\"https:\\\/\\\/www.linkedin.com\\\/showcase\\\/organisator-das-magazin-fr-kmu\",\"https:\\\/\\\/www.xing.com\\\/news\\\/pages\\\/organisator-ch-695\",\"https:\\\/\\\/www.youtube.com\\\/channel\\\/UCGP2Sq0iWaZwT3BdIAQFYpw\"]},{\"@type\":\"Person\",\"@id\":\"https:\\\/\\\/www.organisator.ch\\\/#\\\/schema\\\/person\\\/4e51799071cd2dd1232ac003643ef5f0\",\"name\":\"galledia\",\"image\":{\"@type\":\"ImageObject\",\"inLanguage\":\"fr-FR\",\"@id\":\"https:\\\/\\\/secure.gravatar.com\\\/avatar\\\/78a7f90c01fc2bfc875782a0d4922b37cde2cf184ce347b91316d23cd7f69a36?s=96&d=mm&r=g\",\"url\":\"https:\\\/\\\/secure.gravatar.com\\\/avatar\\\/78a7f90c01fc2bfc875782a0d4922b37cde2cf184ce347b91316d23cd7f69a36?s=96&d=mm&r=g\",\"contentUrl\":\"https:\\\/\\\/secure.gravatar.com\\\/avatar\\\/78a7f90c01fc2bfc875782a0d4922b37cde2cf184ce347b91316d23cd7f69a36?s=96&d=mm&r=g\",\"caption\":\"galledia\"},\"sameAs\":[\"https:\\\/\\\/x.com\\\/admin\"],\"url\":\"https:\\\/\\\/www.organisator.ch\\\/fr\\\/author\\\/galledia\\\/\"}]}<\/script>\n<!-- \/ Yoast SEO plugin. -->","yoast_head_json":{"title":"Les engagements de pension suisses disposent toujours d'une couverture \u00e9lev\u00e9e - Organisateur","description":"Les promesses de pension suisses disposent toujours d'une couverture \u00e9lev\u00e9e. C'est ce que montre une enqu\u00eate de WTW pour le deuxi\u00e8me trimestre 2025.","robots":{"index":"index","follow":"follow","max-snippet":"max-snippet:-1","max-image-preview":"max-image-preview:large","max-video-preview":"max-video-preview:-1"},"canonical":"https:\/\/www.organisator.ch\/fr\/excellence-operationnelle\/2025-07-16\/schweizer-pensionszusagen-verfuegen-weiterhin-ueber-hohe-deckung\/","og_locale":"fr_FR","og_type":"article","og_title":"Schweizer Pensionszusagen verf\u00fcgen weiterhin \u00fcber hohe Deckung - Organisator","og_description":"Schweizer Pensionszusagen verf\u00fcgen weiterhin \u00fcber hohe Deckung. Dies zeigt eine Erhebung von WTW f\u00fcr das zweite Quartal 2025.","og_url":"https:\/\/www.organisator.ch\/fr\/excellence-operationnelle\/2025-07-16\/schweizer-pensionszusagen-verfuegen-weiterhin-ueber-hohe-deckung\/","og_site_name":"Organisator","article_publisher":"https:\/\/www.facebook.com\/OrganisatorFachmagazin","article_published_time":"2025-07-16T03:07:46+00:00","author":"galledia","twitter_card":"summary_large_image","twitter_creator":"@admin","schema":{"@context":"https:\/\/schema.org","@graph":[{"@type":"Article","@id":"https:\/\/www.organisator.ch\/operational-excellence\/2025-07-16\/schweizer-pensionszusagen-verfuegen-weiterhin-ueber-hohe-deckung\/#article","isPartOf":{"@id":"https:\/\/www.organisator.ch\/operational-excellence\/2025-07-16\/schweizer-pensionszusagen-verfuegen-weiterhin-ueber-hohe-deckung\/"},"author":{"name":"galledia","@id":"https:\/\/www.organisator.ch\/#\/schema\/person\/4e51799071cd2dd1232ac003643ef5f0"},"headline":"Schweizer Pensionszusagen verf\u00fcgen weiterhin \u00fcber hohe Deckung","datePublished":"2025-07-16T03:07:46+00:00","mainEntityOfPage":{"@id":"https:\/\/www.organisator.ch\/operational-excellence\/2025-07-16\/schweizer-pensionszusagen-verfuegen-weiterhin-ueber-hohe-deckung\/"},"wordCount":515,"publisher":{"@id":"https:\/\/www.organisator.ch\/#organization"},"image":{"@id":"https:\/\/www.organisator.ch\/operational-excellence\/2025-07-16\/schweizer-pensionszusagen-verfuegen-weiterhin-ueber-hohe-deckung\/#primaryimage"},"thumbnailUrl":"https:\/\/www.m-q.ch\/wp-content\/uploads\/2025\/07\/Schweizer-Pensionszusagen-verfuegen-weiterhin-ueber-hohe-Deckung_MQ.png","keywords":["Business Excellence","Finanzen","Pensionskassen","Risikomanagement"],"articleSection":["OPERATIONAL EXCELLENCE"],"inLanguage":"fr-FR"},{"@type":"WebPage","@id":"https:\/\/www.organisator.ch\/operational-excellence\/2025-07-16\/schweizer-pensionszusagen-verfuegen-weiterhin-ueber-hohe-deckung\/","url":"https:\/\/www.organisator.ch\/operational-excellence\/2025-07-16\/schweizer-pensionszusagen-verfuegen-weiterhin-ueber-hohe-deckung\/","name":"Les engagements de pension suisses disposent toujours d'une couverture \u00e9lev\u00e9e - Organisateur","isPartOf":{"@id":"https:\/\/www.organisator.ch\/#website"},"primaryImageOfPage":{"@id":"https:\/\/www.organisator.ch\/operational-excellence\/2025-07-16\/schweizer-pensionszusagen-verfuegen-weiterhin-ueber-hohe-deckung\/#primaryimage"},"image":{"@id":"https:\/\/www.organisator.ch\/operational-excellence\/2025-07-16\/schweizer-pensionszusagen-verfuegen-weiterhin-ueber-hohe-deckung\/#primaryimage"},"thumbnailUrl":"https:\/\/www.m-q.ch\/wp-content\/uploads\/2025\/07\/Schweizer-Pensionszusagen-verfuegen-weiterhin-ueber-hohe-Deckung_MQ.png","datePublished":"2025-07-16T03:07:46+00:00","description":"Les promesses de pension suisses disposent toujours d'une couverture \u00e9lev\u00e9e. C'est ce que montre une enqu\u00eate de WTW pour le deuxi\u00e8me trimestre 2025.","breadcrumb":{"@id":"https:\/\/www.organisator.ch\/operational-excellence\/2025-07-16\/schweizer-pensionszusagen-verfuegen-weiterhin-ueber-hohe-deckung\/#breadcrumb"},"inLanguage":"fr-FR","potentialAction":[{"@type":"ReadAction","target":["https:\/\/www.organisator.ch\/operational-excellence\/2025-07-16\/schweizer-pensionszusagen-verfuegen-weiterhin-ueber-hohe-deckung\/"]}]},{"@type":"ImageObject","inLanguage":"fr-FR","@id":"https:\/\/www.organisator.ch\/operational-excellence\/2025-07-16\/schweizer-pensionszusagen-verfuegen-weiterhin-ueber-hohe-deckung\/#primaryimage","url":"https:\/\/www.m-q.ch\/wp-content\/uploads\/2025\/07\/Schweizer-Pensionszusagen-verfuegen-weiterhin-ueber-hohe-Deckung_MQ.png","contentUrl":"https:\/\/www.m-q.ch\/wp-content\/uploads\/2025\/07\/Schweizer-Pensionszusagen-verfuegen-weiterhin-ueber-hohe-Deckung_MQ.png"},{"@type":"BreadcrumbList","@id":"https:\/\/www.organisator.ch\/operational-excellence\/2025-07-16\/schweizer-pensionszusagen-verfuegen-weiterhin-ueber-hohe-deckung\/#breadcrumb","itemListElement":[{"@type":"ListItem","position":1,"name":"Home","item":"https:\/\/www.organisator.ch\/"},{"@type":"ListItem","position":2,"name":"Schweizer Pensionszusagen verf\u00fcgen weiterhin \u00fcber hohe Deckung"}]},{"@type":"WebSite","@id":"https:\/\/www.organisator.ch\/#website","url":"https:\/\/www.organisator.ch\/","name":"Organisateur","description":"Comp\u00e9tence et comp\u00e9tence. Proches de la pratique. L'ORGANISATEUR pr\u00e9pare 10 num\u00e9ros par an sur les th\u00e8mes essentiels pour les dirigeants de PME.","publisher":{"@id":"https:\/\/www.organisator.ch\/#organization"},"potentialAction":[{"@type":"SearchAction","target":{"@type":"EntryPoint","urlTemplate":"https:\/\/www.organisator.ch\/?s={search_term_string}"},"query-input":{"@type":"PropertyValueSpecification","valueRequired":true,"valueName":"search_term_string"}}],"inLanguage":"fr-FR"},{"@type":"Organization","@id":"https:\/\/www.organisator.ch\/#organization","name":"Organisateur","url":"https:\/\/www.organisator.ch\/","logo":{"@type":"ImageObject","inLanguage":"fr-FR","@id":"https:\/\/www.organisator.ch\/#\/schema\/logo\/image\/","url":"https:\/\/www.organisator.ch\/wp-content\/uploads\/2022\/01\/Logo_Organisator_Website.png","contentUrl":"https:\/\/www.organisator.ch\/wp-content\/uploads\/2022\/01\/Logo_Organisator_Website.png","width":800,"height":77,"caption":"Organisator"},"image":{"@id":"https:\/\/www.organisator.ch\/#\/schema\/logo\/image\/"},"sameAs":["https:\/\/www.facebook.com\/OrganisatorFachmagazin","https:\/\/www.linkedin.com\/showcase\/organisator-das-magazin-fr-kmu","https:\/\/www.xing.com\/news\/pages\/organisator-ch-695","https:\/\/www.youtube.com\/channel\/UCGP2Sq0iWaZwT3BdIAQFYpw"]},{"@type":"Person","@id":"https:\/\/www.organisator.ch\/#\/schema\/person\/4e51799071cd2dd1232ac003643ef5f0","name":"galledia","image":{"@type":"ImageObject","inLanguage":"fr-FR","@id":"https:\/\/secure.gravatar.com\/avatar\/78a7f90c01fc2bfc875782a0d4922b37cde2cf184ce347b91316d23cd7f69a36?s=96&d=mm&r=g","url":"https:\/\/secure.gravatar.com\/avatar\/78a7f90c01fc2bfc875782a0d4922b37cde2cf184ce347b91316d23cd7f69a36?s=96&d=mm&r=g","contentUrl":"https:\/\/secure.gravatar.com\/avatar\/78a7f90c01fc2bfc875782a0d4922b37cde2cf184ce347b91316d23cd7f69a36?s=96&d=mm&r=g","caption":"galledia"},"sameAs":["https:\/\/x.com\/admin"],"url":"https:\/\/www.organisator.ch\/fr\/author\/galledia\/"}]}},"_links":{"self":[{"href":"https:\/\/www.organisator.ch\/fr\/wp-json\/wp\/v2\/posts\/39590","targetHints":{"allow":["GET"]}}],"collection":[{"href":"https:\/\/www.organisator.ch\/fr\/wp-json\/wp\/v2\/posts"}],"about":[{"href":"https:\/\/www.organisator.ch\/fr\/wp-json\/wp\/v2\/types\/post"}],"author":[{"embeddable":true,"href":"https:\/\/www.organisator.ch\/fr\/wp-json\/wp\/v2\/users\/8"}],"replies":[{"embeddable":true,"href":"https:\/\/www.organisator.ch\/fr\/wp-json\/wp\/v2\/comments?post=39590"}],"version-history":[{"count":6,"href":"https:\/\/www.organisator.ch\/fr\/wp-json\/wp\/v2\/posts\/39590\/revisions"}],"predecessor-version":[{"id":39607,"href":"https:\/\/www.organisator.ch\/fr\/wp-json\/wp\/v2\/posts\/39590\/revisions\/39607"}],"wp:attachment":[{"href":"https:\/\/www.organisator.ch\/fr\/wp-json\/wp\/v2\/media?parent=39590"}],"wp:term":[{"taxonomy":"category","embeddable":true,"href":"https:\/\/www.organisator.ch\/fr\/wp-json\/wp\/v2\/categories?post=39590"},{"taxonomy":"post_tag","embeddable":true,"href":"https:\/\/www.organisator.ch\/fr\/wp-json\/wp\/v2\/tags?post=39590"}],"curies":[{"name":"wp","href":"https:\/\/api.w.org\/{rel}","templated":true}]}}