{"id":39617,"date":"2025-07-18T07:07:34","date_gmt":"2025-07-18T05:07:34","guid":{"rendered":"https:\/\/www.m-q.ch\/?p=21764"},"modified":"2025-07-24T10:41:16","modified_gmt":"2025-07-24T08:41:16","slug":"cybersecurity-hat-hohe-relevanz-in-den-fuehrungsetagen","status":"publish","type":"post","link":"https:\/\/www.organisator.ch\/fr\/operational-excellence\/2025-07-18\/cybersecurity-hat-hohe-relevanz-in-den-fuehrungsetagen\/","title":{"rendered":"La cybers\u00e9curit\u00e9 a une grande importance pour les cadres dirigeants"},"content":{"rendered":"<figure id=\"attachment_21766\" class=\"wp-caption alignnone\" style=\"width: 680px;\" aria-describedby=\"caption-attachment-21766\"><img class=\"size-full wp-image-21766\" src=\"https:\/\/www.m-q.ch\/wp-content\/uploads\/2025\/07\/Sophos_Bild1_ps.jpg\" sizes=\"(max-width: 680px) 100vw, 680px\" srcset=\"https:\/\/www.m-q.ch\/wp-content\/uploads\/2025\/07\/Sophos_Bild1_ps.jpg 680w, https:\/\/www.m-q.ch\/wp-content\/uploads\/2025\/07\/Sophos_Bild1_ps-16x12.jpg 16w, https:\/\/www.m-q.ch\/wp-content\/uploads\/2025\/07\/Sophos_Bild1_ps-375x281.jpg 375w, https:\/\/www.m-q.ch\/wp-content\/uploads\/2025\/07\/Sophos_Bild1_ps-467x350.jpg 467w\" alt=\"\" width=\"680\" height=\"510\" \/>\r\n<figcaption id=\"caption-attachment-21766\" class=\"wp-caption-text\">De nombreuses entreprises ont d\u00e9j\u00e0 r\u00e9agi \u00e0 la situation plus complexe des menaces et ont investi dans leurs mesures de cybers\u00e9curit\u00e9. (Image : www.depositphotos.com)<\/figcaption>\r\n<\/figure>\r\n<p>L'\u00e9tude met en lumi\u00e8re la mani\u00e8re dont les responsables de niveau C \u00e9valuent la pertinence de la cybers\u00e9curit\u00e9 au sein de leur entreprise, compte tenu notamment de la dynamique croissante des menaces de cyber-attaques. Cette \u00e9tude, r\u00e9alis\u00e9e pour la troisi\u00e8me fois par Ipsos pour le compte de Sophos, s'inscrit dans la continuit\u00e9 des enqu\u00eates men\u00e9es en 2022 et 2024.<\/p>\r\n<h3><strong>La cyberprotection est bien \u00e9tablie - et reste toujours aussi importante<\/strong><\/h3>\r\n<p>L'un des principaux r\u00e9sultats de l'\u00e9tude de cette ann\u00e9e est la constatation que la cyberprotection est d\u00e9sormais bien ancr\u00e9e dans la plupart des entreprises en tant que th\u00e8me strat\u00e9gique important. Interrog\u00e9es sur la mani\u00e8re dont les gros titres de plus en plus nombreux sur les cyberattaques organis\u00e9es par les \u00c9tats influencent leur vision de la cyberprotection, plus de la moiti\u00e9 des personnes interrog\u00e9es en Allemagne (56 %) indiquent que la forte pr\u00e9sence m\u00e9diatique n'a pas modifi\u00e9 leur vision, pour la simple et bonne raison que la cyberprotection a toujours \u00e9t\u00e9 un facteur important de la gestion d'entreprise. Un avis similaire a \u00e9t\u00e9 exprim\u00e9 par 64 % des personnes interrog\u00e9es en Autriche et 58 % en Suisse.<\/p>\r\n<p>Les r\u00e9sultats s'inscrivent dans la continuit\u00e9 des ann\u00e9es pr\u00e9c\u00e9dentes : en 2024, 55 % des entreprises allemandes, 46 % des entreprises autrichiennes et m\u00eame 60 % des entreprises suisses consid\u00e9raient la cybers\u00e9curit\u00e9 comme \"tr\u00e8s importante\" pour leurs relations commerciales. En 2022, 32,3 % des entreprises allemandes, 37,3 % des entreprises autrichiennes et 47,1 % des entreprises suisses avaient d\u00e9j\u00e0 confirm\u00e9 que l'importance de la s\u00e9curit\u00e9 informatique avait encore augment\u00e9. L'importance \u00e0 long terme de ce th\u00e8me est donc clairement document\u00e9e.<\/p>\r\n<h3><strong>N\u00e9anmoins, l'\u00e9tat de la menace suscite l'incertitude<\/strong><\/h3>\r\n<p>M\u00eame si la cyberprotection est fermement \u00e9tablie dans les strat\u00e9gies d'entreprise, les chiffres actuels montrent que la m\u00e9diatisation croissante des cyberattaques soutenues par l'\u00c9tat ne passe pas inaper\u00e7ue aupr\u00e8s des cadres. Ainsi, en Allemagne, 27,5 % des cadres se sentent d\u00e9stabilis\u00e9s par les gros titres, en Suisse, ce chiffre est de 30 % et en Autriche, il atteint m\u00eame 36 %. Cela montre que : L'inqui\u00e9tude face \u00e0 des attaquants sophistiqu\u00e9s, en partie soutenus par l'\u00c9tat, est arriv\u00e9e \u00e0 l'\u00e9tage de la direction. Et elle aiguise manifestement la conscience de la s\u00e9curit\u00e9.<\/p>\r\n<h3><strong>Des investissements en hausse et des exigences croissantes envers les partenaires<\/strong><\/h3>\r\n<p>De nombreuses entreprises ont d\u00e9j\u00e0 r\u00e9agi \u00e0 la situation plus complexe des menaces et ont investi dans leurs mesures de cybers\u00e9curit\u00e9. En Allemagne, 47 % des entreprises interrog\u00e9es ont renforc\u00e9 la protection de leurs syst\u00e8mes informatiques par le pass\u00e9, contre 48 % en Suisse et m\u00eame 60 % en Autriche.<\/p>\r\n<p>Outre les mesures internes, l'accent est \u00e9galement mis sur la protection externe. Toutefois, l'exigence de mesures de cybers\u00e9curit\u00e9 chez les partenaires commerciaux - c'est-\u00e0-dire dans la cha\u00eene d'approvisionnement - est actuellement moins pr\u00e9sente. Certaines entreprises ont ainsi commenc\u00e9 \u00e0 renforcer les exigences envers leurs partenaires commerciaux au sein de la cha\u00eene d'approvisionnement. En Autriche, 36 % des entreprises ont augment\u00e9 les exigences envers leurs partenaires commerciaux au sein de la cha\u00eene d'approvisionnement et ont introduit des normes correspondantes, en Suisse 22 % et en Allemagne 16,5 %. Cela montre clairement que la cybers\u00e9curit\u00e9 est de plus en plus consid\u00e9r\u00e9e comme une t\u00e2che commune, m\u00eame au-del\u00e0 des fronti\u00e8res de l'entreprise.<\/p>\r\n<p>\"Les cybercriminels ciblent de plus en plus la cha\u00eene d'approvisionnement pour infiltrer les syst\u00e8mes s\u00e9curis\u00e9s en exploitant les fournisseurs et partenaires plus petits et moins bien \u00e9quip\u00e9s\", commente Michael Veit. expert en s\u00e9curit\u00e9 chez Sophos, de cette \u00e9volution. \"Pour assurer la continuit\u00e9 de leurs activit\u00e9s et prot\u00e9ger des infrastructures informatiques de plus en plus complexes et interconnect\u00e9es, les entreprises doivent d\u00e9velopper et mettre en \u0153uvre des strat\u00e9gies de cybers\u00e9curit\u00e9 et des bonnes pratiques efficaces. Cela n\u00e9cessite non seulement de travailler avec des fournisseurs tiers, mais aussi avec des experts en cybers\u00e9curit\u00e9 qui fournissent des solutions, des conseils et une assistance sur mesure afin de cr\u00e9er les conditions techniques n\u00e9cessaires pour prot\u00e9ger l'ensemble de l'\u00e9cosyst\u00e8me et garantir la conformit\u00e9 aux r\u00e9glementations\".<\/p>\r\n<h3><strong>Tout le monde en parle : Peu de gens pensent que le d\u00e9bat sur la cybers\u00e9curit\u00e9 est exag\u00e9r\u00e9<\/strong><\/h3>\r\n<p>Malgr\u00e9 l'omnipr\u00e9sence du sujet, certaines des personnes interrog\u00e9es consid\u00e8rent que le d\u00e9bat sur la cybers\u00e9curit\u00e9 est exag\u00e9r\u00e9. Cette opinion n'est toutefois exprim\u00e9e que par une minorit\u00e9 de cadres : en Allemagne, seuls 10,5 % des personnes interrog\u00e9es sont de cet avis, contre 6 % en Suisse et m\u00eame 4 % en Autriche. Les r\u00e9sultats soulignent que la majorit\u00e9 des cadres traitent le sujet avec s\u00e9rieux et clairvoyance.<\/p>\r\n<blockquote>\r\n<p><strong>\u00c0 propos de l'enqu\u00eate<\/strong><\/p>\r\n<p>Au printemps 2025, Ipsos a interrog\u00e9 pour le compte de Sophos 200 responsables de niveau C issus de diff\u00e9rents secteurs en Allemagne, ainsi que 50 en Autriche et en Suisse, sur la s\u00e9curit\u00e9 informatique dans leur entreprise.<\/p>\r\n<\/blockquote>\r\n<p><em>Source : <a href=\"http:\/\/www.sophos.com\/\">www.sophos.com<\/a><\/em><\/p>\n<p class=\"syndicated-attribution\">Cet article est paru initialement sur m-q.ch - <a href=\"https:\/\/www.m-q.ch\/de\/cybersecurity-hat-hohe-relevanz-in-den-fuehrungsetagen\/\" target=\"_blank\">https:\/\/www.m-q.ch\/de\/cybersecurity-hat-hohe-relevanz-in-den-fuehrungsetagen\/<\/a><\/p>","protected":false},"excerpt":{"rendered":"<p>Sophos publie les premiers r\u00e9sultats de son \u00e9tude de management \u00e0 grande \u00e9chelle \"Chef, comment vous vous y prenez avec la cybers\u00e9curit\u00e9\" pour l'Allemagne, l'Autriche et la Suisse.<\/p>","protected":false},"author":58,"featured_media":0,"comment_status":"closed","ping_status":"closed","sticky":false,"template":"","format":"standard","meta":{"_acf_changed":false,"_yoast_wpseo_focuskw":"Cybersecurity","_yoast_wpseo_metadesc":"Sophos ver\u00f6ffentlicht die ersten Ergebnisse seiner grossangelegten Management-Studie f\u00fcr Deutschland, \u00d6sterreich und die Schweiz.","articlekey":"","footnotes":""},"categories":[582],"tags":[608,418,434,459,492],"class_list":["post-39617","post","type-post","status-publish","format-standard","hentry","category-operational-excellence","tag-cybersicherheit","tag-risikomanagement","tag-sicherheit","tag-studie","tag-unternehmen"],"acf":[],"yoast_head":"<!-- This site is optimized with the Yoast SEO plugin v27.5 - https:\/\/yoast.com\/product\/yoast-seo-wordpress\/ -->\n<title>Cybersecurity hat hohe Relevanz in den F\u00fchrungsetagen - Organisator<\/title>\n<meta name=\"description\" content=\"Sophos ver\u00f6ffentlicht die ersten Ergebnisse seiner grossangelegten Management-Studie f\u00fcr Deutschland, \u00d6sterreich und die Schweiz.\" \/>\n<meta name=\"robots\" content=\"index, follow, max-snippet:-1, max-image-preview:large, max-video-preview:-1\" \/>\n<link rel=\"canonical\" href=\"https:\/\/www.organisator.ch\/fr\/excellence-operationnelle\/2025-07-18\/cybersecurity-hat-hohe-relevanz-in-den-fuehrungsetagen\/\" \/>\n<meta property=\"og:locale\" content=\"fr_FR\" \/>\n<meta property=\"og:type\" content=\"article\" \/>\n<meta property=\"og:title\" content=\"Cybersecurity hat hohe Relevanz in den F\u00fchrungsetagen - Organisator\" \/>\n<meta property=\"og:description\" content=\"Sophos ver\u00f6ffentlicht die ersten Ergebnisse seiner grossangelegten Management-Studie f\u00fcr Deutschland, \u00d6sterreich und die Schweiz.\" \/>\n<meta property=\"og:url\" content=\"https:\/\/www.organisator.ch\/fr\/excellence-operationnelle\/2025-07-18\/cybersecurity-hat-hohe-relevanz-in-den-fuehrungsetagen\/\" \/>\n<meta property=\"og:site_name\" content=\"Organisator\" \/>\n<meta property=\"article:publisher\" content=\"https:\/\/www.facebook.com\/OrganisatorFachmagazin\" \/>\n<meta property=\"article:published_time\" content=\"2025-07-18T05:07:34+00:00\" \/>\n<meta property=\"article:modified_time\" content=\"2025-07-24T08:41:16+00:00\" \/>\n<meta name=\"author\" content=\"Adelisa Kalajdzini\" \/>\n<meta name=\"twitter:card\" content=\"summary_large_image\" \/>\n<script type=\"application\/ld+json\" class=\"yoast-schema-graph\">{\"@context\":\"https:\\\/\\\/schema.org\",\"@graph\":[{\"@type\":\"Article\",\"@id\":\"https:\\\/\\\/www.organisator.ch\\\/operational-excellence\\\/2025-07-18\\\/cybersecurity-hat-hohe-relevanz-in-den-fuehrungsetagen\\\/#article\",\"isPartOf\":{\"@id\":\"https:\\\/\\\/www.organisator.ch\\\/operational-excellence\\\/2025-07-18\\\/cybersecurity-hat-hohe-relevanz-in-den-fuehrungsetagen\\\/\"},\"author\":{\"name\":\"Adelisa Kalajdzini\",\"@id\":\"https:\\\/\\\/www.organisator.ch\\\/#\\\/schema\\\/person\\\/2e1314a2172123f874db408d8911d3f3\"},\"headline\":\"Cybersecurity hat hohe Relevanz in den F\u00fchrungsetagen\",\"datePublished\":\"2025-07-18T05:07:34+00:00\",\"dateModified\":\"2025-07-24T08:41:16+00:00\",\"mainEntityOfPage\":{\"@id\":\"https:\\\/\\\/www.organisator.ch\\\/operational-excellence\\\/2025-07-18\\\/cybersecurity-hat-hohe-relevanz-in-den-fuehrungsetagen\\\/\"},\"wordCount\":694,\"publisher\":{\"@id\":\"https:\\\/\\\/www.organisator.ch\\\/#organization\"},\"image\":{\"@id\":\"https:\\\/\\\/www.organisator.ch\\\/operational-excellence\\\/2025-07-18\\\/cybersecurity-hat-hohe-relevanz-in-den-fuehrungsetagen\\\/#primaryimage\"},\"thumbnailUrl\":\"https:\\\/\\\/www.m-q.ch\\\/wp-content\\\/uploads\\\/2025\\\/07\\\/Sophos_Bild1_ps.jpg\",\"keywords\":[\"Cybersicherheit\",\"Risikomanagement\",\"Sicherheit\",\"Studie\",\"Unternehmen\"],\"articleSection\":[\"OPERATIONAL EXCELLENCE\"],\"inLanguage\":\"fr-FR\"},{\"@type\":\"WebPage\",\"@id\":\"https:\\\/\\\/www.organisator.ch\\\/operational-excellence\\\/2025-07-18\\\/cybersecurity-hat-hohe-relevanz-in-den-fuehrungsetagen\\\/\",\"url\":\"https:\\\/\\\/www.organisator.ch\\\/operational-excellence\\\/2025-07-18\\\/cybersecurity-hat-hohe-relevanz-in-den-fuehrungsetagen\\\/\",\"name\":\"Cybersecurity hat hohe Relevanz in den F\u00fchrungsetagen - Organisator\",\"isPartOf\":{\"@id\":\"https:\\\/\\\/www.organisator.ch\\\/#website\"},\"primaryImageOfPage\":{\"@id\":\"https:\\\/\\\/www.organisator.ch\\\/operational-excellence\\\/2025-07-18\\\/cybersecurity-hat-hohe-relevanz-in-den-fuehrungsetagen\\\/#primaryimage\"},\"image\":{\"@id\":\"https:\\\/\\\/www.organisator.ch\\\/operational-excellence\\\/2025-07-18\\\/cybersecurity-hat-hohe-relevanz-in-den-fuehrungsetagen\\\/#primaryimage\"},\"thumbnailUrl\":\"https:\\\/\\\/www.m-q.ch\\\/wp-content\\\/uploads\\\/2025\\\/07\\\/Sophos_Bild1_ps.jpg\",\"datePublished\":\"2025-07-18T05:07:34+00:00\",\"dateModified\":\"2025-07-24T08:41:16+00:00\",\"description\":\"Sophos ver\u00f6ffentlicht die ersten Ergebnisse seiner grossangelegten Management-Studie f\u00fcr Deutschland, \u00d6sterreich und die Schweiz.\",\"breadcrumb\":{\"@id\":\"https:\\\/\\\/www.organisator.ch\\\/operational-excellence\\\/2025-07-18\\\/cybersecurity-hat-hohe-relevanz-in-den-fuehrungsetagen\\\/#breadcrumb\"},\"inLanguage\":\"fr-FR\",\"potentialAction\":[{\"@type\":\"ReadAction\",\"target\":[\"https:\\\/\\\/www.organisator.ch\\\/operational-excellence\\\/2025-07-18\\\/cybersecurity-hat-hohe-relevanz-in-den-fuehrungsetagen\\\/\"]}]},{\"@type\":\"ImageObject\",\"inLanguage\":\"fr-FR\",\"@id\":\"https:\\\/\\\/www.organisator.ch\\\/operational-excellence\\\/2025-07-18\\\/cybersecurity-hat-hohe-relevanz-in-den-fuehrungsetagen\\\/#primaryimage\",\"url\":\"https:\\\/\\\/www.m-q.ch\\\/wp-content\\\/uploads\\\/2025\\\/07\\\/Sophos_Bild1_ps.jpg\",\"contentUrl\":\"https:\\\/\\\/www.m-q.ch\\\/wp-content\\\/uploads\\\/2025\\\/07\\\/Sophos_Bild1_ps.jpg\"},{\"@type\":\"BreadcrumbList\",\"@id\":\"https:\\\/\\\/www.organisator.ch\\\/operational-excellence\\\/2025-07-18\\\/cybersecurity-hat-hohe-relevanz-in-den-fuehrungsetagen\\\/#breadcrumb\",\"itemListElement\":[{\"@type\":\"ListItem\",\"position\":1,\"name\":\"Home\",\"item\":\"https:\\\/\\\/www.organisator.ch\\\/\"},{\"@type\":\"ListItem\",\"position\":2,\"name\":\"Cybersecurity hat hohe Relevanz in den F\u00fchrungsetagen\"}]},{\"@type\":\"WebSite\",\"@id\":\"https:\\\/\\\/www.organisator.ch\\\/#website\",\"url\":\"https:\\\/\\\/www.organisator.ch\\\/\",\"name\":\"Organisator\",\"description\":\"Kompetent. Praxisnah. Der ORGANISATOR bereitet in 10 Ausgaben pro Jahr die wesentlichen Themen f\u00fcr F\u00fchrungskr\u00e4fte von KMU auf.\",\"publisher\":{\"@id\":\"https:\\\/\\\/www.organisator.ch\\\/#organization\"},\"potentialAction\":[{\"@type\":\"SearchAction\",\"target\":{\"@type\":\"EntryPoint\",\"urlTemplate\":\"https:\\\/\\\/www.organisator.ch\\\/?s={search_term_string}\"},\"query-input\":{\"@type\":\"PropertyValueSpecification\",\"valueRequired\":true,\"valueName\":\"search_term_string\"}}],\"inLanguage\":\"fr-FR\"},{\"@type\":\"Organization\",\"@id\":\"https:\\\/\\\/www.organisator.ch\\\/#organization\",\"name\":\"Organisator\",\"url\":\"https:\\\/\\\/www.organisator.ch\\\/\",\"logo\":{\"@type\":\"ImageObject\",\"inLanguage\":\"fr-FR\",\"@id\":\"https:\\\/\\\/www.organisator.ch\\\/#\\\/schema\\\/logo\\\/image\\\/\",\"url\":\"https:\\\/\\\/www.organisator.ch\\\/wp-content\\\/uploads\\\/2022\\\/01\\\/Logo_Organisator_Website.png\",\"contentUrl\":\"https:\\\/\\\/www.organisator.ch\\\/wp-content\\\/uploads\\\/2022\\\/01\\\/Logo_Organisator_Website.png\",\"width\":800,\"height\":77,\"caption\":\"Organisator\"},\"image\":{\"@id\":\"https:\\\/\\\/www.organisator.ch\\\/#\\\/schema\\\/logo\\\/image\\\/\"},\"sameAs\":[\"https:\\\/\\\/www.facebook.com\\\/OrganisatorFachmagazin\",\"https:\\\/\\\/www.linkedin.com\\\/showcase\\\/organisator-das-magazin-fr-kmu\",\"https:\\\/\\\/www.xing.com\\\/news\\\/pages\\\/organisator-ch-695\",\"https:\\\/\\\/www.youtube.com\\\/channel\\\/UCGP2Sq0iWaZwT3BdIAQFYpw\"]},{\"@type\":\"Person\",\"@id\":\"https:\\\/\\\/www.organisator.ch\\\/#\\\/schema\\\/person\\\/2e1314a2172123f874db408d8911d3f3\",\"name\":\"Adelisa Kalajdzini\",\"image\":{\"@type\":\"ImageObject\",\"inLanguage\":\"fr-FR\",\"@id\":\"https:\\\/\\\/secure.gravatar.com\\\/avatar\\\/09a397c22ac58cad6f160ee8306348599df9df58a8ede73696226897b9fa4b24?s=96&d=mm&r=g\",\"url\":\"https:\\\/\\\/secure.gravatar.com\\\/avatar\\\/09a397c22ac58cad6f160ee8306348599df9df58a8ede73696226897b9fa4b24?s=96&d=mm&r=g\",\"contentUrl\":\"https:\\\/\\\/secure.gravatar.com\\\/avatar\\\/09a397c22ac58cad6f160ee8306348599df9df58a8ede73696226897b9fa4b24?s=96&d=mm&r=g\",\"caption\":\"Adelisa Kalajdzini\"},\"url\":\"https:\\\/\\\/www.organisator.ch\\\/fr\\\/author\\\/adelisa-kalajdzini\\\/\"}]}<\/script>\n<!-- \/ Yoast SEO plugin. -->","yoast_head_json":{"title":"La cybers\u00e9curit\u00e9 a une grande importance pour les cadres sup\u00e9rieurs - Organisateur","description":"Sophos publie les premiers r\u00e9sultats de son \u00e9tude de gestion \u00e0 grande \u00e9chelle pour l'Allemagne, l'Autriche et la Suisse.","robots":{"index":"index","follow":"follow","max-snippet":"max-snippet:-1","max-image-preview":"max-image-preview:large","max-video-preview":"max-video-preview:-1"},"canonical":"https:\/\/www.organisator.ch\/fr\/excellence-operationnelle\/2025-07-18\/cybersecurity-hat-hohe-relevanz-in-den-fuehrungsetagen\/","og_locale":"fr_FR","og_type":"article","og_title":"Cybersecurity hat hohe Relevanz in den F\u00fchrungsetagen - Organisator","og_description":"Sophos ver\u00f6ffentlicht die ersten Ergebnisse seiner grossangelegten Management-Studie f\u00fcr Deutschland, \u00d6sterreich und die Schweiz.","og_url":"https:\/\/www.organisator.ch\/fr\/excellence-operationnelle\/2025-07-18\/cybersecurity-hat-hohe-relevanz-in-den-fuehrungsetagen\/","og_site_name":"Organisator","article_publisher":"https:\/\/www.facebook.com\/OrganisatorFachmagazin","article_published_time":"2025-07-18T05:07:34+00:00","article_modified_time":"2025-07-24T08:41:16+00:00","author":"Adelisa Kalajdzini","twitter_card":"summary_large_image","schema":{"@context":"https:\/\/schema.org","@graph":[{"@type":"Article","@id":"https:\/\/www.organisator.ch\/operational-excellence\/2025-07-18\/cybersecurity-hat-hohe-relevanz-in-den-fuehrungsetagen\/#article","isPartOf":{"@id":"https:\/\/www.organisator.ch\/operational-excellence\/2025-07-18\/cybersecurity-hat-hohe-relevanz-in-den-fuehrungsetagen\/"},"author":{"name":"Adelisa Kalajdzini","@id":"https:\/\/www.organisator.ch\/#\/schema\/person\/2e1314a2172123f874db408d8911d3f3"},"headline":"Cybersecurity hat hohe Relevanz in den F\u00fchrungsetagen","datePublished":"2025-07-18T05:07:34+00:00","dateModified":"2025-07-24T08:41:16+00:00","mainEntityOfPage":{"@id":"https:\/\/www.organisator.ch\/operational-excellence\/2025-07-18\/cybersecurity-hat-hohe-relevanz-in-den-fuehrungsetagen\/"},"wordCount":694,"publisher":{"@id":"https:\/\/www.organisator.ch\/#organization"},"image":{"@id":"https:\/\/www.organisator.ch\/operational-excellence\/2025-07-18\/cybersecurity-hat-hohe-relevanz-in-den-fuehrungsetagen\/#primaryimage"},"thumbnailUrl":"https:\/\/www.m-q.ch\/wp-content\/uploads\/2025\/07\/Sophos_Bild1_ps.jpg","keywords":["Cybersicherheit","Risikomanagement","Sicherheit","Studie","Unternehmen"],"articleSection":["OPERATIONAL EXCELLENCE"],"inLanguage":"fr-FR"},{"@type":"WebPage","@id":"https:\/\/www.organisator.ch\/operational-excellence\/2025-07-18\/cybersecurity-hat-hohe-relevanz-in-den-fuehrungsetagen\/","url":"https:\/\/www.organisator.ch\/operational-excellence\/2025-07-18\/cybersecurity-hat-hohe-relevanz-in-den-fuehrungsetagen\/","name":"La cybers\u00e9curit\u00e9 a une grande importance pour les cadres sup\u00e9rieurs - Organisateur","isPartOf":{"@id":"https:\/\/www.organisator.ch\/#website"},"primaryImageOfPage":{"@id":"https:\/\/www.organisator.ch\/operational-excellence\/2025-07-18\/cybersecurity-hat-hohe-relevanz-in-den-fuehrungsetagen\/#primaryimage"},"image":{"@id":"https:\/\/www.organisator.ch\/operational-excellence\/2025-07-18\/cybersecurity-hat-hohe-relevanz-in-den-fuehrungsetagen\/#primaryimage"},"thumbnailUrl":"https:\/\/www.m-q.ch\/wp-content\/uploads\/2025\/07\/Sophos_Bild1_ps.jpg","datePublished":"2025-07-18T05:07:34+00:00","dateModified":"2025-07-24T08:41:16+00:00","description":"Sophos publie les premiers r\u00e9sultats de son \u00e9tude de gestion \u00e0 grande \u00e9chelle pour l'Allemagne, l'Autriche et la Suisse.","breadcrumb":{"@id":"https:\/\/www.organisator.ch\/operational-excellence\/2025-07-18\/cybersecurity-hat-hohe-relevanz-in-den-fuehrungsetagen\/#breadcrumb"},"inLanguage":"fr-FR","potentialAction":[{"@type":"ReadAction","target":["https:\/\/www.organisator.ch\/operational-excellence\/2025-07-18\/cybersecurity-hat-hohe-relevanz-in-den-fuehrungsetagen\/"]}]},{"@type":"ImageObject","inLanguage":"fr-FR","@id":"https:\/\/www.organisator.ch\/operational-excellence\/2025-07-18\/cybersecurity-hat-hohe-relevanz-in-den-fuehrungsetagen\/#primaryimage","url":"https:\/\/www.m-q.ch\/wp-content\/uploads\/2025\/07\/Sophos_Bild1_ps.jpg","contentUrl":"https:\/\/www.m-q.ch\/wp-content\/uploads\/2025\/07\/Sophos_Bild1_ps.jpg"},{"@type":"BreadcrumbList","@id":"https:\/\/www.organisator.ch\/operational-excellence\/2025-07-18\/cybersecurity-hat-hohe-relevanz-in-den-fuehrungsetagen\/#breadcrumb","itemListElement":[{"@type":"ListItem","position":1,"name":"Home","item":"https:\/\/www.organisator.ch\/"},{"@type":"ListItem","position":2,"name":"Cybersecurity hat hohe Relevanz in den F\u00fchrungsetagen"}]},{"@type":"WebSite","@id":"https:\/\/www.organisator.ch\/#website","url":"https:\/\/www.organisator.ch\/","name":"Organisateur","description":"Comp\u00e9tence et comp\u00e9tence. Proches de la pratique. L'ORGANISATEUR pr\u00e9pare 10 num\u00e9ros par an sur les th\u00e8mes essentiels pour les dirigeants de PME.","publisher":{"@id":"https:\/\/www.organisator.ch\/#organization"},"potentialAction":[{"@type":"SearchAction","target":{"@type":"EntryPoint","urlTemplate":"https:\/\/www.organisator.ch\/?s={search_term_string}"},"query-input":{"@type":"PropertyValueSpecification","valueRequired":true,"valueName":"search_term_string"}}],"inLanguage":"fr-FR"},{"@type":"Organization","@id":"https:\/\/www.organisator.ch\/#organization","name":"Organisateur","url":"https:\/\/www.organisator.ch\/","logo":{"@type":"ImageObject","inLanguage":"fr-FR","@id":"https:\/\/www.organisator.ch\/#\/schema\/logo\/image\/","url":"https:\/\/www.organisator.ch\/wp-content\/uploads\/2022\/01\/Logo_Organisator_Website.png","contentUrl":"https:\/\/www.organisator.ch\/wp-content\/uploads\/2022\/01\/Logo_Organisator_Website.png","width":800,"height":77,"caption":"Organisator"},"image":{"@id":"https:\/\/www.organisator.ch\/#\/schema\/logo\/image\/"},"sameAs":["https:\/\/www.facebook.com\/OrganisatorFachmagazin","https:\/\/www.linkedin.com\/showcase\/organisator-das-magazin-fr-kmu","https:\/\/www.xing.com\/news\/pages\/organisator-ch-695","https:\/\/www.youtube.com\/channel\/UCGP2Sq0iWaZwT3BdIAQFYpw"]},{"@type":"Person","@id":"https:\/\/www.organisator.ch\/#\/schema\/person\/2e1314a2172123f874db408d8911d3f3","name":"Adelisa Kalajdzini","image":{"@type":"ImageObject","inLanguage":"fr-FR","@id":"https:\/\/secure.gravatar.com\/avatar\/09a397c22ac58cad6f160ee8306348599df9df58a8ede73696226897b9fa4b24?s=96&d=mm&r=g","url":"https:\/\/secure.gravatar.com\/avatar\/09a397c22ac58cad6f160ee8306348599df9df58a8ede73696226897b9fa4b24?s=96&d=mm&r=g","contentUrl":"https:\/\/secure.gravatar.com\/avatar\/09a397c22ac58cad6f160ee8306348599df9df58a8ede73696226897b9fa4b24?s=96&d=mm&r=g","caption":"Adelisa Kalajdzini"},"url":"https:\/\/www.organisator.ch\/fr\/author\/adelisa-kalajdzini\/"}]}},"_links":{"self":[{"href":"https:\/\/www.organisator.ch\/fr\/wp-json\/wp\/v2\/posts\/39617","targetHints":{"allow":["GET"]}}],"collection":[{"href":"https:\/\/www.organisator.ch\/fr\/wp-json\/wp\/v2\/posts"}],"about":[{"href":"https:\/\/www.organisator.ch\/fr\/wp-json\/wp\/v2\/types\/post"}],"author":[{"embeddable":true,"href":"https:\/\/www.organisator.ch\/fr\/wp-json\/wp\/v2\/users\/58"}],"replies":[{"embeddable":true,"href":"https:\/\/www.organisator.ch\/fr\/wp-json\/wp\/v2\/comments?post=39617"}],"version-history":[{"count":6,"href":"https:\/\/www.organisator.ch\/fr\/wp-json\/wp\/v2\/posts\/39617\/revisions"}],"predecessor-version":[{"id":39666,"href":"https:\/\/www.organisator.ch\/fr\/wp-json\/wp\/v2\/posts\/39617\/revisions\/39666"}],"wp:attachment":[{"href":"https:\/\/www.organisator.ch\/fr\/wp-json\/wp\/v2\/media?parent=39617"}],"wp:term":[{"taxonomy":"category","embeddable":true,"href":"https:\/\/www.organisator.ch\/fr\/wp-json\/wp\/v2\/categories?post=39617"},{"taxonomy":"post_tag","embeddable":true,"href":"https:\/\/www.organisator.ch\/fr\/wp-json\/wp\/v2\/tags?post=39617"}],"curies":[{"name":"wp","href":"https:\/\/api.w.org\/{rel}","templated":true}]}}