{"id":3964,"date":"2018-07-24T08:09:07","date_gmt":"2018-07-24T06:09:07","guid":{"rendered":"https:\/\/www.organisator.ch\/?p=3964"},"modified":"2018-07-24T08:09:07","modified_gmt":"2018-07-24T06:09:07","slug":"flexible-arbeitsplatzgestaltung-vorgesetzte-sind-noch-zu-wenig-vorbild","status":"publish","type":"post","link":"https:\/\/www.organisator.ch\/fr\/management\/2018-07-24\/flexible-arbeitsplatzgestaltung-vorgesetzte-sind-noch-zu-wenig-vorbild\/","title":{"rendered":"Am\u00e9nagement flexible du lieu de travail : les sup\u00e9rieurs ne donnent pas encore assez l'exemple"},"content":{"rendered":"<figure id=\"attachment_3965\" aria-describedby=\"caption-attachment-3965\" style=\"width: 640px\" class=\"wp-caption alignnone\"><img loading=\"lazy\" decoding=\"async\" class=\"size-full wp-image-3965\" src=\"https:\/\/www.organisator.ch\/wp-content\/uploads\/2018\/07\/Flexible-Arbeitsplatzgestaltung-Vorgesetzte-sind-noch-zu-wenig-Vorbild-1_Organisator.jpg\" alt=\"\" width=\"640\" height=\"464\" srcset=\"https:\/\/www.organisator.ch\/wp-content\/uploads\/2018\/07\/Flexible-Arbeitsplatzgestaltung-Vorgesetzte-sind-noch-zu-wenig-Vorbild-1_Organisator.jpg 640w, https:\/\/www.organisator.ch\/wp-content\/uploads\/2018\/07\/Flexible-Arbeitsplatzgestaltung-Vorgesetzte-sind-noch-zu-wenig-Vorbild-1_Organisator-16x12.jpg 16w, https:\/\/www.organisator.ch\/wp-content\/uploads\/2018\/07\/Flexible-Arbeitsplatzgestaltung-Vorgesetzte-sind-noch-zu-wenig-Vorbild-1_Organisator-241x175.jpg 241w, https:\/\/www.organisator.ch\/wp-content\/uploads\/2018\/07\/Flexible-Arbeitsplatzgestaltung-Vorgesetzte-sind-noch-zu-wenig-Vorbild-1_Organisator-483x350.jpg 483w, https:\/\/www.organisator.ch\/wp-content\/uploads\/2018\/07\/Flexible-Arbeitsplatzgestaltung-Vorgesetzte-sind-noch-zu-wenig-Vorbild-1_Organisator-300x218.jpg 300w\" sizes=\"auto, (max-width: 640px) 100vw, 640px\" \/><figcaption id=\"caption-attachment-3965\" class=\"wp-caption-text\">L'am\u00e9nagement du poste de travail aujourd'hui : dans de nombreuses entreprises, il en est toujours ainsi malgr\u00e9 la num\u00e9risation et les mod\u00e8les de travail flexibles. (Image : Margot Kessler - pixelio.de)<\/figcaption><\/figure>\n<p>Le cabinet de conseil Deloitte a interrog\u00e9 1000 employ\u00e9s de bureau en Suisse sur la mani\u00e8re dont les changements actuels du monde du travail, dont on parle beaucoup, se refl\u00e8tent aujourd'hui concr\u00e8tement dans leur quotidien. Les personnes interrog\u00e9es passent au moins la moiti\u00e9 de leur temps de travail devant un ordinateur. Deux tiers d'entre eux ne sont plus li\u00e9s de mani\u00e8re fixe aux bureaux de leur employeur. 40 % travaillent au moins un jour par semaine \u00e0 domicile ou dans un autre lieu, comme un espace de coworking.<\/p>\n<h2>La majorit\u00e9 a encore un emploi fixe<\/h2>\n<p>Bien que les concepts de travail agile et flexible tels que le home-office ou le partage flexible des postes de travail au bureau (appel\u00e9 hotdesking) soient de plus en plus courants dans les entreprises en Suisse, la grande majorit\u00e9 (77%) des employ\u00e9s suisses sont toujours affect\u00e9s \u00e0 un poste de travail fixe. En revanche, l'organisation du temps est nettement plus flexible : 72% peuvent organiser librement leur temps de pr\u00e9sence au bureau et seuls 9% indiquent devoir s'en tenir \u00e0 des horaires de travail rigides. Seul un tiers des employ\u00e9s de bureau travaille encore chaque jour de mani\u00e8re fixe dans le bureau de l'employeur. La majorit\u00e9 peut donc travailler r\u00e9guli\u00e8rement sans contrainte de lieu. Il existe cependant de grandes diff\u00e9rences : 28 pour cent le font moins d'un jour par semaine, 12 pour cent exactement un jour par semaine et plus d'un quart (27%) ne travaille pas plus d'un jour par semaine au bureau de l'employeur.<\/p>\n<h2>L'adaptation de l'am\u00e9nagement du poste de travail souvent ignor\u00e9e<\/h2>\n<p>Si les collaborateurs travaillent plus souvent \u00e0 l'ext\u00e9rieur et que le hotdesking est introduit au bureau, le nombre de postes de travail fixes peut \u00eatre r\u00e9duit. Cela permet de cr\u00e9er des zones sp\u00e9ciales pour travailler de mani\u00e8re concentr\u00e9e, pour \u00e9changer ou pour se reposer. Des mesures soigneusement planifi\u00e9es et mises en \u0153uvre favorisent la collaboration intersectorielle et la satisfaction des collaborateurs. \"De nombreuses entreprises suisses ignorent les adaptations n\u00e9cessaires de l'am\u00e9nagement des postes et des mod\u00e8les de travail et perdent ainsi de l'argent et des collaborateurs\", affirme avec conviction Matthias Thalmann, partenaire pour le domaine du capital humain chez Deloitte Suisse. \"Si elles veulent continuer \u00e0 avoir des collaborateurs productifs, cr\u00e9atifs et motiv\u00e9s \u00e0 l'avenir, elles doivent mettre \u00e0 disposition un environnement de travail innovant et inspirant, ind\u00e9pendamment du lieu et de la place de travail. Pour concilier les exigences \u00e9lev\u00e9es des jeunes collaborateurs en mati\u00e8re de flexibilit\u00e9 et le d\u00e9sir de s\u00e9curit\u00e9 et d'orientation du personnel plus \u00e2g\u00e9, il faut des concepts intelligents et fond\u00e9s sur une strat\u00e9gie\".<\/p>\n<h2>Un net retard \u00e0 combler en mati\u00e8re de technologie<\/h2>\n<p>En ce qui concerne le mat\u00e9riel informatique mis \u00e0 disposition par les entreprises, le potentiel d'am\u00e9lioration est important. A peine la moiti\u00e9 (47%) a re\u00e7u de son employeur un ordinateur portable permettant le travail mobile. 11 pour cent n'ont qu'un smartphone ou une tablette. Au total, 42% des employ\u00e9s interrog\u00e9s ne re\u00e7oivent aucun appareil num\u00e9rique de leur employeur leur permettant de travailler de mani\u00e8re mobile et d'acc\u00e9der aux donn\u00e9es de l'entreprise. A peine plus de la moiti\u00e9 (53%) utilise le chat ou la messagerie instantan\u00e9e, 39% utilisent une gestion moderne des documents et 36% peuvent organiser des vid\u00e9oconf\u00e9rences. Mais pr\u00e8s d'un tiers des entreprises n'utilisent aucune solution de collaboration moderne.<\/p>\n<h2>Une nouvelle culture d'entreprise et moins de r\u00e9glementation<\/h2>\n<p>Un concept de poste de travail agile et moderne ne peut fonctionner correctement et avoir un impact positif sur la performance et la satisfaction des collaborateurs que s'il est \u00e9galement communiqu\u00e9 de mani\u00e8re compr\u00e9hensible et soutenu strat\u00e9giquement. De nombreuses entreprises suisses ne semblent pas encore avoir abord\u00e9 ce th\u00e8me, comme le montre d\u00e9j\u00e0 une autre enqu\u00eate de Deloitte aupr\u00e8s des responsables RH. L'\u00e9tude actuelle le confirme : Seuls 39% indiquent qu'il existe des directives pour le travail flexible dans leur entreprise. On constate toutefois de nettes diff\u00e9rences selon la taille de l'entreprise : la proportion est de 55 pour cent dans les entreprises de plus de 250 collaborateurs, contre 24 pour cent seulement dans celles de moins de 50 collaborateurs.<\/p>\n<p>Plus impressionnant encore : alors que les horaires de travail flexibles sont soutenus par plus de la moiti\u00e9 (56%) des sup\u00e9rieurs hi\u00e9rarchiques, seul un tiers des sup\u00e9rieurs hi\u00e9rarchiques des personnes interrog\u00e9es sont favorables \u00e0 des lieux de travail flexibles, comme par exemple le bureau \u00e0 domicile ou les espaces de coworking. Dans le contexte d'une culture d'entreprise ouverte et moderne, il est important que les sup\u00e9rieurs hi\u00e9rarchiques ne se contentent pas de soutenir le travail flexible, mais qu'ils en donnent aussi l'exemple et montrent la voie. Or, 38% des personnes interrog\u00e9es indiquent que leurs sup\u00e9rieurs ne donnent pas l'exemple en mati\u00e8re de travail flexible.<\/p>\n<figure id=\"attachment_3966\" aria-describedby=\"caption-attachment-3966\" style=\"width: 640px\" class=\"wp-caption alignnone\"><img loading=\"lazy\" decoding=\"async\" class=\"size-full wp-image-3966\" src=\"https:\/\/www.organisator.ch\/wp-content\/uploads\/2018\/07\/Flexible-Arbeitsplatzgestaltung-Vorgesetzte-sind-noch-zu-wenig-Vorbild-2_Organisator.jpg\" alt=\"\" width=\"640\" height=\"471\" srcset=\"https:\/\/www.organisator.ch\/wp-content\/uploads\/2018\/07\/Flexible-Arbeitsplatzgestaltung-Vorgesetzte-sind-noch-zu-wenig-Vorbild-2_Organisator.jpg 640w, https:\/\/www.organisator.ch\/wp-content\/uploads\/2018\/07\/Flexible-Arbeitsplatzgestaltung-Vorgesetzte-sind-noch-zu-wenig-Vorbild-2_Organisator-16x12.jpg 16w, https:\/\/www.organisator.ch\/wp-content\/uploads\/2018\/07\/Flexible-Arbeitsplatzgestaltung-Vorgesetzte-sind-noch-zu-wenig-Vorbild-2_Organisator-238x175.jpg 238w, https:\/\/www.organisator.ch\/wp-content\/uploads\/2018\/07\/Flexible-Arbeitsplatzgestaltung-Vorgesetzte-sind-noch-zu-wenig-Vorbild-2_Organisator-476x350.jpg 476w, https:\/\/www.organisator.ch\/wp-content\/uploads\/2018\/07\/Flexible-Arbeitsplatzgestaltung-Vorgesetzte-sind-noch-zu-wenig-Vorbild-2_Organisator-300x221.jpg 300w\" sizes=\"auto, (max-width: 640px) 100vw, 640px\" \/><figcaption id=\"caption-attachment-3966\" class=\"wp-caption-text\">Une \u00e9tude de Deloitte montre qu'en mati\u00e8re d'am\u00e9nagement moderne du lieu de travail, les sup\u00e9rieurs hi\u00e9rarchiques ne sont pas encore assez exemplaires. (Graphique : Deloitte)<\/figcaption><\/figure>\n<h2>La l\u00e9gislation est en retard sur la r\u00e9alit\u00e9<\/h2>\n<p>\"La conception de l'espace, le concept du lieu de travail et la technologie peuvent \u00eatre aussi perfectionn\u00e9s que possible - en fin de compte, leur effet ne peut se d\u00e9ployer pleinement que si la culture d'entreprise est activement adapt\u00e9e et si les attitudes des collaborateurs et des cadres changent en cons\u00e9quence\", explique Luc Zobrist, \u00e9conomiste chez Deloitte Suisse et co-auteur de l'\u00e9tude. \"Les entreprises qui ne mettent en avant que la r\u00e9duction des co\u00fbts et ignorent la satisfaction des collaborateurs ne r\u00e9ussiront pas \u00e0 transformer durablement le lieu de travail\".<\/p>\n<p>Il ne faut pas non plus oublier le cadre l\u00e9gal en Suisse. Outre des postes et des formes de travail flexibles, une technologie moderne et une culture d'entreprise bas\u00e9e sur la confiance, il faut aussi que le l\u00e9gislateur se montre conciliant : \"Notre loi sur le travail date encore de l'\u00e8re industrielle et devrait \u00eatre adapt\u00e9e en cons\u00e9quence pour l'\u00e8re num\u00e9rique\", explique Zobrist.<\/p>\n<p><em>Source : <a href=\"http:\/\/www.deloitte.ch\">Deloitte<\/a><\/em><\/p>","protected":false},"excerpt":{"rendered":"<p>Das Beratungsunternehmen Deloitte hat 1000 B\u00fcroangestellte in der Schweiz dazu befragt, wie\u00a0die vieldiskutierten\u00a0aktuellen Ver\u00e4nderungen der Arbeitswelt\u00a0heute konkret im Alltag abgebildet sind. Die Befragten verbringen mindestens die H\u00e4lfte ihrer Arbeitszeit vor einem Computer. Zwei Drittel von ihnen sind nicht mehr fix an die B\u00fcror\u00e4umlichkeiten des Arbeitgebers gebunden. 40 Prozent arbeiten mindestens einen Tag pro Woche zuhause [&hellip;]<\/p>\n","protected":false},"author":4,"featured_media":3965,"comment_status":"open","ping_status":"open","sticky":false,"template":"","format":"standard","meta":{"_acf_changed":false,"_yoast_wpseo_focuskw":"Arbeitsplatzgestaltung","_yoast_wpseo_metadesc":"Die Flexibilit\u00e4t in Schweizer B\u00fcros nimmt zwar zu, die Arbeitsumgebung und vor allem die Unternehmenskultur sind aber nicht gen\u00fcgend aufeinander abgestimmt.","articlekey":"","footnotes":""},"categories":[28],"tags":[51,102,156,334,459],"class_list":["post-3964","post","type-post","status-publish","format-standard","has-post-thumbnail","hentry","category-management","tag-arbeitsplatzgestaltung","tag-buero","tag-digitalisierung","tag-management","tag-studie"],"acf":[],"yoast_head":"<!-- This site is optimized with the Yoast SEO plugin v27.4 - https:\/\/yoast.com\/product\/yoast-seo-wordpress\/ -->\n<title>Flexible Arbeitsplatzgestaltung: Vorgesetzte sind noch zu wenig Vorbild - Organisator<\/title>\n<meta name=\"description\" content=\"Die Flexibilit\u00e4t in Schweizer B\u00fcros nimmt zwar zu, die Arbeitsumgebung und vor allem die Unternehmenskultur sind aber nicht gen\u00fcgend aufeinander abgestimmt.\" \/>\n<meta name=\"robots\" content=\"index, follow, max-snippet:-1, max-image-preview:large, max-video-preview:-1\" \/>\n<link rel=\"canonical\" href=\"https:\/\/www.organisator.ch\/fr\/gestion-2\/2018-07-24\/flexible-arbeitsplatzgestaltung-vorgesetzte-sind-noch-zu-wenig-vorbild\/\" \/>\n<meta property=\"og:locale\" content=\"fr_FR\" \/>\n<meta property=\"og:type\" content=\"article\" \/>\n<meta property=\"og:title\" content=\"Flexible Arbeitsplatzgestaltung: Vorgesetzte sind noch zu wenig Vorbild\" \/>\n<meta property=\"og:description\" content=\"Die Flexibilit\u00e4t in Schweizer B\u00fcros nimmt zwar zu, die Arbeitsumgebung und vor allem die Unternehmenskultur sind aber nicht gen\u00fcgend aufeinander abgestimmt.\" \/>\n<meta property=\"og:url\" content=\"https:\/\/www.organisator.ch\/fr\/gestion-2\/2018-07-24\/flexible-arbeitsplatzgestaltung-vorgesetzte-sind-noch-zu-wenig-vorbild\/\" \/>\n<meta property=\"og:site_name\" content=\"Organisator\" \/>\n<meta property=\"article:publisher\" content=\"https:\/\/www.facebook.com\/OrganisatorFachmagazin\" \/>\n<meta property=\"article:published_time\" content=\"2018-07-24T06:09:07+00:00\" \/>\n<meta property=\"og:image\" content=\"https:\/\/www.organisator.ch\/wp-content\/uploads\/2018\/07\/Flexible-Arbeitsplatzgestaltung-Vorgesetzte-sind-noch-zu-wenig-Vorbild-1_Organisator.jpg\" \/>\n\t<meta property=\"og:image:width\" content=\"640\" \/>\n\t<meta property=\"og:image:height\" content=\"464\" \/>\n\t<meta property=\"og:image:type\" content=\"image\/jpeg\" \/>\n<meta name=\"author\" content=\"thomas.berner\" \/>\n<meta name=\"twitter:card\" content=\"summary_large_image\" \/>\n<meta name=\"twitter:title\" content=\"Flexible #Arbeitsplatzgestaltung: Vorgesetzte sind noch zu wenig Vorbild\" \/>\n<meta name=\"twitter:description\" content=\"Die Flexibilit\u00e4t in Schweizer B\u00fcros nimmt zwar zu, die #Arbeitsumgebung und vor allem die #Unternehmenskultur sind aber nicht gen\u00fcgend aufeinander abgestimmt.\" \/>\n<meta name=\"twitter:image\" content=\"https:\/\/www.organisator.ch\/wp-content\/uploads\/2018\/07\/Flexible-Arbeitsplatzgestaltung-Vorgesetzte-sind-noch-zu-wenig-Vorbild-1_Organisator.jpg\" \/>\n<script type=\"application\/ld+json\" class=\"yoast-schema-graph\">{\"@context\":\"https:\\\/\\\/schema.org\",\"@graph\":[{\"@type\":\"Article\",\"@id\":\"https:\\\/\\\/www.organisator.ch\\\/management\\\/2018-07-24\\\/flexible-arbeitsplatzgestaltung-vorgesetzte-sind-noch-zu-wenig-vorbild\\\/#article\",\"isPartOf\":{\"@id\":\"https:\\\/\\\/www.organisator.ch\\\/management\\\/2018-07-24\\\/flexible-arbeitsplatzgestaltung-vorgesetzte-sind-noch-zu-wenig-vorbild\\\/\"},\"author\":{\"name\":\"thomas.berner\",\"@id\":\"https:\\\/\\\/www.organisator.ch\\\/#\\\/schema\\\/person\\\/6f650f90b2842cd4c0cc334b4e36f67e\"},\"headline\":\"Flexible Arbeitsplatzgestaltung: Vorgesetzte sind noch zu wenig Vorbild\",\"datePublished\":\"2018-07-24T06:09:07+00:00\",\"mainEntityOfPage\":{\"@id\":\"https:\\\/\\\/www.organisator.ch\\\/management\\\/2018-07-24\\\/flexible-arbeitsplatzgestaltung-vorgesetzte-sind-noch-zu-wenig-vorbild\\\/\"},\"wordCount\":846,\"commentCount\":1,\"publisher\":{\"@id\":\"https:\\\/\\\/www.organisator.ch\\\/#organization\"},\"image\":{\"@id\":\"https:\\\/\\\/www.organisator.ch\\\/management\\\/2018-07-24\\\/flexible-arbeitsplatzgestaltung-vorgesetzte-sind-noch-zu-wenig-vorbild\\\/#primaryimage\"},\"thumbnailUrl\":\"https:\\\/\\\/www.organisator.ch\\\/wp-content\\\/uploads\\\/2018\\\/07\\\/Flexible-Arbeitsplatzgestaltung-Vorgesetzte-sind-noch-zu-wenig-Vorbild-1_Organisator.jpg\",\"keywords\":[\"Arbeitsplatzgestaltung\",\"B\u00fcro\",\"Digitalisierung\",\"Management\",\"Studie\"],\"articleSection\":[\"MANAGEMENT\"],\"inLanguage\":\"fr-FR\"},{\"@type\":\"WebPage\",\"@id\":\"https:\\\/\\\/www.organisator.ch\\\/management\\\/2018-07-24\\\/flexible-arbeitsplatzgestaltung-vorgesetzte-sind-noch-zu-wenig-vorbild\\\/\",\"url\":\"https:\\\/\\\/www.organisator.ch\\\/management\\\/2018-07-24\\\/flexible-arbeitsplatzgestaltung-vorgesetzte-sind-noch-zu-wenig-vorbild\\\/\",\"name\":\"Flexible Arbeitsplatzgestaltung: Vorgesetzte sind noch zu wenig Vorbild - Organisator\",\"isPartOf\":{\"@id\":\"https:\\\/\\\/www.organisator.ch\\\/#website\"},\"primaryImageOfPage\":{\"@id\":\"https:\\\/\\\/www.organisator.ch\\\/management\\\/2018-07-24\\\/flexible-arbeitsplatzgestaltung-vorgesetzte-sind-noch-zu-wenig-vorbild\\\/#primaryimage\"},\"image\":{\"@id\":\"https:\\\/\\\/www.organisator.ch\\\/management\\\/2018-07-24\\\/flexible-arbeitsplatzgestaltung-vorgesetzte-sind-noch-zu-wenig-vorbild\\\/#primaryimage\"},\"thumbnailUrl\":\"https:\\\/\\\/www.organisator.ch\\\/wp-content\\\/uploads\\\/2018\\\/07\\\/Flexible-Arbeitsplatzgestaltung-Vorgesetzte-sind-noch-zu-wenig-Vorbild-1_Organisator.jpg\",\"datePublished\":\"2018-07-24T06:09:07+00:00\",\"description\":\"Die Flexibilit\u00e4t in Schweizer B\u00fcros nimmt zwar zu, die Arbeitsumgebung und vor allem die Unternehmenskultur sind aber nicht gen\u00fcgend aufeinander abgestimmt.\",\"breadcrumb\":{\"@id\":\"https:\\\/\\\/www.organisator.ch\\\/management\\\/2018-07-24\\\/flexible-arbeitsplatzgestaltung-vorgesetzte-sind-noch-zu-wenig-vorbild\\\/#breadcrumb\"},\"inLanguage\":\"fr-FR\",\"potentialAction\":[{\"@type\":\"ReadAction\",\"target\":[\"https:\\\/\\\/www.organisator.ch\\\/management\\\/2018-07-24\\\/flexible-arbeitsplatzgestaltung-vorgesetzte-sind-noch-zu-wenig-vorbild\\\/\"]}]},{\"@type\":\"ImageObject\",\"inLanguage\":\"fr-FR\",\"@id\":\"https:\\\/\\\/www.organisator.ch\\\/management\\\/2018-07-24\\\/flexible-arbeitsplatzgestaltung-vorgesetzte-sind-noch-zu-wenig-vorbild\\\/#primaryimage\",\"url\":\"https:\\\/\\\/www.organisator.ch\\\/wp-content\\\/uploads\\\/2018\\\/07\\\/Flexible-Arbeitsplatzgestaltung-Vorgesetzte-sind-noch-zu-wenig-Vorbild-1_Organisator.jpg\",\"contentUrl\":\"https:\\\/\\\/www.organisator.ch\\\/wp-content\\\/uploads\\\/2018\\\/07\\\/Flexible-Arbeitsplatzgestaltung-Vorgesetzte-sind-noch-zu-wenig-Vorbild-1_Organisator.jpg\",\"width\":640,\"height\":464,\"caption\":\"Arbeitsplatzgestaltung heute: In vielen Unternehmen sieht es trotz Digitalisierung und flexiblen Arbeitsmodellen immer noch so aus. (Bild: Margot Kessler - pixelio.de)\"},{\"@type\":\"BreadcrumbList\",\"@id\":\"https:\\\/\\\/www.organisator.ch\\\/management\\\/2018-07-24\\\/flexible-arbeitsplatzgestaltung-vorgesetzte-sind-noch-zu-wenig-vorbild\\\/#breadcrumb\",\"itemListElement\":[{\"@type\":\"ListItem\",\"position\":1,\"name\":\"Home\",\"item\":\"https:\\\/\\\/www.organisator.ch\\\/\"},{\"@type\":\"ListItem\",\"position\":2,\"name\":\"Flexible Arbeitsplatzgestaltung: Vorgesetzte sind noch zu wenig Vorbild\"}]},{\"@type\":\"WebSite\",\"@id\":\"https:\\\/\\\/www.organisator.ch\\\/#website\",\"url\":\"https:\\\/\\\/www.organisator.ch\\\/\",\"name\":\"Organisator\",\"description\":\"Kompetent. Praxisnah. Der ORGANISATOR bereitet in 10 Ausgaben pro Jahr die wesentlichen Themen f\u00fcr F\u00fchrungskr\u00e4fte von KMU auf.\",\"publisher\":{\"@id\":\"https:\\\/\\\/www.organisator.ch\\\/#organization\"},\"potentialAction\":[{\"@type\":\"SearchAction\",\"target\":{\"@type\":\"EntryPoint\",\"urlTemplate\":\"https:\\\/\\\/www.organisator.ch\\\/?s={search_term_string}\"},\"query-input\":{\"@type\":\"PropertyValueSpecification\",\"valueRequired\":true,\"valueName\":\"search_term_string\"}}],\"inLanguage\":\"fr-FR\"},{\"@type\":\"Organization\",\"@id\":\"https:\\\/\\\/www.organisator.ch\\\/#organization\",\"name\":\"Organisator\",\"url\":\"https:\\\/\\\/www.organisator.ch\\\/\",\"logo\":{\"@type\":\"ImageObject\",\"inLanguage\":\"fr-FR\",\"@id\":\"https:\\\/\\\/www.organisator.ch\\\/#\\\/schema\\\/logo\\\/image\\\/\",\"url\":\"https:\\\/\\\/www.organisator.ch\\\/wp-content\\\/uploads\\\/2022\\\/01\\\/Logo_Organisator_Website.png\",\"contentUrl\":\"https:\\\/\\\/www.organisator.ch\\\/wp-content\\\/uploads\\\/2022\\\/01\\\/Logo_Organisator_Website.png\",\"width\":800,\"height\":77,\"caption\":\"Organisator\"},\"image\":{\"@id\":\"https:\\\/\\\/www.organisator.ch\\\/#\\\/schema\\\/logo\\\/image\\\/\"},\"sameAs\":[\"https:\\\/\\\/www.facebook.com\\\/OrganisatorFachmagazin\",\"https:\\\/\\\/www.linkedin.com\\\/showcase\\\/organisator-das-magazin-fr-kmu\",\"https:\\\/\\\/www.xing.com\\\/news\\\/pages\\\/organisator-ch-695\",\"https:\\\/\\\/www.youtube.com\\\/channel\\\/UCGP2Sq0iWaZwT3BdIAQFYpw\"]},{\"@type\":\"Person\",\"@id\":\"https:\\\/\\\/www.organisator.ch\\\/#\\\/schema\\\/person\\\/6f650f90b2842cd4c0cc334b4e36f67e\",\"name\":\"thomas.berner\",\"image\":{\"@type\":\"ImageObject\",\"inLanguage\":\"fr-FR\",\"@id\":\"https:\\\/\\\/secure.gravatar.com\\\/avatar\\\/ac5001d2a36cb6c6cd3e50789007ffca834b477b74a2144564522e944eabff61?s=96&d=mm&r=g\",\"url\":\"https:\\\/\\\/secure.gravatar.com\\\/avatar\\\/ac5001d2a36cb6c6cd3e50789007ffca834b477b74a2144564522e944eabff61?s=96&d=mm&r=g\",\"contentUrl\":\"https:\\\/\\\/secure.gravatar.com\\\/avatar\\\/ac5001d2a36cb6c6cd3e50789007ffca834b477b74a2144564522e944eabff61?s=96&d=mm&r=g\",\"caption\":\"thomas.berner\"},\"url\":\"https:\\\/\\\/www.organisator.ch\\\/fr\\\/author\\\/thomas-berner\\\/\"}]}<\/script>\n<!-- \/ Yoast SEO plugin. -->","yoast_head_json":{"title":"Am\u00e9nagement flexible du lieu de travail : les sup\u00e9rieurs ne sont pas encore assez exemplaires - Organisateur","description":"La flexibilit\u00e9 dans les bureaux suisses est certes en augmentation, mais l'environnement de travail et surtout la culture d'entreprise ne sont pas suffisamment harmonis\u00e9s.","robots":{"index":"index","follow":"follow","max-snippet":"max-snippet:-1","max-image-preview":"max-image-preview:large","max-video-preview":"max-video-preview:-1"},"canonical":"https:\/\/www.organisator.ch\/fr\/gestion-2\/2018-07-24\/flexible-arbeitsplatzgestaltung-vorgesetzte-sind-noch-zu-wenig-vorbild\/","og_locale":"fr_FR","og_type":"article","og_title":"Flexible Arbeitsplatzgestaltung: Vorgesetzte sind noch zu wenig Vorbild","og_description":"Die Flexibilit\u00e4t in Schweizer B\u00fcros nimmt zwar zu, die Arbeitsumgebung und vor allem die Unternehmenskultur sind aber nicht gen\u00fcgend aufeinander abgestimmt.","og_url":"https:\/\/www.organisator.ch\/fr\/gestion-2\/2018-07-24\/flexible-arbeitsplatzgestaltung-vorgesetzte-sind-noch-zu-wenig-vorbild\/","og_site_name":"Organisator","article_publisher":"https:\/\/www.facebook.com\/OrganisatorFachmagazin","article_published_time":"2018-07-24T06:09:07+00:00","og_image":[{"width":640,"height":464,"url":"https:\/\/www.organisator.ch\/wp-content\/uploads\/2018\/07\/Flexible-Arbeitsplatzgestaltung-Vorgesetzte-sind-noch-zu-wenig-Vorbild-1_Organisator.jpg","type":"image\/jpeg"}],"author":"thomas.berner","twitter_card":"summary_large_image","twitter_title":"Flexible #Arbeitsplatzgestaltung: Vorgesetzte sind noch zu wenig Vorbild","twitter_description":"Die Flexibilit\u00e4t in Schweizer B\u00fcros nimmt zwar zu, die #Arbeitsumgebung und vor allem die #Unternehmenskultur sind aber nicht gen\u00fcgend aufeinander abgestimmt.","twitter_image":"https:\/\/www.organisator.ch\/wp-content\/uploads\/2018\/07\/Flexible-Arbeitsplatzgestaltung-Vorgesetzte-sind-noch-zu-wenig-Vorbild-1_Organisator.jpg","schema":{"@context":"https:\/\/schema.org","@graph":[{"@type":"Article","@id":"https:\/\/www.organisator.ch\/management\/2018-07-24\/flexible-arbeitsplatzgestaltung-vorgesetzte-sind-noch-zu-wenig-vorbild\/#article","isPartOf":{"@id":"https:\/\/www.organisator.ch\/management\/2018-07-24\/flexible-arbeitsplatzgestaltung-vorgesetzte-sind-noch-zu-wenig-vorbild\/"},"author":{"name":"thomas.berner","@id":"https:\/\/www.organisator.ch\/#\/schema\/person\/6f650f90b2842cd4c0cc334b4e36f67e"},"headline":"Flexible Arbeitsplatzgestaltung: Vorgesetzte sind noch zu wenig Vorbild","datePublished":"2018-07-24T06:09:07+00:00","mainEntityOfPage":{"@id":"https:\/\/www.organisator.ch\/management\/2018-07-24\/flexible-arbeitsplatzgestaltung-vorgesetzte-sind-noch-zu-wenig-vorbild\/"},"wordCount":846,"commentCount":1,"publisher":{"@id":"https:\/\/www.organisator.ch\/#organization"},"image":{"@id":"https:\/\/www.organisator.ch\/management\/2018-07-24\/flexible-arbeitsplatzgestaltung-vorgesetzte-sind-noch-zu-wenig-vorbild\/#primaryimage"},"thumbnailUrl":"https:\/\/www.organisator.ch\/wp-content\/uploads\/2018\/07\/Flexible-Arbeitsplatzgestaltung-Vorgesetzte-sind-noch-zu-wenig-Vorbild-1_Organisator.jpg","keywords":["Arbeitsplatzgestaltung","B\u00fcro","Digitalisierung","Management","Studie"],"articleSection":["MANAGEMENT"],"inLanguage":"fr-FR"},{"@type":"WebPage","@id":"https:\/\/www.organisator.ch\/management\/2018-07-24\/flexible-arbeitsplatzgestaltung-vorgesetzte-sind-noch-zu-wenig-vorbild\/","url":"https:\/\/www.organisator.ch\/management\/2018-07-24\/flexible-arbeitsplatzgestaltung-vorgesetzte-sind-noch-zu-wenig-vorbild\/","name":"Am\u00e9nagement flexible du lieu de travail : les sup\u00e9rieurs ne sont pas encore assez exemplaires - Organisateur","isPartOf":{"@id":"https:\/\/www.organisator.ch\/#website"},"primaryImageOfPage":{"@id":"https:\/\/www.organisator.ch\/management\/2018-07-24\/flexible-arbeitsplatzgestaltung-vorgesetzte-sind-noch-zu-wenig-vorbild\/#primaryimage"},"image":{"@id":"https:\/\/www.organisator.ch\/management\/2018-07-24\/flexible-arbeitsplatzgestaltung-vorgesetzte-sind-noch-zu-wenig-vorbild\/#primaryimage"},"thumbnailUrl":"https:\/\/www.organisator.ch\/wp-content\/uploads\/2018\/07\/Flexible-Arbeitsplatzgestaltung-Vorgesetzte-sind-noch-zu-wenig-Vorbild-1_Organisator.jpg","datePublished":"2018-07-24T06:09:07+00:00","description":"La flexibilit\u00e9 dans les bureaux suisses est certes en augmentation, mais l'environnement de travail et surtout la culture d'entreprise ne sont pas suffisamment harmonis\u00e9s.","breadcrumb":{"@id":"https:\/\/www.organisator.ch\/management\/2018-07-24\/flexible-arbeitsplatzgestaltung-vorgesetzte-sind-noch-zu-wenig-vorbild\/#breadcrumb"},"inLanguage":"fr-FR","potentialAction":[{"@type":"ReadAction","target":["https:\/\/www.organisator.ch\/management\/2018-07-24\/flexible-arbeitsplatzgestaltung-vorgesetzte-sind-noch-zu-wenig-vorbild\/"]}]},{"@type":"ImageObject","inLanguage":"fr-FR","@id":"https:\/\/www.organisator.ch\/management\/2018-07-24\/flexible-arbeitsplatzgestaltung-vorgesetzte-sind-noch-zu-wenig-vorbild\/#primaryimage","url":"https:\/\/www.organisator.ch\/wp-content\/uploads\/2018\/07\/Flexible-Arbeitsplatzgestaltung-Vorgesetzte-sind-noch-zu-wenig-Vorbild-1_Organisator.jpg","contentUrl":"https:\/\/www.organisator.ch\/wp-content\/uploads\/2018\/07\/Flexible-Arbeitsplatzgestaltung-Vorgesetzte-sind-noch-zu-wenig-Vorbild-1_Organisator.jpg","width":640,"height":464,"caption":"Arbeitsplatzgestaltung heute: In vielen Unternehmen sieht es trotz Digitalisierung und flexiblen Arbeitsmodellen immer noch so aus. (Bild: Margot Kessler - pixelio.de)"},{"@type":"BreadcrumbList","@id":"https:\/\/www.organisator.ch\/management\/2018-07-24\/flexible-arbeitsplatzgestaltung-vorgesetzte-sind-noch-zu-wenig-vorbild\/#breadcrumb","itemListElement":[{"@type":"ListItem","position":1,"name":"Home","item":"https:\/\/www.organisator.ch\/"},{"@type":"ListItem","position":2,"name":"Flexible Arbeitsplatzgestaltung: Vorgesetzte sind noch zu wenig Vorbild"}]},{"@type":"WebSite","@id":"https:\/\/www.organisator.ch\/#website","url":"https:\/\/www.organisator.ch\/","name":"Organisateur","description":"Comp\u00e9tence et comp\u00e9tence. Proches de la pratique. L'ORGANISATEUR pr\u00e9pare 10 num\u00e9ros par an sur les th\u00e8mes essentiels pour les dirigeants de PME.","publisher":{"@id":"https:\/\/www.organisator.ch\/#organization"},"potentialAction":[{"@type":"SearchAction","target":{"@type":"EntryPoint","urlTemplate":"https:\/\/www.organisator.ch\/?s={search_term_string}"},"query-input":{"@type":"PropertyValueSpecification","valueRequired":true,"valueName":"search_term_string"}}],"inLanguage":"fr-FR"},{"@type":"Organization","@id":"https:\/\/www.organisator.ch\/#organization","name":"Organisateur","url":"https:\/\/www.organisator.ch\/","logo":{"@type":"ImageObject","inLanguage":"fr-FR","@id":"https:\/\/www.organisator.ch\/#\/schema\/logo\/image\/","url":"https:\/\/www.organisator.ch\/wp-content\/uploads\/2022\/01\/Logo_Organisator_Website.png","contentUrl":"https:\/\/www.organisator.ch\/wp-content\/uploads\/2022\/01\/Logo_Organisator_Website.png","width":800,"height":77,"caption":"Organisator"},"image":{"@id":"https:\/\/www.organisator.ch\/#\/schema\/logo\/image\/"},"sameAs":["https:\/\/www.facebook.com\/OrganisatorFachmagazin","https:\/\/www.linkedin.com\/showcase\/organisator-das-magazin-fr-kmu","https:\/\/www.xing.com\/news\/pages\/organisator-ch-695","https:\/\/www.youtube.com\/channel\/UCGP2Sq0iWaZwT3BdIAQFYpw"]},{"@type":"Person","@id":"https:\/\/www.organisator.ch\/#\/schema\/person\/6f650f90b2842cd4c0cc334b4e36f67e","name":"thomas.berner","image":{"@type":"ImageObject","inLanguage":"fr-FR","@id":"https:\/\/secure.gravatar.com\/avatar\/ac5001d2a36cb6c6cd3e50789007ffca834b477b74a2144564522e944eabff61?s=96&d=mm&r=g","url":"https:\/\/secure.gravatar.com\/avatar\/ac5001d2a36cb6c6cd3e50789007ffca834b477b74a2144564522e944eabff61?s=96&d=mm&r=g","contentUrl":"https:\/\/secure.gravatar.com\/avatar\/ac5001d2a36cb6c6cd3e50789007ffca834b477b74a2144564522e944eabff61?s=96&d=mm&r=g","caption":"thomas.berner"},"url":"https:\/\/www.organisator.ch\/fr\/author\/thomas-berner\/"}]}},"_links":{"self":[{"href":"https:\/\/www.organisator.ch\/fr\/wp-json\/wp\/v2\/posts\/3964","targetHints":{"allow":["GET"]}}],"collection":[{"href":"https:\/\/www.organisator.ch\/fr\/wp-json\/wp\/v2\/posts"}],"about":[{"href":"https:\/\/www.organisator.ch\/fr\/wp-json\/wp\/v2\/types\/post"}],"author":[{"embeddable":true,"href":"https:\/\/www.organisator.ch\/fr\/wp-json\/wp\/v2\/users\/4"}],"replies":[{"embeddable":true,"href":"https:\/\/www.organisator.ch\/fr\/wp-json\/wp\/v2\/comments?post=3964"}],"version-history":[{"count":0,"href":"https:\/\/www.organisator.ch\/fr\/wp-json\/wp\/v2\/posts\/3964\/revisions"}],"wp:featuredmedia":[{"embeddable":true,"href":"https:\/\/www.organisator.ch\/fr\/wp-json\/wp\/v2\/media\/3965"}],"wp:attachment":[{"href":"https:\/\/www.organisator.ch\/fr\/wp-json\/wp\/v2\/media?parent=3964"}],"wp:term":[{"taxonomy":"category","embeddable":true,"href":"https:\/\/www.organisator.ch\/fr\/wp-json\/wp\/v2\/categories?post=3964"},{"taxonomy":"post_tag","embeddable":true,"href":"https:\/\/www.organisator.ch\/fr\/wp-json\/wp\/v2\/tags?post=3964"}],"curies":[{"name":"wp","href":"https:\/\/api.w.org\/{rel}","templated":true}]}}