{"id":39653,"date":"2025-07-23T07:27:34","date_gmt":"2025-07-23T05:27:34","guid":{"rendered":"https:\/\/www.organisator.ch\/?p=39653"},"modified":"2025-07-22T15:27:45","modified_gmt":"2025-07-22T13:27:45","slug":"ef-sprachreisen-sind-weiter-hoch-im-kurs-bei-jugendlichen-und-jungen-erwachsenen","status":"publish","type":"post","link":"https:\/\/www.organisator.ch\/fr\/weiterbildung\/2025-07-23\/ef-sprachreisen-sind-weiter-hoch-im-kurs-bei-jugendlichen-und-jungen-erwachsenen\/","title":{"rendered":"EF : les s\u00e9jours linguistiques toujours tr\u00e8s pris\u00e9s par les adolescents et les jeunes adultes"},"content":{"rendered":"<figure id=\"attachment_39655\" aria-describedby=\"caption-attachment-39655\" style=\"width: 680px\" class=\"wp-caption alignnone\"><img loading=\"lazy\" decoding=\"async\" class=\"size-full wp-image-39655\" src=\"https:\/\/www.organisator.ch\/wp-content\/uploads\/2025\/07\/Education-First_Bild2_psjpg.jpg\" alt=\"\" width=\"680\" height=\"454\" srcset=\"https:\/\/www.organisator.ch\/wp-content\/uploads\/2025\/07\/Education-First_Bild2_psjpg.jpg 680w, https:\/\/www.organisator.ch\/wp-content\/uploads\/2025\/07\/Education-First_Bild2_psjpg-18x12.jpg 18w, https:\/\/www.organisator.ch\/wp-content\/uploads\/2025\/07\/Education-First_Bild2_psjpg-375x250.jpg 375w, https:\/\/www.organisator.ch\/wp-content\/uploads\/2025\/07\/Education-First_Bild2_psjpg-524x350.jpg 524w\" sizes=\"auto, (max-width: 680px) 100vw, 680px\" \/><figcaption id=\"caption-attachment-39655\" class=\"wp-caption-text\">Selon des donn\u00e9es r\u00e9centes d'EF, les voyages linguistiques pour les jeunes voyageurs de 16 \u00e0 25 ans restent tr\u00e8s demand\u00e9s. (Image : www.efswiss.ch)<\/figcaption><\/figure>\n<p>Les dipl\u00f4mes scolaires et universitaires sont termin\u00e9s, c'est enfin les vacances d'\u00e9t\u00e9. De nombreux jeunes se demandent ce qui les attend ensuite. Beaucoup d'entre eux d\u00e9cident alors de partir en s\u00e9jour linguistique, volontiers en combinaison avec un stage ou un engagement social. Les exp\u00e9riences \u00e0 l'\u00e9tranger, accompagn\u00e9es d'une premi\u00e8re exp\u00e9rience professionnelle ou d'un travail b\u00e9n\u00e9vole, sont tr\u00e8s appr\u00e9ci\u00e9es dans le monde du travail ainsi que dans les \u00e9tablissements d'enseignement sup\u00e9rieur ou de formation.\u00a0<\/p>\n<p>Selon des donn\u00e9es r\u00e9centes d'EF, les voyages linguistiques pour les jeunes voyageurs \u00e2g\u00e9s de 16 \u00e0 25 ans restent tr\u00e8s demand\u00e9s. EF est l'un des principaux fournisseurs mondiaux de programmes \u00e9ducatifs internationaux et a son si\u00e8ge en Suisse. Les recherches actuelles sur le web confirment la tendance des voyages linguistiques. Par rapport au m\u00eame mois de l'ann\u00e9e pr\u00e9c\u00e9dente, l'int\u00e9r\u00eat sp\u00e9cifique pour \"l'ann\u00e9e interm\u00e9diaire\" a par exemple augment\u00e9 de 70 % en mai 2025.\u00a0<\/p>\n<h3><strong>Les \u00c9tats-Unis restent une destination phare<\/strong><\/h3>\n<p>Malgr\u00e9 les d\u00e9fis politiques, les \u00c9tats-Unis continuent de s'affirmer comme la destination de loin la plus populaire pour les jeunes voyageurs linguistiques, avec une demande en l\u00e9g\u00e8re hausse par rapport \u00e0 l'ann\u00e9e derni\u00e8re. La faiblesse du dollar am\u00e9ricain pourrait \u00eatre une incitation suppl\u00e9mentaire. Suivent l'Angleterre et l'Australie.\u00a0\u00a0<\/p>\n<p>Les cinq premi\u00e8res \u00e9coles EF se trouvent actuellement \u00e0 Nice, Malte, San Diego, Honolulu et Miami- trois des cinq premi\u00e8res sont donc aux Etats-Unis.\u00a0<em>\"<\/em>Les Etats-Unis continuent de fasciner les jeunes, que ce soit pour la langue ou l'ambiance internationale. Pour beaucoup, un s\u00e9jour prolong\u00e9 l\u00e0-bas reste exactement l'exp\u00e9rience qu'ils recherchent\", explique Simone Moser, directrice adjointe d'EF Suisse.\u00a0<\/p>\n<h3><strong>Le Japon et la Cor\u00e9e du Sud ont le vent en poupe\u00a0<\/strong><\/h3>\n<p>Le japonais est de plus en plus populaire aupr\u00e8s des \u00e9tudiants suisses, notamment en raison de l'engouement mondial pour les mangas, les animes et la culture pop japonaise.\u00a0<\/p>\n<p>Alors que l'anglais reste le programme EF le plus fr\u00e9quent\u00e9, l'int\u00e9r\u00eat pour le Japon cro\u00eet rapidement. La nouvelle \u00e9cole de langue EF, situ\u00e9e au 36\u00e8me \u00e9tage du Shibuya Sakura Sage, avec une vue spectaculaire sur Tokyo, au milieu du carrefour mondialement connu de Shibuya (connu entre autres dans \"Lost in Translation\"), y contribue peut-\u00eatre. A cela s'ajoute la faiblesse actuelle du yen, qui rend les voyages au Japon particuli\u00e8rement attrayants.\u00a0<\/p>\n<p>La Cor\u00e9e du Sud continue elle aussi de conna\u00eetre un boom, aliment\u00e9 par la K-pop et les K-dramas. EF a \u00e9largi son offre \u00e0 S\u00e9oul afin de r\u00e9pondre \u00e0 la demande croissante. \"Inspir\u00e9s par la culture pop et le d\u00e9sir de d\u00e9couvrir une autre culture sur place, de plus en plus de jeunes d\u00e9couvrent le Japon et la Cor\u00e9e du Sud comme des endroits fascinants pour apprendre une nouvelle langue\", explique Simone Moser.\u00a0<\/p>\n<h3><strong>Conscience des prix : Malte et l'Australie en t\u00eate\u00a0<\/strong><\/h3>\n<p>Cette ann\u00e9e, c'est la demande de longs s\u00e9jours \u00e0 Malte qui a connu la plus forte croissance, suivie par l'Australie.  EF y voit une nette tendance \u00e0 faire des choix plus \u00e9conomiques. Malte marque des points avec le soleil, la mer et un co\u00fbt de la vie relativement bas - id\u00e9al pour les jeunes \u00e0 petit budget.<\/p>\n<p>L'Australie offre quant \u00e0 elle la possibilit\u00e9 de combiner un cours de langue avec un Work &amp; Study. Cela permet non seulement d'acqu\u00e9rir une pr\u00e9cieuse exp\u00e9rience \u00e0 l'\u00e9tranger, mais aussi de financer une partie des d\u00e9penses gr\u00e2ce \u00e0 des petits boulots sur place.<\/p>\n<h3><strong>Orientation pour la vie<\/strong>\u00a0<\/h3>\n<p>Apr\u00e8s avoir obtenu leur dipl\u00f4me, de nombreux adolescents et jeunes adultes mettent l'accent sur le d\u00e9veloppement personnel lors d'un s\u00e9jour linguistique, en plus de la formation linguistique. Ils souhaitent tout simplement \"sortir\", apprendre \u00e0 mieux se conna\u00eetre, acqu\u00e9rir de l'exp\u00e9rience, nouer des contacts internationaux et s'orienter vers la suite de leur parcours professionnel.  \"Les voyages linguistiques offrent aux jeunes un cadre id\u00e9al pour d\u00e9couvrir la voie qu'ils souhaitent suivre. En m\u00eame temps, les nouvelles connaissances linguistiques leur ouvrent de nouvelles opportunit\u00e9s\", explique Simone Moser.\u00a0<\/p>\n<h3><strong>60 ans d'EF (Education First)<\/strong><\/h3>\n<p>EF est une soci\u00e9t\u00e9 internationale d'\u00e9ducation bas\u00e9e en Suisse, sp\u00e9cialis\u00e9e dans la formation acad\u00e9mique, le d\u00e9veloppement professionnel et les programmes d'\u00e9changes culturels. Depuis sa cr\u00e9ation en 1965, la mission d'EF est d'ouvrir le monde par l'\u00e9ducation. EF poss\u00e8de des \u00e9coles de langues et des bureaux dans plus de 60 pays \u00e0 travers le monde. Elle a \u00e9t\u00e9 le partenaire \u00e9ducatif officiel de plusieurs Jeux Olympiques et est le fournisseur officiel de services linguistiques du Tour de France et du Tour de France Femmes pour les ann\u00e9es 2025 et 2026. Le si\u00e8ge d'EF se trouve \u00e0 Zurich et ses bureaux en Suisse al\u00e9manique sont situ\u00e9s \u00e0 B\u00e2le, Berne, Lucerne et Saint-Gall.<\/p>\n<p><em>Source : <a href=\"http:\/\/www.efswiss.ch\">www.efswiss.ch<\/a><\/em><\/p>","protected":false},"excerpt":{"rendered":"<p>Dipl\u00f4me en poche - et maintenant ? Par exemple, un s\u00e9jour linguistique avec EF (Education First). Les Etats-Unis restent la destination phare, l'Asie a le vent en poupe et l'envie de voyager rencontre la conscience des prix.<\/p>","protected":false},"author":58,"featured_media":39655,"comment_status":"closed","ping_status":"closed","sticky":false,"template":"","format":"standard","meta":{"_acf_changed":false,"_yoast_wpseo_focuskw":"EF","_yoast_wpseo_metadesc":"Abschluss in der Tasche \u2013 und jetzt? Zum Beispiel eine Sprachreise mit EF (Education First). Die USA bleiben das Top-Ziel.","articlekey":"","footnotes":""},"categories":[30],"tags":[4536,62,446,5461,485],"class_list":["post-39653","post","type-post","status-publish","format-standard","has-post-thumbnail","hentry","category-weiterbildung","tag-abschluss","tag-aus-weiterbildung","tag-sprachreisen","tag-top-ziele","tag-trends"],"acf":[],"yoast_head":"<!-- This site is optimized with the Yoast SEO plugin v27.4 - https:\/\/yoast.com\/product\/yoast-seo-wordpress\/ -->\n<title>EF: Sprachreisen sind weiter hoch im Kurs bei Jugendlichen und jungen Erwachsenen - Organisator<\/title>\n<meta name=\"description\" content=\"Abschluss in der Tasche \u2013 und jetzt? Zum Beispiel eine Sprachreise mit EF (Education First). Die USA bleiben das Top-Ziel.\" \/>\n<meta name=\"robots\" content=\"index, follow, max-snippet:-1, max-image-preview:large, max-video-preview:-1\" \/>\n<link rel=\"canonical\" href=\"https:\/\/www.organisator.ch\/fr\/formation-continue-2\/2025-07-23\/ef-sprachreisen-sind-weiter-hoch-im-kurs-bei-jugendlichen-und-jungen-erwachsenen\/\" \/>\n<meta property=\"og:locale\" content=\"fr_FR\" \/>\n<meta property=\"og:type\" content=\"article\" \/>\n<meta property=\"og:title\" content=\"EF: Sprachreisen sind weiter hoch im Kurs bei Jugendlichen und jungen Erwachsenen\" \/>\n<meta property=\"og:description\" content=\"Abschluss in der Tasche \u2013 und jetzt? Zum Beispiel eine Sprachreise mit EF (Education First). Die USA bleiben das Top-Ziel.\" \/>\n<meta property=\"og:url\" content=\"https:\/\/www.organisator.ch\/fr\/formation-continue-2\/2025-07-23\/ef-sprachreisen-sind-weiter-hoch-im-kurs-bei-jugendlichen-und-jungen-erwachsenen\/\" \/>\n<meta property=\"og:site_name\" content=\"Organisator\" \/>\n<meta property=\"article:publisher\" content=\"https:\/\/www.facebook.com\/OrganisatorFachmagazin\" \/>\n<meta property=\"article:published_time\" content=\"2025-07-23T05:27:34+00:00\" \/>\n<meta property=\"og:image\" content=\"https:\/\/www.organisator.ch\/wp-content\/uploads\/2025\/07\/Education-First_Bild2_psjpg.jpg\" \/>\n\t<meta property=\"og:image:width\" content=\"680\" \/>\n\t<meta property=\"og:image:height\" content=\"454\" \/>\n\t<meta property=\"og:image:type\" content=\"image\/jpeg\" \/>\n<meta name=\"author\" content=\"Adelisa Kalajdzini\" \/>\n<meta name=\"twitter:card\" content=\"summary_large_image\" \/>\n<meta name=\"twitter:title\" content=\"EF: Sprachreisen sind weiter hoch im Kurs bei Jugendlichen und jungen Erwachsenen\" \/>\n<meta name=\"twitter:description\" content=\"#Abschluss in der Tasche \u2013 und jetzt? Zum Beispiel eine #Sprachreise mit #EF (Education First). Die #USA bleiben das #Top-Ziel.\" \/>\n<meta name=\"twitter:image\" content=\"https:\/\/www.organisator.ch\/wp-content\/uploads\/2025\/07\/Education-First_Bild2_psjpg.jpg\" \/>\n<script type=\"application\/ld+json\" class=\"yoast-schema-graph\">{\"@context\":\"https:\\\/\\\/schema.org\",\"@graph\":[{\"@type\":\"Article\",\"@id\":\"https:\\\/\\\/www.organisator.ch\\\/weiterbildung\\\/2025-07-23\\\/ef-sprachreisen-sind-weiter-hoch-im-kurs-bei-jugendlichen-und-jungen-erwachsenen\\\/#article\",\"isPartOf\":{\"@id\":\"https:\\\/\\\/www.organisator.ch\\\/weiterbildung\\\/2025-07-23\\\/ef-sprachreisen-sind-weiter-hoch-im-kurs-bei-jugendlichen-und-jungen-erwachsenen\\\/\"},\"author\":{\"name\":\"Adelisa Kalajdzini\",\"@id\":\"https:\\\/\\\/www.organisator.ch\\\/#\\\/schema\\\/person\\\/2e1314a2172123f874db408d8911d3f3\"},\"headline\":\"EF: Sprachreisen sind weiter hoch im Kurs bei Jugendlichen und jungen Erwachsenen\",\"datePublished\":\"2025-07-23T05:27:34+00:00\",\"mainEntityOfPage\":{\"@id\":\"https:\\\/\\\/www.organisator.ch\\\/weiterbildung\\\/2025-07-23\\\/ef-sprachreisen-sind-weiter-hoch-im-kurs-bei-jugendlichen-und-jungen-erwachsenen\\\/\"},\"wordCount\":702,\"publisher\":{\"@id\":\"https:\\\/\\\/www.organisator.ch\\\/#organization\"},\"image\":{\"@id\":\"https:\\\/\\\/www.organisator.ch\\\/weiterbildung\\\/2025-07-23\\\/ef-sprachreisen-sind-weiter-hoch-im-kurs-bei-jugendlichen-und-jungen-erwachsenen\\\/#primaryimage\"},\"thumbnailUrl\":\"https:\\\/\\\/www.organisator.ch\\\/wp-content\\\/uploads\\\/2025\\\/07\\\/Education-First_Bild2_psjpg.jpg\",\"keywords\":[\"Abschluss\",\"Aus-\\\/Weiterbildung\",\"Sprachreisen\",\"Top-Ziele\",\"Trends\"],\"articleSection\":[\"WEITERBILDUNG\"],\"inLanguage\":\"fr-FR\"},{\"@type\":\"WebPage\",\"@id\":\"https:\\\/\\\/www.organisator.ch\\\/weiterbildung\\\/2025-07-23\\\/ef-sprachreisen-sind-weiter-hoch-im-kurs-bei-jugendlichen-und-jungen-erwachsenen\\\/\",\"url\":\"https:\\\/\\\/www.organisator.ch\\\/weiterbildung\\\/2025-07-23\\\/ef-sprachreisen-sind-weiter-hoch-im-kurs-bei-jugendlichen-und-jungen-erwachsenen\\\/\",\"name\":\"EF: Sprachreisen sind weiter hoch im Kurs bei Jugendlichen und jungen Erwachsenen - Organisator\",\"isPartOf\":{\"@id\":\"https:\\\/\\\/www.organisator.ch\\\/#website\"},\"primaryImageOfPage\":{\"@id\":\"https:\\\/\\\/www.organisator.ch\\\/weiterbildung\\\/2025-07-23\\\/ef-sprachreisen-sind-weiter-hoch-im-kurs-bei-jugendlichen-und-jungen-erwachsenen\\\/#primaryimage\"},\"image\":{\"@id\":\"https:\\\/\\\/www.organisator.ch\\\/weiterbildung\\\/2025-07-23\\\/ef-sprachreisen-sind-weiter-hoch-im-kurs-bei-jugendlichen-und-jungen-erwachsenen\\\/#primaryimage\"},\"thumbnailUrl\":\"https:\\\/\\\/www.organisator.ch\\\/wp-content\\\/uploads\\\/2025\\\/07\\\/Education-First_Bild2_psjpg.jpg\",\"datePublished\":\"2025-07-23T05:27:34+00:00\",\"description\":\"Abschluss in der Tasche \u2013 und jetzt? Zum Beispiel eine Sprachreise mit EF (Education First). Die USA bleiben das Top-Ziel.\",\"breadcrumb\":{\"@id\":\"https:\\\/\\\/www.organisator.ch\\\/weiterbildung\\\/2025-07-23\\\/ef-sprachreisen-sind-weiter-hoch-im-kurs-bei-jugendlichen-und-jungen-erwachsenen\\\/#breadcrumb\"},\"inLanguage\":\"fr-FR\",\"potentialAction\":[{\"@type\":\"ReadAction\",\"target\":[\"https:\\\/\\\/www.organisator.ch\\\/weiterbildung\\\/2025-07-23\\\/ef-sprachreisen-sind-weiter-hoch-im-kurs-bei-jugendlichen-und-jungen-erwachsenen\\\/\"]}]},{\"@type\":\"ImageObject\",\"inLanguage\":\"fr-FR\",\"@id\":\"https:\\\/\\\/www.organisator.ch\\\/weiterbildung\\\/2025-07-23\\\/ef-sprachreisen-sind-weiter-hoch-im-kurs-bei-jugendlichen-und-jungen-erwachsenen\\\/#primaryimage\",\"url\":\"https:\\\/\\\/www.organisator.ch\\\/wp-content\\\/uploads\\\/2025\\\/07\\\/Education-First_Bild2_psjpg.jpg\",\"contentUrl\":\"https:\\\/\\\/www.organisator.ch\\\/wp-content\\\/uploads\\\/2025\\\/07\\\/Education-First_Bild2_psjpg.jpg\",\"width\":680,\"height\":454,\"caption\":\"Laut aktueller Daten von EF sind Sprachreisen f\u00fcr junge Reisende zwischen 16 und 25 Jahren weiterhin sehr gefragt. (Bild: www.efswiss.ch)\"},{\"@type\":\"BreadcrumbList\",\"@id\":\"https:\\\/\\\/www.organisator.ch\\\/weiterbildung\\\/2025-07-23\\\/ef-sprachreisen-sind-weiter-hoch-im-kurs-bei-jugendlichen-und-jungen-erwachsenen\\\/#breadcrumb\",\"itemListElement\":[{\"@type\":\"ListItem\",\"position\":1,\"name\":\"Home\",\"item\":\"https:\\\/\\\/www.organisator.ch\\\/\"},{\"@type\":\"ListItem\",\"position\":2,\"name\":\"EF: Sprachreisen sind weiter hoch im Kurs bei Jugendlichen und jungen Erwachsenen\"}]},{\"@type\":\"WebSite\",\"@id\":\"https:\\\/\\\/www.organisator.ch\\\/#website\",\"url\":\"https:\\\/\\\/www.organisator.ch\\\/\",\"name\":\"Organisator\",\"description\":\"Kompetent. Praxisnah. Der ORGANISATOR bereitet in 10 Ausgaben pro Jahr die wesentlichen Themen f\u00fcr F\u00fchrungskr\u00e4fte von KMU auf.\",\"publisher\":{\"@id\":\"https:\\\/\\\/www.organisator.ch\\\/#organization\"},\"potentialAction\":[{\"@type\":\"SearchAction\",\"target\":{\"@type\":\"EntryPoint\",\"urlTemplate\":\"https:\\\/\\\/www.organisator.ch\\\/?s={search_term_string}\"},\"query-input\":{\"@type\":\"PropertyValueSpecification\",\"valueRequired\":true,\"valueName\":\"search_term_string\"}}],\"inLanguage\":\"fr-FR\"},{\"@type\":\"Organization\",\"@id\":\"https:\\\/\\\/www.organisator.ch\\\/#organization\",\"name\":\"Organisator\",\"url\":\"https:\\\/\\\/www.organisator.ch\\\/\",\"logo\":{\"@type\":\"ImageObject\",\"inLanguage\":\"fr-FR\",\"@id\":\"https:\\\/\\\/www.organisator.ch\\\/#\\\/schema\\\/logo\\\/image\\\/\",\"url\":\"https:\\\/\\\/www.organisator.ch\\\/wp-content\\\/uploads\\\/2022\\\/01\\\/Logo_Organisator_Website.png\",\"contentUrl\":\"https:\\\/\\\/www.organisator.ch\\\/wp-content\\\/uploads\\\/2022\\\/01\\\/Logo_Organisator_Website.png\",\"width\":800,\"height\":77,\"caption\":\"Organisator\"},\"image\":{\"@id\":\"https:\\\/\\\/www.organisator.ch\\\/#\\\/schema\\\/logo\\\/image\\\/\"},\"sameAs\":[\"https:\\\/\\\/www.facebook.com\\\/OrganisatorFachmagazin\",\"https:\\\/\\\/www.linkedin.com\\\/showcase\\\/organisator-das-magazin-fr-kmu\",\"https:\\\/\\\/www.xing.com\\\/news\\\/pages\\\/organisator-ch-695\",\"https:\\\/\\\/www.youtube.com\\\/channel\\\/UCGP2Sq0iWaZwT3BdIAQFYpw\"]},{\"@type\":\"Person\",\"@id\":\"https:\\\/\\\/www.organisator.ch\\\/#\\\/schema\\\/person\\\/2e1314a2172123f874db408d8911d3f3\",\"name\":\"Adelisa Kalajdzini\",\"image\":{\"@type\":\"ImageObject\",\"inLanguage\":\"fr-FR\",\"@id\":\"https:\\\/\\\/secure.gravatar.com\\\/avatar\\\/09a397c22ac58cad6f160ee8306348599df9df58a8ede73696226897b9fa4b24?s=96&d=mm&r=g\",\"url\":\"https:\\\/\\\/secure.gravatar.com\\\/avatar\\\/09a397c22ac58cad6f160ee8306348599df9df58a8ede73696226897b9fa4b24?s=96&d=mm&r=g\",\"contentUrl\":\"https:\\\/\\\/secure.gravatar.com\\\/avatar\\\/09a397c22ac58cad6f160ee8306348599df9df58a8ede73696226897b9fa4b24?s=96&d=mm&r=g\",\"caption\":\"Adelisa Kalajdzini\"},\"url\":\"https:\\\/\\\/www.organisator.ch\\\/fr\\\/author\\\/adelisa-kalajdzini\\\/\"}]}<\/script>\n<!-- \/ Yoast SEO plugin. -->","yoast_head_json":{"title":"EF : les s\u00e9jours linguistiques toujours tr\u00e8s pris\u00e9s par les adolescents et les jeunes adultes - Organisateur","description":"Dipl\u00f4me en poche - et maintenant ? Par exemple, un s\u00e9jour linguistique avec EF (Education First). Les Etats-Unis restent la destination phare.","robots":{"index":"index","follow":"follow","max-snippet":"max-snippet:-1","max-image-preview":"max-image-preview:large","max-video-preview":"max-video-preview:-1"},"canonical":"https:\/\/www.organisator.ch\/fr\/formation-continue-2\/2025-07-23\/ef-sprachreisen-sind-weiter-hoch-im-kurs-bei-jugendlichen-und-jungen-erwachsenen\/","og_locale":"fr_FR","og_type":"article","og_title":"EF: Sprachreisen sind weiter hoch im Kurs bei Jugendlichen und jungen Erwachsenen","og_description":"Abschluss in der Tasche \u2013 und jetzt? Zum Beispiel eine Sprachreise mit EF (Education First). Die USA bleiben das Top-Ziel.","og_url":"https:\/\/www.organisator.ch\/fr\/formation-continue-2\/2025-07-23\/ef-sprachreisen-sind-weiter-hoch-im-kurs-bei-jugendlichen-und-jungen-erwachsenen\/","og_site_name":"Organisator","article_publisher":"https:\/\/www.facebook.com\/OrganisatorFachmagazin","article_published_time":"2025-07-23T05:27:34+00:00","og_image":[{"width":680,"height":454,"url":"https:\/\/www.organisator.ch\/wp-content\/uploads\/2025\/07\/Education-First_Bild2_psjpg.jpg","type":"image\/jpeg"}],"author":"Adelisa Kalajdzini","twitter_card":"summary_large_image","twitter_title":"EF: Sprachreisen sind weiter hoch im Kurs bei Jugendlichen und jungen Erwachsenen","twitter_description":"#Abschluss in der Tasche \u2013 und jetzt? Zum Beispiel eine #Sprachreise mit #EF (Education First). Die #USA bleiben das #Top-Ziel.","twitter_image":"https:\/\/www.organisator.ch\/wp-content\/uploads\/2025\/07\/Education-First_Bild2_psjpg.jpg","schema":{"@context":"https:\/\/schema.org","@graph":[{"@type":"Article","@id":"https:\/\/www.organisator.ch\/weiterbildung\/2025-07-23\/ef-sprachreisen-sind-weiter-hoch-im-kurs-bei-jugendlichen-und-jungen-erwachsenen\/#article","isPartOf":{"@id":"https:\/\/www.organisator.ch\/weiterbildung\/2025-07-23\/ef-sprachreisen-sind-weiter-hoch-im-kurs-bei-jugendlichen-und-jungen-erwachsenen\/"},"author":{"name":"Adelisa Kalajdzini","@id":"https:\/\/www.organisator.ch\/#\/schema\/person\/2e1314a2172123f874db408d8911d3f3"},"headline":"EF: Sprachreisen sind weiter hoch im Kurs bei Jugendlichen und jungen Erwachsenen","datePublished":"2025-07-23T05:27:34+00:00","mainEntityOfPage":{"@id":"https:\/\/www.organisator.ch\/weiterbildung\/2025-07-23\/ef-sprachreisen-sind-weiter-hoch-im-kurs-bei-jugendlichen-und-jungen-erwachsenen\/"},"wordCount":702,"publisher":{"@id":"https:\/\/www.organisator.ch\/#organization"},"image":{"@id":"https:\/\/www.organisator.ch\/weiterbildung\/2025-07-23\/ef-sprachreisen-sind-weiter-hoch-im-kurs-bei-jugendlichen-und-jungen-erwachsenen\/#primaryimage"},"thumbnailUrl":"https:\/\/www.organisator.ch\/wp-content\/uploads\/2025\/07\/Education-First_Bild2_psjpg.jpg","keywords":["Abschluss","Aus-\/Weiterbildung","Sprachreisen","Top-Ziele","Trends"],"articleSection":["WEITERBILDUNG"],"inLanguage":"fr-FR"},{"@type":"WebPage","@id":"https:\/\/www.organisator.ch\/weiterbildung\/2025-07-23\/ef-sprachreisen-sind-weiter-hoch-im-kurs-bei-jugendlichen-und-jungen-erwachsenen\/","url":"https:\/\/www.organisator.ch\/weiterbildung\/2025-07-23\/ef-sprachreisen-sind-weiter-hoch-im-kurs-bei-jugendlichen-und-jungen-erwachsenen\/","name":"EF : les s\u00e9jours linguistiques toujours tr\u00e8s pris\u00e9s par les adolescents et les jeunes adultes - Organisateur","isPartOf":{"@id":"https:\/\/www.organisator.ch\/#website"},"primaryImageOfPage":{"@id":"https:\/\/www.organisator.ch\/weiterbildung\/2025-07-23\/ef-sprachreisen-sind-weiter-hoch-im-kurs-bei-jugendlichen-und-jungen-erwachsenen\/#primaryimage"},"image":{"@id":"https:\/\/www.organisator.ch\/weiterbildung\/2025-07-23\/ef-sprachreisen-sind-weiter-hoch-im-kurs-bei-jugendlichen-und-jungen-erwachsenen\/#primaryimage"},"thumbnailUrl":"https:\/\/www.organisator.ch\/wp-content\/uploads\/2025\/07\/Education-First_Bild2_psjpg.jpg","datePublished":"2025-07-23T05:27:34+00:00","description":"Dipl\u00f4me en poche - et maintenant ? Par exemple, un s\u00e9jour linguistique avec EF (Education First). Les Etats-Unis restent la destination phare.","breadcrumb":{"@id":"https:\/\/www.organisator.ch\/weiterbildung\/2025-07-23\/ef-sprachreisen-sind-weiter-hoch-im-kurs-bei-jugendlichen-und-jungen-erwachsenen\/#breadcrumb"},"inLanguage":"fr-FR","potentialAction":[{"@type":"ReadAction","target":["https:\/\/www.organisator.ch\/weiterbildung\/2025-07-23\/ef-sprachreisen-sind-weiter-hoch-im-kurs-bei-jugendlichen-und-jungen-erwachsenen\/"]}]},{"@type":"ImageObject","inLanguage":"fr-FR","@id":"https:\/\/www.organisator.ch\/weiterbildung\/2025-07-23\/ef-sprachreisen-sind-weiter-hoch-im-kurs-bei-jugendlichen-und-jungen-erwachsenen\/#primaryimage","url":"https:\/\/www.organisator.ch\/wp-content\/uploads\/2025\/07\/Education-First_Bild2_psjpg.jpg","contentUrl":"https:\/\/www.organisator.ch\/wp-content\/uploads\/2025\/07\/Education-First_Bild2_psjpg.jpg","width":680,"height":454,"caption":"Laut aktueller Daten von EF sind Sprachreisen f\u00fcr junge Reisende zwischen 16 und 25 Jahren weiterhin sehr gefragt. (Bild: www.efswiss.ch)"},{"@type":"BreadcrumbList","@id":"https:\/\/www.organisator.ch\/weiterbildung\/2025-07-23\/ef-sprachreisen-sind-weiter-hoch-im-kurs-bei-jugendlichen-und-jungen-erwachsenen\/#breadcrumb","itemListElement":[{"@type":"ListItem","position":1,"name":"Home","item":"https:\/\/www.organisator.ch\/"},{"@type":"ListItem","position":2,"name":"EF: Sprachreisen sind weiter hoch im Kurs bei Jugendlichen und jungen Erwachsenen"}]},{"@type":"WebSite","@id":"https:\/\/www.organisator.ch\/#website","url":"https:\/\/www.organisator.ch\/","name":"Organisateur","description":"Comp\u00e9tence et comp\u00e9tence. Proches de la pratique. L'ORGANISATEUR pr\u00e9pare 10 num\u00e9ros par an sur les th\u00e8mes essentiels pour les dirigeants de PME.","publisher":{"@id":"https:\/\/www.organisator.ch\/#organization"},"potentialAction":[{"@type":"SearchAction","target":{"@type":"EntryPoint","urlTemplate":"https:\/\/www.organisator.ch\/?s={search_term_string}"},"query-input":{"@type":"PropertyValueSpecification","valueRequired":true,"valueName":"search_term_string"}}],"inLanguage":"fr-FR"},{"@type":"Organization","@id":"https:\/\/www.organisator.ch\/#organization","name":"Organisateur","url":"https:\/\/www.organisator.ch\/","logo":{"@type":"ImageObject","inLanguage":"fr-FR","@id":"https:\/\/www.organisator.ch\/#\/schema\/logo\/image\/","url":"https:\/\/www.organisator.ch\/wp-content\/uploads\/2022\/01\/Logo_Organisator_Website.png","contentUrl":"https:\/\/www.organisator.ch\/wp-content\/uploads\/2022\/01\/Logo_Organisator_Website.png","width":800,"height":77,"caption":"Organisator"},"image":{"@id":"https:\/\/www.organisator.ch\/#\/schema\/logo\/image\/"},"sameAs":["https:\/\/www.facebook.com\/OrganisatorFachmagazin","https:\/\/www.linkedin.com\/showcase\/organisator-das-magazin-fr-kmu","https:\/\/www.xing.com\/news\/pages\/organisator-ch-695","https:\/\/www.youtube.com\/channel\/UCGP2Sq0iWaZwT3BdIAQFYpw"]},{"@type":"Person","@id":"https:\/\/www.organisator.ch\/#\/schema\/person\/2e1314a2172123f874db408d8911d3f3","name":"Adelisa Kalajdzini","image":{"@type":"ImageObject","inLanguage":"fr-FR","@id":"https:\/\/secure.gravatar.com\/avatar\/09a397c22ac58cad6f160ee8306348599df9df58a8ede73696226897b9fa4b24?s=96&d=mm&r=g","url":"https:\/\/secure.gravatar.com\/avatar\/09a397c22ac58cad6f160ee8306348599df9df58a8ede73696226897b9fa4b24?s=96&d=mm&r=g","contentUrl":"https:\/\/secure.gravatar.com\/avatar\/09a397c22ac58cad6f160ee8306348599df9df58a8ede73696226897b9fa4b24?s=96&d=mm&r=g","caption":"Adelisa Kalajdzini"},"url":"https:\/\/www.organisator.ch\/fr\/author\/adelisa-kalajdzini\/"}]}},"_links":{"self":[{"href":"https:\/\/www.organisator.ch\/fr\/wp-json\/wp\/v2\/posts\/39653","targetHints":{"allow":["GET"]}}],"collection":[{"href":"https:\/\/www.organisator.ch\/fr\/wp-json\/wp\/v2\/posts"}],"about":[{"href":"https:\/\/www.organisator.ch\/fr\/wp-json\/wp\/v2\/types\/post"}],"author":[{"embeddable":true,"href":"https:\/\/www.organisator.ch\/fr\/wp-json\/wp\/v2\/users\/58"}],"replies":[{"embeddable":true,"href":"https:\/\/www.organisator.ch\/fr\/wp-json\/wp\/v2\/comments?post=39653"}],"version-history":[{"count":6,"href":"https:\/\/www.organisator.ch\/fr\/wp-json\/wp\/v2\/posts\/39653\/revisions"}],"predecessor-version":[{"id":39693,"href":"https:\/\/www.organisator.ch\/fr\/wp-json\/wp\/v2\/posts\/39653\/revisions\/39693"}],"wp:featuredmedia":[{"embeddable":true,"href":"https:\/\/www.organisator.ch\/fr\/wp-json\/wp\/v2\/media\/39655"}],"wp:attachment":[{"href":"https:\/\/www.organisator.ch\/fr\/wp-json\/wp\/v2\/media?parent=39653"}],"wp:term":[{"taxonomy":"category","embeddable":true,"href":"https:\/\/www.organisator.ch\/fr\/wp-json\/wp\/v2\/categories?post=39653"},{"taxonomy":"post_tag","embeddable":true,"href":"https:\/\/www.organisator.ch\/fr\/wp-json\/wp\/v2\/tags?post=39653"}],"curies":[{"name":"wp","href":"https:\/\/api.w.org\/{rel}","templated":true}]}}