{"id":3968,"date":"2018-07-24T13:53:21","date_gmt":"2018-07-24T11:53:21","guid":{"rendered":"https:\/\/www.organisator.ch\/?p=3968"},"modified":"2018-07-24T13:53:21","modified_gmt":"2018-07-24T11:53:21","slug":"firmenverkaeufe-ins-ausland-auf-rekordniveau","status":"publish","type":"post","link":"https:\/\/www.organisator.ch\/fr\/management\/finanzen_recht\/2018-07-24\/firmenverkaeufe-ins-ausland-auf-rekordniveau\/","title":{"rendered":"Les ventes d'entreprises \u00e0 l'\u00e9tranger atteignent un niveau record"},"content":{"rendered":"<figure id=\"attachment_3969\" aria-describedby=\"caption-attachment-3969\" style=\"width: 640px\" class=\"wp-caption alignnone\"><img loading=\"lazy\" decoding=\"async\" class=\"size-full wp-image-3969\" src=\"https:\/\/www.organisator.ch\/wp-content\/uploads\/2018\/07\/Firmenverkaeufe-ins-Ausland-auf-Rekordniveau-1_Organisator.jpg\" alt=\"\" width=\"640\" height=\"427\" srcset=\"https:\/\/www.organisator.ch\/wp-content\/uploads\/2018\/07\/Firmenverkaeufe-ins-Ausland-auf-Rekordniveau-1_Organisator.jpg 640w, https:\/\/www.organisator.ch\/wp-content\/uploads\/2018\/07\/Firmenverkaeufe-ins-Ausland-auf-Rekordniveau-1_Organisator-16x12.jpg 16w, https:\/\/www.organisator.ch\/wp-content\/uploads\/2018\/07\/Firmenverkaeufe-ins-Ausland-auf-Rekordniveau-1_Organisator-262x175.jpg 262w, https:\/\/www.organisator.ch\/wp-content\/uploads\/2018\/07\/Firmenverkaeufe-ins-Ausland-auf-Rekordniveau-1_Organisator-525x350.jpg 525w, https:\/\/www.organisator.ch\/wp-content\/uploads\/2018\/07\/Firmenverkaeufe-ins-Ausland-auf-Rekordniveau-1_Organisator-300x200.jpg 300w\" sizes=\"auto, (max-width: 640px) 100vw, 640px\" \/><figcaption id=\"caption-attachment-3969\" class=\"wp-caption-text\">Les ventes d'entreprises : Les investissements dans les PME suisses sont tr\u00e8s populaires et relativement s\u00fbrs. (Image : Fotolia.com)<\/figcaption><\/figure>\n<p>Les ventes d'entreprises \u00e0 l'\u00e9tranger ont atteint un nouveau record entre janvier et juin 2018 : 40 PME suisses sont pass\u00e9es en mains \u00e9trang\u00e8res, ce qui repr\u00e9sente une augmentation marqu\u00e9e de 38% par rapport \u00e0 la m\u00eame p\u00e9riode de l'ann\u00e9e pr\u00e9c\u00e9dente. Les acheteurs se trouvent majoritairement en Europe, neuf viennent d'Allemagne, trois de France et de Grande-Bretagne et deux de Su\u00e8de. Six acheteurs viennent des Etats-Unis et seulement deux de Chine, selon l'\u00e9valuation semestrielle de l'\u00e9tude Deloitte sur les fusions et acquisitions de PME.<\/p>\n<h2>Les ventes d'entreprises aux investisseurs chinois diminuent<\/h2>\n<p>\"L'augmentation des ventes \u00e0 l'\u00e9tranger est un signe clair de la force et de l'attractivit\u00e9 des PME suisses. Nombre d'entre elles ont acquis des positions importantes sur des march\u00e9s de niche et ont d\u00e9velopp\u00e9 un bon r\u00e9seau international. C'est pourquoi elles sont aussi des cibles convoit\u00e9es, que ce soit par des investisseurs financiers ou par des entreprises du m\u00eame secteur. Avec l'affaiblissement du franc suisse, les prix sont \u00e9galement devenus un peu plus abordables. La grande majorit\u00e9 des investisseurs nourrissent en outre des projets \u00e0 long terme et souhaitent pr\u00e9server le savoir-faire et les emplois en Suisse\", explique Jean-Fran\u00e7ois Lagass\u00e9, Partner Financial Advisory chez Deloitte Suisse. Les investisseurs chinois sont devenus plus r\u00e9serv\u00e9s et se s\u00e9parent \u00e0 nouveau de leurs participations suisses, observe Stephan Br\u00fccher, \u00e9galement partenaire Financial Advisory et Corporate Finance Advisory.<\/p>\n<h2>Les PME suisses ont pu acheter moins<\/h2>\n<p>Jusqu'\u00e0 pr\u00e9sent, les PME ont fait preuve d'une certaine retenue, voire d'un moindre succ\u00e8s, en investissant et en reprenant des concurrents en Suisse et \u00e0 l'\u00e9tranger cette ann\u00e9e. Alors qu'\u00e0 la m\u00eame p\u00e9riode de l'ann\u00e9e pr\u00e9c\u00e9dente, 65 entreprises avaient encore os\u00e9 franchir le pas, elles ne sont plus que 60 \u00e0 l'avoir fait cette ann\u00e9e. Comme les ann\u00e9es pr\u00e9c\u00e9dentes, les PME suisses ont surtout fait des achats dans les pays voisins. Sur les 31 entreprises qui sont pass\u00e9es aux mains de PME suisses, 24 venaient d'Europe et 11 d'Allemagne. Les entreprises suisses ont effectu\u00e9 5 acquisitions aux Etats-Unis, ce qui fait de ce pays le deuxi\u00e8me march\u00e9 le plus attractif pour les rachats.<\/p>\n<figure id=\"attachment_3970\" aria-describedby=\"caption-attachment-3970\" style=\"width: 640px\" class=\"wp-caption alignnone\"><img loading=\"lazy\" decoding=\"async\" class=\"size-full wp-image-3970\" src=\"https:\/\/www.organisator.ch\/wp-content\/uploads\/2018\/07\/Firmenverkaeufe-ins-Ausland-auf-Rekordniveau-2_Organisator.jpg\" alt=\"\" width=\"640\" height=\"118\" srcset=\"https:\/\/www.organisator.ch\/wp-content\/uploads\/2018\/07\/Firmenverkaeufe-ins-Ausland-auf-Rekordniveau-2_Organisator.jpg 640w, https:\/\/www.organisator.ch\/wp-content\/uploads\/2018\/07\/Firmenverkaeufe-ins-Ausland-auf-Rekordniveau-2_Organisator-16x3.jpg 16w, https:\/\/www.organisator.ch\/wp-content\/uploads\/2018\/07\/Firmenverkaeufe-ins-Ausland-auf-Rekordniveau-2_Organisator-375x69.jpg 375w, https:\/\/www.organisator.ch\/wp-content\/uploads\/2018\/07\/Firmenverkaeufe-ins-Ausland-auf-Rekordniveau-2_Organisator-300x55.jpg 300w\" sizes=\"auto, (max-width: 640px) 100vw, 640px\" \/><figcaption id=\"caption-attachment-3970\" class=\"wp-caption-text\">Evolution des fusions et acquisitions par type de transaction 2014 - 2018.<\/figcaption><\/figure>\n<h2>Secteur industriel et t\u00e9l\u00e9communications tr\u00e8s actifs<\/h2>\n<p>Le plus grand nombre de transactions a \u00e9t\u00e9 enregistr\u00e9 dans le secteur industriel (22), suivi des services (16) et des biens de consommation (14). Un nombre remarquablement \u00e9lev\u00e9 d'entreprises du secteur de la technologie, des m\u00e9dias et des t\u00e9l\u00e9communications (TMT) ont chang\u00e9 de mains, huit ont \u00e9t\u00e9 vendues \u00e0 l'\u00e9tranger et trois ont trouv\u00e9 un nouveau propri\u00e9taire en Suisse. \"Les nouvelles technologies et la num\u00e9risation favorisent la croissance et augmentent la productivit\u00e9 dans de nombreux secteurs : les PME pr\u00e9voyantes exploitent activement ce potentiel et trouvent en Suisse des candidats \u00e0 l'achat appropri\u00e9s. Cela n'est gu\u00e8re surprenant, car la Suisse poss\u00e8de des hautes \u00e9coles de rang mondial qui donnent r\u00e9guli\u00e8rement naissance \u00e0 des start-up et des spin-off passionnantes\", explique Lagass\u00e9.<\/p>\n<p>Les entreprises suisses ach\u00e8tent beaucoup d'entreprises industrielles \u00e0 l'\u00e9tranger, 12 des 31 rachats provenaient de ce secteur, la moiti\u00e9 d'entre eux \u00e9tant des entreprises allemandes. Parmi ces six, quatre \u00e9taient des investisseurs strat\u00e9giques qui ont rachet\u00e9 des entreprises correspondant \u00e0 leur portefeuille de produits, et deux \u00e9taient des investisseurs financiers.<\/p>\n<h2>Le private equity sous la pression des investissements<\/h2>\n<p>Au premier semestre 2017, 28% des transactions impliquaient encore des fonds de private equity, contre 36% aujourd'hui. De nombreuses soci\u00e9t\u00e9s de PE profitent de l'environnement de taux d'int\u00e9r\u00eat encore attractif et collectent beaucoup d'argent \u00e0 investir. \"Elles sont soumises \u00e0 une forte pression en mati\u00e8re d'investissement et recherchent intensivement des opportunit\u00e9s d'investissement. Les entreprises de grande qualit\u00e9 et sous-financ\u00e9es sont tr\u00e8s recherch\u00e9es et ch\u00e8res. Les entreprises rachet\u00e9es sont r\u00e9orient\u00e9es avec d\u00e9termination. Les processus ainsi que les structures sont am\u00e9lior\u00e9s afin de pouvoir revendre l'entreprise plus tard. Cette \u00e9volution est judicieuse d'un point de vue \u00e9conomique, car elle permet d'exploiter un potentiel inutilis\u00e9. Les investisseurs sont aujourd'hui plus conscients de la valeur des actifs tels que les collaborateurs de longue date ou les noms de marque bien \u00e9tablis sur le march\u00e9\", explique Br\u00fccher.<\/p>\n<p>Outre les soci\u00e9t\u00e9s de PE, les investisseurs strat\u00e9giques aux bilans sains sont \u00e9galement press\u00e9s d'investir et sont donc \u00e9galement \u00e0 la recherche d'objets d'acquisition ad\u00e9quats. Les prix continuent donc d'augmenter et l'indicateur d'\u00e9valuation pour ce que l'on appelle les 'Deal Multiples' est en hausse depuis six ans d\u00e9j\u00e0 ; au premier semestre 2018, il a de nouveau grimp\u00e9, passant de 9 \u00e0 9,5. \"C'est un nouveau record et cela montre clairement que les prix pay\u00e9s ne correspondent pas toujours aux valeurs r\u00e9elles. Nous constatons cette \u00e9volution non seulement en Suisse, mais aussi dans toute la zone euro. T\u00f4t ou tard, une correction est \u00e0 pr\u00e9voir\", pr\u00e9viennent les sp\u00e9cialistes de Deloitte.<\/p>\n<h2>Une grande incertitude rend les pr\u00e9visions difficiles<\/h2>\n<p>Sur le plan international, les incertitudes politiques et \u00e9conomiques ont plut\u00f4t augment\u00e9 cette ann\u00e9e. \"La fin de la guerre commerciale n'est pas en vue, les taux d'int\u00e9r\u00eat augmentent lentement, l'Italie cr\u00e9e de l'instabilit\u00e9 dans la zone euro et le franc a repris un peu de vigueur. Nous ne savons jamais quand les march\u00e9s vont se retourner, c'est pourquoi nous restons prudemment optimistes pour le reste de l'ann\u00e9e\", explique Lagass\u00e9.<\/p>\n<p>La tendance qui se dessine d\u00e9j\u00e0 plus clairement au niveau mondial vers davantage d'acquisitions disruptives (Disruptive M&amp;A) pourrait toutefois gagner en importance et stimuler les affaires. Au cours du dernier semestre, seuls dix pour cent des transactions concernaient des acheteurs et des vendeurs issus de secteurs diff\u00e9rents. \"De plus en plus d'entreprises acqui\u00e8rent un savoir-faire num\u00e9rique afin d'\u00e9tendre leur propre mod\u00e8le commercial ou de le bouleverser compl\u00e8tement. Les PME des secteurs de la fintech, de l'intelligence artificielle, de la robotique ou de la cybers\u00e9curit\u00e9 font l'objet d'une surveillance particuli\u00e8re\", ajoute Br\u00fccher.<\/p>\n<p><em>Source : <a href=\"http:\/\/www.deloitte.ch\">Deloitte<\/a><\/em><\/p>\n<p>&nbsp;<\/p>","protected":false},"excerpt":{"rendered":"<p>Die Firmenverk\u00e4ufe ins Ausland erreichten zwischen Januar und Juni 2018 einen neuen Rekord: 40 Schweizer KMU gingen in ausl\u00e4ndischen Besitz \u00fcber, das ist ein markanter Anstieg von 38% im Vergleich zur Vorjahresperiode. Die K\u00e4ufer sind mehrheitlich in Europa zu finden, neun stammen aus Deutschland, je drei aus Frankreich und Grossbritannien und zwei aus Schweden. Sechs [&hellip;]<\/p>\n","protected":false},"author":4,"featured_media":3969,"comment_status":"open","ping_status":"open","sticky":false,"template":"","format":"standard","meta":{"_acf_changed":false,"_yoast_wpseo_focuskw":"Firmenverk\u00e4ufe","_yoast_wpseo_metadesc":"Im Vergleich zur Vorjahresperiode kauften ausl\u00e4ndische Firmen 38% Prozent mehr Schweizer KMUs, die Zahl inl\u00e4ndischer K\u00e4ufer blieb beinahe gleich.","articlekey":"","footnotes":""},"categories":[24],"tags":[284,332,335,531],"class_list":["post-3968","post","type-post","status-publish","format-standard","has-post-thumbnail","hentry","category-finanzen_recht","tag-investitionen","tag-ma","tag-management-und-unternehmensfuehrung","tag-wirtschaftspolitik"],"acf":[],"yoast_head":"<!-- This site is optimized with the Yoast SEO plugin v27.5 - https:\/\/yoast.com\/product\/yoast-seo-wordpress\/ -->\n<title>Firmenverk\u00e4ufe ins Ausland auf Rekordniveau - Organisator<\/title>\n<meta name=\"description\" content=\"Im Vergleich zur Vorjahresperiode kauften ausl\u00e4ndische Firmen 38% Prozent mehr Schweizer KMUs, die Zahl inl\u00e4ndischer K\u00e4ufer blieb beinahe gleich.\" \/>\n<meta name=\"robots\" content=\"index, follow, max-snippet:-1, max-image-preview:large, max-video-preview:-1\" \/>\n<link rel=\"canonical\" href=\"https:\/\/www.organisator.ch\/fr\/gestion-2\/finanzen_recht\/2018-07-24\/firmenverkaeufe-ins-ausland-auf-rekordniveau\/\" \/>\n<meta property=\"og:locale\" content=\"fr_FR\" \/>\n<meta property=\"og:type\" content=\"article\" \/>\n<meta property=\"og:title\" content=\"Firmenverk\u00e4ufe ins Ausland auf Rekordniveau\" \/>\n<meta property=\"og:description\" content=\"Im Vergleich zur Vorjahresperiode kauften ausl\u00e4ndische Firmen 38% Prozent mehr Schweizer KMUs, die Zahl inl\u00e4ndischer K\u00e4ufer blieb beinahe gleich.\" \/>\n<meta property=\"og:url\" content=\"https:\/\/www.organisator.ch\/fr\/gestion-2\/finanzen_recht\/2018-07-24\/firmenverkaeufe-ins-ausland-auf-rekordniveau\/\" \/>\n<meta property=\"og:site_name\" content=\"Organisator\" \/>\n<meta property=\"article:publisher\" content=\"https:\/\/www.facebook.com\/OrganisatorFachmagazin\" \/>\n<meta property=\"article:published_time\" content=\"2018-07-24T11:53:21+00:00\" \/>\n<meta property=\"og:image\" content=\"https:\/\/www.organisator.ch\/wp-content\/uploads\/2018\/07\/Firmenverkaeufe-ins-Ausland-auf-Rekordniveau-1_Organisator.jpg\" \/>\n\t<meta property=\"og:image:width\" content=\"640\" \/>\n\t<meta property=\"og:image:height\" content=\"427\" \/>\n\t<meta property=\"og:image:type\" content=\"image\/jpeg\" \/>\n<meta name=\"author\" content=\"thomas.berner\" \/>\n<meta name=\"twitter:card\" content=\"summary_large_image\" \/>\n<meta name=\"twitter:title\" content=\"#Firmenverk\u00e4ufe ins Ausland auf Rekordniveau\" \/>\n<meta name=\"twitter:description\" content=\"Im Vergleich zur Vorjahresperiode kauften ausl\u00e4ndische Firmen 38% Prozent mehr Schweizer #KMUs, die Zahl inl\u00e4ndischer K\u00e4ufer blieb beinahe gleich.\" \/>\n<meta name=\"twitter:image\" content=\"https:\/\/www.organisator.ch\/wp-content\/uploads\/2018\/07\/Firmenverk\u00e4ufe-ins-Ausland-auf-Rekordniveau-1_Organisator.jpg\" \/>\n<script type=\"application\/ld+json\" class=\"yoast-schema-graph\">{\"@context\":\"https:\\\/\\\/schema.org\",\"@graph\":[{\"@type\":\"Article\",\"@id\":\"https:\\\/\\\/www.organisator.ch\\\/management\\\/finanzen_recht\\\/2018-07-24\\\/firmenverkaeufe-ins-ausland-auf-rekordniveau\\\/#article\",\"isPartOf\":{\"@id\":\"https:\\\/\\\/www.organisator.ch\\\/management\\\/finanzen_recht\\\/2018-07-24\\\/firmenverkaeufe-ins-ausland-auf-rekordniveau\\\/\"},\"author\":{\"name\":\"thomas.berner\",\"@id\":\"https:\\\/\\\/www.organisator.ch\\\/#\\\/schema\\\/person\\\/6f650f90b2842cd4c0cc334b4e36f67e\"},\"headline\":\"Firmenverk\u00e4ufe ins Ausland auf Rekordniveau\",\"datePublished\":\"2018-07-24T11:53:21+00:00\",\"mainEntityOfPage\":{\"@id\":\"https:\\\/\\\/www.organisator.ch\\\/management\\\/finanzen_recht\\\/2018-07-24\\\/firmenverkaeufe-ins-ausland-auf-rekordniveau\\\/\"},\"wordCount\":879,\"commentCount\":0,\"publisher\":{\"@id\":\"https:\\\/\\\/www.organisator.ch\\\/#organization\"},\"image\":{\"@id\":\"https:\\\/\\\/www.organisator.ch\\\/management\\\/finanzen_recht\\\/2018-07-24\\\/firmenverkaeufe-ins-ausland-auf-rekordniveau\\\/#primaryimage\"},\"thumbnailUrl\":\"https:\\\/\\\/www.organisator.ch\\\/wp-content\\\/uploads\\\/2018\\\/07\\\/Firmenverkaeufe-ins-Ausland-auf-Rekordniveau-1_Organisator.jpg\",\"keywords\":[\"Investitionen\",\"M&amp;A\",\"Management und Unternehmensf\u00fchrung\",\"Wirtschaftspolitik\"],\"articleSection\":[\"FINANZEN\\\/RECHT\"],\"inLanguage\":\"fr-FR\"},{\"@type\":\"WebPage\",\"@id\":\"https:\\\/\\\/www.organisator.ch\\\/management\\\/finanzen_recht\\\/2018-07-24\\\/firmenverkaeufe-ins-ausland-auf-rekordniveau\\\/\",\"url\":\"https:\\\/\\\/www.organisator.ch\\\/management\\\/finanzen_recht\\\/2018-07-24\\\/firmenverkaeufe-ins-ausland-auf-rekordniveau\\\/\",\"name\":\"Firmenverk\u00e4ufe ins Ausland auf Rekordniveau - Organisator\",\"isPartOf\":{\"@id\":\"https:\\\/\\\/www.organisator.ch\\\/#website\"},\"primaryImageOfPage\":{\"@id\":\"https:\\\/\\\/www.organisator.ch\\\/management\\\/finanzen_recht\\\/2018-07-24\\\/firmenverkaeufe-ins-ausland-auf-rekordniveau\\\/#primaryimage\"},\"image\":{\"@id\":\"https:\\\/\\\/www.organisator.ch\\\/management\\\/finanzen_recht\\\/2018-07-24\\\/firmenverkaeufe-ins-ausland-auf-rekordniveau\\\/#primaryimage\"},\"thumbnailUrl\":\"https:\\\/\\\/www.organisator.ch\\\/wp-content\\\/uploads\\\/2018\\\/07\\\/Firmenverkaeufe-ins-Ausland-auf-Rekordniveau-1_Organisator.jpg\",\"datePublished\":\"2018-07-24T11:53:21+00:00\",\"description\":\"Im Vergleich zur Vorjahresperiode kauften ausl\u00e4ndische Firmen 38% Prozent mehr Schweizer KMUs, die Zahl inl\u00e4ndischer K\u00e4ufer blieb beinahe gleich.\",\"breadcrumb\":{\"@id\":\"https:\\\/\\\/www.organisator.ch\\\/management\\\/finanzen_recht\\\/2018-07-24\\\/firmenverkaeufe-ins-ausland-auf-rekordniveau\\\/#breadcrumb\"},\"inLanguage\":\"fr-FR\",\"potentialAction\":[{\"@type\":\"ReadAction\",\"target\":[\"https:\\\/\\\/www.organisator.ch\\\/management\\\/finanzen_recht\\\/2018-07-24\\\/firmenverkaeufe-ins-ausland-auf-rekordniveau\\\/\"]}]},{\"@type\":\"ImageObject\",\"inLanguage\":\"fr-FR\",\"@id\":\"https:\\\/\\\/www.organisator.ch\\\/management\\\/finanzen_recht\\\/2018-07-24\\\/firmenverkaeufe-ins-ausland-auf-rekordniveau\\\/#primaryimage\",\"url\":\"https:\\\/\\\/www.organisator.ch\\\/wp-content\\\/uploads\\\/2018\\\/07\\\/Firmenverkaeufe-ins-Ausland-auf-Rekordniveau-1_Organisator.jpg\",\"contentUrl\":\"https:\\\/\\\/www.organisator.ch\\\/wp-content\\\/uploads\\\/2018\\\/07\\\/Firmenverkaeufe-ins-Ausland-auf-Rekordniveau-1_Organisator.jpg\",\"width\":640,\"height\":427,\"caption\":\"Firmenverk\u00e4ufe: Investitionen in Schweizer KMUs sind sehr beliebt und relativ sicher. (Bild: Fotolia.com)\"},{\"@type\":\"BreadcrumbList\",\"@id\":\"https:\\\/\\\/www.organisator.ch\\\/management\\\/finanzen_recht\\\/2018-07-24\\\/firmenverkaeufe-ins-ausland-auf-rekordniveau\\\/#breadcrumb\",\"itemListElement\":[{\"@type\":\"ListItem\",\"position\":1,\"name\":\"Home\",\"item\":\"https:\\\/\\\/www.organisator.ch\\\/\"},{\"@type\":\"ListItem\",\"position\":2,\"name\":\"Firmenverk\u00e4ufe ins Ausland auf Rekordniveau\"}]},{\"@type\":\"WebSite\",\"@id\":\"https:\\\/\\\/www.organisator.ch\\\/#website\",\"url\":\"https:\\\/\\\/www.organisator.ch\\\/\",\"name\":\"Organisator\",\"description\":\"Kompetent. Praxisnah. Der ORGANISATOR bereitet in 10 Ausgaben pro Jahr die wesentlichen Themen f\u00fcr F\u00fchrungskr\u00e4fte von KMU auf.\",\"publisher\":{\"@id\":\"https:\\\/\\\/www.organisator.ch\\\/#organization\"},\"potentialAction\":[{\"@type\":\"SearchAction\",\"target\":{\"@type\":\"EntryPoint\",\"urlTemplate\":\"https:\\\/\\\/www.organisator.ch\\\/?s={search_term_string}\"},\"query-input\":{\"@type\":\"PropertyValueSpecification\",\"valueRequired\":true,\"valueName\":\"search_term_string\"}}],\"inLanguage\":\"fr-FR\"},{\"@type\":\"Organization\",\"@id\":\"https:\\\/\\\/www.organisator.ch\\\/#organization\",\"name\":\"Organisator\",\"url\":\"https:\\\/\\\/www.organisator.ch\\\/\",\"logo\":{\"@type\":\"ImageObject\",\"inLanguage\":\"fr-FR\",\"@id\":\"https:\\\/\\\/www.organisator.ch\\\/#\\\/schema\\\/logo\\\/image\\\/\",\"url\":\"https:\\\/\\\/www.organisator.ch\\\/wp-content\\\/uploads\\\/2022\\\/01\\\/Logo_Organisator_Website.png\",\"contentUrl\":\"https:\\\/\\\/www.organisator.ch\\\/wp-content\\\/uploads\\\/2022\\\/01\\\/Logo_Organisator_Website.png\",\"width\":800,\"height\":77,\"caption\":\"Organisator\"},\"image\":{\"@id\":\"https:\\\/\\\/www.organisator.ch\\\/#\\\/schema\\\/logo\\\/image\\\/\"},\"sameAs\":[\"https:\\\/\\\/www.facebook.com\\\/OrganisatorFachmagazin\",\"https:\\\/\\\/www.linkedin.com\\\/showcase\\\/organisator-das-magazin-fr-kmu\",\"https:\\\/\\\/www.xing.com\\\/news\\\/pages\\\/organisator-ch-695\",\"https:\\\/\\\/www.youtube.com\\\/channel\\\/UCGP2Sq0iWaZwT3BdIAQFYpw\"]},{\"@type\":\"Person\",\"@id\":\"https:\\\/\\\/www.organisator.ch\\\/#\\\/schema\\\/person\\\/6f650f90b2842cd4c0cc334b4e36f67e\",\"name\":\"thomas.berner\",\"image\":{\"@type\":\"ImageObject\",\"inLanguage\":\"fr-FR\",\"@id\":\"https:\\\/\\\/secure.gravatar.com\\\/avatar\\\/ac5001d2a36cb6c6cd3e50789007ffca834b477b74a2144564522e944eabff61?s=96&d=mm&r=g\",\"url\":\"https:\\\/\\\/secure.gravatar.com\\\/avatar\\\/ac5001d2a36cb6c6cd3e50789007ffca834b477b74a2144564522e944eabff61?s=96&d=mm&r=g\",\"contentUrl\":\"https:\\\/\\\/secure.gravatar.com\\\/avatar\\\/ac5001d2a36cb6c6cd3e50789007ffca834b477b74a2144564522e944eabff61?s=96&d=mm&r=g\",\"caption\":\"thomas.berner\"},\"url\":\"https:\\\/\\\/www.organisator.ch\\\/fr\\\/author\\\/thomas-berner\\\/\"}]}<\/script>\n<!-- \/ Yoast SEO plugin. -->","yoast_head_json":{"title":"Les ventes d'entreprises \u00e0 l'\u00e9tranger atteignent un niveau record - Organisateur","description":"Par rapport \u00e0 la m\u00eame p\u00e9riode de l'ann\u00e9e pr\u00e9c\u00e9dente, les entreprises \u00e9trang\u00e8res ont achet\u00e9 38% pour cent de PME suisses en plus, le nombre d'acheteurs nationaux est rest\u00e9 presque identique.","robots":{"index":"index","follow":"follow","max-snippet":"max-snippet:-1","max-image-preview":"max-image-preview:large","max-video-preview":"max-video-preview:-1"},"canonical":"https:\/\/www.organisator.ch\/fr\/gestion-2\/finanzen_recht\/2018-07-24\/firmenverkaeufe-ins-ausland-auf-rekordniveau\/","og_locale":"fr_FR","og_type":"article","og_title":"Firmenverk\u00e4ufe ins Ausland auf Rekordniveau","og_description":"Im Vergleich zur Vorjahresperiode kauften ausl\u00e4ndische Firmen 38% Prozent mehr Schweizer KMUs, die Zahl inl\u00e4ndischer K\u00e4ufer blieb beinahe gleich.","og_url":"https:\/\/www.organisator.ch\/fr\/gestion-2\/finanzen_recht\/2018-07-24\/firmenverkaeufe-ins-ausland-auf-rekordniveau\/","og_site_name":"Organisator","article_publisher":"https:\/\/www.facebook.com\/OrganisatorFachmagazin","article_published_time":"2018-07-24T11:53:21+00:00","og_image":[{"width":640,"height":427,"url":"https:\/\/www.organisator.ch\/wp-content\/uploads\/2018\/07\/Firmenverkaeufe-ins-Ausland-auf-Rekordniveau-1_Organisator.jpg","type":"image\/jpeg"}],"author":"thomas.berner","twitter_card":"summary_large_image","twitter_title":"#Firmenverk\u00e4ufe ins Ausland auf Rekordniveau","twitter_description":"Im Vergleich zur Vorjahresperiode kauften ausl\u00e4ndische Firmen 38% Prozent mehr Schweizer #KMUs, die Zahl inl\u00e4ndischer K\u00e4ufer blieb beinahe gleich.","twitter_image":"https:\/\/www.organisator.ch\/wp-content\/uploads\/2018\/07\/Firmenverk\u00e4ufe-ins-Ausland-auf-Rekordniveau-1_Organisator.jpg","schema":{"@context":"https:\/\/schema.org","@graph":[{"@type":"Article","@id":"https:\/\/www.organisator.ch\/management\/finanzen_recht\/2018-07-24\/firmenverkaeufe-ins-ausland-auf-rekordniveau\/#article","isPartOf":{"@id":"https:\/\/www.organisator.ch\/management\/finanzen_recht\/2018-07-24\/firmenverkaeufe-ins-ausland-auf-rekordniveau\/"},"author":{"name":"thomas.berner","@id":"https:\/\/www.organisator.ch\/#\/schema\/person\/6f650f90b2842cd4c0cc334b4e36f67e"},"headline":"Firmenverk\u00e4ufe ins Ausland auf Rekordniveau","datePublished":"2018-07-24T11:53:21+00:00","mainEntityOfPage":{"@id":"https:\/\/www.organisator.ch\/management\/finanzen_recht\/2018-07-24\/firmenverkaeufe-ins-ausland-auf-rekordniveau\/"},"wordCount":879,"commentCount":0,"publisher":{"@id":"https:\/\/www.organisator.ch\/#organization"},"image":{"@id":"https:\/\/www.organisator.ch\/management\/finanzen_recht\/2018-07-24\/firmenverkaeufe-ins-ausland-auf-rekordniveau\/#primaryimage"},"thumbnailUrl":"https:\/\/www.organisator.ch\/wp-content\/uploads\/2018\/07\/Firmenverkaeufe-ins-Ausland-auf-Rekordniveau-1_Organisator.jpg","keywords":["Investitionen","M&amp;A","Management und Unternehmensf\u00fchrung","Wirtschaftspolitik"],"articleSection":["FINANZEN\/RECHT"],"inLanguage":"fr-FR"},{"@type":"WebPage","@id":"https:\/\/www.organisator.ch\/management\/finanzen_recht\/2018-07-24\/firmenverkaeufe-ins-ausland-auf-rekordniveau\/","url":"https:\/\/www.organisator.ch\/management\/finanzen_recht\/2018-07-24\/firmenverkaeufe-ins-ausland-auf-rekordniveau\/","name":"Les ventes d'entreprises \u00e0 l'\u00e9tranger atteignent un niveau record - Organisateur","isPartOf":{"@id":"https:\/\/www.organisator.ch\/#website"},"primaryImageOfPage":{"@id":"https:\/\/www.organisator.ch\/management\/finanzen_recht\/2018-07-24\/firmenverkaeufe-ins-ausland-auf-rekordniveau\/#primaryimage"},"image":{"@id":"https:\/\/www.organisator.ch\/management\/finanzen_recht\/2018-07-24\/firmenverkaeufe-ins-ausland-auf-rekordniveau\/#primaryimage"},"thumbnailUrl":"https:\/\/www.organisator.ch\/wp-content\/uploads\/2018\/07\/Firmenverkaeufe-ins-Ausland-auf-Rekordniveau-1_Organisator.jpg","datePublished":"2018-07-24T11:53:21+00:00","description":"Par rapport \u00e0 la m\u00eame p\u00e9riode de l'ann\u00e9e pr\u00e9c\u00e9dente, les entreprises \u00e9trang\u00e8res ont achet\u00e9 38% pour cent de PME suisses en plus, le nombre d'acheteurs nationaux est rest\u00e9 presque identique.","breadcrumb":{"@id":"https:\/\/www.organisator.ch\/management\/finanzen_recht\/2018-07-24\/firmenverkaeufe-ins-ausland-auf-rekordniveau\/#breadcrumb"},"inLanguage":"fr-FR","potentialAction":[{"@type":"ReadAction","target":["https:\/\/www.organisator.ch\/management\/finanzen_recht\/2018-07-24\/firmenverkaeufe-ins-ausland-auf-rekordniveau\/"]}]},{"@type":"ImageObject","inLanguage":"fr-FR","@id":"https:\/\/www.organisator.ch\/management\/finanzen_recht\/2018-07-24\/firmenverkaeufe-ins-ausland-auf-rekordniveau\/#primaryimage","url":"https:\/\/www.organisator.ch\/wp-content\/uploads\/2018\/07\/Firmenverkaeufe-ins-Ausland-auf-Rekordniveau-1_Organisator.jpg","contentUrl":"https:\/\/www.organisator.ch\/wp-content\/uploads\/2018\/07\/Firmenverkaeufe-ins-Ausland-auf-Rekordniveau-1_Organisator.jpg","width":640,"height":427,"caption":"Firmenverk\u00e4ufe: Investitionen in Schweizer KMUs sind sehr beliebt und relativ sicher. (Bild: Fotolia.com)"},{"@type":"BreadcrumbList","@id":"https:\/\/www.organisator.ch\/management\/finanzen_recht\/2018-07-24\/firmenverkaeufe-ins-ausland-auf-rekordniveau\/#breadcrumb","itemListElement":[{"@type":"ListItem","position":1,"name":"Home","item":"https:\/\/www.organisator.ch\/"},{"@type":"ListItem","position":2,"name":"Firmenverk\u00e4ufe ins Ausland auf Rekordniveau"}]},{"@type":"WebSite","@id":"https:\/\/www.organisator.ch\/#website","url":"https:\/\/www.organisator.ch\/","name":"Organisateur","description":"Comp\u00e9tence et comp\u00e9tence. Proches de la pratique. L'ORGANISATEUR pr\u00e9pare 10 num\u00e9ros par an sur les th\u00e8mes essentiels pour les dirigeants de PME.","publisher":{"@id":"https:\/\/www.organisator.ch\/#organization"},"potentialAction":[{"@type":"SearchAction","target":{"@type":"EntryPoint","urlTemplate":"https:\/\/www.organisator.ch\/?s={search_term_string}"},"query-input":{"@type":"PropertyValueSpecification","valueRequired":true,"valueName":"search_term_string"}}],"inLanguage":"fr-FR"},{"@type":"Organization","@id":"https:\/\/www.organisator.ch\/#organization","name":"Organisateur","url":"https:\/\/www.organisator.ch\/","logo":{"@type":"ImageObject","inLanguage":"fr-FR","@id":"https:\/\/www.organisator.ch\/#\/schema\/logo\/image\/","url":"https:\/\/www.organisator.ch\/wp-content\/uploads\/2022\/01\/Logo_Organisator_Website.png","contentUrl":"https:\/\/www.organisator.ch\/wp-content\/uploads\/2022\/01\/Logo_Organisator_Website.png","width":800,"height":77,"caption":"Organisator"},"image":{"@id":"https:\/\/www.organisator.ch\/#\/schema\/logo\/image\/"},"sameAs":["https:\/\/www.facebook.com\/OrganisatorFachmagazin","https:\/\/www.linkedin.com\/showcase\/organisator-das-magazin-fr-kmu","https:\/\/www.xing.com\/news\/pages\/organisator-ch-695","https:\/\/www.youtube.com\/channel\/UCGP2Sq0iWaZwT3BdIAQFYpw"]},{"@type":"Person","@id":"https:\/\/www.organisator.ch\/#\/schema\/person\/6f650f90b2842cd4c0cc334b4e36f67e","name":"thomas.berner","image":{"@type":"ImageObject","inLanguage":"fr-FR","@id":"https:\/\/secure.gravatar.com\/avatar\/ac5001d2a36cb6c6cd3e50789007ffca834b477b74a2144564522e944eabff61?s=96&d=mm&r=g","url":"https:\/\/secure.gravatar.com\/avatar\/ac5001d2a36cb6c6cd3e50789007ffca834b477b74a2144564522e944eabff61?s=96&d=mm&r=g","contentUrl":"https:\/\/secure.gravatar.com\/avatar\/ac5001d2a36cb6c6cd3e50789007ffca834b477b74a2144564522e944eabff61?s=96&d=mm&r=g","caption":"thomas.berner"},"url":"https:\/\/www.organisator.ch\/fr\/author\/thomas-berner\/"}]}},"_links":{"self":[{"href":"https:\/\/www.organisator.ch\/fr\/wp-json\/wp\/v2\/posts\/3968","targetHints":{"allow":["GET"]}}],"collection":[{"href":"https:\/\/www.organisator.ch\/fr\/wp-json\/wp\/v2\/posts"}],"about":[{"href":"https:\/\/www.organisator.ch\/fr\/wp-json\/wp\/v2\/types\/post"}],"author":[{"embeddable":true,"href":"https:\/\/www.organisator.ch\/fr\/wp-json\/wp\/v2\/users\/4"}],"replies":[{"embeddable":true,"href":"https:\/\/www.organisator.ch\/fr\/wp-json\/wp\/v2\/comments?post=3968"}],"version-history":[{"count":0,"href":"https:\/\/www.organisator.ch\/fr\/wp-json\/wp\/v2\/posts\/3968\/revisions"}],"wp:featuredmedia":[{"embeddable":true,"href":"https:\/\/www.organisator.ch\/fr\/wp-json\/wp\/v2\/media\/3969"}],"wp:attachment":[{"href":"https:\/\/www.organisator.ch\/fr\/wp-json\/wp\/v2\/media?parent=3968"}],"wp:term":[{"taxonomy":"category","embeddable":true,"href":"https:\/\/www.organisator.ch\/fr\/wp-json\/wp\/v2\/categories?post=3968"},{"taxonomy":"post_tag","embeddable":true,"href":"https:\/\/www.organisator.ch\/fr\/wp-json\/wp\/v2\/tags?post=3968"}],"curies":[{"name":"wp","href":"https:\/\/api.w.org\/{rel}","templated":true}]}}