{"id":39699,"date":"2025-07-29T13:29:41","date_gmt":"2025-07-29T11:29:41","guid":{"rendered":"https:\/\/www.organisator.ch\/?p=39699"},"modified":"2025-07-29T13:29:41","modified_gmt":"2025-07-29T11:29:41","slug":"personaldienstleister-im-dritten-jahr-im-minus","status":"publish","type":"post","link":"https:\/\/www.organisator.ch\/fr\/human-resources\/2025-07-29\/personaldienstleister-im-dritten-jahr-im-minus\/","title":{"rendered":"Les services de l'emploi sont dans le rouge pour la troisi\u00e8me ann\u00e9e"},"content":{"rendered":"<figure id=\"attachment_39700\" aria-describedby=\"caption-attachment-39700\" style=\"width: 680px\" class=\"wp-caption alignnone\"><img loading=\"lazy\" decoding=\"async\" class=\"size-full wp-image-39700\" src=\"https:\/\/www.organisator.ch\/wp-content\/uploads\/2025\/07\/Personaldienstleister-im-dritten-Jahr-im-Minus_Organisator.jpg\" alt=\"\" width=\"680\" height=\"437\" srcset=\"https:\/\/www.organisator.ch\/wp-content\/uploads\/2025\/07\/Personaldienstleister-im-dritten-Jahr-im-Minus_Organisator.jpg 680w, https:\/\/www.organisator.ch\/wp-content\/uploads\/2025\/07\/Personaldienstleister-im-dritten-Jahr-im-Minus_Organisator-18x12.jpg 18w, https:\/\/www.organisator.ch\/wp-content\/uploads\/2025\/07\/Personaldienstleister-im-dritten-Jahr-im-Minus_Organisator-375x241.jpg 375w, https:\/\/www.organisator.ch\/wp-content\/uploads\/2025\/07\/Personaldienstleister-im-dritten-Jahr-im-Minus_Organisator-545x350.jpg 545w\" sizes=\"auto, (max-width: 680px) 100vw, 680px\" \/><figcaption id=\"caption-attachment-39700\" class=\"wp-caption-text\">Selon l'actuel Swiss Staffingindex, les services de l'emploi sont dans le rouge pour la troisi\u00e8me ann\u00e9e. (Image : swissstaffing - Union suisse des services de l'emploi)<\/figcaption><\/figure>\n<p>Pour la troisi\u00e8me ann\u00e9e cons\u00e9cutive, les services de l'emploi cl\u00f4turent le premier semestre dans le rouge. Les heures de travail effectu\u00e9es par les int\u00e9rimaires ont baiss\u00e9 de 8,8 pour cent au premier semestre. Le march\u00e9 de l'emploi fixe s'est effondr\u00e9 de 22,8 pour cent par rapport \u00e0 l'ann\u00e9e pr\u00e9c\u00e9dente. Par rapport aux ann\u00e9es pr\u00e9c\u00e9dentes, la tendance \u00e0 la baisse s'est acc\u00e9l\u00e9r\u00e9e sur les deux march\u00e9s partiels. C'est ce que montre l'actuel Swiss Staffingindex.<\/p>\n<h3>La plus forte phase de consolidation depuis des d\u00e9cennies<\/h3>\n<p>L'\u00e9conomie suisse cro\u00eet plus lentement que la moyenne \u00e0 long terme. L'\u00e9conomie d'exportation est particuli\u00e8rement touch\u00e9e. La politique douani\u00e8re du pr\u00e9sident am\u00e9ricain Donald Trump assombrit les perspectives de croissance. C'est pourquoi les entreprises orient\u00e9es vers l'exportation se retiennent d'investir et d'embaucher. Avec une part de march\u00e9 d'environ 28 pour cent, le secteur de l'int\u00e9rim d\u00e9pend fortement de l'\u00e9volution de ce secteur. Oliver Rechsteiner, CEO chez Universal-Job AG, constate : \"Le march\u00e9 de l'int\u00e9rim et des emplois fixes se trouve dans la phase de consolidation la plus forte depuis des d\u00e9cennies. Les entreprises locataires de services sont de plus en plus prudentes et s\u00e9lectives. Dans de nombreux cas, on ne peut plus convaincre qu'avec des profils de haut niveau\". Le Global Economic Policy Uncertainty Index de l'Universit\u00e9 de Stanford et de Northwestern mesure l'incertitude \u00e9conomique li\u00e9e \u00e0 la politique en se basant sur les reportages des m\u00e9dias et confirme l'incertitude observ\u00e9e par Rechsteiner : l'indice a atteint au deuxi\u00e8me trimestre 2025 un niveau historiquement \u00e9lev\u00e9 depuis le d\u00e9but des mesures en 1997.<\/p>\n<h3><b>L'innovation comme r\u00e9ponse au d\u00e9clin du march\u00e9<\/b><\/h3>\n<p>La phase difficile du march\u00e9 exige des agences de recrutement qu'elles innovent. L'utilisation de l'intelligence artificielle, la rationalisation des processus ainsi que de nouvelles mani\u00e8res de recruter et de vendre aident les agences de recrutement \u00e0 survivre sur un march\u00e9 en baisse. Rechsteiner : \"L'intelligence artificielle permet aux services de l'emploi de repenser enti\u00e8rement les processus. Cela se traduit par des avantages en termes de vitesse et de qualit\u00e9\". L'accent mis sur l'innovation n'est pas seulement central dans l'optique de la concurrence avec d'autres prestataires de services de l'emploi. Les services du personnel internes de nombreuses entreprises se modernisent \u00e9galement. Les entreprises de travail temporaire doivent continuer \u00e0 approfondir leur sp\u00e9cialisation afin de conserver leur avance sur leurs clients. La combinaison des investissements n\u00e9cessaires et du recul simultan\u00e9 du march\u00e9 place les agences de travail temporaire devant un d\u00e9fi difficile \u00e0 relever. En m\u00eame temps, les nouvelles technologies offrent une bonne base pour introduire avec succ\u00e8s des innovations.<\/p>\n<h3><b>Perspectives pour l'exercice<\/b><\/h3>\n<p>Le regard vers l'avenir reste prudent. Les perspectives de croissance pour l'ann\u00e9e en cours et l'ann\u00e9e prochaine ont tout r\u00e9cemment \u00e9t\u00e9 revues \u00e0 la baisse par le Secr\u00e9tariat d'\u00c9tat \u00e0 l'\u00e9conomie. La tendance au ralentissement devrait donc se poursuivre. L'\u00e9conomie int\u00e9rieure constitue une lueur d'espoir. La demande croissante de logements et la r\u00e9cente baisse des taux d'int\u00e9r\u00eat de la Banque nationale suisse laissent pr\u00e9sager une activit\u00e9 accrue dans la construction. Avec une part de march\u00e9 de 21 pour cent, le secteur de la construction est le deuxi\u00e8me d\u00e9bouch\u00e9 le plus important de la branche de l'int\u00e9rim. Des impulsions positives en provenance de ce secteur ne pourront vraisemblablement pas faire basculer l'\u00e9volution du march\u00e9 dans le positif cette ann\u00e9e, mais elles permettront de freiner le ralentissement.<\/p>\n<p><em>Source : <a class=\"uri-ext outbound\" href=\"https:\/\/www.swissstaffing.ch\/\" target=\"_blank\" rel=\"noopener\">www.swissstaffing.ch<\/a><\/em><\/p>","protected":false},"excerpt":{"rendered":"<p>Le ralentissement \u00e9conomique p\u00e8se sur le march\u00e9 de l'emploi temporaire et fixe. C'est pourquoi la majorit\u00e9 des services de l'emploi tirent un bilan semestriel n\u00e9gatif. L'incertitude \u00e9conomique accrue p\u00e8se notamment sur les investissements et le march\u00e9 du travail.<\/p>","protected":false},"author":4,"featured_media":39700,"comment_status":"closed","ping_status":"closed","sticky":false,"template":"","format":"standard","meta":{"_acf_changed":false,"_yoast_wpseo_focuskw":"Personaldienstleister","_yoast_wpseo_metadesc":"Der Grossteil der Personaldienstleister zieht einmal mehr eine negative Halbjahresbilanz. Dies zeigt der aktuelle Swiss Staffingindex.","articlekey":"","footnotes":""},"categories":[579],"tags":[254,3544,5334,3745],"class_list":["post-39699","post","type-post","status-publish","format-standard","has-post-thumbnail","hentry","category-human-resources","tag-hrm","tag-personaldienstleistungen","tag-swissstaffing","tag-temporaerarbeit"],"acf":[],"yoast_head":"<!-- This site is optimized with the Yoast SEO plugin v27.4 - https:\/\/yoast.com\/product\/yoast-seo-wordpress\/ -->\n<title>Personaldienstleister im dritten Jahr im Minus - Organisator<\/title>\n<meta name=\"description\" content=\"Der Grossteil der Personaldienstleister zieht einmal mehr eine negative Halbjahresbilanz. Dies zeigt der aktuelle Swiss Staffingindex.\" \/>\n<meta name=\"robots\" content=\"index, follow, max-snippet:-1, max-image-preview:large, max-video-preview:-1\" \/>\n<link rel=\"canonical\" href=\"https:\/\/www.organisator.ch\/fr\/ressources-humaines\/2025-07-29\/personaldienstleister-im-dritten-jahr-im-minus\/\" \/>\n<meta property=\"og:locale\" content=\"fr_FR\" \/>\n<meta property=\"og:type\" content=\"article\" \/>\n<meta property=\"og:title\" content=\"Personaldienstleister im dritten Jahr im Minus\" \/>\n<meta property=\"og:description\" content=\"Der Grossteil der Personaldienstleister zieht einmal mehr eine negative Halbjahresbilanz. Dies zeigt der aktuelle Swiss Staffingindex.\" \/>\n<meta property=\"og:url\" content=\"https:\/\/www.organisator.ch\/fr\/ressources-humaines\/2025-07-29\/personaldienstleister-im-dritten-jahr-im-minus\/\" \/>\n<meta property=\"og:site_name\" content=\"Organisator\" \/>\n<meta property=\"article:publisher\" content=\"https:\/\/www.facebook.com\/OrganisatorFachmagazin\" \/>\n<meta property=\"article:published_time\" content=\"2025-07-29T11:29:41+00:00\" \/>\n<meta property=\"og:image\" content=\"https:\/\/www.organisator.ch\/wp-content\/uploads\/2025\/07\/Personaldienstleister-im-dritten-Jahr-im-Minus_Organisator.jpg\" \/>\n\t<meta property=\"og:image:width\" content=\"680\" \/>\n\t<meta property=\"og:image:height\" content=\"437\" \/>\n\t<meta property=\"og:image:type\" content=\"image\/jpeg\" \/>\n<meta name=\"author\" content=\"thomas.berner\" \/>\n<meta name=\"twitter:card\" content=\"summary_large_image\" \/>\n<meta name=\"twitter:title\" content=\"#Personaldienstleister im dritten Jahr im #Minus\" \/>\n<meta name=\"twitter:description\" content=\"Der Grossteil der #Personaldienstleister zieht einmal mehr eine negative #Halbjahresbilanz. Dies zeigt der aktuelle Swiss #Staffingindex.\" \/>\n<meta name=\"twitter:image\" content=\"https:\/\/www.organisator.ch\/wp-content\/uploads\/2025\/07\/Personaldienstleister-im-dritten-Jahr-im-Minus_Organisator.jpg\" \/>\n<script type=\"application\/ld+json\" class=\"yoast-schema-graph\">{\"@context\":\"https:\\\/\\\/schema.org\",\"@graph\":[{\"@type\":\"Article\",\"@id\":\"https:\\\/\\\/www.organisator.ch\\\/human-resources\\\/2025-07-29\\\/personaldienstleister-im-dritten-jahr-im-minus\\\/#article\",\"isPartOf\":{\"@id\":\"https:\\\/\\\/www.organisator.ch\\\/human-resources\\\/2025-07-29\\\/personaldienstleister-im-dritten-jahr-im-minus\\\/\"},\"author\":{\"name\":\"thomas.berner\",\"@id\":\"https:\\\/\\\/www.organisator.ch\\\/#\\\/schema\\\/person\\\/6f650f90b2842cd4c0cc334b4e36f67e\"},\"headline\":\"Personaldienstleister im dritten Jahr im Minus\",\"datePublished\":\"2025-07-29T11:29:41+00:00\",\"mainEntityOfPage\":{\"@id\":\"https:\\\/\\\/www.organisator.ch\\\/human-resources\\\/2025-07-29\\\/personaldienstleister-im-dritten-jahr-im-minus\\\/\"},\"wordCount\":473,\"publisher\":{\"@id\":\"https:\\\/\\\/www.organisator.ch\\\/#organization\"},\"image\":{\"@id\":\"https:\\\/\\\/www.organisator.ch\\\/human-resources\\\/2025-07-29\\\/personaldienstleister-im-dritten-jahr-im-minus\\\/#primaryimage\"},\"thumbnailUrl\":\"https:\\\/\\\/www.organisator.ch\\\/wp-content\\\/uploads\\\/2025\\\/07\\\/Personaldienstleister-im-dritten-Jahr-im-Minus_Organisator.jpg\",\"keywords\":[\"HRM\",\"Personaldienstleistungen\",\"Swissstaffing\",\"Tempor\u00e4rarbeit\"],\"articleSection\":[\"HUMAN RESOURCES\"],\"inLanguage\":\"fr-FR\"},{\"@type\":\"WebPage\",\"@id\":\"https:\\\/\\\/www.organisator.ch\\\/human-resources\\\/2025-07-29\\\/personaldienstleister-im-dritten-jahr-im-minus\\\/\",\"url\":\"https:\\\/\\\/www.organisator.ch\\\/human-resources\\\/2025-07-29\\\/personaldienstleister-im-dritten-jahr-im-minus\\\/\",\"name\":\"Personaldienstleister im dritten Jahr im Minus - Organisator\",\"isPartOf\":{\"@id\":\"https:\\\/\\\/www.organisator.ch\\\/#website\"},\"primaryImageOfPage\":{\"@id\":\"https:\\\/\\\/www.organisator.ch\\\/human-resources\\\/2025-07-29\\\/personaldienstleister-im-dritten-jahr-im-minus\\\/#primaryimage\"},\"image\":{\"@id\":\"https:\\\/\\\/www.organisator.ch\\\/human-resources\\\/2025-07-29\\\/personaldienstleister-im-dritten-jahr-im-minus\\\/#primaryimage\"},\"thumbnailUrl\":\"https:\\\/\\\/www.organisator.ch\\\/wp-content\\\/uploads\\\/2025\\\/07\\\/Personaldienstleister-im-dritten-Jahr-im-Minus_Organisator.jpg\",\"datePublished\":\"2025-07-29T11:29:41+00:00\",\"description\":\"Der Grossteil der Personaldienstleister zieht einmal mehr eine negative Halbjahresbilanz. Dies zeigt der aktuelle Swiss Staffingindex.\",\"breadcrumb\":{\"@id\":\"https:\\\/\\\/www.organisator.ch\\\/human-resources\\\/2025-07-29\\\/personaldienstleister-im-dritten-jahr-im-minus\\\/#breadcrumb\"},\"inLanguage\":\"fr-FR\",\"potentialAction\":[{\"@type\":\"ReadAction\",\"target\":[\"https:\\\/\\\/www.organisator.ch\\\/human-resources\\\/2025-07-29\\\/personaldienstleister-im-dritten-jahr-im-minus\\\/\"]}]},{\"@type\":\"ImageObject\",\"inLanguage\":\"fr-FR\",\"@id\":\"https:\\\/\\\/www.organisator.ch\\\/human-resources\\\/2025-07-29\\\/personaldienstleister-im-dritten-jahr-im-minus\\\/#primaryimage\",\"url\":\"https:\\\/\\\/www.organisator.ch\\\/wp-content\\\/uploads\\\/2025\\\/07\\\/Personaldienstleister-im-dritten-Jahr-im-Minus_Organisator.jpg\",\"contentUrl\":\"https:\\\/\\\/www.organisator.ch\\\/wp-content\\\/uploads\\\/2025\\\/07\\\/Personaldienstleister-im-dritten-Jahr-im-Minus_Organisator.jpg\",\"width\":680,\"height\":437,\"caption\":\"Gem\u00e4ss aktuellem Swiss Staffingindex befinden sich Personaldienstleister im dritten Jahr im Minus. (Bild: swissstaffing - Verband der Personaldienstleister der Schweiz)\"},{\"@type\":\"BreadcrumbList\",\"@id\":\"https:\\\/\\\/www.organisator.ch\\\/human-resources\\\/2025-07-29\\\/personaldienstleister-im-dritten-jahr-im-minus\\\/#breadcrumb\",\"itemListElement\":[{\"@type\":\"ListItem\",\"position\":1,\"name\":\"Home\",\"item\":\"https:\\\/\\\/www.organisator.ch\\\/\"},{\"@type\":\"ListItem\",\"position\":2,\"name\":\"Personaldienstleister im dritten Jahr im Minus\"}]},{\"@type\":\"WebSite\",\"@id\":\"https:\\\/\\\/www.organisator.ch\\\/#website\",\"url\":\"https:\\\/\\\/www.organisator.ch\\\/\",\"name\":\"Organisator\",\"description\":\"Kompetent. Praxisnah. Der ORGANISATOR bereitet in 10 Ausgaben pro Jahr die wesentlichen Themen f\u00fcr F\u00fchrungskr\u00e4fte von KMU auf.\",\"publisher\":{\"@id\":\"https:\\\/\\\/www.organisator.ch\\\/#organization\"},\"potentialAction\":[{\"@type\":\"SearchAction\",\"target\":{\"@type\":\"EntryPoint\",\"urlTemplate\":\"https:\\\/\\\/www.organisator.ch\\\/?s={search_term_string}\"},\"query-input\":{\"@type\":\"PropertyValueSpecification\",\"valueRequired\":true,\"valueName\":\"search_term_string\"}}],\"inLanguage\":\"fr-FR\"},{\"@type\":\"Organization\",\"@id\":\"https:\\\/\\\/www.organisator.ch\\\/#organization\",\"name\":\"Organisator\",\"url\":\"https:\\\/\\\/www.organisator.ch\\\/\",\"logo\":{\"@type\":\"ImageObject\",\"inLanguage\":\"fr-FR\",\"@id\":\"https:\\\/\\\/www.organisator.ch\\\/#\\\/schema\\\/logo\\\/image\\\/\",\"url\":\"https:\\\/\\\/www.organisator.ch\\\/wp-content\\\/uploads\\\/2022\\\/01\\\/Logo_Organisator_Website.png\",\"contentUrl\":\"https:\\\/\\\/www.organisator.ch\\\/wp-content\\\/uploads\\\/2022\\\/01\\\/Logo_Organisator_Website.png\",\"width\":800,\"height\":77,\"caption\":\"Organisator\"},\"image\":{\"@id\":\"https:\\\/\\\/www.organisator.ch\\\/#\\\/schema\\\/logo\\\/image\\\/\"},\"sameAs\":[\"https:\\\/\\\/www.facebook.com\\\/OrganisatorFachmagazin\",\"https:\\\/\\\/www.linkedin.com\\\/showcase\\\/organisator-das-magazin-fr-kmu\",\"https:\\\/\\\/www.xing.com\\\/news\\\/pages\\\/organisator-ch-695\",\"https:\\\/\\\/www.youtube.com\\\/channel\\\/UCGP2Sq0iWaZwT3BdIAQFYpw\"]},{\"@type\":\"Person\",\"@id\":\"https:\\\/\\\/www.organisator.ch\\\/#\\\/schema\\\/person\\\/6f650f90b2842cd4c0cc334b4e36f67e\",\"name\":\"thomas.berner\",\"image\":{\"@type\":\"ImageObject\",\"inLanguage\":\"fr-FR\",\"@id\":\"https:\\\/\\\/secure.gravatar.com\\\/avatar\\\/ac5001d2a36cb6c6cd3e50789007ffca834b477b74a2144564522e944eabff61?s=96&d=mm&r=g\",\"url\":\"https:\\\/\\\/secure.gravatar.com\\\/avatar\\\/ac5001d2a36cb6c6cd3e50789007ffca834b477b74a2144564522e944eabff61?s=96&d=mm&r=g\",\"contentUrl\":\"https:\\\/\\\/secure.gravatar.com\\\/avatar\\\/ac5001d2a36cb6c6cd3e50789007ffca834b477b74a2144564522e944eabff61?s=96&d=mm&r=g\",\"caption\":\"thomas.berner\"},\"url\":\"https:\\\/\\\/www.organisator.ch\\\/fr\\\/author\\\/thomas-berner\\\/\"}]}<\/script>\n<!-- \/ Yoast SEO plugin. -->","yoast_head_json":{"title":"Les services de l'emploi en d\u00e9ficit pour la troisi\u00e8me ann\u00e9e - Organisateur","description":"Une fois de plus, la majorit\u00e9 des services de l'emploi tirent un bilan semestriel n\u00e9gatif. C'est ce que montre l'actuel Swiss Staffingindex.","robots":{"index":"index","follow":"follow","max-snippet":"max-snippet:-1","max-image-preview":"max-image-preview:large","max-video-preview":"max-video-preview:-1"},"canonical":"https:\/\/www.organisator.ch\/fr\/ressources-humaines\/2025-07-29\/personaldienstleister-im-dritten-jahr-im-minus\/","og_locale":"fr_FR","og_type":"article","og_title":"Personaldienstleister im dritten Jahr im Minus","og_description":"Der Grossteil der Personaldienstleister zieht einmal mehr eine negative Halbjahresbilanz. Dies zeigt der aktuelle Swiss Staffingindex.","og_url":"https:\/\/www.organisator.ch\/fr\/ressources-humaines\/2025-07-29\/personaldienstleister-im-dritten-jahr-im-minus\/","og_site_name":"Organisator","article_publisher":"https:\/\/www.facebook.com\/OrganisatorFachmagazin","article_published_time":"2025-07-29T11:29:41+00:00","og_image":[{"width":680,"height":437,"url":"https:\/\/www.organisator.ch\/wp-content\/uploads\/2025\/07\/Personaldienstleister-im-dritten-Jahr-im-Minus_Organisator.jpg","type":"image\/jpeg"}],"author":"thomas.berner","twitter_card":"summary_large_image","twitter_title":"#Personaldienstleister im dritten Jahr im #Minus","twitter_description":"Der Grossteil der #Personaldienstleister zieht einmal mehr eine negative #Halbjahresbilanz. Dies zeigt der aktuelle Swiss #Staffingindex.","twitter_image":"https:\/\/www.organisator.ch\/wp-content\/uploads\/2025\/07\/Personaldienstleister-im-dritten-Jahr-im-Minus_Organisator.jpg","schema":{"@context":"https:\/\/schema.org","@graph":[{"@type":"Article","@id":"https:\/\/www.organisator.ch\/human-resources\/2025-07-29\/personaldienstleister-im-dritten-jahr-im-minus\/#article","isPartOf":{"@id":"https:\/\/www.organisator.ch\/human-resources\/2025-07-29\/personaldienstleister-im-dritten-jahr-im-minus\/"},"author":{"name":"thomas.berner","@id":"https:\/\/www.organisator.ch\/#\/schema\/person\/6f650f90b2842cd4c0cc334b4e36f67e"},"headline":"Personaldienstleister im dritten Jahr im Minus","datePublished":"2025-07-29T11:29:41+00:00","mainEntityOfPage":{"@id":"https:\/\/www.organisator.ch\/human-resources\/2025-07-29\/personaldienstleister-im-dritten-jahr-im-minus\/"},"wordCount":473,"publisher":{"@id":"https:\/\/www.organisator.ch\/#organization"},"image":{"@id":"https:\/\/www.organisator.ch\/human-resources\/2025-07-29\/personaldienstleister-im-dritten-jahr-im-minus\/#primaryimage"},"thumbnailUrl":"https:\/\/www.organisator.ch\/wp-content\/uploads\/2025\/07\/Personaldienstleister-im-dritten-Jahr-im-Minus_Organisator.jpg","keywords":["HRM","Personaldienstleistungen","Swissstaffing","Tempor\u00e4rarbeit"],"articleSection":["HUMAN RESOURCES"],"inLanguage":"fr-FR"},{"@type":"WebPage","@id":"https:\/\/www.organisator.ch\/human-resources\/2025-07-29\/personaldienstleister-im-dritten-jahr-im-minus\/","url":"https:\/\/www.organisator.ch\/human-resources\/2025-07-29\/personaldienstleister-im-dritten-jahr-im-minus\/","name":"Les services de l'emploi en d\u00e9ficit pour la troisi\u00e8me ann\u00e9e - Organisateur","isPartOf":{"@id":"https:\/\/www.organisator.ch\/#website"},"primaryImageOfPage":{"@id":"https:\/\/www.organisator.ch\/human-resources\/2025-07-29\/personaldienstleister-im-dritten-jahr-im-minus\/#primaryimage"},"image":{"@id":"https:\/\/www.organisator.ch\/human-resources\/2025-07-29\/personaldienstleister-im-dritten-jahr-im-minus\/#primaryimage"},"thumbnailUrl":"https:\/\/www.organisator.ch\/wp-content\/uploads\/2025\/07\/Personaldienstleister-im-dritten-Jahr-im-Minus_Organisator.jpg","datePublished":"2025-07-29T11:29:41+00:00","description":"Une fois de plus, la majorit\u00e9 des services de l'emploi tirent un bilan semestriel n\u00e9gatif. C'est ce que montre l'actuel Swiss Staffingindex.","breadcrumb":{"@id":"https:\/\/www.organisator.ch\/human-resources\/2025-07-29\/personaldienstleister-im-dritten-jahr-im-minus\/#breadcrumb"},"inLanguage":"fr-FR","potentialAction":[{"@type":"ReadAction","target":["https:\/\/www.organisator.ch\/human-resources\/2025-07-29\/personaldienstleister-im-dritten-jahr-im-minus\/"]}]},{"@type":"ImageObject","inLanguage":"fr-FR","@id":"https:\/\/www.organisator.ch\/human-resources\/2025-07-29\/personaldienstleister-im-dritten-jahr-im-minus\/#primaryimage","url":"https:\/\/www.organisator.ch\/wp-content\/uploads\/2025\/07\/Personaldienstleister-im-dritten-Jahr-im-Minus_Organisator.jpg","contentUrl":"https:\/\/www.organisator.ch\/wp-content\/uploads\/2025\/07\/Personaldienstleister-im-dritten-Jahr-im-Minus_Organisator.jpg","width":680,"height":437,"caption":"Gem\u00e4ss aktuellem Swiss Staffingindex befinden sich Personaldienstleister im dritten Jahr im Minus. (Bild: swissstaffing - Verband der Personaldienstleister der Schweiz)"},{"@type":"BreadcrumbList","@id":"https:\/\/www.organisator.ch\/human-resources\/2025-07-29\/personaldienstleister-im-dritten-jahr-im-minus\/#breadcrumb","itemListElement":[{"@type":"ListItem","position":1,"name":"Home","item":"https:\/\/www.organisator.ch\/"},{"@type":"ListItem","position":2,"name":"Personaldienstleister im dritten Jahr im Minus"}]},{"@type":"WebSite","@id":"https:\/\/www.organisator.ch\/#website","url":"https:\/\/www.organisator.ch\/","name":"Organisateur","description":"Comp\u00e9tence et comp\u00e9tence. Proches de la pratique. L'ORGANISATEUR pr\u00e9pare 10 num\u00e9ros par an sur les th\u00e8mes essentiels pour les dirigeants de PME.","publisher":{"@id":"https:\/\/www.organisator.ch\/#organization"},"potentialAction":[{"@type":"SearchAction","target":{"@type":"EntryPoint","urlTemplate":"https:\/\/www.organisator.ch\/?s={search_term_string}"},"query-input":{"@type":"PropertyValueSpecification","valueRequired":true,"valueName":"search_term_string"}}],"inLanguage":"fr-FR"},{"@type":"Organization","@id":"https:\/\/www.organisator.ch\/#organization","name":"Organisateur","url":"https:\/\/www.organisator.ch\/","logo":{"@type":"ImageObject","inLanguage":"fr-FR","@id":"https:\/\/www.organisator.ch\/#\/schema\/logo\/image\/","url":"https:\/\/www.organisator.ch\/wp-content\/uploads\/2022\/01\/Logo_Organisator_Website.png","contentUrl":"https:\/\/www.organisator.ch\/wp-content\/uploads\/2022\/01\/Logo_Organisator_Website.png","width":800,"height":77,"caption":"Organisator"},"image":{"@id":"https:\/\/www.organisator.ch\/#\/schema\/logo\/image\/"},"sameAs":["https:\/\/www.facebook.com\/OrganisatorFachmagazin","https:\/\/www.linkedin.com\/showcase\/organisator-das-magazin-fr-kmu","https:\/\/www.xing.com\/news\/pages\/organisator-ch-695","https:\/\/www.youtube.com\/channel\/UCGP2Sq0iWaZwT3BdIAQFYpw"]},{"@type":"Person","@id":"https:\/\/www.organisator.ch\/#\/schema\/person\/6f650f90b2842cd4c0cc334b4e36f67e","name":"thomas.berner","image":{"@type":"ImageObject","inLanguage":"fr-FR","@id":"https:\/\/secure.gravatar.com\/avatar\/ac5001d2a36cb6c6cd3e50789007ffca834b477b74a2144564522e944eabff61?s=96&d=mm&r=g","url":"https:\/\/secure.gravatar.com\/avatar\/ac5001d2a36cb6c6cd3e50789007ffca834b477b74a2144564522e944eabff61?s=96&d=mm&r=g","contentUrl":"https:\/\/secure.gravatar.com\/avatar\/ac5001d2a36cb6c6cd3e50789007ffca834b477b74a2144564522e944eabff61?s=96&d=mm&r=g","caption":"thomas.berner"},"url":"https:\/\/www.organisator.ch\/fr\/author\/thomas-berner\/"}]}},"_links":{"self":[{"href":"https:\/\/www.organisator.ch\/fr\/wp-json\/wp\/v2\/posts\/39699","targetHints":{"allow":["GET"]}}],"collection":[{"href":"https:\/\/www.organisator.ch\/fr\/wp-json\/wp\/v2\/posts"}],"about":[{"href":"https:\/\/www.organisator.ch\/fr\/wp-json\/wp\/v2\/types\/post"}],"author":[{"embeddable":true,"href":"https:\/\/www.organisator.ch\/fr\/wp-json\/wp\/v2\/users\/4"}],"replies":[{"embeddable":true,"href":"https:\/\/www.organisator.ch\/fr\/wp-json\/wp\/v2\/comments?post=39699"}],"version-history":[{"count":3,"href":"https:\/\/www.organisator.ch\/fr\/wp-json\/wp\/v2\/posts\/39699\/revisions"}],"predecessor-version":[{"id":39737,"href":"https:\/\/www.organisator.ch\/fr\/wp-json\/wp\/v2\/posts\/39699\/revisions\/39737"}],"wp:featuredmedia":[{"embeddable":true,"href":"https:\/\/www.organisator.ch\/fr\/wp-json\/wp\/v2\/media\/39700"}],"wp:attachment":[{"href":"https:\/\/www.organisator.ch\/fr\/wp-json\/wp\/v2\/media?parent=39699"}],"wp:term":[{"taxonomy":"category","embeddable":true,"href":"https:\/\/www.organisator.ch\/fr\/wp-json\/wp\/v2\/categories?post=39699"},{"taxonomy":"post_tag","embeddable":true,"href":"https:\/\/www.organisator.ch\/fr\/wp-json\/wp\/v2\/tags?post=39699"}],"curies":[{"name":"wp","href":"https:\/\/api.w.org\/{rel}","templated":true}]}}