{"id":39702,"date":"2025-07-30T09:33:51","date_gmt":"2025-07-30T07:33:51","guid":{"rendered":"https:\/\/www.organisator.ch\/?p=39702"},"modified":"2025-07-30T09:33:51","modified_gmt":"2025-07-30T07:33:51","slug":"selbstaendige-frauen-in-der-schweiz-zusammenbringen","status":"publish","type":"post","link":"https:\/\/www.organisator.ch\/fr\/management\/2025-07-30\/selbstaendige-frauen-in-der-schweiz-zusammenbringen\/","title":{"rendered":"R\u00e9unir des femmes ind\u00e9pendantes en Suisse"},"content":{"rendered":"<figure id=\"attachment_39703\" aria-describedby=\"caption-attachment-39703\" style=\"width: 680px\" class=\"wp-caption alignnone\"><img loading=\"lazy\" decoding=\"async\" class=\"size-full wp-image-39703\" src=\"https:\/\/www.organisator.ch\/wp-content\/uploads\/2025\/07\/Selbstaendige-Frauen-in-der-Schweiz-zusammenbringen_Organisator.jpg\" alt=\"\" width=\"680\" height=\"455\" srcset=\"https:\/\/www.organisator.ch\/wp-content\/uploads\/2025\/07\/Selbstaendige-Frauen-in-der-Schweiz-zusammenbringen_Organisator.jpg 680w, https:\/\/www.organisator.ch\/wp-content\/uploads\/2025\/07\/Selbstaendige-Frauen-in-der-Schweiz-zusammenbringen_Organisator-18x12.jpg 18w, https:\/\/www.organisator.ch\/wp-content\/uploads\/2025\/07\/Selbstaendige-Frauen-in-der-Schweiz-zusammenbringen_Organisator-375x251.jpg 375w, https:\/\/www.organisator.ch\/wp-content\/uploads\/2025\/07\/Selbstaendige-Frauen-in-der-Schweiz-zusammenbringen_Organisator-523x350.jpg 523w\" sizes=\"auto, (max-width: 680px) 100vw, 680px\" \/><figcaption id=\"caption-attachment-39703\" class=\"wp-caption-text\">Mettre en r\u00e9seau les femmes ind\u00e9pendantes : Lisa Burth (\u00e0 gauche) et Jana Berger. (Image : zVg \/ selbstaendigefrauen.ch)<\/figcaption><\/figure>\n<p>Depuis 2021, la plateforme \"Femmes ind\u00e9pendantes Suisse\" soutient les femmes dans la cr\u00e9ation et la gestion de leur entreprise individuelle. Elle a \u00e9t\u00e9 fond\u00e9e par Jana Berger et Lisa Burth, qui se sont rencontr\u00e9es sur Instagram - elles sont aujourd'hui proches du demi-million de chiffre d'affaires. Leur objectif : rendre le travail ind\u00e9pendant accessible, penser de mani\u00e8re flexible et f\u00e9minine, avec des outils clairs plut\u00f4t que des phrases toutes faites, et avec un r\u00e9seau qui porte.<\/p>\n<h3>Forte communaut\u00e9 de 20'000 femmes autour du th\u00e8me de l'ind\u00e9pendance<\/h3>\n<p>L'\u00e9v\u00e9nement \"Business Boost\" s'adresse aux femmes qui sont (partiellement) ind\u00e9pendantes et qui souhaitent se d\u00e9velopper de mani\u00e8re strat\u00e9gique. Outre des sessions d'input sur la visibilit\u00e9 et la croissance entrepreneuriale, l'\u00e9v\u00e9nement offre un espace d'\u00e9change personnel, de nouvelles impulsions et de community building d'\u00e9gal \u00e0 \u00e9gal. \"Le premier pas vers l'ind\u00e9pendance est souvent le plus difficile - mais personne ne doit le faire seul. Le Business Boost est un \u00e9v\u00e9nement o\u00f9 les femmes peuvent se prendre au s\u00e9rieux, port\u00e9es par une communaut\u00e9 qui renforce au lieu de juger. Nous sommes le point de contact pour les femmes d\u00e9j\u00e0 ind\u00e9pendantes ou qui vont le devenir en Suisse\", explique Jana Berger, cofondatrice de Femmes ind\u00e9pendantes Suisse.<\/p>\n<p>La plate-forme a \u00e9t\u00e9 cr\u00e9\u00e9e pour r\u00e9duire les obstacles \u00e0 la cr\u00e9ation d'entreprise - avec des outils, un accompagnement et une communaut\u00e9 forte. Environ 5'000 femmes ont d\u00e9j\u00e0 profit\u00e9 d'offres, la communaut\u00e9 s'est \u00e9largie \u00e0 pr\u00e8s de 20'000 femmes. Les plateformes de m\u00e9dias sociaux de \"Femmes ind\u00e9pendantes Suisse\" sont en outre \u00e9galement nomin\u00e9es pour le Swiss Influence Award 2025 dans la cat\u00e9gorie Business &amp; Finance. Sur Instagram et dans le podcast sur Spotify, les entrepreneuses re\u00e7oivent de pr\u00e9cieux conseils de Jana Berger et Lisa Burth sur la cr\u00e9ation et la gestion d'une entreprise individuelle. \"Cr\u00e9er une entreprise ne doit pas ressembler \u00e0 un saut dans le vide. Nous donnons aux femmes la structure, la clart\u00e9 et la communaut\u00e9 dont elles ont besoin pour faire le pas vers l'ind\u00e9pendance en toute confiance. Chez Femmes ind\u00e9pendantes, nous ne proposons pas seulement de l'inspiration, mais aussi une aide pratique, des conseils clairs avec une valeur ajout\u00e9e dans le cours en ligne, par exemple avec des mod\u00e8les et des instructions \u00e9tape par \u00e9tape\", explique Lisa Burth, co-fondatrice de Femmes ind\u00e9pendantes Suisse.<\/p>\n<h3>Business Boost Event : Pourquoi maintenant - et pourquoi hors ligne ?<\/h3>\n<p>L'\u00e9v\u00e9nement Business Boost r\u00e9unit pour la premi\u00e8re fois en personne la puissante communaut\u00e9 en ligne. L'\u00e9change sur place renforce la confiance, rend les besoins visibles - et permet d'emporter avec soi de nouveaux contacts et de nouvelles id\u00e9es. L'\u00e9v\u00e9nement est ouvert \u00e0 toutes les femmes, qu'elles soient d\u00e9j\u00e0 ind\u00e9pendantes ou qu'elles apportent leurs premi\u00e8res id\u00e9es. Une garde d'enfants est propos\u00e9e aux m\u00e8res. Un obstacle pour les femmes entrepreneurs qui est ainsi supprim\u00e9.<\/p>\n<p><em>Source et informations compl\u00e9mentaires : <a href=\"https:\/\/selbstaendigefrauen.ch\/\">https:\/\/selbstaendigefrauen.ch\/<\/a><\/em><\/p>\n<blockquote>\n<p>&nbsp;<\/p>\n<p><strong>Aper\u00e7u des \u00e9v\u00e9nements<\/strong><br \/>\nQuoi : Business Boost Event - Devenir visible. Cro\u00eetre de mani\u00e8re durable. Quand : Mercredi 13 ao\u00fbt 2025, 15:00-18:00 O\u00f9 : Resident Eventlocation, Seefeld Zurich (CH) Qui : Femmes ind\u00e9pendantes Suisse - Jana Berger &amp; Lisa Burth<br \/>\nLien vers l'\u00e9v\u00e9nement : https:\/\/selbstaendigefrauen.ch\/business-boost\/<br \/>\nAttention : l'\u00e9v\u00e9nement est d\u00e9j\u00e0 complet. La participation co\u00fbte normalement 169 francs.<\/p>\n<p>\n<\/p>\n<\/blockquote>","protected":false},"excerpt":{"rendered":"<p>De plus en plus de femmes en Suisse cr\u00e9ent leur propre entreprise et ont besoin pour cela non seulement de connaissances, mais aussi de soutien, d'\u00e9changes et de mod\u00e8les. C'est pr\u00e9cis\u00e9ment l\u00e0 qu'intervient la plate-forme \"Femmes ind\u00e9pendantes Suisse\" : Avec un savoir-faire solide, une communaut\u00e9 forte et une vision claire. Le 13 ao\u00fbt 2025, les deux fondatrices Jana Berger et Lisa Burth organiseront pour la premi\u00e8re fois \u00e0 Zurich le Business Boost Event, qui affiche d\u00e9j\u00e0 complet.<\/p>","protected":false},"author":4,"featured_media":39703,"comment_status":"closed","ping_status":"closed","sticky":false,"template":"","format":"standard","meta":{"_acf_changed":false,"_yoast_wpseo_focuskw":"Selbst\u00e4ndige Frauen","_yoast_wpseo_metadesc":"Immer mehr Frauen in der Schweiz gr\u00fcnden ihr eigenes Unternehmen. Die Plattform \u00abSelbst\u00e4ndige Frauen Schweiz\u00bb liefert n\u00f6tiges Know-how dazu.","articlekey":"","footnotes":""},"categories":[28],"tags":[5466,335,3548,501],"class_list":["post-39702","post","type-post","status-publish","format-standard","has-post-thumbnail","hentry","category-management","tag-frauenunternehmen","tag-management-und-unternehmensfuehrung","tag-unternehmensgruendung","tag-unternehmertum"],"acf":[],"yoast_head":"<!-- This site is optimized with the Yoast SEO plugin v27.5 - https:\/\/yoast.com\/product\/yoast-seo-wordpress\/ -->\n<title>Selbst\u00e4ndige Frauen in der Schweiz zusammenbringen - Organisator<\/title>\n<meta name=\"description\" content=\"Immer mehr Frauen in der Schweiz gr\u00fcnden ihr eigenes Unternehmen. Die Plattform \u00abSelbst\u00e4ndige Frauen Schweiz\u00bb liefert n\u00f6tiges Know-how dazu.\" \/>\n<meta name=\"robots\" content=\"index, follow, max-snippet:-1, max-image-preview:large, max-video-preview:-1\" \/>\n<link rel=\"canonical\" href=\"https:\/\/www.organisator.ch\/fr\/gestion-2\/2025-07-30\/selbstaendige-frauen-in-der-schweiz-zusammenbringen\/\" \/>\n<meta property=\"og:locale\" content=\"fr_FR\" \/>\n<meta property=\"og:type\" content=\"article\" \/>\n<meta property=\"og:title\" content=\"Selbst\u00e4ndige Frauen in der Schweiz zusammenbringen\" \/>\n<meta property=\"og:description\" content=\"Immer mehr Frauen in der Schweiz gr\u00fcnden ihr eigenes Unternehmen. Die Plattform \u00abSelbst\u00e4ndige Frauen Schweiz\u00bb liefert n\u00f6tiges Know-how dazu.\" \/>\n<meta property=\"og:url\" content=\"https:\/\/www.organisator.ch\/fr\/gestion-2\/2025-07-30\/selbstaendige-frauen-in-der-schweiz-zusammenbringen\/\" \/>\n<meta property=\"og:site_name\" content=\"Organisator\" \/>\n<meta property=\"article:publisher\" content=\"https:\/\/www.facebook.com\/OrganisatorFachmagazin\" \/>\n<meta property=\"article:published_time\" content=\"2025-07-30T07:33:51+00:00\" \/>\n<meta property=\"og:image\" content=\"https:\/\/www.organisator.ch\/wp-content\/uploads\/2025\/07\/Selbstaendige-Frauen-in-der-Schweiz-zusammenbringen_Organisator.jpg\" \/>\n\t<meta property=\"og:image:width\" content=\"680\" \/>\n\t<meta property=\"og:image:height\" content=\"455\" \/>\n\t<meta property=\"og:image:type\" content=\"image\/jpeg\" \/>\n<meta name=\"author\" content=\"thomas.berner\" \/>\n<meta name=\"twitter:card\" content=\"summary_large_image\" \/>\n<meta name=\"twitter:title\" content=\"#Selbst\u00e4ndige Frauen in der #Schweiz zusammenbringen\" \/>\n<meta name=\"twitter:description\" content=\"Immer mehr Frauen in der Schweiz gr\u00fcnden ihr eigenes #Unternehmen. Die Plattform \u00abSelbst\u00e4ndige Frauen Schweiz\u00bb liefert n\u00f6tiges #Know-how dazu.\" \/>\n<meta name=\"twitter:image\" content=\"https:\/\/www.organisator.ch\/wp-content\/uploads\/2025\/07\/Selbstaendige-Frauen-in-der-Schweiz-zusammenbringen_Organisator.jpg\" \/>\n<script type=\"application\/ld+json\" class=\"yoast-schema-graph\">{\"@context\":\"https:\\\/\\\/schema.org\",\"@graph\":[{\"@type\":\"Article\",\"@id\":\"https:\\\/\\\/www.organisator.ch\\\/management\\\/2025-07-30\\\/selbstaendige-frauen-in-der-schweiz-zusammenbringen\\\/#article\",\"isPartOf\":{\"@id\":\"https:\\\/\\\/www.organisator.ch\\\/management\\\/2025-07-30\\\/selbstaendige-frauen-in-der-schweiz-zusammenbringen\\\/\"},\"author\":{\"name\":\"thomas.berner\",\"@id\":\"https:\\\/\\\/www.organisator.ch\\\/#\\\/schema\\\/person\\\/6f650f90b2842cd4c0cc334b4e36f67e\"},\"headline\":\"Selbst\u00e4ndige Frauen in der Schweiz zusammenbringen\",\"datePublished\":\"2025-07-30T07:33:51+00:00\",\"mainEntityOfPage\":{\"@id\":\"https:\\\/\\\/www.organisator.ch\\\/management\\\/2025-07-30\\\/selbstaendige-frauen-in-der-schweiz-zusammenbringen\\\/\"},\"wordCount\":507,\"publisher\":{\"@id\":\"https:\\\/\\\/www.organisator.ch\\\/#organization\"},\"image\":{\"@id\":\"https:\\\/\\\/www.organisator.ch\\\/management\\\/2025-07-30\\\/selbstaendige-frauen-in-der-schweiz-zusammenbringen\\\/#primaryimage\"},\"thumbnailUrl\":\"https:\\\/\\\/www.organisator.ch\\\/wp-content\\\/uploads\\\/2025\\\/07\\\/Selbstaendige-Frauen-in-der-Schweiz-zusammenbringen_Organisator.jpg\",\"keywords\":[\"Frauenunternehmen\",\"Management und Unternehmensf\u00fchrung\",\"Unternehmensgr\u00fcndung\",\"Unternehmertum\"],\"articleSection\":[\"MANAGEMENT\"],\"inLanguage\":\"fr-FR\"},{\"@type\":\"WebPage\",\"@id\":\"https:\\\/\\\/www.organisator.ch\\\/management\\\/2025-07-30\\\/selbstaendige-frauen-in-der-schweiz-zusammenbringen\\\/\",\"url\":\"https:\\\/\\\/www.organisator.ch\\\/management\\\/2025-07-30\\\/selbstaendige-frauen-in-der-schweiz-zusammenbringen\\\/\",\"name\":\"Selbst\u00e4ndige Frauen in der Schweiz zusammenbringen - Organisator\",\"isPartOf\":{\"@id\":\"https:\\\/\\\/www.organisator.ch\\\/#website\"},\"primaryImageOfPage\":{\"@id\":\"https:\\\/\\\/www.organisator.ch\\\/management\\\/2025-07-30\\\/selbstaendige-frauen-in-der-schweiz-zusammenbringen\\\/#primaryimage\"},\"image\":{\"@id\":\"https:\\\/\\\/www.organisator.ch\\\/management\\\/2025-07-30\\\/selbstaendige-frauen-in-der-schweiz-zusammenbringen\\\/#primaryimage\"},\"thumbnailUrl\":\"https:\\\/\\\/www.organisator.ch\\\/wp-content\\\/uploads\\\/2025\\\/07\\\/Selbstaendige-Frauen-in-der-Schweiz-zusammenbringen_Organisator.jpg\",\"datePublished\":\"2025-07-30T07:33:51+00:00\",\"description\":\"Immer mehr Frauen in der Schweiz gr\u00fcnden ihr eigenes Unternehmen. Die Plattform \u00abSelbst\u00e4ndige Frauen Schweiz\u00bb liefert n\u00f6tiges Know-how dazu.\",\"breadcrumb\":{\"@id\":\"https:\\\/\\\/www.organisator.ch\\\/management\\\/2025-07-30\\\/selbstaendige-frauen-in-der-schweiz-zusammenbringen\\\/#breadcrumb\"},\"inLanguage\":\"fr-FR\",\"potentialAction\":[{\"@type\":\"ReadAction\",\"target\":[\"https:\\\/\\\/www.organisator.ch\\\/management\\\/2025-07-30\\\/selbstaendige-frauen-in-der-schweiz-zusammenbringen\\\/\"]}]},{\"@type\":\"ImageObject\",\"inLanguage\":\"fr-FR\",\"@id\":\"https:\\\/\\\/www.organisator.ch\\\/management\\\/2025-07-30\\\/selbstaendige-frauen-in-der-schweiz-zusammenbringen\\\/#primaryimage\",\"url\":\"https:\\\/\\\/www.organisator.ch\\\/wp-content\\\/uploads\\\/2025\\\/07\\\/Selbstaendige-Frauen-in-der-Schweiz-zusammenbringen_Organisator.jpg\",\"contentUrl\":\"https:\\\/\\\/www.organisator.ch\\\/wp-content\\\/uploads\\\/2025\\\/07\\\/Selbstaendige-Frauen-in-der-Schweiz-zusammenbringen_Organisator.jpg\",\"width\":680,\"height\":455,\"caption\":\"Vernetzen selbst\u00e4ndige Frauen: Lisa Burth und Jana Berger. (Bild: zVg \\\/ selbstaendigefrauen.ch)\"},{\"@type\":\"BreadcrumbList\",\"@id\":\"https:\\\/\\\/www.organisator.ch\\\/management\\\/2025-07-30\\\/selbstaendige-frauen-in-der-schweiz-zusammenbringen\\\/#breadcrumb\",\"itemListElement\":[{\"@type\":\"ListItem\",\"position\":1,\"name\":\"Home\",\"item\":\"https:\\\/\\\/www.organisator.ch\\\/\"},{\"@type\":\"ListItem\",\"position\":2,\"name\":\"Selbst\u00e4ndige Frauen in der Schweiz zusammenbringen\"}]},{\"@type\":\"WebSite\",\"@id\":\"https:\\\/\\\/www.organisator.ch\\\/#website\",\"url\":\"https:\\\/\\\/www.organisator.ch\\\/\",\"name\":\"Organisator\",\"description\":\"Kompetent. Praxisnah. Der ORGANISATOR bereitet in 10 Ausgaben pro Jahr die wesentlichen Themen f\u00fcr F\u00fchrungskr\u00e4fte von KMU auf.\",\"publisher\":{\"@id\":\"https:\\\/\\\/www.organisator.ch\\\/#organization\"},\"potentialAction\":[{\"@type\":\"SearchAction\",\"target\":{\"@type\":\"EntryPoint\",\"urlTemplate\":\"https:\\\/\\\/www.organisator.ch\\\/?s={search_term_string}\"},\"query-input\":{\"@type\":\"PropertyValueSpecification\",\"valueRequired\":true,\"valueName\":\"search_term_string\"}}],\"inLanguage\":\"fr-FR\"},{\"@type\":\"Organization\",\"@id\":\"https:\\\/\\\/www.organisator.ch\\\/#organization\",\"name\":\"Organisator\",\"url\":\"https:\\\/\\\/www.organisator.ch\\\/\",\"logo\":{\"@type\":\"ImageObject\",\"inLanguage\":\"fr-FR\",\"@id\":\"https:\\\/\\\/www.organisator.ch\\\/#\\\/schema\\\/logo\\\/image\\\/\",\"url\":\"https:\\\/\\\/www.organisator.ch\\\/wp-content\\\/uploads\\\/2022\\\/01\\\/Logo_Organisator_Website.png\",\"contentUrl\":\"https:\\\/\\\/www.organisator.ch\\\/wp-content\\\/uploads\\\/2022\\\/01\\\/Logo_Organisator_Website.png\",\"width\":800,\"height\":77,\"caption\":\"Organisator\"},\"image\":{\"@id\":\"https:\\\/\\\/www.organisator.ch\\\/#\\\/schema\\\/logo\\\/image\\\/\"},\"sameAs\":[\"https:\\\/\\\/www.facebook.com\\\/OrganisatorFachmagazin\",\"https:\\\/\\\/www.linkedin.com\\\/showcase\\\/organisator-das-magazin-fr-kmu\",\"https:\\\/\\\/www.xing.com\\\/news\\\/pages\\\/organisator-ch-695\",\"https:\\\/\\\/www.youtube.com\\\/channel\\\/UCGP2Sq0iWaZwT3BdIAQFYpw\"]},{\"@type\":\"Person\",\"@id\":\"https:\\\/\\\/www.organisator.ch\\\/#\\\/schema\\\/person\\\/6f650f90b2842cd4c0cc334b4e36f67e\",\"name\":\"thomas.berner\",\"image\":{\"@type\":\"ImageObject\",\"inLanguage\":\"fr-FR\",\"@id\":\"https:\\\/\\\/secure.gravatar.com\\\/avatar\\\/ac5001d2a36cb6c6cd3e50789007ffca834b477b74a2144564522e944eabff61?s=96&d=mm&r=g\",\"url\":\"https:\\\/\\\/secure.gravatar.com\\\/avatar\\\/ac5001d2a36cb6c6cd3e50789007ffca834b477b74a2144564522e944eabff61?s=96&d=mm&r=g\",\"contentUrl\":\"https:\\\/\\\/secure.gravatar.com\\\/avatar\\\/ac5001d2a36cb6c6cd3e50789007ffca834b477b74a2144564522e944eabff61?s=96&d=mm&r=g\",\"caption\":\"thomas.berner\"},\"url\":\"https:\\\/\\\/www.organisator.ch\\\/fr\\\/author\\\/thomas-berner\\\/\"}]}<\/script>\n<!-- \/ Yoast SEO plugin. -->","yoast_head_json":{"title":"R\u00e9unir des femmes ind\u00e9pendantes en Suisse - Organisateur","description":"De plus en plus de femmes en Suisse cr\u00e9ent leur propre entreprise. La plate-forme \"Femmes ind\u00e9pendantes Suisse\" fournit le savoir-faire n\u00e9cessaire \u00e0 cet effet.","robots":{"index":"index","follow":"follow","max-snippet":"max-snippet:-1","max-image-preview":"max-image-preview:large","max-video-preview":"max-video-preview:-1"},"canonical":"https:\/\/www.organisator.ch\/fr\/gestion-2\/2025-07-30\/selbstaendige-frauen-in-der-schweiz-zusammenbringen\/","og_locale":"fr_FR","og_type":"article","og_title":"Selbst\u00e4ndige Frauen in der Schweiz zusammenbringen","og_description":"Immer mehr Frauen in der Schweiz gr\u00fcnden ihr eigenes Unternehmen. Die Plattform \u00abSelbst\u00e4ndige Frauen Schweiz\u00bb liefert n\u00f6tiges Know-how dazu.","og_url":"https:\/\/www.organisator.ch\/fr\/gestion-2\/2025-07-30\/selbstaendige-frauen-in-der-schweiz-zusammenbringen\/","og_site_name":"Organisator","article_publisher":"https:\/\/www.facebook.com\/OrganisatorFachmagazin","article_published_time":"2025-07-30T07:33:51+00:00","og_image":[{"width":680,"height":455,"url":"https:\/\/www.organisator.ch\/wp-content\/uploads\/2025\/07\/Selbstaendige-Frauen-in-der-Schweiz-zusammenbringen_Organisator.jpg","type":"image\/jpeg"}],"author":"thomas.berner","twitter_card":"summary_large_image","twitter_title":"#Selbst\u00e4ndige Frauen in der #Schweiz zusammenbringen","twitter_description":"Immer mehr Frauen in der Schweiz gr\u00fcnden ihr eigenes #Unternehmen. Die Plattform \u00abSelbst\u00e4ndige Frauen Schweiz\u00bb liefert n\u00f6tiges #Know-how dazu.","twitter_image":"https:\/\/www.organisator.ch\/wp-content\/uploads\/2025\/07\/Selbstaendige-Frauen-in-der-Schweiz-zusammenbringen_Organisator.jpg","schema":{"@context":"https:\/\/schema.org","@graph":[{"@type":"Article","@id":"https:\/\/www.organisator.ch\/management\/2025-07-30\/selbstaendige-frauen-in-der-schweiz-zusammenbringen\/#article","isPartOf":{"@id":"https:\/\/www.organisator.ch\/management\/2025-07-30\/selbstaendige-frauen-in-der-schweiz-zusammenbringen\/"},"author":{"name":"thomas.berner","@id":"https:\/\/www.organisator.ch\/#\/schema\/person\/6f650f90b2842cd4c0cc334b4e36f67e"},"headline":"Selbst\u00e4ndige Frauen in der Schweiz zusammenbringen","datePublished":"2025-07-30T07:33:51+00:00","mainEntityOfPage":{"@id":"https:\/\/www.organisator.ch\/management\/2025-07-30\/selbstaendige-frauen-in-der-schweiz-zusammenbringen\/"},"wordCount":507,"publisher":{"@id":"https:\/\/www.organisator.ch\/#organization"},"image":{"@id":"https:\/\/www.organisator.ch\/management\/2025-07-30\/selbstaendige-frauen-in-der-schweiz-zusammenbringen\/#primaryimage"},"thumbnailUrl":"https:\/\/www.organisator.ch\/wp-content\/uploads\/2025\/07\/Selbstaendige-Frauen-in-der-Schweiz-zusammenbringen_Organisator.jpg","keywords":["Frauenunternehmen","Management und Unternehmensf\u00fchrung","Unternehmensgr\u00fcndung","Unternehmertum"],"articleSection":["MANAGEMENT"],"inLanguage":"fr-FR"},{"@type":"WebPage","@id":"https:\/\/www.organisator.ch\/management\/2025-07-30\/selbstaendige-frauen-in-der-schweiz-zusammenbringen\/","url":"https:\/\/www.organisator.ch\/management\/2025-07-30\/selbstaendige-frauen-in-der-schweiz-zusammenbringen\/","name":"R\u00e9unir des femmes ind\u00e9pendantes en Suisse - Organisateur","isPartOf":{"@id":"https:\/\/www.organisator.ch\/#website"},"primaryImageOfPage":{"@id":"https:\/\/www.organisator.ch\/management\/2025-07-30\/selbstaendige-frauen-in-der-schweiz-zusammenbringen\/#primaryimage"},"image":{"@id":"https:\/\/www.organisator.ch\/management\/2025-07-30\/selbstaendige-frauen-in-der-schweiz-zusammenbringen\/#primaryimage"},"thumbnailUrl":"https:\/\/www.organisator.ch\/wp-content\/uploads\/2025\/07\/Selbstaendige-Frauen-in-der-Schweiz-zusammenbringen_Organisator.jpg","datePublished":"2025-07-30T07:33:51+00:00","description":"De plus en plus de femmes en Suisse cr\u00e9ent leur propre entreprise. La plate-forme \"Femmes ind\u00e9pendantes Suisse\" fournit le savoir-faire n\u00e9cessaire \u00e0 cet effet.","breadcrumb":{"@id":"https:\/\/www.organisator.ch\/management\/2025-07-30\/selbstaendige-frauen-in-der-schweiz-zusammenbringen\/#breadcrumb"},"inLanguage":"fr-FR","potentialAction":[{"@type":"ReadAction","target":["https:\/\/www.organisator.ch\/management\/2025-07-30\/selbstaendige-frauen-in-der-schweiz-zusammenbringen\/"]}]},{"@type":"ImageObject","inLanguage":"fr-FR","@id":"https:\/\/www.organisator.ch\/management\/2025-07-30\/selbstaendige-frauen-in-der-schweiz-zusammenbringen\/#primaryimage","url":"https:\/\/www.organisator.ch\/wp-content\/uploads\/2025\/07\/Selbstaendige-Frauen-in-der-Schweiz-zusammenbringen_Organisator.jpg","contentUrl":"https:\/\/www.organisator.ch\/wp-content\/uploads\/2025\/07\/Selbstaendige-Frauen-in-der-Schweiz-zusammenbringen_Organisator.jpg","width":680,"height":455,"caption":"Vernetzen selbst\u00e4ndige Frauen: Lisa Burth und Jana Berger. (Bild: zVg \/ selbstaendigefrauen.ch)"},{"@type":"BreadcrumbList","@id":"https:\/\/www.organisator.ch\/management\/2025-07-30\/selbstaendige-frauen-in-der-schweiz-zusammenbringen\/#breadcrumb","itemListElement":[{"@type":"ListItem","position":1,"name":"Home","item":"https:\/\/www.organisator.ch\/"},{"@type":"ListItem","position":2,"name":"Selbst\u00e4ndige Frauen in der Schweiz zusammenbringen"}]},{"@type":"WebSite","@id":"https:\/\/www.organisator.ch\/#website","url":"https:\/\/www.organisator.ch\/","name":"Organisateur","description":"Comp\u00e9tence et comp\u00e9tence. Proches de la pratique. L'ORGANISATEUR pr\u00e9pare 10 num\u00e9ros par an sur les th\u00e8mes essentiels pour les dirigeants de PME.","publisher":{"@id":"https:\/\/www.organisator.ch\/#organization"},"potentialAction":[{"@type":"SearchAction","target":{"@type":"EntryPoint","urlTemplate":"https:\/\/www.organisator.ch\/?s={search_term_string}"},"query-input":{"@type":"PropertyValueSpecification","valueRequired":true,"valueName":"search_term_string"}}],"inLanguage":"fr-FR"},{"@type":"Organization","@id":"https:\/\/www.organisator.ch\/#organization","name":"Organisateur","url":"https:\/\/www.organisator.ch\/","logo":{"@type":"ImageObject","inLanguage":"fr-FR","@id":"https:\/\/www.organisator.ch\/#\/schema\/logo\/image\/","url":"https:\/\/www.organisator.ch\/wp-content\/uploads\/2022\/01\/Logo_Organisator_Website.png","contentUrl":"https:\/\/www.organisator.ch\/wp-content\/uploads\/2022\/01\/Logo_Organisator_Website.png","width":800,"height":77,"caption":"Organisator"},"image":{"@id":"https:\/\/www.organisator.ch\/#\/schema\/logo\/image\/"},"sameAs":["https:\/\/www.facebook.com\/OrganisatorFachmagazin","https:\/\/www.linkedin.com\/showcase\/organisator-das-magazin-fr-kmu","https:\/\/www.xing.com\/news\/pages\/organisator-ch-695","https:\/\/www.youtube.com\/channel\/UCGP2Sq0iWaZwT3BdIAQFYpw"]},{"@type":"Person","@id":"https:\/\/www.organisator.ch\/#\/schema\/person\/6f650f90b2842cd4c0cc334b4e36f67e","name":"thomas.berner","image":{"@type":"ImageObject","inLanguage":"fr-FR","@id":"https:\/\/secure.gravatar.com\/avatar\/ac5001d2a36cb6c6cd3e50789007ffca834b477b74a2144564522e944eabff61?s=96&d=mm&r=g","url":"https:\/\/secure.gravatar.com\/avatar\/ac5001d2a36cb6c6cd3e50789007ffca834b477b74a2144564522e944eabff61?s=96&d=mm&r=g","contentUrl":"https:\/\/secure.gravatar.com\/avatar\/ac5001d2a36cb6c6cd3e50789007ffca834b477b74a2144564522e944eabff61?s=96&d=mm&r=g","caption":"thomas.berner"},"url":"https:\/\/www.organisator.ch\/fr\/author\/thomas-berner\/"}]}},"_links":{"self":[{"href":"https:\/\/www.organisator.ch\/fr\/wp-json\/wp\/v2\/posts\/39702","targetHints":{"allow":["GET"]}}],"collection":[{"href":"https:\/\/www.organisator.ch\/fr\/wp-json\/wp\/v2\/posts"}],"about":[{"href":"https:\/\/www.organisator.ch\/fr\/wp-json\/wp\/v2\/types\/post"}],"author":[{"embeddable":true,"href":"https:\/\/www.organisator.ch\/fr\/wp-json\/wp\/v2\/users\/4"}],"replies":[{"embeddable":true,"href":"https:\/\/www.organisator.ch\/fr\/wp-json\/wp\/v2\/comments?post=39702"}],"version-history":[{"count":3,"href":"https:\/\/www.organisator.ch\/fr\/wp-json\/wp\/v2\/posts\/39702\/revisions"}],"predecessor-version":[{"id":39748,"href":"https:\/\/www.organisator.ch\/fr\/wp-json\/wp\/v2\/posts\/39702\/revisions\/39748"}],"wp:featuredmedia":[{"embeddable":true,"href":"https:\/\/www.organisator.ch\/fr\/wp-json\/wp\/v2\/media\/39703"}],"wp:attachment":[{"href":"https:\/\/www.organisator.ch\/fr\/wp-json\/wp\/v2\/media?parent=39702"}],"wp:term":[{"taxonomy":"category","embeddable":true,"href":"https:\/\/www.organisator.ch\/fr\/wp-json\/wp\/v2\/categories?post=39702"},{"taxonomy":"post_tag","embeddable":true,"href":"https:\/\/www.organisator.ch\/fr\/wp-json\/wp\/v2\/tags?post=39702"}],"curies":[{"name":"wp","href":"https:\/\/api.w.org\/{rel}","templated":true}]}}