{"id":39705,"date":"2025-07-30T13:26:21","date_gmt":"2025-07-30T11:26:21","guid":{"rendered":"https:\/\/www.organisator.ch\/?p=39705"},"modified":"2025-07-30T13:26:21","modified_gmt":"2025-07-30T11:26:21","slug":"kraeuterkraft-seit-1890-rausch-wird-135-jahre-alt","status":"publish","type":"post","link":"https:\/\/www.organisator.ch\/fr\/management\/2025-07-30\/kraeuterkraft-seit-1890-rausch-wird-135-jahre-alt\/","title":{"rendered":"La force des herbes depuis 1890 : RAUSCH a 135 ans"},"content":{"rendered":"<figure id=\"attachment_39706\" aria-describedby=\"caption-attachment-39706\" style=\"width: 680px\" class=\"wp-caption alignnone\"><img loading=\"lazy\" decoding=\"async\" class=\"size-full wp-image-39706\" src=\"https:\/\/www.organisator.ch\/wp-content\/uploads\/2025\/07\/Kraeuterkraft-seit-1890-RAUSCH-wird-135-Jahre-alt_Organisator.png\" alt=\"\" width=\"680\" height=\"191\" srcset=\"https:\/\/www.organisator.ch\/wp-content\/uploads\/2025\/07\/Kraeuterkraft-seit-1890-RAUSCH-wird-135-Jahre-alt_Organisator.png 680w, https:\/\/www.organisator.ch\/wp-content\/uploads\/2025\/07\/Kraeuterkraft-seit-1890-RAUSCH-wird-135-Jahre-alt_Organisator-18x5.png 18w, https:\/\/www.organisator.ch\/wp-content\/uploads\/2025\/07\/Kraeuterkraft-seit-1890-RAUSCH-wird-135-Jahre-alt_Organisator-375x105.png 375w\" sizes=\"auto, (max-width: 680px) 100vw, 680px\" \/><figcaption id=\"caption-attachment-39706\" class=\"wp-caption-text\">La force des herbes pour le soin des cheveux : c'est ainsi que les shampooings aux herbes de RAUSCH ont \u00e9volu\u00e9 au fil des ann\u00e9es. (Photo : Rausch AG Kreuzlingen)<\/figcaption><\/figure>\n<p>L'esprit de pionnier rencontre l'esprit du temps : de la production locale \u00e0 la marque appr\u00e9ci\u00e9e au niveau international. Aujourd'hui encore, l'entreprise familiale suisse associe son savoir traditionnel en mati\u00e8re d'herbes \u00e0 la recherche moderne et d\u00e9veloppe des extraits de plantes maison. Il en r\u00e9sulte des produits de soins naturels dont la tol\u00e9rance est prouv\u00e9e par des instituts de recherche capillaire et qui contribuent au bien-\u00eatre de l'homme et de l'environnement.<\/p>\n<h3>Des solutions adapt\u00e9es \u00e0 chaque type de cheveux<\/h3>\n<p>Au fil des d\u00e9cennies, le classique \"shampooing Camillen\" a donn\u00e9 naissance \u00e0 ce qui est aujourd'hui la ligne Repair de RAUSCH \u00e0 l'amarante : des soins doux pour les cheveux ab\u00eem\u00e9s aux pr\u00e9cieux extraits d'herbes de camomille et d'amarante. La derni\u00e8re nouveaut\u00e9 de cette ann\u00e9e anniversaire est la cure Repair Express \u00e0 l'amarante, un soin intensif imm\u00e9diat de 60 secondes pour les cheveux ab\u00eem\u00e9s et cassants. La cure contient des extraits d'amarante et de camomille ainsi qu'un complexe de k\u00e9ratine purement v\u00e9g\u00e9tal hautement concentr\u00e9 \u00e0 triple action et aide \u00e0 restaurer jusqu'\u00e0 60 % de la structure capillaire endommag\u00e9e. La ligne Repair est la ligne de beaut\u00e9 centrale de RAUSCH. L'assortiment de produits sur mesure offre en outre la solution adapt\u00e9e \u00e0 chaque besoin des cheveux, du cuir chevelu et de la peau - id\u00e9al pour un conseil individuel et une recommandation de soin adapt\u00e9e.<\/p>\n<h3>Une propri\u00e9t\u00e9 familiale depuis le d\u00e9but<\/h3>\n<p>Outre sa comp\u00e9tence en mati\u00e8re d'herbes, RAUSCH se distingue avant tout par son caract\u00e8re familial. M\u00eame apr\u00e8s 135 ans, l'entreprise reste une affaire de famille et est g\u00e9r\u00e9e avec beaucoup de passion. <a href=\"https:\/\/www.organisator.ch\/de\/management\/2021-02-15\/sandra-banholzer-wird-neue-ceo-von-rausch-ag\/\">Depuis 2021<\/a> Sandra Banholzer (CEO de l'ann\u00e9e 2024, SEF.WomenAward) dirige le destin de Rausch AG Kreuzlingen en tant que premi\u00e8re CEO externe - avec un regard clair sur les besoins des clientes et des clients dans le monde entier. \"Je suis fi\u00e8re de faire partie d'une entreprise qui, depuis 135 ans, est synonyme de soins de qualit\u00e9 pour les cheveux, le cuir chevelu et le corps. RAUSCH allie de mani\u00e8re unique le naturel, l'efficacit\u00e9 et le bien-\u00eatre - en se basant sur une profonde comp\u00e9tence en mati\u00e8re de plantes et sur une v\u00e9ritable qualit\u00e9 suisse. Nos produits sont cr\u00e9\u00e9s avec passion, par respect pour la nature et avec un sens aigu des besoins individuels des personnes. Pour nous, le bien-\u00eatre signifie offrir des soins sur mesure pour chaque besoin - le bien-\u00eatre de l'homme et de la nature est au c\u0153ur de tout ce que nous faisons. Et c'est pr\u00e9cis\u00e9ment ce qui rend RAUSCH si particulier \u00e0 mes yeux\", d\u00e9clare Sandra Banholzer.<\/p>\n<h3><strong>La tradition alli\u00e9e \u00e0 la technologie de pointe<\/strong><\/h3>\n<p>Les substances actives v\u00e9g\u00e9tales des produits RAUSCH proviennent de cultures contr\u00f4l\u00e9es, de cueillettes sauvages et de partenariats de longue date avec des cultivateurs de confiance. Elles sont transform\u00e9es en extraits de haute qualit\u00e9 avec un soin particulier gr\u00e2ce \u00e0 des proc\u00e9d\u00e9s internes - chaque ann\u00e9e, un \u00e0 deux nouveaux extraits d'herbes maison sont ajout\u00e9s. Chaque recette est bas\u00e9e sur l'interaction entre un savoir ancestral sur les herbes, la recherche moderne et la technologie la plus r\u00e9cente. Les produits sont le fruit d'un travail de d\u00e9veloppement minutieux effectu\u00e9 par des expertes et sont r\u00e9guli\u00e8rement test\u00e9s afin d'\u00e9tablir les normes les plus \u00e9lev\u00e9es en mati\u00e8re de qualit\u00e9, de tol\u00e9rance et d'efficacit\u00e9. En outre, l'entreprise renonce depuis toujours \u00e0 l'exp\u00e9rimentation animale. Que ce soit en cas de chute de cheveux, de pellicules, de cuir chevelu sensible ou de cheveux ab\u00eem\u00e9s : RAUSCH propose une solution adapt\u00e9e \u00e0 presque tous les besoins des cheveux et du cuir chevelu. L'efficacit\u00e9 cibl\u00e9e des produits et le grand choix permettent de cr\u00e9er des rituels de soins individuels pour les diff\u00e9rents besoins des femmes et des hommes - une base pr\u00e9cieuse pour le conseil personnalis\u00e9 dans le commerce et en pharmacie.<\/p>\n<p><em>Source : <a href=\"http:\/\/www.rausch.ch\">Rausch AG Kreuzlingen<\/a><\/em><\/p>","protected":false},"excerpt":{"rendered":"<p>Ce qui est aujourd'hui connu comme une marque riche en traditions pour les soins naturels des cheveux, du cuir chevelu et du corps a commenc\u00e9 par une innovation r\u00e9volutionnaire : \u00e0 la fin du 19e si\u00e8cle, le fondateur de l'entreprise et ma\u00eetre coiffeur Josef Wilhelm Rausch a d\u00e9velopp\u00e9 le premier shampooing liquide au monde dans une petite manufacture - une \u00e9tape importante qui a marqu\u00e9 de mani\u00e8re d\u00e9cisive les soins capillaires modernes.<\/p>","protected":false},"author":4,"featured_media":39708,"comment_status":"closed","ping_status":"closed","sticky":false,"template":"","format":"standard","meta":{"_acf_changed":false,"_yoast_wpseo_focuskw":"Kr\u00e4uterkraft","_yoast_wpseo_metadesc":"Ende des 19. Jahrhunderts entwickelte Josef Wilhelm Rausch das erste Fl\u00fcssigshampoo der Welt \u2013 Grundstein f\u00fcr das 135-Jahr-Firmenjubil\u00e4um.","articlekey":"","footnotes":""},"categories":[28],"tags":[206,335,492],"class_list":["post-39705","post","type-post","status-publish","format-standard","has-post-thumbnail","hentry","category-management","tag-firmenjubilaeum","tag-management-und-unternehmensfuehrung","tag-unternehmen"],"acf":[],"yoast_head":"<!-- This site is optimized with the Yoast SEO plugin v27.5 - https:\/\/yoast.com\/product\/yoast-seo-wordpress\/ -->\n<title>Kr\u00e4uterkraft seit 1890: RAUSCH wird 135 Jahre alt - Organisator<\/title>\n<meta name=\"description\" content=\"Ende des 19. Jahrhunderts entwickelte Josef Wilhelm Rausch das erste Fl\u00fcssigshampoo der Welt \u2013 Grundstein f\u00fcr das 135-Jahr-Firmenjubil\u00e4um.\" \/>\n<meta name=\"robots\" content=\"index, follow, max-snippet:-1, max-image-preview:large, max-video-preview:-1\" \/>\n<link rel=\"canonical\" href=\"https:\/\/www.organisator.ch\/fr\/gestion-2\/2025-07-30\/kraeuterkraft-seit-1890-rausch-wird-135-jahre-alt\/\" \/>\n<meta property=\"og:locale\" content=\"fr_FR\" \/>\n<meta property=\"og:type\" content=\"article\" \/>\n<meta property=\"og:title\" content=\"Kr\u00e4uterkraft seit 1890: RAUSCH wird 135 Jahre alt\" \/>\n<meta property=\"og:description\" content=\"Ende des 19. Jahrhunderts entwickelte Josef Wilhelm Rausch das erste Fl\u00fcssigshampoo der Welt \u2013 Grundstein f\u00fcr das 135-Jahr-Firmenjubil\u00e4um.\" \/>\n<meta property=\"og:url\" content=\"https:\/\/www.organisator.ch\/fr\/gestion-2\/2025-07-30\/kraeuterkraft-seit-1890-rausch-wird-135-jahre-alt\/\" \/>\n<meta property=\"og:site_name\" content=\"Organisator\" \/>\n<meta property=\"article:publisher\" content=\"https:\/\/www.facebook.com\/OrganisatorFachmagazin\" \/>\n<meta property=\"article:published_time\" content=\"2025-07-30T11:26:21+00:00\" \/>\n<meta property=\"og:image\" content=\"https:\/\/www.organisator.ch\/wp-content\/uploads\/2025\/07\/Kraeuterkraft-seit-1890-RAUSCH-wird-135-Jahre-alt-3_Organisator.png\" \/>\n\t<meta property=\"og:image:width\" content=\"280\" \/>\n\t<meta property=\"og:image:height\" content=\"200\" \/>\n\t<meta property=\"og:image:type\" content=\"image\/png\" \/>\n<meta name=\"author\" content=\"thomas.berner\" \/>\n<meta name=\"twitter:card\" content=\"summary_large_image\" \/>\n<meta name=\"twitter:title\" content=\"#Kr\u00e4uterkraft seit 1890: #RAUSCH wird 135 Jahre alt\" \/>\n<meta name=\"twitter:description\" content=\"Ende des 19. Jahrhunderts entwickelte Josef Wilhelm #Rausch das erste #Fl\u00fcssigshampoo der Welt \u2013 Grundstein f\u00fcr das #135-Jahr-Firmenjubil\u00e4um.\" \/>\n<meta name=\"twitter:image\" content=\"https:\/\/www.organisator.ch\/wp-content\/uploads\/2025\/07\/Kraeuterkraft-seit-1890-RAUSCH-wird-135-Jahre-alt-3_Organisator.png\" \/>\n<script type=\"application\/ld+json\" class=\"yoast-schema-graph\">{\"@context\":\"https:\\\/\\\/schema.org\",\"@graph\":[{\"@type\":\"Article\",\"@id\":\"https:\\\/\\\/www.organisator.ch\\\/management\\\/2025-07-30\\\/kraeuterkraft-seit-1890-rausch-wird-135-jahre-alt\\\/#article\",\"isPartOf\":{\"@id\":\"https:\\\/\\\/www.organisator.ch\\\/management\\\/2025-07-30\\\/kraeuterkraft-seit-1890-rausch-wird-135-jahre-alt\\\/\"},\"author\":{\"name\":\"thomas.berner\",\"@id\":\"https:\\\/\\\/www.organisator.ch\\\/#\\\/schema\\\/person\\\/6f650f90b2842cd4c0cc334b4e36f67e\"},\"headline\":\"Kr\u00e4uterkraft seit 1890: RAUSCH wird 135 Jahre alt\",\"datePublished\":\"2025-07-30T11:26:21+00:00\",\"mainEntityOfPage\":{\"@id\":\"https:\\\/\\\/www.organisator.ch\\\/management\\\/2025-07-30\\\/kraeuterkraft-seit-1890-rausch-wird-135-jahre-alt\\\/\"},\"wordCount\":548,\"publisher\":{\"@id\":\"https:\\\/\\\/www.organisator.ch\\\/#organization\"},\"image\":{\"@id\":\"https:\\\/\\\/www.organisator.ch\\\/management\\\/2025-07-30\\\/kraeuterkraft-seit-1890-rausch-wird-135-jahre-alt\\\/#primaryimage\"},\"thumbnailUrl\":\"https:\\\/\\\/www.organisator.ch\\\/wp-content\\\/uploads\\\/2025\\\/07\\\/Kraeuterkraft-seit-1890-RAUSCH-wird-135-Jahre-alt-3_Organisator.png\",\"keywords\":[\"Firmenjubil\u00e4um\",\"Management und Unternehmensf\u00fchrung\",\"Unternehmen\"],\"articleSection\":[\"MANAGEMENT\"],\"inLanguage\":\"fr-FR\"},{\"@type\":\"WebPage\",\"@id\":\"https:\\\/\\\/www.organisator.ch\\\/management\\\/2025-07-30\\\/kraeuterkraft-seit-1890-rausch-wird-135-jahre-alt\\\/\",\"url\":\"https:\\\/\\\/www.organisator.ch\\\/management\\\/2025-07-30\\\/kraeuterkraft-seit-1890-rausch-wird-135-jahre-alt\\\/\",\"name\":\"Kr\u00e4uterkraft seit 1890: RAUSCH wird 135 Jahre alt - Organisator\",\"isPartOf\":{\"@id\":\"https:\\\/\\\/www.organisator.ch\\\/#website\"},\"primaryImageOfPage\":{\"@id\":\"https:\\\/\\\/www.organisator.ch\\\/management\\\/2025-07-30\\\/kraeuterkraft-seit-1890-rausch-wird-135-jahre-alt\\\/#primaryimage\"},\"image\":{\"@id\":\"https:\\\/\\\/www.organisator.ch\\\/management\\\/2025-07-30\\\/kraeuterkraft-seit-1890-rausch-wird-135-jahre-alt\\\/#primaryimage\"},\"thumbnailUrl\":\"https:\\\/\\\/www.organisator.ch\\\/wp-content\\\/uploads\\\/2025\\\/07\\\/Kraeuterkraft-seit-1890-RAUSCH-wird-135-Jahre-alt-3_Organisator.png\",\"datePublished\":\"2025-07-30T11:26:21+00:00\",\"description\":\"Ende des 19. Jahrhunderts entwickelte Josef Wilhelm Rausch das erste Fl\u00fcssigshampoo der Welt \u2013 Grundstein f\u00fcr das 135-Jahr-Firmenjubil\u00e4um.\",\"breadcrumb\":{\"@id\":\"https:\\\/\\\/www.organisator.ch\\\/management\\\/2025-07-30\\\/kraeuterkraft-seit-1890-rausch-wird-135-jahre-alt\\\/#breadcrumb\"},\"inLanguage\":\"fr-FR\",\"potentialAction\":[{\"@type\":\"ReadAction\",\"target\":[\"https:\\\/\\\/www.organisator.ch\\\/management\\\/2025-07-30\\\/kraeuterkraft-seit-1890-rausch-wird-135-jahre-alt\\\/\"]}]},{\"@type\":\"ImageObject\",\"inLanguage\":\"fr-FR\",\"@id\":\"https:\\\/\\\/www.organisator.ch\\\/management\\\/2025-07-30\\\/kraeuterkraft-seit-1890-rausch-wird-135-jahre-alt\\\/#primaryimage\",\"url\":\"https:\\\/\\\/www.organisator.ch\\\/wp-content\\\/uploads\\\/2025\\\/07\\\/Kraeuterkraft-seit-1890-RAUSCH-wird-135-Jahre-alt-3_Organisator.png\",\"contentUrl\":\"https:\\\/\\\/www.organisator.ch\\\/wp-content\\\/uploads\\\/2025\\\/07\\\/Kraeuterkraft-seit-1890-RAUSCH-wird-135-Jahre-alt-3_Organisator.png\",\"width\":280,\"height\":200},{\"@type\":\"BreadcrumbList\",\"@id\":\"https:\\\/\\\/www.organisator.ch\\\/management\\\/2025-07-30\\\/kraeuterkraft-seit-1890-rausch-wird-135-jahre-alt\\\/#breadcrumb\",\"itemListElement\":[{\"@type\":\"ListItem\",\"position\":1,\"name\":\"Home\",\"item\":\"https:\\\/\\\/www.organisator.ch\\\/\"},{\"@type\":\"ListItem\",\"position\":2,\"name\":\"Kr\u00e4uterkraft seit 1890: RAUSCH wird 135 Jahre alt\"}]},{\"@type\":\"WebSite\",\"@id\":\"https:\\\/\\\/www.organisator.ch\\\/#website\",\"url\":\"https:\\\/\\\/www.organisator.ch\\\/\",\"name\":\"Organisator\",\"description\":\"Kompetent. Praxisnah. Der ORGANISATOR bereitet in 10 Ausgaben pro Jahr die wesentlichen Themen f\u00fcr F\u00fchrungskr\u00e4fte von KMU auf.\",\"publisher\":{\"@id\":\"https:\\\/\\\/www.organisator.ch\\\/#organization\"},\"potentialAction\":[{\"@type\":\"SearchAction\",\"target\":{\"@type\":\"EntryPoint\",\"urlTemplate\":\"https:\\\/\\\/www.organisator.ch\\\/?s={search_term_string}\"},\"query-input\":{\"@type\":\"PropertyValueSpecification\",\"valueRequired\":true,\"valueName\":\"search_term_string\"}}],\"inLanguage\":\"fr-FR\"},{\"@type\":\"Organization\",\"@id\":\"https:\\\/\\\/www.organisator.ch\\\/#organization\",\"name\":\"Organisator\",\"url\":\"https:\\\/\\\/www.organisator.ch\\\/\",\"logo\":{\"@type\":\"ImageObject\",\"inLanguage\":\"fr-FR\",\"@id\":\"https:\\\/\\\/www.organisator.ch\\\/#\\\/schema\\\/logo\\\/image\\\/\",\"url\":\"https:\\\/\\\/www.organisator.ch\\\/wp-content\\\/uploads\\\/2022\\\/01\\\/Logo_Organisator_Website.png\",\"contentUrl\":\"https:\\\/\\\/www.organisator.ch\\\/wp-content\\\/uploads\\\/2022\\\/01\\\/Logo_Organisator_Website.png\",\"width\":800,\"height\":77,\"caption\":\"Organisator\"},\"image\":{\"@id\":\"https:\\\/\\\/www.organisator.ch\\\/#\\\/schema\\\/logo\\\/image\\\/\"},\"sameAs\":[\"https:\\\/\\\/www.facebook.com\\\/OrganisatorFachmagazin\",\"https:\\\/\\\/www.linkedin.com\\\/showcase\\\/organisator-das-magazin-fr-kmu\",\"https:\\\/\\\/www.xing.com\\\/news\\\/pages\\\/organisator-ch-695\",\"https:\\\/\\\/www.youtube.com\\\/channel\\\/UCGP2Sq0iWaZwT3BdIAQFYpw\"]},{\"@type\":\"Person\",\"@id\":\"https:\\\/\\\/www.organisator.ch\\\/#\\\/schema\\\/person\\\/6f650f90b2842cd4c0cc334b4e36f67e\",\"name\":\"thomas.berner\",\"image\":{\"@type\":\"ImageObject\",\"inLanguage\":\"fr-FR\",\"@id\":\"https:\\\/\\\/secure.gravatar.com\\\/avatar\\\/ac5001d2a36cb6c6cd3e50789007ffca834b477b74a2144564522e944eabff61?s=96&d=mm&r=g\",\"url\":\"https:\\\/\\\/secure.gravatar.com\\\/avatar\\\/ac5001d2a36cb6c6cd3e50789007ffca834b477b74a2144564522e944eabff61?s=96&d=mm&r=g\",\"contentUrl\":\"https:\\\/\\\/secure.gravatar.com\\\/avatar\\\/ac5001d2a36cb6c6cd3e50789007ffca834b477b74a2144564522e944eabff61?s=96&d=mm&r=g\",\"caption\":\"thomas.berner\"},\"url\":\"https:\\\/\\\/www.organisator.ch\\\/fr\\\/author\\\/thomas-berner\\\/\"}]}<\/script>\n<!-- \/ Yoast SEO plugin. -->","yoast_head_json":{"title":"La force des herbes depuis 1890 : RAUSCH a 135 ans - Organisateur","description":"\u00c0 la fin du 19e si\u00e8cle, Josef Wilhelm Rausch a mis au point le premier shampooing liquide au monde - la pierre angulaire de l'anniversaire des 135 ans de l'entreprise.","robots":{"index":"index","follow":"follow","max-snippet":"max-snippet:-1","max-image-preview":"max-image-preview:large","max-video-preview":"max-video-preview:-1"},"canonical":"https:\/\/www.organisator.ch\/fr\/gestion-2\/2025-07-30\/kraeuterkraft-seit-1890-rausch-wird-135-jahre-alt\/","og_locale":"fr_FR","og_type":"article","og_title":"Kr\u00e4uterkraft seit 1890: RAUSCH wird 135 Jahre alt","og_description":"Ende des 19. Jahrhunderts entwickelte Josef Wilhelm Rausch das erste Fl\u00fcssigshampoo der Welt \u2013 Grundstein f\u00fcr das 135-Jahr-Firmenjubil\u00e4um.","og_url":"https:\/\/www.organisator.ch\/fr\/gestion-2\/2025-07-30\/kraeuterkraft-seit-1890-rausch-wird-135-jahre-alt\/","og_site_name":"Organisator","article_publisher":"https:\/\/www.facebook.com\/OrganisatorFachmagazin","article_published_time":"2025-07-30T11:26:21+00:00","og_image":[{"width":280,"height":200,"url":"https:\/\/www.organisator.ch\/wp-content\/uploads\/2025\/07\/Kraeuterkraft-seit-1890-RAUSCH-wird-135-Jahre-alt-3_Organisator.png","type":"image\/png"}],"author":"thomas.berner","twitter_card":"summary_large_image","twitter_title":"#Kr\u00e4uterkraft seit 1890: #RAUSCH wird 135 Jahre alt","twitter_description":"Ende des 19. Jahrhunderts entwickelte Josef Wilhelm #Rausch das erste #Fl\u00fcssigshampoo der Welt \u2013 Grundstein f\u00fcr das #135-Jahr-Firmenjubil\u00e4um.","twitter_image":"https:\/\/www.organisator.ch\/wp-content\/uploads\/2025\/07\/Kraeuterkraft-seit-1890-RAUSCH-wird-135-Jahre-alt-3_Organisator.png","schema":{"@context":"https:\/\/schema.org","@graph":[{"@type":"Article","@id":"https:\/\/www.organisator.ch\/management\/2025-07-30\/kraeuterkraft-seit-1890-rausch-wird-135-jahre-alt\/#article","isPartOf":{"@id":"https:\/\/www.organisator.ch\/management\/2025-07-30\/kraeuterkraft-seit-1890-rausch-wird-135-jahre-alt\/"},"author":{"name":"thomas.berner","@id":"https:\/\/www.organisator.ch\/#\/schema\/person\/6f650f90b2842cd4c0cc334b4e36f67e"},"headline":"Kr\u00e4uterkraft seit 1890: RAUSCH wird 135 Jahre alt","datePublished":"2025-07-30T11:26:21+00:00","mainEntityOfPage":{"@id":"https:\/\/www.organisator.ch\/management\/2025-07-30\/kraeuterkraft-seit-1890-rausch-wird-135-jahre-alt\/"},"wordCount":548,"publisher":{"@id":"https:\/\/www.organisator.ch\/#organization"},"image":{"@id":"https:\/\/www.organisator.ch\/management\/2025-07-30\/kraeuterkraft-seit-1890-rausch-wird-135-jahre-alt\/#primaryimage"},"thumbnailUrl":"https:\/\/www.organisator.ch\/wp-content\/uploads\/2025\/07\/Kraeuterkraft-seit-1890-RAUSCH-wird-135-Jahre-alt-3_Organisator.png","keywords":["Firmenjubil\u00e4um","Management und Unternehmensf\u00fchrung","Unternehmen"],"articleSection":["MANAGEMENT"],"inLanguage":"fr-FR"},{"@type":"WebPage","@id":"https:\/\/www.organisator.ch\/management\/2025-07-30\/kraeuterkraft-seit-1890-rausch-wird-135-jahre-alt\/","url":"https:\/\/www.organisator.ch\/management\/2025-07-30\/kraeuterkraft-seit-1890-rausch-wird-135-jahre-alt\/","name":"La force des herbes depuis 1890 : RAUSCH a 135 ans - Organisateur","isPartOf":{"@id":"https:\/\/www.organisator.ch\/#website"},"primaryImageOfPage":{"@id":"https:\/\/www.organisator.ch\/management\/2025-07-30\/kraeuterkraft-seit-1890-rausch-wird-135-jahre-alt\/#primaryimage"},"image":{"@id":"https:\/\/www.organisator.ch\/management\/2025-07-30\/kraeuterkraft-seit-1890-rausch-wird-135-jahre-alt\/#primaryimage"},"thumbnailUrl":"https:\/\/www.organisator.ch\/wp-content\/uploads\/2025\/07\/Kraeuterkraft-seit-1890-RAUSCH-wird-135-Jahre-alt-3_Organisator.png","datePublished":"2025-07-30T11:26:21+00:00","description":"\u00c0 la fin du 19e si\u00e8cle, Josef Wilhelm Rausch a mis au point le premier shampooing liquide au monde - la pierre angulaire de l'anniversaire des 135 ans de l'entreprise.","breadcrumb":{"@id":"https:\/\/www.organisator.ch\/management\/2025-07-30\/kraeuterkraft-seit-1890-rausch-wird-135-jahre-alt\/#breadcrumb"},"inLanguage":"fr-FR","potentialAction":[{"@type":"ReadAction","target":["https:\/\/www.organisator.ch\/management\/2025-07-30\/kraeuterkraft-seit-1890-rausch-wird-135-jahre-alt\/"]}]},{"@type":"ImageObject","inLanguage":"fr-FR","@id":"https:\/\/www.organisator.ch\/management\/2025-07-30\/kraeuterkraft-seit-1890-rausch-wird-135-jahre-alt\/#primaryimage","url":"https:\/\/www.organisator.ch\/wp-content\/uploads\/2025\/07\/Kraeuterkraft-seit-1890-RAUSCH-wird-135-Jahre-alt-3_Organisator.png","contentUrl":"https:\/\/www.organisator.ch\/wp-content\/uploads\/2025\/07\/Kraeuterkraft-seit-1890-RAUSCH-wird-135-Jahre-alt-3_Organisator.png","width":280,"height":200},{"@type":"BreadcrumbList","@id":"https:\/\/www.organisator.ch\/management\/2025-07-30\/kraeuterkraft-seit-1890-rausch-wird-135-jahre-alt\/#breadcrumb","itemListElement":[{"@type":"ListItem","position":1,"name":"Home","item":"https:\/\/www.organisator.ch\/"},{"@type":"ListItem","position":2,"name":"Kr\u00e4uterkraft seit 1890: RAUSCH wird 135 Jahre alt"}]},{"@type":"WebSite","@id":"https:\/\/www.organisator.ch\/#website","url":"https:\/\/www.organisator.ch\/","name":"Organisateur","description":"Comp\u00e9tence et comp\u00e9tence. Proches de la pratique. L'ORGANISATEUR pr\u00e9pare 10 num\u00e9ros par an sur les th\u00e8mes essentiels pour les dirigeants de PME.","publisher":{"@id":"https:\/\/www.organisator.ch\/#organization"},"potentialAction":[{"@type":"SearchAction","target":{"@type":"EntryPoint","urlTemplate":"https:\/\/www.organisator.ch\/?s={search_term_string}"},"query-input":{"@type":"PropertyValueSpecification","valueRequired":true,"valueName":"search_term_string"}}],"inLanguage":"fr-FR"},{"@type":"Organization","@id":"https:\/\/www.organisator.ch\/#organization","name":"Organisateur","url":"https:\/\/www.organisator.ch\/","logo":{"@type":"ImageObject","inLanguage":"fr-FR","@id":"https:\/\/www.organisator.ch\/#\/schema\/logo\/image\/","url":"https:\/\/www.organisator.ch\/wp-content\/uploads\/2022\/01\/Logo_Organisator_Website.png","contentUrl":"https:\/\/www.organisator.ch\/wp-content\/uploads\/2022\/01\/Logo_Organisator_Website.png","width":800,"height":77,"caption":"Organisator"},"image":{"@id":"https:\/\/www.organisator.ch\/#\/schema\/logo\/image\/"},"sameAs":["https:\/\/www.facebook.com\/OrganisatorFachmagazin","https:\/\/www.linkedin.com\/showcase\/organisator-das-magazin-fr-kmu","https:\/\/www.xing.com\/news\/pages\/organisator-ch-695","https:\/\/www.youtube.com\/channel\/UCGP2Sq0iWaZwT3BdIAQFYpw"]},{"@type":"Person","@id":"https:\/\/www.organisator.ch\/#\/schema\/person\/6f650f90b2842cd4c0cc334b4e36f67e","name":"thomas.berner","image":{"@type":"ImageObject","inLanguage":"fr-FR","@id":"https:\/\/secure.gravatar.com\/avatar\/ac5001d2a36cb6c6cd3e50789007ffca834b477b74a2144564522e944eabff61?s=96&d=mm&r=g","url":"https:\/\/secure.gravatar.com\/avatar\/ac5001d2a36cb6c6cd3e50789007ffca834b477b74a2144564522e944eabff61?s=96&d=mm&r=g","contentUrl":"https:\/\/secure.gravatar.com\/avatar\/ac5001d2a36cb6c6cd3e50789007ffca834b477b74a2144564522e944eabff61?s=96&d=mm&r=g","caption":"thomas.berner"},"url":"https:\/\/www.organisator.ch\/fr\/author\/thomas-berner\/"}]}},"_links":{"self":[{"href":"https:\/\/www.organisator.ch\/fr\/wp-json\/wp\/v2\/posts\/39705","targetHints":{"allow":["GET"]}}],"collection":[{"href":"https:\/\/www.organisator.ch\/fr\/wp-json\/wp\/v2\/posts"}],"about":[{"href":"https:\/\/www.organisator.ch\/fr\/wp-json\/wp\/v2\/types\/post"}],"author":[{"embeddable":true,"href":"https:\/\/www.organisator.ch\/fr\/wp-json\/wp\/v2\/users\/4"}],"replies":[{"embeddable":true,"href":"https:\/\/www.organisator.ch\/fr\/wp-json\/wp\/v2\/comments?post=39705"}],"version-history":[{"count":4,"href":"https:\/\/www.organisator.ch\/fr\/wp-json\/wp\/v2\/posts\/39705\/revisions"}],"predecessor-version":[{"id":39763,"href":"https:\/\/www.organisator.ch\/fr\/wp-json\/wp\/v2\/posts\/39705\/revisions\/39763"}],"wp:featuredmedia":[{"embeddable":true,"href":"https:\/\/www.organisator.ch\/fr\/wp-json\/wp\/v2\/media\/39708"}],"wp:attachment":[{"href":"https:\/\/www.organisator.ch\/fr\/wp-json\/wp\/v2\/media?parent=39705"}],"wp:term":[{"taxonomy":"category","embeddable":true,"href":"https:\/\/www.organisator.ch\/fr\/wp-json\/wp\/v2\/categories?post=39705"},{"taxonomy":"post_tag","embeddable":true,"href":"https:\/\/www.organisator.ch\/fr\/wp-json\/wp\/v2\/tags?post=39705"}],"curies":[{"name":"wp","href":"https:\/\/api.w.org\/{rel}","templated":true}]}}